{"id":234105,"date":"2026-04-29T15:25:00","date_gmt":"2026-04-29T18:25:00","guid":{"rendered":"https:\/\/www.correiobraziliense.com.br\/cbradar\/?p=234105"},"modified":"2026-04-29T10:21:08","modified_gmt":"2026-04-29T13:21:08","slug":"a-praia-eleita-7-vezes-a-melhor-do-mundo-fica-em-um-arquipelago-vulcanico-no-meio-do-atlantico-e-e-brasileira","status":"publish","type":"post","link":"https:\/\/www.correiobraziliense.com.br\/cbradar\/a-praia-eleita-7-vezes-a-melhor-do-mundo-fica-em-um-arquipelago-vulcanico-no-meio-do-atlantico-e-e-brasileira\/","title":{"rendered":"A praia eleita 7 vezes a melhor do mundo fica em um arquip\u00e9lago vulc\u00e2nico no meio do Atl\u00e2ntico e \u00e9 brasileira"},"content":{"rendered":"\n<p>Patrim\u00f4nio Natural da Humanidade pela <strong>UNESCO<\/strong>, <strong>Fernando de Noronha<\/strong> re\u00fane 21 ilhas em um arquip\u00e9lago vulc\u00e2nico, mar com visibilidade de at\u00e9 50 metros e um sistema de visita\u00e7\u00e3o que limita o n\u00famero de turistas por dia.<\/p>\n\n\n\n<h2 class=\"wp-block-heading\">A Ba\u00eda do Sancho que vence rankings h\u00e1 mais de uma d\u00e9cada<\/h2>\n\n\n\n<p>A <strong>Ba\u00eda do Sancho<\/strong> recebeu o t\u00edtulo de melhor praia do mundo no Travellers&#8217; Choice do <strong>TripAdvisor<\/strong> em 2014, 2015, 2017, 2019, 2020, 2024 e 2025. Nenhuma outra praia brasileira acumula tantas vit\u00f3rias no ranking global, com mais de 8.700 avalia\u00e7\u00f5es cinco estrelas.<\/p>\n\n\n\n<p>O acesso \u00e0 areia exige descer por uma escadaria met\u00e1lica encravada numa fenda vertical entre fal\u00e9sias cobertas de mata nativa. N\u00e3o h\u00e1 quiosques, vendedores ambulantes ou guarda-s\u00f3is para aluguel, e a visita\u00e7\u00e3o di\u00e1ria \u00e9 limitada pelo Instituto Chico Mendes de Conserva\u00e7\u00e3o da Biodiversidade <strong>(<a href=\"https:\/\/www.parnanoronha.com.br\/\" target=\"_blank\" rel=\"noreferrer noopener\">ICMBio<\/a>)<\/strong>.<\/p>\n\n\n<div class=\"wp-block-image\">\n<figure class=\"aligncenter size-large\"><img decoding=\"async\" width=\"1024\" height=\"576\" src=\"https:\/\/www.correiobraziliense.com.br\/cbradar\/wp-content\/uploads\/2025\/06\/Fernando-de-Noronha_1750570559032-1024x576.jpg\" alt=\"A praia eleita 7 vezes a melhor do mundo fica em um arquip\u00e9lago vulc\u00e2nico no meio do Atl\u00e2ntico e \u00e9 brasileira\" class=\"wp-image-57356\" srcset=\"https:\/\/www.correiobraziliense.com.br\/cbradar\/wp-content\/uploads\/2025\/06\/Fernando-de-Noronha_1750570559032-1024x576.jpg 1024w, https:\/\/www.correiobraziliense.com.br\/cbradar\/wp-content\/uploads\/2025\/06\/Fernando-de-Noronha_1750570559032-300x169.jpg 300w, https:\/\/www.correiobraziliense.com.br\/cbradar\/wp-content\/uploads\/2025\/06\/Fernando-de-Noronha_1750570559032-768x432.jpg 768w, https:\/\/www.correiobraziliense.com.br\/cbradar\/wp-content\/uploads\/2025\/06\/Fernando-de-Noronha_1750570559032-750x422.jpg 750w, https:\/\/www.correiobraziliense.com.br\/cbradar\/wp-content\/uploads\/2025\/06\/Fernando-de-Noronha_1750570559032-1140x641.jpg 1140w, https:\/\/www.correiobraziliense.com.br\/cbradar\/wp-content\/uploads\/2025\/06\/Fernando-de-Noronha_1750570559032.jpg 1280w\" sizes=\"(max-width: 1024px) 100vw, 1024px\" \/><figcaption class=\"wp-element-caption\">A ilha possui cerca de 3.000 habitantes e recebe limite di\u00e1rio de 500 turistas para conserva\u00e7\u00e3o ambiental. \/\/ Cr\u00e9ditos: depositphotos.com \/ diegograndi<\/figcaption><\/figure><\/div>\n\n\n<h2 class=\"wp-block-heading\">Mar de Dentro e Mar de Fora: dois lados da mesma ilha<\/h2>\n\n\n\n<p><strong>A geografia da ilha principal, com 17 km\u00b2, divide as praias em dois universos opostos.<\/strong> O Mar de Dentro, voltado para o continente, re\u00fane enseadas calmas. O Mar de Fora, voltado para a \u00c1frica, guarda cen\u00e1rios selvagens e ondas fortes.<\/p>\n\n\n\n<ul class=\"wp-block-list\">\n<li><strong>Ba\u00eda dos Porcos<\/strong>: pequena faixa de areia com vista frontal para o <strong>Morro Dois Irm\u00e3os<\/strong>, cart\u00e3o-postal mais fotografado do arquip\u00e9lago.<\/li>\n\n\n\n<li><strong>Praia do Le\u00e3o<\/strong>: principal ponto de desova da tartaruga-verde entre dezembro e maio, considerada uma das mais bonitas do <strong>Brasil<\/strong>.<\/li>\n\n\n\n<li><strong>Praia do Sueste<\/strong>: \u00fanica ba\u00eda com manguezal em ilhas oce\u00e2nicas do Atl\u00e2ntico Sul, com tartarugas em \u00e1guas rasas para snorkel.<\/li>\n\n\n\n<li><strong>Cacimba do Padre<\/strong>: palco de etapas de campeonatos de surfe entre dezembro e mar\u00e7o, com as ondas que disputaram o Hang Loose Pro Contest.<\/li>\n\n\n\n<li><strong>Praia da Atalaia<\/strong>: piscina natural com acesso restrito a 16 pessoas por hor\u00e1rio, agendamento obrigat\u00f3rio no <strong>ICMBio<\/strong>.<\/li>\n<\/ul>\n\n\n\n<p>Este v\u00eddeo do canal &#8220;Trip Partiu&#8221; oferece um guia completo e detalhado para quem planeja visitar <strong>Fernando de Noronha<\/strong>, abrangendo desde dicas de log\u00edstica at\u00e9 roteiros de passeios e custos.<\/p>\n\n\n\n<figure class=\"wp-block-embed aligncenter is-type-video is-provider-youtube wp-block-embed-youtube wp-embed-aspect-16-9 wp-has-aspect-ratio\"><div class=\"wp-block-embed__wrapper\">\n<div class=\"jeg_video_container jeg_video_content\"><iframe loading=\"lazy\" title=\"FERNANDO DE NORONHA - roteiro completo com DICAS e PRE\u00c7OS\" width=\"500\" height=\"281\" src=\"https:\/\/www.youtube.com\/embed\/bVlo7Wr5gF0?feature=oembed\" frameborder=\"0\" allow=\"accelerometer; autoplay; clipboard-write; encrypted-media; gyroscope; picture-in-picture; web-share\" referrerpolicy=\"strict-origin-when-cross-origin\" allowfullscreen><\/iframe><\/div>\n<\/div><\/figure>\n\n\n\n<h2 class=\"wp-block-heading\">Mergulhar em \u00e1guas com 50 metros de visibilidade<\/h2>\n\n\n\n<p>O arquip\u00e9lago \u00e9 considerado um dos melhores destinos de mergulho do <strong>Atl\u00e2ntico Sul<\/strong>. A temperatura da \u00e1gua fica entre 26\u00b0C e 28\u00b0C o ano inteiro, e a transpar\u00eancia permite enxergar cardumes, tartarugas e tubar\u00f5es em profundidades pouco comuns no Brasil.<\/p>\n\n\n\n<p>Pedras Secas, Caverna da Sapata e os naufr\u00e1gios da Praia do Porto est\u00e3o entre os pontos mais procurados por mergulhadores credenciados. O <strong>Parque Nacional Marinho de Fernando de Noronha<\/strong>, criado em 1988, ocupa 70% do territ\u00f3rio e abriga a maior popula\u00e7\u00e3o residente de golfinhos-rotadores do planeta. As regras e operadoras autorizadas est\u00e3o no portal do <a href=\"https:\/\/www.parnanoronha.com.br\/\" target=\"_blank\" rel=\"noreferrer noopener\"><strong>PARNAMAR<\/strong><\/a>.<\/p>\n\n\n\n<h2 class=\"wp-block-heading\">O que reserva o passado de pres\u00eddio e fortaleza?<\/h2>\n\n\n\n<p><strong>Antes de virar santu\u00e1rio ecol\u00f3gico, o arquip\u00e9lago passou quase 300 anos como pres\u00eddio e fortaleza militar. <\/strong>As constru\u00e7\u00f5es hist\u00f3ricas est\u00e3o tombadas pelo <strong>Instituto do Patrim\u00f4nio Hist\u00f3rico e Art\u00edstico Nacional (IPHAN)<\/strong> desde 2017.<\/p>\n\n\n\n<p>O <strong>Forte de Nossa Senhora dos Rem\u00e9dios<\/strong>, do s\u00e9culo XVIII, integra o maior sistema fortificado do Brasil colonial. O navegador <strong>Charles Darwin<\/strong> passou pela ilha em 1832, atra\u00eddo pela biodiversidade, e ainda h\u00e1 vest\u00edgios da base militar usada por tropas americanas na <strong>Segunda Guerra Mundial<\/strong>. As ru\u00ednas do forte s\u00e3o o ponto mais disputado da ilha ao p\u00f4r do sol.<\/p>\n\n\n\n<h2 class=\"wp-block-heading\">Como funcionam as taxas e o controle de visita\u00e7\u00e3o?<\/h2>\n\n\n\n<p><strong>Quem desembarca em Noronha paga duas cobran\u00e7as obrigat\u00f3rias para circular pelo arquip\u00e9lago.<\/strong> As regras protegem o ecossistema e est\u00e3o entre as mais rigorosas do Brasil para um destino tur\u00edstico.<\/p>\n\n\n\n<ul class=\"wp-block-list\">\n<li><strong>Taxa de Preserva\u00e7\u00e3o Ambiental (TPA)<\/strong>: cobrada por dia de perman\u00eancia, recolhida pelo Governo de <strong>Pernambuco<\/strong>. O valor sobe progressivamente conforme a estadia.<\/li>\n\n\n\n<li><strong>Ingresso do Parque Nacional Marinho<\/strong>: vale por 10 dias, d\u00e1 acesso \u00e0s praias do parque (Sancho, Sueste, Le\u00e3o, Ba\u00eda dos Porcos) e pode ser comprado online.<\/li>\n\n\n\n<li><strong>Trilhas controladas<\/strong>: as cinco trilhas dentro do parque exigem agendamento pr\u00e9vio com seis dias de anteced\u00eancia, com vagas que esgotam em uma hora.<\/li>\n\n\n\n<li><strong>Guias certificados<\/strong>: piscinas naturais e trilhas longas exigem guia credenciado pelo <strong>ICMBio<\/strong>, que tamb\u00e9m controla a quantidade de visitantes simult\u00e2neos.<\/li>\n<\/ul>\n\n\n<div class=\"wp-block-image\">\n<figure class=\"aligncenter size-large\"><img decoding=\"async\" width=\"1024\" height=\"576\" src=\"https:\/\/www.correiobraziliense.com.br\/cbradar\/wp-content\/uploads\/2025\/02\/Fernando-de-Noronha_1739517635155-1024x576.jpg\" alt=\"Ap\u00f3s 235 anos como pris\u00e3o, a ilha hoje abriga uma praia eleita a melhor do mundo, com \u00e1guas cristalinas e natureza preservada\" class=\"wp-image-2707\" srcset=\"https:\/\/www.correiobraziliense.com.br\/cbradar\/wp-content\/uploads\/2025\/02\/Fernando-de-Noronha_1739517635155-1024x576.jpg 1024w, https:\/\/www.correiobraziliense.com.br\/cbradar\/wp-content\/uploads\/2025\/02\/Fernando-de-Noronha_1739517635155-300x169.jpg 300w, https:\/\/www.correiobraziliense.com.br\/cbradar\/wp-content\/uploads\/2025\/02\/Fernando-de-Noronha_1739517635155-768x432.jpg 768w, https:\/\/www.correiobraziliense.com.br\/cbradar\/wp-content\/uploads\/2025\/02\/Fernando-de-Noronha_1739517635155-750x422.jpg 750w, https:\/\/www.correiobraziliense.com.br\/cbradar\/wp-content\/uploads\/2025\/02\/Fernando-de-Noronha_1739517635155-1140x641.jpg 1140w, https:\/\/www.correiobraziliense.com.br\/cbradar\/wp-content\/uploads\/2025\/02\/Fernando-de-Noronha_1739517635155.jpg 1280w\" sizes=\"(max-width: 1024px) 100vw, 1024px\" \/><figcaption class=\"wp-element-caption\">Conhe\u00e7a Fernando de Noronha, para\u00edso brasileiro com praias exuberantes e natureza preservada. \/\/ Cr\u00e9ditos: depositphotos.com \/ nachosuch<\/figcaption><\/figure><\/div>\n\n\n<p><strong>Leia tamb\u00e9m: <a href=\"https:\/\/www.correiobraziliense.com.br\/cbradar\/a-cidade-de-8-mil-moradores-no-ms-que-esconde-a-maior-cachoeira-do-estado-e-o-maior-rapel-do-pais\/\" target=\"_blank\" rel=\"noreferrer noopener\">A cidade de 8 mil moradores no MS que esconde a maior cachoeira do estado e o maior rapel do pa\u00eds.<\/a><\/strong><\/p>\n\n\n\n<h2 class=\"wp-block-heading\">Qual \u00e9 a melhor \u00e9poca para visitar Noronha?<\/h2>\n\n\n\n<p><strong>O arquip\u00e9lago tem clima tropical oce\u00e2nico com duas esta\u00e7\u00f5es bem definidas. <\/strong>A escolha do m\u00eas muda completamente o tipo de experi\u00eancia dispon\u00edvel.<\/p>\n\n\n\n<style>\n  \/* --- CONTAINER BLINDADO (PADR\u00c3O REGISTRADO) --- *\/\n  .clima-grid-final {\n    font-family: -apple-system, BlinkMacSystemFont, \"Segoe UI\", Roboto, Arial, sans-serif !important;\n    width: 100% !important;\n    max-width: 1200px !important;\n    margin: 20px auto !important;\n    display: grid !important;\n    \/* FOR\u00c7A 4 COLUNAS NO DESKTOP *\/\n    grid-template-columns: repeat(4, 1fr) !important; \n    gap: 15px !important;\n    box-sizing: border-box !important;\n  }\n\n  .clima-grid-final * {\n    box-sizing: border-box !important;\n  }\n\n  \/* --- BLINDAGEM CONTRA ADS E PLUGINS INTRUSOS --- *\/\n  .clima-grid-final > :not(.card-clima) {\n    display: none !important;\n    width: 0 !important;\n    height: 0 !important;\n    opacity: 0 !important;\n  }\n\n  \/* --- CARD AZUL --- *\/\n  .card-clima {\n    background: #ffffff !important;\n    border: 1px solid #e3f2fd !important;\n    border-radius: 20px !important;\n    padding: 20px 10px !important;\n    text-align: center !important;\n    display: flex !important;\n    flex-direction: column !important;\n    align-items: center !important;\n    box-shadow: 0 4px 10px rgba(13, 71, 161, 0.05) !important;\n    min-width: 0 !important; \n    transition: transform 0.2s ease !important;\n    overflow: hidden !important;\n    height: 100% !important;\n  }\n\n  .card-clima:hover {\n    transform: translateY(-5px) !important;\n    border-color: #90caf9 !important;\n  }\n\n  \/* --- CONTE\u00daDO --- *\/\n  .estacao-nome { \n    font-size: 14px !important; \n    font-weight: 800 !important; \n    color: #0d47a1 !important; \n    text-transform: uppercase !important; \n    margin: 0 0 5px 0 !important; \n  }\n  \n  .estacao-meses { \n    font-size: 10px !important; \n    font-weight: 700 !important; \n    color: #1565c0 !important; \n    text-transform: uppercase !important; \n    margin-bottom: 15px !important; \n    display: block !important;\n  }\n  \n  .temp-valor { \n    font-size: 24px !important; \n    font-weight: 800 !important; \n    color: #01579b !important; \n    line-height: 1.1 !important; \n    margin: 0 !important;\n  }\n  \n  .temp-label { \n    font-size: 9px !important; \n    font-weight: 600 !important; \n    color: #0288d1 !important; \n    text-transform: uppercase !important; \n    margin-bottom: 15px !important; \n    display: block !important;\n  }\n  \n  .clima-desc { \n    font-size: 12px !important; \n    line-height: 1.4 !important; \n    color: #37474f !important; \n    margin-bottom: 15px !important; \n    flex-grow: 1 !important; \n  }\n\n  .tag-status {\n    background-color: #e1f5fe !important;\n    border: 1px solid #b3e5fc !important;\n    color: #0d47a1 !important;\n    padding: 5px 12px !important;\n    border-radius: 20px !important;\n    font-size: 9px !important;\n    font-weight: 800 !important;\n    text-transform: uppercase !important;\n    margin-top: auto !important;\n  }\n\n  \/* --- RESPONSIVIDADE --- *\/\n  @media (max-width: 800px) {\n    .clima-grid-final {\n      grid-template-columns: 1fr !important; \n    }\n    .card-clima {\n      padding: 25px 20px !important;\n    }\n  }\n<\/style>\n\n<div class=\"google-auto-ads-ignore clima-grid-final\">\n  \n  <div class=\"card-clima\">\n    <div class=\"estacao-nome\">\ud83e\udd3f Seca<\/div>\n    <span class=\"estacao-meses\">Ago &#8211; Nov<\/span>\n    <div class=\"temp-valor\">25-29\u00b0C<\/div>\n    <span class=\"temp-label\">M\u00e9dia<\/span>\n    <div class=\"clima-desc\">Com chuvas baixas, o mar atinge seu \u00e1pice de transpar\u00eancia, sendo o per\u00edodo perfeito para <b>mergulho com visibilidade m\u00e1xima<\/b>.<\/div>\n    <div class=\"tag-status\">\ud83d\udc8e Transpar\u00eancia<\/div>\n  <\/div>\n\n  <div class=\"card-clima\">\n    <div class=\"estacao-nome\">\ud83d\udc22 Calmaria<\/div>\n    <span class=\"estacao-meses\">Dez &#8211; Fev<\/span>\n    <div class=\"temp-valor\">26-31\u00b0C<\/div>\n    <span class=\"temp-label\">M\u00e9dia<\/span>\n    <div class=\"clima-desc\">\u00c9 a \u00e9poca do <b>mar plano no Sancho<\/b>, ideal para snorkel e para acompanhar o in\u00edcio da <b>desova das tartarugas<\/b> marinhas.<\/div>\n    <div class=\"tag-status\">\ud83c\udf05 Tranquilidade<\/div>\n  <\/div>\n\n  <div class=\"card-clima\">\n    <div class=\"estacao-nome\">\u2614 Chuvosa<\/div>\n    <span class=\"estacao-meses\">Mar &#8211; Mai<\/span>\n    <div class=\"temp-valor\">26-30\u00b0C<\/div>\n    <span class=\"temp-label\">M\u00e9dia<\/span>\n    <div class=\"clima-desc\">O volume de \u00e1gua cria um espet\u00e1culo raro: <b>cachoeiras tempor\u00e1rias<\/b> que despencam diretamente das <b>fal\u00e9sias do Sancho<\/b>.<\/div>\n    <div class=\"tag-status\">\ud83c\udf43 Fen\u00f4meno<\/div>\n  <\/div>\n\n  <div class=\"card-clima\">\n    <div class=\"estacao-nome\">\ud83c\udfc4 Swell<\/div>\n    <span class=\"estacao-meses\">Jun &#8211; Jul<\/span>\n    <div class=\"temp-valor\">25-28\u00b0C<\/div>\n    <span class=\"temp-label\">M\u00e9dia<\/span>\n    <div class=\"clima-desc\">A chegada das grandes ondula\u00e7\u00f5es transforma a ilha, garantindo as melhores condi\u00e7\u00f5es para o <b>surfe na Cacimba do Padre<\/b>.<\/div>\n    <div class=\"tag-status\">\ud83c\udf0a Ondas<\/div>\n  <\/div>\n\n<\/div>\n\n\n\n<p><em>Temperaturas aproximadas com base no <a href=\"https:\/\/www.climatempo.com.br\/previsao-do-tempo\/cidade\/1565\/fernandodenoronha-pe\" target=\"_blank\" rel=\"noreferrer noopener\"><strong>Climatempo<\/strong><\/a>. Condi\u00e7\u00f5es podem variar.<\/em><\/p>\n\n\n\n<h2 class=\"wp-block-heading\">Como chegar \u00e0 Esmeralda do Atl\u00e2ntico?<\/h2>\n\n\n\n<p>O acesso \u00e9 exclusivamente a\u00e9reo para a maioria dos visitantes. Voos diretos partem de <strong>Recife<\/strong> em cerca de 1h10 e de <strong>Natal<\/strong> em cerca de 1h, operados por <strong>Azul<\/strong> e <strong>Voepass<\/strong> at\u00e9 o Aeroporto de Fernando de Noronha. N\u00e3o existe travessia regular por mar.<\/p>\n\n\n\n<h2 class=\"wp-block-heading\">V\u00e1 conhecer a praia que ningu\u00e9m esquece<\/h2>\n\n\n\n<p><strong>Fernando de Noronha cobra caro, limita o n\u00famero de pessoas e exige planejamento.<\/strong> Em troca, entrega um cen\u00e1rio sem barracas, um mar com visibilidade de 50 metros e o privil\u00e9gio de dividir a \u00e1gua com golfinhos que giram no ar antes de mergulhar.<\/p>\n\n\n\n<p>Voc\u00ea precisa atravessar esse peda\u00e7o de oceano e descer a escadaria do Sancho ao menos uma vez para entender por que essa praia ganhou o t\u00edtulo de melhor do mundo sete vezes.<\/p>\n","protected":false},"excerpt":{"rendered":"<p>Patrim\u00f4nio Natural da Humanidade pela UNESCO, Fernando de Noronha re\u00fane 21 ilhas em um arquip\u00e9lago vulc\u00e2nico, mar com visibilidade de at\u00e9 50 metros e um sistema de visita\u00e7\u00e3o que limita o n\u00famero de turistas por dia. A Ba\u00eda do Sancho que vence rankings h\u00e1 mais de uma d\u00e9cada A Ba\u00eda do Sancho recebeu o t\u00edtulo [&hellip;]<\/p>\n","protected":false},"author":8,"featured_media":187169,"comment_status":"open","ping_status":"open","sticky":false,"template":"","format":"standard","meta":{"_yoast_wpseo_focuskw":"arquip\u00e9lago vulc\u00e2nico","_yoast_wpseo_title":"","_yoast_wpseo_metadesc":"Em um arquip\u00e9lago vulc\u00e2nico distante 545 km, mas ainda sim brasileiro, fica a praia considerada 7 vezes a melhor do mundo.","jnews-multi-image_gallery":[],"jnews_single_post":{"format":"standard"},"jnews_primary_category":[],"jnews_social_meta":[],"jnews_override_counter":[],"footnotes":""},"categories":[108,111],"tags":[18083,699],"class_list":["post-234105","post","type-post","status-publish","format-standard","has-post-thumbnail","hentry","category-cidades","category-turismo","tag-baia-do-sancho","tag-fernando-de-noronha"],"yoast_head":"<!-- This site is optimized with the Yoast SEO plugin v24.6 - https:\/\/yoast.com\/wordpress\/plugins\/seo\/ -->\n<title>A praia eleita 7 vezes a melhor do mundo fica em um arquip\u00e9lago vulc\u00e2nico no meio do Atl\u00e2ntico e \u00e9 brasileira - Correio Braziliense - Radar<\/title>\n<meta name=\"description\" content=\"Em um arquip\u00e9lago vulc\u00e2nico distante 545 km, mas ainda sim brasileiro, fica a praia considerada 7 vezes a melhor do mundo.\" \/>\n<meta name=\"robots\" content=\"index, follow, max-snippet:-1, max-image-preview:large, max-video-preview:-1\" \/>\n<link rel=\"canonical\" href=\"https:\/\/www.correiobraziliense.com.br\/cbradar\/a-praia-eleita-7-vezes-a-melhor-do-mundo-fica-em-um-arquipelago-vulcanico-no-meio-do-atlantico-e-e-brasileira\/\" \/>\n<meta property=\"og:locale\" content=\"pt_BR\" \/>\n<meta property=\"og:type\" content=\"article\" \/>\n<meta property=\"og:title\" content=\"A praia eleita 7 vezes a melhor do mundo fica em um arquip\u00e9lago vulc\u00e2nico no meio do Atl\u00e2ntico e \u00e9 brasileira - Correio Braziliense - Radar\" \/>\n<meta property=\"og:description\" content=\"Em um arquip\u00e9lago vulc\u00e2nico distante 545 km, mas ainda sim brasileiro, fica a praia considerada 7 vezes a melhor do mundo.\" \/>\n<meta property=\"og:url\" content=\"https:\/\/www.correiobraziliense.com.br\/cbradar\/a-praia-eleita-7-vezes-a-melhor-do-mundo-fica-em-um-arquipelago-vulcanico-no-meio-do-atlantico-e-e-brasileira\/\" \/>\n<meta property=\"og:site_name\" content=\"Correio Braziliense - Radar\" \/>\n<meta property=\"article:published_time\" content=\"2026-04-29T18:25:00+00:00\" \/>\n<meta property=\"og:image\" content=\"https:\/\/www.correiobraziliense.com.br\/cbradar\/wp-content\/uploads\/2026\/02\/aaa-2026-02-04T033904.760.png\" \/>\n\t<meta property=\"og:image:width\" content=\"1280\" \/>\n\t<meta property=\"og:image:height\" content=\"720\" \/>\n\t<meta property=\"og:image:type\" content=\"image\/png\" \/>\n<meta name=\"author\" content=\"Maura Pereira\" \/>\n<meta name=\"twitter:card\" content=\"summary_large_image\" \/>\n<meta name=\"twitter:label1\" content=\"Escrito por\" \/>\n\t<meta name=\"twitter:data1\" content=\"Maura Pereira\" \/>\n\t<meta name=\"twitter:label2\" content=\"Est. tempo de leitura\" \/>\n\t<meta name=\"twitter:data2\" content=\"7 minutos\" \/>\n<!-- \/ Yoast SEO plugin. -->","yoast_head_json":{"title":"A praia eleita 7 vezes a melhor do mundo fica em um arquip\u00e9lago vulc\u00e2nico no meio do Atl\u00e2ntico e \u00e9 brasileira - Correio Braziliense - Radar","description":"Em um arquip\u00e9lago vulc\u00e2nico distante 545 km, mas ainda sim brasileiro, fica a praia considerada 7 vezes a melhor do mundo.","robots":{"index":"index","follow":"follow","max-snippet":"max-snippet:-1","max-image-preview":"max-image-preview:large","max-video-preview":"max-video-preview:-1"},"canonical":"https:\/\/www.correiobraziliense.com.br\/cbradar\/a-praia-eleita-7-vezes-a-melhor-do-mundo-fica-em-um-arquipelago-vulcanico-no-meio-do-atlantico-e-e-brasileira\/","og_locale":"pt_BR","og_type":"article","og_title":"A praia eleita 7 vezes a melhor do mundo fica em um arquip\u00e9lago vulc\u00e2nico no meio do Atl\u00e2ntico e \u00e9 brasileira - Correio Braziliense - Radar","og_description":"Em um arquip\u00e9lago vulc\u00e2nico distante 545 km, mas ainda sim brasileiro, fica a praia considerada 7 vezes a melhor do mundo.","og_url":"https:\/\/www.correiobraziliense.com.br\/cbradar\/a-praia-eleita-7-vezes-a-melhor-do-mundo-fica-em-um-arquipelago-vulcanico-no-meio-do-atlantico-e-e-brasileira\/","og_site_name":"Correio Braziliense - Radar","article_published_time":"2026-04-29T18:25:00+00:00","og_image":[{"width":1280,"height":720,"url":"https:\/\/www.correiobraziliense.com.br\/cbradar\/wp-content\/uploads\/2026\/02\/aaa-2026-02-04T033904.760.png","type":"image\/png"}],"author":"Maura Pereira","twitter_card":"summary_large_image","twitter_misc":{"Escrito por":"Maura Pereira","Est. tempo de leitura":"7 minutos"},"schema":{"@context":"https:\/\/schema.org","@graph":[{"@type":"WebPage","@id":"https:\/\/www.correiobraziliense.com.br\/cbradar\/a-praia-eleita-7-vezes-a-melhor-do-mundo-fica-em-um-arquipelago-vulcanico-no-meio-do-atlantico-e-e-brasileira\/","url":"https:\/\/www.correiobraziliense.com.br\/cbradar\/a-praia-eleita-7-vezes-a-melhor-do-mundo-fica-em-um-arquipelago-vulcanico-no-meio-do-atlantico-e-e-brasileira\/","name":"A praia eleita 7 vezes a melhor do mundo fica em um arquip\u00e9lago vulc\u00e2nico no meio do Atl\u00e2ntico e \u00e9 brasileira - Correio Braziliense - Radar","isPartOf":{"@id":"https:\/\/www.correiobraziliense.com.br\/cbradar\/#website"},"primaryImageOfPage":{"@id":"https:\/\/www.correiobraziliense.com.br\/cbradar\/a-praia-eleita-7-vezes-a-melhor-do-mundo-fica-em-um-arquipelago-vulcanico-no-meio-do-atlantico-e-e-brasileira\/#primaryimage"},"image":{"@id":"https:\/\/www.correiobraziliense.com.br\/cbradar\/a-praia-eleita-7-vezes-a-melhor-do-mundo-fica-em-um-arquipelago-vulcanico-no-meio-do-atlantico-e-e-brasileira\/#primaryimage"},"thumbnailUrl":"https:\/\/www.correiobraziliense.com.br\/cbradar\/wp-content\/uploads\/2026\/02\/aaa-2026-02-04T033904.760.png","datePublished":"2026-04-29T18:25:00+00:00","author":{"@id":"https:\/\/www.correiobraziliense.com.br\/cbradar\/#\/schema\/person\/4053c651a9bfc785afc6f4cbc9032fd3"},"description":"Em um arquip\u00e9lago vulc\u00e2nico distante 545 km, mas ainda sim brasileiro, fica a praia considerada 7 vezes a melhor do mundo.","breadcrumb":{"@id":"https:\/\/www.correiobraziliense.com.br\/cbradar\/a-praia-eleita-7-vezes-a-melhor-do-mundo-fica-em-um-arquipelago-vulcanico-no-meio-do-atlantico-e-e-brasileira\/#breadcrumb"},"inLanguage":"pt-BR","potentialAction":[{"@type":"ReadAction","target":["https:\/\/www.correiobraziliense.com.br\/cbradar\/a-praia-eleita-7-vezes-a-melhor-do-mundo-fica-em-um-arquipelago-vulcanico-no-meio-do-atlantico-e-e-brasileira\/"]}]},{"@type":"ImageObject","inLanguage":"pt-BR","@id":"https:\/\/www.correiobraziliense.com.br\/cbradar\/a-praia-eleita-7-vezes-a-melhor-do-mundo-fica-em-um-arquipelago-vulcanico-no-meio-do-atlantico-e-e-brasileira\/#primaryimage","url":"https:\/\/www.correiobraziliense.com.br\/cbradar\/wp-content\/uploads\/2026\/02\/aaa-2026-02-04T033904.760.png","contentUrl":"https:\/\/www.correiobraziliense.com.br\/cbradar\/wp-content\/uploads\/2026\/02\/aaa-2026-02-04T033904.760.png","width":1280,"height":720,"caption":"O roteiro em Fernando de Noronha se divide entre as praias do Mar de Dentro, voltadas para o continente e com \u00e1guas mais calmas, e o Mar de Fora, onde a natureza \u00e9 mais selvagem. \/ Imagem Ilustrativa"},{"@type":"BreadcrumbList","@id":"https:\/\/www.correiobraziliense.com.br\/cbradar\/a-praia-eleita-7-vezes-a-melhor-do-mundo-fica-em-um-arquipelago-vulcanico-no-meio-do-atlantico-e-e-brasileira\/#breadcrumb","itemListElement":[{"@type":"ListItem","position":1,"name":"In\u00edcio","item":"https:\/\/www.correiobraziliense.com.br\/cbradar\/"},{"@type":"ListItem","position":2,"name":"A praia eleita 7 vezes a melhor do mundo fica em um arquip\u00e9lago vulc\u00e2nico no meio do Atl\u00e2ntico e \u00e9 brasileira"}]},{"@type":"WebSite","@id":"https:\/\/www.correiobraziliense.com.br\/cbradar\/#website","url":"https:\/\/www.correiobraziliense.com.br\/cbradar\/","name":"Correio Braziliense - Radar","description":"Acompanhe as \u00faltimas not\u00edcias e fique bem informado sobre tudo o que acontece no Brasil e no mundo.","potentialAction":[{"@type":"SearchAction","target":{"@type":"EntryPoint","urlTemplate":"https:\/\/www.correiobraziliense.com.br\/cbradar\/?s={search_term_string}"},"query-input":{"@type":"PropertyValueSpecification","valueRequired":true,"valueName":"search_term_string"}}],"inLanguage":"pt-BR"},{"@type":"Person","@id":"https:\/\/www.correiobraziliense.com.br\/cbradar\/#\/schema\/person\/4053c651a9bfc785afc6f4cbc9032fd3","name":"Maura Pereira","image":{"@type":"ImageObject","inLanguage":"pt-BR","@id":"https:\/\/www.correiobraziliense.com.br\/cbradar\/#\/schema\/person\/image\/","url":"https:\/\/secure.gravatar.com\/avatar\/3effd6bdadfa447f15089c7f7144eaa6?s=96&d=mm&r=g","contentUrl":"https:\/\/secure.gravatar.com\/avatar\/3effd6bdadfa447f15089c7f7144eaa6?s=96&d=mm&r=g","caption":"Maura Pereira"},"sameAs":["https:\/\/www.correiobraziliense.com.br\/"],"url":"https:\/\/www.correiobraziliense.com.br\/cbradar\/author\/mauramyth\/"}]}},"_links":{"self":[{"href":"https:\/\/www.correiobraziliense.com.br\/cbradar\/wp-json\/wp\/v2\/posts\/234105","targetHints":{"allow":["GET"]}}],"collection":[{"href":"https:\/\/www.correiobraziliense.com.br\/cbradar\/wp-json\/wp\/v2\/posts"}],"about":[{"href":"https:\/\/www.correiobraziliense.com.br\/cbradar\/wp-json\/wp\/v2\/types\/post"}],"author":[{"embeddable":true,"href":"https:\/\/www.correiobraziliense.com.br\/cbradar\/wp-json\/wp\/v2\/users\/8"}],"replies":[{"embeddable":true,"href":"https:\/\/www.correiobraziliense.com.br\/cbradar\/wp-json\/wp\/v2\/comments?post=234105"}],"version-history":[{"count":18,"href":"https:\/\/www.correiobraziliense.com.br\/cbradar\/wp-json\/wp\/v2\/posts\/234105\/revisions"}],"predecessor-version":[{"id":234139,"href":"https:\/\/www.correiobraziliense.com.br\/cbradar\/wp-json\/wp\/v2\/posts\/234105\/revisions\/234139"}],"wp:featuredmedia":[{"embeddable":true,"href":"https:\/\/www.correiobraziliense.com.br\/cbradar\/wp-json\/wp\/v2\/media\/187169"}],"wp:attachment":[{"href":"https:\/\/www.correiobraziliense.com.br\/cbradar\/wp-json\/wp\/v2\/media?parent=234105"}],"wp:term":[{"taxonomy":"category","embeddable":true,"href":"https:\/\/www.correiobraziliense.com.br\/cbradar\/wp-json\/wp\/v2\/categories?post=234105"},{"taxonomy":"post_tag","embeddable":true,"href":"https:\/\/www.correiobraziliense.com.br\/cbradar\/wp-json\/wp\/v2\/tags?post=234105"}],"curies":[{"name":"wp","href":"https:\/\/api.w.org\/{rel}","templated":true}]}}