{"id":234106,"date":"2026-04-29T12:45:00","date_gmt":"2026-04-29T15:45:00","guid":{"rendered":"https:\/\/www.correiobraziliense.com.br\/cbradar\/?p=234106"},"modified":"2026-04-29T10:27:35","modified_gmt":"2026-04-29T13:27:35","slug":"a-cidade-colonial-mineira-que-tem-uma-maria-fumaca-funcionando-sem-parar-desde-1881","status":"publish","type":"post","link":"https:\/\/www.correiobraziliense.com.br\/cbradar\/a-cidade-colonial-mineira-que-tem-uma-maria-fumaca-funcionando-sem-parar-desde-1881\/","title":{"rendered":"A cidade colonial mineira que tem uma Maria Fuma\u00e7a funcionando sem parar desde 1881"},"content":{"rendered":"\n<p>A 927 metros de altitude e 190 km de <strong>Belo Horizonte<\/strong>, <strong>Tiradentes<\/strong> \u00e9 uma cidade colonial que guarda um dos centros hist\u00f3ricos mais bem preservados do <strong>Brasil<\/strong>. O conjunto colonial foi tombado pelo <strong>Instituto do Patrim\u00f4nio Hist\u00f3rico e Art\u00edstico Nacional (IPHAN)<\/strong> em <strong>1938<\/strong>, no pr\u00f3prio dia de Tiradentes.<\/p>\n\n\n\n<h2 class=\"wp-block-heading\">O paradoxo de uma cidade que leva o nome de quem nunca a visitou<\/h2>\n\n\n\n<p>O povoado nasceu por volta de <strong>1702<\/strong>, quando bandeirantes paulistas encontraram ouro nas encostas da <strong>Serra de S\u00e3o Jos\u00e9<\/strong>. O arraial virou Vila de S\u00e3o Jos\u00e9 em 1718 e prosperou durante o ciclo do ouro, o que explica as igrejas barrocas erguidas nas d\u00e9cadas seguintes.<\/p>\n\n\n\n<p>Curiosamente, o alferes <strong>Joaquim Jos\u00e9 da Silva Xavier<\/strong> jamais pisou na cidade que hoje carrega seu nome. Nascido na antiga Fazenda do Pombal, entre os atuais munic\u00edpios de Rit\u00e1polis e S\u00e3o Jos\u00e9 del-Rei, ele cresceu longe dali. S\u00f3 em 6 de dezembro de <strong>1889<\/strong>, logo ap\u00f3s a Proclama\u00e7\u00e3o da Rep\u00fablica, o lugar foi rebatizado por decreto estadual como gesto de homenagem ao m\u00e1rtir.<\/p>\n\n\n\n<p>O esgotamento das minas no fim do s\u00e9culo XVIII esvaziou a vila e congelou o tra\u00e7ado urbano por quase 200 anos. Foi esse abandono que conservou o casario quase intacto at\u00e9 o <a href=\"http:\/\/portal.iphan.gov.br\/pagina\/detalhes\/1297\" target=\"_blank\" rel=\"noreferrer noopener\"><strong>tombamento pelo IPHAN<\/strong><\/a>.<\/p>\n\n\n<div class=\"wp-block-image\">\n<figure class=\"aligncenter size-full\"><img decoding=\"async\" width=\"1280\" height=\"720\" src=\"https:\/\/www.correiobraziliense.com.br\/cbradar\/wp-content\/uploads\/2026\/03\/Tiradentes_1773639455001.jpg\" alt=\"\" class=\"wp-image-209189\" srcset=\"https:\/\/www.correiobraziliense.com.br\/cbradar\/wp-content\/uploads\/2026\/03\/Tiradentes_1773639455001.jpg 1280w, https:\/\/www.correiobraziliense.com.br\/cbradar\/wp-content\/uploads\/2026\/03\/Tiradentes_1773639455001-300x169.jpg 300w, https:\/\/www.correiobraziliense.com.br\/cbradar\/wp-content\/uploads\/2026\/03\/Tiradentes_1773639455001-768x432.jpg 768w, https:\/\/www.correiobraziliense.com.br\/cbradar\/wp-content\/uploads\/2026\/03\/Tiradentes_1773639455001-750x422.jpg 750w, https:\/\/www.correiobraziliense.com.br\/cbradar\/wp-content\/uploads\/2026\/03\/Tiradentes_1773639455001-1140x641.jpg 1140w\" sizes=\"(max-width: 1280px) 100vw, 1280px\" \/><figcaption class=\"wp-element-caption\">Tiradentes prova que preservar o passado pode ser o melhor investimento para o futuro. \/ Cr\u00e9ditos: depositphotos.com \/ Ukrolenochka<\/figcaption><\/figure><\/div>\n\n\n<h2 class=\"wp-block-heading\">O que fazer no centro hist\u00f3rico tombado pelo IPHAN?<\/h2>\n\n\n\n<p><strong>A cidade cabe a p\u00e9 em poucas horas, mas o ritmo de Tiradentes pede calma.<\/strong> Carros ficam estacionados na entrada do centro nos fins de semana, para proteger o cal\u00e7amento original do s\u00e9culo XVIII.<\/p>\n\n\n\n<ul class=\"wp-block-list\">\n<li><strong>Igreja Matriz de Santo Ant\u00f4nio<\/strong>: considerada um dos maiores exemplares do barroco mineiro, com fachada atribu\u00edda ao <strong>Aleijadinho<\/strong>, talha dourada na nave e rel\u00f3gio de sol em pedra-sab\u00e3o de 1785.<\/li>\n\n\n\n<li><strong>Museu Casa Padre Toledo<\/strong>: solar onde se reuniam os inconfidentes, com tetos pintados em rococ\u00f3 e tradi\u00e7\u00e3o oral de t\u00fanel secreto de fuga.<\/li>\n\n\n\n<li><strong>Chafariz de S\u00e3o Jos\u00e9<\/strong>: constru\u00eddo em 1749, tem similaridade com fachada de igreja e ainda jorra \u00e1gua pelas tr\u00eas bicas originais.<\/li>\n\n\n\n<li><strong>Igreja de Nossa Senhora do Ros\u00e1rio<\/strong>: erguida em 1708 e frequentada pelos escravizados durante o per\u00edodo colonial.<\/li>\n\n\n\n<li><strong>Largo das Forras<\/strong>: pra\u00e7a central arborizada com feira de artesanato e vista privilegiada para a Serra de S\u00e3o Jos\u00e9.<\/li>\n<\/ul>\n\n\n\n<p>Este v\u00eddeo do canal &#8220;Tesouros do Brasil&#8221; apresenta um roteiro completo de fim de semana em <strong>Tiradentes<\/strong>, Minas Gerais, com foco em gastronomia, hist\u00f3ria e dicas pr\u00e1ticas de viagem.<\/p>\n\n\n\n<figure class=\"wp-block-embed aligncenter is-type-video is-provider-youtube wp-block-embed-youtube wp-embed-aspect-16-9 wp-has-aspect-ratio\"><div class=\"wp-block-embed__wrapper\">\n<div class=\"jeg_video_container jeg_video_content\"><iframe loading=\"lazy\" title=\"TIRADENTES (MG) O QUE FAZER EM DOIS DIAS | passeios, restaurantes, lojas, semana criativa...\" width=\"500\" height=\"281\" src=\"https:\/\/www.youtube.com\/embed\/Blqit1ZS9bk?feature=oembed\" frameborder=\"0\" allow=\"accelerometer; autoplay; clipboard-write; encrypted-media; gyroscope; picture-in-picture; web-share\" referrerpolicy=\"strict-origin-when-cross-origin\" allowfullscreen><\/iframe><\/div>\n<\/div><\/figure>\n\n\n\n<h2 class=\"wp-block-heading\">O passeio de trem mais antigo do Brasil em opera\u00e7\u00e3o<\/h2>\n\n\n\n<p>A locomotiva a vapor da antiga <strong>Estrada de Ferro Oeste de Minas<\/strong> foi inaugurada em <strong>1881<\/strong> com a presen\u00e7a de <strong>Dom Pedro II<\/strong> e nunca parou de operar desde ent\u00e3o. Os 12 km entre Tiradentes e <strong>S\u00e3o Jo\u00e3o del-Rei<\/strong> s\u00e3o percorridos em cerca de 35 a 40 minutos, em trilhos de bitola de 76 cm, uma das mais estreitas do mundo em funcionamento.<\/p>\n\n\n\n<p>O trem passa por trechos de <strong>Mata Atl\u00e2ntica<\/strong> e <strong>Cerrado<\/strong>, e a esta\u00e7\u00e3o de Tiradentes ainda mant\u00e9m a rotunda manual usada para girar a locomotiva. As composi\u00e7\u00f5es circulam principalmente de sexta a domingo. Quem senta do lado direito do vag\u00e3o observa melhor a paisagem.<\/p>\n\n\n\n<h2 class=\"wp-block-heading\">Os festivais que movimentam a vila colonial o ano todo<\/h2>\n\n\n\n<p>Tiradentes respira cultura em v\u00e1rios momentos do calend\u00e1rio. A serra emoldura pra\u00e7as que viram palco a c\u00e9u aberto.<\/p>\n\n\n\n<ul class=\"wp-block-list\">\n<li><strong>Mostra de Cinema de Tiradentes<\/strong>: realizada em janeiro desde 1998, exibe curtas e longas-metragens brasileiros independentes.<\/li>\n\n\n\n<li><strong>Festival Cultura e Gastronomia de Tiradentes<\/strong>: criado em 1998 pela Plataforma Fartura, foi inclu\u00eddo pela revista Cond\u00e9 Nast Traveller em dezembro de 2025 entre os melhores lugares para comer no mundo em 2026.<\/li>\n\n\n\n<li><strong>Foto em Pauta<\/strong>: festival de fotografia que ocorre desde 2004, com workshops, exposi\u00e7\u00f5es e debates.<\/li>\n\n\n\n<li><strong>Semana Santa<\/strong>: tradi\u00e7\u00e3o religiosa com prociss\u00f5es e tapetes de serragem nas ruas de pedra.<\/li>\n<\/ul>\n\n\n<div class=\"wp-block-image\">\n<figure class=\"aligncenter size-large\"><img decoding=\"async\" width=\"1024\" height=\"576\" src=\"https:\/\/www.correiobraziliense.com.br\/cbradar\/wp-content\/uploads\/2025\/04\/Edicoes-51-1024x576.png\" alt=\"A cidade hist\u00f3rica conhecida por transportar seus visitantes ao passado com sua beleza colonial\" class=\"wp-image-23970\" srcset=\"https:\/\/www.correiobraziliense.com.br\/cbradar\/wp-content\/uploads\/2025\/04\/Edicoes-51-1024x576.png 1024w, https:\/\/www.correiobraziliense.com.br\/cbradar\/wp-content\/uploads\/2025\/04\/Edicoes-51-300x169.png 300w, https:\/\/www.correiobraziliense.com.br\/cbradar\/wp-content\/uploads\/2025\/04\/Edicoes-51-768x432.png 768w, https:\/\/www.correiobraziliense.com.br\/cbradar\/wp-content\/uploads\/2025\/04\/Edicoes-51-750x422.png 750w, https:\/\/www.correiobraziliense.com.br\/cbradar\/wp-content\/uploads\/2025\/04\/Edicoes-51-1140x641.png 1140w, https:\/\/www.correiobraziliense.com.br\/cbradar\/wp-content\/uploads\/2025\/04\/Edicoes-51.png 1280w\" sizes=\"(max-width: 1024px) 100vw, 1024px\" \/><figcaption class=\"wp-element-caption\">Pequena cidade com foco em turismo de alto impacto, infraestrutura hoteleira em desenvolvimento e conserva\u00e7\u00e3o de seu conjunto arquitet\u00f4nico. \/\/ Reprodu\u00e7\u00e3o: Wikimedia Commons<\/figcaption><\/figure><\/div>\n\n\n<p><strong>Leia tamb\u00e9m: <a href=\"https:\/\/www.correiobraziliense.com.br\/cbradar\/a-cidade-de-8-mil-moradores-no-ms-que-esconde-a-maior-cachoeira-do-estado-e-o-maior-rapel-do-pais\/\" target=\"_blank\" rel=\"noreferrer noopener\">A cidade de 8 mil moradores no MS que esconde a maior cachoeira do estado e o maior rapel do pa\u00eds.<\/a><\/strong><\/p>\n\n\n\n<h2 class=\"wp-block-heading\">Onde comer a melhor cozinha mineira em casar\u00f5es coloniais<\/h2>\n\n\n\n<p><strong>A culin\u00e1ria de Tiradentes vai do tropeiro de fog\u00e3o a lenha \u00e0 alta gastronomia premiada.<\/strong> Restaurantes funcionam em sobrados centen\u00e1rios e disputam a aten\u00e7\u00e3o dos visitantes.<\/p>\n\n\n\n<ul class=\"wp-block-list\">\n<li><strong>Tragaluz<\/strong>: comandado pelo chef Felipe Rameh, ocupa um casar\u00e3o de quase 300 anos e une ingredientes mineiros \u00e0 t\u00e9cnica internacional.<\/li>\n\n\n\n<li><strong>Feij\u00e3o tropeiro<\/strong>: prato ic\u00f4nico da rota dos antigos tropeiros, com feij\u00e3o, torresmo, lingui\u00e7a e couve, servido em quase toda esquina.<\/li>\n\n\n\n<li><strong>Frango com quiabo<\/strong>: cl\u00e1ssico mineiro acompanhado de angu de milho, presente em restaurantes de fog\u00e3o a lenha.<\/li>\n\n\n\n<li><strong>Queijo da Serra da Canastra<\/strong>: protagonista das t\u00e1buas e dos pratos t\u00edpicos da regi\u00e3o.<\/li>\n\n\n\n<li><strong>Doces caseiros<\/strong>: goiabada casc\u00e3o, doce de leite e compotas de figo aparecem nas vitrines do centro.<\/li>\n<\/ul>\n\n\n\n<h2 class=\"wp-block-heading\">Quando o clima favorece o passeio pela cidade colonial?<\/h2>\n\n\n\n<p><strong>A altitude de 927 metros garante noites frescas mesmo no ver\u00e3o. <\/strong>O inverno seco \u00e9 a alta temporada, com festivais concentrados entre junho e setembro.<\/p>\n\n\n\n<style>\n  \/* --- CONTAINER BLINDADO (PADR\u00c3O REGISTRADO) --- *\/\n  .clima-grid-final {\n    font-family: -apple-system, BlinkMacSystemFont, \"Segoe UI\", Roboto, Arial, sans-serif !important;\n    width: 100% !important;\n    max-width: 1200px !important;\n    margin: 20px auto !important;\n    display: grid !important;\n    \/* FOR\u00c7A 4 COLUNAS NO DESKTOP *\/\n    grid-template-columns: repeat(4, 1fr) !important; \n    gap: 15px !important;\n    box-sizing: border-box !important;\n  }\n\n  .clima-grid-final * {\n    box-sizing: border-box !important;\n  }\n\n  \/* --- BLINDAGEM CONTRA ADS E PLUGINS INTRUSOS --- *\/\n  .clima-grid-final > :not(.card-clima) {\n    display: none !important;\n    width: 0 !important;\n    height: 0 !important;\n    opacity: 0 !important;\n  }\n\n  \/* --- CARD PRETO B\u00c1SICO (FUNDO BRANCO) --- *\/\n  .card-clima {\n    background: #ffffff !important;\n    border: 1px solid #e0e0e0 !important;\n    border-radius: 20px !important;\n    padding: 20px 10px !important;\n    text-align: center !important;\n    display: flex !important;\n    flex-direction: column !important;\n    align-items: center !important;\n    box-shadow: 0 4px 10px rgba(0, 0, 0, 0.05) !important;\n    min-width: 0 !important; \n    transition: transform 0.2s ease !important;\n    overflow: hidden !important;\n    height: 100% !important;\n  }\n\n  .card-clima:hover {\n    transform: translateY(-5px) !important;\n    border-color: #000000 !important;\n  }\n\n  \/* --- CONTE\u00daDO --- *\/\n  .estacao-nome { \n    font-size: 14px !important; \n    font-weight: 800 !important; \n    color: #000000 !important; \n    text-transform: uppercase !important; \n    margin: 0 0 5px 0 !important; \n  }\n  \n  .estacao-meses { \n    font-size: 10px !important; \n    font-weight: 700 !important; \n    color: #444444 !important; \n    text-transform: uppercase !important; \n    margin-bottom: 15px !important; \n    display: block !important;\n  }\n  \n  .temp-valor { \n    font-size: 24px !important; \n    font-weight: 800 !important; \n    color: #000000 !important; \n    line-height: 1.1 !important; \n    margin: 0 !important;\n  }\n  \n  .temp-label { \n    font-size: 9px !important; \n    font-weight: 600 !important; \n    color: #777777 !important; \n    text-transform: uppercase !important; \n    margin-bottom: 15px !important; \n    display: block !important;\n  }\n  \n  .clima-desc { \n    font-size: 12px !important; \n    line-height: 1.4 !important; \n    color: #333333 !important; \n    margin-bottom: 15px !important; \n    flex-grow: 1 !important; \n  }\n\n  .tag-status {\n    background-color: #f5f5f5 !important;\n    border: 1px solid #d0d0d0 !important;\n    color: #000000 !important;\n    padding: 5px 12px !important;\n    border-radius: 20px !important;\n    font-size: 9px !important;\n    font-weight: 800 !important;\n    text-transform: uppercase !important;\n    margin-top: auto !important;\n  }\n\n  \/* --- RESPONSIVIDADE --- *\/\n  @media (max-width: 800px) {\n    .clima-grid-final {\n      grid-template-columns: 1fr !important; \n    }\n    .card-clima {\n      padding: 25px 20px !important;\n    }\n  }\n<\/style>\n\n<div class=\"google-auto-ads-ignore clima-grid-final\">\n  \n  <div class=\"card-clima\">\n    <div class=\"estacao-nome\">\u2600\ufe0f Ver\u00e3o<\/div>\n    <span class=\"estacao-meses\">Dez &#8211; Fev<\/span>\n    <div class=\"temp-valor\">17-28\u00b0C<\/div>\n    <span class=\"temp-label\">M\u00e9dia<\/span>\n    <div class=\"clima-desc\">Com a chuva em alta, as <b>cachoeiras<\/b> ficam exuberantes, al\u00e9m de ser a temporada da tradicional <b>Mostra de Cinema<\/b>.<\/div>\n    <div class=\"tag-status\">\ud83c\udfac Cinema e \u00c1gua<\/div>\n  <\/div>\n\n  <div class=\"card-clima\">\n    <div class=\"estacao-nome\">\ud83c\udf42 Outono<\/div>\n    <span class=\"estacao-meses\">Mar &#8211; Mai<\/span>\n    <div class=\"temp-valor\">14-26\u00b0C<\/div>\n    <span class=\"temp-label\">M\u00e9dia<\/span>\n    <div class=\"clima-desc\">O tempo come\u00e7a a firmar, criando o cen\u00e1rio perfeito para as <b>trilhas<\/b> e para vivenciar a f\u00e9 na <b>Semana Santa<\/b> hist\u00f3rica.<\/div>\n    <div class=\"tag-status\">\u26ea Tradi\u00e7\u00e3o<\/div>\n  <\/div>\n\n  <div class=\"card-clima\">\n    <div class=\"estacao-nome\">\ud83e\udde3 Inverno<\/div>\n    <span class=\"estacao-meses\">Jun &#8211; Ago<\/span>\n    <div class=\"temp-valor\">10-24\u00b0C<\/div>\n    <span class=\"temp-label\">M\u00e9dia<\/span>\n    <div class=\"clima-desc\">Na esta\u00e7\u00e3o seca, a cidade se aquece com o prestigiado <b>Festival Gastron\u00f4mico<\/b>, atraindo visitantes de todo o pa\u00eds.<\/div>\n    <div class=\"tag-status\">\ud83c\udf77 Gastronomia<\/div>\n  <\/div>\n\n  <div class=\"card-clima\">\n    <div class=\"estacao-nome\">\ud83c\udf38 Primavera<\/div>\n    <span class=\"estacao-meses\">Set &#8211; Nov<\/span>\n    <div class=\"temp-valor\">13-27\u00b0C<\/div>\n    <span class=\"temp-label\">M\u00e9dia<\/span>\n    <div class=\"clima-desc\">A natureza se renova, proporcionando um visual inesquec\u00edvel da <b>Serra de S\u00e3o Jos\u00e9 florida<\/b> e ideal para passeios externos.<\/div>\n    <div class=\"tag-status\">\ud83c\udf3f Natureza<\/div>\n  <\/div>\n\n<\/div>\n\n\n\n<p><em>Temperaturas aproximadas com base no <a href=\"https:\/\/www.climatempo.com.br\/previsao-do-tempo\/cidade\/197\/tiradentes-mg\" target=\"_blank\" rel=\"noreferrer noopener\"><strong>Climatempo<\/strong><\/a>. Condi\u00e7\u00f5es podem variar.<\/em><\/p>\n\n\n\n<h2 class=\"wp-block-heading\">Como chegar \u00e0 cidade colonial mineira?<\/h2>\n\n\n\n<p>De <strong>Belo Horizonte<\/strong>, o caminho mais r\u00e1pido segue pela <strong>BR-040<\/strong> at\u00e9 <strong>Barbacena<\/strong> e depois pela <strong>BR-265<\/strong>, num percurso de cerca de 190 km. Saindo do <strong>Rio de Janeiro<\/strong>, s\u00e3o 310 km pela BR-040. De <strong>S\u00e3o Paulo<\/strong>, o trajeto \u00e9 de 490 km pela <strong>Fern\u00e3o Dias (BR-381)<\/strong>. O aeroporto regular mais pr\u00f3ximo \u00e9 o de Confins, em <strong>Belo Horizonte<\/strong>, a 230 km. Quem chega de \u00f4nibus desembarca em S\u00e3o Jo\u00e3o del-Rei, a 15 km, e segue de t\u00e1xi ou van.<\/p>\n\n\n\n<h2 class=\"wp-block-heading\">A rel\u00edquia colonial de Minas Gerais<\/h2>\n\n\n\n<p>Poucos lugares no <strong>Brasil<\/strong> conseguem reunir tanta hist\u00f3ria num espa\u00e7o t\u00e3o compacto. As ruas de pedra, as igrejas barrocas e a Maria Fuma\u00e7a ainda em opera\u00e7\u00e3o fazem de Tiradentes um museu vivo a c\u00e9u aberto.<\/p>\n\n\n\n<p>Voc\u00ea precisa subir a serra e conhecer Tiradentes para entender por que essa vila mineira virou ref\u00fagio de artistas, chefs e viajantes que buscam o passado a um ritmo bem mais lento.<\/p>\n","protected":false},"excerpt":{"rendered":"<p>A 927 metros de altitude e 190 km de Belo Horizonte, Tiradentes \u00e9 uma cidade colonial que guarda um dos centros hist\u00f3ricos mais bem preservados do Brasil. O conjunto colonial foi tombado pelo Instituto do Patrim\u00f4nio Hist\u00f3rico e Art\u00edstico Nacional (IPHAN) em 1938, no pr\u00f3prio dia de Tiradentes. O paradoxo de uma cidade que leva [&hellip;]<\/p>\n","protected":false},"author":8,"featured_media":209186,"comment_status":"open","ping_status":"open","sticky":false,"template":"","format":"standard","meta":{"_yoast_wpseo_focuskw":"cidade colonial","_yoast_wpseo_title":"","_yoast_wpseo_metadesc":"Uma cidade colonial de Minas Gerais guarda uma Maria-Fuma\u00e7a em funcionamento desde 1881 e atrai visitantes.","jnews-multi-image_gallery":[],"jnews_single_post":{"format":"standard"},"jnews_primary_category":[],"jnews_social_meta":[],"jnews_override_counter":[],"footnotes":""},"categories":[108,111],"tags":[388,2757],"class_list":["post-234106","post","type-post","status-publish","format-standard","has-post-thumbnail","hentry","category-cidades","category-turismo","tag-minas-gerais","tag-tiradentes"],"yoast_head":"<!-- This site is optimized with the Yoast SEO plugin v24.6 - https:\/\/yoast.com\/wordpress\/plugins\/seo\/ -->\n<title>A cidade colonial mineira que tem uma Maria Fuma\u00e7a funcionando sem parar desde 1881 - Correio Braziliense - Radar<\/title>\n<meta name=\"description\" content=\"Uma cidade colonial de Minas Gerais guarda uma Maria-Fuma\u00e7a em funcionamento desde 1881 e atrai visitantes.\" \/>\n<meta name=\"robots\" content=\"index, follow, max-snippet:-1, max-image-preview:large, max-video-preview:-1\" \/>\n<link rel=\"canonical\" href=\"https:\/\/www.correiobraziliense.com.br\/cbradar\/a-cidade-colonial-mineira-que-tem-uma-maria-fumaca-funcionando-sem-parar-desde-1881\/\" \/>\n<meta property=\"og:locale\" content=\"pt_BR\" \/>\n<meta property=\"og:type\" content=\"article\" \/>\n<meta property=\"og:title\" content=\"A cidade colonial mineira que tem uma Maria Fuma\u00e7a funcionando sem parar desde 1881 - Correio Braziliense - Radar\" \/>\n<meta property=\"og:description\" content=\"Uma cidade colonial de Minas Gerais guarda uma Maria-Fuma\u00e7a em funcionamento desde 1881 e atrai visitantes.\" \/>\n<meta property=\"og:url\" content=\"https:\/\/www.correiobraziliense.com.br\/cbradar\/a-cidade-colonial-mineira-que-tem-uma-maria-fumaca-funcionando-sem-parar-desde-1881\/\" \/>\n<meta property=\"og:site_name\" content=\"Correio Braziliense - Radar\" \/>\n<meta property=\"article:published_time\" content=\"2026-04-29T15:45:00+00:00\" \/>\n<meta property=\"og:image\" content=\"https:\/\/www.correiobraziliense.com.br\/cbradar\/wp-content\/uploads\/2026\/03\/Tiradentes_1773639272122.jpg\" \/>\n\t<meta property=\"og:image:width\" content=\"1280\" \/>\n\t<meta property=\"og:image:height\" content=\"720\" \/>\n\t<meta property=\"og:image:type\" content=\"image\/jpeg\" \/>\n<meta name=\"author\" content=\"Maura Pereira\" \/>\n<meta name=\"twitter:card\" content=\"summary_large_image\" \/>\n<meta name=\"twitter:label1\" content=\"Escrito por\" \/>\n\t<meta name=\"twitter:data1\" content=\"Maura Pereira\" \/>\n\t<meta name=\"twitter:label2\" content=\"Est. tempo de leitura\" \/>\n\t<meta name=\"twitter:data2\" content=\"7 minutos\" \/>\n<!-- \/ Yoast SEO plugin. -->","yoast_head_json":{"title":"A cidade colonial mineira que tem uma Maria Fuma\u00e7a funcionando sem parar desde 1881 - Correio Braziliense - Radar","description":"Uma cidade colonial de Minas Gerais guarda uma Maria-Fuma\u00e7a em funcionamento desde 1881 e atrai visitantes.","robots":{"index":"index","follow":"follow","max-snippet":"max-snippet:-1","max-image-preview":"max-image-preview:large","max-video-preview":"max-video-preview:-1"},"canonical":"https:\/\/www.correiobraziliense.com.br\/cbradar\/a-cidade-colonial-mineira-que-tem-uma-maria-fumaca-funcionando-sem-parar-desde-1881\/","og_locale":"pt_BR","og_type":"article","og_title":"A cidade colonial mineira que tem uma Maria Fuma\u00e7a funcionando sem parar desde 1881 - Correio Braziliense - Radar","og_description":"Uma cidade colonial de Minas Gerais guarda uma Maria-Fuma\u00e7a em funcionamento desde 1881 e atrai visitantes.","og_url":"https:\/\/www.correiobraziliense.com.br\/cbradar\/a-cidade-colonial-mineira-que-tem-uma-maria-fumaca-funcionando-sem-parar-desde-1881\/","og_site_name":"Correio Braziliense - Radar","article_published_time":"2026-04-29T15:45:00+00:00","og_image":[{"width":1280,"height":720,"url":"https:\/\/www.correiobraziliense.com.br\/cbradar\/wp-content\/uploads\/2026\/03\/Tiradentes_1773639272122.jpg","type":"image\/jpeg"}],"author":"Maura Pereira","twitter_card":"summary_large_image","twitter_misc":{"Escrito por":"Maura Pereira","Est. tempo de leitura":"7 minutos"},"schema":{"@context":"https:\/\/schema.org","@graph":[{"@type":"WebPage","@id":"https:\/\/www.correiobraziliense.com.br\/cbradar\/a-cidade-colonial-mineira-que-tem-uma-maria-fumaca-funcionando-sem-parar-desde-1881\/","url":"https:\/\/www.correiobraziliense.com.br\/cbradar\/a-cidade-colonial-mineira-que-tem-uma-maria-fumaca-funcionando-sem-parar-desde-1881\/","name":"A cidade colonial mineira que tem uma Maria Fuma\u00e7a funcionando sem parar desde 1881 - Correio Braziliense - Radar","isPartOf":{"@id":"https:\/\/www.correiobraziliense.com.br\/cbradar\/#website"},"primaryImageOfPage":{"@id":"https:\/\/www.correiobraziliense.com.br\/cbradar\/a-cidade-colonial-mineira-que-tem-uma-maria-fumaca-funcionando-sem-parar-desde-1881\/#primaryimage"},"image":{"@id":"https:\/\/www.correiobraziliense.com.br\/cbradar\/a-cidade-colonial-mineira-que-tem-uma-maria-fumaca-funcionando-sem-parar-desde-1881\/#primaryimage"},"thumbnailUrl":"https:\/\/www.correiobraziliense.com.br\/cbradar\/wp-content\/uploads\/2026\/03\/Tiradentes_1773639272122.jpg","datePublished":"2026-04-29T15:45:00+00:00","author":{"@id":"https:\/\/www.correiobraziliense.com.br\/cbradar\/#\/schema\/person\/4053c651a9bfc785afc6f4cbc9032fd3"},"description":"Uma cidade colonial de Minas Gerais guarda uma Maria-Fuma\u00e7a em funcionamento desde 1881 e atrai visitantes.","breadcrumb":{"@id":"https:\/\/www.correiobraziliense.com.br\/cbradar\/a-cidade-colonial-mineira-que-tem-uma-maria-fumaca-funcionando-sem-parar-desde-1881\/#breadcrumb"},"inLanguage":"pt-BR","potentialAction":[{"@type":"ReadAction","target":["https:\/\/www.correiobraziliense.com.br\/cbradar\/a-cidade-colonial-mineira-que-tem-uma-maria-fumaca-funcionando-sem-parar-desde-1881\/"]}]},{"@type":"ImageObject","inLanguage":"pt-BR","@id":"https:\/\/www.correiobraziliense.com.br\/cbradar\/a-cidade-colonial-mineira-que-tem-uma-maria-fumaca-funcionando-sem-parar-desde-1881\/#primaryimage","url":"https:\/\/www.correiobraziliense.com.br\/cbradar\/wp-content\/uploads\/2026\/03\/Tiradentes_1773639272122.jpg","contentUrl":"https:\/\/www.correiobraziliense.com.br\/cbradar\/wp-content\/uploads\/2026\/03\/Tiradentes_1773639272122.jpg","width":1280,"height":720,"caption":"Tiradentes prova que preservar o passado pode ser o melhor investimento para o futuro. \/ Cr\u00e9ditos: depositphotos.com \/ brunomartins246"},{"@type":"BreadcrumbList","@id":"https:\/\/www.correiobraziliense.com.br\/cbradar\/a-cidade-colonial-mineira-que-tem-uma-maria-fumaca-funcionando-sem-parar-desde-1881\/#breadcrumb","itemListElement":[{"@type":"ListItem","position":1,"name":"In\u00edcio","item":"https:\/\/www.correiobraziliense.com.br\/cbradar\/"},{"@type":"ListItem","position":2,"name":"A cidade colonial mineira que tem uma Maria Fuma\u00e7a funcionando sem parar desde 1881"}]},{"@type":"WebSite","@id":"https:\/\/www.correiobraziliense.com.br\/cbradar\/#website","url":"https:\/\/www.correiobraziliense.com.br\/cbradar\/","name":"Correio Braziliense - Radar","description":"Acompanhe as \u00faltimas not\u00edcias e fique bem informado sobre tudo o que acontece no Brasil e no mundo.","potentialAction":[{"@type":"SearchAction","target":{"@type":"EntryPoint","urlTemplate":"https:\/\/www.correiobraziliense.com.br\/cbradar\/?s={search_term_string}"},"query-input":{"@type":"PropertyValueSpecification","valueRequired":true,"valueName":"search_term_string"}}],"inLanguage":"pt-BR"},{"@type":"Person","@id":"https:\/\/www.correiobraziliense.com.br\/cbradar\/#\/schema\/person\/4053c651a9bfc785afc6f4cbc9032fd3","name":"Maura Pereira","image":{"@type":"ImageObject","inLanguage":"pt-BR","@id":"https:\/\/www.correiobraziliense.com.br\/cbradar\/#\/schema\/person\/image\/","url":"https:\/\/secure.gravatar.com\/avatar\/3effd6bdadfa447f15089c7f7144eaa6?s=96&d=mm&r=g","contentUrl":"https:\/\/secure.gravatar.com\/avatar\/3effd6bdadfa447f15089c7f7144eaa6?s=96&d=mm&r=g","caption":"Maura Pereira"},"sameAs":["https:\/\/www.correiobraziliense.com.br\/"],"url":"https:\/\/www.correiobraziliense.com.br\/cbradar\/author\/mauramyth\/"}]}},"_links":{"self":[{"href":"https:\/\/www.correiobraziliense.com.br\/cbradar\/wp-json\/wp\/v2\/posts\/234106","targetHints":{"allow":["GET"]}}],"collection":[{"href":"https:\/\/www.correiobraziliense.com.br\/cbradar\/wp-json\/wp\/v2\/posts"}],"about":[{"href":"https:\/\/www.correiobraziliense.com.br\/cbradar\/wp-json\/wp\/v2\/types\/post"}],"author":[{"embeddable":true,"href":"https:\/\/www.correiobraziliense.com.br\/cbradar\/wp-json\/wp\/v2\/users\/8"}],"replies":[{"embeddable":true,"href":"https:\/\/www.correiobraziliense.com.br\/cbradar\/wp-json\/wp\/v2\/comments?post=234106"}],"version-history":[{"count":10,"href":"https:\/\/www.correiobraziliense.com.br\/cbradar\/wp-json\/wp\/v2\/posts\/234106\/revisions"}],"predecessor-version":[{"id":234153,"href":"https:\/\/www.correiobraziliense.com.br\/cbradar\/wp-json\/wp\/v2\/posts\/234106\/revisions\/234153"}],"wp:featuredmedia":[{"embeddable":true,"href":"https:\/\/www.correiobraziliense.com.br\/cbradar\/wp-json\/wp\/v2\/media\/209186"}],"wp:attachment":[{"href":"https:\/\/www.correiobraziliense.com.br\/cbradar\/wp-json\/wp\/v2\/media?parent=234106"}],"wp:term":[{"taxonomy":"category","embeddable":true,"href":"https:\/\/www.correiobraziliense.com.br\/cbradar\/wp-json\/wp\/v2\/categories?post=234106"},{"taxonomy":"post_tag","embeddable":true,"href":"https:\/\/www.correiobraziliense.com.br\/cbradar\/wp-json\/wp\/v2\/tags?post=234106"}],"curies":[{"name":"wp","href":"https:\/\/api.w.org\/{rel}","templated":true}]}}