{"id":234124,"date":"2026-04-30T03:00:00","date_gmt":"2026-04-30T06:00:00","guid":{"rendered":"https:\/\/www.correiobraziliense.com.br\/cbradar\/?p=234124"},"modified":"2026-04-29T18:11:13","modified_gmt":"2026-04-29T21:11:13","slug":"sao-joao-da-cruz-nos-ensina-que-as-vezes-a-sensacao-de-distancia-de-deus-nao-significa-abandono-mas-uma-etapa-silenciosa-de-amadurecimento-da-fe-que-quase-ninguem-entende-no-comeco","status":"publish","type":"post","link":"https:\/\/www.correiobraziliense.com.br\/cbradar\/sao-joao-da-cruz-nos-ensina-que-as-vezes-a-sensacao-de-distancia-de-deus-nao-significa-abandono-mas-uma-etapa-silenciosa-de-amadurecimento-da-fe-que-quase-ninguem-entende-no-comeco\/","title":{"rendered":"S\u00e3o Jo\u00e3o da Cruz nos ensina que, \u00e0s vezes, a sensa\u00e7\u00e3o de dist\u00e2ncia de Deus n\u00e3o significa abandono, mas uma etapa silenciosa de amadurecimento da f\u00e9 que quase ningu\u00e9m entende no come\u00e7o"},"content":{"rendered":"\n<p>Compreender os ensinamentos de <strong>S\u00e3o Jo\u00e3o da Cruz<\/strong> exige uma percep\u00e7\u00e3o profunda sobre os ciclos naturais da alma humana. Muitas vezes, a aparente aus\u00eancia de consolo sinaliza uma evolu\u00e7\u00e3o silenciosa e necess\u00e1ria para a maturidade. Esse processo, embora doloroso, limpa as percep\u00e7\u00f5es internas e prepara o indiv\u00edduo para uma conex\u00e3o muito mais aut\u00eantica e inabal\u00e1vel.<\/p>\n\n\n\n<h2 class=\"wp-block-heading\">Por que a alma atravessa momentos de aparente deserto?<\/h2>\n\n\n\n<p>A sensa\u00e7\u00e3o de abandono descrita por <strong><a href=\"https:\/\/www.correiobraziliense.com.br\/cbradar\/santa-teresinha-do-menino-jesus-nos-ensina-que-as-vezes-a-ausencia-de-consolo-na-oracao-tambem-e-um-sinal-de-intimidade-com-deus\/\" target=\"_blank\" rel=\"noreferrer noopener\">S\u00e3o Jo\u00e3o da Cruz<\/a><\/strong> funciona como um convite para abandonar as muletas emocionais da religiosidade superficial. Quando as consola\u00e7\u00f5es sens\u00edveis desaparecem, a pessoa \u00e9 for\u00e7ada a buscar o Divino por quem Ele \u00e9, e n\u00e3o pelo prazer que a pr\u00e1tica proporciona. Esse deserto \u00e9, portanto, um <strong>est\u00e1gio de purifica\u00e7\u00e3o ativa e necess\u00e1ria<\/strong>.<\/p>\n\n\n\n<p>Durante essa fase, o sistema nervoso e a psique humana experimentam um esvaziamento das imagens e conceitos limitados sobre a realidade espiritual superior. Sem o ru\u00eddo das emo\u00e7\u00f5es passageiras, a f\u00e9 torna-se um exerc\u00edcio de vontade pura e desinteressada, longe das expectativas infantis de recompensa imediata. O sil\u00eancio atua como um <strong>catalisador para o verdadeiro crescimento interior<\/strong> e amadurecimento.<\/p>\n\n\n\n<figure class=\"wp-block-image size-full\"><img decoding=\"async\" width=\"1280\" height=\"720\" src=\"https:\/\/www.correiobraziliense.com.br\/cbradar\/wp-content\/uploads\/2026\/04\/Gemini_Generated_Image_atm23oatm23oatm2-1-1.png\" alt=\"S\u00e3o Jo\u00e3o da Cruz nos ensina que, \u00e0s vezes, a sensa\u00e7\u00e3o de dist\u00e2ncia de Deus n\u00e3o significa abandono, mas uma etapa silenciosa de amadurecimento da f\u00e9 que quase ningu\u00e9m entende no come\u00e7o\" class=\"wp-image-234132\" srcset=\"https:\/\/www.correiobraziliense.com.br\/cbradar\/wp-content\/uploads\/2026\/04\/Gemini_Generated_Image_atm23oatm23oatm2-1-1.png 1280w, https:\/\/www.correiobraziliense.com.br\/cbradar\/wp-content\/uploads\/2026\/04\/Gemini_Generated_Image_atm23oatm23oatm2-1-1-300x169.png 300w, https:\/\/www.correiobraziliense.com.br\/cbradar\/wp-content\/uploads\/2026\/04\/Gemini_Generated_Image_atm23oatm23oatm2-1-1-768x432.png 768w, https:\/\/www.correiobraziliense.com.br\/cbradar\/wp-content\/uploads\/2026\/04\/Gemini_Generated_Image_atm23oatm23oatm2-1-1-750x422.png 750w, https:\/\/www.correiobraziliense.com.br\/cbradar\/wp-content\/uploads\/2026\/04\/Gemini_Generated_Image_atm23oatm23oatm2-1-1-1140x641.png 1140w\" sizes=\"(max-width: 1280px) 100vw, 1280px\" \/><figcaption class=\"wp-element-caption\">O sil\u00eancio da alma pode ser o in\u00edcio de uma f\u00e9 mais forte e verdadeira<\/figcaption><\/figure>\n\n\n\n<h2 class=\"wp-block-heading\">Como a noite escura fortalece a resili\u00eancia espiritual?<\/h2>\n\n\n\n<p>O conceito da noite escura revela que o crescimento real acontece na obscuridade, onde os sentidos n\u00e3o podem guiar o caminhante. Esse processo remove o orgulho espiritual e a autossufici\u00eancia, ensinando que a for\u00e7a humana \u00e9 insuficiente para atingir a plenitude divina. Ao aceitar a pr\u00f3pria vulnerabilidade, o indiv\u00edduo desenvolve uma <strong>resili\u00eancia emocional capaz de suportar grandes crises<\/strong> existenciais.<\/p>\n\n\n\n<p>Atravessar esse per\u00edodo silencioso exige paci\u00eancia para lidar com a falta de clareza sobre os pr\u00f3ximos passos da jornada \u00edntima. A alma aprende a caminhar apenas pela confian\u00e7a, sem a necessidade de sinais vis\u00edveis ou aprova\u00e7\u00f5es constantes do ambiente ao redor. Essa estabilidade interna \u00e9 o que diferencia os iniciantes dos que atingiram uma <strong>maturidade espiritual s\u00f3lida e duradoura<\/strong>.<\/p>\n\n\n\n<h2 class=\"wp-block-heading\">Quais as caracter\u00edsticas dessa transi\u00e7\u00e3o para uma f\u00e9 madura?<\/h2>\n\n\n\n<p>Perceber que a dist\u00e2ncia sentida \u00e9 um sinal de progresso exige um olhar atento aos novos h\u00e1bitos mentais que surgem silenciosamente. Muitas vezes, o que parece ser um retrocesso \u00e9, na verdade, um aprofundamento das ra\u00edzes da alma em dire\u00e7\u00e3o ao mist\u00e9rio. <\/p>\n\n\n\n<p><strong>Observe agora estes elementos fundamentais para entender o amadurecimento durante os per\u00edodos de aridez e sil\u00eancio:<\/strong><\/p>\n\n\n\n<ul class=\"wp-block-list\">\n<li>Diminui\u00e7\u00e3o do interesse por gratifica\u00e7\u00f5es sensoriais r\u00e1pidas.<\/li>\n\n\n\n<li>Aumento da paci\u00eancia diante de situa\u00e7\u00f5es adversas.<\/li>\n\n\n\n<li>Persist\u00eancia na pr\u00e1tica mesmo sem entusiasmo emocional.<\/li>\n\n\n\n<li>Surgimento de um senso de paz em meio ao vazio.<\/li>\n\n\n\n<li>Maior empatia com o sofrimento e ang\u00fastia alheia.<\/li>\n<\/ul>\n\n\n\n<h2 class=\"wp-block-heading\">\u00c9 poss\u00edvel encontrar seguran\u00e7a quando n\u00e3o h\u00e1 respostas claras?<\/h2>\n\n\n\n<p>A seguran\u00e7a espiritual n\u00e3o reside na certeza intelectual ou na euforia passageira, mas na fidelidade aos valores fundamentais da exist\u00eancia. <strong>S\u00e3o Jo\u00e3o da Cruz<\/strong> enfatizava que a luz brilha mais intensamente para quem aprendeu a enxergar atrav\u00e9s da escurid\u00e3o absoluta do ser. Encontrar repouso no desconhecido \u00e9 o <strong>\u00faltimo est\u00e1gio da liberta\u00e7\u00e3o dos medos<\/strong> que paralisam a alma.<\/p>\n\n\n\n<p>Manter a rotina de recolhimento, mesmo quando tudo parece sem sentido, protege a integridade da psique contra o desespero e a amargura. Esse compromisso silencioso com a verdade interior atua como uma \u00e2ncora em meio \u00e0s tempestades da vida moderna. Aceitar o sil\u00eancio \u00e9 a <strong>maior demonstra\u00e7\u00e3o de coragem que um ser humano pode oferecer<\/strong> em sua caminhada.<\/p>\n\n\n\n<figure class=\"wp-block-image size-full\"><img decoding=\"async\" width=\"1280\" height=\"720\" src=\"https:\/\/www.correiobraziliense.com.br\/cbradar\/wp-content\/uploads\/2026\/04\/Gemini_Generated_Image_czk8g4czk8g4czk8-1-1.png\" alt=\"S\u00e3o Jo\u00e3o da Cruz nos ensina que, \u00e0s vezes, a sensa\u00e7\u00e3o de dist\u00e2ncia de Deus n\u00e3o significa abandono, mas uma etapa silenciosa de amadurecimento da f\u00e9 que quase ningu\u00e9m entende no come\u00e7o\" class=\"wp-image-234134\" srcset=\"https:\/\/www.correiobraziliense.com.br\/cbradar\/wp-content\/uploads\/2026\/04\/Gemini_Generated_Image_czk8g4czk8g4czk8-1-1.png 1280w, https:\/\/www.correiobraziliense.com.br\/cbradar\/wp-content\/uploads\/2026\/04\/Gemini_Generated_Image_czk8g4czk8g4czk8-1-1-300x169.png 300w, https:\/\/www.correiobraziliense.com.br\/cbradar\/wp-content\/uploads\/2026\/04\/Gemini_Generated_Image_czk8g4czk8g4czk8-1-1-768x432.png 768w, https:\/\/www.correiobraziliense.com.br\/cbradar\/wp-content\/uploads\/2026\/04\/Gemini_Generated_Image_czk8g4czk8g4czk8-1-1-750x422.png 750w, https:\/\/www.correiobraziliense.com.br\/cbradar\/wp-content\/uploads\/2026\/04\/Gemini_Generated_Image_czk8g4czk8g4czk8-1-1-1140x641.png 1140w\" sizes=\"(max-width: 1280px) 100vw, 1280px\" \/><figcaption class=\"wp-element-caption\">O sil\u00eancio da alma pode ser o in\u00edcio de uma f\u00e9 mais forte e verdadeira<\/figcaption><\/figure>\n\n\n\n<h2 class=\"wp-block-heading\">O que os mestres da espiritualidade ensinam sobre a uni\u00e3o?<\/h2>\n\n\n\n<p>A tradi\u00e7\u00e3o m\u00edstica sugere que a uni\u00e3o com o Absoluto ocorre apenas ap\u00f3s o despojamento total de todas as formas e desejos ego\u00edstas. Esse desapego n\u00e3o \u00e9 uma nega\u00e7\u00e3o da vida, mas uma integra\u00e7\u00e3o plena e consciente com a realidade \u00faltima do universo. Seguir os passos de <strong>S\u00e3o Jo\u00e3o da Cruz<\/strong> permite que a alma alcance uma liberdade interior absoluta e inabal\u00e1vel.<\/p>\n\n\n\n<p>Institui\u00e7\u00f5es dedicadas ao estudo do misticismo cl\u00e1ssico oferecem recursos valiosos para quem deseja aprofundar-se nos escritos deste doutor da igreja. Para explorar o contexto hist\u00f3rico e as obras completas de <strong>S\u00e3o Jo\u00e3o da Cruz<\/strong>, consulte o portal oficial dos <strong><a href=\"https:\/\/carmelitas.org.br\/sao-joao-da-cruz-e-o-caminho-da-noite-escura\/\" target=\"_blank\" rel=\"noreferrer noopener\">Carmelitas Descal\u00e7os<\/a><\/strong>. Estudar essas fontes de autoridade mundial \u00e9 a <strong>estrat\u00e9gia ideal para transformar sua percep\u00e7\u00e3o espiritual<\/strong> e amadurecer.<\/p>\n","protected":false},"excerpt":{"rendered":"<p>Compreender os ensinamentos de S\u00e3o Jo\u00e3o da Cruz exige uma percep\u00e7\u00e3o profunda sobre os ciclos naturais da alma humana. Muitas vezes, a aparente aus\u00eancia de consolo sinaliza uma evolu\u00e7\u00e3o silenciosa e necess\u00e1ria para a maturidade. Esse processo, embora doloroso, limpa as percep\u00e7\u00f5es internas e prepara o indiv\u00edduo para uma conex\u00e3o muito mais aut\u00eantica e inabal\u00e1vel. [&hellip;]<\/p>\n","protected":false},"author":21,"featured_media":234131,"comment_status":"open","ping_status":"open","sticky":false,"template":"","format":"standard","meta":{"_yoast_wpseo_focuskw":"noite escura da alma e crescimento espiritual","_yoast_wpseo_title":"","_yoast_wpseo_metadesc":"A noite escura da alma n\u00e3o \u00e9 abandono. S\u00e3o Jo\u00e3o da Cruz mostra como o sil\u00eancio pode fortalecer a f\u00e9 e a maturidade espiritual.","jnews-multi-image_gallery":[],"jnews_single_post":{"format":"standard"},"jnews_primary_category":[],"jnews_social_meta":[],"jnews_override_counter":[],"footnotes":""},"categories":[112],"tags":[],"class_list":["post-234124","post","type-post","status-publish","format-standard","has-post-thumbnail","hentry","category-curiosidades"],"yoast_head":"<!-- This site is optimized with the Yoast SEO plugin v24.6 - https:\/\/yoast.com\/wordpress\/plugins\/seo\/ -->\n<title>S\u00e3o Jo\u00e3o da Cruz nos ensina que, \u00e0s vezes, a sensa\u00e7\u00e3o de dist\u00e2ncia de Deus n\u00e3o significa abandono, mas uma etapa silenciosa de amadurecimento da f\u00e9 que quase ningu\u00e9m entende no come\u00e7o - Correio Braziliense - Radar<\/title>\n<meta name=\"description\" content=\"A noite escura da alma n\u00e3o \u00e9 abandono. S\u00e3o Jo\u00e3o da Cruz mostra como o sil\u00eancio pode fortalecer a f\u00e9 e a maturidade espiritual.\" \/>\n<meta name=\"robots\" content=\"index, follow, max-snippet:-1, max-image-preview:large, max-video-preview:-1\" \/>\n<link rel=\"canonical\" href=\"https:\/\/www.correiobraziliense.com.br\/cbradar\/sao-joao-da-cruz-nos-ensina-que-as-vezes-a-sensacao-de-distancia-de-deus-nao-significa-abandono-mas-uma-etapa-silenciosa-de-amadurecimento-da-fe-que-quase-ninguem-entende-no-comeco\/\" \/>\n<meta property=\"og:locale\" content=\"pt_BR\" \/>\n<meta property=\"og:type\" content=\"article\" \/>\n<meta property=\"og:title\" content=\"S\u00e3o Jo\u00e3o da Cruz nos ensina que, \u00e0s vezes, a sensa\u00e7\u00e3o de dist\u00e2ncia de Deus n\u00e3o significa abandono, mas uma etapa silenciosa de amadurecimento da f\u00e9 que quase ningu\u00e9m entende no come\u00e7o - Correio Braziliense - Radar\" \/>\n<meta property=\"og:description\" content=\"A noite escura da alma n\u00e3o \u00e9 abandono. S\u00e3o Jo\u00e3o da Cruz mostra como o sil\u00eancio pode fortalecer a f\u00e9 e a maturidade espiritual.\" \/>\n<meta property=\"og:url\" content=\"https:\/\/www.correiobraziliense.com.br\/cbradar\/sao-joao-da-cruz-nos-ensina-que-as-vezes-a-sensacao-de-distancia-de-deus-nao-significa-abandono-mas-uma-etapa-silenciosa-de-amadurecimento-da-fe-que-quase-ninguem-entende-no-comeco\/\" \/>\n<meta property=\"og:site_name\" content=\"Correio Braziliense - Radar\" \/>\n<meta property=\"article:published_time\" content=\"2026-04-30T06:00:00+00:00\" \/>\n<meta property=\"og:image\" content=\"https:\/\/www.correiobraziliense.com.br\/cbradar\/wp-content\/uploads\/2026\/04\/Gemini_Generated_Image_d5zapxd5zapxd5za-1-1.png\" \/>\n\t<meta property=\"og:image:width\" content=\"1280\" \/>\n\t<meta property=\"og:image:height\" content=\"720\" \/>\n\t<meta property=\"og:image:type\" content=\"image\/png\" \/>\n<meta name=\"author\" content=\"Patrick Silva\" \/>\n<meta name=\"twitter:card\" content=\"summary_large_image\" \/>\n<meta name=\"twitter:label1\" content=\"Escrito por\" \/>\n\t<meta name=\"twitter:data1\" content=\"Patrick Silva\" \/>\n\t<meta name=\"twitter:label2\" content=\"Est. tempo de leitura\" \/>\n\t<meta name=\"twitter:data2\" content=\"5 minutos\" \/>\n<!-- \/ Yoast SEO plugin. -->","yoast_head_json":{"title":"S\u00e3o Jo\u00e3o da Cruz nos ensina que, \u00e0s vezes, a sensa\u00e7\u00e3o de dist\u00e2ncia de Deus n\u00e3o significa abandono, mas uma etapa silenciosa de amadurecimento da f\u00e9 que quase ningu\u00e9m entende no come\u00e7o - Correio Braziliense - Radar","description":"A noite escura da alma n\u00e3o \u00e9 abandono. S\u00e3o Jo\u00e3o da Cruz mostra como o sil\u00eancio pode fortalecer a f\u00e9 e a maturidade espiritual.","robots":{"index":"index","follow":"follow","max-snippet":"max-snippet:-1","max-image-preview":"max-image-preview:large","max-video-preview":"max-video-preview:-1"},"canonical":"https:\/\/www.correiobraziliense.com.br\/cbradar\/sao-joao-da-cruz-nos-ensina-que-as-vezes-a-sensacao-de-distancia-de-deus-nao-significa-abandono-mas-uma-etapa-silenciosa-de-amadurecimento-da-fe-que-quase-ninguem-entende-no-comeco\/","og_locale":"pt_BR","og_type":"article","og_title":"S\u00e3o Jo\u00e3o da Cruz nos ensina que, \u00e0s vezes, a sensa\u00e7\u00e3o de dist\u00e2ncia de Deus n\u00e3o significa abandono, mas uma etapa silenciosa de amadurecimento da f\u00e9 que quase ningu\u00e9m entende no come\u00e7o - Correio Braziliense - Radar","og_description":"A noite escura da alma n\u00e3o \u00e9 abandono. S\u00e3o Jo\u00e3o da Cruz mostra como o sil\u00eancio pode fortalecer a f\u00e9 e a maturidade espiritual.","og_url":"https:\/\/www.correiobraziliense.com.br\/cbradar\/sao-joao-da-cruz-nos-ensina-que-as-vezes-a-sensacao-de-distancia-de-deus-nao-significa-abandono-mas-uma-etapa-silenciosa-de-amadurecimento-da-fe-que-quase-ninguem-entende-no-comeco\/","og_site_name":"Correio Braziliense - Radar","article_published_time":"2026-04-30T06:00:00+00:00","og_image":[{"width":1280,"height":720,"url":"https:\/\/www.correiobraziliense.com.br\/cbradar\/wp-content\/uploads\/2026\/04\/Gemini_Generated_Image_d5zapxd5zapxd5za-1-1.png","type":"image\/png"}],"author":"Patrick Silva","twitter_card":"summary_large_image","twitter_misc":{"Escrito por":"Patrick Silva","Est. tempo de leitura":"5 minutos"},"schema":{"@context":"https:\/\/schema.org","@graph":[{"@type":"WebPage","@id":"https:\/\/www.correiobraziliense.com.br\/cbradar\/sao-joao-da-cruz-nos-ensina-que-as-vezes-a-sensacao-de-distancia-de-deus-nao-significa-abandono-mas-uma-etapa-silenciosa-de-amadurecimento-da-fe-que-quase-ninguem-entende-no-comeco\/","url":"https:\/\/www.correiobraziliense.com.br\/cbradar\/sao-joao-da-cruz-nos-ensina-que-as-vezes-a-sensacao-de-distancia-de-deus-nao-significa-abandono-mas-uma-etapa-silenciosa-de-amadurecimento-da-fe-que-quase-ninguem-entende-no-comeco\/","name":"S\u00e3o Jo\u00e3o da Cruz nos ensina que, \u00e0s vezes, a sensa\u00e7\u00e3o de dist\u00e2ncia de Deus n\u00e3o significa abandono, mas uma etapa silenciosa de amadurecimento da f\u00e9 que quase ningu\u00e9m entende no come\u00e7o - Correio Braziliense - Radar","isPartOf":{"@id":"https:\/\/www.correiobraziliense.com.br\/cbradar\/#website"},"primaryImageOfPage":{"@id":"https:\/\/www.correiobraziliense.com.br\/cbradar\/sao-joao-da-cruz-nos-ensina-que-as-vezes-a-sensacao-de-distancia-de-deus-nao-significa-abandono-mas-uma-etapa-silenciosa-de-amadurecimento-da-fe-que-quase-ninguem-entende-no-comeco\/#primaryimage"},"image":{"@id":"https:\/\/www.correiobraziliense.com.br\/cbradar\/sao-joao-da-cruz-nos-ensina-que-as-vezes-a-sensacao-de-distancia-de-deus-nao-significa-abandono-mas-uma-etapa-silenciosa-de-amadurecimento-da-fe-que-quase-ninguem-entende-no-comeco\/#primaryimage"},"thumbnailUrl":"https:\/\/www.correiobraziliense.com.br\/cbradar\/wp-content\/uploads\/2026\/04\/Gemini_Generated_Image_d5zapxd5zapxd5za-1-1.png","datePublished":"2026-04-30T06:00:00+00:00","author":{"@id":"https:\/\/www.correiobraziliense.com.br\/cbradar\/#\/schema\/person\/5440b72be9c7eb74f446c846479dc4da"},"description":"A noite escura da alma n\u00e3o \u00e9 abandono. S\u00e3o Jo\u00e3o da Cruz mostra como o sil\u00eancio pode fortalecer a f\u00e9 e a maturidade espiritual.","breadcrumb":{"@id":"https:\/\/www.correiobraziliense.com.br\/cbradar\/sao-joao-da-cruz-nos-ensina-que-as-vezes-a-sensacao-de-distancia-de-deus-nao-significa-abandono-mas-uma-etapa-silenciosa-de-amadurecimento-da-fe-que-quase-ninguem-entende-no-comeco\/#breadcrumb"},"inLanguage":"pt-BR","potentialAction":[{"@type":"ReadAction","target":["https:\/\/www.correiobraziliense.com.br\/cbradar\/sao-joao-da-cruz-nos-ensina-que-as-vezes-a-sensacao-de-distancia-de-deus-nao-significa-abandono-mas-uma-etapa-silenciosa-de-amadurecimento-da-fe-que-quase-ninguem-entende-no-comeco\/"]}]},{"@type":"ImageObject","inLanguage":"pt-BR","@id":"https:\/\/www.correiobraziliense.com.br\/cbradar\/sao-joao-da-cruz-nos-ensina-que-as-vezes-a-sensacao-de-distancia-de-deus-nao-significa-abandono-mas-uma-etapa-silenciosa-de-amadurecimento-da-fe-que-quase-ninguem-entende-no-comeco\/#primaryimage","url":"https:\/\/www.correiobraziliense.com.br\/cbradar\/wp-content\/uploads\/2026\/04\/Gemini_Generated_Image_d5zapxd5zapxd5za-1-1.png","contentUrl":"https:\/\/www.correiobraziliense.com.br\/cbradar\/wp-content\/uploads\/2026\/04\/Gemini_Generated_Image_d5zapxd5zapxd5za-1-1.png","width":1280,"height":720,"caption":"O sil\u00eancio da alma pode ser o in\u00edcio de uma f\u00e9 mais forte e verdadeira"},{"@type":"BreadcrumbList","@id":"https:\/\/www.correiobraziliense.com.br\/cbradar\/sao-joao-da-cruz-nos-ensina-que-as-vezes-a-sensacao-de-distancia-de-deus-nao-significa-abandono-mas-uma-etapa-silenciosa-de-amadurecimento-da-fe-que-quase-ninguem-entende-no-comeco\/#breadcrumb","itemListElement":[{"@type":"ListItem","position":1,"name":"In\u00edcio","item":"https:\/\/www.correiobraziliense.com.br\/cbradar\/"},{"@type":"ListItem","position":2,"name":"S\u00e3o Jo\u00e3o da Cruz nos ensina que, \u00e0s vezes, a sensa\u00e7\u00e3o de dist\u00e2ncia de Deus n\u00e3o significa abandono, mas uma etapa silenciosa de amadurecimento da f\u00e9 que quase ningu\u00e9m entende no come\u00e7o"}]},{"@type":"WebSite","@id":"https:\/\/www.correiobraziliense.com.br\/cbradar\/#website","url":"https:\/\/www.correiobraziliense.com.br\/cbradar\/","name":"Correio Braziliense - Radar","description":"Acompanhe as \u00faltimas not\u00edcias e fique bem informado sobre tudo o que acontece no Brasil e no mundo.","potentialAction":[{"@type":"SearchAction","target":{"@type":"EntryPoint","urlTemplate":"https:\/\/www.correiobraziliense.com.br\/cbradar\/?s={search_term_string}"},"query-input":{"@type":"PropertyValueSpecification","valueRequired":true,"valueName":"search_term_string"}}],"inLanguage":"pt-BR"},{"@type":"Person","@id":"https:\/\/www.correiobraziliense.com.br\/cbradar\/#\/schema\/person\/5440b72be9c7eb74f446c846479dc4da","name":"Patrick Silva","image":{"@type":"ImageObject","inLanguage":"pt-BR","@id":"https:\/\/www.correiobraziliense.com.br\/cbradar\/#\/schema\/person\/image\/","url":"https:\/\/secure.gravatar.com\/avatar\/944109df296fc087785c9715fd5f80b2?s=96&d=mm&r=g","contentUrl":"https:\/\/secure.gravatar.com\/avatar\/944109df296fc087785c9715fd5f80b2?s=96&d=mm&r=g","caption":"Patrick Silva"},"sameAs":["https:\/\/www.correiobraziliense.com.br\/cbradar\/"],"url":"https:\/\/www.correiobraziliense.com.br\/cbradar\/author\/patrick-silva\/"}]}},"_links":{"self":[{"href":"https:\/\/www.correiobraziliense.com.br\/cbradar\/wp-json\/wp\/v2\/posts\/234124","targetHints":{"allow":["GET"]}}],"collection":[{"href":"https:\/\/www.correiobraziliense.com.br\/cbradar\/wp-json\/wp\/v2\/posts"}],"about":[{"href":"https:\/\/www.correiobraziliense.com.br\/cbradar\/wp-json\/wp\/v2\/types\/post"}],"author":[{"embeddable":true,"href":"https:\/\/www.correiobraziliense.com.br\/cbradar\/wp-json\/wp\/v2\/users\/21"}],"replies":[{"embeddable":true,"href":"https:\/\/www.correiobraziliense.com.br\/cbradar\/wp-json\/wp\/v2\/comments?post=234124"}],"version-history":[{"count":2,"href":"https:\/\/www.correiobraziliense.com.br\/cbradar\/wp-json\/wp\/v2\/posts\/234124\/revisions"}],"predecessor-version":[{"id":234138,"href":"https:\/\/www.correiobraziliense.com.br\/cbradar\/wp-json\/wp\/v2\/posts\/234124\/revisions\/234138"}],"wp:featuredmedia":[{"embeddable":true,"href":"https:\/\/www.correiobraziliense.com.br\/cbradar\/wp-json\/wp\/v2\/media\/234131"}],"wp:attachment":[{"href":"https:\/\/www.correiobraziliense.com.br\/cbradar\/wp-json\/wp\/v2\/media?parent=234124"}],"wp:term":[{"taxonomy":"category","embeddable":true,"href":"https:\/\/www.correiobraziliense.com.br\/cbradar\/wp-json\/wp\/v2\/categories?post=234124"},{"taxonomy":"post_tag","embeddable":true,"href":"https:\/\/www.correiobraziliense.com.br\/cbradar\/wp-json\/wp\/v2\/tags?post=234124"}],"curies":[{"name":"wp","href":"https:\/\/api.w.org\/{rel}","templated":true}]}}