{"id":234126,"date":"2026-04-30T08:45:00","date_gmt":"2026-04-30T11:45:00","guid":{"rendered":"https:\/\/www.correiobraziliense.com.br\/cbradar\/?p=234126"},"modified":"2026-04-29T10:34:15","modified_gmt":"2026-04-29T13:34:15","slug":"a-palavra-que-muita-gente-evita-usar-em-redacao-formal-mas-esta-correta-segundo-o-vocabulario-ortografico-da-lingua-portuguesa","status":"publish","type":"post","link":"https:\/\/www.correiobraziliense.com.br\/cbradar\/a-palavra-que-muita-gente-evita-usar-em-redacao-formal-mas-esta-correta-segundo-o-vocabulario-ortografico-da-lingua-portuguesa\/","title":{"rendered":"A palavra que muita gente evita usar em reda\u00e7\u00e3o formal, mas est\u00e1 correta segundo o Vocabul\u00e1rio Ortogr\u00e1fico da L\u00edngua Portuguesa"},"content":{"rendered":"\n<p>Escrever textos formais exige um cuidado minucioso com a escolha dos termos para transmitir credibilidade e seguran\u00e7a ao leitor atento. Muitas pessoas deixam de utilizar palavras leg\u00edtimas por medo de cometer equ\u00edvocos gramaticais ou por acreditarem em mitos lingu\u00edsticos persistentes. Dominar o vocabul\u00e1rio oficial permite uma comunica\u00e7\u00e3o muito mais precisa, rica e totalmente fundamentada nas normas vigentes.<\/p>\n\n\n\n<h2 class=\"wp-block-heading\">Por que existe receio em utilizar certas palavras leg\u00edtimas?<\/h2>\n\n\n\n<p>O medo de sofrer julgamentos sociais ou profissionais leva muitos escritores a adotarem um vocabul\u00e1rio extremamente restrito e conservador. Essa hesita\u00e7\u00e3o geralmente surge da falta de familiaridade com as atualiza\u00e7\u00f5es constantes que ocorrem na l\u00edngua portuguesa ao longo dos anos. Optar por termos tradicionais parece mais seguro, embora limite a capacidade de express\u00e3o e a precis\u00e3o do conte\u00fado produzido.<\/p>\n\n\n\n<p>Al\u00e9m disso, a circula\u00e7\u00e3o de informa\u00e7\u00f5es incorretas sobre o que \u00e9 considerado formal ou informal acaba gerando d\u00favidas desnecess\u00e1rias nos autores. Muitas vezes, uma palavra \u00e9 vista como um erro apenas por n\u00e3o ser ouvida com frequ\u00eancia em ambientes corporativos ou acad\u00eamicos r\u00edgidos. Superar esses bloqueios exige uma busca constante por fontes de autoridade que confirmem a validade dos voc\u00e1bulos.<\/p>\n\n\n\n<figure class=\"wp-block-image size-full\"><img decoding=\"async\" width=\"1280\" height=\"720\" src=\"https:\/\/www.correiobraziliense.com.br\/cbradar\/wp-content\/uploads\/2026\/04\/Gemini_Generated_Image_ptq8p2ptq8p2ptq8-1-1.png\" alt=\"A palavra que muita gente evita usar em reda\u00e7\u00e3o formal, mas est\u00e1 correta segundo o Vocabul\u00e1rio Ortogr\u00e1fico da L\u00edngua Portuguesa\" class=\"wp-image-234159\" srcset=\"https:\/\/www.correiobraziliense.com.br\/cbradar\/wp-content\/uploads\/2026\/04\/Gemini_Generated_Image_ptq8p2ptq8p2ptq8-1-1.png 1280w, https:\/\/www.correiobraziliense.com.br\/cbradar\/wp-content\/uploads\/2026\/04\/Gemini_Generated_Image_ptq8p2ptq8p2ptq8-1-1-300x169.png 300w, https:\/\/www.correiobraziliense.com.br\/cbradar\/wp-content\/uploads\/2026\/04\/Gemini_Generated_Image_ptq8p2ptq8p2ptq8-1-1-768x432.png 768w, https:\/\/www.correiobraziliense.com.br\/cbradar\/wp-content\/uploads\/2026\/04\/Gemini_Generated_Image_ptq8p2ptq8p2ptq8-1-1-750x422.png 750w, https:\/\/www.correiobraziliense.com.br\/cbradar\/wp-content\/uploads\/2026\/04\/Gemini_Generated_Image_ptq8p2ptq8p2ptq8-1-1-1140x641.png 1140w\" sizes=\"(max-width: 1280px) 100vw, 1280px\" \/><figcaption class=\"wp-element-caption\">Palavra presidenta \u00e9 correta e reconhecida oficialmente na l\u00edngua portuguesa para uso formal<\/figcaption><\/figure>\n\n\n\n<h2 class=\"wp-block-heading\">Qual \u00e9 a palavra que gera tanta d\u00favida na escrita?<\/h2>\n\n\n\n<p>O termo presidenta \u00e9 frequentemente evitado em documentos oficiais por ser considerado, de forma equivocada, uma cria\u00e7\u00e3o recente ou sem base gramatical. No entanto, essa flex\u00e3o de g\u00eanero para designar mulheres que ocupam cargos de presid\u00eancia est\u00e1 registrada nos principais dicion\u00e1rios h\u00e1 d\u00e9cadas. Utilizar essa forma \u00e9 um ato de precis\u00e3o lingu\u00edstica que respeita a concord\u00e2ncia de g\u00eanero necess\u00e1ria.<\/p>\n\n\n\n<p>Muitas pessoas acreditam que apenas a forma comum de dois g\u00eaneros seria aceit\u00e1vel em contextos de alta formalidade ou rigor t\u00e9cnico. Essa percep\u00e7\u00e3o ignora que a l\u00edngua portuguesa \u00e9 viva e permite deriva\u00e7\u00f5es que tornam a comunica\u00e7\u00e3o mais espec\u00edfica e clara para quem l\u00ea. Reconhecer a legitimidade desse termo demonstra conhecimento profundo sobre as normas gramaticais.<\/p>\n\n\n\n<h2 class=\"wp-block-heading\">Quais s\u00e3o os crit\u00e9rios para o uso correto do termo?<\/h2>\n\n\n\n<p>A aplica\u00e7\u00e3o correta de flex\u00f5es de g\u00eanero em cargos e fun\u00e7\u00f5es exige observar a estrutura da frase para garantir a harmonia textual completa. Quando o texto se refere especificamente a uma figura feminina, a adapta\u00e7\u00e3o do substantivo contribui para a clareza imediata da informa\u00e7\u00e3o transmitida ao p\u00fablico. Seguir as regras estabelecidas pelos \u00f3rg\u00e3os oficiais simplifica o processo de reda\u00e7\u00e3o e revis\u00e3o oficial.<\/p>\n\n\n\n<p>A utiliza\u00e7\u00e3o adequada dessas palavras deve observar os seguintes pontos importantes:<\/p>\n\n\n\n<ul class=\"wp-block-list\">\n<li>Concord\u00e2ncia obrigat\u00f3ria com os artigos definidos femininos.<\/li>\n\n\n\n<li>Aplica\u00e7\u00e3o em contextos de nomea\u00e7\u00e3o de cargos p\u00fablicos.<\/li>\n\n\n\n<li>Uso em correspond\u00eancias oficiais e comunicados de imprensa.<\/li>\n\n\n\n<li>Manuten\u00e7\u00e3o da formalidade em discursos e apresenta\u00e7\u00f5es corporativas.<\/li>\n<\/ul>\n\n\n\n<h2 class=\"wp-block-heading\">Como a gram\u00e1tica oficial valida essas varia\u00e7\u00f5es lingu\u00edsticas?<\/h2>\n\n\n\n<p>Os \u00f3rg\u00e3os que regulam o idioma analisam o uso frequente e a l\u00f3gica interna das palavras antes de inclu\u00ed-las no <strong>Vocabul\u00e1rio Ortogr\u00e1fico da L\u00edngua Portuguesa<\/strong>. Quando uma forma \u00e9 dicionarizada, ela passa a ter validade plena e pode ser utilizada sem restri\u00e7\u00f5es em qualquer tipo de texto formal. Essa valida\u00e7\u00e3o t\u00e9cnica oferece a seguran\u00e7a necess\u00e1ria para explorar todas as possibilidades.<\/p>\n\n\n\n<p>A evolu\u00e7\u00e3o das normas ortogr\u00e1ficas busca refletir as mudan\u00e7as sociais e a necessidade de maior especificidade na designa\u00e7\u00e3o de pap\u00e9is na sociedade. Ignorar essas atualiza\u00e7\u00f5es pode fazer com que um texto soe datado ou excessivamente r\u00edgido, prejudicando a conex\u00e3o com o leitor moderno. Estar atento ao que dizem os especialistas garante que a produ\u00e7\u00e3o textual permane\u00e7a relevante, correta e elegante.<\/p>\n\n\n\n<figure class=\"wp-block-image size-full\"><img decoding=\"async\" width=\"1280\" height=\"720\" src=\"https:\/\/www.correiobraziliense.com.br\/cbradar\/wp-content\/uploads\/2026\/04\/Gemini_Generated_Image_fqh5mefqh5mefqh5-1-1.png\" alt=\"A palavra que muita gente evita usar em reda\u00e7\u00e3o formal, mas est\u00e1 correta segundo o Vocabul\u00e1rio Ortogr\u00e1fico da L\u00edngua Portuguesa\" class=\"wp-image-234161\" srcset=\"https:\/\/www.correiobraziliense.com.br\/cbradar\/wp-content\/uploads\/2026\/04\/Gemini_Generated_Image_fqh5mefqh5mefqh5-1-1.png 1280w, https:\/\/www.correiobraziliense.com.br\/cbradar\/wp-content\/uploads\/2026\/04\/Gemini_Generated_Image_fqh5mefqh5mefqh5-1-1-300x169.png 300w, https:\/\/www.correiobraziliense.com.br\/cbradar\/wp-content\/uploads\/2026\/04\/Gemini_Generated_Image_fqh5mefqh5mefqh5-1-1-768x432.png 768w, https:\/\/www.correiobraziliense.com.br\/cbradar\/wp-content\/uploads\/2026\/04\/Gemini_Generated_Image_fqh5mefqh5mefqh5-1-1-750x422.png 750w, https:\/\/www.correiobraziliense.com.br\/cbradar\/wp-content\/uploads\/2026\/04\/Gemini_Generated_Image_fqh5mefqh5mefqh5-1-1-1140x641.png 1140w\" sizes=\"(max-width: 1280px) 100vw, 1280px\" \/><figcaption class=\"wp-element-caption\">Palavra presidenta \u00e9 correta e reconhecida oficialmente na l\u00edngua portuguesa para uso formal<\/figcaption><\/figure>\n\n\n\n<p>Leia tamb\u00e9m: <a href=\"https:\/\/www.correiobraziliense.com.br\/cbradar\/quando-usar-mal-e-mau-no-dia-a-dia-sem-errar\/\" target=\"_blank\" rel=\"noreferrer noopener\">Quando usar \u201cmal\u201d e \u201cmau\u201d no dia a dia sem errar<\/a><\/p>\n\n\n\n<h2 class=\"wp-block-heading\">Onde confirmar a grafia oficial de termos controversos?<\/h2>\n\n\n\n<p>Consultar as bases de dados oficiais \u00e9 a \u00fanica maneira de garantir que a escrita siga os padr\u00f5es exigidos pelas normas cultas atuais. Ter o h\u00e1bito de verificar termos gera uma seguran\u00e7a que se reflete na qualidade final de cada par\u00e1grafo escrito com dedica\u00e7\u00e3o e cuidado. O dom\u00ednio das ferramentas de consulta \u00e9 um diferencial valioso para qualquer profissional da palavra.<\/p>\n\n\n\n<p>Para sanar qualquer incerteza sobre a validade de voc\u00e1bulos, o portal da <strong><a href=\"https:\/\/www.academia.org.br\/nossa-lingua\/busca-no-vocabulario\" target=\"_blank\" rel=\"noreferrer noopener\">Academia Brasileira de Letras<\/a><\/strong> oferece suporte t\u00e9cnico indispens\u00e1vel para os escritores. Utilizar esse recurso evita a propaga\u00e7\u00e3o de mitos lingu\u00edsticos e assegura que a mensagem seja transmitida com credibilidade e corre\u00e7\u00e3o gramatical. Investir no conhecimento profundo do idioma \u00e9 o caminho para uma comunica\u00e7\u00e3o profissional.<\/p>\n","protected":false},"excerpt":{"rendered":"<p>Escrever textos formais exige um cuidado minucioso com a escolha dos termos para transmitir credibilidade e seguran\u00e7a ao leitor atento. Muitas pessoas deixam de utilizar palavras leg\u00edtimas por medo de cometer equ\u00edvocos gramaticais ou por acreditarem em mitos lingu\u00edsticos persistentes. Dominar o vocabul\u00e1rio oficial permite uma comunica\u00e7\u00e3o muito mais precisa, rica e totalmente fundamentada nas [&hellip;]<\/p>\n","protected":false},"author":21,"featured_media":234156,"comment_status":"open","ping_status":"open","sticky":false,"template":"","format":"standard","meta":{"_yoast_wpseo_focuskw":"Palavras em reda\u00e7\u00e3o","_yoast_wpseo_title":"","_yoast_wpseo_metadesc":"Palavra presidenta gera d\u00favidas na escrita formal, mas possui validade oficial e uso correto conforme normas da l\u00edngua portuguesa","jnews-multi-image_gallery":[],"jnews_single_post":{"format":"standard"},"jnews_primary_category":[],"jnews_social_meta":[],"jnews_override_counter":[],"footnotes":""},"categories":[112],"tags":[10902,3272,6081,18165],"class_list":["post-234126","post","type-post","status-publish","format-standard","has-post-thumbnail","hentry","category-curiosidades","tag-lingua-portuguesa","tag-palavra","tag-portugues","tag-redacao"],"yoast_head":"<!-- This site is optimized with the Yoast SEO plugin v24.6 - https:\/\/yoast.com\/wordpress\/plugins\/seo\/ -->\n<title>A palavra que muita gente evita usar em reda\u00e7\u00e3o formal, mas est\u00e1 correta segundo o Vocabul\u00e1rio Ortogr\u00e1fico da L\u00edngua Portuguesa - Correio Braziliense - Radar<\/title>\n<meta name=\"description\" content=\"Palavra presidenta gera d\u00favidas na escrita formal, mas possui validade oficial e uso correto conforme normas da l\u00edngua portuguesa\" \/>\n<meta name=\"robots\" content=\"index, follow, max-snippet:-1, max-image-preview:large, max-video-preview:-1\" \/>\n<link rel=\"canonical\" href=\"https:\/\/www.correiobraziliense.com.br\/cbradar\/a-palavra-que-muita-gente-evita-usar-em-redacao-formal-mas-esta-correta-segundo-o-vocabulario-ortografico-da-lingua-portuguesa\/\" \/>\n<meta property=\"og:locale\" content=\"pt_BR\" \/>\n<meta property=\"og:type\" content=\"article\" \/>\n<meta property=\"og:title\" content=\"A palavra que muita gente evita usar em reda\u00e7\u00e3o formal, mas est\u00e1 correta segundo o Vocabul\u00e1rio Ortogr\u00e1fico da L\u00edngua Portuguesa - Correio Braziliense - Radar\" \/>\n<meta property=\"og:description\" content=\"Palavra presidenta gera d\u00favidas na escrita formal, mas possui validade oficial e uso correto conforme normas da l\u00edngua portuguesa\" \/>\n<meta property=\"og:url\" content=\"https:\/\/www.correiobraziliense.com.br\/cbradar\/a-palavra-que-muita-gente-evita-usar-em-redacao-formal-mas-esta-correta-segundo-o-vocabulario-ortografico-da-lingua-portuguesa\/\" \/>\n<meta property=\"og:site_name\" content=\"Correio Braziliense - Radar\" \/>\n<meta property=\"article:published_time\" content=\"2026-04-30T11:45:00+00:00\" \/>\n<meta property=\"og:image\" content=\"https:\/\/www.correiobraziliense.com.br\/cbradar\/wp-content\/uploads\/2026\/04\/Gemini_Generated_Image_8zqtdt8zqtdt8zqt-1-1.png\" \/>\n\t<meta property=\"og:image:width\" content=\"1280\" \/>\n\t<meta property=\"og:image:height\" content=\"720\" \/>\n\t<meta property=\"og:image:type\" content=\"image\/png\" \/>\n<meta name=\"author\" content=\"Patrick Silva\" \/>\n<meta name=\"twitter:card\" content=\"summary_large_image\" \/>\n<meta name=\"twitter:label1\" content=\"Escrito por\" \/>\n\t<meta name=\"twitter:data1\" content=\"Patrick Silva\" \/>\n\t<meta name=\"twitter:label2\" content=\"Est. tempo de leitura\" \/>\n\t<meta name=\"twitter:data2\" content=\"5 minutos\" \/>\n<!-- \/ Yoast SEO plugin. -->","yoast_head_json":{"title":"A palavra que muita gente evita usar em reda\u00e7\u00e3o formal, mas est\u00e1 correta segundo o Vocabul\u00e1rio Ortogr\u00e1fico da L\u00edngua Portuguesa - Correio Braziliense - Radar","description":"Palavra presidenta gera d\u00favidas na escrita formal, mas possui validade oficial e uso correto conforme normas da l\u00edngua portuguesa","robots":{"index":"index","follow":"follow","max-snippet":"max-snippet:-1","max-image-preview":"max-image-preview:large","max-video-preview":"max-video-preview:-1"},"canonical":"https:\/\/www.correiobraziliense.com.br\/cbradar\/a-palavra-que-muita-gente-evita-usar-em-redacao-formal-mas-esta-correta-segundo-o-vocabulario-ortografico-da-lingua-portuguesa\/","og_locale":"pt_BR","og_type":"article","og_title":"A palavra que muita gente evita usar em reda\u00e7\u00e3o formal, mas est\u00e1 correta segundo o Vocabul\u00e1rio Ortogr\u00e1fico da L\u00edngua Portuguesa - Correio Braziliense - Radar","og_description":"Palavra presidenta gera d\u00favidas na escrita formal, mas possui validade oficial e uso correto conforme normas da l\u00edngua portuguesa","og_url":"https:\/\/www.correiobraziliense.com.br\/cbradar\/a-palavra-que-muita-gente-evita-usar-em-redacao-formal-mas-esta-correta-segundo-o-vocabulario-ortografico-da-lingua-portuguesa\/","og_site_name":"Correio Braziliense - Radar","article_published_time":"2026-04-30T11:45:00+00:00","og_image":[{"width":1280,"height":720,"url":"https:\/\/www.correiobraziliense.com.br\/cbradar\/wp-content\/uploads\/2026\/04\/Gemini_Generated_Image_8zqtdt8zqtdt8zqt-1-1.png","type":"image\/png"}],"author":"Patrick Silva","twitter_card":"summary_large_image","twitter_misc":{"Escrito por":"Patrick Silva","Est. tempo de leitura":"5 minutos"},"schema":{"@context":"https:\/\/schema.org","@graph":[{"@type":"WebPage","@id":"https:\/\/www.correiobraziliense.com.br\/cbradar\/a-palavra-que-muita-gente-evita-usar-em-redacao-formal-mas-esta-correta-segundo-o-vocabulario-ortografico-da-lingua-portuguesa\/","url":"https:\/\/www.correiobraziliense.com.br\/cbradar\/a-palavra-que-muita-gente-evita-usar-em-redacao-formal-mas-esta-correta-segundo-o-vocabulario-ortografico-da-lingua-portuguesa\/","name":"A palavra que muita gente evita usar em reda\u00e7\u00e3o formal, mas est\u00e1 correta segundo o Vocabul\u00e1rio Ortogr\u00e1fico da L\u00edngua Portuguesa - Correio Braziliense - Radar","isPartOf":{"@id":"https:\/\/www.correiobraziliense.com.br\/cbradar\/#website"},"primaryImageOfPage":{"@id":"https:\/\/www.correiobraziliense.com.br\/cbradar\/a-palavra-que-muita-gente-evita-usar-em-redacao-formal-mas-esta-correta-segundo-o-vocabulario-ortografico-da-lingua-portuguesa\/#primaryimage"},"image":{"@id":"https:\/\/www.correiobraziliense.com.br\/cbradar\/a-palavra-que-muita-gente-evita-usar-em-redacao-formal-mas-esta-correta-segundo-o-vocabulario-ortografico-da-lingua-portuguesa\/#primaryimage"},"thumbnailUrl":"https:\/\/www.correiobraziliense.com.br\/cbradar\/wp-content\/uploads\/2026\/04\/Gemini_Generated_Image_8zqtdt8zqtdt8zqt-1-1.png","datePublished":"2026-04-30T11:45:00+00:00","author":{"@id":"https:\/\/www.correiobraziliense.com.br\/cbradar\/#\/schema\/person\/5440b72be9c7eb74f446c846479dc4da"},"description":"Palavra presidenta gera d\u00favidas na escrita formal, mas possui validade oficial e uso correto conforme normas da l\u00edngua portuguesa","breadcrumb":{"@id":"https:\/\/www.correiobraziliense.com.br\/cbradar\/a-palavra-que-muita-gente-evita-usar-em-redacao-formal-mas-esta-correta-segundo-o-vocabulario-ortografico-da-lingua-portuguesa\/#breadcrumb"},"inLanguage":"pt-BR","potentialAction":[{"@type":"ReadAction","target":["https:\/\/www.correiobraziliense.com.br\/cbradar\/a-palavra-que-muita-gente-evita-usar-em-redacao-formal-mas-esta-correta-segundo-o-vocabulario-ortografico-da-lingua-portuguesa\/"]}]},{"@type":"ImageObject","inLanguage":"pt-BR","@id":"https:\/\/www.correiobraziliense.com.br\/cbradar\/a-palavra-que-muita-gente-evita-usar-em-redacao-formal-mas-esta-correta-segundo-o-vocabulario-ortografico-da-lingua-portuguesa\/#primaryimage","url":"https:\/\/www.correiobraziliense.com.br\/cbradar\/wp-content\/uploads\/2026\/04\/Gemini_Generated_Image_8zqtdt8zqtdt8zqt-1-1.png","contentUrl":"https:\/\/www.correiobraziliense.com.br\/cbradar\/wp-content\/uploads\/2026\/04\/Gemini_Generated_Image_8zqtdt8zqtdt8zqt-1-1.png","width":1280,"height":720,"caption":"Palavra presidenta \u00e9 correta e reconhecida oficialmente na l\u00edngua portuguesa para uso formal"},{"@type":"BreadcrumbList","@id":"https:\/\/www.correiobraziliense.com.br\/cbradar\/a-palavra-que-muita-gente-evita-usar-em-redacao-formal-mas-esta-correta-segundo-o-vocabulario-ortografico-da-lingua-portuguesa\/#breadcrumb","itemListElement":[{"@type":"ListItem","position":1,"name":"In\u00edcio","item":"https:\/\/www.correiobraziliense.com.br\/cbradar\/"},{"@type":"ListItem","position":2,"name":"A palavra que muita gente evita usar em reda\u00e7\u00e3o formal, mas est\u00e1 correta segundo o Vocabul\u00e1rio Ortogr\u00e1fico da L\u00edngua Portuguesa"}]},{"@type":"WebSite","@id":"https:\/\/www.correiobraziliense.com.br\/cbradar\/#website","url":"https:\/\/www.correiobraziliense.com.br\/cbradar\/","name":"Correio Braziliense - Radar","description":"Acompanhe as \u00faltimas not\u00edcias e fique bem informado sobre tudo o que acontece no Brasil e no mundo.","potentialAction":[{"@type":"SearchAction","target":{"@type":"EntryPoint","urlTemplate":"https:\/\/www.correiobraziliense.com.br\/cbradar\/?s={search_term_string}"},"query-input":{"@type":"PropertyValueSpecification","valueRequired":true,"valueName":"search_term_string"}}],"inLanguage":"pt-BR"},{"@type":"Person","@id":"https:\/\/www.correiobraziliense.com.br\/cbradar\/#\/schema\/person\/5440b72be9c7eb74f446c846479dc4da","name":"Patrick Silva","image":{"@type":"ImageObject","inLanguage":"pt-BR","@id":"https:\/\/www.correiobraziliense.com.br\/cbradar\/#\/schema\/person\/image\/","url":"https:\/\/secure.gravatar.com\/avatar\/944109df296fc087785c9715fd5f80b2?s=96&d=mm&r=g","contentUrl":"https:\/\/secure.gravatar.com\/avatar\/944109df296fc087785c9715fd5f80b2?s=96&d=mm&r=g","caption":"Patrick Silva"},"sameAs":["https:\/\/www.correiobraziliense.com.br\/cbradar\/"],"url":"https:\/\/www.correiobraziliense.com.br\/cbradar\/author\/patrick-silva\/"}]}},"_links":{"self":[{"href":"https:\/\/www.correiobraziliense.com.br\/cbradar\/wp-json\/wp\/v2\/posts\/234126","targetHints":{"allow":["GET"]}}],"collection":[{"href":"https:\/\/www.correiobraziliense.com.br\/cbradar\/wp-json\/wp\/v2\/posts"}],"about":[{"href":"https:\/\/www.correiobraziliense.com.br\/cbradar\/wp-json\/wp\/v2\/types\/post"}],"author":[{"embeddable":true,"href":"https:\/\/www.correiobraziliense.com.br\/cbradar\/wp-json\/wp\/v2\/users\/21"}],"replies":[{"embeddable":true,"href":"https:\/\/www.correiobraziliense.com.br\/cbradar\/wp-json\/wp\/v2\/comments?post=234126"}],"version-history":[{"count":1,"href":"https:\/\/www.correiobraziliense.com.br\/cbradar\/wp-json\/wp\/v2\/posts\/234126\/revisions"}],"predecessor-version":[{"id":234162,"href":"https:\/\/www.correiobraziliense.com.br\/cbradar\/wp-json\/wp\/v2\/posts\/234126\/revisions\/234162"}],"wp:featuredmedia":[{"embeddable":true,"href":"https:\/\/www.correiobraziliense.com.br\/cbradar\/wp-json\/wp\/v2\/media\/234156"}],"wp:attachment":[{"href":"https:\/\/www.correiobraziliense.com.br\/cbradar\/wp-json\/wp\/v2\/media?parent=234126"}],"wp:term":[{"taxonomy":"category","embeddable":true,"href":"https:\/\/www.correiobraziliense.com.br\/cbradar\/wp-json\/wp\/v2\/categories?post=234126"},{"taxonomy":"post_tag","embeddable":true,"href":"https:\/\/www.correiobraziliense.com.br\/cbradar\/wp-json\/wp\/v2\/tags?post=234126"}],"curies":[{"name":"wp","href":"https:\/\/api.w.org\/{rel}","templated":true}]}}