{"id":234127,"date":"2026-04-30T15:15:00","date_gmt":"2026-04-30T18:15:00","guid":{"rendered":"https:\/\/www.correiobraziliense.com.br\/cbradar\/?p=234127"},"modified":"2026-04-29T10:38:58","modified_gmt":"2026-04-29T13:38:58","slug":"a-palavra-que-parece-errada-por-causa-da-pronuncia-mais-comum-mas-esta-registrada-no-vocabulario-oficial-da-lingua-portuguesa","status":"publish","type":"post","link":"https:\/\/www.correiobraziliense.com.br\/cbradar\/a-palavra-que-parece-errada-por-causa-da-pronuncia-mais-comum-mas-esta-registrada-no-vocabulario-oficial-da-lingua-portuguesa\/","title":{"rendered":"A palavra que parece errada por causa da pron\u00fancia mais comum, mas est\u00e1 registrada no vocabul\u00e1rio oficial da l\u00edngua portuguesa"},"content":{"rendered":"\n<p>Muitas pessoas sentem uma inseguran\u00e7a natural ao utilizar certos termos que divergem da fala cotidiana mais popular nos ambientes sociais. Essa hesita\u00e7\u00e3o ocorre porque a sonoridade de algumas palavras registradas oficialmente parece estranha aos ouvidos acostumados com simplifica\u00e7\u00f5es regionais. Dominar essas varia\u00e7\u00f5es lingu\u00edsticas permitidas fortalece a autoridade de quem escreve e garante uma comunica\u00e7\u00e3o profissional impec\u00e1vel sempre.<\/p>\n\n\n\n<h2 class=\"wp-block-heading\">Por que existe tanta d\u00favida sobre a escrita de certas palavras?<\/h2>\n\n\n\n<p>A l\u00edngua portuguesa possui uma riqueza imensa de varia\u00e7\u00f5es que s\u00e3o aceitas pelas normas gramaticais vigentes no territ\u00f3rio nacional. Muitas vezes o h\u00e1bito de ouvir apenas uma forma espec\u00edfica cria a falsa impress\u00e3o de que outras constru\u00e7\u00f5es leg\u00edtimas est\u00e3o incorretas. Compreender a flexibilidade do idioma ajuda a evitar julgamentos precipitados durante a revis\u00e3o de textos importantes.<\/p>\n\n\n\n<p>O processo de evolu\u00e7\u00e3o fon\u00e9tica das palavras costuma seguir caminhos distintos dependendo da regi\u00e3o onde o falante reside habitualmente. Quando um termo oficial n\u00e3o \u00e9 utilizado com frequ\u00eancia na m\u00eddia ou nas conversas casuais ele acaba soando como um erro. Estar atento \u00e0s publica\u00e7\u00f5es de refer\u00eancia \u00e9 o segredo para manter a seguran\u00e7a ortogr\u00e1fica constante.<\/p>\n\n\n\n<figure class=\"wp-block-image size-full\"><img decoding=\"async\" width=\"1280\" height=\"720\" src=\"https:\/\/www.correiobraziliense.com.br\/cbradar\/wp-content\/uploads\/2026\/04\/Gemini_Generated_Image_p5j2m8p5j2m8p5j2-1-1.png\" alt=\"A palavra que parece errada por causa da pron\u00fancia mais comum, mas est\u00e1 registrada no vocabul\u00e1rio oficial da l\u00edngua portuguesa\" class=\"wp-image-234170\" srcset=\"https:\/\/www.correiobraziliense.com.br\/cbradar\/wp-content\/uploads\/2026\/04\/Gemini_Generated_Image_p5j2m8p5j2m8p5j2-1-1.png 1280w, https:\/\/www.correiobraziliense.com.br\/cbradar\/wp-content\/uploads\/2026\/04\/Gemini_Generated_Image_p5j2m8p5j2m8p5j2-1-1-300x169.png 300w, https:\/\/www.correiobraziliense.com.br\/cbradar\/wp-content\/uploads\/2026\/04\/Gemini_Generated_Image_p5j2m8p5j2m8p5j2-1-1-768x432.png 768w, https:\/\/www.correiobraziliense.com.br\/cbradar\/wp-content\/uploads\/2026\/04\/Gemini_Generated_Image_p5j2m8p5j2m8p5j2-1-1-750x422.png 750w, https:\/\/www.correiobraziliense.com.br\/cbradar\/wp-content\/uploads\/2026\/04\/Gemini_Generated_Image_p5j2m8p5j2m8p5j2-1-1-1140x641.png 1140w\" sizes=\"(max-width: 1280px) 100vw, 1280px\" \/><figcaption class=\"wp-element-caption\">Catorze \u00e9 uma forma correta e aceita oficialmente mesmo sendo menos comum no uso di\u00e1rio<\/figcaption><\/figure>\n\n\n\n<h2 class=\"wp-block-heading\">Qual \u00e9 o termo que costuma causar espanto nos leitores?<\/h2>\n\n\n\n<p>A palavra catorze \u00e9 um exemplo cl\u00e1ssico de varia\u00e7\u00e3o que muitas pessoas evitam por acreditar que apenas a forma iniciada com q est\u00e1 correta. Embora ambas as grafias sejam perfeitamente aceit\u00e1veis no vocabul\u00e1rio oficial brasileiro o uso da letra c desperta curiosidade constante. Essa dualidade ortogr\u00e1fica estrat\u00e9gica permite que o autor escolha a sonoridade preferida.<\/p>\n\n\n\n<p>Muitas pessoas acreditam que a escrita com a letra c representa um arca\u00edsmo ou uma falha de revis\u00e3o textual grosseira. Na realidade essa forma preserva ra\u00edzes latinas profundas e \u00e9 amplamente utilizada em diversos pa\u00edses que compartilham o idioma portugu\u00eas oficial. Ter o conhecimento sobre essas permiss\u00f5es gramaticais amplia o repert\u00f3rio de quem deseja escrever com muita precis\u00e3o.<\/p>\n\n\n\n<h2 class=\"wp-block-heading\">Quais s\u00e3o as outras varia\u00e7\u00f5es permitidas que pouca gente utiliza?<\/h2>\n\n\n\n<p>Existem diversos casos onde o idioma permite o uso de duas grafias diferentes para o mesmo conceito sem preju\u00edzo algum. Conhecer essas possibilidades ajuda a enriquecer o vocabul\u00e1rio e permite uma adapta\u00e7\u00e3o melhor ao tom desejado para cada tipo de conte\u00fado produzido. A diversidade lingu\u00edstica \u00e9 uma ferramenta poderosa para tornar a escrita mais din\u00e2mica e interessante.<\/p>\n\n\n\n<p>As principais duplas de palavras que s\u00e3o aceitas pelas normas vigentes incluem:<\/p>\n\n\n\n<ul class=\"wp-block-list\">\n<li>Aluguel e aluguer para definir o contrato.<\/li>\n\n\n\n<li>Porcentagem e percentagem para indicar as taxas.<\/li>\n\n\n\n<li>Assobiar e assoviar para descrever o som.<\/li>\n\n\n\n<li>Chimpanz\u00e9 e chimpanc\u00e9 para designar o animal.<\/li>\n<\/ul>\n\n\n\n<h2 class=\"wp-block-heading\">Como a pron\u00fancia interfere na percep\u00e7\u00e3o da grafia correta?<\/h2>\n\n\n\n<p>A forma como falamos as palavras no dia a dia exerce uma influ\u00eancia direta na maneira como as visualizamos mentalmente. Quando a pron\u00fancia mais comum se afasta da grafia original o c\u00e9rebro tende a considerar a forma escrita como algo estranho ou incorreto. Essa desconex\u00e3o entre som e escrita \u00e9 a origem de muitas inseguran\u00e7as lingu\u00edsticas profundas.<\/p>\n\n\n\n<p>Treinar o ouvido para reconhecer as diferentes varia\u00e7\u00f5es permitidas ajuda a consolidar o conhecimento sobre a norma culta de forma org\u00e2nica. Ao ler textos de alta autoridade percebe-se que a riqueza do idioma reside justamente nessas possibilidades de escolha ortogr\u00e1fica segura. Valorizar a diversidade sonora contribui para uma express\u00e3o escrita muito mais aut\u00eantica e segura.<\/p>\n\n\n\n<figure class=\"wp-block-image size-full\"><img decoding=\"async\" width=\"1280\" height=\"720\" src=\"https:\/\/www.correiobraziliense.com.br\/cbradar\/wp-content\/uploads\/2026\/04\/Gemini_Generated_Image_wfp1i9wfp1i9wfp1-1-1.png\" alt=\"A palavra que parece errada por causa da pron\u00fancia mais comum, mas est\u00e1 registrada no vocabul\u00e1rio oficial da l\u00edngua portuguesa\" class=\"wp-image-234176\" srcset=\"https:\/\/www.correiobraziliense.com.br\/cbradar\/wp-content\/uploads\/2026\/04\/Gemini_Generated_Image_wfp1i9wfp1i9wfp1-1-1.png 1280w, https:\/\/www.correiobraziliense.com.br\/cbradar\/wp-content\/uploads\/2026\/04\/Gemini_Generated_Image_wfp1i9wfp1i9wfp1-1-1-300x169.png 300w, https:\/\/www.correiobraziliense.com.br\/cbradar\/wp-content\/uploads\/2026\/04\/Gemini_Generated_Image_wfp1i9wfp1i9wfp1-1-1-768x432.png 768w, https:\/\/www.correiobraziliense.com.br\/cbradar\/wp-content\/uploads\/2026\/04\/Gemini_Generated_Image_wfp1i9wfp1i9wfp1-1-1-750x422.png 750w, https:\/\/www.correiobraziliense.com.br\/cbradar\/wp-content\/uploads\/2026\/04\/Gemini_Generated_Image_wfp1i9wfp1i9wfp1-1-1-1140x641.png 1140w\" sizes=\"(max-width: 1280px) 100vw, 1280px\" \/><figcaption class=\"wp-element-caption\">Catorze \u00e9 uma forma correta e aceita oficialmente mesmo sendo menos comum no uso di\u00e1rio<\/figcaption><\/figure>\n\n\n\n<p>Leia tamb\u00e9m: <a href=\"https:\/\/www.correiobraziliense.com.br\/cbradar\/quando-usar-mal-e-mau-no-dia-a-dia-sem-errar\/\" target=\"_blank\" rel=\"noreferrer noopener\">Quando usar \u201cmal\u201d e \u201cmau\u201d no dia a dia sem errar<\/a><\/p>\n\n\n\n<h2 class=\"wp-block-heading\">Onde encontrar a lista oficial de palavras registradas no pa\u00eds?<\/h2>\n\n\n\n<p>Consultar as fontes de refer\u00eancia m\u00e1xima da l\u00edngua \u00e9 o caminho ideal para quem deseja eliminar d\u00favidas sobre a validade dos termos. O vocabul\u00e1rio oficial \u00e9 atualizado periodicamente para refletir as mudan\u00e7as e as novas incorpora\u00e7\u00f5es que ocorrem na comunica\u00e7\u00e3o moderna e formal. Ter esse recurso \u00e0 disposi\u00e7\u00e3o garante que a sua produ\u00e7\u00e3o textual seja sempre tecnicamente perfeita.<\/p>\n\n\n\n<p>Para conferir a grafia exata de qualquer termo e assegurar que a mensagem seja transmitida com total credibilidade o portal da<a href=\"https:\/\/www.academia.org.br\/nossa-lingua\/busca-no-vocabulario\" target=\"_blank\" rel=\"noreferrer noopener\"> <strong>Academia Brasileira de Letras<\/strong><\/a> \u00e9 essencial. Utilizar essa ferramenta oficial ajuda a esclarecer quest\u00f5es ortogr\u00e1ficas e morfol\u00f3gicas que surgem no cotidiano. Investir no conhecimento profundo do idioma \u00e9 o passo vital para uma comunica\u00e7\u00e3o eficiente.<\/p>\n","protected":false},"excerpt":{"rendered":"<p>Muitas pessoas sentem uma inseguran\u00e7a natural ao utilizar certos termos que divergem da fala cotidiana mais popular nos ambientes sociais. Essa hesita\u00e7\u00e3o ocorre porque a sonoridade de algumas palavras registradas oficialmente parece estranha aos ouvidos acostumados com simplifica\u00e7\u00f5es regionais. Dominar essas varia\u00e7\u00f5es lingu\u00edsticas permitidas fortalece a autoridade de quem escreve e garante uma comunica\u00e7\u00e3o profissional [&hellip;]<\/p>\n","protected":false},"author":21,"featured_media":234167,"comment_status":"open","ping_status":"open","sticky":false,"template":"","format":"standard","meta":{"_yoast_wpseo_focuskw":"Palavra que parece errada","_yoast_wpseo_title":"","_yoast_wpseo_metadesc":"Palavra catorze \u00e9 correta e aceita oficialmente, mesmo causando estranhamento por fugir da forma mais comum no uso cotidiano","jnews-multi-image_gallery":[],"jnews_single_post":{"format":"standard"},"jnews_primary_category":[],"jnews_social_meta":[],"jnews_override_counter":[],"footnotes":""},"categories":[112],"tags":[10902,3272,6081,12723],"class_list":["post-234127","post","type-post","status-publish","format-standard","has-post-thumbnail","hentry","category-curiosidades","tag-lingua-portuguesa","tag-palavra","tag-portugues","tag-pronuncia"],"yoast_head":"<!-- This site is optimized with the Yoast SEO plugin v24.6 - https:\/\/yoast.com\/wordpress\/plugins\/seo\/ -->\n<title>A palavra que parece errada por causa da pron\u00fancia mais comum, mas est\u00e1 registrada no vocabul\u00e1rio oficial da l\u00edngua portuguesa - Correio Braziliense - Radar<\/title>\n<meta name=\"description\" content=\"Palavra catorze \u00e9 correta e aceita oficialmente, mesmo causando estranhamento por fugir da forma mais comum no uso cotidiano\" \/>\n<meta name=\"robots\" content=\"index, follow, max-snippet:-1, max-image-preview:large, max-video-preview:-1\" \/>\n<link rel=\"canonical\" href=\"https:\/\/www.correiobraziliense.com.br\/cbradar\/a-palavra-que-parece-errada-por-causa-da-pronuncia-mais-comum-mas-esta-registrada-no-vocabulario-oficial-da-lingua-portuguesa\/\" \/>\n<meta property=\"og:locale\" content=\"pt_BR\" \/>\n<meta property=\"og:type\" content=\"article\" \/>\n<meta property=\"og:title\" content=\"A palavra que parece errada por causa da pron\u00fancia mais comum, mas est\u00e1 registrada no vocabul\u00e1rio oficial da l\u00edngua portuguesa - Correio Braziliense - Radar\" \/>\n<meta property=\"og:description\" content=\"Palavra catorze \u00e9 correta e aceita oficialmente, mesmo causando estranhamento por fugir da forma mais comum no uso cotidiano\" \/>\n<meta property=\"og:url\" content=\"https:\/\/www.correiobraziliense.com.br\/cbradar\/a-palavra-que-parece-errada-por-causa-da-pronuncia-mais-comum-mas-esta-registrada-no-vocabulario-oficial-da-lingua-portuguesa\/\" \/>\n<meta property=\"og:site_name\" content=\"Correio Braziliense - Radar\" \/>\n<meta property=\"article:published_time\" content=\"2026-04-30T18:15:00+00:00\" \/>\n<meta property=\"og:image\" content=\"https:\/\/www.correiobraziliense.com.br\/cbradar\/wp-content\/uploads\/2026\/04\/Gemini_Generated_Image_imglhximglhximgl-1-1.png\" \/>\n\t<meta property=\"og:image:width\" content=\"1280\" \/>\n\t<meta property=\"og:image:height\" content=\"720\" \/>\n\t<meta property=\"og:image:type\" content=\"image\/png\" \/>\n<meta name=\"author\" content=\"Patrick Silva\" \/>\n<meta name=\"twitter:card\" content=\"summary_large_image\" \/>\n<meta name=\"twitter:label1\" content=\"Escrito por\" \/>\n\t<meta name=\"twitter:data1\" content=\"Patrick Silva\" \/>\n\t<meta name=\"twitter:label2\" content=\"Est. tempo de leitura\" \/>\n\t<meta name=\"twitter:data2\" content=\"5 minutos\" \/>\n<!-- \/ Yoast SEO plugin. -->","yoast_head_json":{"title":"A palavra que parece errada por causa da pron\u00fancia mais comum, mas est\u00e1 registrada no vocabul\u00e1rio oficial da l\u00edngua portuguesa - Correio Braziliense - Radar","description":"Palavra catorze \u00e9 correta e aceita oficialmente, mesmo causando estranhamento por fugir da forma mais comum no uso cotidiano","robots":{"index":"index","follow":"follow","max-snippet":"max-snippet:-1","max-image-preview":"max-image-preview:large","max-video-preview":"max-video-preview:-1"},"canonical":"https:\/\/www.correiobraziliense.com.br\/cbradar\/a-palavra-que-parece-errada-por-causa-da-pronuncia-mais-comum-mas-esta-registrada-no-vocabulario-oficial-da-lingua-portuguesa\/","og_locale":"pt_BR","og_type":"article","og_title":"A palavra que parece errada por causa da pron\u00fancia mais comum, mas est\u00e1 registrada no vocabul\u00e1rio oficial da l\u00edngua portuguesa - Correio Braziliense - Radar","og_description":"Palavra catorze \u00e9 correta e aceita oficialmente, mesmo causando estranhamento por fugir da forma mais comum no uso cotidiano","og_url":"https:\/\/www.correiobraziliense.com.br\/cbradar\/a-palavra-que-parece-errada-por-causa-da-pronuncia-mais-comum-mas-esta-registrada-no-vocabulario-oficial-da-lingua-portuguesa\/","og_site_name":"Correio Braziliense - Radar","article_published_time":"2026-04-30T18:15:00+00:00","og_image":[{"width":1280,"height":720,"url":"https:\/\/www.correiobraziliense.com.br\/cbradar\/wp-content\/uploads\/2026\/04\/Gemini_Generated_Image_imglhximglhximgl-1-1.png","type":"image\/png"}],"author":"Patrick Silva","twitter_card":"summary_large_image","twitter_misc":{"Escrito por":"Patrick Silva","Est. tempo de leitura":"5 minutos"},"schema":{"@context":"https:\/\/schema.org","@graph":[{"@type":"WebPage","@id":"https:\/\/www.correiobraziliense.com.br\/cbradar\/a-palavra-que-parece-errada-por-causa-da-pronuncia-mais-comum-mas-esta-registrada-no-vocabulario-oficial-da-lingua-portuguesa\/","url":"https:\/\/www.correiobraziliense.com.br\/cbradar\/a-palavra-que-parece-errada-por-causa-da-pronuncia-mais-comum-mas-esta-registrada-no-vocabulario-oficial-da-lingua-portuguesa\/","name":"A palavra que parece errada por causa da pron\u00fancia mais comum, mas est\u00e1 registrada no vocabul\u00e1rio oficial da l\u00edngua portuguesa - Correio Braziliense - Radar","isPartOf":{"@id":"https:\/\/www.correiobraziliense.com.br\/cbradar\/#website"},"primaryImageOfPage":{"@id":"https:\/\/www.correiobraziliense.com.br\/cbradar\/a-palavra-que-parece-errada-por-causa-da-pronuncia-mais-comum-mas-esta-registrada-no-vocabulario-oficial-da-lingua-portuguesa\/#primaryimage"},"image":{"@id":"https:\/\/www.correiobraziliense.com.br\/cbradar\/a-palavra-que-parece-errada-por-causa-da-pronuncia-mais-comum-mas-esta-registrada-no-vocabulario-oficial-da-lingua-portuguesa\/#primaryimage"},"thumbnailUrl":"https:\/\/www.correiobraziliense.com.br\/cbradar\/wp-content\/uploads\/2026\/04\/Gemini_Generated_Image_imglhximglhximgl-1-1.png","datePublished":"2026-04-30T18:15:00+00:00","author":{"@id":"https:\/\/www.correiobraziliense.com.br\/cbradar\/#\/schema\/person\/5440b72be9c7eb74f446c846479dc4da"},"description":"Palavra catorze \u00e9 correta e aceita oficialmente, mesmo causando estranhamento por fugir da forma mais comum no uso cotidiano","breadcrumb":{"@id":"https:\/\/www.correiobraziliense.com.br\/cbradar\/a-palavra-que-parece-errada-por-causa-da-pronuncia-mais-comum-mas-esta-registrada-no-vocabulario-oficial-da-lingua-portuguesa\/#breadcrumb"},"inLanguage":"pt-BR","potentialAction":[{"@type":"ReadAction","target":["https:\/\/www.correiobraziliense.com.br\/cbradar\/a-palavra-que-parece-errada-por-causa-da-pronuncia-mais-comum-mas-esta-registrada-no-vocabulario-oficial-da-lingua-portuguesa\/"]}]},{"@type":"ImageObject","inLanguage":"pt-BR","@id":"https:\/\/www.correiobraziliense.com.br\/cbradar\/a-palavra-que-parece-errada-por-causa-da-pronuncia-mais-comum-mas-esta-registrada-no-vocabulario-oficial-da-lingua-portuguesa\/#primaryimage","url":"https:\/\/www.correiobraziliense.com.br\/cbradar\/wp-content\/uploads\/2026\/04\/Gemini_Generated_Image_imglhximglhximgl-1-1.png","contentUrl":"https:\/\/www.correiobraziliense.com.br\/cbradar\/wp-content\/uploads\/2026\/04\/Gemini_Generated_Image_imglhximglhximgl-1-1.png","width":1280,"height":720,"caption":"Catorze \u00e9 uma forma correta e aceita oficialmente mesmo sendo menos comum no uso di\u00e1rio"},{"@type":"BreadcrumbList","@id":"https:\/\/www.correiobraziliense.com.br\/cbradar\/a-palavra-que-parece-errada-por-causa-da-pronuncia-mais-comum-mas-esta-registrada-no-vocabulario-oficial-da-lingua-portuguesa\/#breadcrumb","itemListElement":[{"@type":"ListItem","position":1,"name":"In\u00edcio","item":"https:\/\/www.correiobraziliense.com.br\/cbradar\/"},{"@type":"ListItem","position":2,"name":"A palavra que parece errada por causa da pron\u00fancia mais comum, mas est\u00e1 registrada no vocabul\u00e1rio oficial da l\u00edngua portuguesa"}]},{"@type":"WebSite","@id":"https:\/\/www.correiobraziliense.com.br\/cbradar\/#website","url":"https:\/\/www.correiobraziliense.com.br\/cbradar\/","name":"Correio Braziliense - Radar","description":"Acompanhe as \u00faltimas not\u00edcias e fique bem informado sobre tudo o que acontece no Brasil e no mundo.","potentialAction":[{"@type":"SearchAction","target":{"@type":"EntryPoint","urlTemplate":"https:\/\/www.correiobraziliense.com.br\/cbradar\/?s={search_term_string}"},"query-input":{"@type":"PropertyValueSpecification","valueRequired":true,"valueName":"search_term_string"}}],"inLanguage":"pt-BR"},{"@type":"Person","@id":"https:\/\/www.correiobraziliense.com.br\/cbradar\/#\/schema\/person\/5440b72be9c7eb74f446c846479dc4da","name":"Patrick Silva","image":{"@type":"ImageObject","inLanguage":"pt-BR","@id":"https:\/\/www.correiobraziliense.com.br\/cbradar\/#\/schema\/person\/image\/","url":"https:\/\/secure.gravatar.com\/avatar\/944109df296fc087785c9715fd5f80b2?s=96&d=mm&r=g","contentUrl":"https:\/\/secure.gravatar.com\/avatar\/944109df296fc087785c9715fd5f80b2?s=96&d=mm&r=g","caption":"Patrick Silva"},"sameAs":["https:\/\/www.correiobraziliense.com.br\/cbradar\/"],"url":"https:\/\/www.correiobraziliense.com.br\/cbradar\/author\/patrick-silva\/"}]}},"_links":{"self":[{"href":"https:\/\/www.correiobraziliense.com.br\/cbradar\/wp-json\/wp\/v2\/posts\/234127","targetHints":{"allow":["GET"]}}],"collection":[{"href":"https:\/\/www.correiobraziliense.com.br\/cbradar\/wp-json\/wp\/v2\/posts"}],"about":[{"href":"https:\/\/www.correiobraziliense.com.br\/cbradar\/wp-json\/wp\/v2\/types\/post"}],"author":[{"embeddable":true,"href":"https:\/\/www.correiobraziliense.com.br\/cbradar\/wp-json\/wp\/v2\/users\/21"}],"replies":[{"embeddable":true,"href":"https:\/\/www.correiobraziliense.com.br\/cbradar\/wp-json\/wp\/v2\/comments?post=234127"}],"version-history":[{"count":1,"href":"https:\/\/www.correiobraziliense.com.br\/cbradar\/wp-json\/wp\/v2\/posts\/234127\/revisions"}],"predecessor-version":[{"id":234182,"href":"https:\/\/www.correiobraziliense.com.br\/cbradar\/wp-json\/wp\/v2\/posts\/234127\/revisions\/234182"}],"wp:featuredmedia":[{"embeddable":true,"href":"https:\/\/www.correiobraziliense.com.br\/cbradar\/wp-json\/wp\/v2\/media\/234167"}],"wp:attachment":[{"href":"https:\/\/www.correiobraziliense.com.br\/cbradar\/wp-json\/wp\/v2\/media?parent=234127"}],"wp:term":[{"taxonomy":"category","embeddable":true,"href":"https:\/\/www.correiobraziliense.com.br\/cbradar\/wp-json\/wp\/v2\/categories?post=234127"},{"taxonomy":"post_tag","embeddable":true,"href":"https:\/\/www.correiobraziliense.com.br\/cbradar\/wp-json\/wp\/v2\/tags?post=234127"}],"curies":[{"name":"wp","href":"https:\/\/api.w.org\/{rel}","templated":true}]}}