{"id":234163,"date":"2026-04-29T19:15:00","date_gmt":"2026-04-29T22:15:00","guid":{"rendered":"https:\/\/www.correiobraziliense.com.br\/cbradar\/?p=234163"},"modified":"2026-04-29T19:33:30","modified_gmt":"2026-04-29T22:33:30","slug":"a-vila-de-18-mil-moradores-entre-a-serra-do-mar-e-a-baia-de-paranagua-fica-a-1h-de-curitiba","status":"publish","type":"post","link":"https:\/\/www.correiobraziliense.com.br\/cbradar\/a-vila-de-18-mil-moradores-entre-a-serra-do-mar-e-a-baia-de-paranagua-fica-a-1h-de-curitiba\/","title":{"rendered":"A vila de 18 mil moradores entre a Serra do Mar e a Ba\u00eda de Paranagu\u00e1 fica a 1h de Curitiba"},"content":{"rendered":"\n<p>Encravada na Mata Atl\u00e2ntica do litoral paranaense, <strong>Morretes<\/strong> guarda um centro hist\u00f3rico tombado e o sil\u00eancio das tardes \u00e0 beira do <strong>Rio Nhundiaquara<\/strong>. A vila fica a apenas 68 km de <strong>Curitiba<\/strong> pela <strong>BR-277<\/strong>.<\/p>\n\n\n\n<h2 class=\"wp-block-heading\">A demarca\u00e7\u00e3o de 1721 que originou a cidade colonial paranaense<\/h2>\n\n\n\n<p>A funda\u00e7\u00e3o data de <strong>1721<\/strong>, quando o Ouvidor <strong>Rafael Pires Pardinho<\/strong> determinou que a C\u00e2mara Municipal de Paranagu\u00e1 demarcasse 300 bra\u00e7as onde nasceria a futura povoa\u00e7\u00e3o. O nome surgiu do relevo geogr\u00e1fico de morros que cercam o vale, e o Marco Zero ainda hoje fica \u00e0 beira do Nhundiaquara, na Rua General Carneiro.<\/p>\n\n\n\n<p>O <a href=\"https:\/\/www.parana.pr.gov.br\/aen\/Noticia\/Litoral-abriga-tesouros-da-historia-cultura-e-natureza\" target=\"_blank\" rel=\"noreferrer noopener\"><strong>Governo do Paran\u00e1<\/strong><\/a> aponta que a cidade chegou a ser o entreposto entre o planalto e o litoral durante o ciclo da erva-mate, no s\u00e9culo XIX. O centro hist\u00f3rico e a esta\u00e7\u00e3o ferrovi\u00e1ria foram tombados em <strong>2013<\/strong> pelo Patrim\u00f4nio Cultural do Paran\u00e1, com valora\u00e7\u00e3o do <strong>IPHAN<\/strong> como bem do Patrim\u00f4nio Cultural Ferrovi\u00e1rio.<\/p>\n\n\n<div class=\"wp-block-image\">\n<figure class=\"aligncenter size-large\"><img decoding=\"async\" width=\"1024\" height=\"576\" src=\"https:\/\/www.correiobraziliense.com.br\/cbradar\/wp-content\/uploads\/2025\/02\/Morretes_1740680736958-1024x576.jpg\" alt=\"Fundada em 1733, a charmosa cidade na Serra do Mar oferece gastronomia \u00fanica, trilhas na Mata Atl\u00e2ntica e passeios de trem inesquec\u00edveis\" class=\"wp-image-6893\" srcset=\"https:\/\/www.correiobraziliense.com.br\/cbradar\/wp-content\/uploads\/2025\/02\/Morretes_1740680736958-1024x576.jpg 1024w, https:\/\/www.correiobraziliense.com.br\/cbradar\/wp-content\/uploads\/2025\/02\/Morretes_1740680736958-300x169.jpg 300w, https:\/\/www.correiobraziliense.com.br\/cbradar\/wp-content\/uploads\/2025\/02\/Morretes_1740680736958-768x432.jpg 768w, https:\/\/www.correiobraziliense.com.br\/cbradar\/wp-content\/uploads\/2025\/02\/Morretes_1740680736958-750x422.jpg 750w, https:\/\/www.correiobraziliense.com.br\/cbradar\/wp-content\/uploads\/2025\/02\/Morretes_1740680736958-1140x641.jpg 1140w, https:\/\/www.correiobraziliense.com.br\/cbradar\/wp-content\/uploads\/2025\/02\/Morretes_1740680736958.jpg 1280w\" sizes=\"(max-width: 1024px) 100vw, 1024px\" \/><figcaption class=\"wp-element-caption\">A gastronomia de Morretes gira em torno do famoso Barreado, prato t\u00edpico preparado em panelas de barro vedadas com farinha e \u00e1gua. \/\/ Cr\u00e9ditos: depositphotos.com \/ vbacarin<\/figcaption><\/figure><\/div>\n\n\n<h2 class=\"wp-block-heading\">Como \u00e9 a rotina em uma cidade encaixada entre montanhas e rio?<\/h2>\n\n\n\n<p><strong>Morretes acordou para o turismo, mas vive em ritmo de interior. <\/strong>Quem mora na <strong>Rua das Flores<\/strong> ouve o trem chegar todo fim de manh\u00e3, e o cal\u00e7ad\u00e3o \u00e0 beira-rio funciona como sala de estar coletiva. O com\u00e9rcio local concentra-se em poucas ruas centrais, com mercearias, padarias e produtores de cacha\u00e7a artesanal espalhados pelos bairros.<\/p>\n\n\n\n<p>O custo de vida \u00e9 mais baixo que o da capital paranaense. Alugu\u00e9is de casas com terreno cercado por mata aparecem por valores pr\u00f3ximos aos de apartamentos pequenos em <strong>Curitiba<\/strong>, e muitos moradores combinam moradia com pequena produ\u00e7\u00e3o rural ou turismo familiar. Internet por fibra \u00f3ptica chega \u00e0 maior parte do munic\u00edpio, segundo an\u00fancios imobili\u00e1rios da regi\u00e3o.<\/p>\n\n\n\n<p>O sistema de sa\u00fade conta com hospital municipal e unidades b\u00e1sicas. Para procedimentos mais complexos, os moradores se deslocam at\u00e9 <strong>Paranagu\u00e1<\/strong>, a 49 km, ou a pr\u00f3pria capital.<\/p>\n\n\n\n<h2 class=\"wp-block-heading\">O que os moradores fazem nos fins de semana<\/h2>\n\n\n\n<p>A geografia entrega lazer ao alcance de uma curta caminhada ou de uma estrada de barro. As op\u00e7\u00f5es mudam com a mar\u00e9 e com a chuva, mas raramente decepcionam.<\/p>\n\n\n\n<ul class=\"wp-block-list\">\n<li><strong>Rio Nhundiaquara<\/strong>: corta a cidade, oferece banho em po\u00e7as naturais e o tradicional boia-cross em pneus de c\u00e2mara descendo a correnteza.<\/li>\n\n\n\n<li><strong>Parque Estadual Pico do Marumbi<\/strong>: nascente do rio a 1.400 metros de altitude, com trilhas para escalada e cachoeiras pela Mata Atl\u00e2ntica preservada.<\/li>\n\n\n\n<li><strong>Estrada da Graciosa (PR-410)<\/strong>: caminho hist\u00f3rico cercado por hort\u00eansias e mirantes com vista para a ba\u00eda, ideal para passeios de bicicleta no fim de semana.<\/li>\n\n\n\n<li><strong>Porto de Cima<\/strong>: distrito ao p\u00e9 da serra com praia fluvial, pousadas familiares e os antigos engenhos de cacha\u00e7a.<\/li>\n\n\n\n<li><strong>Cascatinha<\/strong>: a 5 km do centro, \u00e1rea de mata com camping, churrasqueiras e um dos engenhos mais antigos de aguardente da regi\u00e3o.<\/li>\n<\/ul>\n\n\n\n<h2 class=\"wp-block-heading\">O barreado e a heran\u00e7a italiana na mesa de todo dia<\/h2>\n\n\n\n<p>A culin\u00e1ria morretense n\u00e3o \u00e9 s\u00f3 vitrine de turismo. Pratos do cotidiano carregam s\u00e9culos de mistura cultural entre ind\u00edgenas carij\u00f3s, a\u00e7orianos e imigrantes da antiga <strong>Col\u00f4nia Nova It\u00e1lia<\/strong>, instalada em 1877.<\/p>\n\n\n\n<ul class=\"wp-block-list\">\n<li><strong>Barreado<\/strong>: cozido de carne preparado em panela de barro vedada com farinha e \u00e1gua, que cozinha por mais de 12 horas at\u00e9 desmanchar. Tradi\u00e7\u00e3o passada de gera\u00e7\u00e3o em gera\u00e7\u00e3o.<\/li>\n\n\n\n<li><strong>Cacha\u00e7a artesanal<\/strong>: a cidade chegou a ter cerca de 60 alambiques na d\u00e9cada de 1950 e ainda mant\u00e9m engenhos familiares ativos.<\/li>\n\n\n\n<li><strong>Bala de banana<\/strong>: doce t\u00edpico produzido com banana da serra, vendido em quase toda esquina do centro.<\/li>\n\n\n\n<li><strong>Frutos do mar<\/strong>: ostras, camar\u00f5es e peixes vindos diariamente de <strong>Paranagu\u00e1<\/strong> chegam frescos aos restaurantes locais.<\/li>\n<\/ul>\n\n\n<div class=\"wp-block-image\">\n<figure class=\"aligncenter size-large\"><img decoding=\"async\" width=\"1024\" height=\"576\" src=\"https:\/\/www.correiobraziliense.com.br\/cbradar\/wp-content\/uploads\/2026\/01\/aaa-55-1024x576.png\" alt=\"Entre ruas antigas e floresta preservada, essa cidade do Sul chama aten\u00e7\u00e3o pela beleza hist\u00f3rica\" class=\"wp-image-170865\" srcset=\"https:\/\/www.correiobraziliense.com.br\/cbradar\/wp-content\/uploads\/2026\/01\/aaa-55-1024x576.png 1024w, https:\/\/www.correiobraziliense.com.br\/cbradar\/wp-content\/uploads\/2026\/01\/aaa-55-300x169.png 300w, https:\/\/www.correiobraziliense.com.br\/cbradar\/wp-content\/uploads\/2026\/01\/aaa-55-768x432.png 768w, https:\/\/www.correiobraziliense.com.br\/cbradar\/wp-content\/uploads\/2026\/01\/aaa-55-750x422.png 750w, https:\/\/www.correiobraziliense.com.br\/cbradar\/wp-content\/uploads\/2026\/01\/aaa-55-1140x641.png 1140w, https:\/\/www.correiobraziliense.com.br\/cbradar\/wp-content\/uploads\/2026\/01\/aaa-55.png 1280w\" sizes=\"(max-width: 1024px) 100vw, 1024px\" \/><figcaption class=\"wp-element-caption\">Em Morretes, fa\u00e7a o passeio de trem de Curitiba (3h), coma barreado em restaurantes \u00e0 beira do Rio Nhundiaquara e trilhas no Marumbi. \/\/ Cr\u00e9ditos: Wikip\u00e9dia<\/figcaption><\/figure><\/div>\n\n\n<p><strong>Leia tamb\u00e9m: <a href=\"https:\/\/www.correiobraziliense.com.br\/cbradar\/o-caribe-da-amazonia-se-esconde-em-uma-a-vila-simples-paraense-onde-praias-de-areia-branca-surgem-no-meio-do-rio\/\" target=\"_blank\" rel=\"noreferrer noopener\">O Caribe da Amaz\u00f4nia se esconde em uma a vila simples paraense onde praias de areia branca surgem no meio do rio.<\/a><\/strong><\/p>\n\n\n\n<h2 class=\"wp-block-heading\">Quando o tempo \u00e9 mais convidativo no litoral paranaense?<\/h2>\n\n\n\n<p><strong>Morretes tem clima subtropical \u00famido, fortemente influenciado pela Serra do Mar<\/strong>. Chove em qualquer m\u00eas do ano, mas o ver\u00e3o concentra os temporais mais intensos.<\/p>\n\n\n\n<style>\n  \/* --- CONTAINER BLINDADO (PADR\u00c3O REGISTRADO) --- *\/\n  .clima-grid-final {\n    font-family: -apple-system, BlinkMacSystemFont, \"Segoe UI\", Roboto, Arial, sans-serif !important;\n    width: 100% !important;\n    max-width: 1200px !important;\n    margin: 20px auto !important;\n    display: grid !important;\n    \/* FOR\u00c7A 4 COLUNAS NO DESKTOP *\/\n    grid-template-columns: repeat(4, 1fr) !important; \n    gap: 15px !important;\n    box-sizing: border-box !important;\n  }\n\n  .clima-grid-final * {\n    box-sizing: border-box !important;\n  }\n\n  \/* --- BLINDAGEM CONTRA ADS E PLUGINS INTRUSOS --- *\/\n  .clima-grid-final > :not(.card-clima) {\n    display: none !important;\n    width: 0 !important;\n    height: 0 !important;\n    opacity: 0 !important;\n  }\n\n  \/* --- CARD PRETO B\u00c1SICO (FUNDO BRANCO) --- *\/\n  .card-clima {\n    background: #ffffff !important;\n    border: 1px solid #e0e0e0 !important;\n    border-radius: 20px !important;\n    padding: 20px 10px !important;\n    text-align: center !important;\n    display: flex !important;\n    flex-direction: column !important;\n    align-items: center !important;\n    box-shadow: 0 4px 10px rgba(0, 0, 0, 0.05) !important;\n    min-width: 0 !important; \n    transition: transform 0.2s ease !important;\n    overflow: hidden !important;\n    height: 100% !important;\n  }\n\n  .card-clima:hover {\n    transform: translateY(-5px) !important;\n    border-color: #000000 !important;\n  }\n\n  \/* --- CONTE\u00daDO --- *\/\n  .estacao-nome { \n    font-size: 14px !important; \n    font-weight: 800 !important; \n    color: #000000 !important; \n    text-transform: uppercase !important; \n    margin: 0 0 5px 0 !important; \n  }\n  \n  .estacao-meses { \n    font-size: 10px !important; \n    font-weight: 700 !important; \n    color: #444444 !important; \n    text-transform: uppercase !important; \n    margin-bottom: 15px !important; \n    display: block !important;\n  }\n  \n  .temp-valor { \n    font-size: 24px !important; \n    font-weight: 800 !important; \n    color: #000000 !important; \n    line-height: 1.1 !important; \n    margin: 0 !important;\n  }\n  \n  .temp-label { \n    font-size: 9px !important; \n    font-weight: 600 !important; \n    color: #777777 !important; \n    text-transform: uppercase !important; \n    margin-bottom: 15px !important; \n    display: block !important;\n  }\n  \n  .clima-desc { \n    font-size: 12px !important; \n    line-height: 1.4 !important; \n    color: #333333 !important; \n    margin-bottom: 15px !important; \n    flex-grow: 1 !important; \n  }\n\n  .tag-status {\n    background-color: #f5f5f5 !important;\n    border: 1px solid #d0d0d0 !important;\n    color: #000000 !important;\n    padding: 5px 12px !important;\n    border-radius: 20px !important;\n    font-size: 9px !important;\n    font-weight: 800 !important;\n    text-transform: uppercase !important;\n    margin-top: auto !important;\n  }\n\n  \/* --- RESPONSIVIDADE --- *\/\n  @media (max-width: 800px) {\n    .clima-grid-final {\n      grid-template-columns: 1fr !important; \n    }\n    .card-clima {\n      padding: 25px 20px !important;\n    }\n  }\n<\/style>\n\n<div class=\"google-auto-ads-ignore clima-grid-final\">\n  \n  <div class=\"card-clima\">\n    <div class=\"estacao-nome\">\u2600\ufe0f Ver\u00e3o<\/div>\n    <span class=\"estacao-meses\">Dez &#8211; Fev<\/span>\n    <div class=\"temp-valor\">20-32\u00b0C<\/div>\n    <span class=\"temp-label\">M\u00e9dia<\/span>\n    <div class=\"clima-desc\">Com a pluviosidade muito alta, a recomenda\u00e7\u00e3o \u00e9 aproveitar o <b>banho de rio cedo<\/b> para evitar as trovoadas t\u00edpicas da tarde.<\/div>\n    <div class=\"tag-status\">\ud83c\udf0a Rio<\/div>\n  <\/div>\n\n  <div class=\"card-clima\">\n    <div class=\"estacao-nome\">\ud83c\udf42 Outono<\/div>\n    <span class=\"estacao-meses\">Mar &#8211; Mai<\/span>\n    <div class=\"temp-valor\">17-28\u00b0C<\/div>\n    <span class=\"temp-label\">M\u00e9dia<\/span>\n    <div class=\"clima-desc\">O clima ameno de transi\u00e7\u00e3o \u00e9 excelente para enfrentar o desafio das <b>trilhas no Marumbi<\/b> com visibilidade e frescor.<\/div>\n    <div class=\"tag-status\">\u26f0\ufe0f Montanha<\/div>\n  <\/div>\n\n  <div class=\"card-clima\">\n    <div class=\"estacao-nome\">\ud83e\udde3 Inverno<\/div>\n    <span class=\"estacao-meses\">Jun &#8211; Ago<\/span>\n    <div class=\"temp-valor\">11-23\u00b0C<\/div>\n    <span class=\"temp-label\">M\u00e9dia<\/span>\n    <div class=\"clima-desc\">A esta\u00e7\u00e3o seca garante o visual limpo para percorrer a hist\u00f3rica <b>Estrada da Graciosa<\/b> e contemplar a Serra do Mar.<\/div>\n    <div class=\"tag-status\">\ud83d\udee3\ufe0f Passeio<\/div>\n  <\/div>\n\n  <div class=\"card-clima\">\n    <div class=\"estacao-nome\">\ud83c\udf38 Primavera<\/div>\n    <span class=\"estacao-meses\">Set &#8211; Nov<\/span>\n    <div class=\"temp-valor\">15-27\u00b0C<\/div>\n    <span class=\"temp-label\">M\u00e9dia<\/span>\n    <div class=\"clima-desc\">Com chuvas moderadas e temperatura agrad\u00e1vel, o ideal \u00e9 explorar o <b>centro hist\u00f3rico a p\u00e9<\/b> e admirar o casario colonial.<\/div>\n    <div class=\"tag-status\">\ud83c\udfdb\ufe0f Hist\u00f3ria<\/div>\n  <\/div>\n\n<\/div>\n\n\n\n<p><em>Temperaturas aproximadas com base no <a href=\"https:\/\/www.climatempo.com.br\/previsao-do-tempo\/cidade\/3494\/morretes-pr\" target=\"_blank\" rel=\"noreferrer noopener\"><strong>Climatempo<\/strong><\/a>. Condi\u00e7\u00f5es podem variar.<\/em><\/p>\n\n\n<div class=\"wp-block-image\">\n<figure class=\"aligncenter size-large\"><img decoding=\"async\" width=\"1024\" height=\"576\" src=\"https:\/\/www.correiobraziliense.com.br\/cbradar\/wp-content\/uploads\/2026\/01\/aaa-54-1024x576.png\" alt=\"Entre ruas antigas e floresta preservada, essa cidade do Sul chama aten\u00e7\u00e3o pela beleza hist\u00f3rica\" class=\"wp-image-170866\" srcset=\"https:\/\/www.correiobraziliense.com.br\/cbradar\/wp-content\/uploads\/2026\/01\/aaa-54-1024x576.png 1024w, https:\/\/www.correiobraziliense.com.br\/cbradar\/wp-content\/uploads\/2026\/01\/aaa-54-300x169.png 300w, https:\/\/www.correiobraziliense.com.br\/cbradar\/wp-content\/uploads\/2026\/01\/aaa-54-768x432.png 768w, https:\/\/www.correiobraziliense.com.br\/cbradar\/wp-content\/uploads\/2026\/01\/aaa-54-750x422.png 750w, https:\/\/www.correiobraziliense.com.br\/cbradar\/wp-content\/uploads\/2026\/01\/aaa-54-1140x641.png 1140w, https:\/\/www.correiobraziliense.com.br\/cbradar\/wp-content\/uploads\/2026\/01\/aaa-54.png 1280w\" sizes=\"(max-width: 1024px) 100vw, 1024px\" \/><figcaption class=\"wp-element-caption\">Morretes atrai turistas pelo trem tur\u00edstico de Curitiba, barreado e ecoturismo na Estrada da Graciosa, no PR. \/\/ Cr\u00e9ditos: Wikip\u00e9dia<\/figcaption><\/figure><\/div>\n\n\n<h2 class=\"wp-block-heading\">Como chegar a Morretes saindo da capital paranaense?<\/h2>\n\n\n\n<p>De <strong>Curitiba<\/strong>, s\u00e3o 68 km pela <strong>BR-277<\/strong>, em cerca de 1h15 de carro. Quem prefere o caminho c\u00eanico desce pela <strong>Estrada da Graciosa (PR-410)<\/strong>, com curvas fechadas e cal\u00e7amento original. O <strong>aeroporto Afonso Pena<\/strong>, em <strong>S\u00e3o Jos\u00e9 dos Pinhais<\/strong>, fica a 75 km. O trem tur\u00edstico da <strong>Serra Verde Express<\/strong> liga Curitiba a Morretes em tr\u00eas a quatro horas, atravessando pontes e t\u00faneis esculpidos na Serra do Mar.<\/p>\n\n\n\n<h2 class=\"wp-block-heading\">A vida que cabe no ritmo do Nhundiaquara<\/h2>\n\n\n\n<p><strong>Morretes prova que d\u00e1 para morar no litoral sem trocar a tranquilidade pelo agito da praia.<\/strong> A cidade re\u00fane natureza preservada, moradia acess\u00edvel e cultura viva a uma hora da capital.<\/p>\n\n\n\n<p>Voc\u00ea precisa descer a serra e conhecer Morretes para entender por que tantos curitibanos est\u00e3o trocando o asfalto pela vista do Marumbi.<\/p>\n","protected":false},"excerpt":{"rendered":"<p>Encravada na Mata Atl\u00e2ntica do litoral paranaense, Morretes guarda um centro hist\u00f3rico tombado e o sil\u00eancio das tardes \u00e0 beira do Rio Nhundiaquara. A vila fica a apenas 68 km de Curitiba pela BR-277. A demarca\u00e7\u00e3o de 1721 que originou a cidade colonial paranaense A funda\u00e7\u00e3o data de 1721, quando o Ouvidor Rafael Pires Pardinho [&hellip;]<\/p>\n","protected":false},"author":8,"featured_media":189682,"comment_status":"open","ping_status":"open","sticky":false,"template":"","format":"standard","meta":{"_yoast_wpseo_focuskw":"vila","_yoast_wpseo_title":"","_yoast_wpseo_metadesc":"Entre a Serra do Mar e a Ba\u00eda de Paranagu\u00e1, essa vila de 18 mil moradores est\u00e1 a 1h de Curitiba e parece outro mundo.","jnews-multi-image_gallery":[],"jnews_single_post":{"format":"standard"},"jnews_primary_category":[],"jnews_social_meta":[],"jnews_override_counter":[],"footnotes":""},"categories":[108,111],"tags":[1230,664],"class_list":["post-234163","post","type-post","status-publish","format-standard","has-post-thumbnail","hentry","category-cidades","category-turismo","tag-morretes","tag-parana"],"yoast_head":"<!-- This site is optimized with the Yoast SEO plugin v24.6 - https:\/\/yoast.com\/wordpress\/plugins\/seo\/ -->\n<title>A vila de 18 mil moradores entre a Serra do Mar e a Ba\u00eda de Paranagu\u00e1 fica a 1h de Curitiba - Correio Braziliense - Radar<\/title>\n<meta name=\"description\" content=\"Entre a Serra do Mar e a Ba\u00eda de Paranagu\u00e1, essa vila de 18 mil moradores est\u00e1 a 1h de Curitiba e parece outro mundo.\" \/>\n<meta name=\"robots\" content=\"index, follow, max-snippet:-1, max-image-preview:large, max-video-preview:-1\" \/>\n<link rel=\"canonical\" href=\"https:\/\/www.correiobraziliense.com.br\/cbradar\/a-vila-de-18-mil-moradores-entre-a-serra-do-mar-e-a-baia-de-paranagua-fica-a-1h-de-curitiba\/\" \/>\n<meta property=\"og:locale\" content=\"pt_BR\" \/>\n<meta property=\"og:type\" content=\"article\" \/>\n<meta property=\"og:title\" content=\"A vila de 18 mil moradores entre a Serra do Mar e a Ba\u00eda de Paranagu\u00e1 fica a 1h de Curitiba - Correio Braziliense - Radar\" \/>\n<meta property=\"og:description\" content=\"Entre a Serra do Mar e a Ba\u00eda de Paranagu\u00e1, essa vila de 18 mil moradores est\u00e1 a 1h de Curitiba e parece outro mundo.\" \/>\n<meta property=\"og:url\" content=\"https:\/\/www.correiobraziliense.com.br\/cbradar\/a-vila-de-18-mil-moradores-entre-a-serra-do-mar-e-a-baia-de-paranagua-fica-a-1h-de-curitiba\/\" \/>\n<meta property=\"og:site_name\" content=\"Correio Braziliense - Radar\" \/>\n<meta property=\"article:published_time\" content=\"2026-04-29T22:15:00+00:00\" \/>\n<meta property=\"article:modified_time\" content=\"2026-04-29T22:33:30+00:00\" \/>\n<meta property=\"og:image\" content=\"https:\/\/www.correiobraziliense.com.br\/cbradar\/wp-content\/uploads\/2026\/02\/aaa-2026-02-08T044833.509.png\" \/>\n\t<meta property=\"og:image:width\" content=\"1280\" \/>\n\t<meta property=\"og:image:height\" content=\"720\" \/>\n\t<meta property=\"og:image:type\" content=\"image\/png\" \/>\n<meta name=\"author\" content=\"Maura Pereira\" \/>\n<meta name=\"twitter:card\" content=\"summary_large_image\" \/>\n<meta name=\"twitter:label1\" content=\"Escrito por\" \/>\n\t<meta name=\"twitter:data1\" content=\"Maura Pereira\" \/>\n\t<meta name=\"twitter:label2\" content=\"Est. tempo de leitura\" \/>\n\t<meta name=\"twitter:data2\" content=\"7 minutos\" \/>\n<!-- \/ Yoast SEO plugin. -->","yoast_head_json":{"title":"A vila de 18 mil moradores entre a Serra do Mar e a Ba\u00eda de Paranagu\u00e1 fica a 1h de Curitiba - Correio Braziliense - Radar","description":"Entre a Serra do Mar e a Ba\u00eda de Paranagu\u00e1, essa vila de 18 mil moradores est\u00e1 a 1h de Curitiba e parece outro mundo.","robots":{"index":"index","follow":"follow","max-snippet":"max-snippet:-1","max-image-preview":"max-image-preview:large","max-video-preview":"max-video-preview:-1"},"canonical":"https:\/\/www.correiobraziliense.com.br\/cbradar\/a-vila-de-18-mil-moradores-entre-a-serra-do-mar-e-a-baia-de-paranagua-fica-a-1h-de-curitiba\/","og_locale":"pt_BR","og_type":"article","og_title":"A vila de 18 mil moradores entre a Serra do Mar e a Ba\u00eda de Paranagu\u00e1 fica a 1h de Curitiba - Correio Braziliense - Radar","og_description":"Entre a Serra do Mar e a Ba\u00eda de Paranagu\u00e1, essa vila de 18 mil moradores est\u00e1 a 1h de Curitiba e parece outro mundo.","og_url":"https:\/\/www.correiobraziliense.com.br\/cbradar\/a-vila-de-18-mil-moradores-entre-a-serra-do-mar-e-a-baia-de-paranagua-fica-a-1h-de-curitiba\/","og_site_name":"Correio Braziliense - Radar","article_published_time":"2026-04-29T22:15:00+00:00","article_modified_time":"2026-04-29T22:33:30+00:00","og_image":[{"width":1280,"height":720,"url":"https:\/\/www.correiobraziliense.com.br\/cbradar\/wp-content\/uploads\/2026\/02\/aaa-2026-02-08T044833.509.png","type":"image\/png"}],"author":"Maura Pereira","twitter_card":"summary_large_image","twitter_misc":{"Escrito por":"Maura Pereira","Est. tempo de leitura":"7 minutos"},"schema":{"@context":"https:\/\/schema.org","@graph":[{"@type":"WebPage","@id":"https:\/\/www.correiobraziliense.com.br\/cbradar\/a-vila-de-18-mil-moradores-entre-a-serra-do-mar-e-a-baia-de-paranagua-fica-a-1h-de-curitiba\/","url":"https:\/\/www.correiobraziliense.com.br\/cbradar\/a-vila-de-18-mil-moradores-entre-a-serra-do-mar-e-a-baia-de-paranagua-fica-a-1h-de-curitiba\/","name":"A vila de 18 mil moradores entre a Serra do Mar e a Ba\u00eda de Paranagu\u00e1 fica a 1h de Curitiba - Correio Braziliense - Radar","isPartOf":{"@id":"https:\/\/www.correiobraziliense.com.br\/cbradar\/#website"},"primaryImageOfPage":{"@id":"https:\/\/www.correiobraziliense.com.br\/cbradar\/a-vila-de-18-mil-moradores-entre-a-serra-do-mar-e-a-baia-de-paranagua-fica-a-1h-de-curitiba\/#primaryimage"},"image":{"@id":"https:\/\/www.correiobraziliense.com.br\/cbradar\/a-vila-de-18-mil-moradores-entre-a-serra-do-mar-e-a-baia-de-paranagua-fica-a-1h-de-curitiba\/#primaryimage"},"thumbnailUrl":"https:\/\/www.correiobraziliense.com.br\/cbradar\/wp-content\/uploads\/2026\/02\/aaa-2026-02-08T044833.509.png","datePublished":"2026-04-29T22:15:00+00:00","dateModified":"2026-04-29T22:33:30+00:00","author":{"@id":"https:\/\/www.correiobraziliense.com.br\/cbradar\/#\/schema\/person\/4053c651a9bfc785afc6f4cbc9032fd3"},"description":"Entre a Serra do Mar e a Ba\u00eda de Paranagu\u00e1, essa vila de 18 mil moradores est\u00e1 a 1h de Curitiba e parece outro mundo.","breadcrumb":{"@id":"https:\/\/www.correiobraziliense.com.br\/cbradar\/a-vila-de-18-mil-moradores-entre-a-serra-do-mar-e-a-baia-de-paranagua-fica-a-1h-de-curitiba\/#breadcrumb"},"inLanguage":"pt-BR","potentialAction":[{"@type":"ReadAction","target":["https:\/\/www.correiobraziliense.com.br\/cbradar\/a-vila-de-18-mil-moradores-entre-a-serra-do-mar-e-a-baia-de-paranagua-fica-a-1h-de-curitiba\/"]}]},{"@type":"ImageObject","inLanguage":"pt-BR","@id":"https:\/\/www.correiobraziliense.com.br\/cbradar\/a-vila-de-18-mil-moradores-entre-a-serra-do-mar-e-a-baia-de-paranagua-fica-a-1h-de-curitiba\/#primaryimage","url":"https:\/\/www.correiobraziliense.com.br\/cbradar\/wp-content\/uploads\/2026\/02\/aaa-2026-02-08T044833.509.png","contentUrl":"https:\/\/www.correiobraziliense.com.br\/cbradar\/wp-content\/uploads\/2026\/02\/aaa-2026-02-08T044833.509.png","width":1280,"height":720,"caption":"Morretes nasceu como um ponto estrat\u00e9gico para os mineradores e viajantes que subiam a serra rumo ao planalto. \/ Imagem ilustrativa"},{"@type":"BreadcrumbList","@id":"https:\/\/www.correiobraziliense.com.br\/cbradar\/a-vila-de-18-mil-moradores-entre-a-serra-do-mar-e-a-baia-de-paranagua-fica-a-1h-de-curitiba\/#breadcrumb","itemListElement":[{"@type":"ListItem","position":1,"name":"In\u00edcio","item":"https:\/\/www.correiobraziliense.com.br\/cbradar\/"},{"@type":"ListItem","position":2,"name":"A vila de 18 mil moradores entre a Serra do Mar e a Ba\u00eda de Paranagu\u00e1 fica a 1h de Curitiba"}]},{"@type":"WebSite","@id":"https:\/\/www.correiobraziliense.com.br\/cbradar\/#website","url":"https:\/\/www.correiobraziliense.com.br\/cbradar\/","name":"Correio Braziliense - Radar","description":"Acompanhe as \u00faltimas not\u00edcias e fique bem informado sobre tudo o que acontece no Brasil e no mundo.","potentialAction":[{"@type":"SearchAction","target":{"@type":"EntryPoint","urlTemplate":"https:\/\/www.correiobraziliense.com.br\/cbradar\/?s={search_term_string}"},"query-input":{"@type":"PropertyValueSpecification","valueRequired":true,"valueName":"search_term_string"}}],"inLanguage":"pt-BR"},{"@type":"Person","@id":"https:\/\/www.correiobraziliense.com.br\/cbradar\/#\/schema\/person\/4053c651a9bfc785afc6f4cbc9032fd3","name":"Maura Pereira","image":{"@type":"ImageObject","inLanguage":"pt-BR","@id":"https:\/\/www.correiobraziliense.com.br\/cbradar\/#\/schema\/person\/image\/","url":"https:\/\/secure.gravatar.com\/avatar\/3effd6bdadfa447f15089c7f7144eaa6?s=96&d=mm&r=g","contentUrl":"https:\/\/secure.gravatar.com\/avatar\/3effd6bdadfa447f15089c7f7144eaa6?s=96&d=mm&r=g","caption":"Maura Pereira"},"sameAs":["https:\/\/www.correiobraziliense.com.br\/"],"url":"https:\/\/www.correiobraziliense.com.br\/cbradar\/author\/mauramyth\/"}]}},"_links":{"self":[{"href":"https:\/\/www.correiobraziliense.com.br\/cbradar\/wp-json\/wp\/v2\/posts\/234163","targetHints":{"allow":["GET"]}}],"collection":[{"href":"https:\/\/www.correiobraziliense.com.br\/cbradar\/wp-json\/wp\/v2\/posts"}],"about":[{"href":"https:\/\/www.correiobraziliense.com.br\/cbradar\/wp-json\/wp\/v2\/types\/post"}],"author":[{"embeddable":true,"href":"https:\/\/www.correiobraziliense.com.br\/cbradar\/wp-json\/wp\/v2\/users\/8"}],"replies":[{"embeddable":true,"href":"https:\/\/www.correiobraziliense.com.br\/cbradar\/wp-json\/wp\/v2\/comments?post=234163"}],"version-history":[{"count":7,"href":"https:\/\/www.correiobraziliense.com.br\/cbradar\/wp-json\/wp\/v2\/posts\/234163\/revisions"}],"predecessor-version":[{"id":234402,"href":"https:\/\/www.correiobraziliense.com.br\/cbradar\/wp-json\/wp\/v2\/posts\/234163\/revisions\/234402"}],"wp:featuredmedia":[{"embeddable":true,"href":"https:\/\/www.correiobraziliense.com.br\/cbradar\/wp-json\/wp\/v2\/media\/189682"}],"wp:attachment":[{"href":"https:\/\/www.correiobraziliense.com.br\/cbradar\/wp-json\/wp\/v2\/media?parent=234163"}],"wp:term":[{"taxonomy":"category","embeddable":true,"href":"https:\/\/www.correiobraziliense.com.br\/cbradar\/wp-json\/wp\/v2\/categories?post=234163"},{"taxonomy":"post_tag","embeddable":true,"href":"https:\/\/www.correiobraziliense.com.br\/cbradar\/wp-json\/wp\/v2\/tags?post=234163"}],"curies":[{"name":"wp","href":"https:\/\/api.w.org\/{rel}","templated":true}]}}