{"id":234165,"date":"2026-04-30T18:15:00","date_gmt":"2026-04-30T21:15:00","guid":{"rendered":"https:\/\/www.correiobraziliense.com.br\/cbradar\/?p=234165"},"modified":"2026-04-29T10:46:43","modified_gmt":"2026-04-29T13:46:43","slug":"a-palavra-gigante-da-lingua-portuguesa-que-chama-atencao-pelo-tamanho-mas-nasceu-para-descrever-uma-doenca-ligada-a-inalacao-de-particulas","status":"publish","type":"post","link":"https:\/\/www.correiobraziliense.com.br\/cbradar\/a-palavra-gigante-da-lingua-portuguesa-que-chama-atencao-pelo-tamanho-mas-nasceu-para-descrever-uma-doenca-ligada-a-inalacao-de-particulas\/","title":{"rendered":"A palavra gigante da L\u00edngua Portuguesa que chama aten\u00e7\u00e3o pelo tamanho, mas nasceu para descrever uma doen\u00e7a ligada \u00e0 inala\u00e7\u00e3o de part\u00edculas"},"content":{"rendered":"\n<p>Muitas pessoas sentem uma curiosidade natural ao encontrar termos extremamente longos que parecem imposs\u00edveis de pronunciar corretamente durante a leitura cotidiana. Essas palavras gigantes costumam esconder significados t\u00e9cnicos muito espec\u00edficos relacionados ao mundo da ci\u00eancia ou da medicina moderna. Explorar a origem desses voc\u00e1bulos ajuda a valorizar a riqueza e a complexidade da nossa amada l\u00edngua nacional.<\/p>\n\n\n\n<h2 class=\"wp-block-heading\">Como surgiu esse termo t\u00e3o extenso no vocabul\u00e1rio oficial?<\/h2>\n\n\n\n<p>O registro dessa palavra imensa no dicion\u00e1rio brasileiro ocorreu ap\u00f3s anos de uso em contextos t\u00e9cnicos muito espec\u00edficos da \u00e1rea da sa\u00fade pulmonar. Ela foi criada para nomear de forma precisa uma condi\u00e7\u00e3o cl\u00ednica causada pela exposi\u00e7\u00e3o constante a materiais vulc\u00e2nicos microsc\u00f3picos e agressivos. Ter um nome t\u00e3o detalhado permite que os especialistas identifiquem a origem exata da patologia.<\/p>\n\n\n\n<p>Embora pare\u00e7a um trava-l\u00edngua para a maioria dos falantes comuns, o voc\u00e1bulo segue as regras de forma\u00e7\u00e3o morfol\u00f3gica do idioma portugu\u00eas perfeitamente. Cada parte do termo contribui para descrever um aspecto diferente da doen\u00e7a, desde o tamanho das part\u00edculas at\u00e9 a sua fonte origin\u00e1ria. O uso correto desses nomes demonstra um alto n\u00edvel de especializa\u00e7\u00e3o e clareza t\u00e9cnica.<\/p>\n\n\n\n<figure class=\"wp-block-image size-full\"><img decoding=\"async\" width=\"1280\" height=\"720\" src=\"https:\/\/www.correiobraziliense.com.br\/cbradar\/wp-content\/uploads\/2026\/04\/Gemini_Generated_Image_r83fe2r83fe2r83f-1-1.png\" alt=\"A palavra gigante da L\u00edngua Portuguesa que chama aten\u00e7\u00e3o pelo tamanho, mas nasceu para descrever uma doen\u00e7a ligada \u00e0 inala\u00e7\u00e3o de part\u00edculas\" class=\"wp-image-234194\" srcset=\"https:\/\/www.correiobraziliense.com.br\/cbradar\/wp-content\/uploads\/2026\/04\/Gemini_Generated_Image_r83fe2r83fe2r83f-1-1.png 1280w, https:\/\/www.correiobraziliense.com.br\/cbradar\/wp-content\/uploads\/2026\/04\/Gemini_Generated_Image_r83fe2r83fe2r83f-1-1-300x169.png 300w, https:\/\/www.correiobraziliense.com.br\/cbradar\/wp-content\/uploads\/2026\/04\/Gemini_Generated_Image_r83fe2r83fe2r83f-1-1-768x432.png 768w, https:\/\/www.correiobraziliense.com.br\/cbradar\/wp-content\/uploads\/2026\/04\/Gemini_Generated_Image_r83fe2r83fe2r83f-1-1-750x422.png 750w, https:\/\/www.correiobraziliense.com.br\/cbradar\/wp-content\/uploads\/2026\/04\/Gemini_Generated_Image_r83fe2r83fe2r83f-1-1-1140x641.png 1140w\" sizes=\"(max-width: 1280px) 100vw, 1280px\" \/><figcaption class=\"wp-element-caption\">A maior palavra do portugu\u00eas impressiona pelo tamanho e origem cient\u00edfica ligada \u00e0 sa\u00fade<\/figcaption><\/figure>\n\n\n\n<h2 class=\"wp-block-heading\">Qual \u00e9 a defini\u00e7\u00e3o real dessa condi\u00e7\u00e3o de sa\u00fade espec\u00edfica?<\/h2>\n\n\n\n<p>A condi\u00e7\u00e3o referida por esse nome gigante descreve uma inflama\u00e7\u00e3o severa nos pulm\u00f5es causada pela inala\u00e7\u00e3o de cinzas vulc\u00e2nicas muito finas. Essas part\u00edculas min\u00fasculas conseguem penetrar profundamente nos tecidos respirat\u00f3rios, causando danos que prejudicam a oxigena\u00e7\u00e3o correta do corpo humano. \u00c9 um diagn\u00f3stico raro que exige cuidados m\u00e9dicos intensivos para garantir a recupera\u00e7\u00e3o plena e segura do paciente.<\/p>\n\n\n\n<p>O ac\u00famulo desse p\u00f3 mineral dentro do sistema respirat\u00f3rio gera uma rea\u00e7\u00e3o defensiva do organismo que pode levar a cicatrizes permanentes. Quando o indiv\u00edduo respira essas subst\u00e2ncias qu\u00edmicas naturais, o corpo enfrenta dificuldades para eliminar os res\u00edduos de forma org\u00e2nica e natural. Manter a prote\u00e7\u00e3o adequada em \u00e1reas de risco \u00e9 a melhor maneira de preservar a vitalidade pulmonar.<\/p>\n\n\n\n<h2 class=\"wp-block-heading\">Quais s\u00e3o os componentes que formam essa palavra t\u00e3o complexa?<\/h2>\n\n\n\n<p>Analisar a estrutura interna do voc\u00e1bulo revela como a jun\u00e7\u00e3o de v\u00e1rios radicais gregos e latinos cria um significado totalmente novo e abrangente. Cada fragmento adiciona uma camada de informa\u00e7\u00e3o sobre a natureza das part\u00edculas inaladas e o \u00f3rg\u00e3o afetado pelo processo inflamat\u00f3rio. Essa organiza\u00e7\u00e3o l\u00f3gica facilita o entendimento para quem estuda a forma\u00e7\u00e3o das palavras no nosso idioma.<\/p>\n\n\n\n<p>Os elementos principais que comp\u00f5em essa estrutura morfol\u00f3gica s\u00e3o:<\/p>\n\n\n\n<ul class=\"wp-block-list\">\n<li>Prefixo que indica rela\u00e7\u00e3o com o sistema pulmonar humano.<\/li>\n\n\n\n<li>Termo que define o tamanho microsc\u00f3pico dos agentes agressores.<\/li>\n\n\n\n<li>Refer\u00eancia direta ao sil\u00edcio presente nas cinzas vulc\u00e2nicas naturais.<\/li>\n\n\n\n<li>Sufixo que denomina o estado de doen\u00e7a ou inflama\u00e7\u00e3o.<\/li>\n<\/ul>\n\n\n\n<h2 class=\"wp-block-heading\">Por que essa palavra \u00e9 considerada a maior do idioma?<\/h2>\n\n\n\n<p>Composta por quarenta e seis letras organizadas de forma cont\u00ednua, ela det\u00e9m o t\u00edtulo oficial de maior palavra da l\u00edngua portuguesa atualmente. Sua extens\u00e3o surpreende at\u00e9 mesmo os estudiosos mais experientes que se dedicam ao estudo da gram\u00e1tica e da ortografia nacional. O tamanho incomum serve para aglutinar todas as caracter\u00edsticas cl\u00ednicas necess\u00e1rias para uma identifica\u00e7\u00e3o diagn\u00f3stica sem falhas.<\/p>\n\n\n\n<p>Apesar de raramente ser utilizada em conversas informais ou textos liter\u00e1rios comuns, sua presen\u00e7a nos dicion\u00e1rios \u00e9 um fato consolidado e respeitado. Ela representa a capacidade infinita do idioma de se adaptar e criar novos termos para descrever descobertas cient\u00edficas recentes. Valorizar essa diversidade vocabular enriquece a percep\u00e7\u00e3o sobre como a comunica\u00e7\u00e3o humana evolui com o tempo.<\/p>\n\n\n\n<figure class=\"wp-block-image size-full\"><img decoding=\"async\" width=\"1280\" height=\"720\" src=\"https:\/\/www.correiobraziliense.com.br\/cbradar\/wp-content\/uploads\/2026\/04\/Gemini_Generated_Image_fu6ev7fu6ev7fu6e-1-1.png\" alt=\"A palavra gigante da L\u00edngua Portuguesa que chama aten\u00e7\u00e3o pelo tamanho, mas nasceu para descrever uma doen\u00e7a ligada \u00e0 inala\u00e7\u00e3o de part\u00edculas\" class=\"wp-image-234197\" srcset=\"https:\/\/www.correiobraziliense.com.br\/cbradar\/wp-content\/uploads\/2026\/04\/Gemini_Generated_Image_fu6ev7fu6ev7fu6e-1-1.png 1280w, https:\/\/www.correiobraziliense.com.br\/cbradar\/wp-content\/uploads\/2026\/04\/Gemini_Generated_Image_fu6ev7fu6ev7fu6e-1-1-300x169.png 300w, https:\/\/www.correiobraziliense.com.br\/cbradar\/wp-content\/uploads\/2026\/04\/Gemini_Generated_Image_fu6ev7fu6ev7fu6e-1-1-768x432.png 768w, https:\/\/www.correiobraziliense.com.br\/cbradar\/wp-content\/uploads\/2026\/04\/Gemini_Generated_Image_fu6ev7fu6ev7fu6e-1-1-750x422.png 750w, https:\/\/www.correiobraziliense.com.br\/cbradar\/wp-content\/uploads\/2026\/04\/Gemini_Generated_Image_fu6ev7fu6ev7fu6e-1-1-1140x641.png 1140w\" sizes=\"(max-width: 1280px) 100vw, 1280px\" \/><figcaption class=\"wp-element-caption\">A maior palavra do portugu\u00eas impressiona pelo tamanho e origem cient\u00edfica ligada \u00e0 sa\u00fade<\/figcaption><\/figure>\n\n\n\n<p>Leia tamb\u00e9m: <a href=\"https:\/\/www.correiobraziliense.com.br\/cbradar\/quando-usar-mal-e-mau-no-dia-a-dia-sem-errar\/\" target=\"_blank\" rel=\"noreferrer noopener\">Quando usar \u201cmal\u201d e \u201cmau\u201d no dia a dia sem errar<\/a><\/p>\n\n\n\n<h2 class=\"wp-block-heading\">Onde encontrar registros oficiais sobre os termos da medicina?<\/h2>\n\n\n\n<p>Consultar bases de dados internacionais de sa\u00fade permite compreender como essas terminologias s\u00e3o padronizadas para facilitar a troca de informa\u00e7\u00f5es entre os pa\u00edses. Existem dicion\u00e1rios m\u00e9dicos globais que catalogam milhares de patologias e suas causas espec\u00edficas de maneira rigorosa e t\u00e9cnica. Estar bem informado garante que o uso dessas palavras ocorra sempre com total precis\u00e3o e seguran\u00e7a profissional.<\/p>\n\n\n\n<p>Para verificar a classifica\u00e7\u00e3o oficial de doen\u00e7as respirat\u00f3rias e suas defini\u00e7\u00f5es t\u00e9cnicas, as diretrizes da <strong><a href=\"https:\/\/www.who.int\/health-topics\/air-pollution\" target=\"_blank\" rel=\"noreferrer noopener\">Organiza\u00e7\u00e3o Mundial da Sa\u00fade<\/a><\/strong> fornecem um suporte acad\u00eamico indispens\u00e1vel para todos. Seguir esses par\u00e2metros mundiais assegura que a terminologia m\u00e9dica seja aplicada de forma a promover a sa\u00fade p\u00fablica e a clareza nas comunica\u00e7\u00f5es cient\u00edficas. Ter acesso ao conhecimento \u00e9 vital.<\/p>\n","protected":false},"excerpt":{"rendered":"<p>Muitas pessoas sentem uma curiosidade natural ao encontrar termos extremamente longos que parecem imposs\u00edveis de pronunciar corretamente durante a leitura cotidiana. Essas palavras gigantes costumam esconder significados t\u00e9cnicos muito espec\u00edficos relacionados ao mundo da ci\u00eancia ou da medicina moderna. Explorar a origem desses voc\u00e1bulos ajuda a valorizar a riqueza e a complexidade da nossa amada [&hellip;]<\/p>\n","protected":false},"author":21,"featured_media":234192,"comment_status":"open","ping_status":"open","sticky":false,"template":"","format":"standard","meta":{"_yoast_wpseo_focuskw":"maior palavra da l\u00edngua portuguesa","_yoast_wpseo_title":"","_yoast_wpseo_metadesc":"Palavra mais longa da l\u00edngua portuguesa chama aten\u00e7\u00e3o pelo tamanho e revela origem cient\u00edfica ligada a doen\u00e7as pulmonares","jnews-multi-image_gallery":[],"jnews_single_post":{"format":"standard"},"jnews_primary_category":[],"jnews_social_meta":[],"jnews_override_counter":[],"footnotes":""},"categories":[112],"tags":[10902,3272,18375,6081],"class_list":["post-234165","post","type-post","status-publish","format-standard","has-post-thumbnail","hentry","category-curiosidades","tag-lingua-portuguesa","tag-palavra","tag-palavra-grande","tag-portugues"],"yoast_head":"<!-- This site is optimized with the Yoast SEO plugin v24.6 - https:\/\/yoast.com\/wordpress\/plugins\/seo\/ -->\n<title>A palavra gigante da L\u00edngua Portuguesa que chama aten\u00e7\u00e3o pelo tamanho, mas nasceu para descrever uma doen\u00e7a ligada \u00e0 inala\u00e7\u00e3o de part\u00edculas - Correio Braziliense - Radar<\/title>\n<meta name=\"description\" content=\"Palavra mais longa da l\u00edngua portuguesa chama aten\u00e7\u00e3o pelo tamanho e revela origem cient\u00edfica ligada a doen\u00e7as pulmonares\" \/>\n<meta name=\"robots\" content=\"index, follow, max-snippet:-1, max-image-preview:large, max-video-preview:-1\" \/>\n<link rel=\"canonical\" href=\"https:\/\/www.correiobraziliense.com.br\/cbradar\/a-palavra-gigante-da-lingua-portuguesa-que-chama-atencao-pelo-tamanho-mas-nasceu-para-descrever-uma-doenca-ligada-a-inalacao-de-particulas\/\" \/>\n<meta property=\"og:locale\" content=\"pt_BR\" \/>\n<meta property=\"og:type\" content=\"article\" \/>\n<meta property=\"og:title\" content=\"A palavra gigante da L\u00edngua Portuguesa que chama aten\u00e7\u00e3o pelo tamanho, mas nasceu para descrever uma doen\u00e7a ligada \u00e0 inala\u00e7\u00e3o de part\u00edculas - Correio Braziliense - Radar\" \/>\n<meta property=\"og:description\" content=\"Palavra mais longa da l\u00edngua portuguesa chama aten\u00e7\u00e3o pelo tamanho e revela origem cient\u00edfica ligada a doen\u00e7as pulmonares\" \/>\n<meta property=\"og:url\" content=\"https:\/\/www.correiobraziliense.com.br\/cbradar\/a-palavra-gigante-da-lingua-portuguesa-que-chama-atencao-pelo-tamanho-mas-nasceu-para-descrever-uma-doenca-ligada-a-inalacao-de-particulas\/\" \/>\n<meta property=\"og:site_name\" content=\"Correio Braziliense - Radar\" \/>\n<meta property=\"article:published_time\" content=\"2026-04-30T21:15:00+00:00\" \/>\n<meta property=\"og:image\" content=\"https:\/\/www.correiobraziliense.com.br\/cbradar\/wp-content\/uploads\/2026\/04\/Gemini_Generated_Image_guhabxguhabxguha-1-1.png\" \/>\n\t<meta property=\"og:image:width\" content=\"1280\" \/>\n\t<meta property=\"og:image:height\" content=\"720\" \/>\n\t<meta property=\"og:image:type\" content=\"image\/png\" \/>\n<meta name=\"author\" content=\"Patrick Silva\" \/>\n<meta name=\"twitter:card\" content=\"summary_large_image\" \/>\n<meta name=\"twitter:label1\" content=\"Escrito por\" \/>\n\t<meta name=\"twitter:data1\" content=\"Patrick Silva\" \/>\n\t<meta name=\"twitter:label2\" content=\"Est. tempo de leitura\" \/>\n\t<meta name=\"twitter:data2\" content=\"5 minutos\" \/>\n<!-- \/ Yoast SEO plugin. -->","yoast_head_json":{"title":"A palavra gigante da L\u00edngua Portuguesa que chama aten\u00e7\u00e3o pelo tamanho, mas nasceu para descrever uma doen\u00e7a ligada \u00e0 inala\u00e7\u00e3o de part\u00edculas - Correio Braziliense - Radar","description":"Palavra mais longa da l\u00edngua portuguesa chama aten\u00e7\u00e3o pelo tamanho e revela origem cient\u00edfica ligada a doen\u00e7as pulmonares","robots":{"index":"index","follow":"follow","max-snippet":"max-snippet:-1","max-image-preview":"max-image-preview:large","max-video-preview":"max-video-preview:-1"},"canonical":"https:\/\/www.correiobraziliense.com.br\/cbradar\/a-palavra-gigante-da-lingua-portuguesa-que-chama-atencao-pelo-tamanho-mas-nasceu-para-descrever-uma-doenca-ligada-a-inalacao-de-particulas\/","og_locale":"pt_BR","og_type":"article","og_title":"A palavra gigante da L\u00edngua Portuguesa que chama aten\u00e7\u00e3o pelo tamanho, mas nasceu para descrever uma doen\u00e7a ligada \u00e0 inala\u00e7\u00e3o de part\u00edculas - Correio Braziliense - Radar","og_description":"Palavra mais longa da l\u00edngua portuguesa chama aten\u00e7\u00e3o pelo tamanho e revela origem cient\u00edfica ligada a doen\u00e7as pulmonares","og_url":"https:\/\/www.correiobraziliense.com.br\/cbradar\/a-palavra-gigante-da-lingua-portuguesa-que-chama-atencao-pelo-tamanho-mas-nasceu-para-descrever-uma-doenca-ligada-a-inalacao-de-particulas\/","og_site_name":"Correio Braziliense - Radar","article_published_time":"2026-04-30T21:15:00+00:00","og_image":[{"width":1280,"height":720,"url":"https:\/\/www.correiobraziliense.com.br\/cbradar\/wp-content\/uploads\/2026\/04\/Gemini_Generated_Image_guhabxguhabxguha-1-1.png","type":"image\/png"}],"author":"Patrick Silva","twitter_card":"summary_large_image","twitter_misc":{"Escrito por":"Patrick Silva","Est. tempo de leitura":"5 minutos"},"schema":{"@context":"https:\/\/schema.org","@graph":[{"@type":"WebPage","@id":"https:\/\/www.correiobraziliense.com.br\/cbradar\/a-palavra-gigante-da-lingua-portuguesa-que-chama-atencao-pelo-tamanho-mas-nasceu-para-descrever-uma-doenca-ligada-a-inalacao-de-particulas\/","url":"https:\/\/www.correiobraziliense.com.br\/cbradar\/a-palavra-gigante-da-lingua-portuguesa-que-chama-atencao-pelo-tamanho-mas-nasceu-para-descrever-uma-doenca-ligada-a-inalacao-de-particulas\/","name":"A palavra gigante da L\u00edngua Portuguesa que chama aten\u00e7\u00e3o pelo tamanho, mas nasceu para descrever uma doen\u00e7a ligada \u00e0 inala\u00e7\u00e3o de part\u00edculas - Correio Braziliense - Radar","isPartOf":{"@id":"https:\/\/www.correiobraziliense.com.br\/cbradar\/#website"},"primaryImageOfPage":{"@id":"https:\/\/www.correiobraziliense.com.br\/cbradar\/a-palavra-gigante-da-lingua-portuguesa-que-chama-atencao-pelo-tamanho-mas-nasceu-para-descrever-uma-doenca-ligada-a-inalacao-de-particulas\/#primaryimage"},"image":{"@id":"https:\/\/www.correiobraziliense.com.br\/cbradar\/a-palavra-gigante-da-lingua-portuguesa-que-chama-atencao-pelo-tamanho-mas-nasceu-para-descrever-uma-doenca-ligada-a-inalacao-de-particulas\/#primaryimage"},"thumbnailUrl":"https:\/\/www.correiobraziliense.com.br\/cbradar\/wp-content\/uploads\/2026\/04\/Gemini_Generated_Image_guhabxguhabxguha-1-1.png","datePublished":"2026-04-30T21:15:00+00:00","author":{"@id":"https:\/\/www.correiobraziliense.com.br\/cbradar\/#\/schema\/person\/5440b72be9c7eb74f446c846479dc4da"},"description":"Palavra mais longa da l\u00edngua portuguesa chama aten\u00e7\u00e3o pelo tamanho e revela origem cient\u00edfica ligada a doen\u00e7as pulmonares","breadcrumb":{"@id":"https:\/\/www.correiobraziliense.com.br\/cbradar\/a-palavra-gigante-da-lingua-portuguesa-que-chama-atencao-pelo-tamanho-mas-nasceu-para-descrever-uma-doenca-ligada-a-inalacao-de-particulas\/#breadcrumb"},"inLanguage":"pt-BR","potentialAction":[{"@type":"ReadAction","target":["https:\/\/www.correiobraziliense.com.br\/cbradar\/a-palavra-gigante-da-lingua-portuguesa-que-chama-atencao-pelo-tamanho-mas-nasceu-para-descrever-uma-doenca-ligada-a-inalacao-de-particulas\/"]}]},{"@type":"ImageObject","inLanguage":"pt-BR","@id":"https:\/\/www.correiobraziliense.com.br\/cbradar\/a-palavra-gigante-da-lingua-portuguesa-que-chama-atencao-pelo-tamanho-mas-nasceu-para-descrever-uma-doenca-ligada-a-inalacao-de-particulas\/#primaryimage","url":"https:\/\/www.correiobraziliense.com.br\/cbradar\/wp-content\/uploads\/2026\/04\/Gemini_Generated_Image_guhabxguhabxguha-1-1.png","contentUrl":"https:\/\/www.correiobraziliense.com.br\/cbradar\/wp-content\/uploads\/2026\/04\/Gemini_Generated_Image_guhabxguhabxguha-1-1.png","width":1280,"height":720,"caption":"A maior palavra do portugu\u00eas impressiona pelo tamanho e origem cient\u00edfica ligada \u00e0 sa\u00fade"},{"@type":"BreadcrumbList","@id":"https:\/\/www.correiobraziliense.com.br\/cbradar\/a-palavra-gigante-da-lingua-portuguesa-que-chama-atencao-pelo-tamanho-mas-nasceu-para-descrever-uma-doenca-ligada-a-inalacao-de-particulas\/#breadcrumb","itemListElement":[{"@type":"ListItem","position":1,"name":"In\u00edcio","item":"https:\/\/www.correiobraziliense.com.br\/cbradar\/"},{"@type":"ListItem","position":2,"name":"A palavra gigante da L\u00edngua Portuguesa que chama aten\u00e7\u00e3o pelo tamanho, mas nasceu para descrever uma doen\u00e7a ligada \u00e0 inala\u00e7\u00e3o de part\u00edculas"}]},{"@type":"WebSite","@id":"https:\/\/www.correiobraziliense.com.br\/cbradar\/#website","url":"https:\/\/www.correiobraziliense.com.br\/cbradar\/","name":"Correio Braziliense - Radar","description":"Acompanhe as \u00faltimas not\u00edcias e fique bem informado sobre tudo o que acontece no Brasil e no mundo.","potentialAction":[{"@type":"SearchAction","target":{"@type":"EntryPoint","urlTemplate":"https:\/\/www.correiobraziliense.com.br\/cbradar\/?s={search_term_string}"},"query-input":{"@type":"PropertyValueSpecification","valueRequired":true,"valueName":"search_term_string"}}],"inLanguage":"pt-BR"},{"@type":"Person","@id":"https:\/\/www.correiobraziliense.com.br\/cbradar\/#\/schema\/person\/5440b72be9c7eb74f446c846479dc4da","name":"Patrick Silva","image":{"@type":"ImageObject","inLanguage":"pt-BR","@id":"https:\/\/www.correiobraziliense.com.br\/cbradar\/#\/schema\/person\/image\/","url":"https:\/\/secure.gravatar.com\/avatar\/944109df296fc087785c9715fd5f80b2?s=96&d=mm&r=g","contentUrl":"https:\/\/secure.gravatar.com\/avatar\/944109df296fc087785c9715fd5f80b2?s=96&d=mm&r=g","caption":"Patrick Silva"},"sameAs":["https:\/\/www.correiobraziliense.com.br\/cbradar\/"],"url":"https:\/\/www.correiobraziliense.com.br\/cbradar\/author\/patrick-silva\/"}]}},"_links":{"self":[{"href":"https:\/\/www.correiobraziliense.com.br\/cbradar\/wp-json\/wp\/v2\/posts\/234165","targetHints":{"allow":["GET"]}}],"collection":[{"href":"https:\/\/www.correiobraziliense.com.br\/cbradar\/wp-json\/wp\/v2\/posts"}],"about":[{"href":"https:\/\/www.correiobraziliense.com.br\/cbradar\/wp-json\/wp\/v2\/types\/post"}],"author":[{"embeddable":true,"href":"https:\/\/www.correiobraziliense.com.br\/cbradar\/wp-json\/wp\/v2\/users\/21"}],"replies":[{"embeddable":true,"href":"https:\/\/www.correiobraziliense.com.br\/cbradar\/wp-json\/wp\/v2\/comments?post=234165"}],"version-history":[{"count":1,"href":"https:\/\/www.correiobraziliense.com.br\/cbradar\/wp-json\/wp\/v2\/posts\/234165\/revisions"}],"predecessor-version":[{"id":234200,"href":"https:\/\/www.correiobraziliense.com.br\/cbradar\/wp-json\/wp\/v2\/posts\/234165\/revisions\/234200"}],"wp:featuredmedia":[{"embeddable":true,"href":"https:\/\/www.correiobraziliense.com.br\/cbradar\/wp-json\/wp\/v2\/media\/234192"}],"wp:attachment":[{"href":"https:\/\/www.correiobraziliense.com.br\/cbradar\/wp-json\/wp\/v2\/media?parent=234165"}],"wp:term":[{"taxonomy":"category","embeddable":true,"href":"https:\/\/www.correiobraziliense.com.br\/cbradar\/wp-json\/wp\/v2\/categories?post=234165"},{"taxonomy":"post_tag","embeddable":true,"href":"https:\/\/www.correiobraziliense.com.br\/cbradar\/wp-json\/wp\/v2\/tags?post=234165"}],"curies":[{"name":"wp","href":"https:\/\/api.w.org\/{rel}","templated":true}]}}