{"id":234186,"date":"2026-04-30T20:35:00","date_gmt":"2026-04-30T23:35:00","guid":{"rendered":"https:\/\/www.correiobraziliense.com.br\/cbradar\/?p=234186"},"modified":"2026-04-29T10:58:45","modified_gmt":"2026-04-29T13:58:45","slug":"a-palavra-da-lingua-portuguesa-que-parece-inventada-mas-esta-registrada-e-impressiona-por-ter-mais-letras-do-que-muita-frase-inteira","status":"publish","type":"post","link":"https:\/\/www.correiobraziliense.com.br\/cbradar\/a-palavra-da-lingua-portuguesa-que-parece-inventada-mas-esta-registrada-e-impressiona-por-ter-mais-letras-do-que-muita-frase-inteira\/","title":{"rendered":"A palavra da L\u00edngua Portuguesa que parece inventada, mas est\u00e1 registrada e impressiona por ter mais letras do que muita frase inteira"},"content":{"rendered":"\n<p>Muitas pessoas acreditam que palavras extremamente extensas s\u00e3o apenas cria\u00e7\u00f5es curiosas da internet para testar a dic\u00e7\u00e3o dos falantes mais dedicados. No entanto a realidade gramatical brasileira reserva surpresas fascinantes que desafiam a nossa percep\u00e7\u00e3o sobre os limites da escrita formal. Encontrar um termo que supera o tamanho de ora\u00e7\u00f5es inteiras revela a complexidade da nossa linguagem oficial.<\/p>\n\n\n\n<h2 class=\"wp-block-heading\">Por que essa palavra gigante foi criada no vocabul\u00e1rio?<\/h2>\n\n\n\n<p>O surgimento de termos t\u00e9cnicos com dimens\u00f5es extraordin\u00e1rias acontece pela necessidade de descrever fen\u00f4menos muito espec\u00edficos dentro do campo da medicina. Quando uma nova patologia \u00e9 identificada pesquisadores unem diversos radicais latinos para formar um nome que explique exatamente a causa do problema. Essa precis\u00e3o terminol\u00f3gica garante que os profissionais da sa\u00fade utilizem uma nomenclatura unificada e eficiente sempre.<\/p>\n\n\n\n<p>Diferente das g\u00edrias passageiras que surgem nas redes sociais esses voc\u00e1bulos extensos possuem uma estrutura l\u00f3gica que respeita as normas gramaticais. Cada s\u00edlaba adicionada ao radical principal carrega um significado pr\u00f3prio que auxilia na identifica\u00e7\u00e3o das subst\u00e2ncias envolvidas no processo. Ter esse registro no dicion\u00e1rio assegura que a l\u00edngua portuguesa continue evoluindo para acompanhar os novos avan\u00e7os cient\u00edficos internacionais.<\/p>\n\n\n\n<figure class=\"wp-block-image size-full\"><img decoding=\"async\" width=\"1280\" height=\"720\" src=\"https:\/\/www.correiobraziliense.com.br\/cbradar\/wp-content\/uploads\/2026\/04\/Gemini_Generated_Image_ricjnxricjnxricj-1-1.png\" alt=\"A palavra da L\u00edngua Portuguesa que parece inventada, mas est\u00e1 registrada e impressiona por ter mais letras do que muita frase inteira\" class=\"wp-image-234207\" srcset=\"https:\/\/www.correiobraziliense.com.br\/cbradar\/wp-content\/uploads\/2026\/04\/Gemini_Generated_Image_ricjnxricjnxricj-1-1.png 1280w, https:\/\/www.correiobraziliense.com.br\/cbradar\/wp-content\/uploads\/2026\/04\/Gemini_Generated_Image_ricjnxricjnxricj-1-1-300x169.png 300w, https:\/\/www.correiobraziliense.com.br\/cbradar\/wp-content\/uploads\/2026\/04\/Gemini_Generated_Image_ricjnxricjnxricj-1-1-768x432.png 768w, https:\/\/www.correiobraziliense.com.br\/cbradar\/wp-content\/uploads\/2026\/04\/Gemini_Generated_Image_ricjnxricjnxricj-1-1-750x422.png 750w, https:\/\/www.correiobraziliense.com.br\/cbradar\/wp-content\/uploads\/2026\/04\/Gemini_Generated_Image_ricjnxricjnxricj-1-1-1140x641.png 1140w\" sizes=\"(max-width: 1280px) 100vw, 1280px\" \/><figcaption class=\"wp-element-caption\">Palavra mais longa do portugu\u00eas impressiona pelo tamanho e origem cient\u00edfica detalhada<\/figcaption><\/figure>\n\n\n\n<h2 class=\"wp-block-heading\">Qual \u00e9 o significado real desse nome t\u00e3o longo?<\/h2>\n\n\n\n<p>O termo refere-se especificamente a uma doen\u00e7a pulmonar aguda causada pela inala\u00e7\u00e3o de cinzas vulc\u00e2nicas muito finas e agressivas ao tecido. Essas part\u00edculas min\u00fasculas compostas principalmente por sil\u00edcio conseguem penetrar profundamente nos \u00f3rg\u00e3os respirat\u00f3rios gerando um estado inflamat\u00f3rio severo e persistente. \u00c9 uma condi\u00e7\u00e3o rara que exige monitoramento constante devido ao potencial de causar danos graves ao corpo humano.<\/p>\n\n\n\n<p>Apesar do seu tamanho impressionar os leitores a palavra descreve um processo biol\u00f3gico que pode ser compreendido atrav\u00e9s da an\u00e1lise dos seus componentes. Quando as defesas naturais falham ao lidar com as impurezas min\u00fasculas o sistema respirat\u00f3rio entra em alerta m\u00e1ximo para tentar expelir os res\u00edduos t\u00f3xicos. Essa luta interna reflete a fragilidade do organismo diante dos elementos minerais brutos.<\/p>\n\n\n\n<h2 class=\"wp-block-heading\">Como os radicais se unem para formar o termo?<\/h2>\n\n\n\n<p>A forma\u00e7\u00e3o desse voc\u00e1bulo gigante segue uma l\u00f3gica de aglutina\u00e7\u00e3o que agrupa diversas informa\u00e7\u00f5es sobre a patologia em uma \u00fanica estrutura s\u00f3lida. Cada peda\u00e7o do nome fornece uma pista visual sobre a natureza das cinzas ou o local exato onde o problema ocorre. Compreender essa montagem facilita a memoriza\u00e7\u00e3o dos conceitos t\u00e9cnicos fundamentais para os estudiosos da l\u00edngua portuguesa.<\/p>\n\n\n\n<p>As partes que comp\u00f5em essa estrutura morfol\u00f3gica complexa s\u00e3o:<\/p>\n\n\n\n<ul class=\"wp-block-list\">\n<li>Pneumo indica rela\u00e7\u00e3o com os pulm\u00f5es.<\/li>\n\n\n\n<li>Ultra define algo que vai al\u00e9m do comum.<\/li>\n\n\n\n<li>Microscopic descreve o tamanho min\u00fasculo das part\u00edculas.<\/li>\n\n\n\n<li>Silico refere-se ao mineral presente nas cinzas.<\/li>\n\n\n\n<li>Vulcan indica a origem vulc\u00e2nica dos res\u00edduos.<\/li>\n\n\n\n<li>Coni\u00f3tico denomina o estado de doen\u00e7a por poeira.<\/li>\n<\/ul>\n\n\n\n<h2 class=\"wp-block-heading\">Existe alguma utilidade pr\u00e1tica para termos t\u00e3o grandes?<\/h2>\n\n\n\n<p>Utilizar nomes extremamente detalhados permite que a comunidade cient\u00edfica global mantenha um di\u00e1logo preciso e sem ambiguidades sobre diagn\u00f3sticos complexos. Quando um termo descreve exatamente a causa e a consequ\u00eancia de uma doen\u00e7a os profissionais conseguem atuar com muito mais rapidez na busca por tratamentos eficientes. A clareza t\u00e9cnica \u00e9 o principal objetivo por tr\u00e1s dessas constru\u00e7\u00f5es gramaticais sempre.<\/p>\n\n\n\n<p>Al\u00e9m da fun\u00e7\u00e3o m\u00e9dica essas palavras monumentais servem para testar a capacidade de adapta\u00e7\u00e3o e expans\u00e3o do nosso idioma nacional ao longo do tempo. Elas demonstram que a l\u00edngua portuguesa possui ferramentas morfol\u00f3gicas poderosas para criar conceitos novos sempre que a humanidade faz descobertas importantes. Estudar essas raridades vocais enriquece o conhecimento cultural de qualquer falante apaixonado pela gram\u00e1tica viva.<\/p>\n\n\n\n<figure class=\"wp-block-image size-full\"><img decoding=\"async\" width=\"1280\" height=\"720\" src=\"https:\/\/www.correiobraziliense.com.br\/cbradar\/wp-content\/uploads\/2026\/04\/Gemini_Generated_Image_ks3as3ks3as3ks3a-1-1.png\" alt=\"A palavra da L\u00edngua Portuguesa que parece inventada, mas est\u00e1 registrada e impressiona por ter mais letras do que muita frase inteira\" class=\"wp-image-234210\" srcset=\"https:\/\/www.correiobraziliense.com.br\/cbradar\/wp-content\/uploads\/2026\/04\/Gemini_Generated_Image_ks3as3ks3as3ks3a-1-1.png 1280w, https:\/\/www.correiobraziliense.com.br\/cbradar\/wp-content\/uploads\/2026\/04\/Gemini_Generated_Image_ks3as3ks3as3ks3a-1-1-300x169.png 300w, https:\/\/www.correiobraziliense.com.br\/cbradar\/wp-content\/uploads\/2026\/04\/Gemini_Generated_Image_ks3as3ks3as3ks3a-1-1-768x432.png 768w, https:\/\/www.correiobraziliense.com.br\/cbradar\/wp-content\/uploads\/2026\/04\/Gemini_Generated_Image_ks3as3ks3as3ks3a-1-1-750x422.png 750w, https:\/\/www.correiobraziliense.com.br\/cbradar\/wp-content\/uploads\/2026\/04\/Gemini_Generated_Image_ks3as3ks3as3ks3a-1-1-1140x641.png 1140w\" sizes=\"(max-width: 1280px) 100vw, 1280px\" \/><figcaption class=\"wp-element-caption\">Palavra mais longa do portugu\u00eas impressiona pelo tamanho e origem cient\u00edfica detalhada<\/figcaption><\/figure>\n\n\n\n<p>Leia tamb\u00e9m: <a href=\"https:\/\/www.correiobraziliense.com.br\/cbradar\/quando-usar-mal-e-mau-no-dia-a-dia-sem-errar\/\" target=\"_blank\" rel=\"noreferrer noopener\">Quando usar \u201cmal\u201d e \u201cmau\u201d no dia a dia sem errar<\/a><\/p>\n\n\n\n<h2 class=\"wp-block-heading\">Onde buscar registros oficiais para tirar d\u00favidas lingu\u00edsticas?<\/h2>\n\n\n\n<p>Confirmar a grafia de voc\u00e1bulos complexos exige o acesso a fontes de alta autoridade que garantam a precis\u00e3o das informa\u00e7\u00f5es consultadas. Existem portais dedicados a catalogar todas as palavras registradas oficialmente no territ\u00f3rio brasileiro oferecendo seguran\u00e7a para escritores e pesquisadores cuidadosos. Ter o h\u00e1bito de consultar esses bancos de dados evita a propaga\u00e7\u00e3o de mitos ortogr\u00e1ficos desnecess\u00e1rios e persistentes.<\/p>\n\n\n\n<p>Para sanar qualquer incerteza sobre a validade do termo pneumoultramicroscopicossilicovulcanoconi\u00f3tico a consulta ao vocabul\u00e1rio da<a href=\"https:\/\/www.academia.org.br\/nossa-lingua\/busca-no-vocabulario\" target=\"_blank\" rel=\"noreferrer noopener\"> <strong>Academia Brasileira de Letras<\/strong><\/a> \u00e9 indispens\u00e1vel. Utilizar esse recurso oficial assegura que a sua comunica\u00e7\u00e3o permane\u00e7a correta e fundamentada nas normas vigentes do pa\u00eds. Investir no conhecimento profundo do idioma \u00e9 o passo vital para uma trajet\u00f3ria de sucesso profissional e duradouro.<\/p>\n","protected":false},"excerpt":{"rendered":"<p>Muitas pessoas acreditam que palavras extremamente extensas s\u00e3o apenas cria\u00e7\u00f5es curiosas da internet para testar a dic\u00e7\u00e3o dos falantes mais dedicados. No entanto a realidade gramatical brasileira reserva surpresas fascinantes que desafiam a nossa percep\u00e7\u00e3o sobre os limites da escrita formal. Encontrar um termo que supera o tamanho de ora\u00e7\u00f5es inteiras revela a complexidade da [&hellip;]<\/p>\n","protected":false},"author":21,"featured_media":234202,"comment_status":"open","ping_status":"open","sticky":false,"template":"","format":"standard","meta":{"_yoast_wpseo_focuskw":"maior palavra do portugu\u00eas","_yoast_wpseo_title":"","_yoast_wpseo_metadesc":"Palavra gigante do portugu\u00eas surpreende pelo tamanho e revela origem cient\u00edfica ligada a doen\u00e7as pulmonares espec\u00edficas","jnews-multi-image_gallery":[],"jnews_single_post":{"format":"standard"},"jnews_primary_category":[],"jnews_social_meta":[],"jnews_override_counter":[],"footnotes":""},"categories":[112],"tags":[10902,3272,18375,6081],"class_list":["post-234186","post","type-post","status-publish","format-standard","has-post-thumbnail","hentry","category-curiosidades","tag-lingua-portuguesa","tag-palavra","tag-palavra-grande","tag-portugues"],"yoast_head":"<!-- This site is optimized with the Yoast SEO plugin v24.6 - https:\/\/yoast.com\/wordpress\/plugins\/seo\/ -->\n<title>A palavra da L\u00edngua Portuguesa que parece inventada, mas est\u00e1 registrada e impressiona por ter mais letras do que muita frase inteira - Correio Braziliense - Radar<\/title>\n<meta name=\"description\" content=\"Palavra gigante do portugu\u00eas surpreende pelo tamanho e revela origem cient\u00edfica ligada a doen\u00e7as pulmonares espec\u00edficas\" \/>\n<meta name=\"robots\" content=\"index, follow, max-snippet:-1, max-image-preview:large, max-video-preview:-1\" \/>\n<link rel=\"canonical\" href=\"https:\/\/www.correiobraziliense.com.br\/cbradar\/a-palavra-da-lingua-portuguesa-que-parece-inventada-mas-esta-registrada-e-impressiona-por-ter-mais-letras-do-que-muita-frase-inteira\/\" \/>\n<meta property=\"og:locale\" content=\"pt_BR\" \/>\n<meta property=\"og:type\" content=\"article\" \/>\n<meta property=\"og:title\" content=\"A palavra da L\u00edngua Portuguesa que parece inventada, mas est\u00e1 registrada e impressiona por ter mais letras do que muita frase inteira - Correio Braziliense - Radar\" \/>\n<meta property=\"og:description\" content=\"Palavra gigante do portugu\u00eas surpreende pelo tamanho e revela origem cient\u00edfica ligada a doen\u00e7as pulmonares espec\u00edficas\" \/>\n<meta property=\"og:url\" content=\"https:\/\/www.correiobraziliense.com.br\/cbradar\/a-palavra-da-lingua-portuguesa-que-parece-inventada-mas-esta-registrada-e-impressiona-por-ter-mais-letras-do-que-muita-frase-inteira\/\" \/>\n<meta property=\"og:site_name\" content=\"Correio Braziliense - Radar\" \/>\n<meta property=\"article:published_time\" content=\"2026-04-30T23:35:00+00:00\" \/>\n<meta property=\"og:image\" content=\"https:\/\/www.correiobraziliense.com.br\/cbradar\/wp-content\/uploads\/2026\/04\/Gemini_Generated_Image_fxhny2fxhny2fxhn-1-1.png\" \/>\n\t<meta property=\"og:image:width\" content=\"1280\" \/>\n\t<meta property=\"og:image:height\" content=\"720\" \/>\n\t<meta property=\"og:image:type\" content=\"image\/png\" \/>\n<meta name=\"author\" content=\"Patrick Silva\" \/>\n<meta name=\"twitter:card\" content=\"summary_large_image\" \/>\n<meta name=\"twitter:label1\" content=\"Escrito por\" \/>\n\t<meta name=\"twitter:data1\" content=\"Patrick Silva\" \/>\n\t<meta name=\"twitter:label2\" content=\"Est. tempo de leitura\" \/>\n\t<meta name=\"twitter:data2\" content=\"5 minutos\" \/>\n<!-- \/ Yoast SEO plugin. -->","yoast_head_json":{"title":"A palavra da L\u00edngua Portuguesa que parece inventada, mas est\u00e1 registrada e impressiona por ter mais letras do que muita frase inteira - Correio Braziliense - Radar","description":"Palavra gigante do portugu\u00eas surpreende pelo tamanho e revela origem cient\u00edfica ligada a doen\u00e7as pulmonares espec\u00edficas","robots":{"index":"index","follow":"follow","max-snippet":"max-snippet:-1","max-image-preview":"max-image-preview:large","max-video-preview":"max-video-preview:-1"},"canonical":"https:\/\/www.correiobraziliense.com.br\/cbradar\/a-palavra-da-lingua-portuguesa-que-parece-inventada-mas-esta-registrada-e-impressiona-por-ter-mais-letras-do-que-muita-frase-inteira\/","og_locale":"pt_BR","og_type":"article","og_title":"A palavra da L\u00edngua Portuguesa que parece inventada, mas est\u00e1 registrada e impressiona por ter mais letras do que muita frase inteira - Correio Braziliense - Radar","og_description":"Palavra gigante do portugu\u00eas surpreende pelo tamanho e revela origem cient\u00edfica ligada a doen\u00e7as pulmonares espec\u00edficas","og_url":"https:\/\/www.correiobraziliense.com.br\/cbradar\/a-palavra-da-lingua-portuguesa-que-parece-inventada-mas-esta-registrada-e-impressiona-por-ter-mais-letras-do-que-muita-frase-inteira\/","og_site_name":"Correio Braziliense - Radar","article_published_time":"2026-04-30T23:35:00+00:00","og_image":[{"width":1280,"height":720,"url":"https:\/\/www.correiobraziliense.com.br\/cbradar\/wp-content\/uploads\/2026\/04\/Gemini_Generated_Image_fxhny2fxhny2fxhn-1-1.png","type":"image\/png"}],"author":"Patrick Silva","twitter_card":"summary_large_image","twitter_misc":{"Escrito por":"Patrick Silva","Est. tempo de leitura":"5 minutos"},"schema":{"@context":"https:\/\/schema.org","@graph":[{"@type":"WebPage","@id":"https:\/\/www.correiobraziliense.com.br\/cbradar\/a-palavra-da-lingua-portuguesa-que-parece-inventada-mas-esta-registrada-e-impressiona-por-ter-mais-letras-do-que-muita-frase-inteira\/","url":"https:\/\/www.correiobraziliense.com.br\/cbradar\/a-palavra-da-lingua-portuguesa-que-parece-inventada-mas-esta-registrada-e-impressiona-por-ter-mais-letras-do-que-muita-frase-inteira\/","name":"A palavra da L\u00edngua Portuguesa que parece inventada, mas est\u00e1 registrada e impressiona por ter mais letras do que muita frase inteira - Correio Braziliense - Radar","isPartOf":{"@id":"https:\/\/www.correiobraziliense.com.br\/cbradar\/#website"},"primaryImageOfPage":{"@id":"https:\/\/www.correiobraziliense.com.br\/cbradar\/a-palavra-da-lingua-portuguesa-que-parece-inventada-mas-esta-registrada-e-impressiona-por-ter-mais-letras-do-que-muita-frase-inteira\/#primaryimage"},"image":{"@id":"https:\/\/www.correiobraziliense.com.br\/cbradar\/a-palavra-da-lingua-portuguesa-que-parece-inventada-mas-esta-registrada-e-impressiona-por-ter-mais-letras-do-que-muita-frase-inteira\/#primaryimage"},"thumbnailUrl":"https:\/\/www.correiobraziliense.com.br\/cbradar\/wp-content\/uploads\/2026\/04\/Gemini_Generated_Image_fxhny2fxhny2fxhn-1-1.png","datePublished":"2026-04-30T23:35:00+00:00","author":{"@id":"https:\/\/www.correiobraziliense.com.br\/cbradar\/#\/schema\/person\/5440b72be9c7eb74f446c846479dc4da"},"description":"Palavra gigante do portugu\u00eas surpreende pelo tamanho e revela origem cient\u00edfica ligada a doen\u00e7as pulmonares espec\u00edficas","breadcrumb":{"@id":"https:\/\/www.correiobraziliense.com.br\/cbradar\/a-palavra-da-lingua-portuguesa-que-parece-inventada-mas-esta-registrada-e-impressiona-por-ter-mais-letras-do-que-muita-frase-inteira\/#breadcrumb"},"inLanguage":"pt-BR","potentialAction":[{"@type":"ReadAction","target":["https:\/\/www.correiobraziliense.com.br\/cbradar\/a-palavra-da-lingua-portuguesa-que-parece-inventada-mas-esta-registrada-e-impressiona-por-ter-mais-letras-do-que-muita-frase-inteira\/"]}]},{"@type":"ImageObject","inLanguage":"pt-BR","@id":"https:\/\/www.correiobraziliense.com.br\/cbradar\/a-palavra-da-lingua-portuguesa-que-parece-inventada-mas-esta-registrada-e-impressiona-por-ter-mais-letras-do-que-muita-frase-inteira\/#primaryimage","url":"https:\/\/www.correiobraziliense.com.br\/cbradar\/wp-content\/uploads\/2026\/04\/Gemini_Generated_Image_fxhny2fxhny2fxhn-1-1.png","contentUrl":"https:\/\/www.correiobraziliense.com.br\/cbradar\/wp-content\/uploads\/2026\/04\/Gemini_Generated_Image_fxhny2fxhny2fxhn-1-1.png","width":1280,"height":720,"caption":"Palavra mais longa do portugu\u00eas impressiona pelo tamanho e origem cient\u00edfica detalhada"},{"@type":"BreadcrumbList","@id":"https:\/\/www.correiobraziliense.com.br\/cbradar\/a-palavra-da-lingua-portuguesa-que-parece-inventada-mas-esta-registrada-e-impressiona-por-ter-mais-letras-do-que-muita-frase-inteira\/#breadcrumb","itemListElement":[{"@type":"ListItem","position":1,"name":"In\u00edcio","item":"https:\/\/www.correiobraziliense.com.br\/cbradar\/"},{"@type":"ListItem","position":2,"name":"A palavra da L\u00edngua Portuguesa que parece inventada, mas est\u00e1 registrada e impressiona por ter mais letras do que muita frase inteira"}]},{"@type":"WebSite","@id":"https:\/\/www.correiobraziliense.com.br\/cbradar\/#website","url":"https:\/\/www.correiobraziliense.com.br\/cbradar\/","name":"Correio Braziliense - Radar","description":"Acompanhe as \u00faltimas not\u00edcias e fique bem informado sobre tudo o que acontece no Brasil e no mundo.","potentialAction":[{"@type":"SearchAction","target":{"@type":"EntryPoint","urlTemplate":"https:\/\/www.correiobraziliense.com.br\/cbradar\/?s={search_term_string}"},"query-input":{"@type":"PropertyValueSpecification","valueRequired":true,"valueName":"search_term_string"}}],"inLanguage":"pt-BR"},{"@type":"Person","@id":"https:\/\/www.correiobraziliense.com.br\/cbradar\/#\/schema\/person\/5440b72be9c7eb74f446c846479dc4da","name":"Patrick Silva","image":{"@type":"ImageObject","inLanguage":"pt-BR","@id":"https:\/\/www.correiobraziliense.com.br\/cbradar\/#\/schema\/person\/image\/","url":"https:\/\/secure.gravatar.com\/avatar\/944109df296fc087785c9715fd5f80b2?s=96&d=mm&r=g","contentUrl":"https:\/\/secure.gravatar.com\/avatar\/944109df296fc087785c9715fd5f80b2?s=96&d=mm&r=g","caption":"Patrick Silva"},"sameAs":["https:\/\/www.correiobraziliense.com.br\/cbradar\/"],"url":"https:\/\/www.correiobraziliense.com.br\/cbradar\/author\/patrick-silva\/"}]}},"_links":{"self":[{"href":"https:\/\/www.correiobraziliense.com.br\/cbradar\/wp-json\/wp\/v2\/posts\/234186","targetHints":{"allow":["GET"]}}],"collection":[{"href":"https:\/\/www.correiobraziliense.com.br\/cbradar\/wp-json\/wp\/v2\/posts"}],"about":[{"href":"https:\/\/www.correiobraziliense.com.br\/cbradar\/wp-json\/wp\/v2\/types\/post"}],"author":[{"embeddable":true,"href":"https:\/\/www.correiobraziliense.com.br\/cbradar\/wp-json\/wp\/v2\/users\/21"}],"replies":[{"embeddable":true,"href":"https:\/\/www.correiobraziliense.com.br\/cbradar\/wp-json\/wp\/v2\/comments?post=234186"}],"version-history":[{"count":2,"href":"https:\/\/www.correiobraziliense.com.br\/cbradar\/wp-json\/wp\/v2\/posts\/234186\/revisions"}],"predecessor-version":[{"id":234212,"href":"https:\/\/www.correiobraziliense.com.br\/cbradar\/wp-json\/wp\/v2\/posts\/234186\/revisions\/234212"}],"wp:featuredmedia":[{"embeddable":true,"href":"https:\/\/www.correiobraziliense.com.br\/cbradar\/wp-json\/wp\/v2\/media\/234202"}],"wp:attachment":[{"href":"https:\/\/www.correiobraziliense.com.br\/cbradar\/wp-json\/wp\/v2\/media?parent=234186"}],"wp:term":[{"taxonomy":"category","embeddable":true,"href":"https:\/\/www.correiobraziliense.com.br\/cbradar\/wp-json\/wp\/v2\/categories?post=234186"},{"taxonomy":"post_tag","embeddable":true,"href":"https:\/\/www.correiobraziliense.com.br\/cbradar\/wp-json\/wp\/v2\/tags?post=234186"}],"curies":[{"name":"wp","href":"https:\/\/api.w.org\/{rel}","templated":true}]}}