{"id":234190,"date":"2026-04-29T13:15:00","date_gmt":"2026-04-29T16:15:00","guid":{"rendered":"https:\/\/www.correiobraziliense.com.br\/cbradar\/?p=234190"},"modified":"2026-04-29T11:03:30","modified_gmt":"2026-04-29T14:03:30","slug":"o-que-acontece-quando-voce-nao-usa-fio-dental-pode-surpreender-voce","status":"publish","type":"post","link":"https:\/\/www.correiobraziliense.com.br\/cbradar\/o-que-acontece-quando-voce-nao-usa-fio-dental-pode-surpreender-voce\/","title":{"rendered":"O que acontece quando voc\u00ea n\u00e3o usa fio dental pode surpreender voc\u00ea"},"content":{"rendered":"\n<p>O uso di\u00e1rio do fio dental \u00e9 uma pr\u00e1tica essencial para a manuten\u00e7\u00e3o da sa\u00fade bucal e, por extens\u00e3o, para a sa\u00fade geral do organismo. Enquanto a escova de dentes consegue atingir apenas tr\u00eas das cinco superf\u00edcies dent\u00e1rias, o fio dental acessa os espa\u00e7os interdentais e a linha gengival, \u00e1reas propensas ao ac\u00famulo de biofilme bacteriano, tamb\u00e9m conhecido como placa bacteriana, formado por microrganismos que podem causar c\u00e1ries e doen\u00e7as gengivais se n\u00e3o forem removidos regularmente.<\/p>\n\n\n\n<h2 class=\"wp-block-heading\">Como o biofilme e o t\u00e1rtaro prejudicam dentes e gengivas?<\/h2>\n\n\n\n<p>A presen\u00e7a e evolu\u00e7\u00e3o do biofilme podem levar \u00e0 forma\u00e7\u00e3o de t\u00e1rtaro, um dep\u00f3sito mineralizado dif\u00edcil de remover sem ajuda profissional. A remo\u00e7\u00e3o regular do biofilme impede que ele calcifique e cause inflama\u00e7\u00f5es gengivais, evitando a evolu\u00e7\u00e3o para condi\u00e7\u00f5es mais severas como a periodontite.<\/p>\n\n\n\n<p>Al\u00e9m de preservar dentes e gengivas, o controle do biofilme ajuda a reduzir mau h\u00e1lito e sensibilidade. Assim, o fio dental atua como barreira importante contra problemas que afetam n\u00e3o s\u00f3 a cavidade oral, mas tamb\u00e9m podem ter implica\u00e7\u00f5es sist\u00eamicas ao longo do tempo.<\/p>\n\n\n\n<h2 class=\"wp-block-heading\">Como a sa\u00fade bucal se conecta a outras doen\u00e7as sist\u00eamicas?<\/h2>\n\n\n\n<p>A rela\u00e7\u00e3o entre a sa\u00fade bucal e doen\u00e7as sist\u00eamicas, como as cardiovasculares, est\u00e1 bem documentada. A periodontite, forma avan\u00e7ada de doen\u00e7a gengival, destr\u00f3i os tecidos de suporte dos dentes e pode liberar bact\u00e9rias e mediadores inflamat\u00f3rios na corrente sangu\u00ednea.<\/p>\n\n\n\n<p>Esse processo inflamat\u00f3rio contribui para o agravamento de condi\u00e7\u00f5es como doen\u00e7as card\u00edacas e diabetes. Estudos indicam que indiv\u00edduos com doen\u00e7as periodontais t\u00eam risco aumentado de 24% para eventos cardiovasculares graves, refor\u00e7ando a import\u00e2ncia de preven\u00e7\u00e3o e tratamento adequados.<\/p>\n\n\n<div class=\"wp-block-image\">\n<figure class=\"aligncenter size-large\"><img decoding=\"async\" width=\"1024\" height=\"576\" src=\"https:\/\/www.correiobraziliense.com.br\/cbradar\/wp-content\/uploads\/2025\/11\/Fio-Dental_1763325373109-1024x576.jpg\" alt=\"\" class=\"wp-image-138925\" srcset=\"https:\/\/www.correiobraziliense.com.br\/cbradar\/wp-content\/uploads\/2025\/11\/Fio-Dental_1763325373109-1024x576.jpg 1024w, https:\/\/www.correiobraziliense.com.br\/cbradar\/wp-content\/uploads\/2025\/11\/Fio-Dental_1763325373109-300x169.jpg 300w, https:\/\/www.correiobraziliense.com.br\/cbradar\/wp-content\/uploads\/2025\/11\/Fio-Dental_1763325373109-768x432.jpg 768w, https:\/\/www.correiobraziliense.com.br\/cbradar\/wp-content\/uploads\/2025\/11\/Fio-Dental_1763325373109-750x422.jpg 750w, https:\/\/www.correiobraziliense.com.br\/cbradar\/wp-content\/uploads\/2025\/11\/Fio-Dental_1763325373109-1140x641.jpg 1140w, https:\/\/www.correiobraziliense.com.br\/cbradar\/wp-content\/uploads\/2025\/11\/Fio-Dental_1763325373109.jpg 1280w\" sizes=\"(max-width: 1024px) 100vw, 1024px\" \/><figcaption class=\"wp-element-caption\">Fio Dental &#8211; Cr\u00e9ditos: depositphotos.com \/ AllaSerebrina<\/figcaption><\/figure><\/div>\n\n\n<h2 class=\"wp-block-heading\">Qual \u00e9 a import\u00e2ncia do fio dental na preven\u00e7\u00e3o de problemas de sa\u00fade?<\/h2>\n\n\n\n<p>O fio dental desempenha papel crucial na preven\u00e7\u00e3o de doen\u00e7as bucais e nas suas repercuss\u00f5es sist\u00eamicas. Ao remover o biofilme bacteriano de \u00e1reas dif\u00edceis de alcan\u00e7ar pela escova\u00e7\u00e3o, ele previne c\u00e1ries, inflama\u00e7\u00f5es gengivais e reduz o risco de progress\u00e3o para periodontite.<\/p>\n\n\n\n<p>Al\u00e9m disso, o uso di\u00e1rio do fio faz parte de um conjunto de h\u00e1bitos de higiene que amplia a prote\u00e7\u00e3o da boca e do organismo. Entre os principais benef\u00edcios do fio dental para a <a href=\"https:\/\/www.correiobraziliense.com.br\/cbradar\/sua-visao-de-perto-esta-piorando-isso-pode-explicar-o-que-esta-acontecendo\/\" target=\"_blank\" rel=\"noreferrer noopener\">sa\u00fade<\/a>, destacam-se:<\/p>\n\n\n\n<style>\n  .make-wrap{\n    max-width: 760px;\n    margin: 26px auto;\n    padding: 18px;\n    border-radius: 18px;\n    background: linear-gradient(135deg,#fff7fb 0%,#f6f2ff 100%);\n    border: 1px solid #f7d4ea;\n    box-shadow: 0 8px 20px rgba(236,72,153,.12);\n    font-family: system-ui, -apple-system, Segoe UI, Roboto, Helvetica, Arial, sans-serif;\n  }\n\n  .make-title{\n    display:flex; \n    align-items:center; \n    gap:10px;\n    margin:0 0 12px 4px;\n    font-size:1.2rem; \n    font-weight:900; \n    color:#9d174d;\n  }\n\n  .make-table{\n    width:100%;\n    border-collapse:separate;\n    border-spacing:0;\n    overflow:hidden;\n    border-radius:16px;\n    border:1px solid #f7d4ea;\n    background:#fff;\n    font-size:.92rem;\n  }\n\n  .make-table thead th{\n    background:linear-gradient(90deg,#fde7f3 0%,#f8e9ff 100%);\n    padding:12px;\n    color:#7a1e63;\n    font-weight:800;\n    text-align:left;\n    border-bottom:1px solid #f7d4ea;\n  }\n\n  .make-table tbody td{\n    padding:12px;\n    color:#374151;\n    vertical-align:top;\n    border-bottom:1px dashed #f7d4ea;\n  }\n\n  .make-table tbody tr:nth-child(odd){\n    background:#fffaff;\n  }\n\n  .price{\n    display:inline-flex;\n    align-items:center;\n    background:#fff7ed;\n    color:#b45309;\n    padding:6px 10px;\n    border-radius:10px;\n    border:1px solid #fed7aa;\n    font-weight:700;\n    white-space:nowrap;\n  }\n\n  .badge{\n    display:inline-block;\n    background:#fde7f3;\n    color:#c026d3;\n    border:1px solid #fecdd3;\n    padding:4px 10px;\n    border-radius:999px;\n    font-weight:700;\n    font-size:.78rem;\n  }\n\n  @media (max-width:720px){\n    .make-table thead{display:none}\n    .make-table, .make-table tbody, .make-table tr, .make-table td{\n      display:block; \n      width:100%;\n    }\n    .make-table tr{\n      margin-bottom:12px;\n      border:1px solid #f7d4ea;\n      border-radius:14px;\n      overflow:hidden;\n      background:#fff;\n    }\n    .make-table td[data-label]:before{\n      content:attr(data-label);\n      display:block;\n      font-weight:800;\n      color:#7a1e63;\n      margin-bottom:4px;\n    }\n    .make-table tbody td:last-child{border-bottom:none}\n  }\n<\/style>\n\n<div class=\"make-wrap\">\n  <h3 class=\"make-title\">\ud83e\uddb7\u2728 Benef\u00edcios para a Sa\u00fade Bucal<\/h3>\n\n  <table class=\"make-table\">\n    <thead>\n      <tr>\n        <th>Benef\u00edcio<\/th>\n        <th>Descri\u00e7\u00e3o<\/th>\n      <\/tr>\n    <\/thead>\n    <tbody>\n      <tr>\n        <td data-label=\"Benef\u00edcio\">Prote\u00e7\u00e3o gengival e contra c\u00e1ries<\/td>\n        <td data-label=\"Descri\u00e7\u00e3o\">Preven\u00e7\u00e3o de inflama\u00e7\u00f5es gengivais e c\u00e1ries.<\/td>\n      <\/tr>\n      <tr>\n        <td data-label=\"Benef\u00edcio\">Controle de t\u00e1rtaro<\/td>\n        <td data-label=\"Descri\u00e7\u00e3o\">Redu\u00e7\u00e3o da forma\u00e7\u00e3o de t\u00e1rtaro entre os dentes.<\/td>\n      <\/tr>\n      <tr>\n        <td data-label=\"Benef\u00edcio\">Sa\u00fade sist\u00eamica<\/td>\n        <td data-label=\"Descri\u00e7\u00e3o\">Diminui\u00e7\u00e3o do risco de doen\u00e7as sist\u00eamicas associadas \u00e0 periodontite.<\/td>\n      <\/tr>\n    <\/tbody>\n  <\/table>\n\n  <p style=\"margin-top:14px; color:#6b7280; font-size:.9rem;\">\n    \ud83d\udca1 <strong>Dica:<\/strong> Manter uma rotina de higiene bucal adequada potencializa ainda mais esses benef\u00edcios.\n  <\/p>\n<\/div>\n\n\n\n\n<h2 class=\"wp-block-heading\">Como usar o fio dental de forma correta e eficaz?<\/h2>\n\n\n\n<p>Para obter o m\u00e1ximo benef\u00edcio do fio dental, \u00e9 essencial utiliz\u00e1-lo corretamente. Recomenda-se o uso de cerca de 40 cm de fio, envolvendo as extremidades nos dedos m\u00e9dios, deslizando-o suavemente entre os dentes em formato de C para alcan\u00e7ar a linha gengival e usando uma se\u00e7\u00e3o nova em cada espa\u00e7o interdental.<\/p>\n\n\n\n<p>Quem tem dificuldade com o fio convencional pode optar por modelos com haste ou irrigadores orais, \u00fateis para pessoas com aparelhos ortod\u00f4nticos ou pr\u00f3teses. Em caso de sangramento gengival persistente, dor, mobilidade dent\u00e1ria ou mau h\u00e1lito cont\u00ednuo, \u00e9 fundamental buscar orienta\u00e7\u00e3o profissional para diagn\u00f3stico e tratamento adequados.<\/p>\n\n\n<a href=\"https:\/\/www.instagram.com\/dra.annaluisabf\/\" target=\"_blank\" rel=\"noopener\" style=\"text-decoration: none; color: inherit;\">\n    <span style=\"display: inline-block; border: 1px solid #ccc; border-radius: 10px; padding: 15px; max-width: 550px; font-family: sans-serif; box-shadow: 0 2px 5px rgba(0,0,0,0.1); width: 100%;\">\n\n      <!-- T\u00edtulo -->\n      <span style=\"display: block; margin: 0 0 15px 0; font-weight: bold; color: #2c3e50; text-align: center;\">\n        Entre em contato:\n      <\/span>\n\n      <!-- Linha do perfil -->\n      <span style=\"display: flex; align-items: center; gap: 15px;\">\n        <img decoding=\"async\"\n          src=\"https:\/\/www.correiobraziliense.com.br\/cbradar\/wp-content\/uploads\/2025\/08\/dra_anna_luisa.jpeg\"\n          alt=\"Foto da Dra. Anna Lu\u00edsa\"\n          style=\"border-radius: 50%; width: 80px; height: 80px; object-fit: cover;\"\n        \/>\n        <span style=\"display: flex; flex-direction: column;\">\n          <span style=\"font-size: 18px; font-weight: 700; color: #2c3e50;\">Dra. Anna Lu\u00edsa Barbosa Fernandes<\/span>\n          <span style=\"color: #555;\">CRM-GO 33.271<\/span>\n        <\/span>\n      <\/span>\n\n      <!-- Redes -->\n      <span style=\"display: flex; align-items: center; gap: 10px; margin-top: 12px;\">\n        <img decoding=\"async\" src=\"https:\/\/cdn-icons-png.flaticon.com\/24\/1384\/1384063.png\" alt=\"Instagram\" width=\"24\" height=\"24\" \/>\n        <span style=\"text-decoration: underline; color: #2c3e50;\">@dra.annaluisabf<\/span>\n      <\/span>\n\n    <\/span>\n  <\/a>","protected":false},"excerpt":{"rendered":"<p>O uso di\u00e1rio do fio dental \u00e9 uma pr\u00e1tica essencial para a manuten\u00e7\u00e3o da sa\u00fade bucal e, por extens\u00e3o, para a sa\u00fade geral do organismo. Enquanto a escova de dentes consegue atingir apenas tr\u00eas das cinco superf\u00edcies dent\u00e1rias, o fio dental acessa os espa\u00e7os interdentais e a linha gengival, \u00e1reas propensas ao ac\u00famulo de biofilme [&hellip;]<\/p>\n","protected":false},"author":14,"featured_media":138928,"comment_status":"open","ping_status":"open","sticky":false,"template":"","format":"standard","meta":{"_yoast_wpseo_focuskw":"fio dental","_yoast_wpseo_title":"","_yoast_wpseo_metadesc":"Entenda como o fio dental ajuda a evitar inflama\u00e7\u00f5es e problemas que v\u00e3o al\u00e9m da boca. Veja como o uso do fio dental pode melhorar sua sa\u00fade bucal e reduzir riscos futuros","jnews-multi-image_gallery":[],"jnews_single_post":{"format":"standard"},"jnews_primary_category":[],"jnews_social_meta":[],"jnews_override_counter":[],"footnotes":""},"categories":[4404],"tags":[],"class_list":["post-234190","post","type-post","status-publish","format-standard","has-post-thumbnail","hentry","category-saude"],"yoast_head":"<!-- This site is optimized with the Yoast SEO plugin v24.6 - https:\/\/yoast.com\/wordpress\/plugins\/seo\/ -->\n<title>O que acontece quando voc\u00ea n\u00e3o usa fio dental pode surpreender voc\u00ea - Correio Braziliense - Radar<\/title>\n<meta name=\"description\" content=\"Entenda como o fio dental ajuda a evitar inflama\u00e7\u00f5es e problemas que v\u00e3o al\u00e9m da boca. Veja como o uso do fio dental pode melhorar sua sa\u00fade bucal e reduzir riscos futuros\" \/>\n<meta name=\"robots\" content=\"index, follow, max-snippet:-1, max-image-preview:large, max-video-preview:-1\" \/>\n<link rel=\"canonical\" href=\"https:\/\/www.correiobraziliense.com.br\/cbradar\/o-que-acontece-quando-voce-nao-usa-fio-dental-pode-surpreender-voce\/\" \/>\n<meta property=\"og:locale\" content=\"pt_BR\" \/>\n<meta property=\"og:type\" content=\"article\" \/>\n<meta property=\"og:title\" content=\"O que acontece quando voc\u00ea n\u00e3o usa fio dental pode surpreender voc\u00ea - Correio Braziliense - Radar\" \/>\n<meta property=\"og:description\" content=\"Entenda como o fio dental ajuda a evitar inflama\u00e7\u00f5es e problemas que v\u00e3o al\u00e9m da boca. Veja como o uso do fio dental pode melhorar sua sa\u00fade bucal e reduzir riscos futuros\" \/>\n<meta property=\"og:url\" content=\"https:\/\/www.correiobraziliense.com.br\/cbradar\/o-que-acontece-quando-voce-nao-usa-fio-dental-pode-surpreender-voce\/\" \/>\n<meta property=\"og:site_name\" content=\"Correio Braziliense - Radar\" \/>\n<meta property=\"article:published_time\" content=\"2026-04-29T16:15:00+00:00\" \/>\n<meta property=\"og:image\" content=\"https:\/\/www.correiobraziliense.com.br\/cbradar\/wp-content\/uploads\/2025\/11\/Fio-Dental_1763325394215.jpg\" \/>\n\t<meta property=\"og:image:width\" content=\"1280\" \/>\n\t<meta property=\"og:image:height\" content=\"720\" \/>\n\t<meta property=\"og:image:type\" content=\"image\/jpeg\" \/>\n<meta name=\"author\" content=\"guilherme_saude\" \/>\n<meta name=\"twitter:card\" content=\"summary_large_image\" \/>\n<meta name=\"twitter:label1\" content=\"Escrito por\" \/>\n\t<meta name=\"twitter:data1\" content=\"guilherme_saude\" \/>\n\t<meta name=\"twitter:label2\" content=\"Est. tempo de leitura\" \/>\n\t<meta name=\"twitter:data2\" content=\"4 minutos\" \/>\n<!-- \/ Yoast SEO plugin. -->","yoast_head_json":{"title":"O que acontece quando voc\u00ea n\u00e3o usa fio dental pode surpreender voc\u00ea - Correio Braziliense - Radar","description":"Entenda como o fio dental ajuda a evitar inflama\u00e7\u00f5es e problemas que v\u00e3o al\u00e9m da boca. Veja como o uso do fio dental pode melhorar sua sa\u00fade bucal e reduzir riscos futuros","robots":{"index":"index","follow":"follow","max-snippet":"max-snippet:-1","max-image-preview":"max-image-preview:large","max-video-preview":"max-video-preview:-1"},"canonical":"https:\/\/www.correiobraziliense.com.br\/cbradar\/o-que-acontece-quando-voce-nao-usa-fio-dental-pode-surpreender-voce\/","og_locale":"pt_BR","og_type":"article","og_title":"O que acontece quando voc\u00ea n\u00e3o usa fio dental pode surpreender voc\u00ea - Correio Braziliense - Radar","og_description":"Entenda como o fio dental ajuda a evitar inflama\u00e7\u00f5es e problemas que v\u00e3o al\u00e9m da boca. Veja como o uso do fio dental pode melhorar sua sa\u00fade bucal e reduzir riscos futuros","og_url":"https:\/\/www.correiobraziliense.com.br\/cbradar\/o-que-acontece-quando-voce-nao-usa-fio-dental-pode-surpreender-voce\/","og_site_name":"Correio Braziliense - Radar","article_published_time":"2026-04-29T16:15:00+00:00","og_image":[{"width":1280,"height":720,"url":"https:\/\/www.correiobraziliense.com.br\/cbradar\/wp-content\/uploads\/2025\/11\/Fio-Dental_1763325394215.jpg","type":"image\/jpeg"}],"author":"guilherme_saude","twitter_card":"summary_large_image","twitter_misc":{"Escrito por":"guilherme_saude","Est. tempo de leitura":"4 minutos"},"schema":{"@context":"https:\/\/schema.org","@graph":[{"@type":"WebPage","@id":"https:\/\/www.correiobraziliense.com.br\/cbradar\/o-que-acontece-quando-voce-nao-usa-fio-dental-pode-surpreender-voce\/","url":"https:\/\/www.correiobraziliense.com.br\/cbradar\/o-que-acontece-quando-voce-nao-usa-fio-dental-pode-surpreender-voce\/","name":"O que acontece quando voc\u00ea n\u00e3o usa fio dental pode surpreender voc\u00ea - Correio Braziliense - Radar","isPartOf":{"@id":"https:\/\/www.correiobraziliense.com.br\/cbradar\/#website"},"primaryImageOfPage":{"@id":"https:\/\/www.correiobraziliense.com.br\/cbradar\/o-que-acontece-quando-voce-nao-usa-fio-dental-pode-surpreender-voce\/#primaryimage"},"image":{"@id":"https:\/\/www.correiobraziliense.com.br\/cbradar\/o-que-acontece-quando-voce-nao-usa-fio-dental-pode-surpreender-voce\/#primaryimage"},"thumbnailUrl":"https:\/\/www.correiobraziliense.com.br\/cbradar\/wp-content\/uploads\/2025\/11\/Fio-Dental_1763325394215.jpg","datePublished":"2026-04-29T16:15:00+00:00","author":{"@id":"https:\/\/www.correiobraziliense.com.br\/cbradar\/#\/schema\/person\/5aa4bf3c8fa699c267933611de12978b"},"description":"Entenda como o fio dental ajuda a evitar inflama\u00e7\u00f5es e problemas que v\u00e3o al\u00e9m da boca. Veja como o uso do fio dental pode melhorar sua sa\u00fade bucal e reduzir riscos futuros","breadcrumb":{"@id":"https:\/\/www.correiobraziliense.com.br\/cbradar\/o-que-acontece-quando-voce-nao-usa-fio-dental-pode-surpreender-voce\/#breadcrumb"},"inLanguage":"pt-BR","potentialAction":[{"@type":"ReadAction","target":["https:\/\/www.correiobraziliense.com.br\/cbradar\/o-que-acontece-quando-voce-nao-usa-fio-dental-pode-surpreender-voce\/"]}]},{"@type":"ImageObject","inLanguage":"pt-BR","@id":"https:\/\/www.correiobraziliense.com.br\/cbradar\/o-que-acontece-quando-voce-nao-usa-fio-dental-pode-surpreender-voce\/#primaryimage","url":"https:\/\/www.correiobraziliense.com.br\/cbradar\/wp-content\/uploads\/2025\/11\/Fio-Dental_1763325394215.jpg","contentUrl":"https:\/\/www.correiobraziliense.com.br\/cbradar\/wp-content\/uploads\/2025\/11\/Fio-Dental_1763325394215.jpg","width":1280,"height":720,"caption":"Fio Dental - Cr\u00e9ditos: depositphotos.com \/ AllaSerebrina"},{"@type":"BreadcrumbList","@id":"https:\/\/www.correiobraziliense.com.br\/cbradar\/o-que-acontece-quando-voce-nao-usa-fio-dental-pode-surpreender-voce\/#breadcrumb","itemListElement":[{"@type":"ListItem","position":1,"name":"In\u00edcio","item":"https:\/\/www.correiobraziliense.com.br\/cbradar\/"},{"@type":"ListItem","position":2,"name":"O que acontece quando voc\u00ea n\u00e3o usa fio dental pode surpreender voc\u00ea"}]},{"@type":"WebSite","@id":"https:\/\/www.correiobraziliense.com.br\/cbradar\/#website","url":"https:\/\/www.correiobraziliense.com.br\/cbradar\/","name":"Correio Braziliense - Radar","description":"Acompanhe as \u00faltimas not\u00edcias e fique bem informado sobre tudo o que acontece no Brasil e no mundo.","potentialAction":[{"@type":"SearchAction","target":{"@type":"EntryPoint","urlTemplate":"https:\/\/www.correiobraziliense.com.br\/cbradar\/?s={search_term_string}"},"query-input":{"@type":"PropertyValueSpecification","valueRequired":true,"valueName":"search_term_string"}}],"inLanguage":"pt-BR"},{"@type":"Person","@id":"https:\/\/www.correiobraziliense.com.br\/cbradar\/#\/schema\/person\/5aa4bf3c8fa699c267933611de12978b","name":"guilherme_saude","image":{"@type":"ImageObject","inLanguage":"pt-BR","@id":"https:\/\/www.correiobraziliense.com.br\/cbradar\/#\/schema\/person\/image\/","url":"https:\/\/secure.gravatar.com\/avatar\/df9adfb835d344bc0af109d41756253f?s=96&d=mm&r=g","contentUrl":"https:\/\/secure.gravatar.com\/avatar\/df9adfb835d344bc0af109d41756253f?s=96&d=mm&r=g","caption":"guilherme_saude"},"url":"https:\/\/www.correiobraziliense.com.br\/cbradar\/author\/guilherme_saude\/"}]}},"_links":{"self":[{"href":"https:\/\/www.correiobraziliense.com.br\/cbradar\/wp-json\/wp\/v2\/posts\/234190","targetHints":{"allow":["GET"]}}],"collection":[{"href":"https:\/\/www.correiobraziliense.com.br\/cbradar\/wp-json\/wp\/v2\/posts"}],"about":[{"href":"https:\/\/www.correiobraziliense.com.br\/cbradar\/wp-json\/wp\/v2\/types\/post"}],"author":[{"embeddable":true,"href":"https:\/\/www.correiobraziliense.com.br\/cbradar\/wp-json\/wp\/v2\/users\/14"}],"replies":[{"embeddable":true,"href":"https:\/\/www.correiobraziliense.com.br\/cbradar\/wp-json\/wp\/v2\/comments?post=234190"}],"version-history":[{"count":1,"href":"https:\/\/www.correiobraziliense.com.br\/cbradar\/wp-json\/wp\/v2\/posts\/234190\/revisions"}],"predecessor-version":[{"id":234213,"href":"https:\/\/www.correiobraziliense.com.br\/cbradar\/wp-json\/wp\/v2\/posts\/234190\/revisions\/234213"}],"wp:featuredmedia":[{"embeddable":true,"href":"https:\/\/www.correiobraziliense.com.br\/cbradar\/wp-json\/wp\/v2\/media\/138928"}],"wp:attachment":[{"href":"https:\/\/www.correiobraziliense.com.br\/cbradar\/wp-json\/wp\/v2\/media?parent=234190"}],"wp:term":[{"taxonomy":"category","embeddable":true,"href":"https:\/\/www.correiobraziliense.com.br\/cbradar\/wp-json\/wp\/v2\/categories?post=234190"},{"taxonomy":"post_tag","embeddable":true,"href":"https:\/\/www.correiobraziliense.com.br\/cbradar\/wp-json\/wp\/v2\/tags?post=234190"}],"curies":[{"name":"wp","href":"https:\/\/api.w.org\/{rel}","templated":true}]}}