{"id":234208,"date":"2026-04-30T06:45:00","date_gmt":"2026-04-30T09:45:00","guid":{"rendered":"https:\/\/www.correiobraziliense.com.br\/cbradar\/?p=234208"},"modified":"2026-04-29T11:10:28","modified_gmt":"2026-04-29T14:10:28","slug":"nomes-femininos-inspirados-na-energia-de-bebes-do-mes-de-maio","status":"publish","type":"post","link":"https:\/\/www.correiobraziliense.com.br\/cbradar\/nomes-femininos-inspirados-na-energia-de-bebes-do-mes-de-maio\/","title":{"rendered":"Nomes femininos inspirados na energia de beb\u00eas do m\u00eas de maio"},"content":{"rendered":"\n<p>Escolher o nome de uma crian\u00e7a \u00e9 um momento repleto de significado e expectativa para todas as fam\u00edlias dedicadas. O m\u00eas de maio traz consigo uma energia de renova\u00e7\u00e3o e florescimento que pode inspirar escolhas delicadas e marcantes ao mesmo tempo. Buscar op\u00e7\u00f5es que transmitam beleza e for\u00e7a ajuda a construir uma identidade s\u00f3lida para a pequena integrante.<\/p>\n\n\n\n<h2 class=\"wp-block-heading\">Por que o m\u00eas de maio inspira nomes ligados \u00e0 natureza?<\/h2>\n\n\n\n<p>Para muitas culturas ao redor do mundo este per\u00edodo representa o \u00e1pice da primavera e a explos\u00e3o de cores nas paisagens naturais. Essa conex\u00e3o profunda com o renascimento da vida faz com que termos que remetem a flores e elementos org\u00e2nicos sejam escolhas frequentes. Optar por essas varia\u00e7\u00f5es confere uma aura de frescor e vivacidade para a menina escolhida carinhosamente.<\/p>\n\n\n\n<p>As tradi\u00e7\u00f5es antigas costumam associar este tempo \u00e0 fertilidade e ao cuidado maternal intenso em diversas sociedades espalhadas pelo globo terrestre. Quando os pais selecionam nomes que evocam a flora eles est\u00e3o presenteando a filha com uma heran\u00e7a de delicadeza e resist\u00eancia f\u00edsica. Essa harmonia com o meio ambiente fortalece a conex\u00e3o da crian\u00e7a com o mundo natural bastante sempre.<\/p>\n\n\n\n<figure class=\"wp-block-image size-full\"><img decoding=\"async\" width=\"1280\" height=\"720\" src=\"https:\/\/www.correiobraziliense.com.br\/cbradar\/wp-content\/uploads\/2026\/04\/Gemini_Generated_Image_wi76mxwi76mxwi76-1-1.png\" alt=\"Nomes femininos inspirados na energia de beb\u00eas do m\u00eas de maio\" class=\"wp-image-234215\" srcset=\"https:\/\/www.correiobraziliense.com.br\/cbradar\/wp-content\/uploads\/2026\/04\/Gemini_Generated_Image_wi76mxwi76mxwi76-1-1.png 1280w, https:\/\/www.correiobraziliense.com.br\/cbradar\/wp-content\/uploads\/2026\/04\/Gemini_Generated_Image_wi76mxwi76mxwi76-1-1-300x169.png 300w, https:\/\/www.correiobraziliense.com.br\/cbradar\/wp-content\/uploads\/2026\/04\/Gemini_Generated_Image_wi76mxwi76mxwi76-1-1-768x432.png 768w, https:\/\/www.correiobraziliense.com.br\/cbradar\/wp-content\/uploads\/2026\/04\/Gemini_Generated_Image_wi76mxwi76mxwi76-1-1-750x422.png 750w, https:\/\/www.correiobraziliense.com.br\/cbradar\/wp-content\/uploads\/2026\/04\/Gemini_Generated_Image_wi76mxwi76mxwi76-1-1-1140x641.png 1140w\" sizes=\"(max-width: 1280px) 100vw, 1280px\" \/><figcaption class=\"wp-element-caption\">Nomes femininos inspirados em maio trazem delicadeza, significado e conex\u00e3o com a natureza<\/figcaption><\/figure>\n\n\n\n<h2 class=\"wp-block-heading\">Quais s\u00e3o as op\u00e7\u00f5es cl\u00e1ssicas que nunca saem de moda?<\/h2>\n\n\n\n<p>Existem escolhas tradicionais que atravessam gera\u00e7\u00f5es mantendo a eleg\u00e2ncia e a sofistica\u00e7\u00e3o necess\u00e1rias para uma trajet\u00f3ria de vida repleta de sucessos. Nomes que possuem ra\u00edzes latinas ou religiosas costumam ser muito apreciados por sua sonoridade suave e f\u00e1cil reconhecimento em qualquer ambiente social. Manter a tradi\u00e7\u00e3o \u00e9 uma forma segura e inteligente de garantir uma identidade respeitada sempre.<\/p>\n\n\n\n<p>Muitas fam\u00edlias optam por varia\u00e7\u00f5es que homenageiam figuras hist\u00f3ricas importantes ou antepassados queridos que deixaram um legado de virtudes admir\u00e1veis. Essas alcunhas cl\u00e1ssicas oferecem uma base s\u00f3lida de pertencimento e ajudam a crian\u00e7a a compreender o seu lugar dentro da estrutura familiar complexa. Priorizar a perenidade do nome evita que a escolha pare\u00e7a datada em poucos anos realmente sempre.<\/p>\n\n\n\n<h2 class=\"wp-block-heading\">Quais nomes curtos e modernos combinam com essa \u00e9poca?<\/h2>\n\n\n\n<p>As tend\u00eancias contempor\u00e2neas valorizam termos minimalistas que possuem uma pron\u00fancia marcante e uma escrita simplificada para facilitar a comunica\u00e7\u00e3o no mundo digital. Essas op\u00e7\u00f5es curtas transmitem modernidade e autonomia, caracter\u00edsticas desejadas para as mulheres que ir\u00e3o liderar o futuro com determina\u00e7\u00e3o e clareza. Selecionar uma sonoridade enxuta ajuda na memoriza\u00e7\u00e3o e no carinho de todos os amigos pr\u00f3ximos queridos unidos.<\/p>\n\n\n\n<p>As sugest\u00f5es mais populares que unem leveza e personalidade forte para as beb\u00eas s\u00e3o:<\/p>\n\n\n\n<ul class=\"wp-block-list\">\n<li><strong>Maia<\/strong> que remete \u00e0 deusa da fertilidade e da primavera.<\/li>\n\n\n\n<li><strong>\u00cdris<\/strong> representando o arco-\u00edris e a diversidade de cores.<\/li>\n\n\n\n<li><strong>Flora<\/strong> simbolizando a deusa das flores e da natureza.<\/li>\n\n\n\n<li><strong>Luna<\/strong> que evoca a ilumina\u00e7\u00e3o suave da lua cheia.<\/li>\n<\/ul>\n\n\n\n<h2 class=\"wp-block-heading\">Como o significado influencia a escolha da fam\u00edlia?<\/h2>\n\n\n\n<p>A etimologia de uma palavra carrega energias e conceitos que podem inspirar a forma\u00e7\u00e3o do car\u00e1ter da crian\u00e7a durante o seu desenvolvimento. Pais que buscam nomes com significados de luz, paz ou coragem est\u00e3o oferecendo um guia silencioso para as atitudes da pequena. Compreender a origem lingu\u00edstica permite que a decis\u00e3o seja tomada com prop\u00f3sito e muita consci\u00eancia plena sempre.<\/p>\n\n\n\n<p>Nomes que trazem conceitos positivos ajudam a fortalecer a autoestima da menina ao longo das diversas fases do seu crescimento escolar e social. Quando uma crian\u00e7a conhece a hist\u00f3ria e o valor por tr\u00e1s de como \u00e9 chamada ela se sente mais segura de si. Investir tempo na pesquisa de significados \u00e9 um ato de amor e cuidado paternal especial.<\/p>\n\n\n\n<figure class=\"wp-block-image size-full\"><img decoding=\"async\" width=\"1280\" height=\"720\" src=\"https:\/\/www.correiobraziliense.com.br\/cbradar\/wp-content\/uploads\/2026\/04\/Gemini_Generated_Image_x96zwpx96zwpx96z-1-1.png\" alt=\"Nomes femininos inspirados na energia de beb\u00eas do m\u00eas de maio\" class=\"wp-image-234216\" srcset=\"https:\/\/www.correiobraziliense.com.br\/cbradar\/wp-content\/uploads\/2026\/04\/Gemini_Generated_Image_x96zwpx96zwpx96z-1-1.png 1280w, https:\/\/www.correiobraziliense.com.br\/cbradar\/wp-content\/uploads\/2026\/04\/Gemini_Generated_Image_x96zwpx96zwpx96z-1-1-300x169.png 300w, https:\/\/www.correiobraziliense.com.br\/cbradar\/wp-content\/uploads\/2026\/04\/Gemini_Generated_Image_x96zwpx96zwpx96z-1-1-768x432.png 768w, https:\/\/www.correiobraziliense.com.br\/cbradar\/wp-content\/uploads\/2026\/04\/Gemini_Generated_Image_x96zwpx96zwpx96z-1-1-750x422.png 750w, https:\/\/www.correiobraziliense.com.br\/cbradar\/wp-content\/uploads\/2026\/04\/Gemini_Generated_Image_x96zwpx96zwpx96z-1-1-1140x641.png 1140w\" sizes=\"(max-width: 1280px) 100vw, 1280px\" \/><figcaption class=\"wp-element-caption\">Nomes femininos inspirados em maio trazem delicadeza, significado e conex\u00e3o com a natureza<\/figcaption><\/figure>\n\n\n\n<p>Leia tamb\u00e9m: <a href=\"https:\/\/www.correiobraziliense.com.br\/cbradar\/nomes-antigos-para-meninos-que-soam-elegantes-mas-ainda-sao-faceis-de-amar\/\" target=\"_blank\" rel=\"noreferrer noopener\">Nomes antigos para meninos que soam elegantes, mas ainda s\u00e3o f\u00e1ceis de amar<\/a><\/p>\n\n\n\n<h2 class=\"wp-block-heading\">Onde buscar as estat\u00edsticas oficiais de nomes no Brasil?<\/h2>\n\n\n\n<p>Acompanhar a frequ\u00eancia dos registros civis ajuda a identificar se uma escolha \u00e9 exclusiva ou se segue uma tend\u00eancia popular no pa\u00eds. Existem levantamentos detalhados que mostram como as prefer\u00eancias nacionais mudam conforme as d\u00e9cadas passam e novos costumes surgem na sociedade local. Estar bem informado garante que a decis\u00e3o final seja equilibrada e reflita o gosto real dos pais.<\/p>\n\n\n\n<p>Para explorar o banco de dados completo sobre a popularidade de cada op\u00e7\u00e3o de registro civil consulte o<a href=\"https:\/\/censo2010.ibge.gov.br\/nomes\" target=\"_blank\" rel=\"noreferrer noopener\"> <strong>Instituto Brasileiro de Geografia e Estat\u00edstica<\/strong><\/a> para decidir com seguran\u00e7a. Verificar os n\u00fameros oficiais evita surpresas e permite encontrar aquele termo que seja especial sem ser excessivamente comum. Valorizar a informa\u00e7\u00e3o \u00e9 fundamental para uma escolha de satisfa\u00e7\u00e3o eterna.<\/p>\n","protected":false},"excerpt":{"rendered":"<p>Escolher o nome de uma crian\u00e7a \u00e9 um momento repleto de significado e expectativa para todas as fam\u00edlias dedicadas. O m\u00eas de maio traz consigo uma energia de renova\u00e7\u00e3o e florescimento que pode inspirar escolhas delicadas e marcantes ao mesmo tempo. Buscar op\u00e7\u00f5es que transmitam beleza e for\u00e7a ajuda a construir uma identidade s\u00f3lida para [&hellip;]<\/p>\n","protected":false},"author":21,"featured_media":234214,"comment_status":"open","ping_status":"open","sticky":false,"template":"","format":"standard","meta":{"_yoast_wpseo_focuskw":"Nomes de meninas de maio","_yoast_wpseo_title":"","_yoast_wpseo_metadesc":"Nomes femininos inspirados em maio trazem delicadeza, natureza e significado especial para uma escolha marcante e atemporal","jnews-multi-image_gallery":[],"jnews_single_post":{"format":"standard"},"jnews_primary_category":[],"jnews_social_meta":[],"jnews_override_counter":[],"footnotes":""},"categories":[112],"tags":[3007,3918,5202,11480],"class_list":["post-234208","post","type-post","status-publish","format-standard","has-post-thumbnail","hentry","category-curiosidades","tag-bebe","tag-maio","tag-nomes","tag-nomes-de-meninas"],"yoast_head":"<!-- This site is optimized with the Yoast SEO plugin v24.6 - https:\/\/yoast.com\/wordpress\/plugins\/seo\/ -->\n<title>Nomes femininos inspirados na energia de beb\u00eas do m\u00eas de maio - Correio Braziliense - Radar<\/title>\n<meta name=\"description\" content=\"Nomes femininos inspirados em maio trazem delicadeza, natureza e significado especial para uma escolha marcante e atemporal\" \/>\n<meta name=\"robots\" content=\"index, follow, max-snippet:-1, max-image-preview:large, max-video-preview:-1\" \/>\n<link rel=\"canonical\" href=\"https:\/\/www.correiobraziliense.com.br\/cbradar\/nomes-femininos-inspirados-na-energia-de-bebes-do-mes-de-maio\/\" \/>\n<meta property=\"og:locale\" content=\"pt_BR\" \/>\n<meta property=\"og:type\" content=\"article\" \/>\n<meta property=\"og:title\" content=\"Nomes femininos inspirados na energia de beb\u00eas do m\u00eas de maio - Correio Braziliense - Radar\" \/>\n<meta property=\"og:description\" content=\"Nomes femininos inspirados em maio trazem delicadeza, natureza e significado especial para uma escolha marcante e atemporal\" \/>\n<meta property=\"og:url\" content=\"https:\/\/www.correiobraziliense.com.br\/cbradar\/nomes-femininos-inspirados-na-energia-de-bebes-do-mes-de-maio\/\" \/>\n<meta property=\"og:site_name\" content=\"Correio Braziliense - Radar\" \/>\n<meta property=\"article:published_time\" content=\"2026-04-30T09:45:00+00:00\" \/>\n<meta property=\"og:image\" content=\"https:\/\/www.correiobraziliense.com.br\/cbradar\/wp-content\/uploads\/2026\/04\/Gemini_Generated_Image_q2en9sq2en9sq2en-1-1.png\" \/>\n\t<meta property=\"og:image:width\" content=\"1280\" \/>\n\t<meta property=\"og:image:height\" content=\"720\" \/>\n\t<meta property=\"og:image:type\" content=\"image\/png\" \/>\n<meta name=\"author\" content=\"Patrick Silva\" \/>\n<meta name=\"twitter:card\" content=\"summary_large_image\" \/>\n<meta name=\"twitter:label1\" content=\"Escrito por\" \/>\n\t<meta name=\"twitter:data1\" content=\"Patrick Silva\" \/>\n\t<meta name=\"twitter:label2\" content=\"Est. tempo de leitura\" \/>\n\t<meta name=\"twitter:data2\" content=\"5 minutos\" \/>\n<!-- \/ Yoast SEO plugin. -->","yoast_head_json":{"title":"Nomes femininos inspirados na energia de beb\u00eas do m\u00eas de maio - Correio Braziliense - Radar","description":"Nomes femininos inspirados em maio trazem delicadeza, natureza e significado especial para uma escolha marcante e atemporal","robots":{"index":"index","follow":"follow","max-snippet":"max-snippet:-1","max-image-preview":"max-image-preview:large","max-video-preview":"max-video-preview:-1"},"canonical":"https:\/\/www.correiobraziliense.com.br\/cbradar\/nomes-femininos-inspirados-na-energia-de-bebes-do-mes-de-maio\/","og_locale":"pt_BR","og_type":"article","og_title":"Nomes femininos inspirados na energia de beb\u00eas do m\u00eas de maio - Correio Braziliense - Radar","og_description":"Nomes femininos inspirados em maio trazem delicadeza, natureza e significado especial para uma escolha marcante e atemporal","og_url":"https:\/\/www.correiobraziliense.com.br\/cbradar\/nomes-femininos-inspirados-na-energia-de-bebes-do-mes-de-maio\/","og_site_name":"Correio Braziliense - Radar","article_published_time":"2026-04-30T09:45:00+00:00","og_image":[{"width":1280,"height":720,"url":"https:\/\/www.correiobraziliense.com.br\/cbradar\/wp-content\/uploads\/2026\/04\/Gemini_Generated_Image_q2en9sq2en9sq2en-1-1.png","type":"image\/png"}],"author":"Patrick Silva","twitter_card":"summary_large_image","twitter_misc":{"Escrito por":"Patrick Silva","Est. tempo de leitura":"5 minutos"},"schema":{"@context":"https:\/\/schema.org","@graph":[{"@type":"WebPage","@id":"https:\/\/www.correiobraziliense.com.br\/cbradar\/nomes-femininos-inspirados-na-energia-de-bebes-do-mes-de-maio\/","url":"https:\/\/www.correiobraziliense.com.br\/cbradar\/nomes-femininos-inspirados-na-energia-de-bebes-do-mes-de-maio\/","name":"Nomes femininos inspirados na energia de beb\u00eas do m\u00eas de maio - Correio Braziliense - Radar","isPartOf":{"@id":"https:\/\/www.correiobraziliense.com.br\/cbradar\/#website"},"primaryImageOfPage":{"@id":"https:\/\/www.correiobraziliense.com.br\/cbradar\/nomes-femininos-inspirados-na-energia-de-bebes-do-mes-de-maio\/#primaryimage"},"image":{"@id":"https:\/\/www.correiobraziliense.com.br\/cbradar\/nomes-femininos-inspirados-na-energia-de-bebes-do-mes-de-maio\/#primaryimage"},"thumbnailUrl":"https:\/\/www.correiobraziliense.com.br\/cbradar\/wp-content\/uploads\/2026\/04\/Gemini_Generated_Image_q2en9sq2en9sq2en-1-1.png","datePublished":"2026-04-30T09:45:00+00:00","author":{"@id":"https:\/\/www.correiobraziliense.com.br\/cbradar\/#\/schema\/person\/5440b72be9c7eb74f446c846479dc4da"},"description":"Nomes femininos inspirados em maio trazem delicadeza, natureza e significado especial para uma escolha marcante e atemporal","breadcrumb":{"@id":"https:\/\/www.correiobraziliense.com.br\/cbradar\/nomes-femininos-inspirados-na-energia-de-bebes-do-mes-de-maio\/#breadcrumb"},"inLanguage":"pt-BR","potentialAction":[{"@type":"ReadAction","target":["https:\/\/www.correiobraziliense.com.br\/cbradar\/nomes-femininos-inspirados-na-energia-de-bebes-do-mes-de-maio\/"]}]},{"@type":"ImageObject","inLanguage":"pt-BR","@id":"https:\/\/www.correiobraziliense.com.br\/cbradar\/nomes-femininos-inspirados-na-energia-de-bebes-do-mes-de-maio\/#primaryimage","url":"https:\/\/www.correiobraziliense.com.br\/cbradar\/wp-content\/uploads\/2026\/04\/Gemini_Generated_Image_q2en9sq2en9sq2en-1-1.png","contentUrl":"https:\/\/www.correiobraziliense.com.br\/cbradar\/wp-content\/uploads\/2026\/04\/Gemini_Generated_Image_q2en9sq2en9sq2en-1-1.png","width":1280,"height":720,"caption":"Nomes femininos inspirados em maio trazem delicadeza, significado e conex\u00e3o com a natureza"},{"@type":"BreadcrumbList","@id":"https:\/\/www.correiobraziliense.com.br\/cbradar\/nomes-femininos-inspirados-na-energia-de-bebes-do-mes-de-maio\/#breadcrumb","itemListElement":[{"@type":"ListItem","position":1,"name":"In\u00edcio","item":"https:\/\/www.correiobraziliense.com.br\/cbradar\/"},{"@type":"ListItem","position":2,"name":"Nomes femininos inspirados na energia de beb\u00eas do m\u00eas de maio"}]},{"@type":"WebSite","@id":"https:\/\/www.correiobraziliense.com.br\/cbradar\/#website","url":"https:\/\/www.correiobraziliense.com.br\/cbradar\/","name":"Correio Braziliense - Radar","description":"Acompanhe as \u00faltimas not\u00edcias e fique bem informado sobre tudo o que acontece no Brasil e no mundo.","potentialAction":[{"@type":"SearchAction","target":{"@type":"EntryPoint","urlTemplate":"https:\/\/www.correiobraziliense.com.br\/cbradar\/?s={search_term_string}"},"query-input":{"@type":"PropertyValueSpecification","valueRequired":true,"valueName":"search_term_string"}}],"inLanguage":"pt-BR"},{"@type":"Person","@id":"https:\/\/www.correiobraziliense.com.br\/cbradar\/#\/schema\/person\/5440b72be9c7eb74f446c846479dc4da","name":"Patrick Silva","image":{"@type":"ImageObject","inLanguage":"pt-BR","@id":"https:\/\/www.correiobraziliense.com.br\/cbradar\/#\/schema\/person\/image\/","url":"https:\/\/secure.gravatar.com\/avatar\/944109df296fc087785c9715fd5f80b2?s=96&d=mm&r=g","contentUrl":"https:\/\/secure.gravatar.com\/avatar\/944109df296fc087785c9715fd5f80b2?s=96&d=mm&r=g","caption":"Patrick Silva"},"sameAs":["https:\/\/www.correiobraziliense.com.br\/cbradar\/"],"url":"https:\/\/www.correiobraziliense.com.br\/cbradar\/author\/patrick-silva\/"}]}},"_links":{"self":[{"href":"https:\/\/www.correiobraziliense.com.br\/cbradar\/wp-json\/wp\/v2\/posts\/234208","targetHints":{"allow":["GET"]}}],"collection":[{"href":"https:\/\/www.correiobraziliense.com.br\/cbradar\/wp-json\/wp\/v2\/posts"}],"about":[{"href":"https:\/\/www.correiobraziliense.com.br\/cbradar\/wp-json\/wp\/v2\/types\/post"}],"author":[{"embeddable":true,"href":"https:\/\/www.correiobraziliense.com.br\/cbradar\/wp-json\/wp\/v2\/users\/21"}],"replies":[{"embeddable":true,"href":"https:\/\/www.correiobraziliense.com.br\/cbradar\/wp-json\/wp\/v2\/comments?post=234208"}],"version-history":[{"count":1,"href":"https:\/\/www.correiobraziliense.com.br\/cbradar\/wp-json\/wp\/v2\/posts\/234208\/revisions"}],"predecessor-version":[{"id":234217,"href":"https:\/\/www.correiobraziliense.com.br\/cbradar\/wp-json\/wp\/v2\/posts\/234208\/revisions\/234217"}],"wp:featuredmedia":[{"embeddable":true,"href":"https:\/\/www.correiobraziliense.com.br\/cbradar\/wp-json\/wp\/v2\/media\/234214"}],"wp:attachment":[{"href":"https:\/\/www.correiobraziliense.com.br\/cbradar\/wp-json\/wp\/v2\/media?parent=234208"}],"wp:term":[{"taxonomy":"category","embeddable":true,"href":"https:\/\/www.correiobraziliense.com.br\/cbradar\/wp-json\/wp\/v2\/categories?post=234208"},{"taxonomy":"post_tag","embeddable":true,"href":"https:\/\/www.correiobraziliense.com.br\/cbradar\/wp-json\/wp\/v2\/tags?post=234208"}],"curies":[{"name":"wp","href":"https:\/\/api.w.org\/{rel}","templated":true}]}}