{"id":234209,"date":"2026-04-30T12:05:00","date_gmt":"2026-04-30T15:05:00","guid":{"rendered":"https:\/\/www.correiobraziliense.com.br\/cbradar\/?p=234209"},"modified":"2026-04-29T11:17:51","modified_gmt":"2026-04-29T14:17:51","slug":"3-nomes-de-meninos-que-irao-nascer-em-maio-com-significados-especiais","status":"publish","type":"post","link":"https:\/\/www.correiobraziliense.com.br\/cbradar\/3-nomes-de-meninos-que-irao-nascer-em-maio-com-significados-especiais\/","title":{"rendered":"3 nomes de meninos que ir\u00e3o nascer em maio com significados especiais"},"content":{"rendered":"\n<p>Escolher o nome de um filho \u00e9 uma etapa emocionante que marca o in\u00edcio de uma nova jornada para toda a fam\u00edlia dedicada. O m\u00eas de maio traz consigo o simbolismo do florescimento e da renova\u00e7\u00e3o, influenciando escolhas que transmitem for\u00e7a e serenidade constante. Buscar uma op\u00e7\u00e3o que equilibre tradi\u00e7\u00e3o e beleza \u00e9 fundamental para garantir uma identidade marcante.<\/p>\n\n\n\n<h2 class=\"wp-block-heading\">Por que o m\u00eas de maio influencia a escolha dos pais?<\/h2>\n\n\n\n<p>Este per\u00edodo do ano \u00e9 frequentemente associado ao auge da natureza e ao vigor das novas vidas que surgem nos campos. Muitas pessoas buscam nomes que reflitam essa energia de vitalidade e crescimento, conectando o rec\u00e9m-nascido com conceitos de prosperidade e equil\u00edbrio duradouro. A escolha de uma alcunha que remeta a esse ciclo natural promove uma sensa\u00e7\u00e3o de harmonia.<\/p>\n\n\n\n<p>A tradi\u00e7\u00e3o tamb\u00e9m desempenha um papel relevante, pois maio \u00e9 um tempo dedicado \u00e0 celebra\u00e7\u00e3o de figuras maternas e protetoras importantes. Selecionar um nome masculino nesse contexto envolve considerar sonoridades que transmitam acolhimento e firmeza de car\u00e1ter para enfrentar os desafios do futuro. Essa conex\u00e3o entre o calend\u00e1rio e a identidade pessoal fortalece os v\u00ednculos afetivos dentro da linhagem.<\/p>\n\n\n\n<figure class=\"wp-block-image size-full\"><img decoding=\"async\" width=\"1280\" height=\"720\" src=\"https:\/\/www.correiobraziliense.com.br\/cbradar\/wp-content\/uploads\/2026\/04\/Gemini_Generated_Image_gwx60fgwx60fgwx6-1-1.png\" alt=\"3 nomes de meninos que ir\u00e3o nascer em maio com significados especiais\" class=\"wp-image-234221\" srcset=\"https:\/\/www.correiobraziliense.com.br\/cbradar\/wp-content\/uploads\/2026\/04\/Gemini_Generated_Image_gwx60fgwx60fgwx6-1-1.png 1280w, https:\/\/www.correiobraziliense.com.br\/cbradar\/wp-content\/uploads\/2026\/04\/Gemini_Generated_Image_gwx60fgwx60fgwx6-1-1-300x169.png 300w, https:\/\/www.correiobraziliense.com.br\/cbradar\/wp-content\/uploads\/2026\/04\/Gemini_Generated_Image_gwx60fgwx60fgwx6-1-1-768x432.png 768w, https:\/\/www.correiobraziliense.com.br\/cbradar\/wp-content\/uploads\/2026\/04\/Gemini_Generated_Image_gwx60fgwx60fgwx6-1-1-750x422.png 750w, https:\/\/www.correiobraziliense.com.br\/cbradar\/wp-content\/uploads\/2026\/04\/Gemini_Generated_Image_gwx60fgwx60fgwx6-1-1-1140x641.png 1140w\" sizes=\"(max-width: 1280px) 100vw, 1280px\" \/><figcaption class=\"wp-element-caption\">Nomes masculinos inspirados em maio unem for\u00e7a, significado e renova\u00e7\u00e3o para novas gera\u00e7\u00f5es<\/figcaption><\/figure>\n\n\n\n<h2 class=\"wp-block-heading\">Quais s\u00e3o os nomes que remetem ao brilho e \u00e0 luz?<\/h2>\n\n\n\n<p>Muitas op\u00e7\u00f5es cl\u00e1ssicas possuem significados ligados \u00e0 ilumina\u00e7\u00e3o e ao resplendor, caracter\u00edsticas que combinam perfeitamente com os dias ensolarados dessa esta\u00e7\u00e3o. Escolher um nome que evoque a claridade ajuda a projetar uma personalidade otimista e vibrante para o menino desde os seus primeiros passos. Essas escolhas s\u00e3o atemporais e garantem que a crian\u00e7a seja percebida com distin\u00e7\u00e3o e eleg\u00e2ncia.<\/p>\n\n\n\n<p>A busca por nomes que transmitem transpar\u00eancia e verdade reflete o desejo de uma vida pautada por valores \u00e9ticos s\u00f3lidos e admir\u00e1veis. Quando o nome possui uma raiz etimol\u00f3gica solar, ele funciona como um guia silencioso para atitudes positivas durante o desenvolvimento escolar. Essa luminosidade nominal contribui para uma autoestima elevada e uma presen\u00e7a marcante em qualquer c\u00edrculo.<\/p>\n\n\n\n<h2 class=\"wp-block-heading\">Como selecionar op\u00e7\u00f5es curtas e modernas com significado?<\/h2>\n\n\n\n<p>Atualmente existe uma forte tend\u00eancia por nomes minimalistas que facilitam a comunica\u00e7\u00e3o e possuem uma pron\u00fancia marcante em diversas culturas mundiais. Essas escolhas modernas unem a praticidade da escrita com uma carga hist\u00f3rica profunda que valoriza a trajet\u00f3ria da crian\u00e7a pequena. Optar por sonoridades enxutas \u00e9 uma maneira eficaz de garantir que o nome permane\u00e7a atual e muito vers\u00e1til.<\/p>\n\n\n\n<p>As sugest\u00f5es mais populares que transmitem vigor e renova\u00e7\u00e3o para os pequenos s\u00e3o:<\/p>\n\n\n\n<ul class=\"wp-block-list\">\n<li><strong>Dante<\/strong> que representa a const\u00e2ncia e o car\u00e1ter duradouro.<\/li>\n\n\n\n<li><strong>Luca<\/strong> remetendo \u00e0 luz e ao conhecimento pleno sempre.<\/li>\n\n\n\n<li><strong>Noah<\/strong> com o significado de repouso e conforto tranquilo.<\/li>\n<\/ul>\n\n\n\n<h2 class=\"wp-block-heading\">Qual \u00e9 o peso da tradi\u00e7\u00e3o familiar nessas escolhas?<\/h2>\n\n\n\n<p>Reviver nomes que pertenceram a antepassados respeitados \u00e9 uma forma valiosa de homenagear a hist\u00f3ria e os valores da fam\u00edlia unida. Essas op\u00e7\u00f5es cl\u00e1ssicas trazem um senso de continuidade e pertencimento que ajuda o menino a compreender suas ra\u00edzes culturais mais profundas e importantes. Uma alcunha tradicional oferece uma base s\u00f3lida de identidade que resiste ao tempo e aos modismos.<\/p>\n\n\n\n<p>Al\u00e9m do resgate hist\u00f3rico, nomes tradicionais possuem uma sonoridade robusta que transmite confian\u00e7a e autoridade natural em diversos contextos sociais ou profissionais futuros. Ao selecionar um nome com heran\u00e7a, os pais presenteiam o filho com uma conex\u00e3o eterna com os princ\u00edpios de nobreza e retid\u00e3o. Essa escolha equilibrada garante que a identidade da crian\u00e7a seja sempre respeitada e muito admirada.<\/p>\n\n\n\n<figure class=\"wp-block-image size-full\"><img decoding=\"async\" width=\"1280\" height=\"720\" src=\"https:\/\/www.correiobraziliense.com.br\/cbradar\/wp-content\/uploads\/2026\/04\/Gemini_Generated_Image_9ifd7h9ifd7h9ifd-1-1.png\" alt=\"3 nomes de meninos que ir\u00e3o nascer em maio com significados especiais\" class=\"wp-image-234222\" srcset=\"https:\/\/www.correiobraziliense.com.br\/cbradar\/wp-content\/uploads\/2026\/04\/Gemini_Generated_Image_9ifd7h9ifd7h9ifd-1-1.png 1280w, https:\/\/www.correiobraziliense.com.br\/cbradar\/wp-content\/uploads\/2026\/04\/Gemini_Generated_Image_9ifd7h9ifd7h9ifd-1-1-300x169.png 300w, https:\/\/www.correiobraziliense.com.br\/cbradar\/wp-content\/uploads\/2026\/04\/Gemini_Generated_Image_9ifd7h9ifd7h9ifd-1-1-768x432.png 768w, https:\/\/www.correiobraziliense.com.br\/cbradar\/wp-content\/uploads\/2026\/04\/Gemini_Generated_Image_9ifd7h9ifd7h9ifd-1-1-750x422.png 750w, https:\/\/www.correiobraziliense.com.br\/cbradar\/wp-content\/uploads\/2026\/04\/Gemini_Generated_Image_9ifd7h9ifd7h9ifd-1-1-1140x641.png 1140w\" sizes=\"(max-width: 1280px) 100vw, 1280px\" \/><figcaption class=\"wp-element-caption\">Nomes masculinos inspirados em maio unem for\u00e7a, significado e renova\u00e7\u00e3o para novas gera\u00e7\u00f5es<\/figcaption><\/figure>\n\n\n\n<p>Leia tamb\u00e9m: <a href=\"https:\/\/www.correiobraziliense.com.br\/cbradar\/nomes-antigos-para-meninos-que-soam-elegantes-mas-ainda-sao-faceis-de-amar\/\" target=\"_blank\" rel=\"noreferrer noopener\">Nomes antigos para meninos que soam elegantes, mas ainda s\u00e3o f\u00e1ceis de amar<\/a><\/p>\n\n\n\n<h2 class=\"wp-block-heading\">Onde buscar os registros oficiais de popularidade no pa\u00eds?<\/h2>\n\n\n\n<p>Consultar bancos de dados p\u00fablicos permite entender como as prefer\u00eancias nacionais evoluem e quais nomes est\u00e3o em processo de ressurgimento na sociedade. Essa an\u00e1lise t\u00e9cnica ajuda a identificar se uma escolha segue uma tend\u00eancia popular crescente entre os novos registros civis brasileiros. Ter acesso a esses n\u00fameros traz seguran\u00e7a e clareza para a decis\u00e3o final da fam\u00edlia.<\/p>\n\n\n\n<p>Verificar a frequ\u00eancia de uso atrav\u00e9s do levantamento do <a href=\"https:\/\/censo2010.ibge.gov.br\/nomes\" target=\"_blank\" rel=\"noreferrer noopener\"><strong>Instituto Brasileiro de Geografia e Estat\u00edstica<\/strong><\/a> auxilia na escolha de uma identidade especial e aut\u00eantica. Estar bem informado sobre as estat\u00edsticas oficiais garante que o nome selecionado reflita o gosto pessoal sem perder a eleg\u00e2ncia. Investir na pesquisa correta \u00e9 o segredo para uma satisfa\u00e7\u00e3o plena e duradoura.<\/p>\n\n\n\n<p><\/p>\n","protected":false},"excerpt":{"rendered":"<p>Escolher o nome de um filho \u00e9 uma etapa emocionante que marca o in\u00edcio de uma nova jornada para toda a fam\u00edlia dedicada. O m\u00eas de maio traz consigo o simbolismo do florescimento e da renova\u00e7\u00e3o, influenciando escolhas que transmitem for\u00e7a e serenidade constante. Buscar uma op\u00e7\u00e3o que equilibre tradi\u00e7\u00e3o e beleza \u00e9 fundamental para [&hellip;]<\/p>\n","protected":false},"author":21,"featured_media":234220,"comment_status":"open","ping_status":"open","sticky":false,"template":"","format":"standard","meta":{"_yoast_wpseo_focuskw":"Nomes de meninos de maio","_yoast_wpseo_title":"","_yoast_wpseo_metadesc":"Nomes masculinos inspirados em maio unem for\u00e7a, renova\u00e7\u00e3o e significado especial para uma escolha marcante e equilibrada","jnews-multi-image_gallery":[],"jnews_single_post":{"format":"standard"},"jnews_primary_category":[],"jnews_social_meta":[],"jnews_override_counter":[],"footnotes":""},"categories":[112],"tags":[5901,3918,5202,11119],"class_list":["post-234209","post","type-post","status-publish","format-standard","has-post-thumbnail","hentry","category-curiosidades","tag-bebes","tag-maio","tag-nomes","tag-nomes-de-meninos"],"yoast_head":"<!-- This site is optimized with the Yoast SEO plugin v24.6 - https:\/\/yoast.com\/wordpress\/plugins\/seo\/ -->\n<title>3 nomes de meninos que ir\u00e3o nascer em maio com significados especiais - Correio Braziliense - Radar<\/title>\n<meta name=\"description\" content=\"Nomes masculinos inspirados em maio unem for\u00e7a, renova\u00e7\u00e3o e significado especial para uma escolha marcante e equilibrada\" \/>\n<meta name=\"robots\" content=\"index, follow, max-snippet:-1, max-image-preview:large, max-video-preview:-1\" \/>\n<link rel=\"canonical\" href=\"https:\/\/www.correiobraziliense.com.br\/cbradar\/3-nomes-de-meninos-que-irao-nascer-em-maio-com-significados-especiais\/\" \/>\n<meta property=\"og:locale\" content=\"pt_BR\" \/>\n<meta property=\"og:type\" content=\"article\" \/>\n<meta property=\"og:title\" content=\"3 nomes de meninos que ir\u00e3o nascer em maio com significados especiais - Correio Braziliense - Radar\" \/>\n<meta property=\"og:description\" content=\"Nomes masculinos inspirados em maio unem for\u00e7a, renova\u00e7\u00e3o e significado especial para uma escolha marcante e equilibrada\" \/>\n<meta property=\"og:url\" content=\"https:\/\/www.correiobraziliense.com.br\/cbradar\/3-nomes-de-meninos-que-irao-nascer-em-maio-com-significados-especiais\/\" \/>\n<meta property=\"og:site_name\" content=\"Correio Braziliense - Radar\" \/>\n<meta property=\"article:published_time\" content=\"2026-04-30T15:05:00+00:00\" \/>\n<meta property=\"og:image\" content=\"https:\/\/www.correiobraziliense.com.br\/cbradar\/wp-content\/uploads\/2026\/04\/Gemini_Generated_Image_o96ifmo96ifmo96i-1-1.png\" \/>\n\t<meta property=\"og:image:width\" content=\"1280\" \/>\n\t<meta property=\"og:image:height\" content=\"720\" \/>\n\t<meta property=\"og:image:type\" content=\"image\/png\" \/>\n<meta name=\"author\" content=\"Patrick Silva\" \/>\n<meta name=\"twitter:card\" content=\"summary_large_image\" \/>\n<meta name=\"twitter:label1\" content=\"Escrito por\" \/>\n\t<meta name=\"twitter:data1\" content=\"Patrick Silva\" \/>\n\t<meta name=\"twitter:label2\" content=\"Est. tempo de leitura\" \/>\n\t<meta name=\"twitter:data2\" content=\"5 minutos\" \/>\n<!-- \/ Yoast SEO plugin. -->","yoast_head_json":{"title":"3 nomes de meninos que ir\u00e3o nascer em maio com significados especiais - Correio Braziliense - Radar","description":"Nomes masculinos inspirados em maio unem for\u00e7a, renova\u00e7\u00e3o e significado especial para uma escolha marcante e equilibrada","robots":{"index":"index","follow":"follow","max-snippet":"max-snippet:-1","max-image-preview":"max-image-preview:large","max-video-preview":"max-video-preview:-1"},"canonical":"https:\/\/www.correiobraziliense.com.br\/cbradar\/3-nomes-de-meninos-que-irao-nascer-em-maio-com-significados-especiais\/","og_locale":"pt_BR","og_type":"article","og_title":"3 nomes de meninos que ir\u00e3o nascer em maio com significados especiais - Correio Braziliense - Radar","og_description":"Nomes masculinos inspirados em maio unem for\u00e7a, renova\u00e7\u00e3o e significado especial para uma escolha marcante e equilibrada","og_url":"https:\/\/www.correiobraziliense.com.br\/cbradar\/3-nomes-de-meninos-que-irao-nascer-em-maio-com-significados-especiais\/","og_site_name":"Correio Braziliense - Radar","article_published_time":"2026-04-30T15:05:00+00:00","og_image":[{"width":1280,"height":720,"url":"https:\/\/www.correiobraziliense.com.br\/cbradar\/wp-content\/uploads\/2026\/04\/Gemini_Generated_Image_o96ifmo96ifmo96i-1-1.png","type":"image\/png"}],"author":"Patrick Silva","twitter_card":"summary_large_image","twitter_misc":{"Escrito por":"Patrick Silva","Est. tempo de leitura":"5 minutos"},"schema":{"@context":"https:\/\/schema.org","@graph":[{"@type":"WebPage","@id":"https:\/\/www.correiobraziliense.com.br\/cbradar\/3-nomes-de-meninos-que-irao-nascer-em-maio-com-significados-especiais\/","url":"https:\/\/www.correiobraziliense.com.br\/cbradar\/3-nomes-de-meninos-que-irao-nascer-em-maio-com-significados-especiais\/","name":"3 nomes de meninos que ir\u00e3o nascer em maio com significados especiais - Correio Braziliense - Radar","isPartOf":{"@id":"https:\/\/www.correiobraziliense.com.br\/cbradar\/#website"},"primaryImageOfPage":{"@id":"https:\/\/www.correiobraziliense.com.br\/cbradar\/3-nomes-de-meninos-que-irao-nascer-em-maio-com-significados-especiais\/#primaryimage"},"image":{"@id":"https:\/\/www.correiobraziliense.com.br\/cbradar\/3-nomes-de-meninos-que-irao-nascer-em-maio-com-significados-especiais\/#primaryimage"},"thumbnailUrl":"https:\/\/www.correiobraziliense.com.br\/cbradar\/wp-content\/uploads\/2026\/04\/Gemini_Generated_Image_o96ifmo96ifmo96i-1-1.png","datePublished":"2026-04-30T15:05:00+00:00","author":{"@id":"https:\/\/www.correiobraziliense.com.br\/cbradar\/#\/schema\/person\/5440b72be9c7eb74f446c846479dc4da"},"description":"Nomes masculinos inspirados em maio unem for\u00e7a, renova\u00e7\u00e3o e significado especial para uma escolha marcante e equilibrada","breadcrumb":{"@id":"https:\/\/www.correiobraziliense.com.br\/cbradar\/3-nomes-de-meninos-que-irao-nascer-em-maio-com-significados-especiais\/#breadcrumb"},"inLanguage":"pt-BR","potentialAction":[{"@type":"ReadAction","target":["https:\/\/www.correiobraziliense.com.br\/cbradar\/3-nomes-de-meninos-que-irao-nascer-em-maio-com-significados-especiais\/"]}]},{"@type":"ImageObject","inLanguage":"pt-BR","@id":"https:\/\/www.correiobraziliense.com.br\/cbradar\/3-nomes-de-meninos-que-irao-nascer-em-maio-com-significados-especiais\/#primaryimage","url":"https:\/\/www.correiobraziliense.com.br\/cbradar\/wp-content\/uploads\/2026\/04\/Gemini_Generated_Image_o96ifmo96ifmo96i-1-1.png","contentUrl":"https:\/\/www.correiobraziliense.com.br\/cbradar\/wp-content\/uploads\/2026\/04\/Gemini_Generated_Image_o96ifmo96ifmo96i-1-1.png","width":1280,"height":720,"caption":"Nomes masculinos inspirados em maio unem for\u00e7a, significado e renova\u00e7\u00e3o para novas gera\u00e7\u00f5es"},{"@type":"BreadcrumbList","@id":"https:\/\/www.correiobraziliense.com.br\/cbradar\/3-nomes-de-meninos-que-irao-nascer-em-maio-com-significados-especiais\/#breadcrumb","itemListElement":[{"@type":"ListItem","position":1,"name":"In\u00edcio","item":"https:\/\/www.correiobraziliense.com.br\/cbradar\/"},{"@type":"ListItem","position":2,"name":"3 nomes de meninos que ir\u00e3o nascer em maio com significados especiais"}]},{"@type":"WebSite","@id":"https:\/\/www.correiobraziliense.com.br\/cbradar\/#website","url":"https:\/\/www.correiobraziliense.com.br\/cbradar\/","name":"Correio Braziliense - Radar","description":"Acompanhe as \u00faltimas not\u00edcias e fique bem informado sobre tudo o que acontece no Brasil e no mundo.","potentialAction":[{"@type":"SearchAction","target":{"@type":"EntryPoint","urlTemplate":"https:\/\/www.correiobraziliense.com.br\/cbradar\/?s={search_term_string}"},"query-input":{"@type":"PropertyValueSpecification","valueRequired":true,"valueName":"search_term_string"}}],"inLanguage":"pt-BR"},{"@type":"Person","@id":"https:\/\/www.correiobraziliense.com.br\/cbradar\/#\/schema\/person\/5440b72be9c7eb74f446c846479dc4da","name":"Patrick Silva","image":{"@type":"ImageObject","inLanguage":"pt-BR","@id":"https:\/\/www.correiobraziliense.com.br\/cbradar\/#\/schema\/person\/image\/","url":"https:\/\/secure.gravatar.com\/avatar\/944109df296fc087785c9715fd5f80b2?s=96&d=mm&r=g","contentUrl":"https:\/\/secure.gravatar.com\/avatar\/944109df296fc087785c9715fd5f80b2?s=96&d=mm&r=g","caption":"Patrick Silva"},"sameAs":["https:\/\/www.correiobraziliense.com.br\/cbradar\/"],"url":"https:\/\/www.correiobraziliense.com.br\/cbradar\/author\/patrick-silva\/"}]}},"_links":{"self":[{"href":"https:\/\/www.correiobraziliense.com.br\/cbradar\/wp-json\/wp\/v2\/posts\/234209","targetHints":{"allow":["GET"]}}],"collection":[{"href":"https:\/\/www.correiobraziliense.com.br\/cbradar\/wp-json\/wp\/v2\/posts"}],"about":[{"href":"https:\/\/www.correiobraziliense.com.br\/cbradar\/wp-json\/wp\/v2\/types\/post"}],"author":[{"embeddable":true,"href":"https:\/\/www.correiobraziliense.com.br\/cbradar\/wp-json\/wp\/v2\/users\/21"}],"replies":[{"embeddable":true,"href":"https:\/\/www.correiobraziliense.com.br\/cbradar\/wp-json\/wp\/v2\/comments?post=234209"}],"version-history":[{"count":2,"href":"https:\/\/www.correiobraziliense.com.br\/cbradar\/wp-json\/wp\/v2\/posts\/234209\/revisions"}],"predecessor-version":[{"id":234224,"href":"https:\/\/www.correiobraziliense.com.br\/cbradar\/wp-json\/wp\/v2\/posts\/234209\/revisions\/234224"}],"wp:featuredmedia":[{"embeddable":true,"href":"https:\/\/www.correiobraziliense.com.br\/cbradar\/wp-json\/wp\/v2\/media\/234220"}],"wp:attachment":[{"href":"https:\/\/www.correiobraziliense.com.br\/cbradar\/wp-json\/wp\/v2\/media?parent=234209"}],"wp:term":[{"taxonomy":"category","embeddable":true,"href":"https:\/\/www.correiobraziliense.com.br\/cbradar\/wp-json\/wp\/v2\/categories?post=234209"},{"taxonomy":"post_tag","embeddable":true,"href":"https:\/\/www.correiobraziliense.com.br\/cbradar\/wp-json\/wp\/v2\/tags?post=234209"}],"curies":[{"name":"wp","href":"https:\/\/api.w.org\/{rel}","templated":true}]}}