{"id":234219,"date":"2026-04-29T15:55:00","date_gmt":"2026-04-29T18:55:00","guid":{"rendered":"https:\/\/www.correiobraziliense.com.br\/cbradar\/?p=234219"},"modified":"2026-04-29T14:21:53","modified_gmt":"2026-04-29T17:21:53","slug":"esses-sinais-no-rosto-podem-indicar-problemas-nos-rins-e-voce-pode-nao-perceber","status":"publish","type":"post","link":"https:\/\/www.correiobraziliense.com.br\/cbradar\/esses-sinais-no-rosto-podem-indicar-problemas-nos-rins-e-voce-pode-nao-perceber\/","title":{"rendered":"Esses sinais no rosto podem indicar problemas nos rins e voc\u00ea pode n\u00e3o perceber"},"content":{"rendered":"\n<p>Os rins t\u00eam um papel vital no controle do equil\u00edbrio de l\u00edquidos e na filtragem de toxinas no corpo humano. Quando apresentam disfun\u00e7\u00f5es, podem surgir ind\u00edcios f\u00edsicos antes que exames cl\u00ednicos detectem altera\u00e7\u00f5es, como incha\u00e7o nas p\u00e1lpebras, palidez, manchas na pele e coceira, sinais sutis por\u00e9m significativos que indicam potenciais problemas renais e tornam essencial a identifica\u00e7\u00e3o precoce dessas mudan\u00e7as para a sa\u00fade.<\/p>\n\n\n\n<p>A import\u00e2ncia dos rins na elimina\u00e7\u00e3o de toxinas e na regula\u00e7\u00e3o de eletr\u00f3litos influencia diretamente a apar\u00eancia f\u00edsica. Problemas renais podem levar \u00e0 reten\u00e7\u00e3o de l\u00edquidos e ao ac\u00famulo de subst\u00e2ncias no sangue, refletindo em sintomas not\u00e1veis, especialmente no rosto. Manter a <a href=\"https:\/\/www.correiobraziliense.com.br\/cbradar\/a-dor-nas-articulacoes-pode-piorar-com-o-tempo-mas-esses-habitos-ajudam-a-aliviar\/\" target=\"_blank\" rel=\"noreferrer noopener\">sa\u00fade <\/a>renal \u00e9 crucial para prevenir condi\u00e7\u00f5es que impactam n\u00e3o s\u00f3 internamente, mas tamb\u00e9m externamente.<\/p>\n\n\n\n<h2 class=\"wp-block-heading\">Como identificar sinais de problemas renais na pele?<\/h2>\n\n\n\n<p>Observa\u00e7\u00f5es no rosto e na pele podem ser os primeiros ind\u00edcios de disfun\u00e7\u00e3o renal. O incha\u00e7o matinal nas p\u00e1lpebras \u00e9 um sintoma comum, decorrente da reten\u00e7\u00e3o de fluidos quando o corpo permanece deitado por longos per\u00edodos e deve ser acompanhado com aten\u00e7\u00e3o.<\/p>\n\n\n\n<p>Essa condi\u00e7\u00e3o merece monitoramento, sobretudo se vier associada a cansa\u00e7o persistente, altera\u00e7\u00f5es na urina ou hist\u00f3rico de doen\u00e7as cr\u00f4nicas. A consulta m\u00e9dica e a realiza\u00e7\u00e3o de exames simples, como sangue e urina, s\u00e3o fundamentais para o diagn\u00f3stico precoce e a preven\u00e7\u00e3o de danos maiores.<\/p>\n\n\n\n<figure class=\"wp-block-image aligncenter size-large\"><img decoding=\"async\" width=\"1024\" height=\"576\" src=\"https:\/\/www.correiobraziliense.com.br\/cbradar\/wp-content\/uploads\/2025\/05\/pedra-nos-rins_1747158241048-1024x576.jpg\" alt=\"\" class=\"wp-image-36320\" srcset=\"https:\/\/www.correiobraziliense.com.br\/cbradar\/wp-content\/uploads\/2025\/05\/pedra-nos-rins_1747158241048-1024x576.jpg 1024w, https:\/\/www.correiobraziliense.com.br\/cbradar\/wp-content\/uploads\/2025\/05\/pedra-nos-rins_1747158241048-300x169.jpg 300w, https:\/\/www.correiobraziliense.com.br\/cbradar\/wp-content\/uploads\/2025\/05\/pedra-nos-rins_1747158241048-768x432.jpg 768w, https:\/\/www.correiobraziliense.com.br\/cbradar\/wp-content\/uploads\/2025\/05\/pedra-nos-rins_1747158241048-750x422.jpg 750w, https:\/\/www.correiobraziliense.com.br\/cbradar\/wp-content\/uploads\/2025\/05\/pedra-nos-rins_1747158241048-1140x641.jpg 1140w, https:\/\/www.correiobraziliense.com.br\/cbradar\/wp-content\/uploads\/2025\/05\/pedra-nos-rins_1747158241048.jpg 1280w\" sizes=\"(max-width: 1024px) 100vw, 1024px\" \/><figcaption class=\"wp-element-caption\">O erro di\u00e1rio que favorece a forma\u00e7\u00e3o de c\u00e1lculos renais &#8211; Cr\u00e9ditos: depositphotos.com \/ aom.am.op@gmail.com\n\n<\/figcaption><\/figure>\n\n\n\n<h2 class=\"wp-block-heading\">Por que problemas renais afetam a apar\u00eancia facial?<\/h2>\n\n\n\n<p>A rela\u00e7\u00e3o dos rins com a apar\u00eancia facial est\u00e1 ligada ao balanceamento de fluidos e toxinas. Quando a capacidade desses \u00f3rg\u00e3os de filtrar eficientemente \u00e9 comprometida, h\u00e1 ac\u00famulo de subst\u00e2ncias que podem causar mudan\u00e7as na pigmenta\u00e7\u00e3o da pele, coceiras e um tom amarelado ou acinzentado.<\/p>\n\n\n\n<p>Alguns sinais cut\u00e2neos e faciais que podem sugerir investiga\u00e7\u00e3o da fun\u00e7\u00e3o renal incluem:<\/p>\n\n\n\n<style>\n  .make-wrap{\n    max-width: 760px;\n    margin: 26px auto;\n    padding: 18px;\n    border-radius: 18px;\n    background: linear-gradient(135deg,#fff7fb 0%,#f6f2ff 100%);\n    border: 1px solid #f7d4ea;\n    box-shadow: 0 8px 20px rgba(236,72,153,.12);\n    font-family: system-ui, -apple-system, Segoe UI, Roboto, Helvetica, Arial, sans-serif;\n  }\n\n  .make-title{\n    display:flex; \n    align-items:center; \n    gap:10px;\n    margin:0 0 12px 4px;\n    font-size:1.2rem; \n    font-weight:900; \n    color:#9d174d;\n  }\n\n  .make-table{\n    width:100%;\n    border-collapse:separate;\n    border-spacing:0;\n    overflow:hidden;\n    border-radius:16px;\n    border:1px solid #f7d4ea;\n    background:#fff;\n    font-size:.92rem;\n  }\n\n  .make-table thead th{\n    background:linear-gradient(90deg,#fde7f3 0%,#f8e9ff 100%);\n    padding:12px;\n    color:#7a1e63;\n    font-weight:800;\n    text-align:left;\n    border-bottom:1px solid #f7d4ea;\n  }\n\n  .make-table tbody td{\n    padding:12px;\n    color:#374151;\n    vertical-align:top;\n    border-bottom:1px dashed #f7d4ea;\n  }\n\n  .make-table tbody tr:nth-child(odd){\n    background:#fffaff;\n  }\n\n  .price{\n    display:inline-flex;\n    align-items:center;\n    background:#fff7ed;\n    color:#b45309;\n    padding:6px 10px;\n    border-radius:10px;\n    border:1px solid #fed7aa;\n    font-weight:700;\n    white-space:nowrap;\n  }\n\n  .badge{\n    display:inline-block;\n    background:#fde7f3;\n    color:#c026d3;\n    border:1px solid #fecdd3;\n    padding:4px 10px;\n    border-radius:999px;\n    font-weight:700;\n    font-size:.78rem;\n  }\n\n  @media (max-width:720px){\n    .make-table thead{display:none}\n    .make-table, .make-table tbody, .make-table tr, .make-table td{\n      display:block; \n      width:100%;\n    }\n    .make-table tr{\n      margin-bottom:12px;\n      border:1px solid #f7d4ea;\n      border-radius:14px;\n      overflow:hidden;\n      background:#fff;\n    }\n    .make-table td[data-label]:before{\n      content:attr(data-label);\n      display:block;\n      font-weight:800;\n      color:#7a1e63;\n      margin-bottom:4px;\n    }\n    .make-table tbody td:last-child{border-bottom:none}\n  }\n<\/style>\n\n<div class=\"make-wrap\">\n  <h3 class=\"make-title\">\ud83c\udf3f\u2728 Sinais Vis\u00edveis na Pele e Rosto<\/h3>\n\n  <table class=\"make-table\">\n    <thead>\n      <tr>\n        <th>Sinal<\/th>\n        <th>Descri\u00e7\u00e3o<\/th>\n      <\/tr>\n    <\/thead>\n    <tbody>\n      <tr>\n        <td data-label=\"Sinal\">Incha\u00e7o facial<\/td>\n        <td data-label=\"Descri\u00e7\u00e3o\">Incha\u00e7o ao redor dos olhos e no rosto ao acordar.<\/td>\n      <\/tr>\n      <tr>\n        <td data-label=\"Sinal\">Altera\u00e7\u00e3o na cor da pele<\/td>\n        <td data-label=\"Descri\u00e7\u00e3o\">Palidez acentuada ou colora\u00e7\u00e3o amarelada da pele.<\/td>\n      <\/tr>\n      <tr>\n        <td data-label=\"Sinal\">Coceira persistente<\/td>\n        <td data-label=\"Descri\u00e7\u00e3o\">Coceira persistente sem causa aparente.<\/td>\n      <\/tr>\n      <tr>\n        <td data-label=\"Sinal\">Manchas e aspecto acinzentado<\/td>\n        <td data-label=\"Descri\u00e7\u00e3o\">Manchas escuras ou aspecto acinzentado no rosto.<\/td>\n      <\/tr>\n    <\/tbody>\n  <\/table>\n\n  <p style=\"margin-top:14px; color:#6b7280; font-size:.9rem;\">\n    \ud83d\udca1 <strong>Dica:<\/strong> Se esses sinais forem frequentes, vale buscar orienta\u00e7\u00e3o profissional para uma avalia\u00e7\u00e3o mais completa.\n  <\/p>\n<\/div>\n\n\n\n\n<h2 class=\"wp-block-heading\">Quando \u00e9 necess\u00e1rio procurar um m\u00e9dico?<\/h2>\n\n\n\n<p>Buscar aconselhamento m\u00e9dico \u00e9 essencial se sinais como incha\u00e7o facial, palidez e coceira persistirem por v\u00e1rios dias ou semanas. Pessoas com condi\u00e7\u00f5es preexistentes, como diabetes, hipertens\u00e3o ou hist\u00f3rico familiar de doen\u00e7a renal, t\u00eam risco maior de complica\u00e7\u00f5es e devem redobrar a aten\u00e7\u00e3o.<\/p>\n\n\n\n<p>Exames de sangue e urina regulares permitem identificar altera\u00e7\u00f5es antes que surjam sintomas intensos, facilitando o tratamento e a preserva\u00e7\u00e3o da fun\u00e7\u00e3o renal. Embora manifesta\u00e7\u00f5es cut\u00e2neas pare\u00e7am superficiais, elas revelam informa\u00e7\u00f5es importantes sobre o estado interno do organismo e justificam avalia\u00e7\u00e3o m\u00e9dica oportuna.<\/p>\n\n\n<a href=\"https:\/\/www.instagram.com\/dra.annaluisabf\/\" target=\"_blank\" rel=\"noopener\" style=\"text-decoration: none; color: inherit;\">\n    <span style=\"display: inline-block; border: 1px solid #ccc; border-radius: 10px; padding: 15px; max-width: 550px; font-family: sans-serif; box-shadow: 0 2px 5px rgba(0,0,0,0.1); width: 100%;\">\n\n      <!-- T\u00edtulo -->\n      <span style=\"display: block; margin: 0 0 15px 0; font-weight: bold; color: #2c3e50; text-align: center;\">\n        Entre em contato:\n      <\/span>\n\n      <!-- Linha do perfil -->\n      <span style=\"display: flex; align-items: center; gap: 15px;\">\n        <img decoding=\"async\"\n          src=\"https:\/\/www.correiobraziliense.com.br\/cbradar\/wp-content\/uploads\/2025\/08\/dra_anna_luisa.jpeg\"\n          alt=\"Foto da Dra. Anna Lu\u00edsa\"\n          style=\"border-radius: 50%; width: 80px; height: 80px; object-fit: cover;\"\n        \/>\n        <span style=\"display: flex; flex-direction: column;\">\n          <span style=\"font-size: 18px; font-weight: 700; color: #2c3e50;\">Dra. Anna Lu\u00edsa Barbosa Fernandes<\/span>\n          <span style=\"color: #555;\">CRM-GO 33.271<\/span>\n        <\/span>\n      <\/span>\n\n      <!-- Redes -->\n      <span style=\"display: flex; align-items: center; gap: 10px; margin-top: 12px;\">\n        <img decoding=\"async\" src=\"https:\/\/cdn-icons-png.flaticon.com\/24\/1384\/1384063.png\" alt=\"Instagram\" width=\"24\" height=\"24\" \/>\n        <span style=\"text-decoration: underline; color: #2c3e50;\">@dra.annaluisabf<\/span>\n      <\/span>\n\n    <\/span>\n  <\/a>","protected":false},"excerpt":{"rendered":"<p>Os rins t\u00eam um papel vital no controle do equil\u00edbrio de l\u00edquidos e na filtragem de toxinas no corpo humano. Quando apresentam disfun\u00e7\u00f5es, podem surgir ind\u00edcios f\u00edsicos antes que exames cl\u00ednicos detectem altera\u00e7\u00f5es, como incha\u00e7o nas p\u00e1lpebras, palidez, manchas na pele e coceira, sinais sutis por\u00e9m significativos que indicam potenciais problemas renais e tornam essencial [&hellip;]<\/p>\n","protected":false},"author":14,"featured_media":101379,"comment_status":"open","ping_status":"open","sticky":false,"template":"","format":"standard","meta":{"_yoast_wpseo_focuskw":"problemas nos rins","_yoast_wpseo_title":"","_yoast_wpseo_metadesc":"Entenda como altera\u00e7\u00f5es na pele e incha\u00e7o podem estar ligados \u00e0 sa\u00fade dos rins. Veja quais sinais no corpo podem indicar disfun\u00e7\u00e3o renal e merecem aten\u00e7\u00e3o","jnews-multi-image_gallery":[],"jnews_single_post":{"format":"standard"},"jnews_primary_category":[],"jnews_social_meta":[],"jnews_override_counter":[],"footnotes":""},"categories":[4404],"tags":[],"class_list":["post-234219","post","type-post","status-publish","format-standard","has-post-thumbnail","hentry","category-saude"],"yoast_head":"<!-- This site is optimized with the Yoast SEO plugin v24.6 - https:\/\/yoast.com\/wordpress\/plugins\/seo\/ -->\n<title>Esses sinais no rosto podem indicar problemas nos rins e voc\u00ea pode n\u00e3o perceber - Correio Braziliense - Radar<\/title>\n<meta name=\"description\" content=\"Entenda como altera\u00e7\u00f5es na pele e incha\u00e7o podem estar ligados \u00e0 sa\u00fade dos rins. Veja quais sinais no corpo podem indicar disfun\u00e7\u00e3o renal e merecem aten\u00e7\u00e3o\" \/>\n<meta name=\"robots\" content=\"index, follow, max-snippet:-1, max-image-preview:large, max-video-preview:-1\" \/>\n<link rel=\"canonical\" href=\"https:\/\/www.correiobraziliense.com.br\/cbradar\/esses-sinais-no-rosto-podem-indicar-problemas-nos-rins-e-voce-pode-nao-perceber\/\" \/>\n<meta property=\"og:locale\" content=\"pt_BR\" \/>\n<meta property=\"og:type\" content=\"article\" \/>\n<meta property=\"og:title\" content=\"Esses sinais no rosto podem indicar problemas nos rins e voc\u00ea pode n\u00e3o perceber - Correio Braziliense - Radar\" \/>\n<meta property=\"og:description\" content=\"Entenda como altera\u00e7\u00f5es na pele e incha\u00e7o podem estar ligados \u00e0 sa\u00fade dos rins. Veja quais sinais no corpo podem indicar disfun\u00e7\u00e3o renal e merecem aten\u00e7\u00e3o\" \/>\n<meta property=\"og:url\" content=\"https:\/\/www.correiobraziliense.com.br\/cbradar\/esses-sinais-no-rosto-podem-indicar-problemas-nos-rins-e-voce-pode-nao-perceber\/\" \/>\n<meta property=\"og:site_name\" content=\"Correio Braziliense - Radar\" \/>\n<meta property=\"article:published_time\" content=\"2026-04-29T18:55:00+00:00\" \/>\n<meta property=\"og:image\" content=\"https:\/\/www.correiobraziliense.com.br\/cbradar\/wp-content\/uploads\/2025\/09\/pele-sem-brilho_1757442654869.jpg\" \/>\n\t<meta property=\"og:image:width\" content=\"1280\" \/>\n\t<meta property=\"og:image:height\" content=\"720\" \/>\n\t<meta property=\"og:image:type\" content=\"image\/jpeg\" \/>\n<meta name=\"author\" content=\"guilherme_saude\" \/>\n<meta name=\"twitter:card\" content=\"summary_large_image\" \/>\n<meta name=\"twitter:label1\" content=\"Escrito por\" \/>\n\t<meta name=\"twitter:data1\" content=\"guilherme_saude\" \/>\n\t<meta name=\"twitter:label2\" content=\"Est. tempo de leitura\" \/>\n\t<meta name=\"twitter:data2\" content=\"4 minutos\" \/>\n<!-- \/ Yoast SEO plugin. -->","yoast_head_json":{"title":"Esses sinais no rosto podem indicar problemas nos rins e voc\u00ea pode n\u00e3o perceber - Correio Braziliense - Radar","description":"Entenda como altera\u00e7\u00f5es na pele e incha\u00e7o podem estar ligados \u00e0 sa\u00fade dos rins. Veja quais sinais no corpo podem indicar disfun\u00e7\u00e3o renal e merecem aten\u00e7\u00e3o","robots":{"index":"index","follow":"follow","max-snippet":"max-snippet:-1","max-image-preview":"max-image-preview:large","max-video-preview":"max-video-preview:-1"},"canonical":"https:\/\/www.correiobraziliense.com.br\/cbradar\/esses-sinais-no-rosto-podem-indicar-problemas-nos-rins-e-voce-pode-nao-perceber\/","og_locale":"pt_BR","og_type":"article","og_title":"Esses sinais no rosto podem indicar problemas nos rins e voc\u00ea pode n\u00e3o perceber - Correio Braziliense - Radar","og_description":"Entenda como altera\u00e7\u00f5es na pele e incha\u00e7o podem estar ligados \u00e0 sa\u00fade dos rins. Veja quais sinais no corpo podem indicar disfun\u00e7\u00e3o renal e merecem aten\u00e7\u00e3o","og_url":"https:\/\/www.correiobraziliense.com.br\/cbradar\/esses-sinais-no-rosto-podem-indicar-problemas-nos-rins-e-voce-pode-nao-perceber\/","og_site_name":"Correio Braziliense - Radar","article_published_time":"2026-04-29T18:55:00+00:00","og_image":[{"width":1280,"height":720,"url":"https:\/\/www.correiobraziliense.com.br\/cbradar\/wp-content\/uploads\/2025\/09\/pele-sem-brilho_1757442654869.jpg","type":"image\/jpeg"}],"author":"guilherme_saude","twitter_card":"summary_large_image","twitter_misc":{"Escrito por":"guilherme_saude","Est. tempo de leitura":"4 minutos"},"schema":{"@context":"https:\/\/schema.org","@graph":[{"@type":"WebPage","@id":"https:\/\/www.correiobraziliense.com.br\/cbradar\/esses-sinais-no-rosto-podem-indicar-problemas-nos-rins-e-voce-pode-nao-perceber\/","url":"https:\/\/www.correiobraziliense.com.br\/cbradar\/esses-sinais-no-rosto-podem-indicar-problemas-nos-rins-e-voce-pode-nao-perceber\/","name":"Esses sinais no rosto podem indicar problemas nos rins e voc\u00ea pode n\u00e3o perceber - Correio Braziliense - Radar","isPartOf":{"@id":"https:\/\/www.correiobraziliense.com.br\/cbradar\/#website"},"primaryImageOfPage":{"@id":"https:\/\/www.correiobraziliense.com.br\/cbradar\/esses-sinais-no-rosto-podem-indicar-problemas-nos-rins-e-voce-pode-nao-perceber\/#primaryimage"},"image":{"@id":"https:\/\/www.correiobraziliense.com.br\/cbradar\/esses-sinais-no-rosto-podem-indicar-problemas-nos-rins-e-voce-pode-nao-perceber\/#primaryimage"},"thumbnailUrl":"https:\/\/www.correiobraziliense.com.br\/cbradar\/wp-content\/uploads\/2025\/09\/pele-sem-brilho_1757442654869.jpg","datePublished":"2026-04-29T18:55:00+00:00","author":{"@id":"https:\/\/www.correiobraziliense.com.br\/cbradar\/#\/schema\/person\/5aa4bf3c8fa699c267933611de12978b"},"description":"Entenda como altera\u00e7\u00f5es na pele e incha\u00e7o podem estar ligados \u00e0 sa\u00fade dos rins. Veja quais sinais no corpo podem indicar disfun\u00e7\u00e3o renal e merecem aten\u00e7\u00e3o","breadcrumb":{"@id":"https:\/\/www.correiobraziliense.com.br\/cbradar\/esses-sinais-no-rosto-podem-indicar-problemas-nos-rins-e-voce-pode-nao-perceber\/#breadcrumb"},"inLanguage":"pt-BR","potentialAction":[{"@type":"ReadAction","target":["https:\/\/www.correiobraziliense.com.br\/cbradar\/esses-sinais-no-rosto-podem-indicar-problemas-nos-rins-e-voce-pode-nao-perceber\/"]}]},{"@type":"ImageObject","inLanguage":"pt-BR","@id":"https:\/\/www.correiobraziliense.com.br\/cbradar\/esses-sinais-no-rosto-podem-indicar-problemas-nos-rins-e-voce-pode-nao-perceber\/#primaryimage","url":"https:\/\/www.correiobraziliense.com.br\/cbradar\/wp-content\/uploads\/2025\/09\/pele-sem-brilho_1757442654869.jpg","contentUrl":"https:\/\/www.correiobraziliense.com.br\/cbradar\/wp-content\/uploads\/2025\/09\/pele-sem-brilho_1757442654869.jpg","width":1280,"height":720,"caption":"pele sem brilho - Cr\u00e9ditos: depositphotos.com \/ Artfully79"},{"@type":"BreadcrumbList","@id":"https:\/\/www.correiobraziliense.com.br\/cbradar\/esses-sinais-no-rosto-podem-indicar-problemas-nos-rins-e-voce-pode-nao-perceber\/#breadcrumb","itemListElement":[{"@type":"ListItem","position":1,"name":"In\u00edcio","item":"https:\/\/www.correiobraziliense.com.br\/cbradar\/"},{"@type":"ListItem","position":2,"name":"Esses sinais no rosto podem indicar problemas nos rins e voc\u00ea pode n\u00e3o perceber"}]},{"@type":"WebSite","@id":"https:\/\/www.correiobraziliense.com.br\/cbradar\/#website","url":"https:\/\/www.correiobraziliense.com.br\/cbradar\/","name":"Correio Braziliense - Radar","description":"Acompanhe as \u00faltimas not\u00edcias e fique bem informado sobre tudo o que acontece no Brasil e no mundo.","potentialAction":[{"@type":"SearchAction","target":{"@type":"EntryPoint","urlTemplate":"https:\/\/www.correiobraziliense.com.br\/cbradar\/?s={search_term_string}"},"query-input":{"@type":"PropertyValueSpecification","valueRequired":true,"valueName":"search_term_string"}}],"inLanguage":"pt-BR"},{"@type":"Person","@id":"https:\/\/www.correiobraziliense.com.br\/cbradar\/#\/schema\/person\/5aa4bf3c8fa699c267933611de12978b","name":"guilherme_saude","image":{"@type":"ImageObject","inLanguage":"pt-BR","@id":"https:\/\/www.correiobraziliense.com.br\/cbradar\/#\/schema\/person\/image\/","url":"https:\/\/secure.gravatar.com\/avatar\/df9adfb835d344bc0af109d41756253f?s=96&d=mm&r=g","contentUrl":"https:\/\/secure.gravatar.com\/avatar\/df9adfb835d344bc0af109d41756253f?s=96&d=mm&r=g","caption":"guilherme_saude"},"url":"https:\/\/www.correiobraziliense.com.br\/cbradar\/author\/guilherme_saude\/"}]}},"_links":{"self":[{"href":"https:\/\/www.correiobraziliense.com.br\/cbradar\/wp-json\/wp\/v2\/posts\/234219","targetHints":{"allow":["GET"]}}],"collection":[{"href":"https:\/\/www.correiobraziliense.com.br\/cbradar\/wp-json\/wp\/v2\/posts"}],"about":[{"href":"https:\/\/www.correiobraziliense.com.br\/cbradar\/wp-json\/wp\/v2\/types\/post"}],"author":[{"embeddable":true,"href":"https:\/\/www.correiobraziliense.com.br\/cbradar\/wp-json\/wp\/v2\/users\/14"}],"replies":[{"embeddable":true,"href":"https:\/\/www.correiobraziliense.com.br\/cbradar\/wp-json\/wp\/v2\/comments?post=234219"}],"version-history":[{"count":1,"href":"https:\/\/www.correiobraziliense.com.br\/cbradar\/wp-json\/wp\/v2\/posts\/234219\/revisions"}],"predecessor-version":[{"id":234324,"href":"https:\/\/www.correiobraziliense.com.br\/cbradar\/wp-json\/wp\/v2\/posts\/234219\/revisions\/234324"}],"wp:featuredmedia":[{"embeddable":true,"href":"https:\/\/www.correiobraziliense.com.br\/cbradar\/wp-json\/wp\/v2\/media\/101379"}],"wp:attachment":[{"href":"https:\/\/www.correiobraziliense.com.br\/cbradar\/wp-json\/wp\/v2\/media?parent=234219"}],"wp:term":[{"taxonomy":"category","embeddable":true,"href":"https:\/\/www.correiobraziliense.com.br\/cbradar\/wp-json\/wp\/v2\/categories?post=234219"},{"taxonomy":"post_tag","embeddable":true,"href":"https:\/\/www.correiobraziliense.com.br\/cbradar\/wp-json\/wp\/v2\/tags?post=234219"}],"curies":[{"name":"wp","href":"https:\/\/api.w.org\/{rel}","templated":true}]}}