{"id":234230,"date":"2026-04-30T09:55:00","date_gmt":"2026-04-30T12:55:00","guid":{"rendered":"https:\/\/www.correiobraziliense.com.br\/cbradar\/?p=234230"},"modified":"2026-04-29T11:43:31","modified_gmt":"2026-04-29T14:43:31","slug":"__trashed-9","status":"publish","type":"post","link":"https:\/\/www.correiobraziliense.com.br\/cbradar\/__trashed-9\/","title":{"rendered":"Por que essa fruta pequena pode transformar sua sa\u00fade de forma surpreendente todos os dias"},"content":{"rendered":"\n<p>A acerola \u00e9 reconhecida mundialmente por ser uma das fontes mais ricas em vitamina C dispon\u00edveis na natureza de forma acess\u00edvel. Consumir essa pequena fruta diariamente traz in\u00fameras vantagens para a sa\u00fade do organismo, fortalecendo as defesas naturais e combatendo o envelhecimento precoce das c\u00e9lulas. Incorporar esse alimento na rotina alimentar garante uma vitalidade muito maior e constante.<\/p>\n\n\n\n<h2 class=\"wp-block-heading\">Como a vitamina C presente na fruta fortalece a imunidade?<\/h2>\n\n\n\n<p>A alta concentra\u00e7\u00e3o de nutrientes essenciais encontrada nesse vegetal auxilia diretamente na produ\u00e7\u00e3o de gl\u00f3bulos brancos, respons\u00e1veis por proteger o corpo contra invasores externos. Quando o sistema imunol\u00f3gico est\u00e1 fortalecido, a frequ\u00eancia de resfriados e infec\u00e7\u00f5es diminui consideravelmente, permitindo que o indiv\u00edduo mantenha sua produtividade e bem-estar. Ter esse aporte vitam\u00ednico \u00e9 fundamental para uma sa\u00fade equilibrada.<\/p>\n\n\n\n<p>Al\u00e9m de atuar na defesa imediata, esse componente ajuda na absor\u00e7\u00e3o de outras subst\u00e2ncias importantes obtidas atrav\u00e9s da alimenta\u00e7\u00e3o di\u00e1ria e variada. O organismo humano n\u00e3o produz essa vitamina de forma natural, por isso a ingest\u00e3o externa torna-se uma necessidade biol\u00f3gica para manter os processos internos funcionando com perfei\u00e7\u00e3o. Consumir a polpa natural \u00e9 a melhor estrat\u00e9gia dispon\u00edvel.<\/p>\n\n\n\n<figure class=\"wp-block-image size-full\"><img decoding=\"async\" width=\"1280\" height=\"720\" src=\"https:\/\/www.correiobraziliense.com.br\/cbradar\/wp-content\/uploads\/2026\/04\/Gemini_Generated_Image_yt8vxhyt8vxhyt8v-1-1.png\" alt=\"Por que essa fruta pequena pode transformar sua sa\u00fade de forma surpreendente todos os dias\" class=\"wp-image-234247\" srcset=\"https:\/\/www.correiobraziliense.com.br\/cbradar\/wp-content\/uploads\/2026\/04\/Gemini_Generated_Image_yt8vxhyt8vxhyt8v-1-1.png 1280w, https:\/\/www.correiobraziliense.com.br\/cbradar\/wp-content\/uploads\/2026\/04\/Gemini_Generated_Image_yt8vxhyt8vxhyt8v-1-1-300x169.png 300w, https:\/\/www.correiobraziliense.com.br\/cbradar\/wp-content\/uploads\/2026\/04\/Gemini_Generated_Image_yt8vxhyt8vxhyt8v-1-1-768x432.png 768w, https:\/\/www.correiobraziliense.com.br\/cbradar\/wp-content\/uploads\/2026\/04\/Gemini_Generated_Image_yt8vxhyt8vxhyt8v-1-1-750x422.png 750w, https:\/\/www.correiobraziliense.com.br\/cbradar\/wp-content\/uploads\/2026\/04\/Gemini_Generated_Image_yt8vxhyt8vxhyt8v-1-1-1140x641.png 1140w\" sizes=\"(max-width: 1280px) 100vw, 1280px\" \/><figcaption class=\"wp-element-caption\">Uma fruta nutritiva que fortalece o corpo, melhora a pele e aumenta a disposi\u00e7\u00e3o di\u00e1ria<\/figcaption><\/figure>\n\n\n\n<h2 class=\"wp-block-heading\">Quais s\u00e3o as propriedades antioxidantes que protegem as c\u00e9lulas?<\/h2>\n\n\n\n<p>Os compostos fen\u00f3licos presentes na casca e na polpa atuam neutralizando os radicais livres que causam danos oxidativos aos tecidos saud\u00e1veis do rosto. Essa prote\u00e7\u00e3o celular retarda o envelhecimento e ajuda a manter a elasticidade da derme, evitando o surgimento de marcas de express\u00e3o profundas precocemente. Valorizar esses benef\u00edcios naturais reflete em uma apar\u00eancia rejuvenescida e bastante saud\u00e1vel.<\/p>\n\n\n\n<p>O consumo frequente de subst\u00e2ncias antioxidantes contribui para a sa\u00fade dos \u00f3rg\u00e3os internos e melhora a resposta inflamat\u00f3ria global do sistema metab\u00f3lico do ser humano. Ao reduzir o estresse celular, o corpo consegue se regenerar com mais facilidade durante os per\u00edodos de repouso noturno essencial para a vida. Priorizar frutas frescas garante que esses elementos permane\u00e7am totalmente ativos.<\/p>\n\n\n\n<h2 class=\"wp-block-heading\">Quais nutrientes adicionais podem ser encontrados na composi\u00e7\u00e3o?<\/h2>\n\n\n\n<p>Embora seja famosa pelo teor vitam\u00ednico elevado, essa fruta tamb\u00e9m oferece uma variedade impressionante de minerais e vitaminas do complexo B importantes. Esses elementos trabalham em conjunto para garantir que o metabolismo energ\u00e9tico funcione corretamente, proporcionando mais disposi\u00e7\u00e3o para as atividades f\u00edsicas e mentais exaustivas. Explorar toda essa riqueza nutricional \u00e9 um diferencial valioso para a sa\u00fade plena.<\/p>\n\n\n\n<p>As subst\u00e2ncias mais relevantes encontradas na polpa e nas sementes s\u00e3o:<\/p>\n\n\n\n<ul class=\"wp-block-list\">\n<li>Vitamina A essencial para a sa\u00fade da vis\u00e3o.<\/li>\n\n\n\n<li>C\u00e1lcio que auxilia na manuten\u00e7\u00e3o dos ossos fortes.<\/li>\n\n\n\n<li>F\u00f3sforo importante para a regenera\u00e7\u00e3o celular constante sempre.<\/li>\n\n\n\n<li>Ferro que ajuda no transporte de oxig\u00eanio sangu\u00edneo.<\/li>\n<\/ul>\n\n\n\n<h2 class=\"wp-block-heading\">De que forma o consumo auxilia na sa\u00fade da pele?<\/h2>\n\n\n\n<p>A produ\u00e7\u00e3o de col\u00e1geno pelo organismo depende diretamente da presen\u00e7a de n\u00edveis adequados de \u00e1cido asc\u00f3rbico dispon\u00edveis na corrente sangu\u00ednea de cada pessoa. Quando h\u00e1 ingest\u00e3o regular dessa fruta, a pele ganha mais firmeza e resist\u00eancia contra as agress\u00f5es externas do clima e da polui\u00e7\u00e3o urbana. Manter esse cuidado nutricional \u00e9 vital para uma est\u00e9tica sempre preservada.<\/p>\n\n\n\n<p>Al\u00e9m de favorecer a cicatriza\u00e7\u00e3o de pequenos ferimentos, os nutrientes ajudam a uniformizar o tom da derme, reduzindo manchas causadas pela exposi\u00e7\u00e3o solar excessiva durante o dia. Ter uma barreira cut\u00e2nea fortalecida impede que agentes infecciosos penetrem com facilidade no corpo atrav\u00e9s dos poros sens\u00edveis. Ingerir a fruta in natura potencializa todos esses resultados positivos e duradouros.<\/p>\n\n\n\n<p>No v\u00eddeo abaixo do canal no YouTube <strong><em>Nutricionista Patricia Leite<\/em><\/strong>, a nutricionista Patr\u00edcia cita os benef\u00edcios da acerola e ensina maneiras de usar corretamente, ela conta com mais de <strong><em>8 milh\u00f5es de seguidores<\/em><\/strong> e tr\u00e1s conte\u00fados sobre alimenta\u00e7\u00e3o e sa\u00fade:<\/p>\n\n\n\n<figure class=\"wp-block-embed is-type-video is-provider-youtube wp-block-embed-youtube wp-embed-aspect-16-9 wp-has-aspect-ratio\"><div class=\"wp-block-embed__wrapper\">\n<div class=\"jeg_video_container jeg_video_content\"><iframe loading=\"lazy\" title=\"A Fruta da IMUNIDADE, PELE e EMAGRECIMENTO - Benef\u00edcios da Acerola e Como Usar Certo!\" width=\"500\" height=\"281\" src=\"https:\/\/www.youtube.com\/embed\/lSTCu03D-QM?feature=oembed\" frameborder=\"0\" allow=\"accelerometer; autoplay; clipboard-write; encrypted-media; gyroscope; picture-in-picture; web-share\" referrerpolicy=\"strict-origin-when-cross-origin\" allowfullscreen><\/iframe><\/div>\n<\/div><\/figure>\n\n\n\n<p>Leia tamb\u00e9m: <a href=\"https:\/\/www.correiobraziliense.com.br\/cbradar\/as-frutas-congeladas-que-podem-entrar-na-rotina-de-quem-quer-cuidar-do-colesterol\/\" target=\"_blank\" rel=\"noreferrer noopener\">As frutas congeladas que podem entrar na rotina de quem quer cuidar do colesterol<\/a><\/p>\n\n\n\n<h2 class=\"wp-block-heading\">Onde encontrar orienta\u00e7\u00f5es detalhadas sobre o valor nutricional da fruta?<\/h2>\n\n\n\n<p>Buscar informa\u00e7\u00f5es fundamentadas em \u00f3rg\u00e3os internacionais de sa\u00fade permite compreender como cada nutriente interage com o metabolismo humano de forma segura e eficaz. Existem diretrizes globais que recomendam as quantidades ideais de ingest\u00e3o para prevenir doen\u00e7as cr\u00f4nicas e fortalecer a longevidade com qualidade de vida superior. Estar bem informado garante que as escolhas alimentares sejam feitas com consci\u00eancia.<\/p>\n\n\n\n<p>Para obter dados precisos sobre os componentes qu\u00edmicos presentes nesses alimentos, consultar o portal da <strong><a href=\"https:\/\/www.fao.org\/home\/en\" target=\"_blank\" rel=\"noreferrer noopener\">Food and Agriculture Organization<\/a><\/strong> oferece um suporte t\u00e9cnico excelente e completo para todos. Seguir esses par\u00e2metros mundiais ajuda a construir uma rotina alimentar rica em benef\u00edcios que protegem o organismo contra desgastes desnecess\u00e1rios. Valorizar o conhecimento cient\u00edfico \u00e9 o primeiro passo fundamental.<\/p>\n","protected":false},"excerpt":{"rendered":"<p>A acerola \u00e9 reconhecida mundialmente por ser uma das fontes mais ricas em vitamina C dispon\u00edveis na natureza de forma acess\u00edvel. Consumir essa pequena fruta diariamente traz in\u00fameras vantagens para a sa\u00fade do organismo, fortalecendo as defesas naturais e combatendo o envelhecimento precoce das c\u00e9lulas. Incorporar esse alimento na rotina alimentar garante uma vitalidade muito [&hellip;]<\/p>\n","protected":false},"author":21,"featured_media":234243,"comment_status":"open","ping_status":"open","sticky":false,"template":"","format":"standard","meta":{"_yoast_wpseo_focuskw":"benef\u00edcios da acerola","_yoast_wpseo_title":"","_yoast_wpseo_metadesc":"Pequena no tamanho, gigante nos benef\u00edcios, essa fruta surpreende pela capacidade de fortalecer o corpo e melhorar a sa\u00fade di\u00e1ria","jnews-multi-image_gallery":[],"jnews_single_post":{"format":"standard"},"jnews_primary_category":[],"jnews_social_meta":[],"jnews_override_counter":[],"footnotes":""},"categories":[119],"tags":[1068,281,615,565],"class_list":["post-234230","post","type-post","status-publish","format-standard","has-post-thumbnail","hentry","category-bem-estar","tag-acerola","tag-alimentacao","tag-fruta","tag-saude"],"yoast_head":"<!-- This site is optimized with the Yoast SEO plugin v24.6 - https:\/\/yoast.com\/wordpress\/plugins\/seo\/ -->\n<title>Por que essa fruta pequena pode transformar sua sa\u00fade de forma surpreendente todos os dias - Correio Braziliense - Radar<\/title>\n<meta name=\"description\" content=\"Pequena no tamanho, gigante nos benef\u00edcios, essa fruta surpreende pela capacidade de fortalecer o corpo e melhorar a sa\u00fade di\u00e1ria\" \/>\n<meta name=\"robots\" content=\"index, follow, max-snippet:-1, max-image-preview:large, max-video-preview:-1\" \/>\n<link rel=\"canonical\" href=\"https:\/\/www.correiobraziliense.com.br\/cbradar\/__trashed-9\/\" \/>\n<meta property=\"og:locale\" content=\"pt_BR\" \/>\n<meta property=\"og:type\" content=\"article\" \/>\n<meta property=\"og:title\" content=\"Por que essa fruta pequena pode transformar sua sa\u00fade de forma surpreendente todos os dias - Correio Braziliense - Radar\" \/>\n<meta property=\"og:description\" content=\"Pequena no tamanho, gigante nos benef\u00edcios, essa fruta surpreende pela capacidade de fortalecer o corpo e melhorar a sa\u00fade di\u00e1ria\" \/>\n<meta property=\"og:url\" content=\"https:\/\/www.correiobraziliense.com.br\/cbradar\/__trashed-9\/\" \/>\n<meta property=\"og:site_name\" content=\"Correio Braziliense - Radar\" \/>\n<meta property=\"article:published_time\" content=\"2026-04-30T12:55:00+00:00\" \/>\n<meta property=\"og:image\" content=\"https:\/\/www.correiobraziliense.com.br\/cbradar\/wp-content\/uploads\/2026\/04\/Gemini_Generated_Image_mgtqhhmgtqhhmgtq-1-1.png\" \/>\n\t<meta property=\"og:image:width\" content=\"1280\" \/>\n\t<meta property=\"og:image:height\" content=\"720\" \/>\n\t<meta property=\"og:image:type\" content=\"image\/png\" \/>\n<meta name=\"author\" content=\"Patrick Silva\" \/>\n<meta name=\"twitter:card\" content=\"summary_large_image\" \/>\n<meta name=\"twitter:label1\" content=\"Escrito por\" \/>\n\t<meta name=\"twitter:data1\" content=\"Patrick Silva\" \/>\n\t<meta name=\"twitter:label2\" content=\"Est. tempo de leitura\" \/>\n\t<meta name=\"twitter:data2\" content=\"5 minutos\" \/>\n<!-- \/ Yoast SEO plugin. -->","yoast_head_json":{"title":"Por que essa fruta pequena pode transformar sua sa\u00fade de forma surpreendente todos os dias - Correio Braziliense - Radar","description":"Pequena no tamanho, gigante nos benef\u00edcios, essa fruta surpreende pela capacidade de fortalecer o corpo e melhorar a sa\u00fade di\u00e1ria","robots":{"index":"index","follow":"follow","max-snippet":"max-snippet:-1","max-image-preview":"max-image-preview:large","max-video-preview":"max-video-preview:-1"},"canonical":"https:\/\/www.correiobraziliense.com.br\/cbradar\/__trashed-9\/","og_locale":"pt_BR","og_type":"article","og_title":"Por que essa fruta pequena pode transformar sua sa\u00fade de forma surpreendente todos os dias - Correio Braziliense - Radar","og_description":"Pequena no tamanho, gigante nos benef\u00edcios, essa fruta surpreende pela capacidade de fortalecer o corpo e melhorar a sa\u00fade di\u00e1ria","og_url":"https:\/\/www.correiobraziliense.com.br\/cbradar\/__trashed-9\/","og_site_name":"Correio Braziliense - Radar","article_published_time":"2026-04-30T12:55:00+00:00","og_image":[{"width":1280,"height":720,"url":"https:\/\/www.correiobraziliense.com.br\/cbradar\/wp-content\/uploads\/2026\/04\/Gemini_Generated_Image_mgtqhhmgtqhhmgtq-1-1.png","type":"image\/png"}],"author":"Patrick Silva","twitter_card":"summary_large_image","twitter_misc":{"Escrito por":"Patrick Silva","Est. tempo de leitura":"5 minutos"},"schema":{"@context":"https:\/\/schema.org","@graph":[{"@type":"WebPage","@id":"https:\/\/www.correiobraziliense.com.br\/cbradar\/__trashed-9\/","url":"https:\/\/www.correiobraziliense.com.br\/cbradar\/__trashed-9\/","name":"Por que essa fruta pequena pode transformar sua sa\u00fade de forma surpreendente todos os dias - Correio Braziliense - Radar","isPartOf":{"@id":"https:\/\/www.correiobraziliense.com.br\/cbradar\/#website"},"primaryImageOfPage":{"@id":"https:\/\/www.correiobraziliense.com.br\/cbradar\/__trashed-9\/#primaryimage"},"image":{"@id":"https:\/\/www.correiobraziliense.com.br\/cbradar\/__trashed-9\/#primaryimage"},"thumbnailUrl":"https:\/\/www.correiobraziliense.com.br\/cbradar\/wp-content\/uploads\/2026\/04\/Gemini_Generated_Image_mgtqhhmgtqhhmgtq-1-1.png","datePublished":"2026-04-30T12:55:00+00:00","author":{"@id":"https:\/\/www.correiobraziliense.com.br\/cbradar\/#\/schema\/person\/5440b72be9c7eb74f446c846479dc4da"},"description":"Pequena no tamanho, gigante nos benef\u00edcios, essa fruta surpreende pela capacidade de fortalecer o corpo e melhorar a sa\u00fade di\u00e1ria","breadcrumb":{"@id":"https:\/\/www.correiobraziliense.com.br\/cbradar\/__trashed-9\/#breadcrumb"},"inLanguage":"pt-BR","potentialAction":[{"@type":"ReadAction","target":["https:\/\/www.correiobraziliense.com.br\/cbradar\/__trashed-9\/"]}]},{"@type":"ImageObject","inLanguage":"pt-BR","@id":"https:\/\/www.correiobraziliense.com.br\/cbradar\/__trashed-9\/#primaryimage","url":"https:\/\/www.correiobraziliense.com.br\/cbradar\/wp-content\/uploads\/2026\/04\/Gemini_Generated_Image_mgtqhhmgtqhhmgtq-1-1.png","contentUrl":"https:\/\/www.correiobraziliense.com.br\/cbradar\/wp-content\/uploads\/2026\/04\/Gemini_Generated_Image_mgtqhhmgtqhhmgtq-1-1.png","width":1280,"height":720,"caption":"Uma fruta nutritiva que fortalece o corpo, melhora a pele e aumenta a disposi\u00e7\u00e3o di\u00e1ria"},{"@type":"BreadcrumbList","@id":"https:\/\/www.correiobraziliense.com.br\/cbradar\/__trashed-9\/#breadcrumb","itemListElement":[{"@type":"ListItem","position":1,"name":"In\u00edcio","item":"https:\/\/www.correiobraziliense.com.br\/cbradar\/"},{"@type":"ListItem","position":2,"name":"Por que essa fruta pequena pode transformar sua sa\u00fade de forma surpreendente todos os dias"}]},{"@type":"WebSite","@id":"https:\/\/www.correiobraziliense.com.br\/cbradar\/#website","url":"https:\/\/www.correiobraziliense.com.br\/cbradar\/","name":"Correio Braziliense - Radar","description":"Acompanhe as \u00faltimas not\u00edcias e fique bem informado sobre tudo o que acontece no Brasil e no mundo.","potentialAction":[{"@type":"SearchAction","target":{"@type":"EntryPoint","urlTemplate":"https:\/\/www.correiobraziliense.com.br\/cbradar\/?s={search_term_string}"},"query-input":{"@type":"PropertyValueSpecification","valueRequired":true,"valueName":"search_term_string"}}],"inLanguage":"pt-BR"},{"@type":"Person","@id":"https:\/\/www.correiobraziliense.com.br\/cbradar\/#\/schema\/person\/5440b72be9c7eb74f446c846479dc4da","name":"Patrick Silva","image":{"@type":"ImageObject","inLanguage":"pt-BR","@id":"https:\/\/www.correiobraziliense.com.br\/cbradar\/#\/schema\/person\/image\/","url":"https:\/\/secure.gravatar.com\/avatar\/944109df296fc087785c9715fd5f80b2?s=96&d=mm&r=g","contentUrl":"https:\/\/secure.gravatar.com\/avatar\/944109df296fc087785c9715fd5f80b2?s=96&d=mm&r=g","caption":"Patrick Silva"},"sameAs":["https:\/\/www.correiobraziliense.com.br\/cbradar\/"],"url":"https:\/\/www.correiobraziliense.com.br\/cbradar\/author\/patrick-silva\/"}]}},"_links":{"self":[{"href":"https:\/\/www.correiobraziliense.com.br\/cbradar\/wp-json\/wp\/v2\/posts\/234230","targetHints":{"allow":["GET"]}}],"collection":[{"href":"https:\/\/www.correiobraziliense.com.br\/cbradar\/wp-json\/wp\/v2\/posts"}],"about":[{"href":"https:\/\/www.correiobraziliense.com.br\/cbradar\/wp-json\/wp\/v2\/types\/post"}],"author":[{"embeddable":true,"href":"https:\/\/www.correiobraziliense.com.br\/cbradar\/wp-json\/wp\/v2\/users\/21"}],"replies":[{"embeddable":true,"href":"https:\/\/www.correiobraziliense.com.br\/cbradar\/wp-json\/wp\/v2\/comments?post=234230"}],"version-history":[{"count":2,"href":"https:\/\/www.correiobraziliense.com.br\/cbradar\/wp-json\/wp\/v2\/posts\/234230\/revisions"}],"predecessor-version":[{"id":234248,"href":"https:\/\/www.correiobraziliense.com.br\/cbradar\/wp-json\/wp\/v2\/posts\/234230\/revisions\/234248"}],"wp:featuredmedia":[{"embeddable":true,"href":"https:\/\/www.correiobraziliense.com.br\/cbradar\/wp-json\/wp\/v2\/media\/234243"}],"wp:attachment":[{"href":"https:\/\/www.correiobraziliense.com.br\/cbradar\/wp-json\/wp\/v2\/media?parent=234230"}],"wp:term":[{"taxonomy":"category","embeddable":true,"href":"https:\/\/www.correiobraziliense.com.br\/cbradar\/wp-json\/wp\/v2\/categories?post=234230"},{"taxonomy":"post_tag","embeddable":true,"href":"https:\/\/www.correiobraziliense.com.br\/cbradar\/wp-json\/wp\/v2\/tags?post=234230"}],"curies":[{"name":"wp","href":"https:\/\/api.w.org\/{rel}","templated":true}]}}