{"id":234231,"date":"2026-04-30T10:55:00","date_gmt":"2026-04-30T13:55:00","guid":{"rendered":"https:\/\/www.correiobraziliense.com.br\/cbradar\/?p=234231"},"modified":"2026-04-29T11:51:34","modified_gmt":"2026-04-29T14:51:34","slug":"incluir-essa-fruta-na-rotina-pode-melhorar-sua-qualidade-de-vida-rapidamente","status":"publish","type":"post","link":"https:\/\/www.correiobraziliense.com.br\/cbradar\/incluir-essa-fruta-na-rotina-pode-melhorar-sua-qualidade-de-vida-rapidamente\/","title":{"rendered":"Incluir essa fruta na rotina pode melhorar sua qualidade de vida rapidamente"},"content":{"rendered":"\n<p>O kiwi \u00e9 uma fruta tropical riqu\u00edssima em nutrientes essenciais que promovem o bom funcionamento do organismo humano em diversos n\u00edveis biol\u00f3gicos. Consumir esse alimento regularmente auxilia na manuten\u00e7\u00e3o de uma vida equilibrada e cheia de energia para enfrentar os desafios cotidianos. Seus componentes naturais fortalecem as defesas do corpo e garantem um bem-estar f\u00edsico duradouro e satisfat\u00f3rio.<\/p>\n\n\n\n<h2 class=\"wp-block-heading\">Como o kiwi auxilia no fortalecimento do sistema imunol\u00f3gico?<\/h2>\n\n\n\n<p>A presen\u00e7a elevada de vitamina C nessa fruta supera at\u00e9 mesmo o teor encontrado em c\u00edtricos tradicionais muito populares nas mesas das pessoas. Esse nutriente atua diretamente na produ\u00e7\u00e3o de gl\u00f3bulos brancos, que s\u00e3o os respons\u00e1veis por combater invasores indesejados no corpo humano. Manter esse aporte vitam\u00ednico constante \u00e9 vital para evitar doen\u00e7as sazonais e inflama\u00e7\u00f5es severas.<\/p>\n\n\n\n<p>Al\u00e9m de refor\u00e7ar a barreira natural contra v\u00edrus e bact\u00e9rias, o alimento possui propriedades antioxidantes que combatem o estresse oxidativo das c\u00e9lulas. Essa prote\u00e7\u00e3o biol\u00f3gica garante que o organismo consiga se recuperar de forma mais \u00e1gil ap\u00f3s esfor\u00e7os f\u00edsicos intensos ou per\u00edodos de cansa\u00e7o extremo. Ingerir a polpa fresca ajuda a consolidar uma sa\u00fade robusta e bastante protegida.<\/p>\n\n\n\n<figure class=\"wp-block-image size-full\"><img decoding=\"async\" width=\"1280\" height=\"720\" src=\"https:\/\/www.correiobraziliense.com.br\/cbradar\/wp-content\/uploads\/2026\/04\/Gemini_Generated_Image_aspmxnaspmxnaspm-1-1.png\" alt=\"Incluir essa fruta na rotina pode melhorar sua qualidade de vida rapidamente\" class=\"wp-image-234262\" srcset=\"https:\/\/www.correiobraziliense.com.br\/cbradar\/wp-content\/uploads\/2026\/04\/Gemini_Generated_Image_aspmxnaspmxnaspm-1-1.png 1280w, https:\/\/www.correiobraziliense.com.br\/cbradar\/wp-content\/uploads\/2026\/04\/Gemini_Generated_Image_aspmxnaspmxnaspm-1-1-300x169.png 300w, https:\/\/www.correiobraziliense.com.br\/cbradar\/wp-content\/uploads\/2026\/04\/Gemini_Generated_Image_aspmxnaspmxnaspm-1-1-768x432.png 768w, https:\/\/www.correiobraziliense.com.br\/cbradar\/wp-content\/uploads\/2026\/04\/Gemini_Generated_Image_aspmxnaspmxnaspm-1-1-750x422.png 750w, https:\/\/www.correiobraziliense.com.br\/cbradar\/wp-content\/uploads\/2026\/04\/Gemini_Generated_Image_aspmxnaspmxnaspm-1-1-1140x641.png 1140w\" sizes=\"(max-width: 1280px) 100vw, 1280px\" \/><figcaption class=\"wp-element-caption\">Uma fruta nutritiva que melhora a digest\u00e3o, fortalece a imunidade e promove mais disposi\u00e7\u00e3o<\/figcaption><\/figure>\n\n\n\n<h2 class=\"wp-block-heading\">Qual \u00e9 o papel da fruta na sa\u00fade do sistema digestivo?<\/h2>\n\n\n\n<p>Este alimento cont\u00e9m uma enzima natural chamada actinidina, que facilita a quebra de prote\u00ednas durante o processo de digest\u00e3o dos alimentos consumidos diariamente. Essa subst\u00e2ncia auxilia o est\u00f4mago a processar carnes e latic\u00ednios de maneira mais eficiente, reduzindo aquela sensa\u00e7\u00e3o desagrad\u00e1vel de peso ap\u00f3s as refei\u00e7\u00f5es principais. Ter uma digest\u00e3o fluida contribui para o conforto g\u00e1strico total.<\/p>\n\n\n\n<p>A alta concentra\u00e7\u00e3o de fibras sol\u00faveis e insol\u00faveis encontradas na casca e na polpa melhora significativamente o tr\u00e2nsito intestinal das pessoas. Esses elementos garantem que o organismo elimine res\u00edduos de forma regular, evitando o incha\u00e7o abdominal e promovendo uma flora bacteriana equilibrada e saud\u00e1vel. Priorizar fontes naturais de fibras \u00e9 um h\u00e1bito excelente para quem busca leveza di\u00e1ria.<\/p>\n\n\n\n<h2 class=\"wp-block-heading\">Como os nutrientes influenciam o bem-estar cardiovascular e celular?<\/h2>\n\n\n\n<p>Os minerais encontrados no fruto, como o pot\u00e1ssio, desempenham um papel crucial no controle da press\u00e3o arterial e na sa\u00fade dos vasos sangu\u00edneos. Manter esses n\u00edveis equilibrados ajuda a evitar a reten\u00e7\u00e3o de l\u00edquidos e melhora a circula\u00e7\u00e3o global do sangue por todo o organismo. Esse suporte nutricional \u00e9 essencial para prevenir o desgaste precoce das art\u00e9rias.<\/p>\n\n\n\n<p>Os principais benef\u00edcios observados com o consumo regular s\u00e3o:<\/p>\n\n\n\n<ul class=\"wp-block-list\">\n<li>Regula\u00e7\u00e3o natural dos n\u00edveis de a\u00e7\u00facar no sangue.<\/li>\n\n\n\n<li>Melhora na qualidade do sono profundo e reparador.<\/li>\n\n\n\n<li>Prote\u00e7\u00e3o da sa\u00fade ocular contra danos da luz.<\/li>\n\n\n\n<li>Aux\u00edlio na s\u00edntese de col\u00e1geno para a pele.<\/li>\n<\/ul>\n\n\n\n<h2 class=\"wp-block-heading\">De que maneira o consumo regular favorece a sa\u00fade da pele?<\/h2>\n\n\n\n<p>O est\u00edmulo \u00e0 produ\u00e7\u00e3o de col\u00e1geno \u00e9 um dos maiores trunfos est\u00e9ticos oferecidos pelos componentes vitam\u00ednicos presentes nesse alimento tropical e saboroso. Essa prote\u00edna garante que a derme permane\u00e7a firme e el\u00e1stica, retardando o surgimento de marcas de express\u00e3o profundas e indesejadas com o passar dos anos. Cuidar da nutri\u00e7\u00e3o interna reflete diretamente na apar\u00eancia externa saud\u00e1vel.<\/p>\n\n\n\n<p>Al\u00e9m da firmeza, as vitaminas auxiliam na cicatriza\u00e7\u00e3o de pequenos tecidos e protegem o rosto contra os danos causados pela radia\u00e7\u00e3o solar constante. Manter as c\u00e9lulas bem nutridas com antioxidantes naturais evita o aspecto cansado e sem brilho que a polui\u00e7\u00e3o urbana costuma causar diariamente. Investir em alimentos frescos \u00e9 a base para uma est\u00e9tica facial sempre rejuvenescida.<\/p>\n\n\n\n<p>No v\u00eddeo abaixo do canal no YouTube <strong><em>Nutricionista Patricia Leite<\/em><\/strong>, a nutricionista Patr\u00edcia cita os benef\u00edcios do kiwi e ensina maneiras de usar corretamente, ela conta com mais de <strong><em>8 milh\u00f5es de seguidores<\/em><\/strong> e tr\u00e1s conte\u00fados sobre alimenta\u00e7\u00e3o e sa\u00fade:<\/p>\n\n\n\n<figure class=\"wp-block-embed is-type-video is-provider-youtube wp-block-embed-youtube wp-embed-aspect-16-9 wp-has-aspect-ratio\"><div class=\"wp-block-embed__wrapper\">\n<div class=\"jeg_video_container jeg_video_content\"><iframe loading=\"lazy\" title=\"Benef\u00edcios do Kiwi - Engorda ou Emagrece? Para Que Serve? [RECEITAS e DICAS]\" width=\"500\" height=\"281\" src=\"https:\/\/www.youtube.com\/embed\/yccVY76KTNc?feature=oembed\" frameborder=\"0\" allow=\"accelerometer; autoplay; clipboard-write; encrypted-media; gyroscope; picture-in-picture; web-share\" referrerpolicy=\"strict-origin-when-cross-origin\" allowfullscreen><\/iframe><\/div>\n<\/div><\/figure>\n\n\n\n<p>Leia tamb\u00e9m: <a href=\"https:\/\/www.correiobraziliense.com.br\/cbradar\/as-frutas-congeladas-que-podem-entrar-na-rotina-de-quem-quer-cuidar-do-colesterol\/\" target=\"_blank\" rel=\"noreferrer noopener\">As frutas congeladas que podem entrar na rotina de quem quer cuidar do colesterol<\/a><\/p>\n\n\n\n<h2 class=\"wp-block-heading\">Onde buscar diretrizes confi\u00e1veis sobre a ingest\u00e3o de frutas?<\/h2>\n\n\n\n<p>Seguir orienta\u00e7\u00f5es baseadas em evid\u00eancias cient\u00edficas s\u00f3lidas permite que as escolhas alimentares sejam feitas com seguran\u00e7a e precis\u00e3o para cada indiv\u00edduo. Existem recomenda\u00e7\u00f5es internacionais que definem as quantidades ideais de nutrientes para fortalecer o organismo e prevenir o surgimento de doen\u00e7as cr\u00f4nicas graves. Estar atento aos fatos reais ajuda a construir uma rotina nutricional equilibrada e bastante eficaz.<\/p>\n\n\n\n<p>Para obter dados t\u00e9cnicos detalhados sobre os compostos bioativos desses alimentos, consultar o portal da <strong><a href=\"https:\/\/www.who.int\/news-room\/fact-sheets\/detail\/healthy-diet\">World Health Organization<\/a><\/strong> garante o acesso a informa\u00e7\u00f5es fundamentais. Esse tipo de suporte acad\u00eamico assegura que a dieta seja fundamentada em par\u00e2metros globais de sa\u00fade p\u00fablica e bem-estar. Priorizar o conhecimento cient\u00edfico \u00e9 o primeiro passo vital.<\/p>\n","protected":false},"excerpt":{"rendered":"<p>O kiwi \u00e9 uma fruta tropical riqu\u00edssima em nutrientes essenciais que promovem o bom funcionamento do organismo humano em diversos n\u00edveis biol\u00f3gicos. Consumir esse alimento regularmente auxilia na manuten\u00e7\u00e3o de uma vida equilibrada e cheia de energia para enfrentar os desafios cotidianos. Seus componentes naturais fortalecem as defesas do corpo e garantem um bem-estar f\u00edsico [&hellip;]<\/p>\n","protected":false},"author":21,"featured_media":234260,"comment_status":"open","ping_status":"open","sticky":false,"template":"","format":"standard","meta":{"_yoast_wpseo_focuskw":"benef\u00edcios do kiwi","_yoast_wpseo_title":"","_yoast_wpseo_metadesc":"Rico em nutrientes e cheio de benef\u00edcios, esse alimento natural fortalece o corpo e melhora fun\u00e7\u00f5es essenciais do organismo","jnews-multi-image_gallery":[],"jnews_single_post":{"format":"standard"},"jnews_primary_category":[],"jnews_social_meta":[],"jnews_override_counter":[],"footnotes":""},"categories":[119],"tags":[281,615,1637,565],"class_list":["post-234231","post","type-post","status-publish","format-standard","has-post-thumbnail","hentry","category-bem-estar","tag-alimentacao","tag-fruta","tag-kiwi","tag-saude"],"yoast_head":"<!-- This site is optimized with the Yoast SEO plugin v24.6 - https:\/\/yoast.com\/wordpress\/plugins\/seo\/ -->\n<title>Incluir essa fruta na rotina pode melhorar sua qualidade de vida rapidamente - Correio Braziliense - Radar<\/title>\n<meta name=\"description\" content=\"Rico em nutrientes e cheio de benef\u00edcios, esse alimento natural fortalece o corpo e melhora fun\u00e7\u00f5es essenciais do organismo\" \/>\n<meta name=\"robots\" content=\"index, follow, max-snippet:-1, max-image-preview:large, max-video-preview:-1\" \/>\n<link rel=\"canonical\" href=\"https:\/\/www.correiobraziliense.com.br\/cbradar\/incluir-essa-fruta-na-rotina-pode-melhorar-sua-qualidade-de-vida-rapidamente\/\" \/>\n<meta property=\"og:locale\" content=\"pt_BR\" \/>\n<meta property=\"og:type\" content=\"article\" \/>\n<meta property=\"og:title\" content=\"Incluir essa fruta na rotina pode melhorar sua qualidade de vida rapidamente - Correio Braziliense - Radar\" \/>\n<meta property=\"og:description\" content=\"Rico em nutrientes e cheio de benef\u00edcios, esse alimento natural fortalece o corpo e melhora fun\u00e7\u00f5es essenciais do organismo\" \/>\n<meta property=\"og:url\" content=\"https:\/\/www.correiobraziliense.com.br\/cbradar\/incluir-essa-fruta-na-rotina-pode-melhorar-sua-qualidade-de-vida-rapidamente\/\" \/>\n<meta property=\"og:site_name\" content=\"Correio Braziliense - Radar\" \/>\n<meta property=\"article:published_time\" content=\"2026-04-30T13:55:00+00:00\" \/>\n<meta property=\"og:image\" content=\"https:\/\/www.correiobraziliense.com.br\/cbradar\/wp-content\/uploads\/2026\/04\/Gemini_Generated_Image_7pg8jp7pg8jp7pg8-1-1.png\" \/>\n\t<meta property=\"og:image:width\" content=\"1280\" \/>\n\t<meta property=\"og:image:height\" content=\"720\" \/>\n\t<meta property=\"og:image:type\" content=\"image\/png\" \/>\n<meta name=\"author\" content=\"Patrick Silva\" \/>\n<meta name=\"twitter:card\" content=\"summary_large_image\" \/>\n<meta name=\"twitter:label1\" content=\"Escrito por\" \/>\n\t<meta name=\"twitter:data1\" content=\"Patrick Silva\" \/>\n\t<meta name=\"twitter:label2\" content=\"Est. tempo de leitura\" \/>\n\t<meta name=\"twitter:data2\" content=\"5 minutos\" \/>\n<!-- \/ Yoast SEO plugin. -->","yoast_head_json":{"title":"Incluir essa fruta na rotina pode melhorar sua qualidade de vida rapidamente - Correio Braziliense - Radar","description":"Rico em nutrientes e cheio de benef\u00edcios, esse alimento natural fortalece o corpo e melhora fun\u00e7\u00f5es essenciais do organismo","robots":{"index":"index","follow":"follow","max-snippet":"max-snippet:-1","max-image-preview":"max-image-preview:large","max-video-preview":"max-video-preview:-1"},"canonical":"https:\/\/www.correiobraziliense.com.br\/cbradar\/incluir-essa-fruta-na-rotina-pode-melhorar-sua-qualidade-de-vida-rapidamente\/","og_locale":"pt_BR","og_type":"article","og_title":"Incluir essa fruta na rotina pode melhorar sua qualidade de vida rapidamente - Correio Braziliense - Radar","og_description":"Rico em nutrientes e cheio de benef\u00edcios, esse alimento natural fortalece o corpo e melhora fun\u00e7\u00f5es essenciais do organismo","og_url":"https:\/\/www.correiobraziliense.com.br\/cbradar\/incluir-essa-fruta-na-rotina-pode-melhorar-sua-qualidade-de-vida-rapidamente\/","og_site_name":"Correio Braziliense - Radar","article_published_time":"2026-04-30T13:55:00+00:00","og_image":[{"width":1280,"height":720,"url":"https:\/\/www.correiobraziliense.com.br\/cbradar\/wp-content\/uploads\/2026\/04\/Gemini_Generated_Image_7pg8jp7pg8jp7pg8-1-1.png","type":"image\/png"}],"author":"Patrick Silva","twitter_card":"summary_large_image","twitter_misc":{"Escrito por":"Patrick Silva","Est. tempo de leitura":"5 minutos"},"schema":{"@context":"https:\/\/schema.org","@graph":[{"@type":"WebPage","@id":"https:\/\/www.correiobraziliense.com.br\/cbradar\/incluir-essa-fruta-na-rotina-pode-melhorar-sua-qualidade-de-vida-rapidamente\/","url":"https:\/\/www.correiobraziliense.com.br\/cbradar\/incluir-essa-fruta-na-rotina-pode-melhorar-sua-qualidade-de-vida-rapidamente\/","name":"Incluir essa fruta na rotina pode melhorar sua qualidade de vida rapidamente - Correio Braziliense - Radar","isPartOf":{"@id":"https:\/\/www.correiobraziliense.com.br\/cbradar\/#website"},"primaryImageOfPage":{"@id":"https:\/\/www.correiobraziliense.com.br\/cbradar\/incluir-essa-fruta-na-rotina-pode-melhorar-sua-qualidade-de-vida-rapidamente\/#primaryimage"},"image":{"@id":"https:\/\/www.correiobraziliense.com.br\/cbradar\/incluir-essa-fruta-na-rotina-pode-melhorar-sua-qualidade-de-vida-rapidamente\/#primaryimage"},"thumbnailUrl":"https:\/\/www.correiobraziliense.com.br\/cbradar\/wp-content\/uploads\/2026\/04\/Gemini_Generated_Image_7pg8jp7pg8jp7pg8-1-1.png","datePublished":"2026-04-30T13:55:00+00:00","author":{"@id":"https:\/\/www.correiobraziliense.com.br\/cbradar\/#\/schema\/person\/5440b72be9c7eb74f446c846479dc4da"},"description":"Rico em nutrientes e cheio de benef\u00edcios, esse alimento natural fortalece o corpo e melhora fun\u00e7\u00f5es essenciais do organismo","breadcrumb":{"@id":"https:\/\/www.correiobraziliense.com.br\/cbradar\/incluir-essa-fruta-na-rotina-pode-melhorar-sua-qualidade-de-vida-rapidamente\/#breadcrumb"},"inLanguage":"pt-BR","potentialAction":[{"@type":"ReadAction","target":["https:\/\/www.correiobraziliense.com.br\/cbradar\/incluir-essa-fruta-na-rotina-pode-melhorar-sua-qualidade-de-vida-rapidamente\/"]}]},{"@type":"ImageObject","inLanguage":"pt-BR","@id":"https:\/\/www.correiobraziliense.com.br\/cbradar\/incluir-essa-fruta-na-rotina-pode-melhorar-sua-qualidade-de-vida-rapidamente\/#primaryimage","url":"https:\/\/www.correiobraziliense.com.br\/cbradar\/wp-content\/uploads\/2026\/04\/Gemini_Generated_Image_7pg8jp7pg8jp7pg8-1-1.png","contentUrl":"https:\/\/www.correiobraziliense.com.br\/cbradar\/wp-content\/uploads\/2026\/04\/Gemini_Generated_Image_7pg8jp7pg8jp7pg8-1-1.png","width":1280,"height":720,"caption":"Uma fruta nutritiva que melhora a digest\u00e3o, fortalece a imunidade e promove mais disposi\u00e7\u00e3o"},{"@type":"BreadcrumbList","@id":"https:\/\/www.correiobraziliense.com.br\/cbradar\/incluir-essa-fruta-na-rotina-pode-melhorar-sua-qualidade-de-vida-rapidamente\/#breadcrumb","itemListElement":[{"@type":"ListItem","position":1,"name":"In\u00edcio","item":"https:\/\/www.correiobraziliense.com.br\/cbradar\/"},{"@type":"ListItem","position":2,"name":"Incluir essa fruta na rotina pode melhorar sua qualidade de vida rapidamente"}]},{"@type":"WebSite","@id":"https:\/\/www.correiobraziliense.com.br\/cbradar\/#website","url":"https:\/\/www.correiobraziliense.com.br\/cbradar\/","name":"Correio Braziliense - Radar","description":"Acompanhe as \u00faltimas not\u00edcias e fique bem informado sobre tudo o que acontece no Brasil e no mundo.","potentialAction":[{"@type":"SearchAction","target":{"@type":"EntryPoint","urlTemplate":"https:\/\/www.correiobraziliense.com.br\/cbradar\/?s={search_term_string}"},"query-input":{"@type":"PropertyValueSpecification","valueRequired":true,"valueName":"search_term_string"}}],"inLanguage":"pt-BR"},{"@type":"Person","@id":"https:\/\/www.correiobraziliense.com.br\/cbradar\/#\/schema\/person\/5440b72be9c7eb74f446c846479dc4da","name":"Patrick Silva","image":{"@type":"ImageObject","inLanguage":"pt-BR","@id":"https:\/\/www.correiobraziliense.com.br\/cbradar\/#\/schema\/person\/image\/","url":"https:\/\/secure.gravatar.com\/avatar\/944109df296fc087785c9715fd5f80b2?s=96&d=mm&r=g","contentUrl":"https:\/\/secure.gravatar.com\/avatar\/944109df296fc087785c9715fd5f80b2?s=96&d=mm&r=g","caption":"Patrick Silva"},"sameAs":["https:\/\/www.correiobraziliense.com.br\/cbradar\/"],"url":"https:\/\/www.correiobraziliense.com.br\/cbradar\/author\/patrick-silva\/"}]}},"_links":{"self":[{"href":"https:\/\/www.correiobraziliense.com.br\/cbradar\/wp-json\/wp\/v2\/posts\/234231","targetHints":{"allow":["GET"]}}],"collection":[{"href":"https:\/\/www.correiobraziliense.com.br\/cbradar\/wp-json\/wp\/v2\/posts"}],"about":[{"href":"https:\/\/www.correiobraziliense.com.br\/cbradar\/wp-json\/wp\/v2\/types\/post"}],"author":[{"embeddable":true,"href":"https:\/\/www.correiobraziliense.com.br\/cbradar\/wp-json\/wp\/v2\/users\/21"}],"replies":[{"embeddable":true,"href":"https:\/\/www.correiobraziliense.com.br\/cbradar\/wp-json\/wp\/v2\/comments?post=234231"}],"version-history":[{"count":1,"href":"https:\/\/www.correiobraziliense.com.br\/cbradar\/wp-json\/wp\/v2\/posts\/234231\/revisions"}],"predecessor-version":[{"id":234263,"href":"https:\/\/www.correiobraziliense.com.br\/cbradar\/wp-json\/wp\/v2\/posts\/234231\/revisions\/234263"}],"wp:featuredmedia":[{"embeddable":true,"href":"https:\/\/www.correiobraziliense.com.br\/cbradar\/wp-json\/wp\/v2\/media\/234260"}],"wp:attachment":[{"href":"https:\/\/www.correiobraziliense.com.br\/cbradar\/wp-json\/wp\/v2\/media?parent=234231"}],"wp:term":[{"taxonomy":"category","embeddable":true,"href":"https:\/\/www.correiobraziliense.com.br\/cbradar\/wp-json\/wp\/v2\/categories?post=234231"},{"taxonomy":"post_tag","embeddable":true,"href":"https:\/\/www.correiobraziliense.com.br\/cbradar\/wp-json\/wp\/v2\/tags?post=234231"}],"curies":[{"name":"wp","href":"https:\/\/api.w.org\/{rel}","templated":true}]}}