{"id":234251,"date":"2026-04-30T15:45:00","date_gmt":"2026-04-30T18:45:00","guid":{"rendered":"https:\/\/www.correiobraziliense.com.br\/cbradar\/?p=234251"},"modified":"2026-04-29T11:58:37","modified_gmt":"2026-04-29T14:58:37","slug":"por-que-a-manga-e-uma-aliada-poderosa-para-sua-saude-e-bem-estar","status":"publish","type":"post","link":"https:\/\/www.correiobraziliense.com.br\/cbradar\/por-que-a-manga-e-uma-aliada-poderosa-para-sua-saude-e-bem-estar\/","title":{"rendered":"Por que a manga \u00e9 uma aliada poderosa para sua sa\u00fade e bem-estar"},"content":{"rendered":"\n<p>A manga \u00e9 uma fruta tropical amplamente apreciada pelo sabor doce e pela textura suculenta que agrada diversos paladares ao redor do mundo. Al\u00e9m do prazer gastron\u00f4mico, o consumo regular desse alimento oferece nutrientes fundamentais que auxiliam no bom funcionamento do organismo humano. Integrar essa op\u00e7\u00e3o na dieta di\u00e1ria promove mais vitalidade e contribui para uma sa\u00fade equilibrada.<\/p>\n\n\n\n<h2 class=\"wp-block-heading\">Como a manga auxilia na sa\u00fade digestiva?<\/h2>\n\n\n\n<p>O consumo frequente desse alimento tropical fornece uma quantidade significativa de fibras alimentares que facilitam o tr\u00e2nsito intestinal constante. Essas subst\u00e2ncias ajudam na forma\u00e7\u00e3o do bolo fecal e previnem desconfortos abdominais comuns que surgem com dietas pobres em nutrientes naturais. Manter a digest\u00e3o em dia \u00e9 essencial para que o corpo consiga absorver vitaminas essenciais com efici\u00eancia.<\/p>\n\n\n\n<p>Al\u00e9m das fibras, a fruta cont\u00e9m enzimas espec\u00edficas que auxiliam na quebra de prote\u00ednas durante o processo digestivo no est\u00f4mago. Esse mecanismo natural torna a digest\u00e3o muito mais leve e r\u00e1pida, evitando aquela sensa\u00e7\u00e3o inc\u00f4moda de peso ap\u00f3s as refei\u00e7\u00f5es principais. Ter uma rotina alimentar que prioriza alimentos frescos favorece o bem-estar e garante energia para todo o dia.<\/p>\n\n\n\n<figure class=\"wp-block-image size-full\"><img decoding=\"async\" width=\"1280\" height=\"720\" src=\"https:\/\/www.correiobraziliense.com.br\/cbradar\/wp-content\/uploads\/2026\/04\/Gemini_Generated_Image_u6m3qwu6m3qwu6m3-1-1.png\" alt=\"Por que a manga \u00e9 uma aliada poderosa para sua sa\u00fade e bem-estar\" class=\"wp-image-234268\" srcset=\"https:\/\/www.correiobraziliense.com.br\/cbradar\/wp-content\/uploads\/2026\/04\/Gemini_Generated_Image_u6m3qwu6m3qwu6m3-1-1.png 1280w, https:\/\/www.correiobraziliense.com.br\/cbradar\/wp-content\/uploads\/2026\/04\/Gemini_Generated_Image_u6m3qwu6m3qwu6m3-1-1-300x169.png 300w, https:\/\/www.correiobraziliense.com.br\/cbradar\/wp-content\/uploads\/2026\/04\/Gemini_Generated_Image_u6m3qwu6m3qwu6m3-1-1-768x432.png 768w, https:\/\/www.correiobraziliense.com.br\/cbradar\/wp-content\/uploads\/2026\/04\/Gemini_Generated_Image_u6m3qwu6m3qwu6m3-1-1-750x422.png 750w, https:\/\/www.correiobraziliense.com.br\/cbradar\/wp-content\/uploads\/2026\/04\/Gemini_Generated_Image_u6m3qwu6m3qwu6m3-1-1-1140x641.png 1140w\" sizes=\"(max-width: 1280px) 100vw, 1280px\" \/><figcaption class=\"wp-element-caption\">Uma fruta nutritiva que melhora a digest\u00e3o, fortalece a imunidade e contribui para a sa\u00fade da pele<\/figcaption><\/figure>\n\n\n\n<h2 class=\"wp-block-heading\">Quais s\u00e3o os principais nutrientes encontrados na fruta?<\/h2>\n\n\n\n<p>Essa fruta \u00e9 uma fonte riqu\u00edssima de vitaminas fundamentais para a manuten\u00e7\u00e3o das fun\u00e7\u00f5es vitais b\u00e1sicas do corpo humano. A presen\u00e7a marcante de antioxidantes naturais ajuda a combater os radicais livres que danificam as c\u00e9lulas saud\u00e1veis ao longo do tempo. Inserir essa iguaria nas refei\u00e7\u00f5es \u00e9 uma estrat\u00e9gia inteligente para quem busca longevidade e resist\u00eancia f\u00edsica contra diversas condi\u00e7\u00f5es.<\/p>\n\n\n\n<p>O pot\u00e1ssio e o magn\u00e9sio tamb\u00e9m est\u00e3o presentes em n\u00edveis adequados para auxiliar no controle da press\u00e3o arterial e na sa\u00fade muscular. Esses minerais trabalham em conjunto para garantir que o cora\u00e7\u00e3o funcione de maneira est\u00e1vel e os m\u00fasculos se recuperem ap\u00f3s esfor\u00e7os f\u00edsicos. Uma nutri\u00e7\u00e3o baseada em alimentos naturais proporciona os elementos necess\u00e1rios para um cotidiano produtivo e saud\u00e1vel.<\/p>\n\n\n\n<h2 class=\"wp-block-heading\">Como o consumo regular beneficia a imunidade?<\/h2>\n\n\n\n<p>Fortalecer as defesas naturais \u00e9 uma das maiores vantagens de consumir essa fruta regularmente em diferentes \u00e9pocas do ano. A alta concentra\u00e7\u00e3o de nutrientes espec\u00edficos estimula a produ\u00e7\u00e3o de c\u00e9lulas brancas que combatem agentes externos nocivos ao organismo de forma eficaz. Manter o sistema imunol\u00f3gico ativo protege o corpo contra infec\u00e7\u00f5es comuns e garante uma recupera\u00e7\u00e3o muito mais veloz.<\/p>\n\n\n\n<p>Alguns dos componentes mais importantes para a prote\u00e7\u00e3o interna incluem:<\/p>\n\n\n\n<ul class=\"wp-block-list\">\n<li>Vitamina C em abund\u00e2ncia natural.<\/li>\n\n\n\n<li>Vitamina A para mucosas saud\u00e1veis.<\/li>\n\n\n\n<li>Polifen\u00f3is que combatem inflama\u00e7\u00f5es diversas.<\/li>\n\n\n\n<li>Folato essencial para produ\u00e7\u00e3o celular.<\/li>\n<\/ul>\n\n\n\n<h2 class=\"wp-block-heading\">Qual o papel da fruta na sa\u00fade ocular?<\/h2>\n\n\n\n<p>A sa\u00fade dos olhos depende diretamente da ingest\u00e3o de betacarotenos que s\u00e3o transformados em vitamina essencial pelo f\u00edgado humano. Esses elementos protegem a retina contra danos causados pela luz azul e pelo envelhecimento natural que ocorre com o passar dos anos. Manter uma dieta colorida \u00e9 fundamental para preservar a acuidade visual e evitar problemas de vis\u00e3o.<\/p>\n\n\n\n<p>Os antioxidantes presentes na polpa tamb\u00e9m auxiliam na preven\u00e7\u00e3o da degenera\u00e7\u00e3o macular, mantendo o foco e a nitidez por mais tempo. O consumo equilibrado garante que os tecidos oculares recebam a hidrata\u00e7\u00e3o e a prote\u00e7\u00e3o necess\u00e1rias para enfrentar as agress\u00f5es do ambiente externo. Cuidar da vis\u00e3o atrav\u00e9s da alimenta\u00e7\u00e3o \u00e9 um h\u00e1bito simples que traz benef\u00edcios duradouros e valiosos.<\/p>\n\n\n\n<p>No v\u00eddeo abaixo do canal no YouTube <strong><em>Nutricionista Patricia Leite<\/em><\/strong>, a nutricionista Patr\u00edcia cita os 6 benef\u00edcios da manga e ensina maneiras de usar e consumir corretamente, ela conta com mais de <strong><em>8 milh\u00f5es de seguidores<\/em><\/strong> e tr\u00e1s conte\u00fados sobre alimenta\u00e7\u00e3o e sa\u00fade:<\/p>\n\n\n\n<figure class=\"wp-block-embed is-type-video is-provider-youtube wp-block-embed-youtube wp-embed-aspect-16-9 wp-has-aspect-ratio\"><div class=\"wp-block-embed__wrapper\">\n<div class=\"jeg_video_container jeg_video_content\"><iframe loading=\"lazy\" title=\"6 BENEF\u00cdCIOS DA MANGA que voc\u00ea PRECISA CONHECER e Dicas de Consumo! (Intestino, Cora\u00e7\u00e3o e Mais)\" width=\"500\" height=\"281\" src=\"https:\/\/www.youtube.com\/embed\/xZ2O-4OT0Aw?feature=oembed\" frameborder=\"0\" allow=\"accelerometer; autoplay; clipboard-write; encrypted-media; gyroscope; picture-in-picture; web-share\" referrerpolicy=\"strict-origin-when-cross-origin\" allowfullscreen><\/iframe><\/div>\n<\/div><\/figure>\n\n\n\n<p>Leia tamb\u00e9m: <a href=\"https:\/\/www.correiobraziliense.com.br\/cbradar\/as-frutas-congeladas-que-podem-entrar-na-rotina-de-quem-quer-cuidar-do-colesterol\/\" target=\"_blank\" rel=\"noreferrer noopener\">As frutas congeladas que podem entrar na rotina de quem quer cuidar do colesterol<\/a><\/p>\n\n\n\n<h2 class=\"wp-block-heading\">De que forma a fruta contribui para a pele?<\/h2>\n\n\n\n<p>A presen\u00e7a de vitamina C auxilia na produ\u00e7\u00e3o natural de col\u00e1geno, garantindo firmeza e elasticidade para o tecido cut\u00e2neo facial e corporal. Esses nutrientes protegem a pele contra os efeitos nocivos dos raios solares e ajudam na cicatriza\u00e7\u00e3o de pequenos ferimentos ou marcas indesejadas. Uma pele bem nutrida reflete diretamente o estado de sa\u00fade interna de cada indiv\u00edduo.<\/p>\n\n\n\n<p>Manter a hidrata\u00e7\u00e3o correta e ingerir alimentos ricos em \u00e1gua ajuda a manter o brilho natural e a suavidade da derme. O consumo de vegetais frescos \u00e9 o alicerce para uma vida plena, como indicam as recomenda\u00e7\u00f5es do <strong><a target=\"_blank\" rel=\"noreferrer noopener\" href=\"https:\/\/www.who.int\/news-room\/fact-sheets\/detail\/healthy-diet\">World Health Organization<\/a><\/strong>. Priorizar alimentos naturais \u00e9 o segredo para manter a sa\u00fade sempre renovada e muito vibrante.<\/p>\n","protected":false},"excerpt":{"rendered":"<p>A manga \u00e9 uma fruta tropical amplamente apreciada pelo sabor doce e pela textura suculenta que agrada diversos paladares ao redor do mundo. Al\u00e9m do prazer gastron\u00f4mico, o consumo regular desse alimento oferece nutrientes fundamentais que auxiliam no bom funcionamento do organismo humano. Integrar essa op\u00e7\u00e3o na dieta di\u00e1ria promove mais vitalidade e contribui para [&hellip;]<\/p>\n","protected":false},"author":21,"featured_media":234266,"comment_status":"open","ping_status":"open","sticky":false,"template":"","format":"standard","meta":{"_yoast_wpseo_focuskw":"benef\u00edcios da manga","_yoast_wpseo_title":"","_yoast_wpseo_metadesc":"Doce e suculenta, essa fruta tropical esconde benef\u00edcios incr\u00edveis que ajudam a melhorar a sa\u00fade e o funcionamento do corpo","jnews-multi-image_gallery":[],"jnews_single_post":{"format":"standard"},"jnews_primary_category":[],"jnews_social_meta":[],"jnews_override_counter":[],"footnotes":""},"categories":[119],"tags":[281,615,930,1318],"class_list":["post-234251","post","type-post","status-publish","format-standard","has-post-thumbnail","hentry","category-bem-estar","tag-alimentacao","tag-fruta","tag-manga","tag-saude-2"],"yoast_head":"<!-- This site is optimized with the Yoast SEO plugin v24.6 - https:\/\/yoast.com\/wordpress\/plugins\/seo\/ -->\n<title>Por que a manga \u00e9 uma aliada poderosa para sua sa\u00fade e bem-estar - Correio Braziliense - Radar<\/title>\n<meta name=\"description\" content=\"Doce e suculenta, essa fruta tropical esconde benef\u00edcios incr\u00edveis que ajudam a melhorar a sa\u00fade e o funcionamento do corpo\" \/>\n<meta name=\"robots\" content=\"index, follow, max-snippet:-1, max-image-preview:large, max-video-preview:-1\" \/>\n<link rel=\"canonical\" href=\"https:\/\/www.correiobraziliense.com.br\/cbradar\/por-que-a-manga-e-uma-aliada-poderosa-para-sua-saude-e-bem-estar\/\" \/>\n<meta property=\"og:locale\" content=\"pt_BR\" \/>\n<meta property=\"og:type\" content=\"article\" \/>\n<meta property=\"og:title\" content=\"Por que a manga \u00e9 uma aliada poderosa para sua sa\u00fade e bem-estar - Correio Braziliense - Radar\" \/>\n<meta property=\"og:description\" content=\"Doce e suculenta, essa fruta tropical esconde benef\u00edcios incr\u00edveis que ajudam a melhorar a sa\u00fade e o funcionamento do corpo\" \/>\n<meta property=\"og:url\" content=\"https:\/\/www.correiobraziliense.com.br\/cbradar\/por-que-a-manga-e-uma-aliada-poderosa-para-sua-saude-e-bem-estar\/\" \/>\n<meta property=\"og:site_name\" content=\"Correio Braziliense - Radar\" \/>\n<meta property=\"article:published_time\" content=\"2026-04-30T18:45:00+00:00\" \/>\n<meta property=\"og:image\" content=\"https:\/\/www.correiobraziliense.com.br\/cbradar\/wp-content\/uploads\/2026\/04\/Gemini_Generated_Image_9kgdiz9kgdiz9kgd-1-1.png\" \/>\n\t<meta property=\"og:image:width\" content=\"1280\" \/>\n\t<meta property=\"og:image:height\" content=\"720\" \/>\n\t<meta property=\"og:image:type\" content=\"image\/png\" \/>\n<meta name=\"author\" content=\"Patrick Silva\" \/>\n<meta name=\"twitter:card\" content=\"summary_large_image\" \/>\n<meta name=\"twitter:label1\" content=\"Escrito por\" \/>\n\t<meta name=\"twitter:data1\" content=\"Patrick Silva\" \/>\n\t<meta name=\"twitter:label2\" content=\"Est. tempo de leitura\" \/>\n\t<meta name=\"twitter:data2\" content=\"5 minutos\" \/>\n<!-- \/ Yoast SEO plugin. -->","yoast_head_json":{"title":"Por que a manga \u00e9 uma aliada poderosa para sua sa\u00fade e bem-estar - Correio Braziliense - Radar","description":"Doce e suculenta, essa fruta tropical esconde benef\u00edcios incr\u00edveis que ajudam a melhorar a sa\u00fade e o funcionamento do corpo","robots":{"index":"index","follow":"follow","max-snippet":"max-snippet:-1","max-image-preview":"max-image-preview:large","max-video-preview":"max-video-preview:-1"},"canonical":"https:\/\/www.correiobraziliense.com.br\/cbradar\/por-que-a-manga-e-uma-aliada-poderosa-para-sua-saude-e-bem-estar\/","og_locale":"pt_BR","og_type":"article","og_title":"Por que a manga \u00e9 uma aliada poderosa para sua sa\u00fade e bem-estar - Correio Braziliense - Radar","og_description":"Doce e suculenta, essa fruta tropical esconde benef\u00edcios incr\u00edveis que ajudam a melhorar a sa\u00fade e o funcionamento do corpo","og_url":"https:\/\/www.correiobraziliense.com.br\/cbradar\/por-que-a-manga-e-uma-aliada-poderosa-para-sua-saude-e-bem-estar\/","og_site_name":"Correio Braziliense - Radar","article_published_time":"2026-04-30T18:45:00+00:00","og_image":[{"width":1280,"height":720,"url":"https:\/\/www.correiobraziliense.com.br\/cbradar\/wp-content\/uploads\/2026\/04\/Gemini_Generated_Image_9kgdiz9kgdiz9kgd-1-1.png","type":"image\/png"}],"author":"Patrick Silva","twitter_card":"summary_large_image","twitter_misc":{"Escrito por":"Patrick Silva","Est. tempo de leitura":"5 minutos"},"schema":{"@context":"https:\/\/schema.org","@graph":[{"@type":"WebPage","@id":"https:\/\/www.correiobraziliense.com.br\/cbradar\/por-que-a-manga-e-uma-aliada-poderosa-para-sua-saude-e-bem-estar\/","url":"https:\/\/www.correiobraziliense.com.br\/cbradar\/por-que-a-manga-e-uma-aliada-poderosa-para-sua-saude-e-bem-estar\/","name":"Por que a manga \u00e9 uma aliada poderosa para sua sa\u00fade e bem-estar - Correio Braziliense - Radar","isPartOf":{"@id":"https:\/\/www.correiobraziliense.com.br\/cbradar\/#website"},"primaryImageOfPage":{"@id":"https:\/\/www.correiobraziliense.com.br\/cbradar\/por-que-a-manga-e-uma-aliada-poderosa-para-sua-saude-e-bem-estar\/#primaryimage"},"image":{"@id":"https:\/\/www.correiobraziliense.com.br\/cbradar\/por-que-a-manga-e-uma-aliada-poderosa-para-sua-saude-e-bem-estar\/#primaryimage"},"thumbnailUrl":"https:\/\/www.correiobraziliense.com.br\/cbradar\/wp-content\/uploads\/2026\/04\/Gemini_Generated_Image_9kgdiz9kgdiz9kgd-1-1.png","datePublished":"2026-04-30T18:45:00+00:00","author":{"@id":"https:\/\/www.correiobraziliense.com.br\/cbradar\/#\/schema\/person\/5440b72be9c7eb74f446c846479dc4da"},"description":"Doce e suculenta, essa fruta tropical esconde benef\u00edcios incr\u00edveis que ajudam a melhorar a sa\u00fade e o funcionamento do corpo","breadcrumb":{"@id":"https:\/\/www.correiobraziliense.com.br\/cbradar\/por-que-a-manga-e-uma-aliada-poderosa-para-sua-saude-e-bem-estar\/#breadcrumb"},"inLanguage":"pt-BR","potentialAction":[{"@type":"ReadAction","target":["https:\/\/www.correiobraziliense.com.br\/cbradar\/por-que-a-manga-e-uma-aliada-poderosa-para-sua-saude-e-bem-estar\/"]}]},{"@type":"ImageObject","inLanguage":"pt-BR","@id":"https:\/\/www.correiobraziliense.com.br\/cbradar\/por-que-a-manga-e-uma-aliada-poderosa-para-sua-saude-e-bem-estar\/#primaryimage","url":"https:\/\/www.correiobraziliense.com.br\/cbradar\/wp-content\/uploads\/2026\/04\/Gemini_Generated_Image_9kgdiz9kgdiz9kgd-1-1.png","contentUrl":"https:\/\/www.correiobraziliense.com.br\/cbradar\/wp-content\/uploads\/2026\/04\/Gemini_Generated_Image_9kgdiz9kgdiz9kgd-1-1.png","width":1280,"height":720,"caption":"Uma fruta nutritiva que melhora a digest\u00e3o, fortalece a imunidade e contribui para a sa\u00fade da pele"},{"@type":"BreadcrumbList","@id":"https:\/\/www.correiobraziliense.com.br\/cbradar\/por-que-a-manga-e-uma-aliada-poderosa-para-sua-saude-e-bem-estar\/#breadcrumb","itemListElement":[{"@type":"ListItem","position":1,"name":"In\u00edcio","item":"https:\/\/www.correiobraziliense.com.br\/cbradar\/"},{"@type":"ListItem","position":2,"name":"Por que a manga \u00e9 uma aliada poderosa para sua sa\u00fade e bem-estar"}]},{"@type":"WebSite","@id":"https:\/\/www.correiobraziliense.com.br\/cbradar\/#website","url":"https:\/\/www.correiobraziliense.com.br\/cbradar\/","name":"Correio Braziliense - Radar","description":"Acompanhe as \u00faltimas not\u00edcias e fique bem informado sobre tudo o que acontece no Brasil e no mundo.","potentialAction":[{"@type":"SearchAction","target":{"@type":"EntryPoint","urlTemplate":"https:\/\/www.correiobraziliense.com.br\/cbradar\/?s={search_term_string}"},"query-input":{"@type":"PropertyValueSpecification","valueRequired":true,"valueName":"search_term_string"}}],"inLanguage":"pt-BR"},{"@type":"Person","@id":"https:\/\/www.correiobraziliense.com.br\/cbradar\/#\/schema\/person\/5440b72be9c7eb74f446c846479dc4da","name":"Patrick Silva","image":{"@type":"ImageObject","inLanguage":"pt-BR","@id":"https:\/\/www.correiobraziliense.com.br\/cbradar\/#\/schema\/person\/image\/","url":"https:\/\/secure.gravatar.com\/avatar\/944109df296fc087785c9715fd5f80b2?s=96&d=mm&r=g","contentUrl":"https:\/\/secure.gravatar.com\/avatar\/944109df296fc087785c9715fd5f80b2?s=96&d=mm&r=g","caption":"Patrick Silva"},"sameAs":["https:\/\/www.correiobraziliense.com.br\/cbradar\/"],"url":"https:\/\/www.correiobraziliense.com.br\/cbradar\/author\/patrick-silva\/"}]}},"_links":{"self":[{"href":"https:\/\/www.correiobraziliense.com.br\/cbradar\/wp-json\/wp\/v2\/posts\/234251","targetHints":{"allow":["GET"]}}],"collection":[{"href":"https:\/\/www.correiobraziliense.com.br\/cbradar\/wp-json\/wp\/v2\/posts"}],"about":[{"href":"https:\/\/www.correiobraziliense.com.br\/cbradar\/wp-json\/wp\/v2\/types\/post"}],"author":[{"embeddable":true,"href":"https:\/\/www.correiobraziliense.com.br\/cbradar\/wp-json\/wp\/v2\/users\/21"}],"replies":[{"embeddable":true,"href":"https:\/\/www.correiobraziliense.com.br\/cbradar\/wp-json\/wp\/v2\/comments?post=234251"}],"version-history":[{"count":1,"href":"https:\/\/www.correiobraziliense.com.br\/cbradar\/wp-json\/wp\/v2\/posts\/234251\/revisions"}],"predecessor-version":[{"id":234269,"href":"https:\/\/www.correiobraziliense.com.br\/cbradar\/wp-json\/wp\/v2\/posts\/234251\/revisions\/234269"}],"wp:featuredmedia":[{"embeddable":true,"href":"https:\/\/www.correiobraziliense.com.br\/cbradar\/wp-json\/wp\/v2\/media\/234266"}],"wp:attachment":[{"href":"https:\/\/www.correiobraziliense.com.br\/cbradar\/wp-json\/wp\/v2\/media?parent=234251"}],"wp:term":[{"taxonomy":"category","embeddable":true,"href":"https:\/\/www.correiobraziliense.com.br\/cbradar\/wp-json\/wp\/v2\/categories?post=234251"},{"taxonomy":"post_tag","embeddable":true,"href":"https:\/\/www.correiobraziliense.com.br\/cbradar\/wp-json\/wp\/v2\/tags?post=234251"}],"curies":[{"name":"wp","href":"https:\/\/api.w.org\/{rel}","templated":true}]}}