{"id":234264,"date":"2026-04-30T18:35:00","date_gmt":"2026-04-30T21:35:00","guid":{"rendered":"https:\/\/www.correiobraziliense.com.br\/cbradar\/?p=234264"},"modified":"2026-04-29T12:05:03","modified_gmt":"2026-04-29T15:05:03","slug":"como-uma-fruta-simples-como-a-maca-pode-melhorar-sua-saude-fisica-e-mental","status":"publish","type":"post","link":"https:\/\/www.correiobraziliense.com.br\/cbradar\/como-uma-fruta-simples-como-a-maca-pode-melhorar-sua-saude-fisica-e-mental\/","title":{"rendered":"Como uma fruta simples como a ma\u00e7\u00e3 pode melhorar sua sa\u00fade f\u00edsica e mental"},"content":{"rendered":"\n<p>Incluir essa fruta na rotina di\u00e1ria proporciona uma s\u00e9rie de nutrientes fundamentais para manter o equil\u00edbrio do corpo humano. Com uma combina\u00e7\u00e3o \u00fanica de fibras e vitaminas essenciais, o alimento contribui diretamente para a longevidade e o bem-estar f\u00edsico constante. Priorizar op\u00e7\u00f5es naturais \u00e9 o primeiro passo para garantir uma vida muito mais saud\u00e1vel e cheia de disposi\u00e7\u00e3o.<\/p>\n\n\n\n<h2 class=\"wp-block-heading\">Como o consumo di\u00e1rio auxilia a sa\u00fade do cora\u00e7\u00e3o?<\/h2>\n\n\n\n<p>A presen\u00e7a marcante de fibras sol\u00faveis ajuda a regular os n\u00edveis de colesterol nas art\u00e9rias de forma natural e eficiente. Quando o organismo processa esses nutrientes, ocorre uma redu\u00e7\u00e3o na absor\u00e7\u00e3o de gorduras prejudiciais durante as refei\u00e7\u00f5es principais do dia. Esse mecanismo biol\u00f3gico \u00e9 crucial para prevenir problemas circulat\u00f3rios graves, mantendo o sistema cardiovascular sempre protegido e muito resiliente.<\/p>\n\n\n\n<p>Os antioxidantes encontrados na casca combatem os radicais livres que podem danificar as c\u00e9lulas do sistema card\u00edaco ao longo do tempo. Manter uma alimenta\u00e7\u00e3o focada em vegetais frescos favorece a elasticidade dos vasos sangu\u00edneos, facilitando a circula\u00e7\u00e3o correta do sangue por todo o corpo. Esse h\u00e1bito simples promove uma estabilidade interna necess\u00e1ria para enfrentar as exig\u00eancias f\u00edsicas da rotina.<\/p>\n\n\n\n<figure class=\"wp-block-image size-full\"><img decoding=\"async\" width=\"1280\" height=\"720\" src=\"https:\/\/www.correiobraziliense.com.br\/cbradar\/wp-content\/uploads\/2026\/04\/Gemini_Generated_Image_f5mq1df5mq1df5mq-1-1.png\" alt=\"Como uma fruta simples como a ma\u00e7\u00e3 pode melhorar sua sa\u00fade f\u00edsica e mental\" class=\"wp-image-234277\" srcset=\"https:\/\/www.correiobraziliense.com.br\/cbradar\/wp-content\/uploads\/2026\/04\/Gemini_Generated_Image_f5mq1df5mq1df5mq-1-1.png 1280w, https:\/\/www.correiobraziliense.com.br\/cbradar\/wp-content\/uploads\/2026\/04\/Gemini_Generated_Image_f5mq1df5mq1df5mq-1-1-300x169.png 300w, https:\/\/www.correiobraziliense.com.br\/cbradar\/wp-content\/uploads\/2026\/04\/Gemini_Generated_Image_f5mq1df5mq1df5mq-1-1-768x432.png 768w, https:\/\/www.correiobraziliense.com.br\/cbradar\/wp-content\/uploads\/2026\/04\/Gemini_Generated_Image_f5mq1df5mq1df5mq-1-1-750x422.png 750w, https:\/\/www.correiobraziliense.com.br\/cbradar\/wp-content\/uploads\/2026\/04\/Gemini_Generated_Image_f5mq1df5mq1df5mq-1-1-1140x641.png 1140w\" sizes=\"(max-width: 1280px) 100vw, 1280px\" \/><figcaption class=\"wp-element-caption\">Uma fruta rica em fibras que ajuda na digest\u00e3o, no cora\u00e7\u00e3o e no controle do peso<\/figcaption><\/figure>\n\n\n\n<h2 class=\"wp-block-heading\">Qual \u00e9 o papel das fibras na digest\u00e3o?<\/h2>\n\n\n\n<p>As fibras alimentares presentes na polpa estimulam o movimento natural do intestino, facilitando a elimina\u00e7\u00e3o de res\u00edduos de maneira regular e confort\u00e1vel. Esse processo evita a sensa\u00e7\u00e3o de incha\u00e7o abdominal e promove uma leveza interna que reflete diretamente na disposi\u00e7\u00e3o geral de cada indiv\u00edduo. Ter um sistema digestivo eficiente \u00e9 fundamental para a absor\u00e7\u00e3o completa de nutrientes vitais.<\/p>\n\n\n\n<p>O consumo regular desse alimento tamb\u00e9m auxilia na manuten\u00e7\u00e3o de uma microbiota intestinal equilibrada e extremamente saud\u00e1vel para o organismo humano. As subst\u00e2ncias naturais atuam como alimento para as bact\u00e9rias boas, fortalecendo a barreira de prote\u00e7\u00e3o do intestino contra agentes externos indesejados. Uma digest\u00e3o plena garante que o corpo receba toda a energia necess\u00e1ria para as tarefas di\u00e1rias.<\/p>\n\n\n\n<h2 class=\"wp-block-heading\">Quais nutrientes auxiliam no controle do peso?<\/h2>\n\n\n\n<p>A alta concentra\u00e7\u00e3o de \u00e1gua aliada \u00e0s fibras proporciona uma sensa\u00e7\u00e3o de saciedade prolongada, reduzindo a vontade de ingerir calorias extras desnecess\u00e1rias. Esse equil\u00edbrio nutricional \u00e9 um aliado poderoso para quem busca manter medidas saud\u00e1veis sem abrir m\u00e3o do sabor e da praticidade cotidiana. Alimentos naturais s\u00e3o as melhores escolhas para compor lanches intermedi\u00e1rios nutritivos e muito leves.<\/p>\n\n\n\n<p>V\u00e1rios elementos contribuem para esse processo metab\u00f3lico importante:<\/p>\n\n\n\n<ul class=\"wp-block-list\">\n<li>Pectina que retarda a digest\u00e3o.<\/li>\n\n\n\n<li>Baixo \u00edndice glic\u00eamico natural.<\/li>\n\n\n\n<li>Polifen\u00f3is que auxiliam o metabolismo.<\/li>\n\n\n\n<li>Vitaminas do complexo B essenciais.<\/li>\n<\/ul>\n\n\n\n<h2 class=\"wp-block-heading\">De que forma a fruta beneficia o c\u00e9rebro?<\/h2>\n\n\n\n<p>Subst\u00e2ncias protetoras encontradas na composi\u00e7\u00e3o desse fruto ajudam a preservar as fun\u00e7\u00f5es cognitivas e a mem\u00f3ria durante o processo de envelhecimento natural. A redu\u00e7\u00e3o do estresse oxidativo nas c\u00e9lulas cerebrais favorece a clareza mental e a capacidade de concentra\u00e7\u00e3o em atividades que exigem foco intenso. Investir na nutri\u00e7\u00e3o adequada \u00e9 uma forma eficaz de proteger a mente.<\/p>\n\n\n\n<p>Manter o c\u00e9rebro bem nutrido auxilia na produ\u00e7\u00e3o de neurotransmissores respons\u00e1veis pela sensa\u00e7\u00e3o de calma e pelo foco nas decis\u00f5es importantes. Quando o corpo recebe os nutrientes corretos, a comunica\u00e7\u00e3o entre os neur\u00f4nios ocorre de forma mais fluida e eficiente em qualquer idade da vida. Esse cuidado di\u00e1rio reflete na sa\u00fade mental e na qualidade das intera\u00e7\u00f5es sociais cotidianas.<\/p>\n\n\n\n<p>No v\u00eddeo abaixo do canal no YouTube <strong><em>Nutricionista Patricia Leite<\/em><\/strong>, a nutricionista Patr\u00edcia cita os benef\u00edcios e propriedades da ma\u00e7\u00e3 e ensina maneiras de usar e consumir corretamente, ela conta com mais de <strong><em>8 milh\u00f5es de seguidores<\/em><\/strong> e tr\u00e1s conte\u00fados sobre alimenta\u00e7\u00e3o e sa\u00fade:<\/p>\n\n\n\n<figure class=\"wp-block-embed is-type-video is-provider-youtube wp-block-embed-youtube wp-embed-aspect-16-9 wp-has-aspect-ratio\"><div class=\"wp-block-embed__wrapper\">\n<div class=\"jeg_video_container jeg_video_content\"><iframe loading=\"lazy\" title=\"Benef\u00edcios da Ma\u00e7\u00e3 - Para Que Serve e Propriedades [DICAS e RECEITAS]\" width=\"500\" height=\"281\" src=\"https:\/\/www.youtube.com\/embed\/Ve_UcV8aZ1c?feature=oembed\" frameborder=\"0\" allow=\"accelerometer; autoplay; clipboard-write; encrypted-media; gyroscope; picture-in-picture; web-share\" referrerpolicy=\"strict-origin-when-cross-origin\" allowfullscreen><\/iframe><\/div>\n<\/div><\/figure>\n\n\n\n<p>Leia tamb\u00e9m: <a href=\"https:\/\/www.correiobraziliense.com.br\/cbradar\/as-frutas-congeladas-que-podem-entrar-na-rotina-de-quem-quer-cuidar-do-colesterol\/\" target=\"_blank\" rel=\"noreferrer noopener\">As frutas congeladas que podem entrar na rotina de quem quer cuidar do colesterol<\/a><\/p>\n\n\n\n<h2 class=\"wp-block-heading\">Como o sistema imunol\u00f3gico reage a esse alimento?<\/h2>\n\n\n\n<p>A vitamina C atua como um escudo protetor que fortalece as defesas naturais contra invasores externos que prejudicam a sa\u00fade f\u00edsica. O consumo frequente estimula a produ\u00e7\u00e3o de anticorpos, garantindo que o organismo esteja sempre preparado para enfrentar mudan\u00e7as clim\u00e1ticas ou per\u00edodos de maior desgaste emocional. Uma barreira imunol\u00f3gica forte \u00e9 o segredo para manter a vitalidade em alta.<\/p>\n\n\n\n<p>A combina\u00e7\u00e3o de quercetina e outros fitoqu\u00edmicos auxilia na redu\u00e7\u00e3o de processos inflamat\u00f3rios, permitindo que o corpo se recupere mais rapidamente de pequenos inc\u00f4modos. De acordo com informa\u00e7\u00f5es do <strong><a target=\"_blank\" rel=\"noreferrer noopener\" href=\"https:\/\/www.ncbi.nlm.nih.gov\/pmc\/articles\/PMC442131\/\">National Institutes of Health<\/a><\/strong>, a ingest\u00e3o de frutos frescos \u00e9 um pilar essencial para a preven\u00e7\u00e3o de condi\u00e7\u00f5es cr\u00f4nicas a longo prazo. Priorizar escolhas conscientes na alimenta\u00e7\u00e3o garante uma exist\u00eancia plena e duradoura.<\/p>\n","protected":false},"excerpt":{"rendered":"<p>Incluir essa fruta na rotina di\u00e1ria proporciona uma s\u00e9rie de nutrientes fundamentais para manter o equil\u00edbrio do corpo humano. Com uma combina\u00e7\u00e3o \u00fanica de fibras e vitaminas essenciais, o alimento contribui diretamente para a longevidade e o bem-estar f\u00edsico constante. Priorizar op\u00e7\u00f5es naturais \u00e9 o primeiro passo para garantir uma vida muito mais saud\u00e1vel e [&hellip;]<\/p>\n","protected":false},"author":21,"featured_media":234276,"comment_status":"open","ping_status":"open","sticky":false,"template":"","format":"standard","meta":{"_yoast_wpseo_focuskw":"benef\u00edcios da ma\u00e7\u00e3","_yoast_wpseo_title":"","_yoast_wpseo_metadesc":"Rica em fibras e nutrientes essenciais, essa fruta oferece benef\u00edcios que v\u00e3o da digest\u00e3o ao cora\u00e7\u00e3o de forma surpreendente","jnews-multi-image_gallery":[],"jnews_single_post":{"format":"standard"},"jnews_primary_category":[],"jnews_social_meta":[],"jnews_override_counter":[],"footnotes":""},"categories":[119],"tags":[281,615,9312,1318],"class_list":["post-234264","post","type-post","status-publish","format-standard","has-post-thumbnail","hentry","category-bem-estar","tag-alimentacao","tag-fruta","tag-maca-2","tag-saude-2"],"yoast_head":"<!-- This site is optimized with the Yoast SEO plugin v24.6 - https:\/\/yoast.com\/wordpress\/plugins\/seo\/ -->\n<title>Como uma fruta simples como a ma\u00e7\u00e3 pode melhorar sua sa\u00fade f\u00edsica e mental - Correio Braziliense - Radar<\/title>\n<meta name=\"description\" content=\"Rica em fibras e nutrientes essenciais, essa fruta oferece benef\u00edcios que v\u00e3o da digest\u00e3o ao cora\u00e7\u00e3o de forma surpreendente\" \/>\n<meta name=\"robots\" content=\"index, follow, max-snippet:-1, max-image-preview:large, max-video-preview:-1\" \/>\n<link rel=\"canonical\" href=\"https:\/\/www.correiobraziliense.com.br\/cbradar\/como-uma-fruta-simples-como-a-maca-pode-melhorar-sua-saude-fisica-e-mental\/\" \/>\n<meta property=\"og:locale\" content=\"pt_BR\" \/>\n<meta property=\"og:type\" content=\"article\" \/>\n<meta property=\"og:title\" content=\"Como uma fruta simples como a ma\u00e7\u00e3 pode melhorar sua sa\u00fade f\u00edsica e mental - Correio Braziliense - Radar\" \/>\n<meta property=\"og:description\" content=\"Rica em fibras e nutrientes essenciais, essa fruta oferece benef\u00edcios que v\u00e3o da digest\u00e3o ao cora\u00e7\u00e3o de forma surpreendente\" \/>\n<meta property=\"og:url\" content=\"https:\/\/www.correiobraziliense.com.br\/cbradar\/como-uma-fruta-simples-como-a-maca-pode-melhorar-sua-saude-fisica-e-mental\/\" \/>\n<meta property=\"og:site_name\" content=\"Correio Braziliense - Radar\" \/>\n<meta property=\"article:published_time\" content=\"2026-04-30T21:35:00+00:00\" \/>\n<meta property=\"og:image\" content=\"https:\/\/www.correiobraziliense.com.br\/cbradar\/wp-content\/uploads\/2026\/04\/Gemini_Generated_Image_vty5wrvty5wrvty5-1-1.png\" \/>\n\t<meta property=\"og:image:width\" content=\"1280\" \/>\n\t<meta property=\"og:image:height\" content=\"720\" \/>\n\t<meta property=\"og:image:type\" content=\"image\/png\" \/>\n<meta name=\"author\" content=\"Patrick Silva\" \/>\n<meta name=\"twitter:card\" content=\"summary_large_image\" \/>\n<meta name=\"twitter:label1\" content=\"Escrito por\" \/>\n\t<meta name=\"twitter:data1\" content=\"Patrick Silva\" \/>\n\t<meta name=\"twitter:label2\" content=\"Est. tempo de leitura\" \/>\n\t<meta name=\"twitter:data2\" content=\"5 minutos\" \/>\n<!-- \/ Yoast SEO plugin. -->","yoast_head_json":{"title":"Como uma fruta simples como a ma\u00e7\u00e3 pode melhorar sua sa\u00fade f\u00edsica e mental - Correio Braziliense - Radar","description":"Rica em fibras e nutrientes essenciais, essa fruta oferece benef\u00edcios que v\u00e3o da digest\u00e3o ao cora\u00e7\u00e3o de forma surpreendente","robots":{"index":"index","follow":"follow","max-snippet":"max-snippet:-1","max-image-preview":"max-image-preview:large","max-video-preview":"max-video-preview:-1"},"canonical":"https:\/\/www.correiobraziliense.com.br\/cbradar\/como-uma-fruta-simples-como-a-maca-pode-melhorar-sua-saude-fisica-e-mental\/","og_locale":"pt_BR","og_type":"article","og_title":"Como uma fruta simples como a ma\u00e7\u00e3 pode melhorar sua sa\u00fade f\u00edsica e mental - Correio Braziliense - Radar","og_description":"Rica em fibras e nutrientes essenciais, essa fruta oferece benef\u00edcios que v\u00e3o da digest\u00e3o ao cora\u00e7\u00e3o de forma surpreendente","og_url":"https:\/\/www.correiobraziliense.com.br\/cbradar\/como-uma-fruta-simples-como-a-maca-pode-melhorar-sua-saude-fisica-e-mental\/","og_site_name":"Correio Braziliense - Radar","article_published_time":"2026-04-30T21:35:00+00:00","og_image":[{"width":1280,"height":720,"url":"https:\/\/www.correiobraziliense.com.br\/cbradar\/wp-content\/uploads\/2026\/04\/Gemini_Generated_Image_vty5wrvty5wrvty5-1-1.png","type":"image\/png"}],"author":"Patrick Silva","twitter_card":"summary_large_image","twitter_misc":{"Escrito por":"Patrick Silva","Est. tempo de leitura":"5 minutos"},"schema":{"@context":"https:\/\/schema.org","@graph":[{"@type":"WebPage","@id":"https:\/\/www.correiobraziliense.com.br\/cbradar\/como-uma-fruta-simples-como-a-maca-pode-melhorar-sua-saude-fisica-e-mental\/","url":"https:\/\/www.correiobraziliense.com.br\/cbradar\/como-uma-fruta-simples-como-a-maca-pode-melhorar-sua-saude-fisica-e-mental\/","name":"Como uma fruta simples como a ma\u00e7\u00e3 pode melhorar sua sa\u00fade f\u00edsica e mental - Correio Braziliense - Radar","isPartOf":{"@id":"https:\/\/www.correiobraziliense.com.br\/cbradar\/#website"},"primaryImageOfPage":{"@id":"https:\/\/www.correiobraziliense.com.br\/cbradar\/como-uma-fruta-simples-como-a-maca-pode-melhorar-sua-saude-fisica-e-mental\/#primaryimage"},"image":{"@id":"https:\/\/www.correiobraziliense.com.br\/cbradar\/como-uma-fruta-simples-como-a-maca-pode-melhorar-sua-saude-fisica-e-mental\/#primaryimage"},"thumbnailUrl":"https:\/\/www.correiobraziliense.com.br\/cbradar\/wp-content\/uploads\/2026\/04\/Gemini_Generated_Image_vty5wrvty5wrvty5-1-1.png","datePublished":"2026-04-30T21:35:00+00:00","author":{"@id":"https:\/\/www.correiobraziliense.com.br\/cbradar\/#\/schema\/person\/5440b72be9c7eb74f446c846479dc4da"},"description":"Rica em fibras e nutrientes essenciais, essa fruta oferece benef\u00edcios que v\u00e3o da digest\u00e3o ao cora\u00e7\u00e3o de forma surpreendente","breadcrumb":{"@id":"https:\/\/www.correiobraziliense.com.br\/cbradar\/como-uma-fruta-simples-como-a-maca-pode-melhorar-sua-saude-fisica-e-mental\/#breadcrumb"},"inLanguage":"pt-BR","potentialAction":[{"@type":"ReadAction","target":["https:\/\/www.correiobraziliense.com.br\/cbradar\/como-uma-fruta-simples-como-a-maca-pode-melhorar-sua-saude-fisica-e-mental\/"]}]},{"@type":"ImageObject","inLanguage":"pt-BR","@id":"https:\/\/www.correiobraziliense.com.br\/cbradar\/como-uma-fruta-simples-como-a-maca-pode-melhorar-sua-saude-fisica-e-mental\/#primaryimage","url":"https:\/\/www.correiobraziliense.com.br\/cbradar\/wp-content\/uploads\/2026\/04\/Gemini_Generated_Image_vty5wrvty5wrvty5-1-1.png","contentUrl":"https:\/\/www.correiobraziliense.com.br\/cbradar\/wp-content\/uploads\/2026\/04\/Gemini_Generated_Image_vty5wrvty5wrvty5-1-1.png","width":1280,"height":720,"caption":"Uma fruta rica em fibras que ajuda na digest\u00e3o, no cora\u00e7\u00e3o e no controle do peso"},{"@type":"BreadcrumbList","@id":"https:\/\/www.correiobraziliense.com.br\/cbradar\/como-uma-fruta-simples-como-a-maca-pode-melhorar-sua-saude-fisica-e-mental\/#breadcrumb","itemListElement":[{"@type":"ListItem","position":1,"name":"In\u00edcio","item":"https:\/\/www.correiobraziliense.com.br\/cbradar\/"},{"@type":"ListItem","position":2,"name":"Como uma fruta simples como a ma\u00e7\u00e3 pode melhorar sua sa\u00fade f\u00edsica e mental"}]},{"@type":"WebSite","@id":"https:\/\/www.correiobraziliense.com.br\/cbradar\/#website","url":"https:\/\/www.correiobraziliense.com.br\/cbradar\/","name":"Correio Braziliense - Radar","description":"Acompanhe as \u00faltimas not\u00edcias e fique bem informado sobre tudo o que acontece no Brasil e no mundo.","potentialAction":[{"@type":"SearchAction","target":{"@type":"EntryPoint","urlTemplate":"https:\/\/www.correiobraziliense.com.br\/cbradar\/?s={search_term_string}"},"query-input":{"@type":"PropertyValueSpecification","valueRequired":true,"valueName":"search_term_string"}}],"inLanguage":"pt-BR"},{"@type":"Person","@id":"https:\/\/www.correiobraziliense.com.br\/cbradar\/#\/schema\/person\/5440b72be9c7eb74f446c846479dc4da","name":"Patrick Silva","image":{"@type":"ImageObject","inLanguage":"pt-BR","@id":"https:\/\/www.correiobraziliense.com.br\/cbradar\/#\/schema\/person\/image\/","url":"https:\/\/secure.gravatar.com\/avatar\/944109df296fc087785c9715fd5f80b2?s=96&d=mm&r=g","contentUrl":"https:\/\/secure.gravatar.com\/avatar\/944109df296fc087785c9715fd5f80b2?s=96&d=mm&r=g","caption":"Patrick Silva"},"sameAs":["https:\/\/www.correiobraziliense.com.br\/cbradar\/"],"url":"https:\/\/www.correiobraziliense.com.br\/cbradar\/author\/patrick-silva\/"}]}},"_links":{"self":[{"href":"https:\/\/www.correiobraziliense.com.br\/cbradar\/wp-json\/wp\/v2\/posts\/234264","targetHints":{"allow":["GET"]}}],"collection":[{"href":"https:\/\/www.correiobraziliense.com.br\/cbradar\/wp-json\/wp\/v2\/posts"}],"about":[{"href":"https:\/\/www.correiobraziliense.com.br\/cbradar\/wp-json\/wp\/v2\/types\/post"}],"author":[{"embeddable":true,"href":"https:\/\/www.correiobraziliense.com.br\/cbradar\/wp-json\/wp\/v2\/users\/21"}],"replies":[{"embeddable":true,"href":"https:\/\/www.correiobraziliense.com.br\/cbradar\/wp-json\/wp\/v2\/comments?post=234264"}],"version-history":[{"count":1,"href":"https:\/\/www.correiobraziliense.com.br\/cbradar\/wp-json\/wp\/v2\/posts\/234264\/revisions"}],"predecessor-version":[{"id":234280,"href":"https:\/\/www.correiobraziliense.com.br\/cbradar\/wp-json\/wp\/v2\/posts\/234264\/revisions\/234280"}],"wp:featuredmedia":[{"embeddable":true,"href":"https:\/\/www.correiobraziliense.com.br\/cbradar\/wp-json\/wp\/v2\/media\/234276"}],"wp:attachment":[{"href":"https:\/\/www.correiobraziliense.com.br\/cbradar\/wp-json\/wp\/v2\/media?parent=234264"}],"wp:term":[{"taxonomy":"category","embeddable":true,"href":"https:\/\/www.correiobraziliense.com.br\/cbradar\/wp-json\/wp\/v2\/categories?post=234264"},{"taxonomy":"post_tag","embeddable":true,"href":"https:\/\/www.correiobraziliense.com.br\/cbradar\/wp-json\/wp\/v2\/tags?post=234264"}],"curies":[{"name":"wp","href":"https:\/\/api.w.org\/{rel}","templated":true}]}}