{"id":234274,"date":"2026-04-30T14:15:00","date_gmt":"2026-04-30T17:15:00","guid":{"rendered":"https:\/\/www.correiobraziliense.com.br\/cbradar\/?p=234274"},"modified":"2026-04-29T12:08:40","modified_gmt":"2026-04-29T15:08:40","slug":"os-utensilios-de-cozinha-inuteis-que-nao-entram-na-cozinha-de-um-chefe","status":"publish","type":"post","link":"https:\/\/www.correiobraziliense.com.br\/cbradar\/os-utensilios-de-cozinha-inuteis-que-nao-entram-na-cozinha-de-um-chefe\/","title":{"rendered":"Os utens\u00edlios de cozinha in\u00fateis que n\u00e3o entram na cozinha de um chefe"},"content":{"rendered":"\n<p>Montar uma cozinha funcional exige discernimento para evitar a compra de acess\u00f3rios sup\u00e9rfluos que apenas ocupam espa\u00e7o precioso nas gavetas. Profissionais da gastronomia priorizam ferramentas vers\u00e1teis e dur\u00e1veis que realmente agilizam o preparo das refei\u00e7\u00f5es di\u00e1rias. Menos \u00e9 mais quando o objetivo \u00e9 efici\u00eancia, organiza\u00e7\u00e3o e praticidade durante o manuseio de alimentos.<\/p>\n\n\n\n<h2 class=\"wp-block-heading\">Por que os aparelhos de fun\u00e7\u00e3o \u00fanica s\u00e3o evitados?<\/h2>\n\n\n\n<p>Utens\u00edlios projetados para realizar apenas uma tarefa espec\u00edfica, como cortadores de banana ou descascadores de alho, raramente encontram espa\u00e7o em bancadas profissionais. Esses objetos costumam ser dif\u00edceis de limpar e perdem a utilidade rapidamente diante de uma faca bem amolada e vers\u00e1til. O excesso de tralhas dificulta a higieniza\u00e7\u00e3o do ambiente e compromete a fluidez do trabalho culin\u00e1rio.<\/p>\n\n\n\n<p>Um redator experiente sabe que o minimalismo na cozinha n\u00e3o \u00e9 apenas uma quest\u00e3o est\u00e9tica, mas uma estrat\u00e9gia para ganhar tempo real. Substituir dez ferramentas baratas por uma \u00fanica pe\u00e7a de alta qualidade \u00e9 o segredo dos grandes especialistas do setor. <strong>A versatilidade \u00e9 a regra de ouro<\/strong> para quem busca resultados de alta performance sem desperdi\u00e7ar dinheiro desnecessariamente.<\/p>\n\n\n\n<figure class=\"wp-block-image size-full\"><img decoding=\"async\" width=\"1280\" height=\"720\" src=\"https:\/\/www.correiobraziliense.com.br\/cbradar\/wp-content\/uploads\/2026\/04\/Gemini_Generated_Image_i0teyji0teyji0te-1-1.png\" alt=\"Os utens\u00edlios de cozinha in\u00fateis que n\u00e3o entram na cozinha de um chefe\" class=\"wp-image-234278\" srcset=\"https:\/\/www.correiobraziliense.com.br\/cbradar\/wp-content\/uploads\/2026\/04\/Gemini_Generated_Image_i0teyji0teyji0te-1-1.png 1280w, https:\/\/www.correiobraziliense.com.br\/cbradar\/wp-content\/uploads\/2026\/04\/Gemini_Generated_Image_i0teyji0teyji0te-1-1-300x169.png 300w, https:\/\/www.correiobraziliense.com.br\/cbradar\/wp-content\/uploads\/2026\/04\/Gemini_Generated_Image_i0teyji0teyji0te-1-1-768x432.png 768w, https:\/\/www.correiobraziliense.com.br\/cbradar\/wp-content\/uploads\/2026\/04\/Gemini_Generated_Image_i0teyji0teyji0te-1-1-750x422.png 750w, https:\/\/www.correiobraziliense.com.br\/cbradar\/wp-content\/uploads\/2026\/04\/Gemini_Generated_Image_i0teyji0teyji0te-1-1-1140x641.png 1140w\" sizes=\"(max-width: 1280px) 100vw, 1280px\" \/><figcaption class=\"wp-element-caption\">Menos utens\u00edlios na cozinha podem trazer mais espa\u00e7o e efici\u00eancia no dia a dia<\/figcaption><\/figure>\n\n\n\n<h2 class=\"wp-block-heading\">Como as facas de baixa qualidade prejudicam seu desempenho?<\/h2>\n\n\n\n<p>Muitas pessoas compram conjuntos enormes de facas coloridas que perdem o fio ap\u00f3s poucos usos dom\u00e9sticos ou profissionais. Ter uma gaveta cheia de l\u00e2minas cegas \u00e9 perigoso e ineficiente, pois exige mais for\u00e7a e aumenta o risco de acidentes graves. Um profissional prefere investir em uma \u00fanica faca de chef de a\u00e7o inoxid\u00e1vel ou carbono de <strong>excel\u00eancia superior<\/strong>.<\/p>\n\n\n\n<p>L\u00e2minas de baixa resist\u00eancia exigem manuten\u00e7\u00e3o constante e raramente entregam o corte preciso necess\u00e1rio para pratos sofisticados ou simples. Al\u00e9m disso, cabos fr\u00e1geis podem quebrar durante o manuseio de ingredientes mais densos, como ab\u00f3boras ou carnes com osso. Priorizar a durabilidade dos materiais \u00e9 uma <strong>decis\u00e3o inteligente para garantir seguran\u00e7a total<\/strong> enquanto voc\u00ea cozinha pratos deliciosos diariamente.<\/p>\n\n\n\n<h2 class=\"wp-block-heading\">Quais itens ocupam espa\u00e7o sem oferecer retornos reais?<\/h2>\n\n\n\n<p>Processadores manuais de pl\u00e1stico e espremedores de lim\u00e3o complexos costumam ser as primeiras aquisi\u00e7\u00f5es de quem se deixa levar pelo marketing visual agressivo. Na pr\u00e1tica, esses itens acabam esquecidos no fundo do arm\u00e1rio por serem pouco pr\u00e1ticos no dia a dia corrido. Selecionar ferramentas que facilitem a limpeza \u00e9 fundamental para manter a ordem e a higiene impec\u00e1vel. <\/p>\n\n\n\n<p><strong>Analise agora os pontos cruciais para implementar mudan\u00e7as significativas e duradouras no seu cotidiano:<\/strong><\/p>\n\n\n\n<ul class=\"wp-block-list\">\n<li>Cortadores de ervas com m\u00faltiplas l\u00e2minas met\u00e1licas.<\/li>\n\n\n\n<li>M\u00e1quinas pl\u00e1sticas para fazer massas recheadas.<\/li>\n\n\n\n<li>Potes de formatos irregulares que dificultam o empilhamento.<\/li>\n\n\n\n<li>Separadores de gema de ovo fr\u00e1geis e desnecess\u00e1rios.<\/li>\n\n\n\n<li>Balan\u00e7as mec\u00e2nicas imprecisas e dif\u00edceis de calibrar.<\/li>\n<\/ul>\n\n\n\n<h2 class=\"wp-block-heading\">Existe um perigo real nos utens\u00edlios de pl\u00e1stico barato?<\/h2>\n\n\n\n<p>Muitos acess\u00f3rios coloridos liberam subst\u00e2ncias qu\u00edmicas quando submetidos ao calor intenso das panelas ou ao micro-ondas dom\u00e9stico. Al\u00e9m do risco para a sa\u00fade humana, o pl\u00e1stico tende a derreter e acumular odores desagrad\u00e1veis que contaminam o sabor original dos ingredientes. Profissionais utilizam majoritariamente a\u00e7o inoxid\u00e1vel, silicone de grau aliment\u00edcio ou madeira tratada para garantir a <strong>m\u00e1xima pureza alimentar<\/strong>.<\/p>\n\n\n\n<p>Investir em esp\u00e1tulas de silicone resistentes ao calor protege o revestimento das suas panelas e evita a contamina\u00e7\u00e3o por micropl\u00e1sticos invis\u00edveis. Esses materiais duram anos sem apresentar sinais de desgaste severo, representando uma economia real de recursos financeiros ao longo do tempo. A escolha de materiais inertes \u00e9 uma <strong>estrat\u00e9gia vital para manter a sa\u00fade e a seguran\u00e7a<\/strong>.<\/p>\n\n\n\n<figure class=\"wp-block-image size-full\"><img decoding=\"async\" width=\"1280\" height=\"720\" src=\"https:\/\/www.correiobraziliense.com.br\/cbradar\/wp-content\/uploads\/2026\/04\/Gemini_Generated_Image_8woigy8woigy8woi-1-1.png\" alt=\"Os utens\u00edlios de cozinha in\u00fateis que n\u00e3o entram na cozinha de um chefe\" class=\"wp-image-234281\" srcset=\"https:\/\/www.correiobraziliense.com.br\/cbradar\/wp-content\/uploads\/2026\/04\/Gemini_Generated_Image_8woigy8woigy8woi-1-1.png 1280w, https:\/\/www.correiobraziliense.com.br\/cbradar\/wp-content\/uploads\/2026\/04\/Gemini_Generated_Image_8woigy8woigy8woi-1-1-300x169.png 300w, https:\/\/www.correiobraziliense.com.br\/cbradar\/wp-content\/uploads\/2026\/04\/Gemini_Generated_Image_8woigy8woigy8woi-1-1-768x432.png 768w, https:\/\/www.correiobraziliense.com.br\/cbradar\/wp-content\/uploads\/2026\/04\/Gemini_Generated_Image_8woigy8woigy8woi-1-1-750x422.png 750w, https:\/\/www.correiobraziliense.com.br\/cbradar\/wp-content\/uploads\/2026\/04\/Gemini_Generated_Image_8woigy8woigy8woi-1-1-1140x641.png 1140w\" sizes=\"(max-width: 1280px) 100vw, 1280px\" \/><figcaption class=\"wp-element-caption\">Menos utens\u00edlios na cozinha podem trazer mais espa\u00e7o e efici\u00eancia no dia a dia<\/figcaption><\/figure>\n\n\n\n<h2 class=\"wp-block-heading\">O que a legisla\u00e7\u00e3o sanit\u00e1ria diz sobre os materiais permitidos?<\/h2>\n\n\n\n<p>\u00d3rg\u00e3os de fiscaliza\u00e7\u00e3o estabelecem normas r\u00edgidas sobre quais superf\u00edcies podem entrar em contato direto com os alimentos em cozinhas comerciais. Materiais porosos que acumulam bact\u00e9rias e fungos s\u00e3o proibidos para evitar surtos de doen\u00e7as transmitidas por alimentos contaminados. Seguir esses padr\u00f5es t\u00e9cnicos em casa eleva o n\u00edvel de seguran\u00e7a alimentar e protege toda a sua fam\u00edlia.<\/p>\n\n\n\n<p>Para entender as normas brasileiras sobre materiais e objetos destinados a entrar em contato com alimentos, consulte as diretrizes da <strong>ANVISA<\/strong>. O guia detalha as subst\u00e2ncias permitidas e os ensaios de migra\u00e7\u00e3o necess\u00e1rios. Acesse a <a href=\"https:\/\/www.gov.br\/anvisa\/pt-br\/centraisdeconteudo\/publicacoes\/alimentos\/perguntas-e-respostas-arquivos\/embalagens-materiais-em-contato-com-alimentos.pdf\" target=\"_blank\" rel=\"noreferrer noopener\">p\u00e1gina da ANVISA sobre seguran\u00e7a de materiais<\/a>. Seguir essas orienta\u00e7\u00f5es de autoridade \u00e9 o <strong>caminho certo para uma cozinha profissional e segura<\/strong>.<\/p>\n","protected":false},"excerpt":{"rendered":"<p>Montar uma cozinha funcional exige discernimento para evitar a compra de acess\u00f3rios sup\u00e9rfluos que apenas ocupam espa\u00e7o precioso nas gavetas. Profissionais da gastronomia priorizam ferramentas vers\u00e1teis e dur\u00e1veis que realmente agilizam o preparo das refei\u00e7\u00f5es di\u00e1rias. Menos \u00e9 mais quando o objetivo \u00e9 efici\u00eancia, organiza\u00e7\u00e3o e praticidade durante o manuseio de alimentos. Por que os [&hellip;]<\/p>\n","protected":false},"author":21,"featured_media":234285,"comment_status":"open","ping_status":"open","sticky":false,"template":"","format":"standard","meta":{"_yoast_wpseo_focuskw":"utens\u00edlios essenciais para cozinha funcional","_yoast_wpseo_title":"","_yoast_wpseo_metadesc":"Cozinha cheia de utens\u00edlios pode atrapalhar mais do que ajudar. Escolher ferramentas certas melhora organiza\u00e7\u00e3o e efici\u00eancia di\u00e1ria.","jnews-multi-image_gallery":[],"jnews_single_post":{"format":"standard"},"jnews_primary_category":[],"jnews_social_meta":[],"jnews_override_counter":[],"footnotes":""},"categories":[112],"tags":[17023,687,9186],"class_list":["post-234274","post","type-post","status-publish","format-standard","has-post-thumbnail","hentry","category-curiosidades","tag-chefe","tag-cozinha","tag-utensilios"],"yoast_head":"<!-- This site is optimized with the Yoast SEO plugin v24.6 - https:\/\/yoast.com\/wordpress\/plugins\/seo\/ -->\n<title>Os utens\u00edlios de cozinha in\u00fateis que n\u00e3o entram na cozinha de um chefe - Correio Braziliense - Radar<\/title>\n<meta name=\"description\" content=\"Cozinha cheia de utens\u00edlios pode atrapalhar mais do que ajudar. Escolher ferramentas certas melhora organiza\u00e7\u00e3o e efici\u00eancia di\u00e1ria.\" \/>\n<meta name=\"robots\" content=\"index, follow, max-snippet:-1, max-image-preview:large, max-video-preview:-1\" \/>\n<link rel=\"canonical\" href=\"https:\/\/www.correiobraziliense.com.br\/cbradar\/os-utensilios-de-cozinha-inuteis-que-nao-entram-na-cozinha-de-um-chefe\/\" \/>\n<meta property=\"og:locale\" content=\"pt_BR\" \/>\n<meta property=\"og:type\" content=\"article\" \/>\n<meta property=\"og:title\" content=\"Os utens\u00edlios de cozinha in\u00fateis que n\u00e3o entram na cozinha de um chefe - Correio Braziliense - Radar\" \/>\n<meta property=\"og:description\" content=\"Cozinha cheia de utens\u00edlios pode atrapalhar mais do que ajudar. Escolher ferramentas certas melhora organiza\u00e7\u00e3o e efici\u00eancia di\u00e1ria.\" \/>\n<meta property=\"og:url\" content=\"https:\/\/www.correiobraziliense.com.br\/cbradar\/os-utensilios-de-cozinha-inuteis-que-nao-entram-na-cozinha-de-um-chefe\/\" \/>\n<meta property=\"og:site_name\" content=\"Correio Braziliense - Radar\" \/>\n<meta property=\"article:published_time\" content=\"2026-04-30T17:15:00+00:00\" \/>\n<meta property=\"og:image\" content=\"https:\/\/www.correiobraziliense.com.br\/cbradar\/wp-content\/uploads\/2026\/04\/Gemini_Generated_Image_3gm93d3gm93d3gm9-1-1.png\" \/>\n\t<meta property=\"og:image:width\" content=\"1280\" \/>\n\t<meta property=\"og:image:height\" content=\"720\" \/>\n\t<meta property=\"og:image:type\" content=\"image\/png\" \/>\n<meta name=\"author\" content=\"Patrick Silva\" \/>\n<meta name=\"twitter:card\" content=\"summary_large_image\" \/>\n<meta name=\"twitter:label1\" content=\"Escrito por\" \/>\n\t<meta name=\"twitter:data1\" content=\"Patrick Silva\" \/>\n\t<meta name=\"twitter:label2\" content=\"Est. tempo de leitura\" \/>\n\t<meta name=\"twitter:data2\" content=\"5 minutos\" \/>\n<!-- \/ Yoast SEO plugin. -->","yoast_head_json":{"title":"Os utens\u00edlios de cozinha in\u00fateis que n\u00e3o entram na cozinha de um chefe - Correio Braziliense - Radar","description":"Cozinha cheia de utens\u00edlios pode atrapalhar mais do que ajudar. Escolher ferramentas certas melhora organiza\u00e7\u00e3o e efici\u00eancia di\u00e1ria.","robots":{"index":"index","follow":"follow","max-snippet":"max-snippet:-1","max-image-preview":"max-image-preview:large","max-video-preview":"max-video-preview:-1"},"canonical":"https:\/\/www.correiobraziliense.com.br\/cbradar\/os-utensilios-de-cozinha-inuteis-que-nao-entram-na-cozinha-de-um-chefe\/","og_locale":"pt_BR","og_type":"article","og_title":"Os utens\u00edlios de cozinha in\u00fateis que n\u00e3o entram na cozinha de um chefe - Correio Braziliense - Radar","og_description":"Cozinha cheia de utens\u00edlios pode atrapalhar mais do que ajudar. Escolher ferramentas certas melhora organiza\u00e7\u00e3o e efici\u00eancia di\u00e1ria.","og_url":"https:\/\/www.correiobraziliense.com.br\/cbradar\/os-utensilios-de-cozinha-inuteis-que-nao-entram-na-cozinha-de-um-chefe\/","og_site_name":"Correio Braziliense - Radar","article_published_time":"2026-04-30T17:15:00+00:00","og_image":[{"width":1280,"height":720,"url":"https:\/\/www.correiobraziliense.com.br\/cbradar\/wp-content\/uploads\/2026\/04\/Gemini_Generated_Image_3gm93d3gm93d3gm9-1-1.png","type":"image\/png"}],"author":"Patrick Silva","twitter_card":"summary_large_image","twitter_misc":{"Escrito por":"Patrick Silva","Est. tempo de leitura":"5 minutos"},"schema":{"@context":"https:\/\/schema.org","@graph":[{"@type":"WebPage","@id":"https:\/\/www.correiobraziliense.com.br\/cbradar\/os-utensilios-de-cozinha-inuteis-que-nao-entram-na-cozinha-de-um-chefe\/","url":"https:\/\/www.correiobraziliense.com.br\/cbradar\/os-utensilios-de-cozinha-inuteis-que-nao-entram-na-cozinha-de-um-chefe\/","name":"Os utens\u00edlios de cozinha in\u00fateis que n\u00e3o entram na cozinha de um chefe - Correio Braziliense - Radar","isPartOf":{"@id":"https:\/\/www.correiobraziliense.com.br\/cbradar\/#website"},"primaryImageOfPage":{"@id":"https:\/\/www.correiobraziliense.com.br\/cbradar\/os-utensilios-de-cozinha-inuteis-que-nao-entram-na-cozinha-de-um-chefe\/#primaryimage"},"image":{"@id":"https:\/\/www.correiobraziliense.com.br\/cbradar\/os-utensilios-de-cozinha-inuteis-que-nao-entram-na-cozinha-de-um-chefe\/#primaryimage"},"thumbnailUrl":"https:\/\/www.correiobraziliense.com.br\/cbradar\/wp-content\/uploads\/2026\/04\/Gemini_Generated_Image_3gm93d3gm93d3gm9-1-1.png","datePublished":"2026-04-30T17:15:00+00:00","author":{"@id":"https:\/\/www.correiobraziliense.com.br\/cbradar\/#\/schema\/person\/5440b72be9c7eb74f446c846479dc4da"},"description":"Cozinha cheia de utens\u00edlios pode atrapalhar mais do que ajudar. Escolher ferramentas certas melhora organiza\u00e7\u00e3o e efici\u00eancia di\u00e1ria.","breadcrumb":{"@id":"https:\/\/www.correiobraziliense.com.br\/cbradar\/os-utensilios-de-cozinha-inuteis-que-nao-entram-na-cozinha-de-um-chefe\/#breadcrumb"},"inLanguage":"pt-BR","potentialAction":[{"@type":"ReadAction","target":["https:\/\/www.correiobraziliense.com.br\/cbradar\/os-utensilios-de-cozinha-inuteis-que-nao-entram-na-cozinha-de-um-chefe\/"]}]},{"@type":"ImageObject","inLanguage":"pt-BR","@id":"https:\/\/www.correiobraziliense.com.br\/cbradar\/os-utensilios-de-cozinha-inuteis-que-nao-entram-na-cozinha-de-um-chefe\/#primaryimage","url":"https:\/\/www.correiobraziliense.com.br\/cbradar\/wp-content\/uploads\/2026\/04\/Gemini_Generated_Image_3gm93d3gm93d3gm9-1-1.png","contentUrl":"https:\/\/www.correiobraziliense.com.br\/cbradar\/wp-content\/uploads\/2026\/04\/Gemini_Generated_Image_3gm93d3gm93d3gm9-1-1.png","width":1280,"height":720,"caption":"Menos utens\u00edlios na cozinha podem trazer mais espa\u00e7o e efici\u00eancia no dia a dia"},{"@type":"BreadcrumbList","@id":"https:\/\/www.correiobraziliense.com.br\/cbradar\/os-utensilios-de-cozinha-inuteis-que-nao-entram-na-cozinha-de-um-chefe\/#breadcrumb","itemListElement":[{"@type":"ListItem","position":1,"name":"In\u00edcio","item":"https:\/\/www.correiobraziliense.com.br\/cbradar\/"},{"@type":"ListItem","position":2,"name":"Os utens\u00edlios de cozinha in\u00fateis que n\u00e3o entram na cozinha de um chefe"}]},{"@type":"WebSite","@id":"https:\/\/www.correiobraziliense.com.br\/cbradar\/#website","url":"https:\/\/www.correiobraziliense.com.br\/cbradar\/","name":"Correio Braziliense - Radar","description":"Acompanhe as \u00faltimas not\u00edcias e fique bem informado sobre tudo o que acontece no Brasil e no mundo.","potentialAction":[{"@type":"SearchAction","target":{"@type":"EntryPoint","urlTemplate":"https:\/\/www.correiobraziliense.com.br\/cbradar\/?s={search_term_string}"},"query-input":{"@type":"PropertyValueSpecification","valueRequired":true,"valueName":"search_term_string"}}],"inLanguage":"pt-BR"},{"@type":"Person","@id":"https:\/\/www.correiobraziliense.com.br\/cbradar\/#\/schema\/person\/5440b72be9c7eb74f446c846479dc4da","name":"Patrick Silva","image":{"@type":"ImageObject","inLanguage":"pt-BR","@id":"https:\/\/www.correiobraziliense.com.br\/cbradar\/#\/schema\/person\/image\/","url":"https:\/\/secure.gravatar.com\/avatar\/944109df296fc087785c9715fd5f80b2?s=96&d=mm&r=g","contentUrl":"https:\/\/secure.gravatar.com\/avatar\/944109df296fc087785c9715fd5f80b2?s=96&d=mm&r=g","caption":"Patrick Silva"},"sameAs":["https:\/\/www.correiobraziliense.com.br\/cbradar\/"],"url":"https:\/\/www.correiobraziliense.com.br\/cbradar\/author\/patrick-silva\/"}]}},"_links":{"self":[{"href":"https:\/\/www.correiobraziliense.com.br\/cbradar\/wp-json\/wp\/v2\/posts\/234274","targetHints":{"allow":["GET"]}}],"collection":[{"href":"https:\/\/www.correiobraziliense.com.br\/cbradar\/wp-json\/wp\/v2\/posts"}],"about":[{"href":"https:\/\/www.correiobraziliense.com.br\/cbradar\/wp-json\/wp\/v2\/types\/post"}],"author":[{"embeddable":true,"href":"https:\/\/www.correiobraziliense.com.br\/cbradar\/wp-json\/wp\/v2\/users\/21"}],"replies":[{"embeddable":true,"href":"https:\/\/www.correiobraziliense.com.br\/cbradar\/wp-json\/wp\/v2\/comments?post=234274"}],"version-history":[{"count":3,"href":"https:\/\/www.correiobraziliense.com.br\/cbradar\/wp-json\/wp\/v2\/posts\/234274\/revisions"}],"predecessor-version":[{"id":234282,"href":"https:\/\/www.correiobraziliense.com.br\/cbradar\/wp-json\/wp\/v2\/posts\/234274\/revisions\/234282"}],"wp:featuredmedia":[{"embeddable":true,"href":"https:\/\/www.correiobraziliense.com.br\/cbradar\/wp-json\/wp\/v2\/media\/234285"}],"wp:attachment":[{"href":"https:\/\/www.correiobraziliense.com.br\/cbradar\/wp-json\/wp\/v2\/media?parent=234274"}],"wp:term":[{"taxonomy":"category","embeddable":true,"href":"https:\/\/www.correiobraziliense.com.br\/cbradar\/wp-json\/wp\/v2\/categories?post=234274"},{"taxonomy":"post_tag","embeddable":true,"href":"https:\/\/www.correiobraziliense.com.br\/cbradar\/wp-json\/wp\/v2\/tags?post=234274"}],"curies":[{"name":"wp","href":"https:\/\/api.w.org\/{rel}","templated":true}]}}