{"id":234283,"date":"2026-04-30T01:00:00","date_gmt":"2026-04-30T04:00:00","guid":{"rendered":"https:\/\/www.correiobraziliense.com.br\/cbradar\/?p=234283"},"modified":"2026-04-29T18:10:42","modified_gmt":"2026-04-29T21:10:42","slug":"os-movimentos-que-mais-ajudam-quem-passa-o-dia-sentado-a-destravar-o-corpo-e-sentir-menos-peso-nas-costas-ao-longo-da-rotina","status":"publish","type":"post","link":"https:\/\/www.correiobraziliense.com.br\/cbradar\/os-movimentos-que-mais-ajudam-quem-passa-o-dia-sentado-a-destravar-o-corpo-e-sentir-menos-peso-nas-costas-ao-longo-da-rotina\/","title":{"rendered":"Os movimentos que mais ajudam quem passa o dia sentado a destravar o corpo e sentir menos peso nas costas ao longo da rotina"},"content":{"rendered":"\n<p>Passar muitas horas na mesma posi\u00e7\u00e3o prejudica a circula\u00e7\u00e3o e sobrecarrega a coluna vertebral de maneira silenciosa. Quando o corpo permanece est\u00e1tico, os m\u00fasculos encurtam e as articula\u00e7\u00f5es perdem a mobilidade natural necess\u00e1ria para o movimento. Adotar pequenas pausas para realizar alongamentos estrat\u00e9gicos devolve a flexibilidade e alivia a tens\u00e3o acumulada, proporcionando um dia muito mais leve.<\/p>\n\n\n\n<h2 class=\"wp-block-heading\">Por que o corpo trava ap\u00f3s longas horas de trabalho?<\/h2>\n\n\n\n<p>A imobilidade prolongada faz com que os tecidos conectivos se tornem mais r\u00edgidos e menos el\u00e1sticos com o tempo. Esse processo gera uma sensa\u00e7\u00e3o de peso constante nas regi\u00f5es lombar e cervical, dificultando a realiza\u00e7\u00e3o de tarefas simples. Sem o est\u00edmulo f\u00edsico adequado, o organismo economiza energia em \u00e1reas fundamentais, resultando em dores que podem se tornar cr\u00f4nicas.<\/p>\n\n\n\n<p>A postura curvada em dire\u00e7\u00e3o \u00e0s telas comprime os discos intervertebrais e altera o alinhamento natural dos ombros. Essa compress\u00e3o constante limita o fluxo de oxig\u00eanio para os tecidos musculares, provocando fadiga precoce e rigidez articular intensa. Realizar movimentos de rota\u00e7\u00e3o e extens\u00e3o ajuda a redistribuir a carga f\u00edsica, protegendo a integridade da coluna contra desgastes f\u00edsicos desnecess\u00e1rios.<\/p>\n\n\n\n<figure class=\"wp-block-image size-full\"><img decoding=\"async\" width=\"1280\" height=\"720\" src=\"https:\/\/www.correiobraziliense.com.br\/cbradar\/wp-content\/uploads\/2026\/04\/Gemini_Generated_Image_w4ut0uw4ut0uw4ut-1-1.png\" alt=\"Os movimentos que mais ajudam quem passa o dia sentado a destravar o corpo e sentir menos peso nas costas ao longo da rotina\" class=\"wp-image-234303\" srcset=\"https:\/\/www.correiobraziliense.com.br\/cbradar\/wp-content\/uploads\/2026\/04\/Gemini_Generated_Image_w4ut0uw4ut0uw4ut-1-1.png 1280w, https:\/\/www.correiobraziliense.com.br\/cbradar\/wp-content\/uploads\/2026\/04\/Gemini_Generated_Image_w4ut0uw4ut0uw4ut-1-1-300x169.png 300w, https:\/\/www.correiobraziliense.com.br\/cbradar\/wp-content\/uploads\/2026\/04\/Gemini_Generated_Image_w4ut0uw4ut0uw4ut-1-1-768x432.png 768w, https:\/\/www.correiobraziliense.com.br\/cbradar\/wp-content\/uploads\/2026\/04\/Gemini_Generated_Image_w4ut0uw4ut0uw4ut-1-1-750x422.png 750w, https:\/\/www.correiobraziliense.com.br\/cbradar\/wp-content\/uploads\/2026\/04\/Gemini_Generated_Image_w4ut0uw4ut0uw4ut-1-1-1140x641.png 1140w\" sizes=\"(max-width: 1280px) 100vw, 1280px\" \/><figcaption class=\"wp-element-caption\">Movimentos simples durante o dia ajudam a aliviar dores e melhorar a postura no trabalho<\/figcaption><\/figure>\n\n\n\n<h2 class=\"wp-block-heading\">Como aliviar a tens\u00e3o na regi\u00e3o lombar rapidamente?<\/h2>\n\n\n\n<p>O alongamento dos flexores do quadril \u00e9 uma das manobras mais eficazes para liberar a press\u00e3o na base das costas. Quando as pessoas passam muito tempo sentadas, esses m\u00fasculos permanecem contra\u00eddos e puxam a pelve para frente, gerando desconforto. Ao alongar essa \u00e1rea espec\u00edfica, a coluna recupera seu posicionamento neutro, reduzindo a carga sobre os nervos e v\u00e9rtebras.<\/p>\n\n\n\n<p>Inclinar o tronco lateralmente enquanto os bra\u00e7os est\u00e3o estendidos promove a descompress\u00e3o das costelas e da musculatura lateral. Esse movimento simples amplia o espa\u00e7o respirat\u00f3rio e relaxa os tecidos que cercam os rins e a regi\u00e3o baixa do tronco. Praticar essa atividade por alguns segundos permite que a circula\u00e7\u00e3o flua melhor, trazendo um al\u00edvio imediato para o cansa\u00e7o.<\/p>\n\n\n\n<h2 class=\"wp-block-heading\">Quais s\u00e3o os melhores movimentos para os ombros?<\/h2>\n\n\n\n<p>A rota\u00e7\u00e3o das esc\u00e1pulas e a abertura do peito combatem a tend\u00eancia de projetar os bra\u00e7os para frente durante a digita\u00e7\u00e3o. Esses exerc\u00edcios restabelecem a mobilidade da cintura escapular e fortalecem a sustenta\u00e7\u00e3o da parte superior do tronco. Manter os ombros relaxados e alinhados \u00e9 essencial para prevenir dores de cabe\u00e7a tensionais que surgem ap\u00f3s jornadas laborais extensas.<\/p>\n\n\n\n<p>Alguns exerc\u00edcios fundamentais podem ser realizados sem sair da cadeira:<\/p>\n\n\n\n<ul class=\"wp-block-list\">\n<li>Rota\u00e7\u00e3o circular lenta dos ombros para tr\u00e1s.<\/li>\n\n\n\n<li>Entrela\u00e7amento das m\u00e3os atr\u00e1s das costas com extens\u00e3o.<\/li>\n\n\n\n<li>Alongamento suave do pesco\u00e7o para ambos os lados.<\/li>\n\n\n\n<li>Eleva\u00e7\u00e3o dos bra\u00e7os acima da cabe\u00e7a com inspira\u00e7\u00e3o.<\/li>\n<\/ul>\n\n\n\n<h2 class=\"wp-block-heading\">Qual o papel da respira\u00e7\u00e3o no relaxamento muscular?<\/h2>\n\n\n\n<p>Respirar de forma profunda e pausada sinaliza ao sistema nervoso que o corpo pode sair do estado de alerta. A oxigena\u00e7\u00e3o adequada permite que as fibras musculares se soltem, facilitando a execu\u00e7\u00e3o de qualquer movimento de mobilidade. Quando a respira\u00e7\u00e3o \u00e9 curta e superficial, a tens\u00e3o tende a se acumular nos trap\u00e9zios, agravando a sensa\u00e7\u00e3o de cansa\u00e7o.<\/p>\n\n\n\n<p>O controle do diafragma tamb\u00e9m auxilia na estabiliza\u00e7\u00e3o do tronco, protegendo a coluna de movimentos bruscos ou posturas inadequadas. Praticar a respira\u00e7\u00e3o abdominal durante o trabalho ajuda a manter a calma e a consci\u00eancia corporal necess\u00e1rias para o bem-estar. Essa conex\u00e3o entre mente e corpo \u00e9 a base para uma rotina produtiva sem sacrif\u00edcios para a sa\u00fade f\u00edsica.<\/p>\n\n\n\n<figure class=\"wp-block-image size-full\"><img decoding=\"async\" width=\"1280\" height=\"720\" src=\"https:\/\/www.correiobraziliense.com.br\/cbradar\/wp-content\/uploads\/2026\/04\/Gemini_Generated_Image_nyjtdnyjtdnyjtdn-1-1.png\" alt=\"Os movimentos que mais ajudam quem passa o dia sentado a destravar o corpo e sentir menos peso nas costas ao longo da rotina\" class=\"wp-image-234307\" srcset=\"https:\/\/www.correiobraziliense.com.br\/cbradar\/wp-content\/uploads\/2026\/04\/Gemini_Generated_Image_nyjtdnyjtdnyjtdn-1-1.png 1280w, https:\/\/www.correiobraziliense.com.br\/cbradar\/wp-content\/uploads\/2026\/04\/Gemini_Generated_Image_nyjtdnyjtdnyjtdn-1-1-300x169.png 300w, https:\/\/www.correiobraziliense.com.br\/cbradar\/wp-content\/uploads\/2026\/04\/Gemini_Generated_Image_nyjtdnyjtdnyjtdn-1-1-768x432.png 768w, https:\/\/www.correiobraziliense.com.br\/cbradar\/wp-content\/uploads\/2026\/04\/Gemini_Generated_Image_nyjtdnyjtdnyjtdn-1-1-750x422.png 750w, https:\/\/www.correiobraziliense.com.br\/cbradar\/wp-content\/uploads\/2026\/04\/Gemini_Generated_Image_nyjtdnyjtdnyjtdn-1-1-1140x641.png 1140w\" sizes=\"(max-width: 1280px) 100vw, 1280px\" \/><figcaption class=\"wp-element-caption\">Movimentos simples durante o dia ajudam a aliviar dores e melhorar a postura no trabalho<\/figcaption><\/figure>\n\n\n\n<p>Leia tamb\u00e9m: <a href=\"https:\/\/www.correiobraziliense.com.br\/cbradar\/as-frutas-congeladas-que-podem-entrar-na-rotina-de-quem-quer-cuidar-do-colesterol\/\" target=\"_blank\" rel=\"noreferrer noopener\">As frutas congeladas que podem entrar na rotina de quem quer cuidar do colesterol<\/a><\/p>\n\n\n\n<h2 class=\"wp-block-heading\">Por que a mobilidade do quadril \u00e9 t\u00e3o importante?<\/h2>\n\n\n\n<p>Articula\u00e7\u00f5es do quadril travadas for\u00e7am a coluna a compensar a falta de movimento, o que gera sobrecarga nas costas. Exerc\u00edcios que estimulam a rota\u00e7\u00e3o externa e interna dessa regi\u00e3o s\u00e3o fundamentais para manter a agilidade e a postura ereta. Garantir que a pelve tenha liberdade de movimento protege os joelhos e os tornozelos de les\u00f5es causadas por compensa\u00e7\u00f5es corporais.<\/p>\n\n\n\n<p>Realizar pequenas caminhadas e agachamentos leves ao longo do expediente mant\u00e9m os tecidos ativos e saud\u00e1veis para as tarefas rotineiras. Institui\u00e7\u00f5es como a <strong><a target=\"_blank\" rel=\"noreferrer noopener\" href=\"https:\/\/www.health.harvard.edu\/staying-healthy\/the-importance-of-stretching\">Harvard University<\/a><\/strong> enfatizam que o alongamento regular \u00e9 vital para manter a independ\u00eancia f\u00edsica e prevenir quedas. Cuidar da mobilidade \u00e9 um investimento cont\u00ednuo na qualidade de vida e na preserva\u00e7\u00e3o da estrutura \u00f3ssea em diferentes ciclos.<\/p>\n","protected":false},"excerpt":{"rendered":"<p>Passar muitas horas na mesma posi\u00e7\u00e3o prejudica a circula\u00e7\u00e3o e sobrecarrega a coluna vertebral de maneira silenciosa. Quando o corpo permanece est\u00e1tico, os m\u00fasculos encurtam e as articula\u00e7\u00f5es perdem a mobilidade natural necess\u00e1ria para o movimento. Adotar pequenas pausas para realizar alongamentos estrat\u00e9gicos devolve a flexibilidade e alivia a tens\u00e3o acumulada, proporcionando um dia muito [&hellip;]<\/p>\n","protected":false},"author":21,"featured_media":234302,"comment_status":"open","ping_status":"open","sticky":false,"template":"","format":"standard","meta":{"_yoast_wpseo_focuskw":"alongamentos no trabalho","_yoast_wpseo_title":"","_yoast_wpseo_metadesc":"Ficar muito tempo sentado pode causar dores silenciosas, mas pequenas pausas com movimentos simples podem transformar seu bem-estar","jnews-multi-image_gallery":[],"jnews_single_post":{"format":"standard"},"jnews_primary_category":[],"jnews_social_meta":[],"jnews_override_counter":[],"footnotes":""},"categories":[119],"tags":[3559,9113,784,1318],"class_list":["post-234283","post","type-post","status-publish","format-standard","has-post-thumbnail","hentry","category-bem-estar","tag-corpo-humano","tag-movimentos","tag-rotina","tag-saude-2"],"yoast_head":"<!-- This site is optimized with the Yoast SEO plugin v24.6 - https:\/\/yoast.com\/wordpress\/plugins\/seo\/ -->\n<title>Os movimentos que mais ajudam quem passa o dia sentado a destravar o corpo e sentir menos peso nas costas ao longo da rotina - Correio Braziliense - Radar<\/title>\n<meta name=\"description\" content=\"Ficar muito tempo sentado pode causar dores silenciosas, mas pequenas pausas com movimentos simples podem transformar seu bem-estar\" \/>\n<meta name=\"robots\" content=\"index, follow, max-snippet:-1, max-image-preview:large, max-video-preview:-1\" \/>\n<link rel=\"canonical\" href=\"https:\/\/www.correiobraziliense.com.br\/cbradar\/os-movimentos-que-mais-ajudam-quem-passa-o-dia-sentado-a-destravar-o-corpo-e-sentir-menos-peso-nas-costas-ao-longo-da-rotina\/\" \/>\n<meta property=\"og:locale\" content=\"pt_BR\" \/>\n<meta property=\"og:type\" content=\"article\" \/>\n<meta property=\"og:title\" content=\"Os movimentos que mais ajudam quem passa o dia sentado a destravar o corpo e sentir menos peso nas costas ao longo da rotina - Correio Braziliense - Radar\" \/>\n<meta property=\"og:description\" content=\"Ficar muito tempo sentado pode causar dores silenciosas, mas pequenas pausas com movimentos simples podem transformar seu bem-estar\" \/>\n<meta property=\"og:url\" content=\"https:\/\/www.correiobraziliense.com.br\/cbradar\/os-movimentos-que-mais-ajudam-quem-passa-o-dia-sentado-a-destravar-o-corpo-e-sentir-menos-peso-nas-costas-ao-longo-da-rotina\/\" \/>\n<meta property=\"og:site_name\" content=\"Correio Braziliense - Radar\" \/>\n<meta property=\"article:published_time\" content=\"2026-04-30T04:00:00+00:00\" \/>\n<meta property=\"og:image\" content=\"https:\/\/www.correiobraziliense.com.br\/cbradar\/wp-content\/uploads\/2026\/04\/Gemini_Generated_Image_e4wucme4wucme4wu-1-1.png\" \/>\n\t<meta property=\"og:image:width\" content=\"1280\" \/>\n\t<meta property=\"og:image:height\" content=\"720\" \/>\n\t<meta property=\"og:image:type\" content=\"image\/png\" \/>\n<meta name=\"author\" content=\"Patrick Silva\" \/>\n<meta name=\"twitter:card\" content=\"summary_large_image\" \/>\n<meta name=\"twitter:label1\" content=\"Escrito por\" \/>\n\t<meta name=\"twitter:data1\" content=\"Patrick Silva\" \/>\n\t<meta name=\"twitter:label2\" content=\"Est. tempo de leitura\" \/>\n\t<meta name=\"twitter:data2\" content=\"5 minutos\" \/>\n<!-- \/ Yoast SEO plugin. -->","yoast_head_json":{"title":"Os movimentos que mais ajudam quem passa o dia sentado a destravar o corpo e sentir menos peso nas costas ao longo da rotina - Correio Braziliense - Radar","description":"Ficar muito tempo sentado pode causar dores silenciosas, mas pequenas pausas com movimentos simples podem transformar seu bem-estar","robots":{"index":"index","follow":"follow","max-snippet":"max-snippet:-1","max-image-preview":"max-image-preview:large","max-video-preview":"max-video-preview:-1"},"canonical":"https:\/\/www.correiobraziliense.com.br\/cbradar\/os-movimentos-que-mais-ajudam-quem-passa-o-dia-sentado-a-destravar-o-corpo-e-sentir-menos-peso-nas-costas-ao-longo-da-rotina\/","og_locale":"pt_BR","og_type":"article","og_title":"Os movimentos que mais ajudam quem passa o dia sentado a destravar o corpo e sentir menos peso nas costas ao longo da rotina - Correio Braziliense - Radar","og_description":"Ficar muito tempo sentado pode causar dores silenciosas, mas pequenas pausas com movimentos simples podem transformar seu bem-estar","og_url":"https:\/\/www.correiobraziliense.com.br\/cbradar\/os-movimentos-que-mais-ajudam-quem-passa-o-dia-sentado-a-destravar-o-corpo-e-sentir-menos-peso-nas-costas-ao-longo-da-rotina\/","og_site_name":"Correio Braziliense - Radar","article_published_time":"2026-04-30T04:00:00+00:00","og_image":[{"width":1280,"height":720,"url":"https:\/\/www.correiobraziliense.com.br\/cbradar\/wp-content\/uploads\/2026\/04\/Gemini_Generated_Image_e4wucme4wucme4wu-1-1.png","type":"image\/png"}],"author":"Patrick Silva","twitter_card":"summary_large_image","twitter_misc":{"Escrito por":"Patrick Silva","Est. tempo de leitura":"5 minutos"},"schema":{"@context":"https:\/\/schema.org","@graph":[{"@type":"WebPage","@id":"https:\/\/www.correiobraziliense.com.br\/cbradar\/os-movimentos-que-mais-ajudam-quem-passa-o-dia-sentado-a-destravar-o-corpo-e-sentir-menos-peso-nas-costas-ao-longo-da-rotina\/","url":"https:\/\/www.correiobraziliense.com.br\/cbradar\/os-movimentos-que-mais-ajudam-quem-passa-o-dia-sentado-a-destravar-o-corpo-e-sentir-menos-peso-nas-costas-ao-longo-da-rotina\/","name":"Os movimentos que mais ajudam quem passa o dia sentado a destravar o corpo e sentir menos peso nas costas ao longo da rotina - Correio Braziliense - Radar","isPartOf":{"@id":"https:\/\/www.correiobraziliense.com.br\/cbradar\/#website"},"primaryImageOfPage":{"@id":"https:\/\/www.correiobraziliense.com.br\/cbradar\/os-movimentos-que-mais-ajudam-quem-passa-o-dia-sentado-a-destravar-o-corpo-e-sentir-menos-peso-nas-costas-ao-longo-da-rotina\/#primaryimage"},"image":{"@id":"https:\/\/www.correiobraziliense.com.br\/cbradar\/os-movimentos-que-mais-ajudam-quem-passa-o-dia-sentado-a-destravar-o-corpo-e-sentir-menos-peso-nas-costas-ao-longo-da-rotina\/#primaryimage"},"thumbnailUrl":"https:\/\/www.correiobraziliense.com.br\/cbradar\/wp-content\/uploads\/2026\/04\/Gemini_Generated_Image_e4wucme4wucme4wu-1-1.png","datePublished":"2026-04-30T04:00:00+00:00","author":{"@id":"https:\/\/www.correiobraziliense.com.br\/cbradar\/#\/schema\/person\/5440b72be9c7eb74f446c846479dc4da"},"description":"Ficar muito tempo sentado pode causar dores silenciosas, mas pequenas pausas com movimentos simples podem transformar seu bem-estar","breadcrumb":{"@id":"https:\/\/www.correiobraziliense.com.br\/cbradar\/os-movimentos-que-mais-ajudam-quem-passa-o-dia-sentado-a-destravar-o-corpo-e-sentir-menos-peso-nas-costas-ao-longo-da-rotina\/#breadcrumb"},"inLanguage":"pt-BR","potentialAction":[{"@type":"ReadAction","target":["https:\/\/www.correiobraziliense.com.br\/cbradar\/os-movimentos-que-mais-ajudam-quem-passa-o-dia-sentado-a-destravar-o-corpo-e-sentir-menos-peso-nas-costas-ao-longo-da-rotina\/"]}]},{"@type":"ImageObject","inLanguage":"pt-BR","@id":"https:\/\/www.correiobraziliense.com.br\/cbradar\/os-movimentos-que-mais-ajudam-quem-passa-o-dia-sentado-a-destravar-o-corpo-e-sentir-menos-peso-nas-costas-ao-longo-da-rotina\/#primaryimage","url":"https:\/\/www.correiobraziliense.com.br\/cbradar\/wp-content\/uploads\/2026\/04\/Gemini_Generated_Image_e4wucme4wucme4wu-1-1.png","contentUrl":"https:\/\/www.correiobraziliense.com.br\/cbradar\/wp-content\/uploads\/2026\/04\/Gemini_Generated_Image_e4wucme4wucme4wu-1-1.png","width":1280,"height":720,"caption":"Movimentos simples durante o dia ajudam a aliviar dores e melhorar a postura no trabalho"},{"@type":"BreadcrumbList","@id":"https:\/\/www.correiobraziliense.com.br\/cbradar\/os-movimentos-que-mais-ajudam-quem-passa-o-dia-sentado-a-destravar-o-corpo-e-sentir-menos-peso-nas-costas-ao-longo-da-rotina\/#breadcrumb","itemListElement":[{"@type":"ListItem","position":1,"name":"In\u00edcio","item":"https:\/\/www.correiobraziliense.com.br\/cbradar\/"},{"@type":"ListItem","position":2,"name":"Os movimentos que mais ajudam quem passa o dia sentado a destravar o corpo e sentir menos peso nas costas ao longo da rotina"}]},{"@type":"WebSite","@id":"https:\/\/www.correiobraziliense.com.br\/cbradar\/#website","url":"https:\/\/www.correiobraziliense.com.br\/cbradar\/","name":"Correio Braziliense - Radar","description":"Acompanhe as \u00faltimas not\u00edcias e fique bem informado sobre tudo o que acontece no Brasil e no mundo.","potentialAction":[{"@type":"SearchAction","target":{"@type":"EntryPoint","urlTemplate":"https:\/\/www.correiobraziliense.com.br\/cbradar\/?s={search_term_string}"},"query-input":{"@type":"PropertyValueSpecification","valueRequired":true,"valueName":"search_term_string"}}],"inLanguage":"pt-BR"},{"@type":"Person","@id":"https:\/\/www.correiobraziliense.com.br\/cbradar\/#\/schema\/person\/5440b72be9c7eb74f446c846479dc4da","name":"Patrick Silva","image":{"@type":"ImageObject","inLanguage":"pt-BR","@id":"https:\/\/www.correiobraziliense.com.br\/cbradar\/#\/schema\/person\/image\/","url":"https:\/\/secure.gravatar.com\/avatar\/944109df296fc087785c9715fd5f80b2?s=96&d=mm&r=g","contentUrl":"https:\/\/secure.gravatar.com\/avatar\/944109df296fc087785c9715fd5f80b2?s=96&d=mm&r=g","caption":"Patrick Silva"},"sameAs":["https:\/\/www.correiobraziliense.com.br\/cbradar\/"],"url":"https:\/\/www.correiobraziliense.com.br\/cbradar\/author\/patrick-silva\/"}]}},"_links":{"self":[{"href":"https:\/\/www.correiobraziliense.com.br\/cbradar\/wp-json\/wp\/v2\/posts\/234283","targetHints":{"allow":["GET"]}}],"collection":[{"href":"https:\/\/www.correiobraziliense.com.br\/cbradar\/wp-json\/wp\/v2\/posts"}],"about":[{"href":"https:\/\/www.correiobraziliense.com.br\/cbradar\/wp-json\/wp\/v2\/types\/post"}],"author":[{"embeddable":true,"href":"https:\/\/www.correiobraziliense.com.br\/cbradar\/wp-json\/wp\/v2\/users\/21"}],"replies":[{"embeddable":true,"href":"https:\/\/www.correiobraziliense.com.br\/cbradar\/wp-json\/wp\/v2\/comments?post=234283"}],"version-history":[{"count":1,"href":"https:\/\/www.correiobraziliense.com.br\/cbradar\/wp-json\/wp\/v2\/posts\/234283\/revisions"}],"predecessor-version":[{"id":234308,"href":"https:\/\/www.correiobraziliense.com.br\/cbradar\/wp-json\/wp\/v2\/posts\/234283\/revisions\/234308"}],"wp:featuredmedia":[{"embeddable":true,"href":"https:\/\/www.correiobraziliense.com.br\/cbradar\/wp-json\/wp\/v2\/media\/234302"}],"wp:attachment":[{"href":"https:\/\/www.correiobraziliense.com.br\/cbradar\/wp-json\/wp\/v2\/media?parent=234283"}],"wp:term":[{"taxonomy":"category","embeddable":true,"href":"https:\/\/www.correiobraziliense.com.br\/cbradar\/wp-json\/wp\/v2\/categories?post=234283"},{"taxonomy":"post_tag","embeddable":true,"href":"https:\/\/www.correiobraziliense.com.br\/cbradar\/wp-json\/wp\/v2\/tags?post=234283"}],"curies":[{"name":"wp","href":"https:\/\/api.w.org\/{rel}","templated":true}]}}