{"id":234317,"date":"2026-04-29T19:58:19","date_gmt":"2026-04-29T22:58:19","guid":{"rendered":"https:\/\/www.correiobraziliense.com.br\/cbradar\/?p=234317"},"modified":"2026-04-29T19:58:22","modified_gmt":"2026-04-29T22:58:22","slug":"a-frase-nao-e-odio-e-indiferenca-revela-que-muitos-relacionamentos-acabam-a-dois-antes-mesmo-de-terminarem-por-fora-quando-o-outro-deixa-de-importar-emocionalmente","status":"publish","type":"post","link":"https:\/\/www.correiobraziliense.com.br\/cbradar\/a-frase-nao-e-odio-e-indiferenca-revela-que-muitos-relacionamentos-acabam-a-dois-antes-mesmo-de-terminarem-por-fora-quando-o-outro-deixa-de-importar-emocionalmente\/","title":{"rendered":"A frase \u201cn\u00e3o \u00e9 \u00f3dio, \u00e9 indiferen\u00e7a\u201d revela que muitos relacionamentos acabam a dois antes mesmo de terminarem por fora, quando o outro deixa de importar emocionalmente"},"content":{"rendered":"\n<p>O fim de um relacionamento raramente coincide com o momento da partida f\u00edsica ou do an\u00fancio oficial. Na psicologia das rela\u00e7\u00f5es, a <strong>indiferen\u00e7a<\/strong> \u00e9 frequentemente apontada como o est\u00e1gio final do desinvestimento emocional, sendo muito mais definitiva do que o conflito ou a raiva. Enquanto o \u00f3dio ainda reconhece a exist\u00eancia e o impacto do outro, o sil\u00eancio da alma sinaliza que o v\u00ednculo foi desfeito em sua base.<\/p>\n\n\n\n<h2 class=\"wp-block-heading\">Por que o \u00f3dio ainda \u00e9 um sinal de conex\u00e3o?<\/h2>\n\n\n\n<p>Em termos emocionais, o amor e o \u00f3dio s\u00e3o faces da mesma moeda: a <strong>paix\u00e3o<\/strong>. Ambos exigem um gasto consider\u00e1vel de energia ps\u00edquica e aten\u00e7\u00e3o. Quando algu\u00e9m sente raiva ou m\u00e1goa profunda, essa pessoa ainda est\u00e1 &#8220;gastando&#8221; seus recursos internos com o parceiro. Existe um di\u00e1logo, mesmo que hostil, e uma expectativa, ainda que frustrada.<\/p>\n\n\n\n<p>A indiferen\u00e7a, por outro lado, representa o <strong>v\u00e1cuo emocional<\/strong>. \u00c9 o momento em que as a\u00e7\u00f5es do outro deixam de provocar rea\u00e7\u00f5es qu\u00edmicas e comportamentais. Quando a presen\u00e7a ou a aus\u00eancia de algu\u00e9m se torna irrelevante, o &#8220;contrato&#8221; invis\u00edvel que mantinha o casal unido foi rasgado. \u00c9 o deserto onde n\u00e3o cresce nem a flor, nem o espinho.<\/p>\n\n\n\n<figure class=\"wp-block-image size-full\"><img decoding=\"async\" width=\"1280\" height=\"720\" src=\"https:\/\/www.correiobraziliense.com.br\/cbradar\/wp-content\/uploads\/2026\/04\/Gemini_Generated_Image_x0zgwgx0zgwgx0zg-1-1.png\" alt=\"A frase \u201cn\u00e3o \u00e9 \u00f3dio, \u00e9 indiferen\u00e7a\u201d revela que muitos relacionamentos acabam a dois antes mesmo de terminarem por fora, quando o outro deixa de importar emocionalmente\" class=\"wp-image-234318\" srcset=\"https:\/\/www.correiobraziliense.com.br\/cbradar\/wp-content\/uploads\/2026\/04\/Gemini_Generated_Image_x0zgwgx0zgwgx0zg-1-1.png 1280w, https:\/\/www.correiobraziliense.com.br\/cbradar\/wp-content\/uploads\/2026\/04\/Gemini_Generated_Image_x0zgwgx0zgwgx0zg-1-1-300x169.png 300w, https:\/\/www.correiobraziliense.com.br\/cbradar\/wp-content\/uploads\/2026\/04\/Gemini_Generated_Image_x0zgwgx0zgwgx0zg-1-1-768x432.png 768w, https:\/\/www.correiobraziliense.com.br\/cbradar\/wp-content\/uploads\/2026\/04\/Gemini_Generated_Image_x0zgwgx0zgwgx0zg-1-1-750x422.png 750w, https:\/\/www.correiobraziliense.com.br\/cbradar\/wp-content\/uploads\/2026\/04\/Gemini_Generated_Image_x0zgwgx0zgwgx0zg-1-1-1140x641.png 1140w\" sizes=\"(max-width: 1280px) 100vw, 1280px\" \/><figcaption class=\"wp-element-caption\">Quando nada mais afeta, o v\u00ednculo j\u00e1 terminou muito antes do adeus<\/figcaption><\/figure>\n\n\n\n<h2 class=\"wp-block-heading\">O &#8220;Div\u00f3rcio Emocional&#8221; antes do oficial<\/h2>\n\n\n\n<p>Muitas pessoas vivem o que especialistas chamam de div\u00f3rcio emocional anos antes de assinarem qualquer papel. Esse processo \u00e9 marcado por um recolhimento gradual, onde o indiv\u00edduo come\u00e7a a construir uma vida interna e planos futuros que n\u00e3o incluem mais o parceiro.<\/p>\n\n\n\n<blockquote class=\"wp-block-quote is-layout-flow wp-block-quote-is-layout-flow\">\n<p>&#8220;A morte de uma rela\u00e7\u00e3o n\u00e3o \u00e9 o barulho do grito, mas o sil\u00eancio da porta que parou de esperar.&#8221;<\/p>\n<\/blockquote>\n\n\n\n<p>Este estado de <strong>resili\u00eancia silenciosa<\/strong> permite que um dos parceiros sobreviva \u00e0 rotina enquanto processa o luto da rela\u00e7\u00e3o ainda dentro dela. Por isso, quando o t\u00e9rmino externo finalmente ocorre, um dos lados parece &#8220;frio&#8221; ou &#8220;decidido demais&#8221; \u2014 na verdade, ele apenas concluiu um processo que come\u00e7ou muito tempo antes.<\/p>\n\n\n\n<h2 class=\"wp-block-heading\">Sinais de que o engajamento emocional foi substitu\u00eddo pela apatia<\/h2>\n\n\n\n<p>Identificar a transi\u00e7\u00e3o da m\u00e1goa para a indiferen\u00e7a exige uma observa\u00e7\u00e3o honesta do pr\u00f3prio comportamento e das rea\u00e7\u00f5es (ou falta delas) diante do outro. <strong>Analise estes ind\u00edcios de que o v\u00ednculo emocional atingiu o ponto de neutralidade:<\/strong><\/p>\n\n\n\n<ul class=\"wp-block-list\">\n<li><strong>Aus\u00eancia de conflitos:<\/strong> N\u00e3o h\u00e1 mais brigas porque n\u00e3o existe mais o desejo de consertar ou ser compreendido.<\/li>\n\n\n\n<li><strong>Fim da curiosidade:<\/strong> O interesse genu\u00edno pelo dia, pelos pensamentos ou pelo bem-estar do outro desaparece.<\/li>\n\n\n\n<li><strong>Independ\u00eancia afetiva extrema:<\/strong> As decis\u00f5es importantes passam a ser tomadas sem considerar o impacto ou a opini\u00e3o do parceiro.<\/li>\n\n\n\n<li><strong>Al\u00edvio na aus\u00eancia:<\/strong> Sentir-se mais &#8220;em casa&#8221; ou em paz quando o outro n\u00e3o est\u00e1 presente, sem sentir saudade.<\/li>\n\n\n\n<li><strong>Apatia diante de falhas:<\/strong> Erros que antes causariam dor ou discuss\u00f5es agora s\u00e3o recebidos com um &#8220;tanto faz&#8221;.<\/li>\n<\/ul>\n\n\n\n<h2 class=\"wp-block-heading\">O papel da resili\u00eancia e da economia emocional<\/h2>\n\n\n\n<p>Saber a hora de parar de investir em algo que n\u00e3o traz retorno \u00e9 uma forma de <strong>auto-preserva\u00e7\u00e3o<\/strong>. O ser humano possui uma reserva limitada de paci\u00eancia e energia; quando o custo de manter a conex\u00e3o supera o benef\u00edcio da companhia, a mente inicia o processo de desligamento autom\u00e1tico para proteger a sa\u00fade mental.<\/p>\n\n\n\n<p>A ci\u00eancia do comportamento sugere que a indiferen\u00e7a pode ser um mecanismo de defesa contra o estresse cr\u00f4nico. Ao &#8220;desligar&#8221; o interruptor emocional, o indiv\u00edduo cessa o sofrimento, mas tamb\u00e9m encerra a possibilidade de reconcilia\u00e7\u00e3o. \u00c9 um ponto sem retorno que prioriza a estabilidade individual em detrimento da unidade do par.<\/p>\n\n\n\n<figure class=\"wp-block-image size-full\"><img decoding=\"async\" width=\"1280\" height=\"720\" src=\"https:\/\/www.correiobraziliense.com.br\/cbradar\/wp-content\/uploads\/2026\/04\/Gemini_Generated_Image_zhcfnjzhcfnjzhcf-1-1.png\" alt=\"A frase \u201cn\u00e3o \u00e9 \u00f3dio, \u00e9 indiferen\u00e7a\u201d revela que muitos relacionamentos acabam a dois antes mesmo de terminarem por fora, quando o outro deixa de importar emocionalmente\" class=\"wp-image-234319\" srcset=\"https:\/\/www.correiobraziliense.com.br\/cbradar\/wp-content\/uploads\/2026\/04\/Gemini_Generated_Image_zhcfnjzhcfnjzhcf-1-1.png 1280w, https:\/\/www.correiobraziliense.com.br\/cbradar\/wp-content\/uploads\/2026\/04\/Gemini_Generated_Image_zhcfnjzhcfnjzhcf-1-1-300x169.png 300w, https:\/\/www.correiobraziliense.com.br\/cbradar\/wp-content\/uploads\/2026\/04\/Gemini_Generated_Image_zhcfnjzhcfnjzhcf-1-1-768x432.png 768w, https:\/\/www.correiobraziliense.com.br\/cbradar\/wp-content\/uploads\/2026\/04\/Gemini_Generated_Image_zhcfnjzhcfnjzhcf-1-1-750x422.png 750w, https:\/\/www.correiobraziliense.com.br\/cbradar\/wp-content\/uploads\/2026\/04\/Gemini_Generated_Image_zhcfnjzhcfnjzhcf-1-1-1140x641.png 1140w\" sizes=\"(max-width: 1280px) 100vw, 1280px\" \/><figcaption class=\"wp-element-caption\">Quando nada mais afeta, o v\u00ednculo j\u00e1 terminou muito antes do adeus<\/figcaption><\/figure>\n\n\n\n<h2 class=\"wp-block-heading\">A busca por respostas em fontes de refer\u00eancia<\/h2>\n\n\n\n<p>Para compreender a fundo como as rela\u00e7\u00f5es se transformam e como a mente lida com o desapego, \u00e9 essencial consultar an\u00e1lises sobre comportamento humano e din\u00e2mica social. A <strong>American Psychological Association<\/strong> oferece recursos valiosos sobre como o estresse e a comunica\u00e7\u00e3o impactam a longevidade dos v\u00ednculos.<\/p>\n\n\n\n<p>Voc\u00ea pode encontrar estudos detalhados sobre as fases do t\u00e9rmino e a psicologia do desapego no portal da <strong><a target=\"_blank\" rel=\"noreferrer noopener\" href=\"https:\/\/www.apa.org\/topics\/marriage-relationships\">APA sobre relacionamentos<\/a><\/strong>. Entender esses mecanismos ajuda a processar o fim com mais clareza e menos culpa, transformando o &#8220;deixar de importar&#8221; em um passo necess\u00e1rio para um novo come\u00e7o.<\/p>\n\n\n\n<p>Voc\u00ea acredita que a indiferen\u00e7a \u00e9 sempre um processo consciente de prote\u00e7\u00e3o ou pode ser apenas o resultado natural do desgaste do tempo?<\/p>\n","protected":false},"excerpt":{"rendered":"<p>O fim de um relacionamento raramente coincide com o momento da partida f\u00edsica ou do an\u00fancio oficial. Na psicologia das rela\u00e7\u00f5es, a indiferen\u00e7a \u00e9 frequentemente apontada como o est\u00e1gio final do desinvestimento emocional, sendo muito mais definitiva do que o conflito ou a raiva. Enquanto o \u00f3dio ainda reconhece a exist\u00eancia e o impacto do [&hellip;]<\/p>\n","protected":false},"author":21,"featured_media":234321,"comment_status":"open","ping_status":"open","sticky":false,"template":"","format":"standard","meta":{"_yoast_wpseo_focuskw":"Indiferen\u00e7a no fim dos relacionamentos","_yoast_wpseo_title":"","_yoast_wpseo_metadesc":"Quando a indiferen\u00e7a surge, o v\u00ednculo j\u00e1 pode ter acabado por dentro sem aviso. Entenda os sinais silenciosos que indicam esse ponto final.","jnews-multi-image_gallery":[],"jnews_single_post":{"format":"standard"},"jnews_primary_category":[],"jnews_social_meta":[],"jnews_override_counter":[],"footnotes":""},"categories":[112],"tags":[472,14790,5000],"class_list":["post-234317","post","type-post","status-publish","format-standard","has-post-thumbnail","hentry","category-curiosidades","tag-conexao","tag-emocionalmente","tag-relacionamentos"],"yoast_head":"<!-- This site is optimized with the Yoast SEO plugin v24.6 - https:\/\/yoast.com\/wordpress\/plugins\/seo\/ -->\n<title>A frase \u201cn\u00e3o \u00e9 \u00f3dio, \u00e9 indiferen\u00e7a\u201d revela que muitos relacionamentos acabam a dois antes mesmo de terminarem por fora, quando o outro deixa de importar emocionalmente - Correio Braziliense - Radar<\/title>\n<meta name=\"description\" content=\"Quando a indiferen\u00e7a surge, o v\u00ednculo j\u00e1 pode ter acabado por dentro sem aviso. Entenda os sinais silenciosos que indicam esse ponto final.\" \/>\n<meta name=\"robots\" content=\"index, follow, max-snippet:-1, max-image-preview:large, max-video-preview:-1\" \/>\n<link rel=\"canonical\" href=\"https:\/\/www.correiobraziliense.com.br\/cbradar\/a-frase-nao-e-odio-e-indiferenca-revela-que-muitos-relacionamentos-acabam-a-dois-antes-mesmo-de-terminarem-por-fora-quando-o-outro-deixa-de-importar-emocionalmente\/\" \/>\n<meta property=\"og:locale\" content=\"pt_BR\" \/>\n<meta property=\"og:type\" content=\"article\" \/>\n<meta property=\"og:title\" content=\"A frase \u201cn\u00e3o \u00e9 \u00f3dio, \u00e9 indiferen\u00e7a\u201d revela que muitos relacionamentos acabam a dois antes mesmo de terminarem por fora, quando o outro deixa de importar emocionalmente - Correio Braziliense - Radar\" \/>\n<meta property=\"og:description\" content=\"Quando a indiferen\u00e7a surge, o v\u00ednculo j\u00e1 pode ter acabado por dentro sem aviso. Entenda os sinais silenciosos que indicam esse ponto final.\" \/>\n<meta property=\"og:url\" content=\"https:\/\/www.correiobraziliense.com.br\/cbradar\/a-frase-nao-e-odio-e-indiferenca-revela-que-muitos-relacionamentos-acabam-a-dois-antes-mesmo-de-terminarem-por-fora-quando-o-outro-deixa-de-importar-emocionalmente\/\" \/>\n<meta property=\"og:site_name\" content=\"Correio Braziliense - Radar\" \/>\n<meta property=\"article:published_time\" content=\"2026-04-29T22:58:19+00:00\" \/>\n<meta property=\"article:modified_time\" content=\"2026-04-29T22:58:22+00:00\" \/>\n<meta property=\"og:image\" content=\"https:\/\/www.correiobraziliense.com.br\/cbradar\/wp-content\/uploads\/2026\/04\/Gemini_Generated_Image_7aianl7aianl7aia-1-1.png\" \/>\n\t<meta property=\"og:image:width\" content=\"1280\" \/>\n\t<meta property=\"og:image:height\" content=\"720\" \/>\n\t<meta property=\"og:image:type\" content=\"image\/png\" \/>\n<meta name=\"author\" content=\"Patrick Silva\" \/>\n<meta name=\"twitter:card\" content=\"summary_large_image\" \/>\n<meta name=\"twitter:label1\" content=\"Escrito por\" \/>\n\t<meta name=\"twitter:data1\" content=\"Patrick Silva\" \/>\n\t<meta name=\"twitter:label2\" content=\"Est. tempo de leitura\" \/>\n\t<meta name=\"twitter:data2\" content=\"5 minutos\" \/>\n<!-- \/ Yoast SEO plugin. -->","yoast_head_json":{"title":"A frase \u201cn\u00e3o \u00e9 \u00f3dio, \u00e9 indiferen\u00e7a\u201d revela que muitos relacionamentos acabam a dois antes mesmo de terminarem por fora, quando o outro deixa de importar emocionalmente - Correio Braziliense - Radar","description":"Quando a indiferen\u00e7a surge, o v\u00ednculo j\u00e1 pode ter acabado por dentro sem aviso. Entenda os sinais silenciosos que indicam esse ponto final.","robots":{"index":"index","follow":"follow","max-snippet":"max-snippet:-1","max-image-preview":"max-image-preview:large","max-video-preview":"max-video-preview:-1"},"canonical":"https:\/\/www.correiobraziliense.com.br\/cbradar\/a-frase-nao-e-odio-e-indiferenca-revela-que-muitos-relacionamentos-acabam-a-dois-antes-mesmo-de-terminarem-por-fora-quando-o-outro-deixa-de-importar-emocionalmente\/","og_locale":"pt_BR","og_type":"article","og_title":"A frase \u201cn\u00e3o \u00e9 \u00f3dio, \u00e9 indiferen\u00e7a\u201d revela que muitos relacionamentos acabam a dois antes mesmo de terminarem por fora, quando o outro deixa de importar emocionalmente - Correio Braziliense - Radar","og_description":"Quando a indiferen\u00e7a surge, o v\u00ednculo j\u00e1 pode ter acabado por dentro sem aviso. Entenda os sinais silenciosos que indicam esse ponto final.","og_url":"https:\/\/www.correiobraziliense.com.br\/cbradar\/a-frase-nao-e-odio-e-indiferenca-revela-que-muitos-relacionamentos-acabam-a-dois-antes-mesmo-de-terminarem-por-fora-quando-o-outro-deixa-de-importar-emocionalmente\/","og_site_name":"Correio Braziliense - Radar","article_published_time":"2026-04-29T22:58:19+00:00","article_modified_time":"2026-04-29T22:58:22+00:00","og_image":[{"width":1280,"height":720,"url":"https:\/\/www.correiobraziliense.com.br\/cbradar\/wp-content\/uploads\/2026\/04\/Gemini_Generated_Image_7aianl7aianl7aia-1-1.png","type":"image\/png"}],"author":"Patrick Silva","twitter_card":"summary_large_image","twitter_misc":{"Escrito por":"Patrick Silva","Est. tempo de leitura":"5 minutos"},"schema":{"@context":"https:\/\/schema.org","@graph":[{"@type":"WebPage","@id":"https:\/\/www.correiobraziliense.com.br\/cbradar\/a-frase-nao-e-odio-e-indiferenca-revela-que-muitos-relacionamentos-acabam-a-dois-antes-mesmo-de-terminarem-por-fora-quando-o-outro-deixa-de-importar-emocionalmente\/","url":"https:\/\/www.correiobraziliense.com.br\/cbradar\/a-frase-nao-e-odio-e-indiferenca-revela-que-muitos-relacionamentos-acabam-a-dois-antes-mesmo-de-terminarem-por-fora-quando-o-outro-deixa-de-importar-emocionalmente\/","name":"A frase \u201cn\u00e3o \u00e9 \u00f3dio, \u00e9 indiferen\u00e7a\u201d revela que muitos relacionamentos acabam a dois antes mesmo de terminarem por fora, quando o outro deixa de importar emocionalmente - Correio Braziliense - Radar","isPartOf":{"@id":"https:\/\/www.correiobraziliense.com.br\/cbradar\/#website"},"primaryImageOfPage":{"@id":"https:\/\/www.correiobraziliense.com.br\/cbradar\/a-frase-nao-e-odio-e-indiferenca-revela-que-muitos-relacionamentos-acabam-a-dois-antes-mesmo-de-terminarem-por-fora-quando-o-outro-deixa-de-importar-emocionalmente\/#primaryimage"},"image":{"@id":"https:\/\/www.correiobraziliense.com.br\/cbradar\/a-frase-nao-e-odio-e-indiferenca-revela-que-muitos-relacionamentos-acabam-a-dois-antes-mesmo-de-terminarem-por-fora-quando-o-outro-deixa-de-importar-emocionalmente\/#primaryimage"},"thumbnailUrl":"https:\/\/www.correiobraziliense.com.br\/cbradar\/wp-content\/uploads\/2026\/04\/Gemini_Generated_Image_7aianl7aianl7aia-1-1.png","datePublished":"2026-04-29T22:58:19+00:00","dateModified":"2026-04-29T22:58:22+00:00","author":{"@id":"https:\/\/www.correiobraziliense.com.br\/cbradar\/#\/schema\/person\/5440b72be9c7eb74f446c846479dc4da"},"description":"Quando a indiferen\u00e7a surge, o v\u00ednculo j\u00e1 pode ter acabado por dentro sem aviso. Entenda os sinais silenciosos que indicam esse ponto final.","breadcrumb":{"@id":"https:\/\/www.correiobraziliense.com.br\/cbradar\/a-frase-nao-e-odio-e-indiferenca-revela-que-muitos-relacionamentos-acabam-a-dois-antes-mesmo-de-terminarem-por-fora-quando-o-outro-deixa-de-importar-emocionalmente\/#breadcrumb"},"inLanguage":"pt-BR","potentialAction":[{"@type":"ReadAction","target":["https:\/\/www.correiobraziliense.com.br\/cbradar\/a-frase-nao-e-odio-e-indiferenca-revela-que-muitos-relacionamentos-acabam-a-dois-antes-mesmo-de-terminarem-por-fora-quando-o-outro-deixa-de-importar-emocionalmente\/"]}]},{"@type":"ImageObject","inLanguage":"pt-BR","@id":"https:\/\/www.correiobraziliense.com.br\/cbradar\/a-frase-nao-e-odio-e-indiferenca-revela-que-muitos-relacionamentos-acabam-a-dois-antes-mesmo-de-terminarem-por-fora-quando-o-outro-deixa-de-importar-emocionalmente\/#primaryimage","url":"https:\/\/www.correiobraziliense.com.br\/cbradar\/wp-content\/uploads\/2026\/04\/Gemini_Generated_Image_7aianl7aianl7aia-1-1.png","contentUrl":"https:\/\/www.correiobraziliense.com.br\/cbradar\/wp-content\/uploads\/2026\/04\/Gemini_Generated_Image_7aianl7aianl7aia-1-1.png","width":1280,"height":720,"caption":"Quando nada mais afeta, o v\u00ednculo j\u00e1 terminou muito antes do adeus"},{"@type":"BreadcrumbList","@id":"https:\/\/www.correiobraziliense.com.br\/cbradar\/a-frase-nao-e-odio-e-indiferenca-revela-que-muitos-relacionamentos-acabam-a-dois-antes-mesmo-de-terminarem-por-fora-quando-o-outro-deixa-de-importar-emocionalmente\/#breadcrumb","itemListElement":[{"@type":"ListItem","position":1,"name":"In\u00edcio","item":"https:\/\/www.correiobraziliense.com.br\/cbradar\/"},{"@type":"ListItem","position":2,"name":"A frase \u201cn\u00e3o \u00e9 \u00f3dio, \u00e9 indiferen\u00e7a\u201d revela que muitos relacionamentos acabam a dois antes mesmo de terminarem por fora, quando o outro deixa de importar emocionalmente"}]},{"@type":"WebSite","@id":"https:\/\/www.correiobraziliense.com.br\/cbradar\/#website","url":"https:\/\/www.correiobraziliense.com.br\/cbradar\/","name":"Correio Braziliense - Radar","description":"Acompanhe as \u00faltimas not\u00edcias e fique bem informado sobre tudo o que acontece no Brasil e no mundo.","potentialAction":[{"@type":"SearchAction","target":{"@type":"EntryPoint","urlTemplate":"https:\/\/www.correiobraziliense.com.br\/cbradar\/?s={search_term_string}"},"query-input":{"@type":"PropertyValueSpecification","valueRequired":true,"valueName":"search_term_string"}}],"inLanguage":"pt-BR"},{"@type":"Person","@id":"https:\/\/www.correiobraziliense.com.br\/cbradar\/#\/schema\/person\/5440b72be9c7eb74f446c846479dc4da","name":"Patrick Silva","image":{"@type":"ImageObject","inLanguage":"pt-BR","@id":"https:\/\/www.correiobraziliense.com.br\/cbradar\/#\/schema\/person\/image\/","url":"https:\/\/secure.gravatar.com\/avatar\/944109df296fc087785c9715fd5f80b2?s=96&d=mm&r=g","contentUrl":"https:\/\/secure.gravatar.com\/avatar\/944109df296fc087785c9715fd5f80b2?s=96&d=mm&r=g","caption":"Patrick Silva"},"sameAs":["https:\/\/www.correiobraziliense.com.br\/cbradar\/"],"url":"https:\/\/www.correiobraziliense.com.br\/cbradar\/author\/patrick-silva\/"}]}},"_links":{"self":[{"href":"https:\/\/www.correiobraziliense.com.br\/cbradar\/wp-json\/wp\/v2\/posts\/234317","targetHints":{"allow":["GET"]}}],"collection":[{"href":"https:\/\/www.correiobraziliense.com.br\/cbradar\/wp-json\/wp\/v2\/posts"}],"about":[{"href":"https:\/\/www.correiobraziliense.com.br\/cbradar\/wp-json\/wp\/v2\/types\/post"}],"author":[{"embeddable":true,"href":"https:\/\/www.correiobraziliense.com.br\/cbradar\/wp-json\/wp\/v2\/users\/21"}],"replies":[{"embeddable":true,"href":"https:\/\/www.correiobraziliense.com.br\/cbradar\/wp-json\/wp\/v2\/comments?post=234317"}],"version-history":[{"count":1,"href":"https:\/\/www.correiobraziliense.com.br\/cbradar\/wp-json\/wp\/v2\/posts\/234317\/revisions"}],"predecessor-version":[{"id":234320,"href":"https:\/\/www.correiobraziliense.com.br\/cbradar\/wp-json\/wp\/v2\/posts\/234317\/revisions\/234320"}],"wp:featuredmedia":[{"embeddable":true,"href":"https:\/\/www.correiobraziliense.com.br\/cbradar\/wp-json\/wp\/v2\/media\/234321"}],"wp:attachment":[{"href":"https:\/\/www.correiobraziliense.com.br\/cbradar\/wp-json\/wp\/v2\/media?parent=234317"}],"wp:term":[{"taxonomy":"category","embeddable":true,"href":"https:\/\/www.correiobraziliense.com.br\/cbradar\/wp-json\/wp\/v2\/categories?post=234317"},{"taxonomy":"post_tag","embeddable":true,"href":"https:\/\/www.correiobraziliense.com.br\/cbradar\/wp-json\/wp\/v2\/tags?post=234317"}],"curies":[{"name":"wp","href":"https:\/\/api.w.org\/{rel}","templated":true}]}}