{"id":234322,"date":"2026-04-30T11:30:20","date_gmt":"2026-04-30T14:30:20","guid":{"rendered":"https:\/\/www.correiobraziliense.com.br\/cbradar\/?p=234322"},"modified":"2026-04-30T11:30:22","modified_gmt":"2026-04-30T14:30:22","slug":"a-psicologia-sugere-que-parte-da-resiliencia-de-adultos-criados-nos-anos-60-e-70-nao-veio-de-uma-infancia-mais-protegida-mas-de-mais-tempo-sem-supervisao-direta-o-que-forcou-muitas-criancas-a-testar","status":"publish","type":"post","link":"https:\/\/www.correiobraziliense.com.br\/cbradar\/a-psicologia-sugere-que-parte-da-resiliencia-de-adultos-criados-nos-anos-60-e-70-nao-veio-de-uma-infancia-mais-protegida-mas-de-mais-tempo-sem-supervisao-direta-o-que-forcou-muitas-criancas-a-testar\/","title":{"rendered":"A psicologia sugere que parte da resili\u00eancia de adultos criados nos anos 60 e 70 n\u00e3o veio de uma inf\u00e2ncia mais protegida, mas de mais tempo sem supervis\u00e3o direta, o que for\u00e7ou muitas crian\u00e7as a testar limites, negociar conflitos e se virar sozinhas"},"content":{"rendered":"\n<p>A resili\u00eancia desenvolvida por gera\u00e7\u00f5es passadas frequentemente desperta debates profundos entre especialistas em comportamento humano e desenvolvimento infantil. Muitos acreditam que a falta de supervis\u00e3o constante permitiu que os jovens enfrentassem desafios reais sem ajuda imediata. Compreender como essa autonomia moldou personalidades resilientes oferece li\u00e7\u00f5es valiosas para a educa\u00e7\u00e3o e o crescimento pessoal na atualidade.<\/p>\n\n\n\n<h2 class=\"wp-block-heading\">Como a liberdade sem monitoramento eletr\u00f4nico influenciou o desenvolvimento cognitivo?<\/h2>\n\n\n\n<p>Crian\u00e7as que brincavam nas ruas sem a presen\u00e7a constante de adultos eram obrigadas a resolver seus pr\u00f3prios dilemas sociais e f\u00edsicos. Essa exposi\u00e7\u00e3o controlada ao risco permitia que o c\u00e9rebro desenvolvesse habilidades de planejamento e execu\u00e7\u00e3o muito mais cedo que gera\u00e7\u00f5es atuais. A necessidade de criar as pr\u00f3prias regras de conviv\u00eancia estimulava a criatividade e a resolu\u00e7\u00e3o de problemas.<\/p>\n\n\n\n<p>O t\u00e9dio e a aus\u00eancia de entretenimento digital for\u00e7avam os jovens a buscar solu\u00e7\u00f5es criativas para ocupar o tempo livre diariamente. Sem o suporte imediato dos pais para mediar brigas ou frustra\u00e7\u00f5es, o indiv\u00edduo aprendia a negociar e a ceder em prol do grupo. Esse treinamento informal de lideran\u00e7a e comunica\u00e7\u00e3o interpessoal resultava em adultos emocionalmente mais preparados para crises.<\/p>\n\n\n\n<figure class=\"wp-block-image size-full\"><img decoding=\"async\" width=\"1280\" height=\"720\" src=\"https:\/\/www.correiobraziliense.com.br\/cbradar\/wp-content\/uploads\/2026\/04\/Gemini_Generated_Image_qqbqxrqqbqxrqqbq-1-1.png\" alt=\"A psicologia sugere que parte da resili\u00eancia de adultos criados nos anos 60 e 70 n\u00e3o veio de uma inf\u00e2ncia mais protegida, mas de mais tempo sem supervis\u00e3o direta, o que for\u00e7ou muitas crian\u00e7as a testar limites, negociar conflitos e se virar sozinhas\" class=\"wp-image-234703\" srcset=\"https:\/\/www.correiobraziliense.com.br\/cbradar\/wp-content\/uploads\/2026\/04\/Gemini_Generated_Image_qqbqxrqqbqxrqqbq-1-1.png 1280w, https:\/\/www.correiobraziliense.com.br\/cbradar\/wp-content\/uploads\/2026\/04\/Gemini_Generated_Image_qqbqxrqqbqxrqqbq-1-1-300x169.png 300w, https:\/\/www.correiobraziliense.com.br\/cbradar\/wp-content\/uploads\/2026\/04\/Gemini_Generated_Image_qqbqxrqqbqxrqqbq-1-1-768x432.png 768w, https:\/\/www.correiobraziliense.com.br\/cbradar\/wp-content\/uploads\/2026\/04\/Gemini_Generated_Image_qqbqxrqqbqxrqqbq-1-1-750x422.png 750w, https:\/\/www.correiobraziliense.com.br\/cbradar\/wp-content\/uploads\/2026\/04\/Gemini_Generated_Image_qqbqxrqqbqxrqqbq-1-1-1140x641.png 1140w\" sizes=\"(max-width: 1280px) 100vw, 1280px\" \/><figcaption class=\"wp-element-caption\">Inf\u00e2ncias com mais liberdade criaram adultos mais preparados para desafios reais<\/figcaption><\/figure>\n\n\n\n<h2 class=\"wp-block-heading\">De que maneira o contato direto com o fracasso fortalece a mente?<\/h2>\n\n\n\n<p>Cair da bicicleta ou perder um jogo sem a interven\u00e7\u00e3o consoladora de um adulto ensinava a tolerar a frustra\u00e7\u00e3o precocemente. A experi\u00eancia direta com as consequ\u00eancias das pr\u00f3prias escolhas criava uma base s\u00f3lida para a tomada de decis\u00f5es na vida adulta. Essa exposi\u00e7\u00e3o gradual ao desconforto f\u00edsico e emocional \u00e9 o que a psicologia chama de <strong>fortalecimento ps\u00edquico adaptativo<\/strong>.<\/p>\n\n\n\n<p>Aprender a lidar com o n\u00e3o do mundo externo sem o filtro protetor da fam\u00edlia preparava a crian\u00e7a para a realidade. O desenvolvimento da autonomia exigia que o jovem testasse seus limites f\u00edsicos e mentais em ambientes variados e muitas vezes desafiadores. Essa busca incessante por solu\u00e7\u00f5es individuais forjava uma personalidade capaz de enfrentar adversidades com muito mais calma.<\/p>\n\n\n\n<h2 class=\"wp-block-heading\">Quais compet\u00eancias sociais foram forjadas nas brincadeiras de rua do passado?<\/h2>\n\n\n\n<p>A negocia\u00e7\u00e3o de regras em jogos coletivos sem ju\u00edzes adultos presentes era uma aula intensiva de diplomacia e \u00e9tica. As crian\u00e7as precisavam chegar a consensos para que a atividade continuasse, desenvolvendo uma no\u00e7\u00e3o profunda de justi\u00e7a e coopera\u00e7\u00e3o. <\/p>\n\n\n\n<p>Essa din\u00e2mica de grupo espont\u00e2nea ensinava a ler sinais sociais e a adaptar o comportamento de acordo com as circunst\u00e2ncias:<\/p>\n\n\n\n<ul class=\"wp-block-list\">\n<li>Estimular a resolu\u00e7\u00e3o de pequenos conflitos entre pares sem interfer\u00eancia.<\/li>\n\n\n\n<li>Permitir momentos de lazer sem a presen\u00e7a de telas ou adultos.<\/li>\n\n\n\n<li>Encorajar a explora\u00e7\u00e3o segura de novos ambientes f\u00edsicos e sociais.<\/li>\n\n\n\n<li>Validar a import\u00e2ncia do erro como parte do processo de aprendizado.<\/li>\n<\/ul>\n\n\n\n<h2 class=\"wp-block-heading\">Por que a aus\u00eancia de vigil\u00e2ncia constante gerou adultos mais independentes?<\/h2>\n\n\n\n<p>O senso de responsabilidade era despertado cedo quando a crian\u00e7a precisava cuidar de si mesma e dos irm\u00e3os menores. Sem a facilidade da comunica\u00e7\u00e3o instant\u00e2nea via celular, as decis\u00f5es precisavam ser tomadas com os recursos dispon\u00edveis naquele momento. Essa <strong>autossufici\u00eancia gerava uma confian\u00e7a profunda<\/strong> na pr\u00f3pria capacidade de agir corretamente mesmo diante do desconhecido ou da press\u00e3o social.<\/p>\n\n\n\n<p>Adultos que cresceram com essa liberdade costumam apresentar maior facilidade para gerenciar riscos em ambientes corporativos e pessoais complexos. A capacidade de prever consequ\u00eancias sem precisar de valida\u00e7\u00e3o externa constante \u00e9 uma marca registrada dessa forma\u00e7\u00e3o mais aut\u00f4noma e r\u00fastica. A resili\u00eancia, portanto, n\u00e3o \u00e9 um dom nato, mas o resultado de anos de pr\u00e1tica em situa\u00e7\u00f5es reais.<\/p>\n\n\n\n<figure class=\"wp-block-image size-full\"><img decoding=\"async\" width=\"1280\" height=\"720\" src=\"https:\/\/www.correiobraziliense.com.br\/cbradar\/wp-content\/uploads\/2026\/04\/Gemini_Generated_Image_pm8x8vpm8x8vpm8x-1-1.png\" alt=\"A psicologia sugere que parte da resili\u00eancia de adultos criados nos anos 60 e 70 n\u00e3o veio de uma inf\u00e2ncia mais protegida, mas de mais tempo sem supervis\u00e3o direta, o que for\u00e7ou muitas crian\u00e7as a testar limites, negociar conflitos e se virar sozinhas\" class=\"wp-image-234702\" srcset=\"https:\/\/www.correiobraziliense.com.br\/cbradar\/wp-content\/uploads\/2026\/04\/Gemini_Generated_Image_pm8x8vpm8x8vpm8x-1-1.png 1280w, https:\/\/www.correiobraziliense.com.br\/cbradar\/wp-content\/uploads\/2026\/04\/Gemini_Generated_Image_pm8x8vpm8x8vpm8x-1-1-300x169.png 300w, https:\/\/www.correiobraziliense.com.br\/cbradar\/wp-content\/uploads\/2026\/04\/Gemini_Generated_Image_pm8x8vpm8x8vpm8x-1-1-768x432.png 768w, https:\/\/www.correiobraziliense.com.br\/cbradar\/wp-content\/uploads\/2026\/04\/Gemini_Generated_Image_pm8x8vpm8x8vpm8x-1-1-750x422.png 750w, https:\/\/www.correiobraziliense.com.br\/cbradar\/wp-content\/uploads\/2026\/04\/Gemini_Generated_Image_pm8x8vpm8x8vpm8x-1-1-1140x641.png 1140w\" sizes=\"(max-width: 1280px) 100vw, 1280px\" \/><figcaption class=\"wp-element-caption\">Inf\u00e2ncias com mais liberdade criaram adultos mais preparados para desafios reais<\/figcaption><\/figure>\n\n\n\n<h2 class=\"wp-block-heading\">O que os pais modernos podem aprender com as gera\u00e7\u00f5es anteriores?<\/h2>\n\n\n\n<p>Embora a seguran\u00e7a seja uma prioridade \u00f3bvia hoje, o excesso de prote\u00e7\u00e3o pode atrofiar o desenvolvimento da resili\u00eancia infantil necess\u00e1ria. Encontrar um equil\u00edbrio entre o cuidado necess\u00e1rio e a liberdade para experimentar o mundo \u00e9 o grande desafio da parentalidade contempor\u00e2nea. Pequenas doses de independ\u00eancia controlada s\u00e3o as sementes que permitir\u00e3o o crescimento de um adulto seguro e est\u00e1vel.<\/p>\n\n\n\n<p>Segundo a <strong>American Academy of Pediatrics<\/strong>, o brincar livre \u00e9 essencial para a sa\u00fade f\u00edsica e mental. Permitir que filhos enfrentem pequenos desafios sem ajuda imediata promove a neuroplasticidade e o bem-estar em todas as fases da vida. Conhe\u00e7a as diretrizes sobre a <a href=\"https:\/\/publications.aap.org\/pediatrics\/article\/142\/3\/e20182058\/38649\/The-Power-of-Play-A-Pediatric-Role-in-Enhancing?autologincheck=redirected\" target=\"_blank\" rel=\"noreferrer noopener\">import\u00e2ncia do brincar livre<\/a> para o desenvolvimento saud\u00e1vel da crian\u00e7a e adolescente.<\/p>\n","protected":false},"excerpt":{"rendered":"<p>A resili\u00eancia desenvolvida por gera\u00e7\u00f5es passadas frequentemente desperta debates profundos entre especialistas em comportamento humano e desenvolvimento infantil. Muitos acreditam que a falta de supervis\u00e3o constante permitiu que os jovens enfrentassem desafios reais sem ajuda imediata. Compreender como essa autonomia moldou personalidades resilientes oferece li\u00e7\u00f5es valiosas para a educa\u00e7\u00e3o e o crescimento pessoal na atualidade. [&hellip;]<\/p>\n","protected":false},"author":21,"featured_media":234698,"comment_status":"open","ping_status":"open","sticky":false,"template":"","format":"standard","meta":{"_yoast_wpseo_focuskw":"resili\u00eancia infantil sem supervis\u00e3o constante","_yoast_wpseo_title":"","_yoast_wpseo_metadesc":"Crescer sem vigil\u00e2ncia constante moldou adultos resilientes. A autonomia precoce ensinou a lidar com erros e desafios de forma mais madura.","jnews-multi-image_gallery":[],"jnews_single_post":{"format":"standard"},"jnews_primary_category":[],"jnews_social_meta":[],"jnews_override_counter":[],"footnotes":""},"categories":[112],"tags":[6709,4377,404,7670],"class_list":["post-234322","post","type-post","status-publish","format-standard","has-post-thumbnail","hentry","category-curiosidades","tag-conflitos","tag-criancas","tag-psicologia","tag-resiliencia"],"yoast_head":"<!-- This site is optimized with the Yoast SEO plugin v24.6 - https:\/\/yoast.com\/wordpress\/plugins\/seo\/ -->\n<title>A psicologia sugere que parte da resili\u00eancia de adultos criados nos anos 60 e 70 n\u00e3o veio de uma inf\u00e2ncia mais protegida, mas de mais tempo sem supervis\u00e3o direta, o que for\u00e7ou muitas crian\u00e7as a testar limites, negociar conflitos e se virar sozinhas - Correio Braziliense - Radar<\/title>\n<meta name=\"description\" content=\"Crescer sem vigil\u00e2ncia constante moldou adultos resilientes. A autonomia precoce ensinou a lidar com erros e desafios de forma mais madura.\" \/>\n<meta name=\"robots\" content=\"index, follow, max-snippet:-1, max-image-preview:large, max-video-preview:-1\" \/>\n<link rel=\"canonical\" href=\"https:\/\/www.correiobraziliense.com.br\/cbradar\/a-psicologia-sugere-que-parte-da-resiliencia-de-adultos-criados-nos-anos-60-e-70-nao-veio-de-uma-infancia-mais-protegida-mas-de-mais-tempo-sem-supervisao-direta-o-que-forcou-muitas-criancas-a-testar\/\" \/>\n<meta property=\"og:locale\" content=\"pt_BR\" \/>\n<meta property=\"og:type\" content=\"article\" \/>\n<meta property=\"og:title\" content=\"A psicologia sugere que parte da resili\u00eancia de adultos criados nos anos 60 e 70 n\u00e3o veio de uma inf\u00e2ncia mais protegida, mas de mais tempo sem supervis\u00e3o direta, o que for\u00e7ou muitas crian\u00e7as a testar limites, negociar conflitos e se virar sozinhas - Correio Braziliense - Radar\" \/>\n<meta property=\"og:description\" content=\"Crescer sem vigil\u00e2ncia constante moldou adultos resilientes. A autonomia precoce ensinou a lidar com erros e desafios de forma mais madura.\" \/>\n<meta property=\"og:url\" content=\"https:\/\/www.correiobraziliense.com.br\/cbradar\/a-psicologia-sugere-que-parte-da-resiliencia-de-adultos-criados-nos-anos-60-e-70-nao-veio-de-uma-infancia-mais-protegida-mas-de-mais-tempo-sem-supervisao-direta-o-que-forcou-muitas-criancas-a-testar\/\" \/>\n<meta property=\"og:site_name\" content=\"Correio Braziliense - Radar\" \/>\n<meta property=\"article:published_time\" content=\"2026-04-30T14:30:20+00:00\" \/>\n<meta property=\"article:modified_time\" content=\"2026-04-30T14:30:22+00:00\" \/>\n<meta property=\"og:image\" content=\"https:\/\/www.correiobraziliense.com.br\/cbradar\/wp-content\/uploads\/2026\/04\/Gemini_Generated_Image_6won896won896won-1-1.png\" \/>\n\t<meta property=\"og:image:width\" content=\"1280\" \/>\n\t<meta property=\"og:image:height\" content=\"720\" \/>\n\t<meta property=\"og:image:type\" content=\"image\/png\" \/>\n<meta name=\"author\" content=\"Patrick Silva\" \/>\n<meta name=\"twitter:card\" content=\"summary_large_image\" \/>\n<meta name=\"twitter:label1\" content=\"Escrito por\" \/>\n\t<meta name=\"twitter:data1\" content=\"Patrick Silva\" \/>\n\t<meta name=\"twitter:label2\" content=\"Est. tempo de leitura\" \/>\n\t<meta name=\"twitter:data2\" content=\"5 minutos\" \/>\n<!-- \/ Yoast SEO plugin. -->","yoast_head_json":{"title":"A psicologia sugere que parte da resili\u00eancia de adultos criados nos anos 60 e 70 n\u00e3o veio de uma inf\u00e2ncia mais protegida, mas de mais tempo sem supervis\u00e3o direta, o que for\u00e7ou muitas crian\u00e7as a testar limites, negociar conflitos e se virar sozinhas - Correio Braziliense - Radar","description":"Crescer sem vigil\u00e2ncia constante moldou adultos resilientes. A autonomia precoce ensinou a lidar com erros e desafios de forma mais madura.","robots":{"index":"index","follow":"follow","max-snippet":"max-snippet:-1","max-image-preview":"max-image-preview:large","max-video-preview":"max-video-preview:-1"},"canonical":"https:\/\/www.correiobraziliense.com.br\/cbradar\/a-psicologia-sugere-que-parte-da-resiliencia-de-adultos-criados-nos-anos-60-e-70-nao-veio-de-uma-infancia-mais-protegida-mas-de-mais-tempo-sem-supervisao-direta-o-que-forcou-muitas-criancas-a-testar\/","og_locale":"pt_BR","og_type":"article","og_title":"A psicologia sugere que parte da resili\u00eancia de adultos criados nos anos 60 e 70 n\u00e3o veio de uma inf\u00e2ncia mais protegida, mas de mais tempo sem supervis\u00e3o direta, o que for\u00e7ou muitas crian\u00e7as a testar limites, negociar conflitos e se virar sozinhas - Correio Braziliense - Radar","og_description":"Crescer sem vigil\u00e2ncia constante moldou adultos resilientes. A autonomia precoce ensinou a lidar com erros e desafios de forma mais madura.","og_url":"https:\/\/www.correiobraziliense.com.br\/cbradar\/a-psicologia-sugere-que-parte-da-resiliencia-de-adultos-criados-nos-anos-60-e-70-nao-veio-de-uma-infancia-mais-protegida-mas-de-mais-tempo-sem-supervisao-direta-o-que-forcou-muitas-criancas-a-testar\/","og_site_name":"Correio Braziliense - Radar","article_published_time":"2026-04-30T14:30:20+00:00","article_modified_time":"2026-04-30T14:30:22+00:00","og_image":[{"width":1280,"height":720,"url":"https:\/\/www.correiobraziliense.com.br\/cbradar\/wp-content\/uploads\/2026\/04\/Gemini_Generated_Image_6won896won896won-1-1.png","type":"image\/png"}],"author":"Patrick Silva","twitter_card":"summary_large_image","twitter_misc":{"Escrito por":"Patrick Silva","Est. tempo de leitura":"5 minutos"},"schema":{"@context":"https:\/\/schema.org","@graph":[{"@type":"WebPage","@id":"https:\/\/www.correiobraziliense.com.br\/cbradar\/a-psicologia-sugere-que-parte-da-resiliencia-de-adultos-criados-nos-anos-60-e-70-nao-veio-de-uma-infancia-mais-protegida-mas-de-mais-tempo-sem-supervisao-direta-o-que-forcou-muitas-criancas-a-testar\/","url":"https:\/\/www.correiobraziliense.com.br\/cbradar\/a-psicologia-sugere-que-parte-da-resiliencia-de-adultos-criados-nos-anos-60-e-70-nao-veio-de-uma-infancia-mais-protegida-mas-de-mais-tempo-sem-supervisao-direta-o-que-forcou-muitas-criancas-a-testar\/","name":"A psicologia sugere que parte da resili\u00eancia de adultos criados nos anos 60 e 70 n\u00e3o veio de uma inf\u00e2ncia mais protegida, mas de mais tempo sem supervis\u00e3o direta, o que for\u00e7ou muitas crian\u00e7as a testar limites, negociar conflitos e se virar sozinhas - Correio Braziliense - Radar","isPartOf":{"@id":"https:\/\/www.correiobraziliense.com.br\/cbradar\/#website"},"primaryImageOfPage":{"@id":"https:\/\/www.correiobraziliense.com.br\/cbradar\/a-psicologia-sugere-que-parte-da-resiliencia-de-adultos-criados-nos-anos-60-e-70-nao-veio-de-uma-infancia-mais-protegida-mas-de-mais-tempo-sem-supervisao-direta-o-que-forcou-muitas-criancas-a-testar\/#primaryimage"},"image":{"@id":"https:\/\/www.correiobraziliense.com.br\/cbradar\/a-psicologia-sugere-que-parte-da-resiliencia-de-adultos-criados-nos-anos-60-e-70-nao-veio-de-uma-infancia-mais-protegida-mas-de-mais-tempo-sem-supervisao-direta-o-que-forcou-muitas-criancas-a-testar\/#primaryimage"},"thumbnailUrl":"https:\/\/www.correiobraziliense.com.br\/cbradar\/wp-content\/uploads\/2026\/04\/Gemini_Generated_Image_6won896won896won-1-1.png","datePublished":"2026-04-30T14:30:20+00:00","dateModified":"2026-04-30T14:30:22+00:00","author":{"@id":"https:\/\/www.correiobraziliense.com.br\/cbradar\/#\/schema\/person\/5440b72be9c7eb74f446c846479dc4da"},"description":"Crescer sem vigil\u00e2ncia constante moldou adultos resilientes. A autonomia precoce ensinou a lidar com erros e desafios de forma mais madura.","breadcrumb":{"@id":"https:\/\/www.correiobraziliense.com.br\/cbradar\/a-psicologia-sugere-que-parte-da-resiliencia-de-adultos-criados-nos-anos-60-e-70-nao-veio-de-uma-infancia-mais-protegida-mas-de-mais-tempo-sem-supervisao-direta-o-que-forcou-muitas-criancas-a-testar\/#breadcrumb"},"inLanguage":"pt-BR","potentialAction":[{"@type":"ReadAction","target":["https:\/\/www.correiobraziliense.com.br\/cbradar\/a-psicologia-sugere-que-parte-da-resiliencia-de-adultos-criados-nos-anos-60-e-70-nao-veio-de-uma-infancia-mais-protegida-mas-de-mais-tempo-sem-supervisao-direta-o-que-forcou-muitas-criancas-a-testar\/"]}]},{"@type":"ImageObject","inLanguage":"pt-BR","@id":"https:\/\/www.correiobraziliense.com.br\/cbradar\/a-psicologia-sugere-que-parte-da-resiliencia-de-adultos-criados-nos-anos-60-e-70-nao-veio-de-uma-infancia-mais-protegida-mas-de-mais-tempo-sem-supervisao-direta-o-que-forcou-muitas-criancas-a-testar\/#primaryimage","url":"https:\/\/www.correiobraziliense.com.br\/cbradar\/wp-content\/uploads\/2026\/04\/Gemini_Generated_Image_6won896won896won-1-1.png","contentUrl":"https:\/\/www.correiobraziliense.com.br\/cbradar\/wp-content\/uploads\/2026\/04\/Gemini_Generated_Image_6won896won896won-1-1.png","width":1280,"height":720,"caption":"Inf\u00e2ncias com mais liberdade criaram adultos mais preparados para desafios reais"},{"@type":"BreadcrumbList","@id":"https:\/\/www.correiobraziliense.com.br\/cbradar\/a-psicologia-sugere-que-parte-da-resiliencia-de-adultos-criados-nos-anos-60-e-70-nao-veio-de-uma-infancia-mais-protegida-mas-de-mais-tempo-sem-supervisao-direta-o-que-forcou-muitas-criancas-a-testar\/#breadcrumb","itemListElement":[{"@type":"ListItem","position":1,"name":"In\u00edcio","item":"https:\/\/www.correiobraziliense.com.br\/cbradar\/"},{"@type":"ListItem","position":2,"name":"A psicologia sugere que parte da resili\u00eancia de adultos criados nos anos 60 e 70 n\u00e3o veio de uma inf\u00e2ncia mais protegida, mas de mais tempo sem supervis\u00e3o direta, o que for\u00e7ou muitas crian\u00e7as a testar limites, negociar conflitos e se virar sozinhas"}]},{"@type":"WebSite","@id":"https:\/\/www.correiobraziliense.com.br\/cbradar\/#website","url":"https:\/\/www.correiobraziliense.com.br\/cbradar\/","name":"Correio Braziliense - Radar","description":"Acompanhe as \u00faltimas not\u00edcias e fique bem informado sobre tudo o que acontece no Brasil e no mundo.","potentialAction":[{"@type":"SearchAction","target":{"@type":"EntryPoint","urlTemplate":"https:\/\/www.correiobraziliense.com.br\/cbradar\/?s={search_term_string}"},"query-input":{"@type":"PropertyValueSpecification","valueRequired":true,"valueName":"search_term_string"}}],"inLanguage":"pt-BR"},{"@type":"Person","@id":"https:\/\/www.correiobraziliense.com.br\/cbradar\/#\/schema\/person\/5440b72be9c7eb74f446c846479dc4da","name":"Patrick Silva","image":{"@type":"ImageObject","inLanguage":"pt-BR","@id":"https:\/\/www.correiobraziliense.com.br\/cbradar\/#\/schema\/person\/image\/","url":"https:\/\/secure.gravatar.com\/avatar\/944109df296fc087785c9715fd5f80b2?s=96&d=mm&r=g","contentUrl":"https:\/\/secure.gravatar.com\/avatar\/944109df296fc087785c9715fd5f80b2?s=96&d=mm&r=g","caption":"Patrick Silva"},"sameAs":["https:\/\/www.correiobraziliense.com.br\/cbradar\/"],"url":"https:\/\/www.correiobraziliense.com.br\/cbradar\/author\/patrick-silva\/"}]}},"_links":{"self":[{"href":"https:\/\/www.correiobraziliense.com.br\/cbradar\/wp-json\/wp\/v2\/posts\/234322","targetHints":{"allow":["GET"]}}],"collection":[{"href":"https:\/\/www.correiobraziliense.com.br\/cbradar\/wp-json\/wp\/v2\/posts"}],"about":[{"href":"https:\/\/www.correiobraziliense.com.br\/cbradar\/wp-json\/wp\/v2\/types\/post"}],"author":[{"embeddable":true,"href":"https:\/\/www.correiobraziliense.com.br\/cbradar\/wp-json\/wp\/v2\/users\/21"}],"replies":[{"embeddable":true,"href":"https:\/\/www.correiobraziliense.com.br\/cbradar\/wp-json\/wp\/v2\/comments?post=234322"}],"version-history":[{"count":5,"href":"https:\/\/www.correiobraziliense.com.br\/cbradar\/wp-json\/wp\/v2\/posts\/234322\/revisions"}],"predecessor-version":[{"id":234706,"href":"https:\/\/www.correiobraziliense.com.br\/cbradar\/wp-json\/wp\/v2\/posts\/234322\/revisions\/234706"}],"wp:featuredmedia":[{"embeddable":true,"href":"https:\/\/www.correiobraziliense.com.br\/cbradar\/wp-json\/wp\/v2\/media\/234698"}],"wp:attachment":[{"href":"https:\/\/www.correiobraziliense.com.br\/cbradar\/wp-json\/wp\/v2\/media?parent=234322"}],"wp:term":[{"taxonomy":"category","embeddable":true,"href":"https:\/\/www.correiobraziliense.com.br\/cbradar\/wp-json\/wp\/v2\/categories?post=234322"},{"taxonomy":"post_tag","embeddable":true,"href":"https:\/\/www.correiobraziliense.com.br\/cbradar\/wp-json\/wp\/v2\/tags?post=234322"}],"curies":[{"name":"wp","href":"https:\/\/api.w.org\/{rel}","templated":true}]}}