{"id":234325,"date":"2026-04-29T17:15:00","date_gmt":"2026-04-29T20:15:00","guid":{"rendered":"https:\/\/www.correiobraziliense.com.br\/cbradar\/?p=234325"},"modified":"2026-04-29T14:29:24","modified_gmt":"2026-04-29T17:29:24","slug":"enxaqueca-ou-dor-comum-saiba-identificar-antes-que-piore","status":"publish","type":"post","link":"https:\/\/www.correiobraziliense.com.br\/cbradar\/enxaqueca-ou-dor-comum-saiba-identificar-antes-que-piore\/","title":{"rendered":"Enxaqueca ou dor comum? Saiba identificar antes que piore"},"content":{"rendered":"\n<p>No universo da medicina, identificar as diferen\u00e7as entre enxaqueca e dor de cabe\u00e7a tensional \u00e9 essencial para um diagn\u00f3stico preciso e tratamento eficaz. Embora sejam condi\u00e7\u00f5es comuns, apresentam caracter\u00edsticas distintas que influenciam tanto a abordagem terap\u00eautica quanto a vida dos pacientes, j\u00e1 que a enxaqueca costuma ser mais intensa e incapacitante, enquanto a dor tensional tende a ser mais branda e cont\u00ednua.<\/p>\n\n\n\n<h2 class=\"wp-block-heading\">Quais os fatores que ajudam a distinguir enxaqueca de cefaleia tensional?<\/h2>\n\n\n\n<p>Para um diagn\u00f3stico preciso, \u00e9 crucial considerar o hist\u00f3rico cl\u00ednico, o padr\u00e3o da dor e os fatores desencadeantes. Embora dist\u00farbios do sono sejam gatilhos comuns \u00e0s duas condi\u00e7\u00f5es, o impacto funcional costuma ser maior na enxaqueca, com crises intensas que podem durar de 4 a 72 horas.<\/p>\n\n\n\n<p>Sintomas adicionais como tontura, v\u00f4mitos e sensibilidades a luz, sons e cheiros s\u00e3o mais comuns e debilitantes nas enxaquecas. J\u00e1 na cefaleia tensional, as atividades f\u00edsicas geralmente n\u00e3o pioram a dor, que se manifesta como press\u00e3o ou aperto, muitas vezes bilateral e associada \u00e0 tens\u00e3o muscular.<\/p>\n\n\n<div class=\"wp-block-image\">\n<figure class=\"aligncenter size-large\"><img decoding=\"async\" width=\"1024\" height=\"576\" src=\"https:\/\/www.correiobraziliense.com.br\/cbradar\/wp-content\/uploads\/2025\/09\/enxaqueca_1758291245381-1024x576.jpg\" alt=\"\" class=\"wp-image-106185\" srcset=\"https:\/\/www.correiobraziliense.com.br\/cbradar\/wp-content\/uploads\/2025\/09\/enxaqueca_1758291245381-1024x576.jpg 1024w, https:\/\/www.correiobraziliense.com.br\/cbradar\/wp-content\/uploads\/2025\/09\/enxaqueca_1758291245381-300x169.jpg 300w, https:\/\/www.correiobraziliense.com.br\/cbradar\/wp-content\/uploads\/2025\/09\/enxaqueca_1758291245381-768x432.jpg 768w, https:\/\/www.correiobraziliense.com.br\/cbradar\/wp-content\/uploads\/2025\/09\/enxaqueca_1758291245381-750x422.jpg 750w, https:\/\/www.correiobraziliense.com.br\/cbradar\/wp-content\/uploads\/2025\/09\/enxaqueca_1758291245381-1140x641.jpg 1140w, https:\/\/www.correiobraziliense.com.br\/cbradar\/wp-content\/uploads\/2025\/09\/enxaqueca_1758291245381.jpg 1280w\" sizes=\"(max-width: 1024px) 100vw, 1024px\" \/><figcaption class=\"wp-element-caption\">O h\u00e1bito di\u00e1rio que pode reduzir crises de enxaqueca &#8211; Cr\u00e9ditos: depositphotos.com \/ HayDmitriy<\/figcaption><\/figure><\/div>\n\n\n<h2 class=\"wp-block-heading\">Qual a import\u00e2ncia do registro dos sintomas e gatilhos?<\/h2>\n\n\n\n<p>O monitoramento regular das crises \u00e9 uma ferramenta valiosa na avalia\u00e7\u00e3o m\u00e9dica, pois ajuda a identificar padr\u00f5es e poss\u00edveis gatilhos. Registrar a frequ\u00eancia, o local e o tipo de dor, al\u00e9m de fatores associados como estresse, sono e alimenta\u00e7\u00e3o, fornece pistas cr\u00edticas para diferenciar enxaqueca de cefaleia tensional.<\/p>\n\n\n\n<p>Esse registro detalhado \u00e9 especialmente \u00fatil quando a dor n\u00e3o responde ao tratamento habitual, sugerindo a necessidade de reavalia\u00e7\u00e3o do diagn\u00f3stico e ajuste terap\u00eautico. A seguir, alguns pontos importantes que podem ser observados pelo paciente no dia a dia:<\/p>\n\n\n\n<style>\n  .make-wrap{\n    max-width: 760px;\n    margin: 26px auto;\n    padding: 18px;\n    border-radius: 18px;\n    background: linear-gradient(135deg,#fff7fb 0%,#f6f2ff 100%);\n    border: 1px solid #f7d4ea;\n    box-shadow: 0 8px 20px rgba(236,72,153,.12);\n    font-family: system-ui, -apple-system, Segoe UI, Roboto, Helvetica, Arial, sans-serif;\n  }\n\n  .make-title{\n    display:flex; \n    align-items:center; \n    gap:10px;\n    margin:0 0 12px 4px;\n    font-size:1.2rem; \n    font-weight:900; \n    color:#9d174d;\n  }\n\n  .make-table{\n    width:100%;\n    border-collapse:separate;\n    border-spacing:0;\n    overflow:hidden;\n    border-radius:16px;\n    border:1px solid #f7d4ea;\n    background:#fff;\n    font-size:.92rem;\n  }\n\n  .make-table thead th{\n    background:linear-gradient(90deg,#fde7f3 0%,#f8e9ff 100%);\n    padding:12px;\n    color:#7a1e63;\n    font-weight:800;\n    text-align:left;\n    border-bottom:1px solid #f7d4ea;\n  }\n\n  .make-table tbody td{\n    padding:12px;\n    color:#374151;\n    vertical-align:top;\n    border-bottom:1px dashed #f7d4ea;\n  }\n\n  .make-table tbody tr:nth-child(odd){\n    background:#fffaff;\n  }\n\n  .price{\n    display:inline-flex;\n    align-items:center;\n    background:#fff7ed;\n    color:#b45309;\n    padding:6px 10px;\n    border-radius:10px;\n    border:1px solid #fed7aa;\n    font-weight:700;\n    white-space:nowrap;\n  }\n\n  .badge{\n    display:inline-block;\n    background:#fde7f3;\n    color:#c026d3;\n    border:1px solid #fecdd3;\n    padding:4px 10px;\n    border-radius:999px;\n    font-weight:700;\n    font-size:.78rem;\n  }\n\n  @media (max-width:720px){\n    .make-table thead{display:none}\n    .make-table, .make-table tbody, .make-table tr, .make-table td{\n      display:block; \n      width:100%;\n    }\n    .make-table tr{\n      margin-bottom:12px;\n      border:1px solid #f7d4ea;\n      border-radius:14px;\n      overflow:hidden;\n      background:#fff;\n    }\n    .make-table td[data-label]:before{\n      content:attr(data-label);\n      display:block;\n      font-weight:800;\n      color:#7a1e63;\n      margin-bottom:4px;\n    }\n    .make-table tbody td:last-child{border-bottom:none}\n  }\n<\/style>\n\n<div class=\"make-wrap\">\n  <h3 class=\"make-title\">\ud83e\udde0\u2728 Avalia\u00e7\u00e3o dos Sintomas de Dor de Cabe\u00e7a<\/h3>\n\n  <table class=\"make-table\">\n    <thead>\n      <tr>\n        <th>Aspecto<\/th>\n        <th>O que observar<\/th>\n      <\/tr>\n    <\/thead>\n    <tbody>\n      <tr>\n        <td data-label=\"Aspecto\">Local da dor<\/td>\n        <td data-label=\"O que observar\">Identificar se a dor \u00e9 unilateral ou bilateral.<\/td>\n      <\/tr>\n      <tr>\n        <td data-label=\"Aspecto\">Tipo de dor<\/td>\n        <td data-label=\"O que observar\">Verificar se \u00e9 puls\u00e1til, em press\u00e3o ou em aperto.<\/td>\n      <\/tr>\n      <tr>\n        <td data-label=\"Aspecto\">Dura\u00e7\u00e3o das crises<\/td>\n        <td data-label=\"O que observar\">Anotar o tempo e a frequ\u00eancia dos epis\u00f3dios.<\/td>\n      <\/tr>\n      <tr>\n        <td data-label=\"Aspecto\">Sintomas associados<\/td>\n        <td data-label=\"O que observar\">N\u00e1usea, v\u00f4mito ou sensibilidades sensoriais.<\/td>\n      <\/tr>\n    <\/tbody>\n  <\/table>\n\n  <p style=\"margin-top:14px; color:#6b7280; font-size:.9rem;\">\n    \ud83d\udca1 <strong>Dica:<\/strong> Registrar esses detalhes ajuda muito no diagn\u00f3stico correto e no tratamento adequado.\n  <\/p>\n<\/div>\n\n\n\n\n<h2 class=\"wp-block-heading\">Quando \u00e9 necess\u00e1rio buscar avalia\u00e7\u00e3o m\u00e9dica imediata?<\/h2>\n\n\n\n<p>Algumas mudan\u00e7as no padr\u00e3o da dor de cabe\u00e7a exigem aten\u00e7\u00e3o urgente, especialmente quando surgem novos sintomas neurol\u00f3gicos. Dor s\u00fabita e intensa, diferente das crises habituais, ou cefaleia ap\u00f3s trauma craniano podem indicar condi\u00e7\u00f5es secund\u00e1rias mais graves.<\/p>\n\n\n\n<p>Altera\u00e7\u00f5es na fala, na vis\u00e3o, febre acompanhada de rigidez na nuca, fraqueza em um lado do corpo ou confus\u00e3o mental s\u00e3o sinais de alerta. Nessas situa\u00e7\u00f5es, \u00e9 fundamental procurar assist\u00eancia m\u00e9dica sem demora para investiga\u00e7\u00e3o e tratamento <a href=\"https:\/\/www.correiobraziliense.com.br\/cbradar\/a-dor-nas-articulacoes-pode-piorar-com-o-tempo-mas-esses-habitos-ajudam-a-aliviar\/\" target=\"_blank\" rel=\"noreferrer noopener\">apropriado<\/a>.<\/p>\n\n\n\n<style>\n  .make-wrap{\n    max-width: 760px;\n    margin: 26px auto;\n    padding: 18px;\n    border-radius: 18px;\n    background: linear-gradient(135deg,#f0f7ff 0%,#eef2ff 100%);\n    border: 1px solid #c7d2fe;\n    box-shadow: 0 8px 20px rgba(59,130,246,.12);\n    font-family: system-ui, -apple-system, Segoe UI, Roboto, Helvetica, Arial, sans-serif;\n  }\n\n  .make-title{\n    display:flex; \n    align-items:center; \n    gap:10px;\n    margin:0 0 12px 4px;\n    font-size:1.2rem; \n    font-weight:900; \n    color:#1e3a8a;\n  }\n\n  .make-table{\n    width:100%;\n    border-collapse:separate;\n    border-spacing:0;\n    overflow:hidden;\n    border-radius:16px;\n    border:1px solid #c7d2fe;\n    background:#fff;\n    font-size:.92rem;\n  }\n\n  .make-table thead th{\n    background:linear-gradient(90deg,#dbeafe 0%,#e0e7ff 100%);\n    padding:12px;\n    color:#1e40af;\n    font-weight:800;\n    text-align:left;\n    border-bottom:1px solid #c7d2fe;\n  }\n\n  .make-table tbody td{\n    padding:12px;\n    color:#374151;\n    vertical-align:top;\n    border-bottom:1px dashed #c7d2fe;\n  }\n\n  .make-table tbody tr:nth-child(odd){\n    background:#f8fbff;\n  }\n\n  .price{\n    display:inline-flex;\n    align-items:center;\n    background:#eff6ff;\n    color:#1d4ed8;\n    padding:6px 10px;\n    border-radius:10px;\n    border:1px solid #bfdbfe;\n    font-weight:700;\n    white-space:nowrap;\n  }\n\n  .badge{\n    display:inline-block;\n    background:#dbeafe;\n    color:#2563eb;\n    border:1px solid #bfdbfe;\n    padding:4px 10px;\n    border-radius:999px;\n    font-weight:700;\n    font-size:.78rem;\n  }\n\n  @media (max-width:720px){\n    .make-table thead{display:none}\n    .make-table, .make-table tbody, .make-table tr, .make-table td{\n      display:block; \n      width:100%;\n    }\n    .make-table tr{\n      margin-bottom:12px;\n      border:1px solid #c7d2fe;\n      border-radius:14px;\n      overflow:hidden;\n      background:#fff;\n    }\n    .make-table td[data-label]:before{\n      content:attr(data-label);\n      display:block;\n      font-weight:800;\n      color:#1e40af;\n      margin-bottom:4px;\n    }\n    .make-table tbody td:last-child{border-bottom:none}\n  }\n<\/style>\n\n<div class=\"make-wrap\">\n  <h3 class=\"make-title\">\ud83d\udea8\ud83d\udc99 Sinais de Alerta Neurol\u00f3gico<\/h3>\n\n  <table class=\"make-table\">\n    <thead>\n      <tr>\n        <th>Sinal<\/th>\n        <th>Descri\u00e7\u00e3o<\/th>\n      <\/tr>\n    <\/thead>\n    <tbody>\n      <tr>\n        <td data-label=\"Sinal\">Dor s\u00fabita intensa<\/td>\n        <td data-label=\"Descri\u00e7\u00e3o\">In\u00edcio s\u00fabito e muito intenso da dor.<\/td>\n      <\/tr>\n      <tr>\n        <td data-label=\"Sinal\">D\u00e9ficits neurol\u00f3gicos<\/td>\n        <td data-label=\"Descri\u00e7\u00e3o\">Fraqueza em um lado do corpo ou confus\u00e3o mental.<\/td>\n      <\/tr>\n      <tr>\n        <td data-label=\"Sinal\">Sinais infecciosos<\/td>\n        <td data-label=\"Descri\u00e7\u00e3o\">Febre associada \u00e0 rigidez na nuca.<\/td>\n      <\/tr>\n    <\/tbody>\n  <\/table>\n\n  <p style=\"margin-top:14px; color:#6b7280; font-size:.9rem;\">\n    \ud83d\udca1 <strong>Dica:<\/strong> Esses sinais exigem aten\u00e7\u00e3o imediata e avalia\u00e7\u00e3o m\u00e9dica urgente.\n  <\/p>\n<\/div>\n\n\n\n\n<h2 class=\"wp-block-heading\">Como os neurologistas fazem o diagn\u00f3stico dessas condi\u00e7\u00f5es?<\/h2>\n\n\n\n<p>O diagn\u00f3stico de enxaqueca ou cefaleia tensional \u00e9 predominantemente cl\u00ednico, baseado na hist\u00f3ria e nos sintomas relatados pelo paciente. Question\u00e1rios detalhados sobre in\u00edcio, dura\u00e7\u00e3o, caracter\u00edsticas da dor e sintomas associados ajudam a diferenciar os tipos de cefaleia.<\/p>\n\n\n\n<p>Exames de imagem, como tomografia ou resson\u00e2ncia magn\u00e9tica, n\u00e3o confirmam enxaqueca, mas s\u00e3o \u00fateis quando h\u00e1 sinais de alerta que sugerem causas secund\u00e1rias. Compreender as particularidades de cada tipo de dor de cabe\u00e7a facilita o diagn\u00f3stico correto e permite um tratamento mais eficaz, reduzindo o impacto na qualidade de vida.<\/p>\n\n\n<a href=\"https:\/\/www.instagram.com\/dra.annaluisabf\/\" target=\"_blank\" rel=\"noopener\" style=\"text-decoration: none; color: inherit;\">\n    <span style=\"display: inline-block; border: 1px solid #ccc; border-radius: 10px; padding: 15px; max-width: 550px; font-family: sans-serif; box-shadow: 0 2px 5px rgba(0,0,0,0.1); width: 100%;\">\n\n      <!-- T\u00edtulo -->\n      <span style=\"display: block; margin: 0 0 15px 0; font-weight: bold; color: #2c3e50; text-align: center;\">\n        Entre em contato:\n      <\/span>\n\n      <!-- Linha do perfil -->\n      <span style=\"display: flex; align-items: center; gap: 15px;\">\n        <img decoding=\"async\"\n          src=\"https:\/\/www.correiobraziliense.com.br\/cbradar\/wp-content\/uploads\/2025\/08\/dra_anna_luisa.jpeg\"\n          alt=\"Foto da Dra. Anna Lu\u00edsa\"\n          style=\"border-radius: 50%; width: 80px; height: 80px; object-fit: cover;\"\n        \/>\n        <span style=\"display: flex; flex-direction: column;\">\n          <span style=\"font-size: 18px; font-weight: 700; color: #2c3e50;\">Dra. Anna Lu\u00edsa Barbosa Fernandes<\/span>\n          <span style=\"color: #555;\">CRM-GO 33.271<\/span>\n        <\/span>\n      <\/span>\n\n      <!-- Redes -->\n      <span style=\"display: flex; align-items: center; gap: 10px; margin-top: 12px;\">\n        <img decoding=\"async\" src=\"https:\/\/cdn-icons-png.flaticon.com\/24\/1384\/1384063.png\" alt=\"Instagram\" width=\"24\" height=\"24\" \/>\n        <span style=\"text-decoration: underline; color: #2c3e50;\">@dra.annaluisabf<\/span>\n      <\/span>\n\n    <\/span>\n  <\/a>","protected":false},"excerpt":{"rendered":"<p>No universo da medicina, identificar as diferen\u00e7as entre enxaqueca e dor de cabe\u00e7a tensional \u00e9 essencial para um diagn\u00f3stico preciso e tratamento eficaz. Embora sejam condi\u00e7\u00f5es comuns, apresentam caracter\u00edsticas distintas que influenciam tanto a abordagem terap\u00eautica quanto a vida dos pacientes, j\u00e1 que a enxaqueca costuma ser mais intensa e incapacitante, enquanto a dor tensional [&hellip;]<\/p>\n","protected":false},"author":14,"featured_media":40047,"comment_status":"open","ping_status":"open","sticky":false,"template":"","format":"standard","meta":{"_yoast_wpseo_focuskw":"Enxaqueca ou dor comum","_yoast_wpseo_title":"","_yoast_wpseo_metadesc":"Enxaqueca ou dor comum? Veja os sintomas que diferenciam e evite erros no tratamento.","jnews-multi-image_gallery":[],"jnews_single_post":{"format":"standard"},"jnews_primary_category":[],"jnews_social_meta":[],"jnews_override_counter":[],"footnotes":""},"categories":[4404],"tags":[120,247,1318],"class_list":["post-234325","post","type-post","status-publish","format-standard","has-post-thumbnail","hentry","category-saude","tag-bem-estar","tag-qualidade-de-vida","tag-saude-2"],"yoast_head":"<!-- This site is optimized with the Yoast SEO plugin v24.6 - https:\/\/yoast.com\/wordpress\/plugins\/seo\/ -->\n<title>Enxaqueca ou dor comum? Saiba identificar antes que piore - Correio Braziliense - Radar<\/title>\n<meta name=\"description\" content=\"Enxaqueca ou dor comum? Veja os sintomas que diferenciam e evite erros no tratamento.\" \/>\n<meta name=\"robots\" content=\"index, follow, max-snippet:-1, max-image-preview:large, max-video-preview:-1\" \/>\n<link rel=\"canonical\" href=\"https:\/\/www.correiobraziliense.com.br\/cbradar\/enxaqueca-ou-dor-comum-saiba-identificar-antes-que-piore\/\" \/>\n<meta property=\"og:locale\" content=\"pt_BR\" \/>\n<meta property=\"og:type\" content=\"article\" \/>\n<meta property=\"og:title\" content=\"Enxaqueca ou dor comum? Saiba identificar antes que piore - Correio Braziliense - Radar\" \/>\n<meta property=\"og:description\" content=\"Enxaqueca ou dor comum? Veja os sintomas que diferenciam e evite erros no tratamento.\" \/>\n<meta property=\"og:url\" content=\"https:\/\/www.correiobraziliense.com.br\/cbradar\/enxaqueca-ou-dor-comum-saiba-identificar-antes-que-piore\/\" \/>\n<meta property=\"og:site_name\" content=\"Correio Braziliense - Radar\" \/>\n<meta property=\"article:published_time\" content=\"2026-04-29T20:15:00+00:00\" \/>\n<meta property=\"og:image\" content=\"https:\/\/www.correiobraziliense.com.br\/cbradar\/wp-content\/uploads\/2025\/05\/enxaqueca_1747752261622.jpg\" \/>\n\t<meta property=\"og:image:width\" content=\"1280\" \/>\n\t<meta property=\"og:image:height\" content=\"720\" \/>\n\t<meta property=\"og:image:type\" content=\"image\/jpeg\" \/>\n<meta name=\"author\" content=\"guilherme_saude\" \/>\n<meta name=\"twitter:card\" content=\"summary_large_image\" \/>\n<meta name=\"twitter:label1\" content=\"Escrito por\" \/>\n\t<meta name=\"twitter:data1\" content=\"guilherme_saude\" \/>\n\t<meta name=\"twitter:label2\" content=\"Est. tempo de leitura\" \/>\n\t<meta name=\"twitter:data2\" content=\"4 minutos\" \/>\n<!-- \/ Yoast SEO plugin. -->","yoast_head_json":{"title":"Enxaqueca ou dor comum? Saiba identificar antes que piore - Correio Braziliense - Radar","description":"Enxaqueca ou dor comum? Veja os sintomas que diferenciam e evite erros no tratamento.","robots":{"index":"index","follow":"follow","max-snippet":"max-snippet:-1","max-image-preview":"max-image-preview:large","max-video-preview":"max-video-preview:-1"},"canonical":"https:\/\/www.correiobraziliense.com.br\/cbradar\/enxaqueca-ou-dor-comum-saiba-identificar-antes-que-piore\/","og_locale":"pt_BR","og_type":"article","og_title":"Enxaqueca ou dor comum? Saiba identificar antes que piore - Correio Braziliense - Radar","og_description":"Enxaqueca ou dor comum? Veja os sintomas que diferenciam e evite erros no tratamento.","og_url":"https:\/\/www.correiobraziliense.com.br\/cbradar\/enxaqueca-ou-dor-comum-saiba-identificar-antes-que-piore\/","og_site_name":"Correio Braziliense - Radar","article_published_time":"2026-04-29T20:15:00+00:00","og_image":[{"width":1280,"height":720,"url":"https:\/\/www.correiobraziliense.com.br\/cbradar\/wp-content\/uploads\/2025\/05\/enxaqueca_1747752261622.jpg","type":"image\/jpeg"}],"author":"guilherme_saude","twitter_card":"summary_large_image","twitter_misc":{"Escrito por":"guilherme_saude","Est. tempo de leitura":"4 minutos"},"schema":{"@context":"https:\/\/schema.org","@graph":[{"@type":"WebPage","@id":"https:\/\/www.correiobraziliense.com.br\/cbradar\/enxaqueca-ou-dor-comum-saiba-identificar-antes-que-piore\/","url":"https:\/\/www.correiobraziliense.com.br\/cbradar\/enxaqueca-ou-dor-comum-saiba-identificar-antes-que-piore\/","name":"Enxaqueca ou dor comum? Saiba identificar antes que piore - Correio Braziliense - Radar","isPartOf":{"@id":"https:\/\/www.correiobraziliense.com.br\/cbradar\/#website"},"primaryImageOfPage":{"@id":"https:\/\/www.correiobraziliense.com.br\/cbradar\/enxaqueca-ou-dor-comum-saiba-identificar-antes-que-piore\/#primaryimage"},"image":{"@id":"https:\/\/www.correiobraziliense.com.br\/cbradar\/enxaqueca-ou-dor-comum-saiba-identificar-antes-que-piore\/#primaryimage"},"thumbnailUrl":"https:\/\/www.correiobraziliense.com.br\/cbradar\/wp-content\/uploads\/2025\/05\/enxaqueca_1747752261622.jpg","datePublished":"2026-04-29T20:15:00+00:00","author":{"@id":"https:\/\/www.correiobraziliense.com.br\/cbradar\/#\/schema\/person\/5aa4bf3c8fa699c267933611de12978b"},"description":"Enxaqueca ou dor comum? Veja os sintomas que diferenciam e evite erros no tratamento.","breadcrumb":{"@id":"https:\/\/www.correiobraziliense.com.br\/cbradar\/enxaqueca-ou-dor-comum-saiba-identificar-antes-que-piore\/#breadcrumb"},"inLanguage":"pt-BR","potentialAction":[{"@type":"ReadAction","target":["https:\/\/www.correiobraziliense.com.br\/cbradar\/enxaqueca-ou-dor-comum-saiba-identificar-antes-que-piore\/"]}]},{"@type":"ImageObject","inLanguage":"pt-BR","@id":"https:\/\/www.correiobraziliense.com.br\/cbradar\/enxaqueca-ou-dor-comum-saiba-identificar-antes-que-piore\/#primaryimage","url":"https:\/\/www.correiobraziliense.com.br\/cbradar\/wp-content\/uploads\/2025\/05\/enxaqueca_1747752261622.jpg","contentUrl":"https:\/\/www.correiobraziliense.com.br\/cbradar\/wp-content\/uploads\/2025\/05\/enxaqueca_1747752261622.jpg","width":1280,"height":720,"caption":"O que o corpo tenta avisar com dor e n\u00e1usea - Cr\u00e9ditos: depositphotos.com \/ Milkos"},{"@type":"BreadcrumbList","@id":"https:\/\/www.correiobraziliense.com.br\/cbradar\/enxaqueca-ou-dor-comum-saiba-identificar-antes-que-piore\/#breadcrumb","itemListElement":[{"@type":"ListItem","position":1,"name":"In\u00edcio","item":"https:\/\/www.correiobraziliense.com.br\/cbradar\/"},{"@type":"ListItem","position":2,"name":"Enxaqueca ou dor comum? Saiba identificar antes que piore"}]},{"@type":"WebSite","@id":"https:\/\/www.correiobraziliense.com.br\/cbradar\/#website","url":"https:\/\/www.correiobraziliense.com.br\/cbradar\/","name":"Correio Braziliense - Radar","description":"Acompanhe as \u00faltimas not\u00edcias e fique bem informado sobre tudo o que acontece no Brasil e no mundo.","potentialAction":[{"@type":"SearchAction","target":{"@type":"EntryPoint","urlTemplate":"https:\/\/www.correiobraziliense.com.br\/cbradar\/?s={search_term_string}"},"query-input":{"@type":"PropertyValueSpecification","valueRequired":true,"valueName":"search_term_string"}}],"inLanguage":"pt-BR"},{"@type":"Person","@id":"https:\/\/www.correiobraziliense.com.br\/cbradar\/#\/schema\/person\/5aa4bf3c8fa699c267933611de12978b","name":"guilherme_saude","image":{"@type":"ImageObject","inLanguage":"pt-BR","@id":"https:\/\/www.correiobraziliense.com.br\/cbradar\/#\/schema\/person\/image\/","url":"https:\/\/secure.gravatar.com\/avatar\/df9adfb835d344bc0af109d41756253f?s=96&d=mm&r=g","contentUrl":"https:\/\/secure.gravatar.com\/avatar\/df9adfb835d344bc0af109d41756253f?s=96&d=mm&r=g","caption":"guilherme_saude"},"url":"https:\/\/www.correiobraziliense.com.br\/cbradar\/author\/guilherme_saude\/"}]}},"_links":{"self":[{"href":"https:\/\/www.correiobraziliense.com.br\/cbradar\/wp-json\/wp\/v2\/posts\/234325","targetHints":{"allow":["GET"]}}],"collection":[{"href":"https:\/\/www.correiobraziliense.com.br\/cbradar\/wp-json\/wp\/v2\/posts"}],"about":[{"href":"https:\/\/www.correiobraziliense.com.br\/cbradar\/wp-json\/wp\/v2\/types\/post"}],"author":[{"embeddable":true,"href":"https:\/\/www.correiobraziliense.com.br\/cbradar\/wp-json\/wp\/v2\/users\/14"}],"replies":[{"embeddable":true,"href":"https:\/\/www.correiobraziliense.com.br\/cbradar\/wp-json\/wp\/v2\/comments?post=234325"}],"version-history":[{"count":1,"href":"https:\/\/www.correiobraziliense.com.br\/cbradar\/wp-json\/wp\/v2\/posts\/234325\/revisions"}],"predecessor-version":[{"id":234326,"href":"https:\/\/www.correiobraziliense.com.br\/cbradar\/wp-json\/wp\/v2\/posts\/234325\/revisions\/234326"}],"wp:featuredmedia":[{"embeddable":true,"href":"https:\/\/www.correiobraziliense.com.br\/cbradar\/wp-json\/wp\/v2\/media\/40047"}],"wp:attachment":[{"href":"https:\/\/www.correiobraziliense.com.br\/cbradar\/wp-json\/wp\/v2\/media?parent=234325"}],"wp:term":[{"taxonomy":"category","embeddable":true,"href":"https:\/\/www.correiobraziliense.com.br\/cbradar\/wp-json\/wp\/v2\/categories?post=234325"},{"taxonomy":"post_tag","embeddable":true,"href":"https:\/\/www.correiobraziliense.com.br\/cbradar\/wp-json\/wp\/v2\/tags?post=234325"}],"curies":[{"name":"wp","href":"https:\/\/api.w.org\/{rel}","templated":true}]}}