{"id":234328,"date":"2026-04-29T18:25:00","date_gmt":"2026-04-29T21:25:00","guid":{"rendered":"https:\/\/www.correiobraziliense.com.br\/cbradar\/?p=234328"},"modified":"2026-04-29T14:45:31","modified_gmt":"2026-04-29T17:45:31","slug":"o-mineral-mais-ignorado-que-reduz-caibras-acalma-o-corpo-e-melhora-o-sono","status":"publish","type":"post","link":"https:\/\/www.correiobraziliense.com.br\/cbradar\/o-mineral-mais-ignorado-que-reduz-caibras-acalma-o-corpo-e-melhora-o-sono\/","title":{"rendered":"O mineral mais ignorado que reduz c\u00e3ibras, acalma o corpo e melhora o sono"},"content":{"rendered":"\n<p>O magn\u00e9sio \u00e9 um mineral essencial que atua na fun\u00e7\u00e3o muscular, na condu\u00e7\u00e3o dos impulsos nervosos e na qualidade do sono. C\u00e3ibras noturnas, espasmos nas pernas e dificuldade para dormir podem indicar que o corpo n\u00e3o est\u00e1 recebendo magn\u00e9sio suficiente, ou que h\u00e1 outros desequil\u00edbrios de ordem nutricional, metab\u00f3lica ou emocional.<\/p>\n\n\n\n<h2 class=\"wp-block-heading\">Qual \u00e9 o papel essencial do magn\u00e9sio no organismo?<\/h2>\n\n\n\n<p>O magn\u00e9sio participa de centenas de rea\u00e7\u00f5es bioqu\u00edmicas, ajudando a manter o equil\u00edbrio de eletr\u00f3litos e o relaxamento muscular adequado. A car\u00eancia desse mineral pode causar fraqueza, dorm\u00eancia, convuls\u00f5es musculares, c\u00e3ibras e maior sensibilidade ao estresse.<\/p>\n\n\n\n<p>Entre as principais fontes de magn\u00e9sio est\u00e3o sementes, nozes, leguminosas, cereais integrais e vegetais folhosos verde-escuros. Sempre que poss\u00edvel, recomenda-se priorizar o ajuste alimentar antes de considerar suplementos, especialmente em pessoas saud\u00e1veis.<\/p>\n\n\n\n<h2 class=\"wp-block-heading\">O que os estudos revelam sobre magn\u00e9sio, c\u00e3ibras e sono?<\/h2>\n\n\n\n<p>Pesquisas indicam que o magn\u00e9sio pode reduzir c\u00e3ibras noturnas e melhorar a qualidade do sono em alguns grupos, como idosos e pessoas com ins\u00f4nia leve a moderada. No entanto, os resultados variam conforme idade, dose, forma de suplementa\u00e7\u00e3o e condi\u00e7\u00e3o cl\u00ednica avaliada.<\/p>\n\n\n\n<p>Estudo publicado na Nutrition Journal observou diminui\u00e7\u00e3o de c\u00e3ibras noturnas com uso de magn\u00e9sio, enquanto outro, na Journal of Research in Medical Sciences, registrou menor tempo para adormecer e sono mais reparador em idosos. Ainda assim, o acompanhamento profissional \u00e9 importante para avaliar cada caso.<\/p>\n\n\n<div class=\"wp-block-image\">\n<figure class=\"aligncenter size-large\"><img decoding=\"async\" width=\"1024\" height=\"576\" src=\"https:\/\/www.correiobraziliense.com.br\/cbradar\/wp-content\/uploads\/2026\/02\/citrato-de-magnesio_1770933988819-1024x576.jpg\" alt=\"\" class=\"wp-image-192524\" srcset=\"https:\/\/www.correiobraziliense.com.br\/cbradar\/wp-content\/uploads\/2026\/02\/citrato-de-magnesio_1770933988819-1024x576.jpg 1024w, https:\/\/www.correiobraziliense.com.br\/cbradar\/wp-content\/uploads\/2026\/02\/citrato-de-magnesio_1770933988819-300x169.jpg 300w, https:\/\/www.correiobraziliense.com.br\/cbradar\/wp-content\/uploads\/2026\/02\/citrato-de-magnesio_1770933988819-768x432.jpg 768w, https:\/\/www.correiobraziliense.com.br\/cbradar\/wp-content\/uploads\/2026\/02\/citrato-de-magnesio_1770933988819-750x422.jpg 750w, https:\/\/www.correiobraziliense.com.br\/cbradar\/wp-content\/uploads\/2026\/02\/citrato-de-magnesio_1770933988819-1140x641.jpg 1140w, https:\/\/www.correiobraziliense.com.br\/cbradar\/wp-content\/uploads\/2026\/02\/citrato-de-magnesio_1770933988819.jpg 1280w\" sizes=\"(max-width: 1024px) 100vw, 1024px\" \/><figcaption class=\"wp-element-caption\">A forma mais absorv\u00edvel de magn\u00e9sio para ossos fortes e intestino regulado &#8211; Cr\u00e9ditos: depositphotos.com \/ pavlofox<\/figcaption><\/figure><\/div>\n\n\n<h2 class=\"wp-block-heading\">Quais sintomas podem indicar defici\u00eancia de magn\u00e9sio?<\/h2>\n\n\n\n<p>Alguns sinais podem sugerir baixa ingest\u00e3o ou maior perda de magn\u00e9sio, especialmente quando surgem de forma recorrente ou incapacitante. Nesses casos, \u00e9 fundamental observar o contexto geral de <a href=\"https:\/\/www.correiobraziliense.com.br\/cbradar\/a-dor-nas-articulacoes-pode-piorar-com-o-tempo-mas-esses-habitos-ajudam-a-aliviar\/\" target=\"_blank\" rel=\"noreferrer noopener\">sa\u00fade<\/a>, medicamentos em uso e h\u00e1bitos de vida.<\/p>\n\n\n\n<style>\n  .make-wrap{\n    max-width: 760px;\n    margin: 26px auto;\n    padding: 18px;\n    border-radius: 18px;\n    background: linear-gradient(135deg,#f0f7ff 0%,#eef2ff 100%);\n    border: 1px solid #c7d2fe;\n    box-shadow: 0 8px 20px rgba(59,130,246,.12);\n    font-family: system-ui, -apple-system, Segoe UI, Roboto, Helvetica, Arial, sans-serif;\n  }\n\n  .make-title{\n    display:flex; \n    align-items:center; \n    gap:10px;\n    margin:0 0 12px 4px;\n    font-size:1.2rem; \n    font-weight:900; \n    color:#1e3a8a;\n  }\n\n  .make-table{\n    width:100%;\n    border-collapse:separate;\n    border-spacing:0;\n    overflow:hidden;\n    border-radius:16px;\n    border:1px solid #c7d2fe;\n    background:#fff;\n    font-size:.92rem;\n  }\n\n  .make-table thead th{\n    background:linear-gradient(90deg,#dbeafe 0%,#e0e7ff 100%);\n    padding:12px;\n    color:#1e40af;\n    font-weight:800;\n    text-align:left;\n    border-bottom:1px solid #c7d2fe;\n  }\n\n  .make-table tbody td{\n    padding:12px;\n    color:#374151;\n    vertical-align:top;\n    border-bottom:1px dashed #c7d2fe;\n  }\n\n  .make-table tbody tr:nth-child(odd){\n    background:#f8fbff;\n  }\n\n  .price{\n    display:inline-flex;\n    align-items:center;\n    background:#eff6ff;\n    color:#1d4ed8;\n    padding:6px 10px;\n    border-radius:10px;\n    border:1px solid #bfdbfe;\n    font-weight:700;\n    white-space:nowrap;\n  }\n\n  .badge{\n    display:inline-block;\n    background:#dbeafe;\n    color:#2563eb;\n    border:1px solid #bfdbfe;\n    padding:4px 10px;\n    border-radius:999px;\n    font-weight:700;\n    font-size:.78rem;\n  }\n\n  @media (max-width:720px){\n    .make-table thead{display:none}\n    .make-table, .make-table tbody, .make-table tr, .make-table td{\n      display:block; \n      width:100%;\n    }\n    .make-table tr{\n      margin-bottom:12px;\n      border:1px solid #c7d2fe;\n      border-radius:14px;\n      overflow:hidden;\n      background:#fff;\n    }\n    .make-table td[data-label]:before{\n      content:attr(data-label);\n      display:block;\n      font-weight:800;\n      color:#1e40af;\n      margin-bottom:4px;\n    }\n    .make-table tbody td:last-child{border-bottom:none}\n  }\n<\/style>\n\n<div class=\"make-wrap\">\n  <h3 class=\"make-title\">\ud83d\udc99\u26a1 Sinais de Desequil\u00edbrio Muscular e Nervoso<\/h3>\n\n  <table class=\"make-table\">\n    <thead>\n      <tr>\n        <th>Sinal<\/th>\n        <th>Descri\u00e7\u00e3o<\/th>\n      <\/tr>\n    <\/thead>\n    <tbody>\n      <tr>\n        <td data-label=\"Sinal\">Espasmos e c\u00e3ibras<\/td>\n        <td data-label=\"Descri\u00e7\u00e3o\">Espasmos musculares frequentes e c\u00e3ibras recorrentes.<\/td>\n      <\/tr>\n      <tr>\n        <td data-label=\"Sinal\">Altera\u00e7\u00f5es neurossensoriais<\/td>\n        <td data-label=\"Descri\u00e7\u00e3o\">Tremores leves, formigamentos e sensa\u00e7\u00e3o de fraqueza.<\/td>\n      <\/tr>\n      <tr>\n        <td data-label=\"Sinal\">Cansa\u00e7o e sono prejudicado<\/td>\n        <td data-label=\"Descri\u00e7\u00e3o\">Fadiga persistente e piora da qualidade do sono.<\/td>\n      <\/tr>\n      <tr>\n        <td data-label=\"Sinal\">Palpita\u00e7\u00f5es card\u00edacas<\/td>\n        <td data-label=\"Descri\u00e7\u00e3o\">Palpita\u00e7\u00f5es ou sensa\u00e7\u00e3o de batimentos card\u00edacos acelerados.<\/td>\n      <\/tr>\n    <\/tbody>\n  <\/table>\n\n  <p style=\"margin-top:14px; color:#6b7280; font-size:.9rem;\">\n    \ud83d\udca1 <strong>Dica:<\/strong> Esses sinais podem estar ligados a defici\u00eancias nutricionais ou estresse \u2014 vale investigar com um profissional.\n  <\/p>\n<\/div>\n\n\n\n\n<h2 class=\"wp-block-heading\">Quais s\u00e3o os riscos e cuidados ao suplementar magn\u00e9sio?<\/h2>\n\n\n\n<p>A suplementa\u00e7\u00e3o de magn\u00e9sio sem orienta\u00e7\u00e3o pode causar efeitos como diarreia, n\u00e1useas e desconforto abdominal, al\u00e9m de interagir com medicamentos para press\u00e3o, osteoporose ou antibi\u00f3ticos. Pessoas com doen\u00e7a renal precisam de avalia\u00e7\u00e3o rigorosa antes de usar qualquer suplemento.<\/p>\n\n\n\n<p>Medidas como aumentar o consumo de alimentos ricos em magn\u00e9sio, ajustar h\u00e1bitos de sono, controlar o estresse e buscar avalia\u00e7\u00e3o m\u00e9dica s\u00e3o abordagens mais seguras. Este texto \u00e9 informativo e n\u00e3o substitui o acompanhamento de um profissional de sa\u00fade para diagn\u00f3stico e tratamento adequados.<\/p>\n\n\n<a href=\"https:\/\/www.instagram.com\/dra.annaluisabf\/\" target=\"_blank\" rel=\"noopener\" style=\"text-decoration: none; color: inherit;\">\n    <span style=\"display: inline-block; border: 1px solid #ccc; border-radius: 10px; padding: 15px; max-width: 550px; font-family: sans-serif; box-shadow: 0 2px 5px rgba(0,0,0,0.1); width: 100%;\">\n\n      <!-- T\u00edtulo -->\n      <span style=\"display: block; margin: 0 0 15px 0; font-weight: bold; color: #2c3e50; text-align: center;\">\n        Entre em contato:\n      <\/span>\n\n      <!-- Linha do perfil -->\n      <span style=\"display: flex; align-items: center; gap: 15px;\">\n        <img decoding=\"async\"\n          src=\"https:\/\/www.correiobraziliense.com.br\/cbradar\/wp-content\/uploads\/2025\/08\/dra_anna_luisa.jpeg\"\n          alt=\"Foto da Dra. Anna Lu\u00edsa\"\n          style=\"border-radius: 50%; width: 80px; height: 80px; object-fit: cover;\"\n        \/>\n        <span style=\"display: flex; flex-direction: column;\">\n          <span style=\"font-size: 18px; font-weight: 700; color: #2c3e50;\">Dra. Anna Lu\u00edsa Barbosa Fernandes<\/span>\n          <span style=\"color: #555;\">CRM-GO 33.271<\/span>\n        <\/span>\n      <\/span>\n\n      <!-- Redes -->\n      <span style=\"display: flex; align-items: center; gap: 10px; margin-top: 12px;\">\n        <img decoding=\"async\" src=\"https:\/\/cdn-icons-png.flaticon.com\/24\/1384\/1384063.png\" alt=\"Instagram\" width=\"24\" height=\"24\" \/>\n        <span style=\"text-decoration: underline; color: #2c3e50;\">@dra.annaluisabf<\/span>\n      <\/span>\n\n    <\/span>\n  <\/a>","protected":false},"excerpt":{"rendered":"<p>O magn\u00e9sio \u00e9 um mineral essencial que atua na fun\u00e7\u00e3o muscular, na condu\u00e7\u00e3o dos impulsos nervosos e na qualidade do sono. C\u00e3ibras noturnas, espasmos nas pernas e dificuldade para dormir podem indicar que o corpo n\u00e3o est\u00e1 recebendo magn\u00e9sio suficiente, ou que h\u00e1 outros desequil\u00edbrios de ordem nutricional, metab\u00f3lica ou emocional. Qual \u00e9 o papel [&hellip;]<\/p>\n","protected":false},"author":14,"featured_media":126832,"comment_status":"open","ping_status":"open","sticky":false,"template":"","format":"standard","meta":{"_yoast_wpseo_focuskw":"Magn\u00e9sio","_yoast_wpseo_title":"","_yoast_wpseo_metadesc":"Magn\u00e9sio pode estar por tr\u00e1s de c\u00e3ibras e sono ruim descubra sinais que quase ningu\u00e9m percebe","jnews-multi-image_gallery":[],"jnews_single_post":{"format":"standard"},"jnews_primary_category":[],"jnews_social_meta":[],"jnews_override_counter":[],"footnotes":""},"categories":[4404],"tags":[120,247,1318],"class_list":["post-234328","post","type-post","status-publish","format-standard","has-post-thumbnail","hentry","category-saude","tag-bem-estar","tag-qualidade-de-vida","tag-saude-2"],"yoast_head":"<!-- This site is optimized with the Yoast SEO plugin v24.6 - https:\/\/yoast.com\/wordpress\/plugins\/seo\/ -->\n<title>O mineral mais ignorado que reduz c\u00e3ibras, acalma o corpo e melhora o sono - Correio Braziliense - Radar<\/title>\n<meta name=\"description\" content=\"Magn\u00e9sio pode estar por tr\u00e1s de c\u00e3ibras e sono ruim descubra sinais que quase ningu\u00e9m percebe\" \/>\n<meta name=\"robots\" content=\"index, follow, max-snippet:-1, max-image-preview:large, max-video-preview:-1\" \/>\n<link rel=\"canonical\" href=\"https:\/\/www.correiobraziliense.com.br\/cbradar\/o-mineral-mais-ignorado-que-reduz-caibras-acalma-o-corpo-e-melhora-o-sono\/\" \/>\n<meta property=\"og:locale\" content=\"pt_BR\" \/>\n<meta property=\"og:type\" content=\"article\" \/>\n<meta property=\"og:title\" content=\"O mineral mais ignorado que reduz c\u00e3ibras, acalma o corpo e melhora o sono - Correio Braziliense - Radar\" \/>\n<meta property=\"og:description\" content=\"Magn\u00e9sio pode estar por tr\u00e1s de c\u00e3ibras e sono ruim descubra sinais que quase ningu\u00e9m percebe\" \/>\n<meta property=\"og:url\" content=\"https:\/\/www.correiobraziliense.com.br\/cbradar\/o-mineral-mais-ignorado-que-reduz-caibras-acalma-o-corpo-e-melhora-o-sono\/\" \/>\n<meta property=\"og:site_name\" content=\"Correio Braziliense - Radar\" \/>\n<meta property=\"article:published_time\" content=\"2026-04-29T21:25:00+00:00\" \/>\n<meta property=\"og:image\" content=\"https:\/\/www.correiobraziliense.com.br\/cbradar\/wp-content\/uploads\/2025\/10\/Magnesio_1761590787144.jpg\" \/>\n\t<meta property=\"og:image:width\" content=\"1280\" \/>\n\t<meta property=\"og:image:height\" content=\"720\" \/>\n\t<meta property=\"og:image:type\" content=\"image\/jpeg\" \/>\n<meta name=\"author\" content=\"guilherme_saude\" \/>\n<meta name=\"twitter:card\" content=\"summary_large_image\" \/>\n<meta name=\"twitter:label1\" content=\"Escrito por\" \/>\n\t<meta name=\"twitter:data1\" content=\"guilherme_saude\" \/>\n\t<meta name=\"twitter:label2\" content=\"Est. tempo de leitura\" \/>\n\t<meta name=\"twitter:data2\" content=\"4 minutos\" \/>\n<!-- \/ Yoast SEO plugin. -->","yoast_head_json":{"title":"O mineral mais ignorado que reduz c\u00e3ibras, acalma o corpo e melhora o sono - Correio Braziliense - Radar","description":"Magn\u00e9sio pode estar por tr\u00e1s de c\u00e3ibras e sono ruim descubra sinais que quase ningu\u00e9m percebe","robots":{"index":"index","follow":"follow","max-snippet":"max-snippet:-1","max-image-preview":"max-image-preview:large","max-video-preview":"max-video-preview:-1"},"canonical":"https:\/\/www.correiobraziliense.com.br\/cbradar\/o-mineral-mais-ignorado-que-reduz-caibras-acalma-o-corpo-e-melhora-o-sono\/","og_locale":"pt_BR","og_type":"article","og_title":"O mineral mais ignorado que reduz c\u00e3ibras, acalma o corpo e melhora o sono - Correio Braziliense - Radar","og_description":"Magn\u00e9sio pode estar por tr\u00e1s de c\u00e3ibras e sono ruim descubra sinais que quase ningu\u00e9m percebe","og_url":"https:\/\/www.correiobraziliense.com.br\/cbradar\/o-mineral-mais-ignorado-que-reduz-caibras-acalma-o-corpo-e-melhora-o-sono\/","og_site_name":"Correio Braziliense - Radar","article_published_time":"2026-04-29T21:25:00+00:00","og_image":[{"width":1280,"height":720,"url":"https:\/\/www.correiobraziliense.com.br\/cbradar\/wp-content\/uploads\/2025\/10\/Magnesio_1761590787144.jpg","type":"image\/jpeg"}],"author":"guilherme_saude","twitter_card":"summary_large_image","twitter_misc":{"Escrito por":"guilherme_saude","Est. tempo de leitura":"4 minutos"},"schema":{"@context":"https:\/\/schema.org","@graph":[{"@type":"WebPage","@id":"https:\/\/www.correiobraziliense.com.br\/cbradar\/o-mineral-mais-ignorado-que-reduz-caibras-acalma-o-corpo-e-melhora-o-sono\/","url":"https:\/\/www.correiobraziliense.com.br\/cbradar\/o-mineral-mais-ignorado-que-reduz-caibras-acalma-o-corpo-e-melhora-o-sono\/","name":"O mineral mais ignorado que reduz c\u00e3ibras, acalma o corpo e melhora o sono - Correio Braziliense - Radar","isPartOf":{"@id":"https:\/\/www.correiobraziliense.com.br\/cbradar\/#website"},"primaryImageOfPage":{"@id":"https:\/\/www.correiobraziliense.com.br\/cbradar\/o-mineral-mais-ignorado-que-reduz-caibras-acalma-o-corpo-e-melhora-o-sono\/#primaryimage"},"image":{"@id":"https:\/\/www.correiobraziliense.com.br\/cbradar\/o-mineral-mais-ignorado-que-reduz-caibras-acalma-o-corpo-e-melhora-o-sono\/#primaryimage"},"thumbnailUrl":"https:\/\/www.correiobraziliense.com.br\/cbradar\/wp-content\/uploads\/2025\/10\/Magnesio_1761590787144.jpg","datePublished":"2026-04-29T21:25:00+00:00","author":{"@id":"https:\/\/www.correiobraziliense.com.br\/cbradar\/#\/schema\/person\/5aa4bf3c8fa699c267933611de12978b"},"description":"Magn\u00e9sio pode estar por tr\u00e1s de c\u00e3ibras e sono ruim descubra sinais que quase ningu\u00e9m percebe","breadcrumb":{"@id":"https:\/\/www.correiobraziliense.com.br\/cbradar\/o-mineral-mais-ignorado-que-reduz-caibras-acalma-o-corpo-e-melhora-o-sono\/#breadcrumb"},"inLanguage":"pt-BR","potentialAction":[{"@type":"ReadAction","target":["https:\/\/www.correiobraziliense.com.br\/cbradar\/o-mineral-mais-ignorado-que-reduz-caibras-acalma-o-corpo-e-melhora-o-sono\/"]}]},{"@type":"ImageObject","inLanguage":"pt-BR","@id":"https:\/\/www.correiobraziliense.com.br\/cbradar\/o-mineral-mais-ignorado-que-reduz-caibras-acalma-o-corpo-e-melhora-o-sono\/#primaryimage","url":"https:\/\/www.correiobraziliense.com.br\/cbradar\/wp-content\/uploads\/2025\/10\/Magnesio_1761590787144.jpg","contentUrl":"https:\/\/www.correiobraziliense.com.br\/cbradar\/wp-content\/uploads\/2025\/10\/Magnesio_1761590787144.jpg","width":1280,"height":720,"caption":"Magn\u00e9sio: fun\u00e7\u00f5es, fontes e dose di\u00e1ria recomendada - Cr\u00e9ditos: depositphotos.com \/ 123bubu45"},{"@type":"BreadcrumbList","@id":"https:\/\/www.correiobraziliense.com.br\/cbradar\/o-mineral-mais-ignorado-que-reduz-caibras-acalma-o-corpo-e-melhora-o-sono\/#breadcrumb","itemListElement":[{"@type":"ListItem","position":1,"name":"In\u00edcio","item":"https:\/\/www.correiobraziliense.com.br\/cbradar\/"},{"@type":"ListItem","position":2,"name":"O mineral mais ignorado que reduz c\u00e3ibras, acalma o corpo e melhora o sono"}]},{"@type":"WebSite","@id":"https:\/\/www.correiobraziliense.com.br\/cbradar\/#website","url":"https:\/\/www.correiobraziliense.com.br\/cbradar\/","name":"Correio Braziliense - Radar","description":"Acompanhe as \u00faltimas not\u00edcias e fique bem informado sobre tudo o que acontece no Brasil e no mundo.","potentialAction":[{"@type":"SearchAction","target":{"@type":"EntryPoint","urlTemplate":"https:\/\/www.correiobraziliense.com.br\/cbradar\/?s={search_term_string}"},"query-input":{"@type":"PropertyValueSpecification","valueRequired":true,"valueName":"search_term_string"}}],"inLanguage":"pt-BR"},{"@type":"Person","@id":"https:\/\/www.correiobraziliense.com.br\/cbradar\/#\/schema\/person\/5aa4bf3c8fa699c267933611de12978b","name":"guilherme_saude","image":{"@type":"ImageObject","inLanguage":"pt-BR","@id":"https:\/\/www.correiobraziliense.com.br\/cbradar\/#\/schema\/person\/image\/","url":"https:\/\/secure.gravatar.com\/avatar\/df9adfb835d344bc0af109d41756253f?s=96&d=mm&r=g","contentUrl":"https:\/\/secure.gravatar.com\/avatar\/df9adfb835d344bc0af109d41756253f?s=96&d=mm&r=g","caption":"guilherme_saude"},"url":"https:\/\/www.correiobraziliense.com.br\/cbradar\/author\/guilherme_saude\/"}]}},"_links":{"self":[{"href":"https:\/\/www.correiobraziliense.com.br\/cbradar\/wp-json\/wp\/v2\/posts\/234328","targetHints":{"allow":["GET"]}}],"collection":[{"href":"https:\/\/www.correiobraziliense.com.br\/cbradar\/wp-json\/wp\/v2\/posts"}],"about":[{"href":"https:\/\/www.correiobraziliense.com.br\/cbradar\/wp-json\/wp\/v2\/types\/post"}],"author":[{"embeddable":true,"href":"https:\/\/www.correiobraziliense.com.br\/cbradar\/wp-json\/wp\/v2\/users\/14"}],"replies":[{"embeddable":true,"href":"https:\/\/www.correiobraziliense.com.br\/cbradar\/wp-json\/wp\/v2\/comments?post=234328"}],"version-history":[{"count":1,"href":"https:\/\/www.correiobraziliense.com.br\/cbradar\/wp-json\/wp\/v2\/posts\/234328\/revisions"}],"predecessor-version":[{"id":234329,"href":"https:\/\/www.correiobraziliense.com.br\/cbradar\/wp-json\/wp\/v2\/posts\/234328\/revisions\/234329"}],"wp:featuredmedia":[{"embeddable":true,"href":"https:\/\/www.correiobraziliense.com.br\/cbradar\/wp-json\/wp\/v2\/media\/126832"}],"wp:attachment":[{"href":"https:\/\/www.correiobraziliense.com.br\/cbradar\/wp-json\/wp\/v2\/media?parent=234328"}],"wp:term":[{"taxonomy":"category","embeddable":true,"href":"https:\/\/www.correiobraziliense.com.br\/cbradar\/wp-json\/wp\/v2\/categories?post=234328"},{"taxonomy":"post_tag","embeddable":true,"href":"https:\/\/www.correiobraziliense.com.br\/cbradar\/wp-json\/wp\/v2\/tags?post=234328"}],"curies":[{"name":"wp","href":"https:\/\/api.w.org\/{rel}","templated":true}]}}