{"id":234372,"date":"2026-04-30T09:35:00","date_gmt":"2026-04-30T12:35:00","guid":{"rendered":"https:\/\/www.correiobraziliense.com.br\/cbradar\/?p=234372"},"modified":"2026-04-29T16:08:21","modified_gmt":"2026-04-29T19:08:21","slug":"a-planta-pouco-conhecida-que-melhora-o-intestino-e-fortalece-a-imunidade","status":"publish","type":"post","link":"https:\/\/www.correiobraziliense.com.br\/cbradar\/a-planta-pouco-conhecida-que-melhora-o-intestino-e-fortalece-a-imunidade\/","title":{"rendered":"A planta pouco conhecida que melhora o intestino e fortalece a imunidade"},"content":{"rendered":"\n<p>Embora amplamente conhecida e apreciada em Minas Gerais e Goi\u00e1s, a ora-pro-n\u00f3bis \u00e9 uma planta aliment\u00edcia n\u00e3o convencional (Panc), um verdadeiro tesouro nutricional. Cultivada com facilidade e utilizada em diversas prepara\u00e7\u00f5es culin\u00e1rias, essa planta se destaca pela abund\u00e2ncia de fibras, minerais como ferro, c\u00e1lcio e magn\u00e9sio, al\u00e9m de vitaminas A e C, o que favorece uma alimenta\u00e7\u00e3o mais saud\u00e1vel e natural.<\/p>\n\n\n\n<h2 class=\"wp-block-heading\">Quais s\u00e3o os principais benef\u00edcios da ora-pro-n\u00f3bis para a sa\u00fade?<\/h2>\n\n\n\n<p>Um dos benef\u00edcios de maior destaque da ora-pro-n\u00f3bis \u00e9 sua elevada concentra\u00e7\u00e3o de fibras, que contribuem para a sa\u00fade intestinal, promovendo saciedade, controle do apetite e melhor forma\u00e7\u00e3o do bolo fecal. Al\u00e9m disso, a presen\u00e7a de antioxidantes ajuda a proteger as c\u00e9lulas contra o estresse oxidativo, fortalecendo o sistema imunol\u00f3gico e auxiliando na preven\u00e7\u00e3o de doen\u00e7as cr\u00f4nicas.<\/p>\n\n\n\n<p>A planta ainda fornece minerais importantes, como ferro, c\u00e1lcio e magn\u00e9sio, al\u00e9m de vitaminas A e C, que atuam na vis\u00e3o, na sa\u00fade \u00f3ssea e na prote\u00e7\u00e3o do organismo contra infec\u00e7\u00f5es. Embora contenha prote\u00ednas vegetais em quantidade moderada, ela deve ser vista como complemento e n\u00e3o substituta de fontes proteicas mais ricas, como feij\u00e3o, ovos e carnes.<\/p>\n\n\n<div class=\"wp-block-image\">\n<figure class=\"aligncenter size-large\"><img decoding=\"async\" width=\"1024\" height=\"576\" src=\"https:\/\/www.correiobraziliense.com.br\/cbradar\/wp-content\/uploads\/2026\/02\/ora_pro_nobis_1280x720_150kb_v2-1024x576.jpg\" alt=\"\" class=\"wp-image-188249\" srcset=\"https:\/\/www.correiobraziliense.com.br\/cbradar\/wp-content\/uploads\/2026\/02\/ora_pro_nobis_1280x720_150kb_v2-1024x576.jpg 1024w, https:\/\/www.correiobraziliense.com.br\/cbradar\/wp-content\/uploads\/2026\/02\/ora_pro_nobis_1280x720_150kb_v2-300x169.jpg 300w, https:\/\/www.correiobraziliense.com.br\/cbradar\/wp-content\/uploads\/2026\/02\/ora_pro_nobis_1280x720_150kb_v2-768x432.jpg 768w, https:\/\/www.correiobraziliense.com.br\/cbradar\/wp-content\/uploads\/2026\/02\/ora_pro_nobis_1280x720_150kb_v2-750x422.jpg 750w, https:\/\/www.correiobraziliense.com.br\/cbradar\/wp-content\/uploads\/2026\/02\/ora_pro_nobis_1280x720_150kb_v2-1140x641.jpg 1140w, https:\/\/www.correiobraziliense.com.br\/cbradar\/wp-content\/uploads\/2026\/02\/ora_pro_nobis_1280x720_150kb_v2.jpg 1280w\" sizes=\"(max-width: 1024px) 100vw, 1024px\" \/><figcaption class=\"wp-element-caption\">O vegetal esquecido que fortalece a dieta de forma barata<\/figcaption><\/figure><\/div>\n\n\n<h2 class=\"wp-block-heading\">Como aproveitar melhor a ora-pro-n\u00f3bis no dia a dia?<\/h2>\n\n\n\n<p>Para maximizar os benef\u00edcios da ora-pro-n\u00f3bis, \u00e9 fundamental ter alguns cuidados no preparo, principalmente em rela\u00e7\u00e3o ao tempo de cozimento. As folhas concentram boa parte das vitaminas e, por isso, n\u00e3o devem ser submetidas a calor excessivo ou prolongado, sendo prefer\u00edvel utiliz\u00e1-las em refogados r\u00e1pidos ou adicion\u00e1-las apenas ao final do cozimento de pratos.<\/p>\n\n\n\n<p>A versatilidade da planta permite inclu\u00ed-la em diferentes prepara\u00e7\u00f5es, desde receitas simples at\u00e9 pratos mais elaborados, enriquecendo o valor nutricional das refei\u00e7\u00f5es. Entre as formas de uso mais comuns e pr\u00e1ticas, destacam-se:<\/p>\n\n\n\n<style>\n  .make-wrap{\n    max-width: 760px;\n    margin: 26px auto;\n    padding: 18px;\n    border-radius: 18px;\n    background: linear-gradient(135deg,#f0f7ff 0%,#eef2ff 100%);\n    border: 1px solid #c7d2fe;\n    box-shadow: 0 8px 20px rgba(59,130,246,.12);\n    font-family: system-ui, -apple-system, Segoe UI, Roboto, Helvetica, Arial, sans-serif;\n  }\n\n  .make-title{\n    display:flex; \n    align-items:center; \n    gap:10px;\n    margin:0 0 12px 4px;\n    font-size:1.2rem; \n    font-weight:900; \n    color:#1e3a8a;\n  }\n\n  .make-table{\n    width:100%;\n    border-collapse:separate;\n    border-spacing:0;\n    overflow:hidden;\n    border-radius:16px;\n    border:1px solid #c7d2fe;\n    background:#fff;\n    font-size:.92rem;\n  }\n\n  .make-table thead th{\n    background:linear-gradient(90deg,#dbeafe 0%,#e0e7ff 100%);\n    padding:12px;\n    color:#1e40af;\n    font-weight:800;\n    text-align:left;\n    border-bottom:1px solid #c7d2fe;\n  }\n\n  .make-table tbody td{\n    padding:12px;\n    color:#374151;\n    vertical-align:top;\n    border-bottom:1px dashed #c7d2fe;\n  }\n\n  .make-table tbody tr:nth-child(odd){\n    background:#f8fbff;\n  }\n\n  .price{\n    display:inline-flex;\n    align-items:center;\n    background:#eff6ff;\n    color:#1d4ed8;\n    padding:6px 10px;\n    border-radius:10px;\n    border:1px solid #bfdbfe;\n    font-weight:700;\n    white-space:nowrap;\n  }\n\n  .badge{\n    display:inline-block;\n    background:#dbeafe;\n    color:#2563eb;\n    border:1px solid #bfdbfe;\n    padding:4px 10px;\n    border-radius:999px;\n    font-weight:700;\n    font-size:.78rem;\n  }\n\n  @media (max-width:720px){\n    .make-table thead{display:none}\n    .make-table, .make-table tbody, .make-table tr, .make-table td{\n      display:block; \n      width:100%;\n    }\n    .make-table tr{\n      margin-bottom:12px;\n      border:1px solid #c7d2fe;\n      border-radius:14px;\n      overflow:hidden;\n      background:#fff;\n    }\n    .make-table td[data-label]:before{\n      content:attr(data-label);\n      display:block;\n      font-weight:800;\n      color:#1e40af;\n      margin-bottom:4px;\n    }\n    .make-table tbody td:last-child{border-bottom:none}\n  }\n<\/style>\n\n<div class=\"make-wrap\">\n  <h3 class=\"make-title\">\ud83d\udc99\ud83e\udd6c Formas de Uso na Alimenta\u00e7\u00e3o<\/h3>\n\n  <table class=\"make-table\">\n    <thead>\n      <tr>\n        <th>Forma de uso<\/th>\n        <th>Descri\u00e7\u00e3o<\/th>\n      <\/tr>\n    <\/thead>\n    <tbody>\n      <tr>\n        <td data-label=\"Forma de uso\">Refogados r\u00e1pidos<\/td>\n        <td data-label=\"Descri\u00e7\u00e3o\">Combinada com alho, cebola e outros legumes.<\/td>\n      <\/tr>\n      <tr>\n        <td data-label=\"Forma de uso\">Finaliza\u00e7\u00e3o de pratos<\/td>\n        <td data-label=\"Descri\u00e7\u00e3o\">Adi\u00e7\u00e3o ao final do cozimento de sopas, ensopados e molhos.<\/td>\n      <\/tr>\n      <tr>\n        <td data-label=\"Forma de uso\">Bebidas nutritivas<\/td>\n        <td data-label=\"Descri\u00e7\u00e3o\">Uso em sucos verdes e vitaminas, batida com frutas e hortali\u00e7as.<\/td>\n      <\/tr>\n      <tr>\n        <td data-label=\"Forma de uso\">Farinha funcional<\/td>\n        <td data-label=\"Descri\u00e7\u00e3o\">Macerada em forma de farinha para acrescentar a massas, p\u00e3es e bolos.<\/td>\n      <\/tr>\n    <\/tbody>\n  <\/table>\n\n  <p style=\"margin-top:14px; color:#6b7280; font-size:.9rem;\">\n    \ud83d\udca1 <strong>Dica:<\/strong> Variar as formas de preparo ajuda a aproveitar melhor os nutrientes no dia a dia.\n  <\/p>\n<\/div>\n\n\n\n\n<h2 class=\"wp-block-heading\">Por que vale a pena diversificar a dieta com ora-pro-n\u00f3bis?<\/h2>\n\n\n\n<p>Incorporar a ora-pro-n\u00f3bis na dieta \u00e9 uma forma simples de diversificar o card\u00e1pio e reduzir a depend\u00eancia de alimentos ultraprocessados. Com um perfil nutricional interessante, ela contribui para a melhoria da qualidade das refei\u00e7\u00f5es, oferecendo fibras, minerais e vitaminas essenciais para o bom funcionamento do organismo, al\u00e9m de colaborar com a sustentabilidade por ser de f\u00e1cil cultivo.<\/p>\n\n\n\n<p>Ao escolher a natureza como aliada e incluir Pancs como a ora-pro-n\u00f3bis no dia a dia, torna-se poss\u00edvel aumentar a ingest\u00e3o de nutrientes e ampliar o repert\u00f3rio culin\u00e1rio de forma acess\u00edvel e saborosa. Em suma, a ora-pro-n\u00f3bis \u00e9 uma adi\u00e7\u00e3o valiosa ao card\u00e1pio, trazendo n\u00e3o apenas sabor, mas benef\u00edcios amplos \u00e0 <a href=\"https:\/\/www.correiobraziliense.com.br\/cbradar\/a-dor-nas-articulacoes-pode-piorar-com-o-tempo-mas-esses-habitos-ajudam-a-aliviar\/\" target=\"_blank\" rel=\"noreferrer noopener\">sa\u00fade<\/a>, sendo uma escolha estrat\u00e9gica para quem busca uma alimenta\u00e7\u00e3o mais rica, variada e natural.<\/p>\n\n\n<a href=\"https:\/\/www.instagram.com\/dra.annaluisabf\/\" target=\"_blank\" rel=\"noopener\" style=\"text-decoration: none; color: inherit;\">\n    <span style=\"display: inline-block; border: 1px solid #ccc; border-radius: 10px; padding: 15px; max-width: 550px; font-family: sans-serif; box-shadow: 0 2px 5px rgba(0,0,0,0.1); width: 100%;\">\n\n      <!-- T\u00edtulo -->\n      <span style=\"display: block; margin: 0 0 15px 0; font-weight: bold; color: #2c3e50; text-align: center;\">\n        Entre em contato:\n      <\/span>\n\n      <!-- Linha do perfil -->\n      <span style=\"display: flex; align-items: center; gap: 15px;\">\n        <img decoding=\"async\"\n          src=\"https:\/\/www.correiobraziliense.com.br\/cbradar\/wp-content\/uploads\/2025\/08\/dra_anna_luisa.jpeg\"\n          alt=\"Foto da Dra. Anna Lu\u00edsa\"\n          style=\"border-radius: 50%; width: 80px; height: 80px; object-fit: cover;\"\n        \/>\n        <span style=\"display: flex; flex-direction: column;\">\n          <span style=\"font-size: 18px; font-weight: 700; color: #2c3e50;\">Dra. Anna Lu\u00edsa Barbosa Fernandes<\/span>\n          <span style=\"color: #555;\">CRM-GO 33.271<\/span>\n        <\/span>\n      <\/span>\n\n      <!-- Redes -->\n      <span style=\"display: flex; align-items: center; gap: 10px; margin-top: 12px;\">\n        <img decoding=\"async\" src=\"https:\/\/cdn-icons-png.flaticon.com\/24\/1384\/1384063.png\" alt=\"Instagram\" width=\"24\" height=\"24\" \/>\n        <span style=\"text-decoration: underline; color: #2c3e50;\">@dra.annaluisabf<\/span>\n      <\/span>\n\n    <\/span>\n  <\/a>","protected":false},"excerpt":{"rendered":"<p>Embora amplamente conhecida e apreciada em Minas Gerais e Goi\u00e1s, a ora-pro-n\u00f3bis \u00e9 uma planta aliment\u00edcia n\u00e3o convencional (Panc), um verdadeiro tesouro nutricional. Cultivada com facilidade e utilizada em diversas prepara\u00e7\u00f5es culin\u00e1rias, essa planta se destaca pela abund\u00e2ncia de fibras, minerais como ferro, c\u00e1lcio e magn\u00e9sio, al\u00e9m de vitaminas A e C, o que favorece [&hellip;]<\/p>\n","protected":false},"author":14,"featured_media":188248,"comment_status":"open","ping_status":"open","sticky":false,"template":"","format":"standard","meta":{"_yoast_wpseo_focuskw":"Ora-pro-n\u00f3bis","_yoast_wpseo_title":"","_yoast_wpseo_metadesc":"Ora-pro-n\u00f3bis pode melhorar o intestino e fortalecer a imunidade veja como incluir na alimenta\u00e7\u00e3o","jnews-multi-image_gallery":[],"jnews_single_post":{"format":"standard"},"jnews_primary_category":[],"jnews_social_meta":[],"jnews_override_counter":[],"footnotes":""},"categories":[4404],"tags":[120,247,1318],"class_list":["post-234372","post","type-post","status-publish","format-standard","has-post-thumbnail","hentry","category-saude","tag-bem-estar","tag-qualidade-de-vida","tag-saude-2"],"yoast_head":"<!-- This site is optimized with the Yoast SEO plugin v24.6 - https:\/\/yoast.com\/wordpress\/plugins\/seo\/ -->\n<title>A planta pouco conhecida que melhora o intestino e fortalece a imunidade - Correio Braziliense - Radar<\/title>\n<meta name=\"description\" content=\"Ora-pro-n\u00f3bis pode melhorar o intestino e fortalecer a imunidade veja como incluir na alimenta\u00e7\u00e3o\" \/>\n<meta name=\"robots\" content=\"index, follow, max-snippet:-1, max-image-preview:large, max-video-preview:-1\" \/>\n<link rel=\"canonical\" href=\"https:\/\/www.correiobraziliense.com.br\/cbradar\/a-planta-pouco-conhecida-que-melhora-o-intestino-e-fortalece-a-imunidade\/\" \/>\n<meta property=\"og:locale\" content=\"pt_BR\" \/>\n<meta property=\"og:type\" content=\"article\" \/>\n<meta property=\"og:title\" content=\"A planta pouco conhecida que melhora o intestino e fortalece a imunidade - Correio Braziliense - Radar\" \/>\n<meta property=\"og:description\" content=\"Ora-pro-n\u00f3bis pode melhorar o intestino e fortalecer a imunidade veja como incluir na alimenta\u00e7\u00e3o\" \/>\n<meta property=\"og:url\" content=\"https:\/\/www.correiobraziliense.com.br\/cbradar\/a-planta-pouco-conhecida-que-melhora-o-intestino-e-fortalece-a-imunidade\/\" \/>\n<meta property=\"og:site_name\" content=\"Correio Braziliense - Radar\" \/>\n<meta property=\"article:published_time\" content=\"2026-04-30T12:35:00+00:00\" \/>\n<meta property=\"og:image\" content=\"https:\/\/www.correiobraziliense.com.br\/cbradar\/wp-content\/uploads\/2026\/02\/ora_pro_nobis_1280x720_150kb.jpg\" \/>\n\t<meta property=\"og:image:width\" content=\"1280\" \/>\n\t<meta property=\"og:image:height\" content=\"720\" \/>\n\t<meta property=\"og:image:type\" content=\"image\/jpeg\" \/>\n<meta name=\"author\" content=\"guilherme_saude\" \/>\n<meta name=\"twitter:card\" content=\"summary_large_image\" \/>\n<meta name=\"twitter:label1\" content=\"Escrito por\" \/>\n\t<meta name=\"twitter:data1\" content=\"guilherme_saude\" \/>\n\t<meta name=\"twitter:label2\" content=\"Est. tempo de leitura\" \/>\n\t<meta name=\"twitter:data2\" content=\"4 minutos\" \/>\n<!-- \/ Yoast SEO plugin. -->","yoast_head_json":{"title":"A planta pouco conhecida que melhora o intestino e fortalece a imunidade - Correio Braziliense - Radar","description":"Ora-pro-n\u00f3bis pode melhorar o intestino e fortalecer a imunidade veja como incluir na alimenta\u00e7\u00e3o","robots":{"index":"index","follow":"follow","max-snippet":"max-snippet:-1","max-image-preview":"max-image-preview:large","max-video-preview":"max-video-preview:-1"},"canonical":"https:\/\/www.correiobraziliense.com.br\/cbradar\/a-planta-pouco-conhecida-que-melhora-o-intestino-e-fortalece-a-imunidade\/","og_locale":"pt_BR","og_type":"article","og_title":"A planta pouco conhecida que melhora o intestino e fortalece a imunidade - Correio Braziliense - Radar","og_description":"Ora-pro-n\u00f3bis pode melhorar o intestino e fortalecer a imunidade veja como incluir na alimenta\u00e7\u00e3o","og_url":"https:\/\/www.correiobraziliense.com.br\/cbradar\/a-planta-pouco-conhecida-que-melhora-o-intestino-e-fortalece-a-imunidade\/","og_site_name":"Correio Braziliense - Radar","article_published_time":"2026-04-30T12:35:00+00:00","og_image":[{"width":1280,"height":720,"url":"https:\/\/www.correiobraziliense.com.br\/cbradar\/wp-content\/uploads\/2026\/02\/ora_pro_nobis_1280x720_150kb.jpg","type":"image\/jpeg"}],"author":"guilherme_saude","twitter_card":"summary_large_image","twitter_misc":{"Escrito por":"guilherme_saude","Est. tempo de leitura":"4 minutos"},"schema":{"@context":"https:\/\/schema.org","@graph":[{"@type":"WebPage","@id":"https:\/\/www.correiobraziliense.com.br\/cbradar\/a-planta-pouco-conhecida-que-melhora-o-intestino-e-fortalece-a-imunidade\/","url":"https:\/\/www.correiobraziliense.com.br\/cbradar\/a-planta-pouco-conhecida-que-melhora-o-intestino-e-fortalece-a-imunidade\/","name":"A planta pouco conhecida que melhora o intestino e fortalece a imunidade - Correio Braziliense - Radar","isPartOf":{"@id":"https:\/\/www.correiobraziliense.com.br\/cbradar\/#website"},"primaryImageOfPage":{"@id":"https:\/\/www.correiobraziliense.com.br\/cbradar\/a-planta-pouco-conhecida-que-melhora-o-intestino-e-fortalece-a-imunidade\/#primaryimage"},"image":{"@id":"https:\/\/www.correiobraziliense.com.br\/cbradar\/a-planta-pouco-conhecida-que-melhora-o-intestino-e-fortalece-a-imunidade\/#primaryimage"},"thumbnailUrl":"https:\/\/www.correiobraziliense.com.br\/cbradar\/wp-content\/uploads\/2026\/02\/ora_pro_nobis_1280x720_150kb.jpg","datePublished":"2026-04-30T12:35:00+00:00","author":{"@id":"https:\/\/www.correiobraziliense.com.br\/cbradar\/#\/schema\/person\/5aa4bf3c8fa699c267933611de12978b"},"description":"Ora-pro-n\u00f3bis pode melhorar o intestino e fortalecer a imunidade veja como incluir na alimenta\u00e7\u00e3o","breadcrumb":{"@id":"https:\/\/www.correiobraziliense.com.br\/cbradar\/a-planta-pouco-conhecida-que-melhora-o-intestino-e-fortalece-a-imunidade\/#breadcrumb"},"inLanguage":"pt-BR","potentialAction":[{"@type":"ReadAction","target":["https:\/\/www.correiobraziliense.com.br\/cbradar\/a-planta-pouco-conhecida-que-melhora-o-intestino-e-fortalece-a-imunidade\/"]}]},{"@type":"ImageObject","inLanguage":"pt-BR","@id":"https:\/\/www.correiobraziliense.com.br\/cbradar\/a-planta-pouco-conhecida-que-melhora-o-intestino-e-fortalece-a-imunidade\/#primaryimage","url":"https:\/\/www.correiobraziliense.com.br\/cbradar\/wp-content\/uploads\/2026\/02\/ora_pro_nobis_1280x720_150kb.jpg","contentUrl":"https:\/\/www.correiobraziliense.com.br\/cbradar\/wp-content\/uploads\/2026\/02\/ora_pro_nobis_1280x720_150kb.jpg","width":1280,"height":720,"caption":"A planta ignorada no quintal que rivaliza com a carne"},{"@type":"BreadcrumbList","@id":"https:\/\/www.correiobraziliense.com.br\/cbradar\/a-planta-pouco-conhecida-que-melhora-o-intestino-e-fortalece-a-imunidade\/#breadcrumb","itemListElement":[{"@type":"ListItem","position":1,"name":"In\u00edcio","item":"https:\/\/www.correiobraziliense.com.br\/cbradar\/"},{"@type":"ListItem","position":2,"name":"A planta pouco conhecida que melhora o intestino e fortalece a imunidade"}]},{"@type":"WebSite","@id":"https:\/\/www.correiobraziliense.com.br\/cbradar\/#website","url":"https:\/\/www.correiobraziliense.com.br\/cbradar\/","name":"Correio Braziliense - Radar","description":"Acompanhe as \u00faltimas not\u00edcias e fique bem informado sobre tudo o que acontece no Brasil e no mundo.","potentialAction":[{"@type":"SearchAction","target":{"@type":"EntryPoint","urlTemplate":"https:\/\/www.correiobraziliense.com.br\/cbradar\/?s={search_term_string}"},"query-input":{"@type":"PropertyValueSpecification","valueRequired":true,"valueName":"search_term_string"}}],"inLanguage":"pt-BR"},{"@type":"Person","@id":"https:\/\/www.correiobraziliense.com.br\/cbradar\/#\/schema\/person\/5aa4bf3c8fa699c267933611de12978b","name":"guilherme_saude","image":{"@type":"ImageObject","inLanguage":"pt-BR","@id":"https:\/\/www.correiobraziliense.com.br\/cbradar\/#\/schema\/person\/image\/","url":"https:\/\/secure.gravatar.com\/avatar\/df9adfb835d344bc0af109d41756253f?s=96&d=mm&r=g","contentUrl":"https:\/\/secure.gravatar.com\/avatar\/df9adfb835d344bc0af109d41756253f?s=96&d=mm&r=g","caption":"guilherme_saude"},"url":"https:\/\/www.correiobraziliense.com.br\/cbradar\/author\/guilherme_saude\/"}]}},"_links":{"self":[{"href":"https:\/\/www.correiobraziliense.com.br\/cbradar\/wp-json\/wp\/v2\/posts\/234372","targetHints":{"allow":["GET"]}}],"collection":[{"href":"https:\/\/www.correiobraziliense.com.br\/cbradar\/wp-json\/wp\/v2\/posts"}],"about":[{"href":"https:\/\/www.correiobraziliense.com.br\/cbradar\/wp-json\/wp\/v2\/types\/post"}],"author":[{"embeddable":true,"href":"https:\/\/www.correiobraziliense.com.br\/cbradar\/wp-json\/wp\/v2\/users\/14"}],"replies":[{"embeddable":true,"href":"https:\/\/www.correiobraziliense.com.br\/cbradar\/wp-json\/wp\/v2\/comments?post=234372"}],"version-history":[{"count":1,"href":"https:\/\/www.correiobraziliense.com.br\/cbradar\/wp-json\/wp\/v2\/posts\/234372\/revisions"}],"predecessor-version":[{"id":234373,"href":"https:\/\/www.correiobraziliense.com.br\/cbradar\/wp-json\/wp\/v2\/posts\/234372\/revisions\/234373"}],"wp:featuredmedia":[{"embeddable":true,"href":"https:\/\/www.correiobraziliense.com.br\/cbradar\/wp-json\/wp\/v2\/media\/188248"}],"wp:attachment":[{"href":"https:\/\/www.correiobraziliense.com.br\/cbradar\/wp-json\/wp\/v2\/media?parent=234372"}],"wp:term":[{"taxonomy":"category","embeddable":true,"href":"https:\/\/www.correiobraziliense.com.br\/cbradar\/wp-json\/wp\/v2\/categories?post=234372"},{"taxonomy":"post_tag","embeddable":true,"href":"https:\/\/www.correiobraziliense.com.br\/cbradar\/wp-json\/wp\/v2\/tags?post=234372"}],"curies":[{"name":"wp","href":"https:\/\/api.w.org\/{rel}","templated":true}]}}