{"id":234378,"date":"2026-04-30T13:15:00","date_gmt":"2026-04-30T16:15:00","guid":{"rendered":"https:\/\/www.correiobraziliense.com.br\/cbradar\/?p=234378"},"modified":"2026-04-29T16:17:27","modified_gmt":"2026-04-29T19:17:27","slug":"cientistas-descobrem-algo-no-olfato-que-pode-mudar-tudo-o-que-sabemos","status":"publish","type":"post","link":"https:\/\/www.correiobraziliense.com.br\/cbradar\/cientistas-descobrem-algo-no-olfato-que-pode-mudar-tudo-o-que-sabemos\/","title":{"rendered":"Cientistas descobrem algo no olfato que pode mudar tudo o que sabemos"},"content":{"rendered":"\n<p>H\u00e1 muito tempo considerado um dos sentidos mais enigm\u00e1ticos, o olfato tem despertado o interesse dos cientistas devido \u00e0 sua complexa organiza\u00e7\u00e3o. Pesquisas recentes em modelos animais, especialmente camundongos, mostram que a disposi\u00e7\u00e3o dos receptores olfativos segue uma l\u00f3gica anat\u00f4mica precisa, o que pode transformar nossa compreens\u00e3o de como odores s\u00e3o detectados e interpretados pelo c\u00e9rebro.<\/p>\n\n\n\n<h2 class=\"wp-block-heading\">Como \u00e9 Organizada a Estrutura dos Receptores Olfativos?<\/h2>\n\n\n\n<p>Os neur\u00f4nios sensoriais olfativos, cada um contendo um tipo espec\u00edfico de receptor, s\u00e3o a chave para a percep\u00e7\u00e3o dos cheiros. Em camundongos, identificou-se a presen\u00e7a de mais de mil tipos diferentes desses receptores, o que torna o sistema olfativo extremamente diverso e sens\u00edvel a varia\u00e7\u00f5es qu\u00edmicas.<\/p>\n\n\n\n<p>Por meio de t\u00e9cnicas de vanguarda, como o sequenciamento de c\u00e9lula \u00fanica e mapeamentos tridimensionais, pesquisadores mostraram que esses receptores est\u00e3o organizados em faixas na cavidade nasal. Essa distribui\u00e7\u00e3o ordenada desafia a vis\u00e3o anterior de aleatoriedade e sugere uma l\u00f3gica funcional na estrutura do sistema olfativo.<\/p>\n\n\n\n<h2 class=\"wp-block-heading\">Como se Estabelece a Conex\u00e3o Entre Nariz e C\u00e9rebro?<\/h2>\n\n\n\n<p>A pesquisa tamb\u00e9m destacou como essa organiza\u00e7\u00e3o olfativa se relaciona com o processamento cerebral dos odores. Neur\u00f4nios que compartilham o mesmo tipo de receptor encaminham informa\u00e7\u00f5es diretamente para \u00e1reas espec\u00edficas no bulbo olfat\u00f3rio, formando circuitos bem definidos de entrada sensorial.<\/p>\n\n\n\n<p>Para facilitar o entendimento dessa integra\u00e7\u00e3o entre periferia e sistema nervoso central, alguns pontos se destacam:<\/p>\n\n\n\n<style>\n  .make-wrap{\n    max-width: 760px;\n    margin: 26px auto;\n    padding: 18px;\n    border-radius: 18px;\n    background: linear-gradient(135deg,#f0f7ff 0%,#eef2ff 100%);\n    border: 1px solid #c7d2fe;\n    box-shadow: 0 8px 20px rgba(59,130,246,.12);\n    font-family: system-ui, -apple-system, Segoe UI, Roboto, Helvetica, Arial, sans-serif;\n  }\n\n  .make-title{\n    display:flex; \n    align-items:center; \n    gap:10px;\n    margin:0 0 12px 4px;\n    font-size:1.2rem; \n    font-weight:900; \n    color:#1e3a8a;\n  }\n\n  .make-table{\n    width:100%;\n    border-collapse:separate;\n    border-spacing:0;\n    overflow:hidden;\n    border-radius:16px;\n    border:1px solid #c7d2fe;\n    background:#fff;\n    font-size:.92rem;\n  }\n\n  .make-table thead th{\n    background:linear-gradient(90deg,#dbeafe 0%,#e0e7ff 100%);\n    padding:12px;\n    color:#1e40af;\n    font-weight:800;\n    text-align:left;\n    border-bottom:1px solid #c7d2fe;\n  }\n\n  .make-table tbody td{\n    padding:12px;\n    color:#374151;\n    vertical-align:top;\n    border-bottom:1px dashed #c7d2fe;\n  }\n\n  .make-table tbody tr:nth-child(odd){\n    background:#f8fbff;\n  }\n\n  .price{\n    display:inline-flex;\n    align-items:center;\n    background:#eff6ff;\n    color:#1d4ed8;\n    padding:6px 10px;\n    border-radius:10px;\n    border:1px solid #bfdbfe;\n    font-weight:700;\n    white-space:nowrap;\n  }\n\n  .badge{\n    display:inline-block;\n    background:#dbeafe;\n    color:#2563eb;\n    border:1px solid #bfdbfe;\n    padding:4px 10px;\n    border-radius:999px;\n    font-weight:700;\n    font-size:.78rem;\n  }\n\n  @media (max-width:720px){\n    .make-table thead{display:none}\n    .make-table, .make-table tbody, .make-table tr, .make-table td{\n      display:block; \n      width:100%;\n    }\n    .make-table tr{\n      margin-bottom:12px;\n      border:1px solid #c7d2fe;\n      border-radius:14px;\n      overflow:hidden;\n      background:#fff;\n    }\n    .make-table td[data-label]:before{\n      content:attr(data-label);\n      display:block;\n      font-weight:800;\n      color:#1e40af;\n      margin-bottom:4px;\n    }\n    .make-table tbody td:last-child{border-bottom:none}\n  }\n<\/style>\n\n<div class=\"make-wrap\">\n  <h3 class=\"make-title\">\ud83d\udc99\ud83e\udde0 Organiza\u00e7\u00e3o do Sistema Olfativo<\/h3>\n\n  <table class=\"make-table\">\n    <thead>\n      <tr>\n        <th>Aspecto<\/th>\n        <th>Descri\u00e7\u00e3o<\/th>\n      <\/tr>\n    <\/thead>\n    <tbody>\n      <tr>\n        <td data-label=\"Aspecto\">Converg\u00eancia neural<\/td>\n        <td data-label=\"Descri\u00e7\u00e3o\">Cada tipo de receptor olfativo converge para glom\u00e9rulos espec\u00edficos no bulbo olfat\u00f3rio.<\/td>\n      <\/tr>\n      <tr>\n        <td data-label=\"Aspecto\">Mapa de odores<\/td>\n        <td data-label=\"Descri\u00e7\u00e3o\">Essa converg\u00eancia cria um \u201cmapa\u201d espacial de odores no c\u00e9rebro, associado a padr\u00f5es de atividade el\u00e9trica.<\/td>\n      <\/tr>\n      <tr>\n        <td data-label=\"Aspecto\">Integra\u00e7\u00e3o anat\u00f4mica<\/td>\n        <td data-label=\"Descri\u00e7\u00e3o\">O alinhamento entre cavidade nasal e bulbo olfat\u00f3rio pode influenciar como odores s\u00e3o discriminados e memorizados.<\/td>\n      <\/tr>\n    <\/tbody>\n  <\/table>\n\n  <p style=\"margin-top:14px; color:#6b7280; font-size:.9rem;\">\n    \ud83d\udca1 <strong>Dica:<\/strong> A organiza\u00e7\u00e3o do sistema olfativo \u00e9 essencial para reconhecer cheiros e associ\u00e1-los a mem\u00f3rias.\n  <\/p>\n<\/div>\n\n\n\n\n<h2 class=\"wp-block-heading\">Quais S\u00e3o as Implica\u00e7\u00f5es Para a Compreens\u00e3o do Olfato Humano?<\/h2>\n\n\n\n<p>Embora este estudo tenha tido como foco os camundongos, suas descobertas levantam quest\u00f5es sobre a organiza\u00e7\u00e3o do olfato em humanos. O sistema olfativo humano, mesmo com menos variedades de receptores, pode seguir princ\u00edpios de organiza\u00e7\u00e3o semelhantes, refletindo uma arquitetura comum entre mam\u00edferos.<\/p>\n\n\n\n<p>A explora\u00e7\u00e3o dessas similaridades pode ajudar a entender transtornos olfativos e suas consequ\u00eancias na <a href=\"https:\/\/www.correiobraziliense.com.br\/cbradar\/a-dor-nas-articulacoes-pode-piorar-com-o-tempo-mas-esses-habitos-ajudam-a-aliviar\/\" target=\"_blank\" rel=\"noreferrer noopener\">sa\u00fade <\/a>mental, como depress\u00e3o e ansiedade associadas \u00e0 perda de olfato. Esses achados tamb\u00e9m podem orientar o desenvolvimento de diagn\u00f3sticos precoces em doen\u00e7as neurodegenerativas que afetam o olfato.<\/p>\n\n\n<div class=\"wp-block-image\">\n<figure class=\"aligncenter size-large\"><img decoding=\"async\" width=\"1024\" height=\"576\" src=\"https:\/\/www.correiobraziliense.com.br\/cbradar\/wp-content\/uploads\/2026\/01\/Olfato-_1768920027608-1024x576.jpg\" alt=\"\" class=\"wp-image-178623\" srcset=\"https:\/\/www.correiobraziliense.com.br\/cbradar\/wp-content\/uploads\/2026\/01\/Olfato-_1768920027608-1024x576.jpg 1024w, https:\/\/www.correiobraziliense.com.br\/cbradar\/wp-content\/uploads\/2026\/01\/Olfato-_1768920027608-300x169.jpg 300w, https:\/\/www.correiobraziliense.com.br\/cbradar\/wp-content\/uploads\/2026\/01\/Olfato-_1768920027608-768x432.jpg 768w, https:\/\/www.correiobraziliense.com.br\/cbradar\/wp-content\/uploads\/2026\/01\/Olfato-_1768920027608-750x422.jpg 750w, https:\/\/www.correiobraziliense.com.br\/cbradar\/wp-content\/uploads\/2026\/01\/Olfato-_1768920027608-1140x641.jpg 1140w, https:\/\/www.correiobraziliense.com.br\/cbradar\/wp-content\/uploads\/2026\/01\/Olfato-_1768920027608.jpg 1280w\" sizes=\"(max-width: 1024px) 100vw, 1024px\" \/><figcaption class=\"wp-element-caption\">Olfato &#8211; Cr\u00e9ditos: depositphotos.com \/ BestPhotoStudio<\/figcaption><\/figure><\/div>\n\n\n<h2 class=\"wp-block-heading\">Quais S\u00e3o as Futuras Dire\u00e7\u00f5es de Pesquisa no Estudo do Olfato?<\/h2>\n\n\n\n<p>Os pr\u00f3ximos passos na pesquisa olfativa envolvem determinar em que medida esses padr\u00f5es de organiza\u00e7\u00e3o est\u00e3o presentes em humanos. Estudos com imagem avan\u00e7ada e amostras de tecido humano ser\u00e3o essenciais para confirmar se h\u00e1 mapas olfativos equivalentes aos observados em camundongos.<\/p>\n\n\n\n<p>Ao aprofundar o entendimento das estruturas olfativas, os cientistas esperam desenvolver terapias para dist\u00farbios de olfato e ampliar o conhecimento sobre as rela\u00e7\u00f5es entre cheiros, emo\u00e7\u00f5es e mem\u00f3ria. Isso pode abrir caminho para interven\u00e7\u00f5es em reabilita\u00e7\u00e3o sensorial, sa\u00fade mental e qualidade de vida.<\/p>\n\n\n<a href=\"https:\/\/www.instagram.com\/dra.annaluisabf\/\" target=\"_blank\" rel=\"noopener\" style=\"text-decoration: none; color: inherit;\">\n    <span style=\"display: inline-block; border: 1px solid #ccc; border-radius: 10px; padding: 15px; max-width: 550px; font-family: sans-serif; box-shadow: 0 2px 5px rgba(0,0,0,0.1); width: 100%;\">\n\n      <!-- T\u00edtulo -->\n      <span style=\"display: block; margin: 0 0 15px 0; font-weight: bold; color: #2c3e50; text-align: center;\">\n        Entre em contato:\n      <\/span>\n\n      <!-- Linha do perfil -->\n      <span style=\"display: flex; align-items: center; gap: 15px;\">\n        <img decoding=\"async\"\n          src=\"https:\/\/www.correiobraziliense.com.br\/cbradar\/wp-content\/uploads\/2025\/08\/dra_anna_luisa.jpeg\"\n          alt=\"Foto da Dra. Anna Lu\u00edsa\"\n          style=\"border-radius: 50%; width: 80px; height: 80px; object-fit: cover;\"\n        \/>\n        <span style=\"display: flex; flex-direction: column;\">\n          <span style=\"font-size: 18px; font-weight: 700; color: #2c3e50;\">Dra. Anna Lu\u00edsa Barbosa Fernandes<\/span>\n          <span style=\"color: #555;\">CRM-GO 33.271<\/span>\n        <\/span>\n      <\/span>\n\n      <!-- Redes -->\n      <span style=\"display: flex; align-items: center; gap: 10px; margin-top: 12px;\">\n        <img decoding=\"async\" src=\"https:\/\/cdn-icons-png.flaticon.com\/24\/1384\/1384063.png\" alt=\"Instagram\" width=\"24\" height=\"24\" \/>\n        <span style=\"text-decoration: underline; color: #2c3e50;\">@dra.annaluisabf<\/span>\n      <\/span>\n\n    <\/span>\n  <\/a>","protected":false},"excerpt":{"rendered":"<p>H\u00e1 muito tempo considerado um dos sentidos mais enigm\u00e1ticos, o olfato tem despertado o interesse dos cientistas devido \u00e0 sua complexa organiza\u00e7\u00e3o. Pesquisas recentes em modelos animais, especialmente camundongos, mostram que a disposi\u00e7\u00e3o dos receptores olfativos segue uma l\u00f3gica anat\u00f4mica precisa, o que pode transformar nossa compreens\u00e3o de como odores s\u00e3o detectados e interpretados pelo [&hellip;]<\/p>\n","protected":false},"author":14,"featured_media":178624,"comment_status":"open","ping_status":"open","sticky":false,"template":"","format":"standard","meta":{"_yoast_wpseo_focuskw":"olfato","_yoast_wpseo_title":"","_yoast_wpseo_metadesc":"Estudo revela como o olfato se organiza e se conecta ao c\u00e9rebro descubra o que isso pode mudar na ci\u00eancia","jnews-multi-image_gallery":[],"jnews_single_post":{"format":"standard"},"jnews_primary_category":[],"jnews_social_meta":[],"jnews_override_counter":[],"footnotes":""},"categories":[4404],"tags":[120,247,1318],"class_list":["post-234378","post","type-post","status-publish","format-standard","has-post-thumbnail","hentry","category-saude","tag-bem-estar","tag-qualidade-de-vida","tag-saude-2"],"yoast_head":"<!-- This site is optimized with the Yoast SEO plugin v24.6 - https:\/\/yoast.com\/wordpress\/plugins\/seo\/ -->\n<title>Cientistas descobrem algo no olfato que pode mudar tudo o que sabemos - Correio Braziliense - Radar<\/title>\n<meta name=\"description\" content=\"Estudo revela como o olfato se organiza e se conecta ao c\u00e9rebro descubra o que isso pode mudar na ci\u00eancia\" \/>\n<meta name=\"robots\" content=\"index, follow, max-snippet:-1, max-image-preview:large, max-video-preview:-1\" \/>\n<link rel=\"canonical\" href=\"https:\/\/www.correiobraziliense.com.br\/cbradar\/cientistas-descobrem-algo-no-olfato-que-pode-mudar-tudo-o-que-sabemos\/\" \/>\n<meta property=\"og:locale\" content=\"pt_BR\" \/>\n<meta property=\"og:type\" content=\"article\" \/>\n<meta property=\"og:title\" content=\"Cientistas descobrem algo no olfato que pode mudar tudo o que sabemos - Correio Braziliense - Radar\" \/>\n<meta property=\"og:description\" content=\"Estudo revela como o olfato se organiza e se conecta ao c\u00e9rebro descubra o que isso pode mudar na ci\u00eancia\" \/>\n<meta property=\"og:url\" content=\"https:\/\/www.correiobraziliense.com.br\/cbradar\/cientistas-descobrem-algo-no-olfato-que-pode-mudar-tudo-o-que-sabemos\/\" \/>\n<meta property=\"og:site_name\" content=\"Correio Braziliense - Radar\" \/>\n<meta property=\"article:published_time\" content=\"2026-04-30T16:15:00+00:00\" \/>\n<meta property=\"og:image\" content=\"https:\/\/www.correiobraziliense.com.br\/cbradar\/wp-content\/uploads\/2026\/01\/Olfato-_1768920064816.jpg\" \/>\n\t<meta property=\"og:image:width\" content=\"1280\" \/>\n\t<meta property=\"og:image:height\" content=\"720\" \/>\n\t<meta property=\"og:image:type\" content=\"image\/jpeg\" \/>\n<meta name=\"author\" content=\"guilherme_saude\" \/>\n<meta name=\"twitter:card\" content=\"summary_large_image\" \/>\n<meta name=\"twitter:label1\" content=\"Escrito por\" \/>\n\t<meta name=\"twitter:data1\" content=\"guilherme_saude\" \/>\n\t<meta name=\"twitter:label2\" content=\"Est. tempo de leitura\" \/>\n\t<meta name=\"twitter:data2\" content=\"4 minutos\" \/>\n<!-- \/ Yoast SEO plugin. -->","yoast_head_json":{"title":"Cientistas descobrem algo no olfato que pode mudar tudo o que sabemos - Correio Braziliense - Radar","description":"Estudo revela como o olfato se organiza e se conecta ao c\u00e9rebro descubra o que isso pode mudar na ci\u00eancia","robots":{"index":"index","follow":"follow","max-snippet":"max-snippet:-1","max-image-preview":"max-image-preview:large","max-video-preview":"max-video-preview:-1"},"canonical":"https:\/\/www.correiobraziliense.com.br\/cbradar\/cientistas-descobrem-algo-no-olfato-que-pode-mudar-tudo-o-que-sabemos\/","og_locale":"pt_BR","og_type":"article","og_title":"Cientistas descobrem algo no olfato que pode mudar tudo o que sabemos - Correio Braziliense - Radar","og_description":"Estudo revela como o olfato se organiza e se conecta ao c\u00e9rebro descubra o que isso pode mudar na ci\u00eancia","og_url":"https:\/\/www.correiobraziliense.com.br\/cbradar\/cientistas-descobrem-algo-no-olfato-que-pode-mudar-tudo-o-que-sabemos\/","og_site_name":"Correio Braziliense - Radar","article_published_time":"2026-04-30T16:15:00+00:00","og_image":[{"width":1280,"height":720,"url":"https:\/\/www.correiobraziliense.com.br\/cbradar\/wp-content\/uploads\/2026\/01\/Olfato-_1768920064816.jpg","type":"image\/jpeg"}],"author":"guilherme_saude","twitter_card":"summary_large_image","twitter_misc":{"Escrito por":"guilherme_saude","Est. tempo de leitura":"4 minutos"},"schema":{"@context":"https:\/\/schema.org","@graph":[{"@type":"WebPage","@id":"https:\/\/www.correiobraziliense.com.br\/cbradar\/cientistas-descobrem-algo-no-olfato-que-pode-mudar-tudo-o-que-sabemos\/","url":"https:\/\/www.correiobraziliense.com.br\/cbradar\/cientistas-descobrem-algo-no-olfato-que-pode-mudar-tudo-o-que-sabemos\/","name":"Cientistas descobrem algo no olfato que pode mudar tudo o que sabemos - Correio Braziliense - Radar","isPartOf":{"@id":"https:\/\/www.correiobraziliense.com.br\/cbradar\/#website"},"primaryImageOfPage":{"@id":"https:\/\/www.correiobraziliense.com.br\/cbradar\/cientistas-descobrem-algo-no-olfato-que-pode-mudar-tudo-o-que-sabemos\/#primaryimage"},"image":{"@id":"https:\/\/www.correiobraziliense.com.br\/cbradar\/cientistas-descobrem-algo-no-olfato-que-pode-mudar-tudo-o-que-sabemos\/#primaryimage"},"thumbnailUrl":"https:\/\/www.correiobraziliense.com.br\/cbradar\/wp-content\/uploads\/2026\/01\/Olfato-_1768920064816.jpg","datePublished":"2026-04-30T16:15:00+00:00","author":{"@id":"https:\/\/www.correiobraziliense.com.br\/cbradar\/#\/schema\/person\/5aa4bf3c8fa699c267933611de12978b"},"description":"Estudo revela como o olfato se organiza e se conecta ao c\u00e9rebro descubra o que isso pode mudar na ci\u00eancia","breadcrumb":{"@id":"https:\/\/www.correiobraziliense.com.br\/cbradar\/cientistas-descobrem-algo-no-olfato-que-pode-mudar-tudo-o-que-sabemos\/#breadcrumb"},"inLanguage":"pt-BR","potentialAction":[{"@type":"ReadAction","target":["https:\/\/www.correiobraziliense.com.br\/cbradar\/cientistas-descobrem-algo-no-olfato-que-pode-mudar-tudo-o-que-sabemos\/"]}]},{"@type":"ImageObject","inLanguage":"pt-BR","@id":"https:\/\/www.correiobraziliense.com.br\/cbradar\/cientistas-descobrem-algo-no-olfato-que-pode-mudar-tudo-o-que-sabemos\/#primaryimage","url":"https:\/\/www.correiobraziliense.com.br\/cbradar\/wp-content\/uploads\/2026\/01\/Olfato-_1768920064816.jpg","contentUrl":"https:\/\/www.correiobraziliense.com.br\/cbradar\/wp-content\/uploads\/2026\/01\/Olfato-_1768920064816.jpg","width":1280,"height":720,"caption":"Olfato - Cr\u00e9ditos: depositphotos.com \/ IgorVetushko"},{"@type":"BreadcrumbList","@id":"https:\/\/www.correiobraziliense.com.br\/cbradar\/cientistas-descobrem-algo-no-olfato-que-pode-mudar-tudo-o-que-sabemos\/#breadcrumb","itemListElement":[{"@type":"ListItem","position":1,"name":"In\u00edcio","item":"https:\/\/www.correiobraziliense.com.br\/cbradar\/"},{"@type":"ListItem","position":2,"name":"Cientistas descobrem algo no olfato que pode mudar tudo o que sabemos"}]},{"@type":"WebSite","@id":"https:\/\/www.correiobraziliense.com.br\/cbradar\/#website","url":"https:\/\/www.correiobraziliense.com.br\/cbradar\/","name":"Correio Braziliense - Radar","description":"Acompanhe as \u00faltimas not\u00edcias e fique bem informado sobre tudo o que acontece no Brasil e no mundo.","potentialAction":[{"@type":"SearchAction","target":{"@type":"EntryPoint","urlTemplate":"https:\/\/www.correiobraziliense.com.br\/cbradar\/?s={search_term_string}"},"query-input":{"@type":"PropertyValueSpecification","valueRequired":true,"valueName":"search_term_string"}}],"inLanguage":"pt-BR"},{"@type":"Person","@id":"https:\/\/www.correiobraziliense.com.br\/cbradar\/#\/schema\/person\/5aa4bf3c8fa699c267933611de12978b","name":"guilherme_saude","image":{"@type":"ImageObject","inLanguage":"pt-BR","@id":"https:\/\/www.correiobraziliense.com.br\/cbradar\/#\/schema\/person\/image\/","url":"https:\/\/secure.gravatar.com\/avatar\/df9adfb835d344bc0af109d41756253f?s=96&d=mm&r=g","contentUrl":"https:\/\/secure.gravatar.com\/avatar\/df9adfb835d344bc0af109d41756253f?s=96&d=mm&r=g","caption":"guilherme_saude"},"url":"https:\/\/www.correiobraziliense.com.br\/cbradar\/author\/guilherme_saude\/"}]}},"_links":{"self":[{"href":"https:\/\/www.correiobraziliense.com.br\/cbradar\/wp-json\/wp\/v2\/posts\/234378","targetHints":{"allow":["GET"]}}],"collection":[{"href":"https:\/\/www.correiobraziliense.com.br\/cbradar\/wp-json\/wp\/v2\/posts"}],"about":[{"href":"https:\/\/www.correiobraziliense.com.br\/cbradar\/wp-json\/wp\/v2\/types\/post"}],"author":[{"embeddable":true,"href":"https:\/\/www.correiobraziliense.com.br\/cbradar\/wp-json\/wp\/v2\/users\/14"}],"replies":[{"embeddable":true,"href":"https:\/\/www.correiobraziliense.com.br\/cbradar\/wp-json\/wp\/v2\/comments?post=234378"}],"version-history":[{"count":1,"href":"https:\/\/www.correiobraziliense.com.br\/cbradar\/wp-json\/wp\/v2\/posts\/234378\/revisions"}],"predecessor-version":[{"id":234379,"href":"https:\/\/www.correiobraziliense.com.br\/cbradar\/wp-json\/wp\/v2\/posts\/234378\/revisions\/234379"}],"wp:featuredmedia":[{"embeddable":true,"href":"https:\/\/www.correiobraziliense.com.br\/cbradar\/wp-json\/wp\/v2\/media\/178624"}],"wp:attachment":[{"href":"https:\/\/www.correiobraziliense.com.br\/cbradar\/wp-json\/wp\/v2\/media?parent=234378"}],"wp:term":[{"taxonomy":"category","embeddable":true,"href":"https:\/\/www.correiobraziliense.com.br\/cbradar\/wp-json\/wp\/v2\/categories?post=234378"},{"taxonomy":"post_tag","embeddable":true,"href":"https:\/\/www.correiobraziliense.com.br\/cbradar\/wp-json\/wp\/v2\/tags?post=234378"}],"curies":[{"name":"wp","href":"https:\/\/api.w.org\/{rel}","templated":true}]}}