{"id":234381,"date":"2026-04-30T15:55:00","date_gmt":"2026-04-30T18:55:00","guid":{"rendered":"https:\/\/www.correiobraziliense.com.br\/cbradar\/?p=234381"},"modified":"2026-04-29T16:20:42","modified_gmt":"2026-04-29T19:20:42","slug":"mudancas-de-humor-intensas-podem-esconder-algo-que-muitos-ignoram","status":"publish","type":"post","link":"https:\/\/www.correiobraziliense.com.br\/cbradar\/mudancas-de-humor-intensas-podem-esconder-algo-que-muitos-ignoram\/","title":{"rendered":"Mudan\u00e7as de humor intensas podem esconder algo que muitos ignoram"},"content":{"rendered":"\n<p>O transtorno bipolar \u00e9 uma condi\u00e7\u00e3o psicol\u00f3gica caracterizada por mudan\u00e7as extremas de humor que variam entre per\u00edodos de depress\u00e3o profunda e epis\u00f3dios de euforia, conhecidos como mania ou hipomania, podendo surgir principalmente entre os 15 e 35 anos, mas tamb\u00e9m em outras faixas et\u00e1rias, dependendo de fatores individuais e ambientais.<\/p>\n\n\n\n<h2 class=\"wp-block-heading\">Como reconhecer os sintomas do transtorno bipolar?<\/h2>\n\n\n\n<p>Os sintomas do transtorno bipolar se dividem entre dois estados principais de humor: mania e depress\u00e3o. Na mania, h\u00e1 aumento anormal de energia, redu\u00e7\u00e3o da necessidade de sono, comportamentos impulsivos e otimismo excessivo, muitas vezes com preju\u00edzo nas rela\u00e7\u00f5es e nas atividades di\u00e1rias.<\/p>\n\n\n\n<p>Na fase depressiva, predominam tristeza intensa, desmotiva\u00e7\u00e3o, altera\u00e7\u00f5es no sono e apetite, al\u00e9m de perda de interesse por atividades antes prazerosas. Em alguns casos, podem ocorrer pensamentos suicidas, o que torna essencial a busca imediata por ajuda profissional.<\/p>\n\n\n\n<h2 class=\"wp-block-heading\">Qual \u00e9 a import\u00e2ncia de um diagn\u00f3stico correto do transtorno bipolar?<\/h2>\n\n\n\n<p>O diagn\u00f3stico preciso do transtorno bipolar \u00e9 crucial para garantir um tratamento adequado e seguro. Como os sintomas podem se confundir com depress\u00e3o unipolar, ansiedade ou estresse, \u00e9 indispens\u00e1vel uma avalia\u00e7\u00e3o psiqui\u00e1trica abrangente, incluindo hist\u00f3rico m\u00e9dico e familiar.<\/p>\n\n\n\n<p>Sem um diagn\u00f3stico correto, o uso exclusivo de antidepressivos pode desencadear ou agravar epis\u00f3dios man\u00edacos, prejudicando a qualidade de vida do paciente. Um acompanhamento regular permite ajustes no tratamento e reduz o risco de reca\u00eddas e hospitaliza\u00e7\u00f5es.<\/p>\n\n\n\n<figure class=\"wp-block-image aligncenter size-large\"><img decoding=\"async\" width=\"1024\" height=\"576\" src=\"https:\/\/www.correiobraziliense.com.br\/cbradar\/wp-content\/uploads\/2025\/05\/borderline_1748363242563-1024x576.jpg\" alt=\"\" class=\"wp-image-43731\" srcset=\"https:\/\/www.correiobraziliense.com.br\/cbradar\/wp-content\/uploads\/2025\/05\/borderline_1748363242563-1024x576.jpg 1024w, https:\/\/www.correiobraziliense.com.br\/cbradar\/wp-content\/uploads\/2025\/05\/borderline_1748363242563-300x169.jpg 300w, https:\/\/www.correiobraziliense.com.br\/cbradar\/wp-content\/uploads\/2025\/05\/borderline_1748363242563-768x432.jpg 768w, https:\/\/www.correiobraziliense.com.br\/cbradar\/wp-content\/uploads\/2025\/05\/borderline_1748363242563-750x422.jpg 750w, https:\/\/www.correiobraziliense.com.br\/cbradar\/wp-content\/uploads\/2025\/05\/borderline_1748363242563-1140x641.jpg 1140w, https:\/\/www.correiobraziliense.com.br\/cbradar\/wp-content\/uploads\/2025\/05\/borderline_1748363242563.jpg 1280w\" sizes=\"(max-width: 1024px) 100vw, 1024px\" \/><figcaption class=\"wp-element-caption\">TPB e Bipolaridade: Diferen\u00e7as que Evitam Erros &#8211; Cr\u00e9ditos: depositphotos.com \/ Elnur_\n\n<\/figcaption><\/figure>\n\n\n\n<h2 class=\"wp-block-heading\">Como funciona o tratamento do transtorno bipolar?<\/h2>\n\n\n\n<p>O tratamento eficaz do transtorno bipolar envolve uma abordagem integrada, combinando medicamentos e psicoterapia. Estabilizadores de humor, antipsic\u00f3ticos e, em alguns casos, antidepressivos sob supervis\u00e3o psiqui\u00e1trica ajudam a controlar as oscila\u00e7\u00f5es de humor.<\/p>\n\n\n\n<p>Al\u00e9m disso, alguns cuidados cotidianos s\u00e3o fundamentais para potencializar os resultados do tratamento medicamentoso e psicoter\u00e1pico:<\/p>\n\n\n\n<style>\n  .make-wrap{\n    max-width: 760px;\n    margin: 26px auto;\n    padding: 18px;\n    border-radius: 18px;\n    background: linear-gradient(135deg,#f0f7ff 0%,#eef2ff 100%);\n    border: 1px solid #c7d2fe;\n    box-shadow: 0 8px 20px rgba(59,130,246,.12);\n    font-family: system-ui, -apple-system, Segoe UI, Roboto, Helvetica, Arial, sans-serif;\n  }\n\n  .make-title{\n    display:flex; \n    align-items:center; \n    gap:10px;\n    margin:0 0 12px 4px;\n    font-size:1.2rem; \n    font-weight:900; \n    color:#1e3a8a;\n  }\n\n  .make-table{\n    width:100%;\n    border-collapse:separate;\n    border-spacing:0;\n    overflow:hidden;\n    border-radius:16px;\n    border:1px solid #c7d2fe;\n    background:#fff;\n    font-size:.92rem;\n  }\n\n  .make-table thead th{\n    background:linear-gradient(90deg,#dbeafe 0%,#e0e7ff 100%);\n    padding:12px;\n    color:#1e40af;\n    font-weight:800;\n    text-align:left;\n    border-bottom:1px solid #c7d2fe;\n  }\n\n  .make-table tbody td{\n    padding:12px;\n    color:#374151;\n    vertical-align:top;\n    border-bottom:1px dashed #c7d2fe;\n  }\n\n  .make-table tbody tr:nth-child(odd){\n    background:#f8fbff;\n  }\n\n  .price{\n    display:inline-flex;\n    align-items:center;\n    background:#eff6ff;\n    color:#1d4ed8;\n    padding:6px 10px;\n    border-radius:10px;\n    border:1px solid #bfdbfe;\n    font-weight:700;\n    white-space:nowrap;\n  }\n\n  .badge{\n    display:inline-block;\n    background:#dbeafe;\n    color:#2563eb;\n    border:1px solid #bfdbfe;\n    padding:4px 10px;\n    border-radius:999px;\n    font-weight:700;\n    font-size:.78rem;\n  }\n\n  @media (max-width:720px){\n    .make-table thead{display:none}\n    .make-table, .make-table tbody, .make-table tr, .make-table td{\n      display:block; \n      width:100%;\n    }\n    .make-table tr{\n      margin-bottom:12px;\n      border:1px solid #c7d2fe;\n      border-radius:14px;\n      overflow:hidden;\n      background:#fff;\n    }\n    .make-table td[data-label]:before{\n      content:attr(data-label);\n      display:block;\n      font-weight:800;\n      color:#1e40af;\n      margin-bottom:4px;\n    }\n    .make-table tbody td:last-child{border-bottom:none}\n  }\n<\/style>\n\n<div class=\"make-wrap\">\n  <h3 class=\"make-title\">\ud83d\udc99\ud83e\udde0 Estrat\u00e9gias de Preven\u00e7\u00e3o e Equil\u00edbrio Emocional<\/h3>\n\n  <table class=\"make-table\">\n    <thead>\n      <tr>\n        <th>Estrat\u00e9gia<\/th>\n        <th>Orienta\u00e7\u00e3o<\/th>\n      <\/tr>\n    <\/thead>\n    <tbody>\n      <tr>\n        <td data-label=\"Estrat\u00e9gia\">Sono regulado<\/td>\n        <td data-label=\"Orienta\u00e7\u00e3o\">Manter rotina de sono regular e evitar priva\u00e7\u00e3o de sono.<\/td>\n      <\/tr>\n      <tr>\n        <td data-label=\"Estrat\u00e9gia\">Atividade f\u00edsica<\/td>\n        <td data-label=\"Orienta\u00e7\u00e3o\">Praticar atividade f\u00edsica com frequ\u00eancia, conforme orienta\u00e7\u00e3o m\u00e9dica.<\/td>\n      <\/tr>\n      <tr>\n        <td data-label=\"Estrat\u00e9gia\">Redu\u00e7\u00e3o de subst\u00e2ncias<\/td>\n        <td data-label=\"Orienta\u00e7\u00e3o\">Reduzir o consumo de \u00e1lcool e evitar drogas il\u00edcitas.<\/td>\n      <\/tr>\n      <tr>\n        <td data-label=\"Estrat\u00e9gia\">Autoconhecimento emocional<\/td>\n        <td data-label=\"Orienta\u00e7\u00e3o\">Identificar gatilhos emocionais e sinais de reca\u00edda com ajuda do terapeuta.<\/td>\n      <\/tr>\n    <\/tbody>\n  <\/table>\n\n  <p style=\"margin-top:14px; color:#6b7280; font-size:.9rem;\">\n    \ud83d\udca1 <strong>Dica:<\/strong> Pequenos h\u00e1bitos consistentes ajudam a manter o equil\u00edbrio mental e prevenir reca\u00eddas.\n  <\/p>\n<\/div>\n\n\n\n\n<h2 class=\"wp-block-heading\">Como viver uma vida plena com transtorno bipolar?<\/h2>\n\n\n\n<p>Embora o transtorno bipolar seja uma condi\u00e7\u00e3o cr\u00f4nica, muitas pessoas conseguem levar uma vida satisfat\u00f3ria e produtiva com tratamento e acompanhamento cont\u00ednuos. Estar atento aos sinais iniciais de crise e manter di\u00e1logo aberto com profissionais de <a href=\"https:\/\/www.correiobraziliense.com.br\/cbradar\/a-dor-nas-articulacoes-pode-piorar-com-o-tempo-mas-esses-habitos-ajudam-a-aliviar\/\" target=\"_blank\" rel=\"noreferrer noopener\">sa\u00fade <\/a>mental ajuda a prevenir reca\u00eddas.<\/p>\n\n\n\n<p>O apoio de familiares e amigos \u00e9 fundamental para oferecer uma rede de suporte emocional e reduzir o estigma associado \u00e0 condi\u00e7\u00e3o. Com informa\u00e7\u00e3o adequada, ades\u00e3o ao tratamento e autocuidado, \u00e9 poss\u00edvel manter maior estabilidade de humor e construir uma vida plena.<\/p>\n\n\n<a href=\"https:\/\/www.instagram.com\/dra.annaluisabf\/\" target=\"_blank\" rel=\"noopener\" style=\"text-decoration: none; color: inherit;\">\n    <span style=\"display: inline-block; border: 1px solid #ccc; border-radius: 10px; padding: 15px; max-width: 550px; font-family: sans-serif; box-shadow: 0 2px 5px rgba(0,0,0,0.1); width: 100%;\">\n\n      <!-- T\u00edtulo -->\n      <span style=\"display: block; margin: 0 0 15px 0; font-weight: bold; color: #2c3e50; text-align: center;\">\n        Entre em contato:\n      <\/span>\n\n      <!-- Linha do perfil -->\n      <span style=\"display: flex; align-items: center; gap: 15px;\">\n        <img decoding=\"async\"\n          src=\"https:\/\/www.correiobraziliense.com.br\/cbradar\/wp-content\/uploads\/2025\/08\/dra_anna_luisa.jpeg\"\n          alt=\"Foto da Dra. Anna Lu\u00edsa\"\n          style=\"border-radius: 50%; width: 80px; height: 80px; object-fit: cover;\"\n        \/>\n        <span style=\"display: flex; flex-direction: column;\">\n          <span style=\"font-size: 18px; font-weight: 700; color: #2c3e50;\">Dra. Anna Lu\u00edsa Barbosa Fernandes<\/span>\n          <span style=\"color: #555;\">CRM-GO 33.271<\/span>\n        <\/span>\n      <\/span>\n\n      <!-- Redes -->\n      <span style=\"display: flex; align-items: center; gap: 10px; margin-top: 12px;\">\n        <img decoding=\"async\" src=\"https:\/\/cdn-icons-png.flaticon.com\/24\/1384\/1384063.png\" alt=\"Instagram\" width=\"24\" height=\"24\" \/>\n        <span style=\"text-decoration: underline; color: #2c3e50;\">@dra.annaluisabf<\/span>\n      <\/span>\n\n    <\/span>\n  <\/a>","protected":false},"excerpt":{"rendered":"<p>O transtorno bipolar \u00e9 uma condi\u00e7\u00e3o psicol\u00f3gica caracterizada por mudan\u00e7as extremas de humor que variam entre per\u00edodos de depress\u00e3o profunda e epis\u00f3dios de euforia, conhecidos como mania ou hipomania, podendo surgir principalmente entre os 15 e 35 anos, mas tamb\u00e9m em outras faixas et\u00e1rias, dependendo de fatores individuais e ambientais. Como reconhecer os sintomas do [&hellip;]<\/p>\n","protected":false},"author":14,"featured_media":234382,"comment_status":"open","ping_status":"open","sticky":false,"template":"","format":"standard","meta":{"_yoast_wpseo_focuskw":"transtorno bipolar","_yoast_wpseo_title":"","_yoast_wpseo_metadesc":"Transtorno bipolar pode causar mudan\u00e7as intensas de humor entenda sinais e import\u00e2ncia do diagn\u00f3stico correto","jnews-multi-image_gallery":[],"jnews_single_post":{"format":"standard"},"jnews_primary_category":[],"jnews_social_meta":[],"jnews_override_counter":[],"footnotes":""},"categories":[4404],"tags":[120,247,1318],"class_list":["post-234381","post","type-post","status-publish","format-standard","has-post-thumbnail","hentry","category-saude","tag-bem-estar","tag-qualidade-de-vida","tag-saude-2"],"yoast_head":"<!-- This site is optimized with the Yoast SEO plugin v24.6 - https:\/\/yoast.com\/wordpress\/plugins\/seo\/ -->\n<title>Mudan\u00e7as de humor intensas podem esconder algo que muitos ignoram - Correio Braziliense - Radar<\/title>\n<meta name=\"description\" content=\"Transtorno bipolar pode causar mudan\u00e7as intensas de humor entenda sinais e import\u00e2ncia do diagn\u00f3stico correto\" \/>\n<meta name=\"robots\" content=\"index, follow, max-snippet:-1, max-image-preview:large, max-video-preview:-1\" \/>\n<link rel=\"canonical\" href=\"https:\/\/www.correiobraziliense.com.br\/cbradar\/mudancas-de-humor-intensas-podem-esconder-algo-que-muitos-ignoram\/\" \/>\n<meta property=\"og:locale\" content=\"pt_BR\" \/>\n<meta property=\"og:type\" content=\"article\" \/>\n<meta property=\"og:title\" content=\"Mudan\u00e7as de humor intensas podem esconder algo que muitos ignoram - Correio Braziliense - Radar\" \/>\n<meta property=\"og:description\" content=\"Transtorno bipolar pode causar mudan\u00e7as intensas de humor entenda sinais e import\u00e2ncia do diagn\u00f3stico correto\" \/>\n<meta property=\"og:url\" content=\"https:\/\/www.correiobraziliense.com.br\/cbradar\/mudancas-de-humor-intensas-podem-esconder-algo-que-muitos-ignoram\/\" \/>\n<meta property=\"og:site_name\" content=\"Correio Braziliense - Radar\" \/>\n<meta property=\"article:published_time\" content=\"2026-04-30T18:55:00+00:00\" \/>\n<meta property=\"og:image\" content=\"https:\/\/www.correiobraziliense.com.br\/cbradar\/wp-content\/uploads\/2026\/04\/bipolar_1777490400352.jpg\" \/>\n\t<meta property=\"og:image:width\" content=\"1280\" \/>\n\t<meta property=\"og:image:height\" content=\"720\" \/>\n\t<meta property=\"og:image:type\" content=\"image\/jpeg\" \/>\n<meta name=\"author\" content=\"guilherme_saude\" \/>\n<meta name=\"twitter:card\" content=\"summary_large_image\" \/>\n<meta name=\"twitter:label1\" content=\"Escrito por\" \/>\n\t<meta name=\"twitter:data1\" content=\"guilherme_saude\" \/>\n\t<meta name=\"twitter:label2\" content=\"Est. tempo de leitura\" \/>\n\t<meta name=\"twitter:data2\" content=\"4 minutos\" \/>\n<!-- \/ Yoast SEO plugin. -->","yoast_head_json":{"title":"Mudan\u00e7as de humor intensas podem esconder algo que muitos ignoram - Correio Braziliense - Radar","description":"Transtorno bipolar pode causar mudan\u00e7as intensas de humor entenda sinais e import\u00e2ncia do diagn\u00f3stico correto","robots":{"index":"index","follow":"follow","max-snippet":"max-snippet:-1","max-image-preview":"max-image-preview:large","max-video-preview":"max-video-preview:-1"},"canonical":"https:\/\/www.correiobraziliense.com.br\/cbradar\/mudancas-de-humor-intensas-podem-esconder-algo-que-muitos-ignoram\/","og_locale":"pt_BR","og_type":"article","og_title":"Mudan\u00e7as de humor intensas podem esconder algo que muitos ignoram - Correio Braziliense - Radar","og_description":"Transtorno bipolar pode causar mudan\u00e7as intensas de humor entenda sinais e import\u00e2ncia do diagn\u00f3stico correto","og_url":"https:\/\/www.correiobraziliense.com.br\/cbradar\/mudancas-de-humor-intensas-podem-esconder-algo-que-muitos-ignoram\/","og_site_name":"Correio Braziliense - Radar","article_published_time":"2026-04-30T18:55:00+00:00","og_image":[{"width":1280,"height":720,"url":"https:\/\/www.correiobraziliense.com.br\/cbradar\/wp-content\/uploads\/2026\/04\/bipolar_1777490400352.jpg","type":"image\/jpeg"}],"author":"guilherme_saude","twitter_card":"summary_large_image","twitter_misc":{"Escrito por":"guilherme_saude","Est. tempo de leitura":"4 minutos"},"schema":{"@context":"https:\/\/schema.org","@graph":[{"@type":"WebPage","@id":"https:\/\/www.correiobraziliense.com.br\/cbradar\/mudancas-de-humor-intensas-podem-esconder-algo-que-muitos-ignoram\/","url":"https:\/\/www.correiobraziliense.com.br\/cbradar\/mudancas-de-humor-intensas-podem-esconder-algo-que-muitos-ignoram\/","name":"Mudan\u00e7as de humor intensas podem esconder algo que muitos ignoram - Correio Braziliense - Radar","isPartOf":{"@id":"https:\/\/www.correiobraziliense.com.br\/cbradar\/#website"},"primaryImageOfPage":{"@id":"https:\/\/www.correiobraziliense.com.br\/cbradar\/mudancas-de-humor-intensas-podem-esconder-algo-que-muitos-ignoram\/#primaryimage"},"image":{"@id":"https:\/\/www.correiobraziliense.com.br\/cbradar\/mudancas-de-humor-intensas-podem-esconder-algo-que-muitos-ignoram\/#primaryimage"},"thumbnailUrl":"https:\/\/www.correiobraziliense.com.br\/cbradar\/wp-content\/uploads\/2026\/04\/bipolar_1777490400352.jpg","datePublished":"2026-04-30T18:55:00+00:00","author":{"@id":"https:\/\/www.correiobraziliense.com.br\/cbradar\/#\/schema\/person\/5aa4bf3c8fa699c267933611de12978b"},"description":"Transtorno bipolar pode causar mudan\u00e7as intensas de humor entenda sinais e import\u00e2ncia do diagn\u00f3stico correto","breadcrumb":{"@id":"https:\/\/www.correiobraziliense.com.br\/cbradar\/mudancas-de-humor-intensas-podem-esconder-algo-que-muitos-ignoram\/#breadcrumb"},"inLanguage":"pt-BR","potentialAction":[{"@type":"ReadAction","target":["https:\/\/www.correiobraziliense.com.br\/cbradar\/mudancas-de-humor-intensas-podem-esconder-algo-que-muitos-ignoram\/"]}]},{"@type":"ImageObject","inLanguage":"pt-BR","@id":"https:\/\/www.correiobraziliense.com.br\/cbradar\/mudancas-de-humor-intensas-podem-esconder-algo-que-muitos-ignoram\/#primaryimage","url":"https:\/\/www.correiobraziliense.com.br\/cbradar\/wp-content\/uploads\/2026\/04\/bipolar_1777490400352.jpg","contentUrl":"https:\/\/www.correiobraziliense.com.br\/cbradar\/wp-content\/uploads\/2026\/04\/bipolar_1777490400352.jpg","width":1280,"height":720,"caption":"Diagn\u00f3stico correto do transtorno bipolar \u00e9 essencial para tratamento - Cr\u00e9ditos: depositphotos.com \/ buecax"},{"@type":"BreadcrumbList","@id":"https:\/\/www.correiobraziliense.com.br\/cbradar\/mudancas-de-humor-intensas-podem-esconder-algo-que-muitos-ignoram\/#breadcrumb","itemListElement":[{"@type":"ListItem","position":1,"name":"In\u00edcio","item":"https:\/\/www.correiobraziliense.com.br\/cbradar\/"},{"@type":"ListItem","position":2,"name":"Mudan\u00e7as de humor intensas podem esconder algo que muitos ignoram"}]},{"@type":"WebSite","@id":"https:\/\/www.correiobraziliense.com.br\/cbradar\/#website","url":"https:\/\/www.correiobraziliense.com.br\/cbradar\/","name":"Correio Braziliense - Radar","description":"Acompanhe as \u00faltimas not\u00edcias e fique bem informado sobre tudo o que acontece no Brasil e no mundo.","potentialAction":[{"@type":"SearchAction","target":{"@type":"EntryPoint","urlTemplate":"https:\/\/www.correiobraziliense.com.br\/cbradar\/?s={search_term_string}"},"query-input":{"@type":"PropertyValueSpecification","valueRequired":true,"valueName":"search_term_string"}}],"inLanguage":"pt-BR"},{"@type":"Person","@id":"https:\/\/www.correiobraziliense.com.br\/cbradar\/#\/schema\/person\/5aa4bf3c8fa699c267933611de12978b","name":"guilherme_saude","image":{"@type":"ImageObject","inLanguage":"pt-BR","@id":"https:\/\/www.correiobraziliense.com.br\/cbradar\/#\/schema\/person\/image\/","url":"https:\/\/secure.gravatar.com\/avatar\/df9adfb835d344bc0af109d41756253f?s=96&d=mm&r=g","contentUrl":"https:\/\/secure.gravatar.com\/avatar\/df9adfb835d344bc0af109d41756253f?s=96&d=mm&r=g","caption":"guilherme_saude"},"url":"https:\/\/www.correiobraziliense.com.br\/cbradar\/author\/guilherme_saude\/"}]}},"_links":{"self":[{"href":"https:\/\/www.correiobraziliense.com.br\/cbradar\/wp-json\/wp\/v2\/posts\/234381","targetHints":{"allow":["GET"]}}],"collection":[{"href":"https:\/\/www.correiobraziliense.com.br\/cbradar\/wp-json\/wp\/v2\/posts"}],"about":[{"href":"https:\/\/www.correiobraziliense.com.br\/cbradar\/wp-json\/wp\/v2\/types\/post"}],"author":[{"embeddable":true,"href":"https:\/\/www.correiobraziliense.com.br\/cbradar\/wp-json\/wp\/v2\/users\/14"}],"replies":[{"embeddable":true,"href":"https:\/\/www.correiobraziliense.com.br\/cbradar\/wp-json\/wp\/v2\/comments?post=234381"}],"version-history":[{"count":1,"href":"https:\/\/www.correiobraziliense.com.br\/cbradar\/wp-json\/wp\/v2\/posts\/234381\/revisions"}],"predecessor-version":[{"id":234383,"href":"https:\/\/www.correiobraziliense.com.br\/cbradar\/wp-json\/wp\/v2\/posts\/234381\/revisions\/234383"}],"wp:featuredmedia":[{"embeddable":true,"href":"https:\/\/www.correiobraziliense.com.br\/cbradar\/wp-json\/wp\/v2\/media\/234382"}],"wp:attachment":[{"href":"https:\/\/www.correiobraziliense.com.br\/cbradar\/wp-json\/wp\/v2\/media?parent=234381"}],"wp:term":[{"taxonomy":"category","embeddable":true,"href":"https:\/\/www.correiobraziliense.com.br\/cbradar\/wp-json\/wp\/v2\/categories?post=234381"},{"taxonomy":"post_tag","embeddable":true,"href":"https:\/\/www.correiobraziliense.com.br\/cbradar\/wp-json\/wp\/v2\/tags?post=234381"}],"curies":[{"name":"wp","href":"https:\/\/api.w.org\/{rel}","templated":true}]}}