{"id":234390,"date":"2026-04-30T17:15:00","date_gmt":"2026-04-30T20:15:00","guid":{"rendered":"https:\/\/www.correiobraziliense.com.br\/cbradar\/?p=234390"},"modified":"2026-04-29T16:30:20","modified_gmt":"2026-04-29T19:30:20","slug":"casos-em-jovens-aumentam-e-acendem-alerta-sobre-cancer-de-prostata","status":"publish","type":"post","link":"https:\/\/www.correiobraziliense.com.br\/cbradar\/casos-em-jovens-aumentam-e-acendem-alerta-sobre-cancer-de-prostata\/","title":{"rendered":"Casos em jovens aumentam e acendem alerta sobre c\u00e2ncer de pr\u00f3stata"},"content":{"rendered":"\n<p>O c\u00e2ncer de pr\u00f3stata, uma das principais causas de morbidade entre os homens, tem se tornado uma preocupa\u00e7\u00e3o crescente entre as gera\u00e7\u00f5es mais jovens, com aumento de cerca de 32% nos atendimentos em homens com menos de 50 anos entre 2020 e 2024, fen\u00f4meno ligado a fatores como mudan\u00e7as no estilo de vida, maior conscientiza\u00e7\u00e3o sobre preven\u00e7\u00e3o, obesidade, dietas inadequadas e acesso ampliado a exames.<\/p>\n\n\n\n<h2 class=\"wp-block-heading\">Quais fatores explicam o aumento do c\u00e2ncer de pr\u00f3stata em homens jovens?<\/h2>\n\n\n\n<p>A an\u00e1lise do aumento de casos de c\u00e2ncer de pr\u00f3stata em jovens envolve aspectos ambientais, hormonais e gen\u00e9ticos. Heran\u00e7a familiar, dietas ricas em gorduras e carnes processadas, sedentarismo, tabagismo e exposi\u00e7\u00e3o a produtos qu\u00edmicos ocupacionais est\u00e3o entre as principais preocupa\u00e7\u00f5es atuais.<\/p>\n\n\n\n<p>Al\u00e9m disso, o in\u00edcio precoce do acompanhamento m\u00e9dico favorece a identifica\u00e7\u00e3o de altera\u00e7\u00f5es em est\u00e1gios iniciais. Entender esses fatores desde a juventude permite a ado\u00e7\u00e3o de h\u00e1bitos mais saud\u00e1veis, reduzindo o risco de surgimento e progress\u00e3o da doen\u00e7a ao longo da vida.<\/p>\n\n\n\n<h2 class=\"wp-block-heading\">Por que a preven\u00e7\u00e3o e o diagn\u00f3stico precoce do c\u00e2ncer de pr\u00f3stata s\u00e3o importantes?<\/h2>\n\n\n\n<p>O c\u00e2ncer de pr\u00f3stata, em suas fases iniciais, frequentemente n\u00e3o apresenta sintomas evidentes, o que torna essencial a realiza\u00e7\u00e3o de exames preventivos como o PSA e o toque retal. A identifica\u00e7\u00e3o precoce possibilita tratamentos menos invasivos e mais eficazes, preservando fun\u00e7\u00f5es urin\u00e1rias e sexuais e reduzindo complica\u00e7\u00f5es futuras.<\/p>\n\n\n\n<p>Consultas regulares, avalia\u00e7\u00e3o de hist\u00f3rico familiar, controle do peso, cessa\u00e7\u00e3o do tabagismo e acompanhamento individualizado ajudam a definir a necessidade e a frequ\u00eancia dos exames. Assim, a abordagem preventiva integra-se \u00e0 rotina de cuidados gerais de <a href=\"https:\/\/www.correiobraziliense.com.br\/cbradar\/a-dor-nas-articulacoes-pode-piorar-com-o-tempo-mas-esses-habitos-ajudam-a-aliviar\/\" target=\"_blank\" rel=\"noreferrer noopener\">sa\u00fade <\/a>masculina, aumentando as chances de cura.<\/p>\n\n\n<div class=\"wp-block-image\">\n<figure class=\"aligncenter size-large\"><img decoding=\"async\" width=\"1024\" height=\"576\" src=\"https:\/\/www.correiobraziliense.com.br\/cbradar\/wp-content\/uploads\/2026\/01\/Exame-de-Prostata_1769781118142-1024x576.jpg\" alt=\"\" class=\"wp-image-184669\" srcset=\"https:\/\/www.correiobraziliense.com.br\/cbradar\/wp-content\/uploads\/2026\/01\/Exame-de-Prostata_1769781118142-1024x576.jpg 1024w, https:\/\/www.correiobraziliense.com.br\/cbradar\/wp-content\/uploads\/2026\/01\/Exame-de-Prostata_1769781118142-300x169.jpg 300w, https:\/\/www.correiobraziliense.com.br\/cbradar\/wp-content\/uploads\/2026\/01\/Exame-de-Prostata_1769781118142-768x432.jpg 768w, https:\/\/www.correiobraziliense.com.br\/cbradar\/wp-content\/uploads\/2026\/01\/Exame-de-Prostata_1769781118142-750x422.jpg 750w, https:\/\/www.correiobraziliense.com.br\/cbradar\/wp-content\/uploads\/2026\/01\/Exame-de-Prostata_1769781118142-1140x641.jpg 1140w, https:\/\/www.correiobraziliense.com.br\/cbradar\/wp-content\/uploads\/2026\/01\/Exame-de-Prostata_1769781118142.jpg 1280w\" sizes=\"(max-width: 1024px) 100vw, 1024px\" \/><figcaption class=\"wp-element-caption\">Exame de Pr\u00f3stata &#8211; Cr\u00e9ditos: depositphotos.com \/ catalin205<\/figcaption><\/figure><\/div>\n\n\n<h2 class=\"wp-block-heading\">Qual \u00e9 a idade ideal para iniciar o rastreamento e quais s\u00e3o as principais indica\u00e7\u00f5es?<\/h2>\n\n\n\n<p>Atualmente, a Sociedade Brasileira de Urologia recomenda que homens iniciem o rastreamento do c\u00e2ncer de pr\u00f3stata aos 50 anos, ou aos 45 para aqueles com maior risco. S\u00e3o considerados de maior risco indiv\u00edduos com hist\u00f3rico familiar significativo, descendentes africanos e aqueles com altera\u00e7\u00f5es gen\u00e9ticas conhecidas.<\/p>\n\n\n\n<p>Algumas pesquisas sugerem a introdu\u00e7\u00e3o de exames de PSA a partir dos 40 anos como linha de base, mas as recomenda\u00e7\u00f5es oficiais ainda priorizam pr\u00e1ticas padronizadas. Isso busca equilibrar os benef\u00edcios do diagn\u00f3stico precoce com o risco de exames desnecess\u00e1rios e de tratamentos excessivos.<\/p>\n\n\n\n<h2 class=\"wp-block-heading\">Quais s\u00e3o as principais op\u00e7\u00f5es de tratamento para o c\u00e2ncer de pr\u00f3stata?<\/h2>\n\n\n\n<p>O tratamento do c\u00e2ncer de pr\u00f3stata varia conforme o est\u00e1gio e a agressividade do tumor, al\u00e9m da idade e das condi\u00e7\u00f5es gerais do paciente. Em casos iniciais e de baixo risco, pode-se optar por vigil\u00e2ncia ativa ou terapias focais, preservando ao m\u00e1ximo a qualidade de vida e monitorando de perto a evolu\u00e7\u00e3o da doen\u00e7a.<\/p>\n\n\n\n<p>Quando a enfermidade \u00e9 mais avan\u00e7ada ou agressiva, estrat\u00e9gias combinadas costumam ser necess\u00e1rias. Entre as principais modalidades terap\u00eauticas utilizadas est\u00e3o:<\/p>\n\n\n\n\n<a href=\"https:\/\/www.instagram.com\/dra.annaluisabf\/\" target=\"_blank\" rel=\"noopener\" style=\"text-decoration: none; color: inherit;\">\n    <span style=\"display: inline-block; border: 1px solid #ccc; border-radius: 10px; padding: 15px; max-width: 550px; font-family: sans-serif; box-shadow: 0 2px 5px rgba(0,0,0,0.1); width: 100%;\">\n\n      <!-- T\u00edtulo -->\n      <span style=\"display: block; margin: 0 0 15px 0; font-weight: bold; color: #2c3e50; text-align: center;\">\n        Entre em contato:\n      <\/span>\n\n      <!-- Linha do perfil -->\n      <span style=\"display: flex; align-items: center; gap: 15px;\">\n        <img decoding=\"async\"\n          src=\"https:\/\/www.correiobraziliense.com.br\/cbradar\/wp-content\/uploads\/2025\/08\/dra_anna_luisa.jpeg\"\n          alt=\"Foto da Dra. Anna Lu\u00edsa\"\n          style=\"border-radius: 50%; width: 80px; height: 80px; object-fit: cover;\"\n        \/>\n        <span style=\"display: flex; flex-direction: column;\">\n          <span style=\"font-size: 18px; font-weight: 700; color: #2c3e50;\">Dra. Anna Lu\u00edsa Barbosa Fernandes<\/span>\n          <span style=\"color: #555;\">CRM-GO 33.271<\/span>\n        <\/span>\n      <\/span>\n\n      <!-- Redes -->\n      <span style=\"display: flex; align-items: center; gap: 10px; margin-top: 12px;\">\n        <img decoding=\"async\" src=\"https:\/\/cdn-icons-png.flaticon.com\/24\/1384\/1384063.png\" alt=\"Instagram\" width=\"24\" height=\"24\" \/>\n        <span style=\"text-decoration: underline; color: #2c3e50;\">@dra.annaluisabf<\/span>\n      <\/span>\n\n    <\/span>\n  <\/a>","protected":false},"excerpt":{"rendered":"<p>O c\u00e2ncer de pr\u00f3stata, uma das principais causas de morbidade entre os homens, tem se tornado uma preocupa\u00e7\u00e3o crescente entre as gera\u00e7\u00f5es mais jovens, com aumento de cerca de 32% nos atendimentos em homens com menos de 50 anos entre 2020 e 2024, fen\u00f4meno ligado a fatores como mudan\u00e7as no estilo de vida, maior conscientiza\u00e7\u00e3o [&hellip;]<\/p>\n","protected":false},"author":14,"featured_media":85377,"comment_status":"open","ping_status":"open","sticky":false,"template":"","format":"standard","meta":{"_yoast_wpseo_focuskw":"C\u00e2ncer de pr\u00f3stata","_yoast_wpseo_title":"","_yoast_wpseo_metadesc":"C\u00e2ncer de pr\u00f3stata cresce entre homens jovens entenda fatores de risco e import\u00e2ncia da preven\u00e7\u00e3o","jnews-multi-image_gallery":[],"jnews_single_post":{"format":"standard"},"jnews_primary_category":[],"jnews_social_meta":[],"jnews_override_counter":[],"footnotes":""},"categories":[4404],"tags":[120,247,1318],"class_list":["post-234390","post","type-post","status-publish","format-standard","has-post-thumbnail","hentry","category-saude","tag-bem-estar","tag-qualidade-de-vida","tag-saude-2"],"yoast_head":"<!-- This site is optimized with the Yoast SEO plugin v24.6 - https:\/\/yoast.com\/wordpress\/plugins\/seo\/ -->\n<title>Casos em jovens aumentam e acendem alerta sobre c\u00e2ncer de pr\u00f3stata - Correio Braziliense - Radar<\/title>\n<meta name=\"description\" content=\"C\u00e2ncer de pr\u00f3stata cresce entre homens jovens entenda fatores de risco e import\u00e2ncia da preven\u00e7\u00e3o\" \/>\n<meta name=\"robots\" content=\"index, follow, max-snippet:-1, max-image-preview:large, max-video-preview:-1\" \/>\n<link rel=\"canonical\" href=\"https:\/\/www.correiobraziliense.com.br\/cbradar\/casos-em-jovens-aumentam-e-acendem-alerta-sobre-cancer-de-prostata\/\" \/>\n<meta property=\"og:locale\" content=\"pt_BR\" \/>\n<meta property=\"og:type\" content=\"article\" \/>\n<meta property=\"og:title\" content=\"Casos em jovens aumentam e acendem alerta sobre c\u00e2ncer de pr\u00f3stata - Correio Braziliense - Radar\" \/>\n<meta property=\"og:description\" content=\"C\u00e2ncer de pr\u00f3stata cresce entre homens jovens entenda fatores de risco e import\u00e2ncia da preven\u00e7\u00e3o\" \/>\n<meta property=\"og:url\" content=\"https:\/\/www.correiobraziliense.com.br\/cbradar\/casos-em-jovens-aumentam-e-acendem-alerta-sobre-cancer-de-prostata\/\" \/>\n<meta property=\"og:site_name\" content=\"Correio Braziliense - Radar\" \/>\n<meta property=\"article:published_time\" content=\"2026-04-30T20:15:00+00:00\" \/>\n<meta property=\"og:image\" content=\"https:\/\/www.correiobraziliense.com.br\/cbradar\/wp-content\/uploads\/2025\/08\/Prostata-_1755005793451.jpg\" \/>\n\t<meta property=\"og:image:width\" content=\"1280\" \/>\n\t<meta property=\"og:image:height\" content=\"720\" \/>\n\t<meta property=\"og:image:type\" content=\"image\/jpeg\" \/>\n<meta name=\"author\" content=\"guilherme_saude\" \/>\n<meta name=\"twitter:card\" content=\"summary_large_image\" \/>\n<meta name=\"twitter:label1\" content=\"Escrito por\" \/>\n\t<meta name=\"twitter:data1\" content=\"guilherme_saude\" \/>\n\t<meta name=\"twitter:label2\" content=\"Est. tempo de leitura\" \/>\n\t<meta name=\"twitter:data2\" content=\"4 minutos\" \/>\n<!-- \/ Yoast SEO plugin. -->","yoast_head_json":{"title":"Casos em jovens aumentam e acendem alerta sobre c\u00e2ncer de pr\u00f3stata - Correio Braziliense - Radar","description":"C\u00e2ncer de pr\u00f3stata cresce entre homens jovens entenda fatores de risco e import\u00e2ncia da preven\u00e7\u00e3o","robots":{"index":"index","follow":"follow","max-snippet":"max-snippet:-1","max-image-preview":"max-image-preview:large","max-video-preview":"max-video-preview:-1"},"canonical":"https:\/\/www.correiobraziliense.com.br\/cbradar\/casos-em-jovens-aumentam-e-acendem-alerta-sobre-cancer-de-prostata\/","og_locale":"pt_BR","og_type":"article","og_title":"Casos em jovens aumentam e acendem alerta sobre c\u00e2ncer de pr\u00f3stata - Correio Braziliense - Radar","og_description":"C\u00e2ncer de pr\u00f3stata cresce entre homens jovens entenda fatores de risco e import\u00e2ncia da preven\u00e7\u00e3o","og_url":"https:\/\/www.correiobraziliense.com.br\/cbradar\/casos-em-jovens-aumentam-e-acendem-alerta-sobre-cancer-de-prostata\/","og_site_name":"Correio Braziliense - Radar","article_published_time":"2026-04-30T20:15:00+00:00","og_image":[{"width":1280,"height":720,"url":"https:\/\/www.correiobraziliense.com.br\/cbradar\/wp-content\/uploads\/2025\/08\/Prostata-_1755005793451.jpg","type":"image\/jpeg"}],"author":"guilherme_saude","twitter_card":"summary_large_image","twitter_misc":{"Escrito por":"guilherme_saude","Est. tempo de leitura":"4 minutos"},"schema":{"@context":"https:\/\/schema.org","@graph":[{"@type":"WebPage","@id":"https:\/\/www.correiobraziliense.com.br\/cbradar\/casos-em-jovens-aumentam-e-acendem-alerta-sobre-cancer-de-prostata\/","url":"https:\/\/www.correiobraziliense.com.br\/cbradar\/casos-em-jovens-aumentam-e-acendem-alerta-sobre-cancer-de-prostata\/","name":"Casos em jovens aumentam e acendem alerta sobre c\u00e2ncer de pr\u00f3stata - Correio Braziliense - Radar","isPartOf":{"@id":"https:\/\/www.correiobraziliense.com.br\/cbradar\/#website"},"primaryImageOfPage":{"@id":"https:\/\/www.correiobraziliense.com.br\/cbradar\/casos-em-jovens-aumentam-e-acendem-alerta-sobre-cancer-de-prostata\/#primaryimage"},"image":{"@id":"https:\/\/www.correiobraziliense.com.br\/cbradar\/casos-em-jovens-aumentam-e-acendem-alerta-sobre-cancer-de-prostata\/#primaryimage"},"thumbnailUrl":"https:\/\/www.correiobraziliense.com.br\/cbradar\/wp-content\/uploads\/2025\/08\/Prostata-_1755005793451.jpg","datePublished":"2026-04-30T20:15:00+00:00","author":{"@id":"https:\/\/www.correiobraziliense.com.br\/cbradar\/#\/schema\/person\/5aa4bf3c8fa699c267933611de12978b"},"description":"C\u00e2ncer de pr\u00f3stata cresce entre homens jovens entenda fatores de risco e import\u00e2ncia da preven\u00e7\u00e3o","breadcrumb":{"@id":"https:\/\/www.correiobraziliense.com.br\/cbradar\/casos-em-jovens-aumentam-e-acendem-alerta-sobre-cancer-de-prostata\/#breadcrumb"},"inLanguage":"pt-BR","potentialAction":[{"@type":"ReadAction","target":["https:\/\/www.correiobraziliense.com.br\/cbradar\/casos-em-jovens-aumentam-e-acendem-alerta-sobre-cancer-de-prostata\/"]}]},{"@type":"ImageObject","inLanguage":"pt-BR","@id":"https:\/\/www.correiobraziliense.com.br\/cbradar\/casos-em-jovens-aumentam-e-acendem-alerta-sobre-cancer-de-prostata\/#primaryimage","url":"https:\/\/www.correiobraziliense.com.br\/cbradar\/wp-content\/uploads\/2025\/08\/Prostata-_1755005793451.jpg","contentUrl":"https:\/\/www.correiobraziliense.com.br\/cbradar\/wp-content\/uploads\/2025\/08\/Prostata-_1755005793451.jpg","width":1280,"height":720,"caption":"Sa\u00fade da pr\u00f3stata - Cr\u00e9ditos: depositphotos.com \/ IgorVetushko"},{"@type":"BreadcrumbList","@id":"https:\/\/www.correiobraziliense.com.br\/cbradar\/casos-em-jovens-aumentam-e-acendem-alerta-sobre-cancer-de-prostata\/#breadcrumb","itemListElement":[{"@type":"ListItem","position":1,"name":"In\u00edcio","item":"https:\/\/www.correiobraziliense.com.br\/cbradar\/"},{"@type":"ListItem","position":2,"name":"Casos em jovens aumentam e acendem alerta sobre c\u00e2ncer de pr\u00f3stata"}]},{"@type":"WebSite","@id":"https:\/\/www.correiobraziliense.com.br\/cbradar\/#website","url":"https:\/\/www.correiobraziliense.com.br\/cbradar\/","name":"Correio Braziliense - Radar","description":"Acompanhe as \u00faltimas not\u00edcias e fique bem informado sobre tudo o que acontece no Brasil e no mundo.","potentialAction":[{"@type":"SearchAction","target":{"@type":"EntryPoint","urlTemplate":"https:\/\/www.correiobraziliense.com.br\/cbradar\/?s={search_term_string}"},"query-input":{"@type":"PropertyValueSpecification","valueRequired":true,"valueName":"search_term_string"}}],"inLanguage":"pt-BR"},{"@type":"Person","@id":"https:\/\/www.correiobraziliense.com.br\/cbradar\/#\/schema\/person\/5aa4bf3c8fa699c267933611de12978b","name":"guilherme_saude","image":{"@type":"ImageObject","inLanguage":"pt-BR","@id":"https:\/\/www.correiobraziliense.com.br\/cbradar\/#\/schema\/person\/image\/","url":"https:\/\/secure.gravatar.com\/avatar\/df9adfb835d344bc0af109d41756253f?s=96&d=mm&r=g","contentUrl":"https:\/\/secure.gravatar.com\/avatar\/df9adfb835d344bc0af109d41756253f?s=96&d=mm&r=g","caption":"guilherme_saude"},"url":"https:\/\/www.correiobraziliense.com.br\/cbradar\/author\/guilherme_saude\/"}]}},"_links":{"self":[{"href":"https:\/\/www.correiobraziliense.com.br\/cbradar\/wp-json\/wp\/v2\/posts\/234390","targetHints":{"allow":["GET"]}}],"collection":[{"href":"https:\/\/www.correiobraziliense.com.br\/cbradar\/wp-json\/wp\/v2\/posts"}],"about":[{"href":"https:\/\/www.correiobraziliense.com.br\/cbradar\/wp-json\/wp\/v2\/types\/post"}],"author":[{"embeddable":true,"href":"https:\/\/www.correiobraziliense.com.br\/cbradar\/wp-json\/wp\/v2\/users\/14"}],"replies":[{"embeddable":true,"href":"https:\/\/www.correiobraziliense.com.br\/cbradar\/wp-json\/wp\/v2\/comments?post=234390"}],"version-history":[{"count":1,"href":"https:\/\/www.correiobraziliense.com.br\/cbradar\/wp-json\/wp\/v2\/posts\/234390\/revisions"}],"predecessor-version":[{"id":234391,"href":"https:\/\/www.correiobraziliense.com.br\/cbradar\/wp-json\/wp\/v2\/posts\/234390\/revisions\/234391"}],"wp:featuredmedia":[{"embeddable":true,"href":"https:\/\/www.correiobraziliense.com.br\/cbradar\/wp-json\/wp\/v2\/media\/85377"}],"wp:attachment":[{"href":"https:\/\/www.correiobraziliense.com.br\/cbradar\/wp-json\/wp\/v2\/media?parent=234390"}],"wp:term":[{"taxonomy":"category","embeddable":true,"href":"https:\/\/www.correiobraziliense.com.br\/cbradar\/wp-json\/wp\/v2\/categories?post=234390"},{"taxonomy":"post_tag","embeddable":true,"href":"https:\/\/www.correiobraziliense.com.br\/cbradar\/wp-json\/wp\/v2\/tags?post=234390"}],"curies":[{"name":"wp","href":"https:\/\/api.w.org\/{rel}","templated":true}]}}