{"id":234392,"date":"2026-04-30T20:25:00","date_gmt":"2026-04-30T23:25:00","guid":{"rendered":"https:\/\/www.correiobraziliense.com.br\/cbradar\/?p=234392"},"modified":"2026-04-29T16:52:18","modified_gmt":"2026-04-29T19:52:18","slug":"o-que-descobriram-nessa-planta-pode-mudar-o-combate-a-virus","status":"publish","type":"post","link":"https:\/\/www.correiobraziliense.com.br\/cbradar\/o-que-descobriram-nessa-planta-pode-mudar-o-combate-a-virus\/","title":{"rendered":"O que descobriram nessa planta pode mudar o combate a v\u00edrus"},"content":{"rendered":"\n<p>A planta&nbsp;<em>Copaifera lucens<\/em>, conhecida popularmente como copa\u00edba-vermelha, tem atra\u00eddo aten\u00e7\u00e3o na pesquisa m\u00e9dica pelo potencial antiviral contra o SARS-CoV-2. Um estudo de pesquisadores brasileiros, publicado na revista&nbsp;<em>Scientific Reports<\/em>&nbsp;com apoio da FAPESP, identificou subst\u00e2ncias nas folhas dessa planta capazes de inibir a entrada do v\u00edrus nas c\u00e9lulas, bloquear etapas da replica\u00e7\u00e3o e reduzir a produ\u00e7\u00e3o de prote\u00ednas virais, indicando um caminho promissor para futuros tratamentos complementares para a Covid-19, ainda em fase inicial de investiga\u00e7\u00e3o.<\/p>\n\n\n\n<h2 class=\"wp-block-heading\">Como os \u00e1cidos galoilqu\u00ednicos atuam contra o SARS-CoV-2?<\/h2>\n\n\n\n<p>Os \u00e1cidos galoilqu\u00ednicos (GQAs), extra\u00eddos das folhas da copa\u00edba-vermelha, interferem em etapas cruciais do ciclo viral. Em testes laboratoriais, esses compostos reduziram em at\u00e9 93% a presen\u00e7a do v\u00edrus em determinadas concentra\u00e7\u00f5es, apresentando baixa toxicidade e desempenho compar\u00e1vel ao de antivirais j\u00e1 utilizados.<\/p>\n\n\n\n<p>Al\u00e9m de diminuir a carga viral, os pesquisadores observaram que os GQAs reduzem a produ\u00e7\u00e3o de prote\u00ednas virais essenciais \u00e0 infec\u00e7\u00e3o. Esses resultados apontam para o potencial uso desses compostos como base de futuros medicamentos, desde que estudos em animais e, depois, em humanos confirmem sua seguran\u00e7a e efic\u00e1cia.<\/p>\n\n\n\n<h2 class=\"wp-block-heading\">Por que os \u00e1cidos galoilqu\u00ednicos apresentam a\u00e7\u00e3o antiviral multialvo?<\/h2>\n\n\n\n<p>Uma caracter\u00edstica distintiva dos compostos extra\u00eddos da copa\u00edba-vermelha \u00e9 a atua\u00e7\u00e3o multialvo, interferindo em diferentes etapas da infec\u00e7\u00e3o viral ao mesmo tempo. Essa multifuncionalidade reduz a chance de o v\u00edrus desenvolver resist\u00eancia, o que \u00e9 relevante diante do surgimento r\u00e1pido de novas variantes.<\/p>\n\n\n\n<p>Ao atingir mais de um mecanismo do v\u00edrus, os GQAs podem oferecer prote\u00e7\u00e3o mais robusta e sustentada ao longo do tempo. Essa propriedade desperta interesse para uso combinado com outros antivirais e para estrat\u00e9gias futuras de manejo de pandemias virais, embora ainda seja necess\u00e1ria valida\u00e7\u00e3o cl\u00ednica.<\/p>\n\n\n<div class=\"wp-block-image\">\n<figure class=\"aligncenter size-full\"><img decoding=\"async\" width=\"1280\" height=\"720\" src=\"https:\/\/www.correiobraziliense.com.br\/cbradar\/wp-content\/uploads\/2026\/04\/antiviral_1777492304989.jpg\" alt=\"\" class=\"wp-image-234394\" srcset=\"https:\/\/www.correiobraziliense.com.br\/cbradar\/wp-content\/uploads\/2026\/04\/antiviral_1777492304989.jpg 1280w, https:\/\/www.correiobraziliense.com.br\/cbradar\/wp-content\/uploads\/2026\/04\/antiviral_1777492304989-300x169.jpg 300w, https:\/\/www.correiobraziliense.com.br\/cbradar\/wp-content\/uploads\/2026\/04\/antiviral_1777492304989-768x432.jpg 768w, https:\/\/www.correiobraziliense.com.br\/cbradar\/wp-content\/uploads\/2026\/04\/antiviral_1777492304989-750x422.jpg 750w, https:\/\/www.correiobraziliense.com.br\/cbradar\/wp-content\/uploads\/2026\/04\/antiviral_1777492304989-1140x641.jpg 1140w\" sizes=\"(max-width: 1280px) 100vw, 1280px\" \/><figcaption class=\"wp-element-caption\">Subst\u00e2ncias de planta brasileira podem inibir replica\u00e7\u00e3o viral &#8211; Cr\u00e9ditos: depositphotos.com \/ vatruska<\/figcaption><\/figure><\/div>\n\n\n<h2 class=\"wp-block-heading\">Como os \u00e1cidos galoilqu\u00ednicos se comparam aos antivirais usados na Covid-19?<\/h2>\n\n\n\n<p>Em termos de efic\u00e1cia in vitro, os efeitos dos \u00e1cidos galoilqu\u00ednicos foram considerados compar\u00e1veis aos de antivirais aprovados para Covid-19, como remdesivir e molnupiravir. Apesar do desempenho promissor, esses compostos ainda est\u00e3o em fases iniciais de pesquisa e n\u00e3o devem ser usados de forma emp\u00edrica ou caseira pela popula\u00e7\u00e3o.<\/p>\n\n\n\n<p>Os autores ressaltam que os GQAs, por serem derivados de uma fonte natural, despertam interesse no desenvolvimento de fitomedicamentos padronizados. Esse processo exige estudos de farmacocin\u00e9tica, estabilidade, formula\u00e7\u00e3o e seguran\u00e7a, fundamentais antes de qualquer aplica\u00e7\u00e3o terap\u00eautica ampla em humanos.<\/p>\n\n\n\n<h2 class=\"wp-block-heading\">Quais s\u00e3o os principais potenciais farmacol\u00f3gicos da Copaifera lucens?<\/h2>\n\n\n\n<p>A&nbsp;<em>Copaifera lucens<\/em>&nbsp;vem sendo estudada por propriedades farmacol\u00f3gicas diversificadas, incluindo efeitos antif\u00fangicos, anticancer\u00edgenos e antivirais em modelos experimentais. Pesquisas anteriores sugerem que mol\u00e9culas similares presentes na planta tamb\u00e9m podem atuar sobre outros pat\u00f3genos, como o HIV-1, ampliando seu poss\u00edvel espectro terap\u00eautico.<\/p>\n\n\n\n<p>Entre os potenciais farmacol\u00f3gicos em investiga\u00e7\u00e3o, destacam-se os seguintes efeitos, observados principalmente em estudos laboratoriais e que ainda precisam ser validados em pesquisas cl\u00ednicas com humanos:<\/p>\n\n\n\n<style>\n  .make-wrap{\n    max-width: 760px;\n    margin: 26px auto;\n    padding: 18px;\n    border-radius: 18px;\n    background: linear-gradient(135deg,#f0f7ff 0%,#eef2ff 100%);\n    border: 1px solid #c7d2fe;\n    box-shadow: 0 8px 20px rgba(59,130,246,.12);\n    font-family: system-ui, -apple-system, Segoe UI, Roboto, Helvetica, Arial, sans-serif;\n  }\n\n  .make-title{\n    display:flex; \n    align-items:center; \n    gap:10px;\n    margin:0 0 12px 4px;\n    font-size:1.2rem; \n    font-weight:900; \n    color:#1e3a8a;\n  }\n\n  .make-table{\n    width:100%;\n    border-collapse:separate;\n    border-spacing:0;\n    overflow:hidden;\n    border-radius:16px;\n    border:1px solid #c7d2fe;\n    background:#fff;\n    font-size:.92rem;\n  }\n\n  .make-table thead th{\n    background:linear-gradient(90deg,#dbeafe 0%,#e0e7ff 100%);\n    padding:12px;\n    color:#1e40af;\n    font-weight:800;\n    text-align:left;\n    border-bottom:1px solid #c7d2fe;\n  }\n\n  .make-table tbody td{\n    padding:12px;\n    color:#374151;\n    vertical-align:top;\n    border-bottom:1px dashed #c7d2fe;\n  }\n\n  .make-table tbody tr:nth-child(odd){\n    background:#f8fbff;\n  }\n\n  .price{\n    display:inline-flex;\n    align-items:center;\n    background:#eff6ff;\n    color:#1d4ed8;\n    padding:6px 10px;\n    border-radius:10px;\n    border:1px solid #bfdbfe;\n    font-weight:700;\n    white-space:nowrap;\n  }\n\n  .badge{\n    display:inline-block;\n    background:#dbeafe;\n    color:#2563eb;\n    border:1px solid #bfdbfe;\n    padding:4px 10px;\n    border-radius:999px;\n    font-weight:700;\n    font-size:.78rem;\n  }\n\n  @media (max-width:720px){\n    .make-table thead{display:none}\n    .make-table, .make-table tbody, .make-table tr, .make-table td{\n      display:block; \n      width:100%;\n    }\n    .make-table tr{\n      margin-bottom:12px;\n      border:1px solid #c7d2fe;\n      border-radius:14px;\n      overflow:hidden;\n      background:#fff;\n    }\n    .make-table td[data-label]:before{\n      content:attr(data-label);\n      display:block;\n      font-weight:800;\n      color:#1e40af;\n      margin-bottom:4px;\n    }\n    .make-table tbody td:last-child{border-bottom:none}\n  }\n<\/style>\n\n<div class=\"make-wrap\">\n  <h3 class=\"make-title\">\ud83d\udc99\ud83e\uddec Propriedades Biol\u00f3gicas Observadas<\/h3>\n\n  <table class=\"make-table\">\n    <thead>\n      <tr>\n        <th>Propriedade<\/th>\n        <th>Descri\u00e7\u00e3o<\/th>\n      <\/tr>\n    <\/thead>\n    <tbody>\n      <tr>\n        <td data-label=\"Propriedade\">A\u00e7\u00e3o antiviral<\/td>\n        <td data-label=\"Descri\u00e7\u00e3o\">A\u00e7\u00e3o antiviral contra SARS-CoV-2 e poss\u00edvel atividade frente a outros v\u00edrus respirat\u00f3rios.<\/td>\n      <\/tr>\n      <tr>\n        <td data-label=\"Propriedade\">Atividade antif\u00fangica<\/td>\n        <td data-label=\"Descri\u00e7\u00e3o\">Propriedades antif\u00fangicas observadas em cepas variadas de fungos de import\u00e2ncia m\u00e9dica.<\/td>\n      <\/tr>\n      <tr>\n        <td data-label=\"Propriedade\">Potencial anticancer\u00edgeno<\/td>\n        <td data-label=\"Descri\u00e7\u00e3o\">Ind\u00edcios de atividade anticancer\u00edgena em modelos celulares espec\u00edficos.<\/td>\n      <\/tr>\n      <tr>\n        <td data-label=\"Propriedade\">Capacidade antioxidante<\/td>\n        <td data-label=\"Descri\u00e7\u00e3o\">Capacidade antioxidante, que pode auxiliar na modula\u00e7\u00e3o de processos inflamat\u00f3rios.<\/td>\n      <\/tr>\n    <\/tbody>\n  <\/table>\n\n  <p style=\"margin-top:14px; color:#6b7280; font-size:.9rem;\">\n    \ud83d\udca1 <strong>Dica:<\/strong> Esses efeitos ainda dependem de mais estudos cl\u00ednicos para confirma\u00e7\u00e3o em humanos.\n  <\/p>\n<\/div>\n\n\n\n\n<h2 class=\"wp-block-heading\">Quais s\u00e3o os pr\u00f3ximos passos para o uso terap\u00eautico da copa\u00edba-vermelha?<\/h2>\n\n\n\n<p>Apesar dos resultados promissores, os cientistas enfatizam que h\u00e1 um longo caminho at\u00e9 que os compostos da copa\u00edba-vermelha cheguem \u00e0 pr\u00e1tica cl\u00ednica. Os pr\u00f3ximos passos envolvem testes rigorosos em modelos animais e, depois, ensaios cl\u00ednicos em fases sucessivas para avaliar seguran\u00e7a, dose adequada e efic\u00e1cia real em pacientes.<\/p>\n\n\n\n<p>O estudo refor\u00e7a a import\u00e2ncia da biodiversidade brasileira como fonte de novas mol\u00e9culas bioativas e a necessidade de pol\u00edticas de conserva\u00e7\u00e3o e incentivo \u00e0 pesquisa. Essa combina\u00e7\u00e3o pode transformar recursos naturais em solu\u00e7\u00f5es inovadoras para o enfrentamento de pandemias globais e de outras doen\u00e7as de grande impacto em <a href=\"https:\/\/www.correiobraziliense.com.br\/cbradar\/a-dor-nas-articulacoes-pode-piorar-com-o-tempo-mas-esses-habitos-ajudam-a-aliviar\/\" target=\"_blank\" rel=\"noreferrer noopener\">sa\u00fade <\/a>p\u00fablica.<\/p>\n\n\n<a href=\"https:\/\/www.instagram.com\/dra.annaluisabf\/\" target=\"_blank\" rel=\"noopener\" style=\"text-decoration: none; color: inherit;\">\n    <span style=\"display: inline-block; border: 1px solid #ccc; border-radius: 10px; padding: 15px; max-width: 550px; font-family: sans-serif; box-shadow: 0 2px 5px rgba(0,0,0,0.1); width: 100%;\">\n\n      <!-- T\u00edtulo -->\n      <span style=\"display: block; margin: 0 0 15px 0; font-weight: bold; color: #2c3e50; text-align: center;\">\n        Entre em contato:\n      <\/span>\n\n      <!-- Linha do perfil -->\n      <span style=\"display: flex; align-items: center; gap: 15px;\">\n        <img decoding=\"async\"\n          src=\"https:\/\/www.correiobraziliense.com.br\/cbradar\/wp-content\/uploads\/2025\/08\/dra_anna_luisa.jpeg\"\n          alt=\"Foto da Dra. Anna Lu\u00edsa\"\n          style=\"border-radius: 50%; width: 80px; height: 80px; object-fit: cover;\"\n        \/>\n        <span style=\"display: flex; flex-direction: column;\">\n          <span style=\"font-size: 18px; font-weight: 700; color: #2c3e50;\">Dra. Anna Lu\u00edsa Barbosa Fernandes<\/span>\n          <span style=\"color: #555;\">CRM-GO 33.271<\/span>\n        <\/span>\n      <\/span>\n\n      <!-- Redes -->\n      <span style=\"display: flex; align-items: center; gap: 10px; margin-top: 12px;\">\n        <img decoding=\"async\" src=\"https:\/\/cdn-icons-png.flaticon.com\/24\/1384\/1384063.png\" alt=\"Instagram\" width=\"24\" height=\"24\" \/>\n        <span style=\"text-decoration: underline; color: #2c3e50;\">@dra.annaluisabf<\/span>\n      <\/span>\n\n    <\/span>\n  <\/a>","protected":false},"excerpt":{"rendered":"<p>A planta&nbsp;Copaifera lucens, conhecida popularmente como copa\u00edba-vermelha, tem atra\u00eddo aten\u00e7\u00e3o na pesquisa m\u00e9dica pelo potencial antiviral contra o SARS-CoV-2. Um estudo de pesquisadores brasileiros, publicado na revista&nbsp;Scientific Reports&nbsp;com apoio da FAPESP, identificou subst\u00e2ncias nas folhas dessa planta capazes de inibir a entrada do v\u00edrus nas c\u00e9lulas, bloquear etapas da replica\u00e7\u00e3o e reduzir a produ\u00e7\u00e3o de [&hellip;]<\/p>\n","protected":false},"author":14,"featured_media":234393,"comment_status":"open","ping_status":"open","sticky":false,"template":"","format":"standard","meta":{"_yoast_wpseo_focuskw":"Planta brasileira","_yoast_wpseo_title":"","_yoast_wpseo_metadesc":"Planta brasileira mostra potencial antiviral contra coronav\u00edrus entenda o que cientistas descobriram","jnews-multi-image_gallery":[],"jnews_single_post":{"format":"standard"},"jnews_primary_category":[],"jnews_social_meta":[],"jnews_override_counter":[],"footnotes":""},"categories":[4404],"tags":[120,247,1318],"class_list":["post-234392","post","type-post","status-publish","format-standard","has-post-thumbnail","hentry","category-saude","tag-bem-estar","tag-qualidade-de-vida","tag-saude-2"],"yoast_head":"<!-- This site is optimized with the Yoast SEO plugin v24.6 - https:\/\/yoast.com\/wordpress\/plugins\/seo\/ -->\n<title>O que descobriram nessa planta pode mudar o combate a v\u00edrus - Correio Braziliense - Radar<\/title>\n<meta name=\"description\" content=\"Planta brasileira mostra potencial antiviral contra coronav\u00edrus entenda o que cientistas descobriram\" \/>\n<meta name=\"robots\" content=\"index, follow, max-snippet:-1, max-image-preview:large, max-video-preview:-1\" \/>\n<link rel=\"canonical\" href=\"https:\/\/www.correiobraziliense.com.br\/cbradar\/o-que-descobriram-nessa-planta-pode-mudar-o-combate-a-virus\/\" \/>\n<meta property=\"og:locale\" content=\"pt_BR\" \/>\n<meta property=\"og:type\" content=\"article\" \/>\n<meta property=\"og:title\" content=\"O que descobriram nessa planta pode mudar o combate a v\u00edrus - Correio Braziliense - Radar\" \/>\n<meta property=\"og:description\" content=\"Planta brasileira mostra potencial antiviral contra coronav\u00edrus entenda o que cientistas descobriram\" \/>\n<meta property=\"og:url\" content=\"https:\/\/www.correiobraziliense.com.br\/cbradar\/o-que-descobriram-nessa-planta-pode-mudar-o-combate-a-virus\/\" \/>\n<meta property=\"og:site_name\" content=\"Correio Braziliense - Radar\" \/>\n<meta property=\"article:published_time\" content=\"2026-04-30T23:25:00+00:00\" \/>\n<meta property=\"og:image\" content=\"https:\/\/www.correiobraziliense.com.br\/cbradar\/wp-content\/uploads\/2026\/04\/covid_1777492270567.jpg\" \/>\n\t<meta property=\"og:image:width\" content=\"1280\" \/>\n\t<meta property=\"og:image:height\" content=\"720\" \/>\n\t<meta property=\"og:image:type\" content=\"image\/jpeg\" \/>\n<meta name=\"author\" content=\"guilherme_saude\" \/>\n<meta name=\"twitter:card\" content=\"summary_large_image\" \/>\n<meta name=\"twitter:label1\" content=\"Escrito por\" \/>\n\t<meta name=\"twitter:data1\" content=\"guilherme_saude\" \/>\n\t<meta name=\"twitter:label2\" content=\"Est. tempo de leitura\" \/>\n\t<meta name=\"twitter:data2\" content=\"5 minutos\" \/>\n<!-- \/ Yoast SEO plugin. -->","yoast_head_json":{"title":"O que descobriram nessa planta pode mudar o combate a v\u00edrus - Correio Braziliense - Radar","description":"Planta brasileira mostra potencial antiviral contra coronav\u00edrus entenda o que cientistas descobriram","robots":{"index":"index","follow":"follow","max-snippet":"max-snippet:-1","max-image-preview":"max-image-preview:large","max-video-preview":"max-video-preview:-1"},"canonical":"https:\/\/www.correiobraziliense.com.br\/cbradar\/o-que-descobriram-nessa-planta-pode-mudar-o-combate-a-virus\/","og_locale":"pt_BR","og_type":"article","og_title":"O que descobriram nessa planta pode mudar o combate a v\u00edrus - Correio Braziliense - Radar","og_description":"Planta brasileira mostra potencial antiviral contra coronav\u00edrus entenda o que cientistas descobriram","og_url":"https:\/\/www.correiobraziliense.com.br\/cbradar\/o-que-descobriram-nessa-planta-pode-mudar-o-combate-a-virus\/","og_site_name":"Correio Braziliense - Radar","article_published_time":"2026-04-30T23:25:00+00:00","og_image":[{"width":1280,"height":720,"url":"https:\/\/www.correiobraziliense.com.br\/cbradar\/wp-content\/uploads\/2026\/04\/covid_1777492270567.jpg","type":"image\/jpeg"}],"author":"guilherme_saude","twitter_card":"summary_large_image","twitter_misc":{"Escrito por":"guilherme_saude","Est. tempo de leitura":"5 minutos"},"schema":{"@context":"https:\/\/schema.org","@graph":[{"@type":"WebPage","@id":"https:\/\/www.correiobraziliense.com.br\/cbradar\/o-que-descobriram-nessa-planta-pode-mudar-o-combate-a-virus\/","url":"https:\/\/www.correiobraziliense.com.br\/cbradar\/o-que-descobriram-nessa-planta-pode-mudar-o-combate-a-virus\/","name":"O que descobriram nessa planta pode mudar o combate a v\u00edrus - Correio Braziliense - Radar","isPartOf":{"@id":"https:\/\/www.correiobraziliense.com.br\/cbradar\/#website"},"primaryImageOfPage":{"@id":"https:\/\/www.correiobraziliense.com.br\/cbradar\/o-que-descobriram-nessa-planta-pode-mudar-o-combate-a-virus\/#primaryimage"},"image":{"@id":"https:\/\/www.correiobraziliense.com.br\/cbradar\/o-que-descobriram-nessa-planta-pode-mudar-o-combate-a-virus\/#primaryimage"},"thumbnailUrl":"https:\/\/www.correiobraziliense.com.br\/cbradar\/wp-content\/uploads\/2026\/04\/covid_1777492270567.jpg","datePublished":"2026-04-30T23:25:00+00:00","author":{"@id":"https:\/\/www.correiobraziliense.com.br\/cbradar\/#\/schema\/person\/5aa4bf3c8fa699c267933611de12978b"},"description":"Planta brasileira mostra potencial antiviral contra coronav\u00edrus entenda o que cientistas descobriram","breadcrumb":{"@id":"https:\/\/www.correiobraziliense.com.br\/cbradar\/o-que-descobriram-nessa-planta-pode-mudar-o-combate-a-virus\/#breadcrumb"},"inLanguage":"pt-BR","potentialAction":[{"@type":"ReadAction","target":["https:\/\/www.correiobraziliense.com.br\/cbradar\/o-que-descobriram-nessa-planta-pode-mudar-o-combate-a-virus\/"]}]},{"@type":"ImageObject","inLanguage":"pt-BR","@id":"https:\/\/www.correiobraziliense.com.br\/cbradar\/o-que-descobriram-nessa-planta-pode-mudar-o-combate-a-virus\/#primaryimage","url":"https:\/\/www.correiobraziliense.com.br\/cbradar\/wp-content\/uploads\/2026\/04\/covid_1777492270567.jpg","contentUrl":"https:\/\/www.correiobraziliense.com.br\/cbradar\/wp-content\/uploads\/2026\/04\/covid_1777492270567.jpg","width":1280,"height":720,"caption":"Compostos da copa\u00edba-vermelha mostram potencial contra coronav\u00edrus - Cr\u00e9ditos: depositphotos.com \/ AndrewLozovyi"},{"@type":"BreadcrumbList","@id":"https:\/\/www.correiobraziliense.com.br\/cbradar\/o-que-descobriram-nessa-planta-pode-mudar-o-combate-a-virus\/#breadcrumb","itemListElement":[{"@type":"ListItem","position":1,"name":"In\u00edcio","item":"https:\/\/www.correiobraziliense.com.br\/cbradar\/"},{"@type":"ListItem","position":2,"name":"O que descobriram nessa planta pode mudar o combate a v\u00edrus"}]},{"@type":"WebSite","@id":"https:\/\/www.correiobraziliense.com.br\/cbradar\/#website","url":"https:\/\/www.correiobraziliense.com.br\/cbradar\/","name":"Correio Braziliense - Radar","description":"Acompanhe as \u00faltimas not\u00edcias e fique bem informado sobre tudo o que acontece no Brasil e no mundo.","potentialAction":[{"@type":"SearchAction","target":{"@type":"EntryPoint","urlTemplate":"https:\/\/www.correiobraziliense.com.br\/cbradar\/?s={search_term_string}"},"query-input":{"@type":"PropertyValueSpecification","valueRequired":true,"valueName":"search_term_string"}}],"inLanguage":"pt-BR"},{"@type":"Person","@id":"https:\/\/www.correiobraziliense.com.br\/cbradar\/#\/schema\/person\/5aa4bf3c8fa699c267933611de12978b","name":"guilherme_saude","image":{"@type":"ImageObject","inLanguage":"pt-BR","@id":"https:\/\/www.correiobraziliense.com.br\/cbradar\/#\/schema\/person\/image\/","url":"https:\/\/secure.gravatar.com\/avatar\/df9adfb835d344bc0af109d41756253f?s=96&d=mm&r=g","contentUrl":"https:\/\/secure.gravatar.com\/avatar\/df9adfb835d344bc0af109d41756253f?s=96&d=mm&r=g","caption":"guilherme_saude"},"url":"https:\/\/www.correiobraziliense.com.br\/cbradar\/author\/guilherme_saude\/"}]}},"_links":{"self":[{"href":"https:\/\/www.correiobraziliense.com.br\/cbradar\/wp-json\/wp\/v2\/posts\/234392","targetHints":{"allow":["GET"]}}],"collection":[{"href":"https:\/\/www.correiobraziliense.com.br\/cbradar\/wp-json\/wp\/v2\/posts"}],"about":[{"href":"https:\/\/www.correiobraziliense.com.br\/cbradar\/wp-json\/wp\/v2\/types\/post"}],"author":[{"embeddable":true,"href":"https:\/\/www.correiobraziliense.com.br\/cbradar\/wp-json\/wp\/v2\/users\/14"}],"replies":[{"embeddable":true,"href":"https:\/\/www.correiobraziliense.com.br\/cbradar\/wp-json\/wp\/v2\/comments?post=234392"}],"version-history":[{"count":1,"href":"https:\/\/www.correiobraziliense.com.br\/cbradar\/wp-json\/wp\/v2\/posts\/234392\/revisions"}],"predecessor-version":[{"id":234395,"href":"https:\/\/www.correiobraziliense.com.br\/cbradar\/wp-json\/wp\/v2\/posts\/234392\/revisions\/234395"}],"wp:featuredmedia":[{"embeddable":true,"href":"https:\/\/www.correiobraziliense.com.br\/cbradar\/wp-json\/wp\/v2\/media\/234393"}],"wp:attachment":[{"href":"https:\/\/www.correiobraziliense.com.br\/cbradar\/wp-json\/wp\/v2\/media?parent=234392"}],"wp:term":[{"taxonomy":"category","embeddable":true,"href":"https:\/\/www.correiobraziliense.com.br\/cbradar\/wp-json\/wp\/v2\/categories?post=234392"},{"taxonomy":"post_tag","embeddable":true,"href":"https:\/\/www.correiobraziliense.com.br\/cbradar\/wp-json\/wp\/v2\/tags?post=234392"}],"curies":[{"name":"wp","href":"https:\/\/api.w.org\/{rel}","templated":true}]}}