{"id":23442,"date":"2025-04-15T17:30:00","date_gmt":"2025-04-15T20:30:00","guid":{"rendered":"https:\/\/www.correiobraziliense.com.br\/cbradar\/?p=23442"},"modified":"2025-04-14T19:08:31","modified_gmt":"2025-04-14T22:08:31","slug":"leilao-da-receita-federal-tem-ps5-por-800-reais-veja-detalhes","status":"publish","type":"post","link":"https:\/\/www.correiobraziliense.com.br\/cbradar\/leilao-da-receita-federal-tem-ps5-por-800-reais-veja-detalhes\/","title":{"rendered":"Leil\u00e3o da Receita Federal tem PS5 por 800 reais, veja detalhes"},"content":{"rendered":"\n<p>A <strong>Receita Federal do Brasil <\/strong>anunciou um leil\u00e3o que ocorrer\u00e1 no <strong>Aeroporto Internacional de<\/strong> <strong>Viracopos<\/strong>, em <strong>Campinas<\/strong>, <strong>S\u00e3o Paulo<\/strong>. Com um total de 400 lotes, o evento est\u00e1 programado para o dia 29 de abril de 2025. Este leil\u00e3o oferece uma ampla gama de produtos, incluindo eletr\u00f4nicos, instrumentos musicais, ve\u00edculos e at\u00e9 pedras preciosas, atraindo tanto pessoas f\u00edsicas quanto jur\u00eddicas.<\/p>\n\n\n\n<p>O destaque do leil\u00e3o \u00e9 a presen\u00e7a de dois consoles <strong>PlayStation 5<\/strong>, com um lance inicial de R$ 800. Al\u00e9m disso, h\u00e1 outros itens de interesse, como notebooks, fones de ouvido, processadores de som e acess\u00f3rios para celulares. Os lances iniciais variam bastante, com o lote mais barato come\u00e7ando em R$ 50, enquanto o mais caro, composto por diversos componentes eletr\u00f4nicos, tem um lance inicial de R$ 428 mil.<\/p>\n\n\n\n<h2 class=\"wp-block-heading\">Como participar do leil\u00e3o da Receita Federal?<\/h2>\n\n\n\n<p>Para participar do leil\u00e3o, os interessados devem enviar suas propostas entre as 8h do dia 24 de abril e as 21h do dia 28 de abril de 2025. A sess\u00e3o de lances est\u00e1 marcada para as 10h do dia 29 de abril, no hor\u00e1rio de Bras\u00edlia. O processo de participa\u00e7\u00e3o \u00e9 realizado atrav\u00e9s do Sistema de Leil\u00e3o Eletr\u00f4nico, acess\u00edvel pelo Centro Virtual de Atendimento ao Contribuinte (e-CAC).<\/p>\n\n\n\n<p>Os requisitos para participa\u00e7\u00e3o incluem ser maior de 18 anos ou emancipado, possuir CPF e ter um selo de confiabilidade Prata ou Ouro no sistema de identidade digital do Governo Federal. Para pessoas jur\u00eddicas, \u00e9 necess\u00e1rio ter um cadastro regular no CNPJ e o mesmo selo de confiabilidade para o respons\u00e1vel ou procurador.<\/p>\n\n\n\n<figure class=\"wp-block-image size-large\"><img decoding=\"async\" width=\"1024\" height=\"576\" src=\"https:\/\/www.correiobraziliense.com.br\/cbradar\/wp-content\/uploads\/2025\/04\/Playstation-5_1744661134261-1024x576.jpg\" alt=\"Leil\u00e3o da Receita Federal tem PS5 por 800 reais, veja detalhes\" class=\"wp-image-23444\" srcset=\"https:\/\/www.correiobraziliense.com.br\/cbradar\/wp-content\/uploads\/2025\/04\/Playstation-5_1744661134261-1024x576.jpg 1024w, https:\/\/www.correiobraziliense.com.br\/cbradar\/wp-content\/uploads\/2025\/04\/Playstation-5_1744661134261-300x169.jpg 300w, https:\/\/www.correiobraziliense.com.br\/cbradar\/wp-content\/uploads\/2025\/04\/Playstation-5_1744661134261-768x432.jpg 768w, https:\/\/www.correiobraziliense.com.br\/cbradar\/wp-content\/uploads\/2025\/04\/Playstation-5_1744661134261-750x422.jpg 750w, https:\/\/www.correiobraziliense.com.br\/cbradar\/wp-content\/uploads\/2025\/04\/Playstation-5_1744661134261-1140x641.jpg 1140w, https:\/\/www.correiobraziliense.com.br\/cbradar\/wp-content\/uploads\/2025\/04\/Playstation-5_1744661134261.jpg 1280w\" sizes=\"(max-width: 1024px) 100vw, 1024px\" \/><figcaption class=\"wp-element-caption\">PlayStation 5. Cr\u00e9ditos: depositphotos.com \/ rokas91<\/figcaption><\/figure>\n\n\n\n<h2 class=\"wp-block-heading\">Quais s\u00e3o as regras e cuidados para participar?<\/h2>\n\n\n\n<p>Os lotes estar\u00e3o dispon\u00edveis para visita\u00e7\u00e3o entre 14 e 25 de abril em v\u00e1rias cidades do estado de S\u00e3o Paulo. Algumas visitas poder\u00e3o ser realizadas por videochamadas, conforme detalhado no edital do leil\u00e3o. \u00c9 importante que os participantes estejam cientes de que os bens adquiridos por pessoas f\u00edsicas n\u00e3o podem ser revendidos. Al\u00e9m disso, a Receita Federal alerta para a possibilidade de golpes, como transmiss\u00f5es ao vivo fraudulentas que simulam leil\u00f5es, enfatizando que a participa\u00e7\u00e3o ocorre exclusivamente pelo e-CAC.<\/p>\n\n\n\n<h2 class=\"wp-block-heading\">O que considerar ao participar de um leil\u00e3o da Receita Federal?<\/h2>\n\n\n\n<p>Participar de um leil\u00e3o da Receita Federal pode ser uma excelente oportunidade para adquirir produtos a pre\u00e7os competitivos. No entanto, \u00e9 essencial que os participantes leiam atentamente o edital, compreendam as regras e estejam cientes das restri\u00e7\u00f5es de revenda. Al\u00e9m disso, \u00e9 crucial verificar a autenticidade das plataformas de leil\u00e3o para evitar fraudes.<\/p>\n\n\n\n<p>O leil\u00e3o da Receita Federal em Viracopos representa uma chance \u00fanica para adquirir uma variedade de produtos, desde eletr\u00f4nicos at\u00e9 itens mais espec\u00edficos, como instrumentos musicais e pedras preciosas. Com a devida prepara\u00e7\u00e3o e aten\u00e7\u00e3o \u00e0s regras, os participantes podem aproveitar ao m\u00e1ximo essa oportunidade.<\/p>\n","protected":false},"excerpt":{"rendered":"<p>Leil\u00e3o da Receita Federal em Campinas oferece uma variedade de produtos, incluindo eletr\u00f4nicos e ve\u00edculos.<\/p>\n","protected":false},"author":3,"featured_media":23443,"comment_status":"open","ping_status":"open","sticky":false,"template":"","format":"standard","meta":{"_yoast_wpseo_focuskw":"leil\u00e3o receita federal","_yoast_wpseo_title":"%%title%%","_yoast_wpseo_metadesc":"Leil\u00e3o da Receita Federal em Campinas oferece uma variedade de produtos, incluindo eletr\u00f4nicos e ve\u00edculos.","jnews-multi-image_gallery":[],"jnews_single_post":{"format":"standard"},"jnews_primary_category":[],"jnews_social_meta":[],"jnews_override_counter":[],"footnotes":""},"categories":[112],"tags":[3343,305],"class_list":["post-23442","post","type-post","status-publish","format-standard","has-post-thumbnail","hentry","category-curiosidades","tag-leilao-da-receita-federal","tag-receita-federal"],"yoast_head":"<!-- This site is optimized with the Yoast SEO plugin v24.6 - https:\/\/yoast.com\/wordpress\/plugins\/seo\/ -->\n<title>Leil\u00e3o da Receita Federal tem PS5 por 800 reais, veja detalhes<\/title>\n<meta name=\"description\" content=\"Leil\u00e3o da Receita Federal em Campinas oferece uma variedade de produtos, incluindo eletr\u00f4nicos e ve\u00edculos.\" \/>\n<meta name=\"robots\" content=\"index, follow, max-snippet:-1, max-image-preview:large, max-video-preview:-1\" \/>\n<link rel=\"canonical\" href=\"https:\/\/www.correiobraziliense.com.br\/cbradar\/leilao-da-receita-federal-tem-ps5-por-800-reais-veja-detalhes\/\" \/>\n<meta property=\"og:locale\" content=\"pt_BR\" \/>\n<meta property=\"og:type\" content=\"article\" \/>\n<meta property=\"og:title\" content=\"Leil\u00e3o da Receita Federal tem PS5 por 800 reais, veja detalhes\" \/>\n<meta property=\"og:description\" content=\"Leil\u00e3o da Receita Federal em Campinas oferece uma variedade de produtos, incluindo eletr\u00f4nicos e ve\u00edculos.\" \/>\n<meta property=\"og:url\" content=\"https:\/\/www.correiobraziliense.com.br\/cbradar\/leilao-da-receita-federal-tem-ps5-por-800-reais-veja-detalhes\/\" \/>\n<meta property=\"og:site_name\" content=\"Correio Braziliense - Radar\" \/>\n<meta property=\"article:published_time\" content=\"2025-04-15T20:30:00+00:00\" \/>\n<meta property=\"og:image\" content=\"https:\/\/www.correiobraziliense.com.br\/cbradar\/wp-content\/uploads\/2025\/04\/Playstation-5_1744661109955.jpg\" \/>\n\t<meta property=\"og:image:width\" content=\"1280\" \/>\n\t<meta property=\"og:image:height\" content=\"720\" \/>\n\t<meta property=\"og:image:type\" content=\"image\/jpeg\" \/>\n<meta name=\"author\" content=\"Larissa Carvalho\" \/>\n<meta name=\"twitter:card\" content=\"summary_large_image\" \/>\n<meta name=\"twitter:label1\" content=\"Escrito por\" \/>\n\t<meta name=\"twitter:data1\" content=\"Larissa Carvalho\" \/>\n\t<meta name=\"twitter:label2\" content=\"Est. tempo de leitura\" \/>\n\t<meta name=\"twitter:data2\" content=\"3 minutos\" \/>\n<!-- \/ Yoast SEO plugin. -->","yoast_head_json":{"title":"Leil\u00e3o da Receita Federal tem PS5 por 800 reais, veja detalhes","description":"Leil\u00e3o da Receita Federal em Campinas oferece uma variedade de produtos, incluindo eletr\u00f4nicos e ve\u00edculos.","robots":{"index":"index","follow":"follow","max-snippet":"max-snippet:-1","max-image-preview":"max-image-preview:large","max-video-preview":"max-video-preview:-1"},"canonical":"https:\/\/www.correiobraziliense.com.br\/cbradar\/leilao-da-receita-federal-tem-ps5-por-800-reais-veja-detalhes\/","og_locale":"pt_BR","og_type":"article","og_title":"Leil\u00e3o da Receita Federal tem PS5 por 800 reais, veja detalhes","og_description":"Leil\u00e3o da Receita Federal em Campinas oferece uma variedade de produtos, incluindo eletr\u00f4nicos e ve\u00edculos.","og_url":"https:\/\/www.correiobraziliense.com.br\/cbradar\/leilao-da-receita-federal-tem-ps5-por-800-reais-veja-detalhes\/","og_site_name":"Correio Braziliense - Radar","article_published_time":"2025-04-15T20:30:00+00:00","og_image":[{"width":1280,"height":720,"url":"https:\/\/www.correiobraziliense.com.br\/cbradar\/wp-content\/uploads\/2025\/04\/Playstation-5_1744661109955.jpg","type":"image\/jpeg"}],"author":"Larissa Carvalho","twitter_card":"summary_large_image","twitter_misc":{"Escrito por":"Larissa Carvalho","Est. tempo de leitura":"3 minutos"},"schema":{"@context":"https:\/\/schema.org","@graph":[{"@type":"WebPage","@id":"https:\/\/www.correiobraziliense.com.br\/cbradar\/leilao-da-receita-federal-tem-ps5-por-800-reais-veja-detalhes\/","url":"https:\/\/www.correiobraziliense.com.br\/cbradar\/leilao-da-receita-federal-tem-ps5-por-800-reais-veja-detalhes\/","name":"Leil\u00e3o da Receita Federal tem PS5 por 800 reais, veja detalhes","isPartOf":{"@id":"https:\/\/www.correiobraziliense.com.br\/cbradar\/#website"},"primaryImageOfPage":{"@id":"https:\/\/www.correiobraziliense.com.br\/cbradar\/leilao-da-receita-federal-tem-ps5-por-800-reais-veja-detalhes\/#primaryimage"},"image":{"@id":"https:\/\/www.correiobraziliense.com.br\/cbradar\/leilao-da-receita-federal-tem-ps5-por-800-reais-veja-detalhes\/#primaryimage"},"thumbnailUrl":"https:\/\/www.correiobraziliense.com.br\/cbradar\/wp-content\/uploads\/2025\/04\/Playstation-5_1744661109955.jpg","datePublished":"2025-04-15T20:30:00+00:00","author":{"@id":"https:\/\/www.correiobraziliense.com.br\/cbradar\/#\/schema\/person\/58422787644df994b53a19d3e56c1513"},"description":"Leil\u00e3o da Receita Federal em Campinas oferece uma variedade de produtos, incluindo eletr\u00f4nicos e ve\u00edculos.","breadcrumb":{"@id":"https:\/\/www.correiobraziliense.com.br\/cbradar\/leilao-da-receita-federal-tem-ps5-por-800-reais-veja-detalhes\/#breadcrumb"},"inLanguage":"pt-BR","potentialAction":[{"@type":"ReadAction","target":["https:\/\/www.correiobraziliense.com.br\/cbradar\/leilao-da-receita-federal-tem-ps5-por-800-reais-veja-detalhes\/"]}]},{"@type":"ImageObject","inLanguage":"pt-BR","@id":"https:\/\/www.correiobraziliense.com.br\/cbradar\/leilao-da-receita-federal-tem-ps5-por-800-reais-veja-detalhes\/#primaryimage","url":"https:\/\/www.correiobraziliense.com.br\/cbradar\/wp-content\/uploads\/2025\/04\/Playstation-5_1744661109955.jpg","contentUrl":"https:\/\/www.correiobraziliense.com.br\/cbradar\/wp-content\/uploads\/2025\/04\/Playstation-5_1744661109955.jpg","width":1280,"height":720,"caption":"Playstation 5. Cr\u00e9ditos: depositphotos.com \/ rokas91"},{"@type":"BreadcrumbList","@id":"https:\/\/www.correiobraziliense.com.br\/cbradar\/leilao-da-receita-federal-tem-ps5-por-800-reais-veja-detalhes\/#breadcrumb","itemListElement":[{"@type":"ListItem","position":1,"name":"In\u00edcio","item":"https:\/\/www.correiobraziliense.com.br\/cbradar\/"},{"@type":"ListItem","position":2,"name":"Leil\u00e3o da Receita Federal tem PS5 por 800 reais, veja detalhes"}]},{"@type":"WebSite","@id":"https:\/\/www.correiobraziliense.com.br\/cbradar\/#website","url":"https:\/\/www.correiobraziliense.com.br\/cbradar\/","name":"Correio Braziliense - Radar","description":"Acompanhe as \u00faltimas not\u00edcias e fique bem informado sobre tudo o que acontece no Brasil e no mundo.","potentialAction":[{"@type":"SearchAction","target":{"@type":"EntryPoint","urlTemplate":"https:\/\/www.correiobraziliense.com.br\/cbradar\/?s={search_term_string}"},"query-input":{"@type":"PropertyValueSpecification","valueRequired":true,"valueName":"search_term_string"}}],"inLanguage":"pt-BR"},{"@type":"Person","@id":"https:\/\/www.correiobraziliense.com.br\/cbradar\/#\/schema\/person\/58422787644df994b53a19d3e56c1513","name":"Larissa Carvalho","image":{"@type":"ImageObject","inLanguage":"pt-BR","@id":"https:\/\/www.correiobraziliense.com.br\/cbradar\/#\/schema\/person\/image\/","url":"https:\/\/secure.gravatar.com\/avatar\/fe4f91a0de32b52a838d0d612abdc1aa?s=96&d=mm&r=g","contentUrl":"https:\/\/secure.gravatar.com\/avatar\/fe4f91a0de32b52a838d0d612abdc1aa?s=96&d=mm&r=g","caption":"Larissa Carvalho"},"url":"https:\/\/www.correiobraziliense.com.br\/cbradar\/author\/larissamyth\/"}]}},"_links":{"self":[{"href":"https:\/\/www.correiobraziliense.com.br\/cbradar\/wp-json\/wp\/v2\/posts\/23442","targetHints":{"allow":["GET"]}}],"collection":[{"href":"https:\/\/www.correiobraziliense.com.br\/cbradar\/wp-json\/wp\/v2\/posts"}],"about":[{"href":"https:\/\/www.correiobraziliense.com.br\/cbradar\/wp-json\/wp\/v2\/types\/post"}],"author":[{"embeddable":true,"href":"https:\/\/www.correiobraziliense.com.br\/cbradar\/wp-json\/wp\/v2\/users\/3"}],"replies":[{"embeddable":true,"href":"https:\/\/www.correiobraziliense.com.br\/cbradar\/wp-json\/wp\/v2\/comments?post=23442"}],"version-history":[{"count":1,"href":"https:\/\/www.correiobraziliense.com.br\/cbradar\/wp-json\/wp\/v2\/posts\/23442\/revisions"}],"predecessor-version":[{"id":23445,"href":"https:\/\/www.correiobraziliense.com.br\/cbradar\/wp-json\/wp\/v2\/posts\/23442\/revisions\/23445"}],"wp:featuredmedia":[{"embeddable":true,"href":"https:\/\/www.correiobraziliense.com.br\/cbradar\/wp-json\/wp\/v2\/media\/23443"}],"wp:attachment":[{"href":"https:\/\/www.correiobraziliense.com.br\/cbradar\/wp-json\/wp\/v2\/media?parent=23442"}],"wp:term":[{"taxonomy":"category","embeddable":true,"href":"https:\/\/www.correiobraziliense.com.br\/cbradar\/wp-json\/wp\/v2\/categories?post=23442"},{"taxonomy":"post_tag","embeddable":true,"href":"https:\/\/www.correiobraziliense.com.br\/cbradar\/wp-json\/wp\/v2\/tags?post=23442"}],"curies":[{"name":"wp","href":"https:\/\/api.w.org\/{rel}","templated":true}]}}