{"id":234429,"date":"2026-05-01T14:55:00","date_gmt":"2026-05-01T17:55:00","guid":{"rendered":"https:\/\/www.correiobraziliense.com.br\/cbradar\/?p=234429"},"modified":"2026-04-30T19:34:11","modified_gmt":"2026-04-30T22:34:11","slug":"5-signos-que-costumam-manter-a-cabeca-fria-evitar-drama-desnecessario-e-trazer-uma-sensacao-de-paz-para-quem-esta-por-perto","status":"publish","type":"post","link":"https:\/\/www.correiobraziliense.com.br\/cbradar\/5-signos-que-costumam-manter-a-cabeca-fria-evitar-drama-desnecessario-e-trazer-uma-sensacao-de-paz-para-quem-esta-por-perto\/","title":{"rendered":"5 signos que costumam manter a cabe\u00e7a fria, evitar drama desnecess\u00e1rio e trazer uma sensa\u00e7\u00e3o de paz para quem est\u00e1 por perto"},"content":{"rendered":"\n<p>A presen\u00e7a de indiv\u00edduos que preservam a estabilidade emocional funciona como um porto seguro em ambientes de alta press\u00e3o social ou profissional. Identificar esses perfis ajuda a compreender como certas caracter\u00edsticas astrol\u00f3gicas favorecem a resolu\u00e7\u00e3o de conflitos e promovem uma conviv\u00eancia muito mais harmoniosa e produtiva.<\/p>\n\n\n\n<h2 class=\"wp-block-heading\">Como a estabilidade emocional influencia o comportamento dos signos de terra<\/h2>\n\n\n\n<p>O <strong>equil\u00edbrio psicol\u00f3gico<\/strong> \u00e9 uma marca registrada dos nativos regidos pelo elemento terra, que priorizam a l\u00f3gica em vez de rea\u00e7\u00f5es impulsivas. O signo de <strong>Touro<\/strong>, por exemplo, destaca-se por sua paci\u00eancia lend\u00e1ria e pela capacidade de filtrar est\u00edmulos negativos sem perder a compostura habitual.<\/p>\n\n\n\n<p>Essas pessoas evitam o <strong>drama desnecess\u00e1rio<\/strong> porque entendem que a energia gasta em discuss\u00f5es infrut\u00edferas prejudica a execu\u00e7\u00e3o de metas pr\u00e1ticas e o bem-estar coletivo. Investir na conviv\u00eancia com esses perfis garante um ambiente de trabalho mais focado e livre de interrup\u00e7\u00f5es emocionais que costumam atrasar grandes projetos.<\/p>\n\n\n<div class=\"wp-block-image\">\n<figure class=\"aligncenter size-large\"><img decoding=\"async\" width=\"1280\" height=\"714\" src=\"https:\/\/www.correiobraziliense.com.br\/cbradar\/wp-content\/uploads\/2026\/05\/magnific_mesa-de-escritorio-minima_2900850187-1280x714.jpeg\" alt=\"\" class=\"wp-image-234973\" srcset=\"https:\/\/www.correiobraziliense.com.br\/cbradar\/wp-content\/uploads\/2026\/05\/magnific_mesa-de-escritorio-minima_2900850187-1280x714.jpeg 1280w, https:\/\/www.correiobraziliense.com.br\/cbradar\/wp-content\/uploads\/2026\/05\/magnific_mesa-de-escritorio-minima_2900850187-300x167.jpeg 300w, https:\/\/www.correiobraziliense.com.br\/cbradar\/wp-content\/uploads\/2026\/05\/magnific_mesa-de-escritorio-minima_2900850187-768x429.jpeg 768w, https:\/\/www.correiobraziliense.com.br\/cbradar\/wp-content\/uploads\/2026\/05\/magnific_mesa-de-escritorio-minima_2900850187-750x419.jpeg 750w, https:\/\/www.correiobraziliense.com.br\/cbradar\/wp-content\/uploads\/2026\/05\/magnific_mesa-de-escritorio-minima_2900850187-1140x636.jpeg 1140w, https:\/\/www.correiobraziliense.com.br\/cbradar\/wp-content\/uploads\/2026\/05\/magnific_mesa-de-escritorio-minima_2900850187.jpeg 1376w\" sizes=\"(max-width: 1280px) 100vw, 1280px\" \/><figcaption class=\"wp-element-caption\">O equil\u00edbrio psicol\u00f3gico \u00e9 uma marca registrada dos nativos regidos pelo elemento terra, que priorizam a l\u00f3gica em vez de rea\u00e7\u00f5es impulsivas<\/figcaption><\/figure><\/div>\n\n\n<p>Leia tamb\u00e9m:&nbsp;<a href=\"https:\/\/www.correiobraziliense.com.br\/cbradar\/3-signos-que-nao-gostam-de-dividir-atencao-e-acabam-sendo-os-mais-ciumentos\/\" target=\"_blank\" rel=\"noreferrer noopener\">3 signos que n\u00e3o gostam de dividir aten\u00e7\u00e3o e acabam sendo os mais ciumentos<\/a><\/p>\n\n\n\n<h2 class=\"wp-block-heading\">A diplomacia silenciosa de quem busca harmonia constante<\/h2>\n\n\n\n<p>A busca por <strong>paz interior<\/strong> motiva os nativos de <strong>Libra<\/strong> a atuarem como mediadores naturais, utilizando a comunica\u00e7\u00e3o assertiva para dissolver tens\u00f5es antes que elas cres\u00e7am. Esse signo de ar utiliza a racionalidade para equilibrar os pratos da balan\u00e7a, garantindo que a justi\u00e7a prevale\u00e7a sem a necessidade de elevar o tom de voz.<\/p>\n\n\n\n<p>A <strong>serenidade inabal\u00e1vel<\/strong> demonstrada por esses indiv\u00edduos n\u00e3o deve ser confundida com passividade, mas sim com uma escolha estrat\u00e9gica de preservar a sa\u00fade mental. Ao redor de um libriano, a sensa\u00e7\u00e3o de seguran\u00e7a surge da certeza de que os problemas ser\u00e3o tratados com eleg\u00e2ncia e uma vis\u00e3o imparcial dos fatos.<\/p>\n\n\n\n<h2 class=\"wp-block-heading\">Resili\u00eancia e foco estrat\u00e9gico para enfrentar grandes desafios<\/h2>\n\n\n\n<p>O perfil de <strong>Capric\u00f3rnio<\/strong> \u00e9 frequentemente associado a uma <strong>cabe\u00e7a fria<\/strong> invej\u00e1vel, especialmente quando surgem obst\u00e1culos que exigem decis\u00f5es r\u00e1pidas e pragm\u00e1ticas. Esse signo foca no planejamento de longo prazo, ignorando distra\u00e7\u00f5es emocionais que n\u00e3o contribuem diretamente para a escalada de seus objetivos de carreira ou vida pessoal.<\/p>\n\n\n\n<p>O <strong>controle emocional<\/strong> exercido por esses profissionais serve de exemplo para equipes que precisam lidar com prazos apertados ou crises financeiras complexas. Aten\u00e7\u00e3o especial deve ser dada ao fato de que a seguran\u00e7a transmitida por eles vem de uma prepara\u00e7\u00e3o interna constante, transformando o caos em escada para o sucesso.<\/p>\n\n\n<div class=\"wp-block-image\">\n<figure class=\"aligncenter size-large\"><img decoding=\"async\" width=\"1200\" height=\"720\" src=\"https:\/\/www.correiobraziliense.com.br\/cbradar\/wp-content\/uploads\/2026\/04\/magnific_a-perfectly-balanced-scal_2893839173-1-1200x720.jpeg\" alt=\"\" class=\"wp-image-234424\" srcset=\"https:\/\/www.correiobraziliense.com.br\/cbradar\/wp-content\/uploads\/2026\/04\/magnific_a-perfectly-balanced-scal_2893839173-1-1200x720.jpeg 1200w, https:\/\/www.correiobraziliense.com.br\/cbradar\/wp-content\/uploads\/2026\/04\/magnific_a-perfectly-balanced-scal_2893839173-1-300x180.jpeg 300w, https:\/\/www.correiobraziliense.com.br\/cbradar\/wp-content\/uploads\/2026\/04\/magnific_a-perfectly-balanced-scal_2893839173-1-768x461.jpeg 768w, https:\/\/www.correiobraziliense.com.br\/cbradar\/wp-content\/uploads\/2026\/04\/magnific_a-perfectly-balanced-scal_2893839173-1-750x450.jpeg 750w, https:\/\/www.correiobraziliense.com.br\/cbradar\/wp-content\/uploads\/2026\/04\/magnific_a-perfectly-balanced-scal_2893839173-1-1140x684.jpeg 1140w, https:\/\/www.correiobraziliense.com.br\/cbradar\/wp-content\/uploads\/2026\/04\/magnific_a-perfectly-balanced-scal_2893839173-1.jpeg 1280w\" sizes=\"(max-width: 1200px) 100vw, 1200px\" \/><figcaption class=\"wp-element-caption\">O perfil de Capric\u00f3rnio \u00e9 marcado por um autocontrole rigoroso que se manifesta como uma frieza produtiva diante de obst\u00e1culos<\/figcaption><\/figure><\/div>\n\n\n<h2 class=\"wp-block-heading\">Aqu\u00e1rio e a perspectiva racional sobre os conflitos sociais<\/h2>\n\n\n\n<p>Os nativos de <strong>Aqu\u00e1rio<\/strong> possuem uma <strong>mentalidade equilibrada<\/strong> que os permite observar situa\u00e7\u00f5es dram\u00e1ticas de fora, sem se deixarem contaminar pelo clima de tens\u00e3o. Essa dist\u00e2ncia anal\u00edtica \u00e9 fundamental para encontrar solu\u00e7\u00f5es inovadoras que escapam \u00e0 percep\u00e7\u00e3o daqueles que est\u00e3o mergulhados em sentimentos confusos ou m\u00e1goas passageiras.<\/p>\n\n\n\n<p>Manter a <strong>objetividade absoluta<\/strong> ajuda o aquariano a ser uma fonte de conselhos l\u00facidos e originais, sendo um diferencial em grupos que buscam evolu\u00e7\u00e3o constante. Seguir o racioc\u00ednio l\u00f3gico desses indiv\u00edduos pode poupar muito tempo gasto em lamenta\u00e7\u00f5es, direcionando a for\u00e7a criativa para o que realmente gera impacto positivo na sociedade.<\/p>\n\n\n\n<h2 class=\"wp-block-heading\">A serenidade profunda que transforma ambientes estressantes<\/h2>\n\n\n\n<p>O signo de <strong>Peixes<\/strong>, em sua oitava superior, manifesta uma <strong>tranquilidade espiritual<\/strong> que acalma os \u00e2nimos de todos ao seu redor de forma quase imediata. Embora sejam sens\u00edveis, os piscianos evolu\u00eddos utilizam sua intui\u00e7\u00e3o para acolher as dores alheias sem permitir que o caos externo penetre em sua pr\u00f3pria ess\u00eancia pac\u00edfica.<\/p>\n\n\n\n<p>A <strong>energia harmonizadora<\/strong> emanada por esses nativos funciona como um b\u00e1lsamo em dias dif\u00edceis, lembrando a todos a import\u00e2ncia da empatia e da resili\u00eancia silenciosa. Dica pr\u00e1tica para o cotidiano consiste em observar como esses cinco signos gerenciam o estresse para aplicar t\u00e9cnicas de presen\u00e7a que fortalecem o car\u00e1ter.<\/p>\n\n\n<div class=\"wp-block-image\">\n<figure class=\"aligncenter size-full\"><img decoding=\"async\" width=\"1280\" height=\"442\" src=\"https:\/\/www.correiobraziliense.com.br\/cbradar\/wp-content\/uploads\/2026\/04\/convertido-23-2.jpg\" alt=\"\" class=\"wp-image-234430\" srcset=\"https:\/\/www.correiobraziliense.com.br\/cbradar\/wp-content\/uploads\/2026\/04\/convertido-23-2.jpg 1280w, https:\/\/www.correiobraziliense.com.br\/cbradar\/wp-content\/uploads\/2026\/04\/convertido-23-2-300x104.jpg 300w, https:\/\/www.correiobraziliense.com.br\/cbradar\/wp-content\/uploads\/2026\/04\/convertido-23-2-768x265.jpg 768w, https:\/\/www.correiobraziliense.com.br\/cbradar\/wp-content\/uploads\/2026\/04\/convertido-23-2-750x259.jpg 750w, https:\/\/www.correiobraziliense.com.br\/cbradar\/wp-content\/uploads\/2026\/04\/convertido-23-2-1140x394.jpg 1140w\" sizes=\"(max-width: 1280px) 100vw, 1280px\" \/><\/figure><\/div>\n\n\n<h2 class=\"wp-block-heading\">O impacto de uma mente calma no sucesso e na longevidade<\/h2>\n\n\n\n<p>Cultivar uma <strong>personalidade equilibrada<\/strong> \u00e9 um dos maiores ativos que algu\u00e9m pode possuir no mercado competitivo atual, onde a intelig\u00eancia emocional vale ouro. Ao observar como esses signos mant\u00eam a compostura, percebemos que o segredo reside na valoriza\u00e7\u00e3o do tempo e na recusa em participar de conflitos vazios.<\/p>\n\n\n\n<p>A <strong>paz de esp\u00edrito<\/strong> resultante dessa postura reflete diretamente na sa\u00fade f\u00edsica e na qualidade das conex\u00f5es humanas estabelecidas ao longo da jornada. Priorizar o autocontrole \u00e9 o caminho mais seguro para quem deseja n\u00e3o apenas sobreviver aos desafios, mas prosperar com dignidade e influ\u00eancia positiva em qualquer lugar do mundo.<\/p>\n\n\n\n<h2 class=\"wp-block-heading\">Benef\u00edcios de integrar a serenidade astrol\u00f3gica na rotina profissional<\/h2>\n\n\n\n<p>A ado\u00e7\u00e3o de uma <strong>postura resiliente<\/strong> inspirada nesses signos permite que a produtividade n\u00e3o sofra oscila\u00e7\u00f5es bruscas causadas por fatores externos ou fofocas de corredor. Profissionais que dominam suas emo\u00e7\u00f5es s\u00e3o vistos como pilares de confian\u00e7a por seus superiores e colegas, facilitando a ascens\u00e3o para cargos de lideran\u00e7a estrat\u00e9gica.<\/p>\n\n\n\n<p>Entender essas tend\u00eancias naturais do zod\u00edaco oferece uma vantagem competitiva na gest\u00e3o de pessoas e no desenvolvimento de um <strong>clima organizacional<\/strong> saud\u00e1vel. Manter o foco no que \u00e9 essencial garante que o sucesso seja uma consequ\u00eancia natural de um car\u00e1ter bem trabalhado e de uma mente treinada para a clareza.<\/p>\n","protected":false},"excerpt":{"rendered":"<p>A presen\u00e7a de indiv\u00edduos que preservam a estabilidade emocional funciona como um porto seguro em ambientes de alta press\u00e3o social ou profissional. Identificar esses perfis ajuda a compreender como certas caracter\u00edsticas astrol\u00f3gicas favorecem a resolu\u00e7\u00e3o de conflitos e promovem uma conviv\u00eancia muito mais harmoniosa e produtiva. Como a estabilidade emocional influencia o comportamento dos signos [&hellip;]<\/p>\n","protected":false},"author":9,"featured_media":234431,"comment_status":"open","ping_status":"open","sticky":false,"template":"","format":"standard","meta":{"_yoast_wpseo_focuskw":"signos que evita drama","_yoast_wpseo_title":"","_yoast_wpseo_metadesc":"Veja quais signos mant\u00eam a calma, evitam conflitos e se destacam pela intelig\u00eancia emocional no dia a dia.","jnews-multi-image_gallery":[],"jnews_single_post":{"format":"standard"},"jnews_primary_category":[],"jnews_social_meta":[],"jnews_override_counter":[],"footnotes":""},"categories":[112],"tags":[891,1950,18277],"class_list":["post-234429","post","type-post","status-publish","format-standard","has-post-thumbnail","hentry","category-curiosidades","tag-astrologia","tag-drama","tag-signos-calmos"],"yoast_head":"<!-- This site is optimized with the Yoast SEO plugin v24.6 - https:\/\/yoast.com\/wordpress\/plugins\/seo\/ -->\n<title>5 signos que costumam manter a cabe\u00e7a fria, evitar drama desnecess\u00e1rio e trazer uma sensa\u00e7\u00e3o de paz para quem est\u00e1 por perto - Correio Braziliense - Radar<\/title>\n<meta name=\"description\" content=\"Veja quais signos mant\u00eam a calma, evitam conflitos e se destacam pela intelig\u00eancia emocional no dia a dia.\" \/>\n<meta name=\"robots\" content=\"index, follow, max-snippet:-1, max-image-preview:large, max-video-preview:-1\" \/>\n<link rel=\"canonical\" href=\"https:\/\/www.correiobraziliense.com.br\/cbradar\/5-signos-que-costumam-manter-a-cabeca-fria-evitar-drama-desnecessario-e-trazer-uma-sensacao-de-paz-para-quem-esta-por-perto\/\" \/>\n<meta property=\"og:locale\" content=\"pt_BR\" \/>\n<meta property=\"og:type\" content=\"article\" \/>\n<meta property=\"og:title\" content=\"5 signos que costumam manter a cabe\u00e7a fria, evitar drama desnecess\u00e1rio e trazer uma sensa\u00e7\u00e3o de paz para quem est\u00e1 por perto - Correio Braziliense - Radar\" \/>\n<meta property=\"og:description\" content=\"Veja quais signos mant\u00eam a calma, evitam conflitos e se destacam pela intelig\u00eancia emocional no dia a dia.\" \/>\n<meta property=\"og:url\" content=\"https:\/\/www.correiobraziliense.com.br\/cbradar\/5-signos-que-costumam-manter-a-cabeca-fria-evitar-drama-desnecessario-e-trazer-uma-sensacao-de-paz-para-quem-esta-por-perto\/\" \/>\n<meta property=\"og:site_name\" content=\"Correio Braziliense - Radar\" \/>\n<meta property=\"article:published_time\" content=\"2026-05-01T17:55:00+00:00\" \/>\n<meta property=\"og:image\" content=\"https:\/\/www.correiobraziliense.com.br\/cbradar\/wp-content\/uploads\/2026\/04\/magnific_five-zodiac-symbols-for-t_2893882288-1.jpeg\" \/>\n\t<meta property=\"og:image:width\" content=\"1280\" \/>\n\t<meta property=\"og:image:height\" content=\"768\" \/>\n\t<meta property=\"og:image:type\" content=\"image\/jpeg\" \/>\n<meta name=\"author\" content=\"Daniely Cardoso\" \/>\n<meta name=\"twitter:card\" content=\"summary_large_image\" \/>\n<meta name=\"twitter:label1\" content=\"Escrito por\" \/>\n\t<meta name=\"twitter:data1\" content=\"Daniely Cardoso\" \/>\n\t<meta name=\"twitter:label2\" content=\"Est. tempo de leitura\" \/>\n\t<meta name=\"twitter:data2\" content=\"6 minutos\" \/>\n<!-- \/ Yoast SEO plugin. -->","yoast_head_json":{"title":"5 signos que costumam manter a cabe\u00e7a fria, evitar drama desnecess\u00e1rio e trazer uma sensa\u00e7\u00e3o de paz para quem est\u00e1 por perto - Correio Braziliense - Radar","description":"Veja quais signos mant\u00eam a calma, evitam conflitos e se destacam pela intelig\u00eancia emocional no dia a dia.","robots":{"index":"index","follow":"follow","max-snippet":"max-snippet:-1","max-image-preview":"max-image-preview:large","max-video-preview":"max-video-preview:-1"},"canonical":"https:\/\/www.correiobraziliense.com.br\/cbradar\/5-signos-que-costumam-manter-a-cabeca-fria-evitar-drama-desnecessario-e-trazer-uma-sensacao-de-paz-para-quem-esta-por-perto\/","og_locale":"pt_BR","og_type":"article","og_title":"5 signos que costumam manter a cabe\u00e7a fria, evitar drama desnecess\u00e1rio e trazer uma sensa\u00e7\u00e3o de paz para quem est\u00e1 por perto - Correio Braziliense - Radar","og_description":"Veja quais signos mant\u00eam a calma, evitam conflitos e se destacam pela intelig\u00eancia emocional no dia a dia.","og_url":"https:\/\/www.correiobraziliense.com.br\/cbradar\/5-signos-que-costumam-manter-a-cabeca-fria-evitar-drama-desnecessario-e-trazer-uma-sensacao-de-paz-para-quem-esta-por-perto\/","og_site_name":"Correio Braziliense - Radar","article_published_time":"2026-05-01T17:55:00+00:00","og_image":[{"width":1280,"height":768,"url":"https:\/\/www.correiobraziliense.com.br\/cbradar\/wp-content\/uploads\/2026\/04\/magnific_five-zodiac-symbols-for-t_2893882288-1.jpeg","type":"image\/jpeg"}],"author":"Daniely Cardoso","twitter_card":"summary_large_image","twitter_misc":{"Escrito por":"Daniely Cardoso","Est. tempo de leitura":"6 minutos"},"schema":{"@context":"https:\/\/schema.org","@graph":[{"@type":"WebPage","@id":"https:\/\/www.correiobraziliense.com.br\/cbradar\/5-signos-que-costumam-manter-a-cabeca-fria-evitar-drama-desnecessario-e-trazer-uma-sensacao-de-paz-para-quem-esta-por-perto\/","url":"https:\/\/www.correiobraziliense.com.br\/cbradar\/5-signos-que-costumam-manter-a-cabeca-fria-evitar-drama-desnecessario-e-trazer-uma-sensacao-de-paz-para-quem-esta-por-perto\/","name":"5 signos que costumam manter a cabe\u00e7a fria, evitar drama desnecess\u00e1rio e trazer uma sensa\u00e7\u00e3o de paz para quem est\u00e1 por perto - Correio Braziliense - Radar","isPartOf":{"@id":"https:\/\/www.correiobraziliense.com.br\/cbradar\/#website"},"primaryImageOfPage":{"@id":"https:\/\/www.correiobraziliense.com.br\/cbradar\/5-signos-que-costumam-manter-a-cabeca-fria-evitar-drama-desnecessario-e-trazer-uma-sensacao-de-paz-para-quem-esta-por-perto\/#primaryimage"},"image":{"@id":"https:\/\/www.correiobraziliense.com.br\/cbradar\/5-signos-que-costumam-manter-a-cabeca-fria-evitar-drama-desnecessario-e-trazer-uma-sensacao-de-paz-para-quem-esta-por-perto\/#primaryimage"},"thumbnailUrl":"https:\/\/www.correiobraziliense.com.br\/cbradar\/wp-content\/uploads\/2026\/04\/magnific_five-zodiac-symbols-for-t_2893882288-1.jpeg","datePublished":"2026-05-01T17:55:00+00:00","author":{"@id":"https:\/\/www.correiobraziliense.com.br\/cbradar\/#\/schema\/person\/7356666e12ec0ee53f348ee5db227032"},"description":"Veja quais signos mant\u00eam a calma, evitam conflitos e se destacam pela intelig\u00eancia emocional no dia a dia.","breadcrumb":{"@id":"https:\/\/www.correiobraziliense.com.br\/cbradar\/5-signos-que-costumam-manter-a-cabeca-fria-evitar-drama-desnecessario-e-trazer-uma-sensacao-de-paz-para-quem-esta-por-perto\/#breadcrumb"},"inLanguage":"pt-BR","potentialAction":[{"@type":"ReadAction","target":["https:\/\/www.correiobraziliense.com.br\/cbradar\/5-signos-que-costumam-manter-a-cabeca-fria-evitar-drama-desnecessario-e-trazer-uma-sensacao-de-paz-para-quem-esta-por-perto\/"]}]},{"@type":"ImageObject","inLanguage":"pt-BR","@id":"https:\/\/www.correiobraziliense.com.br\/cbradar\/5-signos-que-costumam-manter-a-cabeca-fria-evitar-drama-desnecessario-e-trazer-uma-sensacao-de-paz-para-quem-esta-por-perto\/#primaryimage","url":"https:\/\/www.correiobraziliense.com.br\/cbradar\/wp-content\/uploads\/2026\/04\/magnific_five-zodiac-symbols-for-t_2893882288-1.jpeg","contentUrl":"https:\/\/www.correiobraziliense.com.br\/cbradar\/wp-content\/uploads\/2026\/04\/magnific_five-zodiac-symbols-for-t_2893882288-1.jpeg","width":1280,"height":768,"caption":"Essas pessoas evitam o drama desnecess\u00e1rio porque entendem que a energia gasta em discuss\u00f5es infrut\u00edferas"},{"@type":"BreadcrumbList","@id":"https:\/\/www.correiobraziliense.com.br\/cbradar\/5-signos-que-costumam-manter-a-cabeca-fria-evitar-drama-desnecessario-e-trazer-uma-sensacao-de-paz-para-quem-esta-por-perto\/#breadcrumb","itemListElement":[{"@type":"ListItem","position":1,"name":"In\u00edcio","item":"https:\/\/www.correiobraziliense.com.br\/cbradar\/"},{"@type":"ListItem","position":2,"name":"5 signos que costumam manter a cabe\u00e7a fria, evitar drama desnecess\u00e1rio e trazer uma sensa\u00e7\u00e3o de paz para quem est\u00e1 por perto"}]},{"@type":"WebSite","@id":"https:\/\/www.correiobraziliense.com.br\/cbradar\/#website","url":"https:\/\/www.correiobraziliense.com.br\/cbradar\/","name":"Correio Braziliense - Radar","description":"Acompanhe as \u00faltimas not\u00edcias e fique bem informado sobre tudo o que acontece no Brasil e no mundo.","potentialAction":[{"@type":"SearchAction","target":{"@type":"EntryPoint","urlTemplate":"https:\/\/www.correiobraziliense.com.br\/cbradar\/?s={search_term_string}"},"query-input":{"@type":"PropertyValueSpecification","valueRequired":true,"valueName":"search_term_string"}}],"inLanguage":"pt-BR"},{"@type":"Person","@id":"https:\/\/www.correiobraziliense.com.br\/cbradar\/#\/schema\/person\/7356666e12ec0ee53f348ee5db227032","name":"Daniely Cardoso","image":{"@type":"ImageObject","inLanguage":"pt-BR","@id":"https:\/\/www.correiobraziliense.com.br\/cbradar\/#\/schema\/person\/image\/","url":"https:\/\/secure.gravatar.com\/avatar\/4b80ddbd124d1f071b626d52d62e5dff?s=96&d=mm&r=g","contentUrl":"https:\/\/secure.gravatar.com\/avatar\/4b80ddbd124d1f071b626d52d62e5dff?s=96&d=mm&r=g","caption":"Daniely Cardoso"},"description":"Redatora nos portais CB Radar e EM Foco, formada pela Universidade Federal de Goi\u00e1s, em Goi\u00e2nia. Apaixonada por comunica\u00e7\u00e3o, arte, decora\u00e7\u00e3o e tend\u00eancias, atuo na produ\u00e7\u00e3o de conte\u00fados envolventes sobre curiosidades, moda, beleza e paisagismo, sempre com um olhar atento \u00e0s novidades do momento.","sameAs":["https:\/\/www.correiobraziliense.com.br\/cbradar"],"url":"https:\/\/www.correiobraziliense.com.br\/cbradar\/author\/danielymyth\/"}]}},"_links":{"self":[{"href":"https:\/\/www.correiobraziliense.com.br\/cbradar\/wp-json\/wp\/v2\/posts\/234429","targetHints":{"allow":["GET"]}}],"collection":[{"href":"https:\/\/www.correiobraziliense.com.br\/cbradar\/wp-json\/wp\/v2\/posts"}],"about":[{"href":"https:\/\/www.correiobraziliense.com.br\/cbradar\/wp-json\/wp\/v2\/types\/post"}],"author":[{"embeddable":true,"href":"https:\/\/www.correiobraziliense.com.br\/cbradar\/wp-json\/wp\/v2\/users\/9"}],"replies":[{"embeddable":true,"href":"https:\/\/www.correiobraziliense.com.br\/cbradar\/wp-json\/wp\/v2\/comments?post=234429"}],"version-history":[{"count":2,"href":"https:\/\/www.correiobraziliense.com.br\/cbradar\/wp-json\/wp\/v2\/posts\/234429\/revisions"}],"predecessor-version":[{"id":234975,"href":"https:\/\/www.correiobraziliense.com.br\/cbradar\/wp-json\/wp\/v2\/posts\/234429\/revisions\/234975"}],"wp:featuredmedia":[{"embeddable":true,"href":"https:\/\/www.correiobraziliense.com.br\/cbradar\/wp-json\/wp\/v2\/media\/234431"}],"wp:attachment":[{"href":"https:\/\/www.correiobraziliense.com.br\/cbradar\/wp-json\/wp\/v2\/media?parent=234429"}],"wp:term":[{"taxonomy":"category","embeddable":true,"href":"https:\/\/www.correiobraziliense.com.br\/cbradar\/wp-json\/wp\/v2\/categories?post=234429"},{"taxonomy":"post_tag","embeddable":true,"href":"https:\/\/www.correiobraziliense.com.br\/cbradar\/wp-json\/wp\/v2\/tags?post=234429"}],"curies":[{"name":"wp","href":"https:\/\/api.w.org\/{rel}","templated":true}]}}