{"id":234440,"date":"2026-04-30T04:05:00","date_gmt":"2026-04-30T07:05:00","guid":{"rendered":"https:\/\/www.correiobraziliense.com.br\/cbradar\/?p=234440"},"modified":"2026-04-30T01:14:32","modified_gmt":"2026-04-30T04:14:32","slug":"jaragua-do-sul-indaiatuba-valinhos-e-jundiai-vencem-o-ranking-de-seguranca-urbana-no-brasil-e-atrai-familias-que-migram-para-o-interior-em-2026-em-busca-de-tranquilidade","status":"publish","type":"post","link":"https:\/\/www.correiobraziliense.com.br\/cbradar\/jaragua-do-sul-indaiatuba-valinhos-e-jundiai-vencem-o-ranking-de-seguranca-urbana-no-brasil-e-atrai-familias-que-migram-para-o-interior-em-2026-em-busca-de-tranquilidade\/","title":{"rendered":"Jaragu\u00e1 do Sul, Indaiatuba, Valinhos e Jundia\u00ed vencem o ranking de seguran\u00e7a urbana no Brasil e atra\u00ed fam\u00edlias que migram para o interior em 2026 em busca de tranquilidade"},"content":{"rendered":"\n<p>O <strong>Censo 2022<\/strong> registrou o primeiro saldo migrat\u00f3rio negativo de <strong>S\u00e3o Paulo<\/strong> desde 1991. Quatro cidades explicam para onde essas fam\u00edlias est\u00e3o indo: <strong>Valinhos<\/strong>, <strong>Indaiatuba<\/strong>, <strong>Jundia\u00ed<\/strong> e <strong>Jaragu\u00e1 do Sul<\/strong>.<\/p>\n\n\n\n<h2 class=\"wp-block-heading\">Por que o ranking de seguran\u00e7a virou b\u00fassola para mudar de cidade?<\/h2>\n\n\n\n<p>O <strong>Anu\u00e1rio Cidades Mais Seguras do Brasil<\/strong>, da plataforma <strong>MySide<\/strong>, cruzou dados do <strong>Instituto Brasileiro de Geografia e Estat\u00edstica (IBGE)<\/strong> e do Minist\u00e9rio da Sa\u00fade para chegar a um \u00fanico indicador: homic\u00eddios por 100 mil habitantes. Foi esse n\u00famero que reorganizou o mapa da migra\u00e7\u00e3o paulista nos \u00faltimos anos.<\/p>\n\n\n\n<p>Segundo dados do <a href=\"https:\/\/jornal.usp.br\/campus-ribeirao-preto\/pela-primeira-vez-mais-pessoas-deixam-sao-paulo-do-que-chegam\/\" target=\"_blank\" rel=\"noreferrer noopener\"><strong>Jornal da USP<\/strong><\/a>, o estado perdeu 90 mil pessoas no balan\u00e7o entre 2017 e 2022, enquanto <strong>Santa Catarina<\/strong> ganhou 354 mil. O destino da maioria n\u00e3o foi para fora do Sudeste: foi para cidades m\u00e9dias do interior, com nomes que se repetem em todo levantamento de qualidade de vida e seguran\u00e7a publicado nos \u00faltimos tr\u00eas anos.<\/p>\n\n\n<div class=\"wp-block-image\">\n<figure class=\"aligncenter size-large\"><img decoding=\"async\" width=\"1024\" height=\"576\" src=\"https:\/\/www.correiobraziliense.com.br\/cbradar\/wp-content\/uploads\/2025\/07\/Jundiai_1751867372080-1024x576.jpg\" alt=\"Essa cidade pr\u00f3xima a S\u00e3o Paulo \u00e9 tranquila para viver bem e desfrutar de um sistema de sa\u00fade eficiente\" class=\"wp-image-65762\" srcset=\"https:\/\/www.correiobraziliense.com.br\/cbradar\/wp-content\/uploads\/2025\/07\/Jundiai_1751867372080-1024x576.jpg 1024w, https:\/\/www.correiobraziliense.com.br\/cbradar\/wp-content\/uploads\/2025\/07\/Jundiai_1751867372080-300x169.jpg 300w, https:\/\/www.correiobraziliense.com.br\/cbradar\/wp-content\/uploads\/2025\/07\/Jundiai_1751867372080-768x432.jpg 768w, https:\/\/www.correiobraziliense.com.br\/cbradar\/wp-content\/uploads\/2025\/07\/Jundiai_1751867372080-750x422.jpg 750w, https:\/\/www.correiobraziliense.com.br\/cbradar\/wp-content\/uploads\/2025\/07\/Jundiai_1751867372080-1140x641.jpg 1140w, https:\/\/www.correiobraziliense.com.br\/cbradar\/wp-content\/uploads\/2025\/07\/Jundiai_1751867372080.jpg 1280w\" sizes=\"(max-width: 1024px) 100vw, 1024px\" \/><figcaption class=\"wp-element-caption\">Jundia\u00ed destaca-se pela alta qualidade de vida, seguran\u00e7a e posicionamento econ\u00f4mico entre as maiores cidades do interior paulista. \/\/ Cr\u00e9ditos: depositphotos.com \/ PedroTruffi<\/figcaption><\/figure><\/div>\n\n\n<h2 class=\"wp-block-heading\">O que as 4 cidades t\u00eam em comum no ranking de 2026?<\/h2>\n\n\n\n<p><strong>As quatro re\u00fanem indicadores que dificilmente aparecem juntos no Brasil<\/strong>: taxa de homic\u00eddio abaixo de 6 por 100 mil habitantes, IDH classificado como muito alto e parques industriais ativos. A tabela abaixo resume os dados mais recentes.<\/p>\n\n\n\n<style>\n  \/* --- CONTAINER BLINDADO (PADR\u00c3O REGISTRADO) --- *\/\n  .clima-grid-final {\n    font-family: -apple-system, BlinkMacSystemFont, \"Segoe UI\", Roboto, Arial, sans-serif !important;\n    width: 100% !important;\n    max-width: 1200px !important;\n    margin: 20px auto !important;\n    display: grid !important;\n    \/* 4 COLUNAS PARA AS 4 CIDADES *\/\n    grid-template-columns: repeat(4, 1fr) !important; \n    gap: 15px !important;\n    box-sizing: border-box !important;\n  }\n\n  .clima-grid-final * {\n    box-sizing: border-box !important;\n  }\n\n  \/* --- BLINDAGEM --- *\/\n  .clima-grid-final > :not(.card-clima) {\n    display: none !important;\n    width: 0 !important;\n    height: 0 !important;\n    opacity: 0 !important;\n  }\n\n  \/* --- CARD PADR\u00c3O PRETO --- *\/\n  .card-clima {\n    background: #ffffff !important;\n    border: 1px solid #e0e0e0 !important;\n    border-radius: 20px !important;\n    padding: 20px 10px !important;\n    text-align: center !important;\n    display: flex !important;\n    flex-direction: column !important;\n    align-items: center !important;\n    box-shadow: 0 4px 10px rgba(0, 0, 0, 0.05) !important;\n    min-width: 0 !important; \n    transition: transform 0.2s ease !important;\n    overflow: hidden !important;\n    height: 100% !important;\n  }\n\n  .card-clima:hover {\n    transform: translateY(-5px) !important;\n    border-color: #000000 !important;\n  }\n\n  \/* --- CONTE\u00daDO --- *\/\n  .estacao-nome { \n    font-size: 14px !important; \n    font-weight: 800 !important; \n    color: #000000 !important; \n    text-transform: uppercase !important; \n    margin: 0 0 5px 0 !important; \n  }\n  \n  .estacao-meses { \n    font-size: 10px !important; \n    font-weight: 700 !important; \n    color: #444444 !important; \n    text-transform: uppercase !important; \n    margin-bottom: 15px !important; \n    display: block !important;\n  }\n  \n  .temp-valor { \n    font-size: 24px !important; \n    font-weight: 800 !important; \n    color: #000000 !important; \n    line-height: 1.1 !important; \n    margin: 0 !important;\n  }\n  \n  .temp-label { \n    font-size: 9px !important; \n    font-weight: 600 !important; \n    color: #777777 !important; \n    text-transform: uppercase !important; \n    margin-bottom: 15px !important; \n    display: block !important;\n  }\n  \n  .clima-desc { \n    font-size: 12px !important; \n    line-height: 1.4 !important; \n    color: #333333 !important; \n    margin-bottom: 15px !important; \n    flex-grow: 1 !important; \n  }\n\n  .tag-status {\n    background-color: #f5f5f5 !important;\n    border: 1px solid #d0d0d0 !important;\n    color: #000000 !important;\n    padding: 5px 12px !important;\n    border-radius: 20px !important;\n    font-size: 9px !important;\n    font-weight: 800 !important;\n    text-transform: uppercase !important;\n    margin-top: auto !important;\n  }\n\n  \/* --- RESPONSIVIDADE --- *\/\n  @media (max-width: 800px) {\n    .clima-grid-final {\n      grid-template-columns: 1fr !important; \n    }\n    .card-clima {\n      padding: 25px 20px !important;\n    }\n  }\n<\/style>\n\n<div class=\"google-auto-ads-ignore clima-grid-final\">\n  \n  <!-- VALINHOS -->\n  <div class=\"card-clima\">\n    <div class=\"estacao-nome\">\ud83d\udccd Valinhos<\/div>\n    <span class=\"estacao-meses\">S\u00e3o Paulo<\/span>\n    <div class=\"temp-valor\">0,819<\/div>\n    <span class=\"temp-label\">IDH Municipal<\/span>\n    <div class=\"clima-desc\">Apresenta o menor \u00edndice de viol\u00eancia entre as citadas, com apenas <b>0,9 homic\u00eddios<\/b> por 100 mil habitantes e popula\u00e7\u00e3o de <b>132 mil<\/b>.<\/div>\n    <div class=\"tag-status\">\ud83d\udee1\ufe0f Mais Segura<\/div>\n  <\/div>\n\n  <!-- JARAGU\u00c1 DO SUL -->\n  <div class=\"card-clima\">\n    <div class=\"estacao-nome\">\ud83d\udccd Jaragu\u00e1 do Sul<\/div>\n    <span class=\"estacao-meses\">Santa Catarina<\/span>\n    <div class=\"temp-valor\">0,803<\/div>\n    <span class=\"temp-label\">IDH Municipal<\/span>\n    <div class=\"clima-desc\">Destaque catarinense com <b>195 mil<\/b> habitantes, mant\u00e9m um excelente patamar de seguran\u00e7a com taxa de <b>2,23<\/b> homic\u00eddios.<\/div>\n    <div class=\"tag-status\">\ud83d\udcc8 Alto IDH<\/div>\n  <\/div>\n\n  <!-- INDAIATUBA -->\n  <div class=\"card-clima\">\n    <div class=\"estacao-nome\">\ud83d\udccd Indaiatuba<\/div>\n    <span class=\"estacao-meses\">S\u00e3o Paulo<\/span>\n    <div class=\"temp-valor\">0,788<\/div>\n    <span class=\"temp-label\">IDH Municipal<\/span>\n    <div class=\"clima-desc\">Com uma popula\u00e7\u00e3o de <b>274 mil<\/b> pessoas, a cidade equilibra desenvolvimento e seguran\u00e7a, registrando <b>3,4<\/b> homic\u00eddios por 100 mil.<\/div>\n    <div class=\"tag-status\">\ud83c\udfd9\ufe0f Crescimento<\/div>\n  <\/div>\n\n  <!-- JUNDIA\u00cd -->\n  <div class=\"card-clima\">\n    <div class=\"estacao-nome\">\ud83d\udccd Jundia\u00ed<\/div>\n    <span class=\"estacao-meses\">S\u00e3o Paulo<\/span>\n    <div class=\"temp-valor\">0,857<\/div>\n    <span class=\"temp-label\">IDH Municipal<\/span>\n    <div class=\"clima-desc\">A maior popula\u00e7\u00e3o (<b>423 mil<\/b>) e o <b>maior IDH<\/b> da lista. A taxa de homic\u00eddios \u00e9 de <b>6,1<\/b>, refletindo os desafios de grandes centros.<\/div>\n    <div class=\"tag-status\">\ud83c\udfc6 Top IDH<\/div>\n  <\/div>\n\n<\/div>\n\n\n\n<p><em>Dados compilados a partir do <a href=\"https:\/\/myside.com.br\/guia-imoveis\/cidades-mais-seguras-brasil\" target=\"_blank\" rel=\"noreferrer noopener\"><strong>Anu\u00e1rio MySide 2025<\/strong><\/a>, IBGE e Atlas da Viol\u00eancia Ipea. Os indicadores se referem aos \u00faltimos levantamentos dispon\u00edveis em 2026.<\/em><\/p>\n\n\n\n<h2 class=\"wp-block-heading\">Valinhos lidera com \u00edndice de cidade europeia<\/h2>\n\n\n\n<p>A <strong>Capital Nacional do Figo Roxo<\/strong> registrou em 2024 a menor taxa de homic\u00eddios entre cidades brasileiras com mais de 100 mil habitantes: 0,9 por 100 mil. O n\u00famero repete um padr\u00e3o que dura, e a cidade segue entre as 10 primeiras no ranking atualizado de 2025, segundo a <a href=\"https:\/\/www.valinhos.sp.gov.br\/portal\/noticias\/0\/3\/54476\/valinhos-esta-entre-as-5-cidades-do-interior-em-qualidade-de-vida\" target=\"_blank\" rel=\"noreferrer noopener\"><strong>Prefeitura de Valinhos<\/strong><\/a>.<\/p>\n\n\n\n<p>O munic\u00edpio, a 85 km da capital paulista, opera um sistema integrado de c\u00e2meras chamado <strong>Muralha Digital<\/strong>, que monitora as entradas e sa\u00eddas da cidade 24 horas por dia. Junto, v\u00eam um IDH de 0,819, o mais alto da <strong>Regi\u00e3o Metropolitana de Campinas<\/strong>, e uma economia que mistura ind\u00fastria metal\u00fargica, tecnologia e a produ\u00e7\u00e3o que d\u00e1 nome \u00e0 cidade. A safra 2025-2026 deve colher 4 mil toneladas de figo roxo em 410 propriedades rurais.<\/p>\n\n\n\n<p><strong>Localizada no interior paulista, Valinhos \u00e9 refer\u00eancia em qualidade de vida e desenvolvimento. <\/strong>O v\u00eddeo \u00e9 do canal <strong>Mais 50,<\/strong> que conta com <strong>488 mil inscritos<\/strong>, e detalha o custo de vida, infraestrutura urbana e os melhores bairros para quem planeja residir na cidade.<\/p>\n\n\n\n<figure class=\"wp-block-embed aligncenter is-type-video is-provider-youtube wp-block-embed-youtube wp-embed-aspect-16-9 wp-has-aspect-ratio\"><div class=\"wp-block-embed__wrapper\">\n<div class=\"jeg_video_container jeg_video_content\"><iframe loading=\"lazy\" title=\"\ud83d\ude8c\ud83c\udfe0 QUER MORAR em VALINHOS em S\u00c3O PAULO?\" width=\"500\" height=\"281\" src=\"https:\/\/www.youtube.com\/embed\/tq3mp2uq0ss?feature=oembed\" frameborder=\"0\" allow=\"accelerometer; autoplay; clipboard-write; encrypted-media; gyroscope; picture-in-picture; web-share\" referrerpolicy=\"strict-origin-when-cross-origin\" allowfullscreen><\/iframe><\/div>\n<\/div><\/figure>\n\n\n\n<h2 class=\"wp-block-heading\">Como Jaragu\u00e1 do Sul, Indaiatuba e Jundia\u00ed completam o quarteto?<\/h2>\n\n\n\n<p><strong>Cada uma das tr\u00eas tem uma marca pr\u00f3pria que ajuda a explicar a migra\u00e7\u00e3o.<\/strong> Os n\u00fameros s\u00e3o oficiais e foram extra\u00eddos de prefeituras, IBGE, IPS Brasil e Atlas da Viol\u00eancia.<\/p>\n\n\n\n<ul class=\"wp-block-list\">\n<li><strong>Jaragu\u00e1 do Sul (SC)<\/strong>: 2\u00aa no ranking nacional MySide, sede da WEG (faturamento de R$ 38 bilh\u00f5es em 2024) e da Malwee, com ind\u00fastria respondendo por 36% do PIB municipal. O <strong>Atlas da Viol\u00eancia 2024<\/strong> registrou apenas 3 homic\u00eddios em 2022.<\/li>\n\n\n\n<li><strong>Indaiatuba (SP)<\/strong>: 3\u00aa melhor cidade do <strong>Brasil<\/strong> no ranking <strong>Veja Neg\u00f3cios<\/strong>\/Austin Rating de 2025 e mais segura do pa\u00eds entre munic\u00edpios de 200 mil a 500 mil habitantes pelo segundo ano seguido. A <strong>Central Regional de Intelig\u00eancia e Monitoramento (CRIM)<\/strong> integra 52 cidades e processa mais de 8 milh\u00f5es de passagens veiculares por dia.<\/li>\n\n\n\n<li><strong>Jundia\u00ed (SP)<\/strong>: IDH de 0,857, o mais alto do quarteto, e 3\u00aa melhor qualidade de vida do <strong>Brasil<\/strong> no <a href=\"https:\/\/ipsbrasil.org.br\/pt\/blog\/noticias\/10\" target=\"_blank\" rel=\"noreferrer noopener\"><strong>\u00cdndice de Progresso Social Brasil 2025 (IPS Brasil)<\/strong><\/a>, atr\u00e1s apenas de Gavi\u00e3o Peixoto e Gabriel Monteiro. A cidade integra a Rede Mundial de Cidades Saud\u00e1veis da Universidade de Toronto.<\/li>\n\n\n\n<li><strong>Adoniran Barbosa<\/strong> nasceu em Valinhos em 1910, fato pouco lembrado fora da cidade. A heran\u00e7a italiana e japonesa que moldou a economia local tamb\u00e9m moldou a mesa.<\/li>\n<\/ul>\n\n\n<div class=\"wp-block-image\">\n<figure class=\"aligncenter size-large\"><img decoding=\"async\" width=\"1024\" height=\"576\" src=\"https:\/\/www.correiobraziliense.com.br\/cbradar\/wp-content\/uploads\/2025\/07\/Jaragua-do-Sul_1752563021786-1024x576.jpg\" alt=\"Jaragu\u00e1 do Sul, Indaiatuba, Valinhos e Jundia\u00ed vencem o ranking de seguran\u00e7a urbana no Brasil e atra\u00ed fam\u00edlias que migram para o interior em 2026 em busca de tranquilidade\" class=\"wp-image-70167\" srcset=\"https:\/\/www.correiobraziliense.com.br\/cbradar\/wp-content\/uploads\/2025\/07\/Jaragua-do-Sul_1752563021786-1024x576.jpg 1024w, https:\/\/www.correiobraziliense.com.br\/cbradar\/wp-content\/uploads\/2025\/07\/Jaragua-do-Sul_1752563021786-300x169.jpg 300w, https:\/\/www.correiobraziliense.com.br\/cbradar\/wp-content\/uploads\/2025\/07\/Jaragua-do-Sul_1752563021786-768x432.jpg 768w, https:\/\/www.correiobraziliense.com.br\/cbradar\/wp-content\/uploads\/2025\/07\/Jaragua-do-Sul_1752563021786-750x422.jpg 750w, https:\/\/www.correiobraziliense.com.br\/cbradar\/wp-content\/uploads\/2025\/07\/Jaragua-do-Sul_1752563021786-1140x641.jpg 1140w, https:\/\/www.correiobraziliense.com.br\/cbradar\/wp-content\/uploads\/2025\/07\/Jaragua-do-Sul_1752563021786.jpg 1280w\" sizes=\"(max-width: 1024px) 100vw, 1024px\" \/><figcaption class=\"wp-element-caption\">Jaragu\u00e1 do Sul combina seguran\u00e7a, desenvolvimento e bem-estar em um dos melhores \u00edndices do pa\u00eds. \/\/ Cr\u00e9ditos: depositphotos.com \/ sergio_pulp<\/figcaption><\/figure><\/div>\n\n\n<p><strong>Leia tamb\u00e9m: <a href=\"https:\/\/www.correiobraziliense.com.br\/cbradar\/os-movimentos-que-mais-ajudam-quem-passa-o-dia-sentado-a-destravar-o-corpo-e-sentir-menos-peso-nas-costas-ao-longo-da-rotina\/\" target=\"_blank\" rel=\"noreferrer noopener\">Os movimentos que mais ajudam quem passa o dia sentado a destravar o corpo e sentir menos peso nas costas ao longo da rotina.<\/a><\/strong><\/p>\n\n\n\n<h2 class=\"wp-block-heading\">O que clima e localiza\u00e7\u00e3o explicam sobre a procura?<\/h2>\n\n\n\n<p>As tr\u00eas paulistas formam um corredor entre <strong>Campinas<\/strong> e a capital, com clima subtropical de altitude e invernos secos. Jaragu\u00e1 do Sul fica no Vale do Itapocu, a 182 km de <strong>Florian\u00f3polis<\/strong>, com clima ameno e temperatura m\u00e9dia anual em torno de 21 \u00b0C.<\/p>\n\n\n\n<style>\n  \/* --- CONTAINER BLINDADO (PADR\u00c3O REGISTRADO) --- *\/\n  .clima-grid-final {\n    font-family: -apple-system, BlinkMacSystemFont, \"Segoe UI\", Roboto, Arial, sans-serif !important;\n    width: 100% !important;\n    max-width: 1200px !important;\n    margin: 20px auto !important;\n    display: grid !important;\n    \/* FOR\u00c7A 4 COLUNAS NO DESKTOP *\/\n    grid-template-columns: repeat(4, 1fr) !important; \n    gap: 15px !important;\n    box-sizing: border-box !important;\n  }\n\n  .clima-grid-final * {\n    box-sizing: border-box !important;\n  }\n\n  \/* --- BLINDAGEM CONTRA ADS E PLUGINS INTRUSOS --- *\/\n  .clima-grid-final > :not(.card-clima) {\n    display: none !important;\n    width: 0 !important;\n    height: 0 !important;\n    opacity: 0 !important;\n  }\n\n  \/* --- CARD PRETO B\u00c1SICO (FUNDO BRANCO) --- *\/\n  .card-clima {\n    background: #ffffff !important;\n    border: 1px solid #e0e0e0 !important;\n    border-radius: 20px !important;\n    padding: 20px 10px !important;\n    text-align: center !important;\n    display: flex !important;\n    flex-direction: column !important;\n    align-items: center !important;\n    box-shadow: 0 4px 10px rgba(0, 0, 0, 0.05) !important;\n    min-width: 0 !important; \n    transition: transform 0.2s ease !important;\n    overflow: hidden !important;\n    height: 100% !important;\n  }\n\n  .card-clima:hover {\n    transform: translateY(-5px) !important;\n    border-color: #000000 !important;\n  }\n\n  \/* --- CONTE\u00daDO --- *\/\n  .estacao-nome { \n    font-size: 14px !important; \n    font-weight: 800 !important; \n    color: #000000 !important; \n    text-transform: uppercase !important; \n    margin: 0 0 5px 0 !important; \n  }\n  \n  .estacao-meses { \n    font-size: 10px !important; \n    font-weight: 700 !important; \n    color: #444444 !important; \n    text-transform: uppercase !important; \n    margin-bottom: 15px !important; \n    display: block !important;\n  }\n  \n  .temp-valor { \n    font-size: 24px !important; \n    font-weight: 800 !important; \n    color: #000000 !important; \n    line-height: 1.1 !important; \n    margin: 0 !important;\n  }\n  \n  .temp-label { \n    font-size: 9px !important; \n    font-weight: 600 !important; \n    color: #777777 !important; \n    text-transform: uppercase !important; \n    margin-bottom: 15px !important; \n    display: block !important;\n  }\n  \n  .clima-desc { \n    font-size: 12px !important; \n    line-height: 1.4 !important; \n    color: #333333 !important; \n    margin-bottom: 15px !important; \n    flex-grow: 1 !important; \n  }\n\n  .tag-status {\n    background-color: #f5f5f5 !important;\n    border: 1px solid #d0d0d0 !important;\n    color: #000000 !important;\n    padding: 5px 12px !important;\n    border-radius: 20px !important;\n    font-size: 9px !important;\n    font-weight: 800 !important;\n    text-transform: uppercase !important;\n    margin-top: auto !important;\n  }\n\n  \/* --- RESPONSIVIDADE --- *\/\n  @media (max-width: 800px) {\n    .clima-grid-final {\n      grid-template-columns: 1fr !important; \n    }\n    .card-clima {\n      padding: 25px 20px !important;\n    }\n  }\n<\/style>\n\n<div class=\"google-auto-ads-ignore clima-grid-final\">\n  \n  <!-- VER\u00c3O -->\n  <div class=\"card-clima\">\n    <div class=\"estacao-nome\">\u2600\ufe0f Ver\u00e3o<\/div>\n    <span class=\"estacao-meses\">Dez &#8211; Fev<\/span>\n    <div class=\"temp-valor\">20-30\u00b0C<\/div>\n    <span class=\"temp-label\">M\u00e9dia<\/span>\n    <div class=\"clima-desc\">Prepare-se para <b>tardes abafadas<\/b>. \u00c9 o per\u00edodo de <b>chuvas r\u00e1pidas<\/b> e passageiras, comuns no final do dia.<\/div>\n    <div class=\"tag-status\">\u26c8\ufe0f Chuva Alta<\/div>\n  <\/div>\n\n  <!-- OUTONO -->\n  <div class=\"card-clima\">\n    <div class=\"estacao-nome\">\ud83c\udf42 Outono<\/div>\n    <span class=\"estacao-meses\">Mar &#8211; Mai<\/span>\n    <div class=\"temp-valor\">16-26\u00b0C<\/div>\n    <span class=\"temp-label\">M\u00e9dia<\/span>\n    <div class=\"clima-desc\">Uma das melhores \u00e9pocas, com <b>manh\u00e3s limpas<\/b> e ensolaradas seguidas por <b>noites frescas<\/b> e agrad\u00e1veis.<\/div>\n    <div class=\"tag-status\">\ud83c\udf26\ufe0f Chuva M\u00e9dia<\/div>\n  <\/div>\n\n  <!-- INVERNO -->\n  <div class=\"card-clima\">\n    <div class=\"estacao-nome\">\ud83e\udde3 Inverno<\/div>\n    <span class=\"estacao-meses\">Jun &#8211; Ago<\/span>\n    <div class=\"temp-valor\">10-22\u00b0C<\/div>\n    <span class=\"temp-label\">M\u00e9dia<\/span>\n    <div class=\"clima-desc\">Marcado pelo <b>tempo seco<\/b> e <b>c\u00e9u aberto<\/b>. \u00c9 a esta\u00e7\u00e3o ideal para atividades ao ar livre com baixa pluviosidade.<\/div>\n    <div class=\"tag-status\">\u2600\ufe0f Chuva Baixa<\/div>\n  <\/div>\n\n  <!-- PRIMAVERA -->\n  <div class=\"card-clima\">\n    <div class=\"estacao-nome\">\ud83c\udf38 Primavera<\/div>\n    <span class=\"estacao-meses\">Set &#8211; Nov<\/span>\n    <div class=\"temp-valor\">14-26\u00b0C<\/div>\n    <span class=\"temp-label\">M\u00e9dia<\/span>\n    <div class=\"clima-desc\">Fase de <b>transi\u00e7\u00e3o quente<\/b> para o ver\u00e3o, onde come\u00e7am a surgir as primeiras <b>chuvas isoladas<\/b> da temporada.<\/div>\n    <div class=\"tag-status\">\ud83c\udf26\ufe0f Chuva M\u00e9dia<\/div>\n  <\/div>\n\n<\/div>\n\n\n\n<p><em>Temperaturas aproximadas com base no <a href=\"https:\/\/www.climatempo.com.br\/previsao-do-tempo\/cidade\/473\/jundiai-sp\" target=\"_blank\" rel=\"noreferrer noopener\"><strong>Climatempo<\/strong><\/a> para Jundia\u00ed, refer\u00eancia clim\u00e1tica do quarteto. Condi\u00e7\u00f5es podem variar entre as cidades.<\/em><\/p>\n\n\n\n<h2 class=\"wp-block-heading\">O novo mapa do interior brasileiro<\/h2>\n\n\n\n<p><strong>Valinhos, Indaiatuba, Jundia\u00ed e Jaragu\u00e1 do Sul mostram que seguran\u00e7a, IDH alto e oferta de emprego podem caminhar juntos no Brasil. <\/strong>N\u00e3o \u00e9 coincid\u00eancia que o IPS Brasil 2025 tenha colocado sete cidades paulistas e v\u00e1rias catarinenses entre as 10 melhores do pa\u00eds.<\/p>\n\n\n\n<p>Voc\u00ea precisa visitar essas quatro cidades e entender por que tantas fam\u00edlias est\u00e3o refazendo as malas para o interior em 2026.<\/p>\n","protected":false},"excerpt":{"rendered":"<p>O Censo 2022 registrou o primeiro saldo migrat\u00f3rio negativo de S\u00e3o Paulo desde 1991. Quatro cidades explicam para onde essas fam\u00edlias est\u00e3o indo: Valinhos, Indaiatuba, Jundia\u00ed e Jaragu\u00e1 do Sul. Por que o ranking de seguran\u00e7a virou b\u00fassola para mudar de cidade? O Anu\u00e1rio Cidades Mais Seguras do Brasil, da plataforma MySide, cruzou dados do [&hellip;]<\/p>\n","protected":false},"author":8,"featured_media":234496,"comment_status":"open","ping_status":"open","sticky":false,"template":"","format":"standard","meta":{"_yoast_wpseo_focuskw":"Jaragu\u00e1 do Sul","_yoast_wpseo_title":"","_yoast_wpseo_metadesc":"Ranking revela as cidades de Jaragu\u00e1 do Sul, Indaiatuba, Valinhos e Jundia\u00ed s\u00e3o as mais seguras do Brasil e atraem novos moradores.","jnews-multi-image_gallery":[],"jnews_single_post":{"format":"standard"},"jnews_primary_category":[],"jnews_social_meta":[],"jnews_override_counter":[],"footnotes":""},"categories":[108,111],"tags":[8300,7196,484,5134],"class_list":["post-234440","post","type-post","status-publish","format-standard","has-post-thumbnail","hentry","category-cidades","category-turismo","tag-indaiatuba","tag-jaragua-do-sul","tag-jundiai","tag-valinhos"],"yoast_head":"<!-- This site is optimized with the Yoast SEO plugin v24.6 - https:\/\/yoast.com\/wordpress\/plugins\/seo\/ -->\n<title>Jaragu\u00e1 do Sul, Indaiatuba, Valinhos e Jundia\u00ed vencem o ranking de seguran\u00e7a urbana no Brasil e atra\u00ed fam\u00edlias que migram para o interior em 2026 em busca de tranquilidade - Correio Braziliense - Radar<\/title>\n<meta name=\"description\" content=\"Ranking revela as cidades de Jaragu\u00e1 do Sul, Indaiatuba, Valinhos e Jundia\u00ed s\u00e3o as mais seguras do Brasil e atraem novos moradores.\" \/>\n<meta name=\"robots\" content=\"index, follow, max-snippet:-1, max-image-preview:large, max-video-preview:-1\" \/>\n<link rel=\"canonical\" href=\"https:\/\/www.correiobraziliense.com.br\/cbradar\/jaragua-do-sul-indaiatuba-valinhos-e-jundiai-vencem-o-ranking-de-seguranca-urbana-no-brasil-e-atrai-familias-que-migram-para-o-interior-em-2026-em-busca-de-tranquilidade\/\" \/>\n<meta property=\"og:locale\" content=\"pt_BR\" \/>\n<meta property=\"og:type\" content=\"article\" \/>\n<meta property=\"og:title\" content=\"Jaragu\u00e1 do Sul, Indaiatuba, Valinhos e Jundia\u00ed vencem o ranking de seguran\u00e7a urbana no Brasil e atra\u00ed fam\u00edlias que migram para o interior em 2026 em busca de tranquilidade - Correio Braziliense - Radar\" \/>\n<meta property=\"og:description\" content=\"Ranking revela as cidades de Jaragu\u00e1 do Sul, Indaiatuba, Valinhos e Jundia\u00ed s\u00e3o as mais seguras do Brasil e atraem novos moradores.\" \/>\n<meta property=\"og:url\" content=\"https:\/\/www.correiobraziliense.com.br\/cbradar\/jaragua-do-sul-indaiatuba-valinhos-e-jundiai-vencem-o-ranking-de-seguranca-urbana-no-brasil-e-atrai-familias-que-migram-para-o-interior-em-2026-em-busca-de-tranquilidade\/\" \/>\n<meta property=\"og:site_name\" content=\"Correio Braziliense - Radar\" \/>\n<meta property=\"article:published_time\" content=\"2026-04-30T07:05:00+00:00\" \/>\n<meta property=\"og:image\" content=\"https:\/\/www.correiobraziliense.com.br\/cbradar\/wp-content\/uploads\/2026\/04\/aaa-2026-04-30T011025.903.png\" \/>\n\t<meta property=\"og:image:width\" content=\"1280\" \/>\n\t<meta property=\"og:image:height\" content=\"720\" \/>\n\t<meta property=\"og:image:type\" content=\"image\/png\" \/>\n<meta name=\"author\" content=\"Maura Pereira\" \/>\n<meta name=\"twitter:card\" content=\"summary_large_image\" \/>\n<meta name=\"twitter:label1\" content=\"Escrito por\" \/>\n\t<meta name=\"twitter:data1\" content=\"Maura Pereira\" \/>\n\t<meta name=\"twitter:label2\" content=\"Est. tempo de leitura\" \/>\n\t<meta name=\"twitter:data2\" content=\"7 minutos\" \/>\n<!-- \/ Yoast SEO plugin. -->","yoast_head_json":{"title":"Jaragu\u00e1 do Sul, Indaiatuba, Valinhos e Jundia\u00ed vencem o ranking de seguran\u00e7a urbana no Brasil e atra\u00ed fam\u00edlias que migram para o interior em 2026 em busca de tranquilidade - Correio Braziliense - Radar","description":"Ranking revela as cidades de Jaragu\u00e1 do Sul, Indaiatuba, Valinhos e Jundia\u00ed s\u00e3o as mais seguras do Brasil e atraem novos moradores.","robots":{"index":"index","follow":"follow","max-snippet":"max-snippet:-1","max-image-preview":"max-image-preview:large","max-video-preview":"max-video-preview:-1"},"canonical":"https:\/\/www.correiobraziliense.com.br\/cbradar\/jaragua-do-sul-indaiatuba-valinhos-e-jundiai-vencem-o-ranking-de-seguranca-urbana-no-brasil-e-atrai-familias-que-migram-para-o-interior-em-2026-em-busca-de-tranquilidade\/","og_locale":"pt_BR","og_type":"article","og_title":"Jaragu\u00e1 do Sul, Indaiatuba, Valinhos e Jundia\u00ed vencem o ranking de seguran\u00e7a urbana no Brasil e atra\u00ed fam\u00edlias que migram para o interior em 2026 em busca de tranquilidade - Correio Braziliense - Radar","og_description":"Ranking revela as cidades de Jaragu\u00e1 do Sul, Indaiatuba, Valinhos e Jundia\u00ed s\u00e3o as mais seguras do Brasil e atraem novos moradores.","og_url":"https:\/\/www.correiobraziliense.com.br\/cbradar\/jaragua-do-sul-indaiatuba-valinhos-e-jundiai-vencem-o-ranking-de-seguranca-urbana-no-brasil-e-atrai-familias-que-migram-para-o-interior-em-2026-em-busca-de-tranquilidade\/","og_site_name":"Correio Braziliense - Radar","article_published_time":"2026-04-30T07:05:00+00:00","og_image":[{"width":1280,"height":720,"url":"https:\/\/www.correiobraziliense.com.br\/cbradar\/wp-content\/uploads\/2026\/04\/aaa-2026-04-30T011025.903.png","type":"image\/png"}],"author":"Maura Pereira","twitter_card":"summary_large_image","twitter_misc":{"Escrito por":"Maura Pereira","Est. tempo de leitura":"7 minutos"},"schema":{"@context":"https:\/\/schema.org","@graph":[{"@type":"WebPage","@id":"https:\/\/www.correiobraziliense.com.br\/cbradar\/jaragua-do-sul-indaiatuba-valinhos-e-jundiai-vencem-o-ranking-de-seguranca-urbana-no-brasil-e-atrai-familias-que-migram-para-o-interior-em-2026-em-busca-de-tranquilidade\/","url":"https:\/\/www.correiobraziliense.com.br\/cbradar\/jaragua-do-sul-indaiatuba-valinhos-e-jundiai-vencem-o-ranking-de-seguranca-urbana-no-brasil-e-atrai-familias-que-migram-para-o-interior-em-2026-em-busca-de-tranquilidade\/","name":"Jaragu\u00e1 do Sul, Indaiatuba, Valinhos e Jundia\u00ed vencem o ranking de seguran\u00e7a urbana no Brasil e atra\u00ed fam\u00edlias que migram para o interior em 2026 em busca de tranquilidade - Correio Braziliense - Radar","isPartOf":{"@id":"https:\/\/www.correiobraziliense.com.br\/cbradar\/#website"},"primaryImageOfPage":{"@id":"https:\/\/www.correiobraziliense.com.br\/cbradar\/jaragua-do-sul-indaiatuba-valinhos-e-jundiai-vencem-o-ranking-de-seguranca-urbana-no-brasil-e-atrai-familias-que-migram-para-o-interior-em-2026-em-busca-de-tranquilidade\/#primaryimage"},"image":{"@id":"https:\/\/www.correiobraziliense.com.br\/cbradar\/jaragua-do-sul-indaiatuba-valinhos-e-jundiai-vencem-o-ranking-de-seguranca-urbana-no-brasil-e-atrai-familias-que-migram-para-o-interior-em-2026-em-busca-de-tranquilidade\/#primaryimage"},"thumbnailUrl":"https:\/\/www.correiobraziliense.com.br\/cbradar\/wp-content\/uploads\/2026\/04\/aaa-2026-04-30T011025.903.png","datePublished":"2026-04-30T07:05:00+00:00","author":{"@id":"https:\/\/www.correiobraziliense.com.br\/cbradar\/#\/schema\/person\/4053c651a9bfc785afc6f4cbc9032fd3"},"description":"Ranking revela as cidades de Jaragu\u00e1 do Sul, Indaiatuba, Valinhos e Jundia\u00ed s\u00e3o as mais seguras do Brasil e atraem novos moradores.","breadcrumb":{"@id":"https:\/\/www.correiobraziliense.com.br\/cbradar\/jaragua-do-sul-indaiatuba-valinhos-e-jundiai-vencem-o-ranking-de-seguranca-urbana-no-brasil-e-atrai-familias-que-migram-para-o-interior-em-2026-em-busca-de-tranquilidade\/#breadcrumb"},"inLanguage":"pt-BR","potentialAction":[{"@type":"ReadAction","target":["https:\/\/www.correiobraziliense.com.br\/cbradar\/jaragua-do-sul-indaiatuba-valinhos-e-jundiai-vencem-o-ranking-de-seguranca-urbana-no-brasil-e-atrai-familias-que-migram-para-o-interior-em-2026-em-busca-de-tranquilidade\/"]}]},{"@type":"ImageObject","inLanguage":"pt-BR","@id":"https:\/\/www.correiobraziliense.com.br\/cbradar\/jaragua-do-sul-indaiatuba-valinhos-e-jundiai-vencem-o-ranking-de-seguranca-urbana-no-brasil-e-atrai-familias-que-migram-para-o-interior-em-2026-em-busca-de-tranquilidade\/#primaryimage","url":"https:\/\/www.correiobraziliense.com.br\/cbradar\/wp-content\/uploads\/2026\/04\/aaa-2026-04-30T011025.903.png","contentUrl":"https:\/\/www.correiobraziliense.com.br\/cbradar\/wp-content\/uploads\/2026\/04\/aaa-2026-04-30T011025.903.png","width":1280,"height":720,"caption":"Valinhos, Indaiatuba, Jundia\u00ed e Jaragu\u00e1 do Sul mostram que seguran\u00e7a, IDH alto e oferta de emprego podem caminhar juntos no Brasil. \/ Imagem ilustrativa"},{"@type":"BreadcrumbList","@id":"https:\/\/www.correiobraziliense.com.br\/cbradar\/jaragua-do-sul-indaiatuba-valinhos-e-jundiai-vencem-o-ranking-de-seguranca-urbana-no-brasil-e-atrai-familias-que-migram-para-o-interior-em-2026-em-busca-de-tranquilidade\/#breadcrumb","itemListElement":[{"@type":"ListItem","position":1,"name":"In\u00edcio","item":"https:\/\/www.correiobraziliense.com.br\/cbradar\/"},{"@type":"ListItem","position":2,"name":"Jaragu\u00e1 do Sul, Indaiatuba, Valinhos e Jundia\u00ed vencem o ranking de seguran\u00e7a urbana no Brasil e atra\u00ed fam\u00edlias que migram para o interior em 2026 em busca de tranquilidade"}]},{"@type":"WebSite","@id":"https:\/\/www.correiobraziliense.com.br\/cbradar\/#website","url":"https:\/\/www.correiobraziliense.com.br\/cbradar\/","name":"Correio Braziliense - Radar","description":"Acompanhe as \u00faltimas not\u00edcias e fique bem informado sobre tudo o que acontece no Brasil e no mundo.","potentialAction":[{"@type":"SearchAction","target":{"@type":"EntryPoint","urlTemplate":"https:\/\/www.correiobraziliense.com.br\/cbradar\/?s={search_term_string}"},"query-input":{"@type":"PropertyValueSpecification","valueRequired":true,"valueName":"search_term_string"}}],"inLanguage":"pt-BR"},{"@type":"Person","@id":"https:\/\/www.correiobraziliense.com.br\/cbradar\/#\/schema\/person\/4053c651a9bfc785afc6f4cbc9032fd3","name":"Maura Pereira","image":{"@type":"ImageObject","inLanguage":"pt-BR","@id":"https:\/\/www.correiobraziliense.com.br\/cbradar\/#\/schema\/person\/image\/","url":"https:\/\/secure.gravatar.com\/avatar\/3effd6bdadfa447f15089c7f7144eaa6?s=96&d=mm&r=g","contentUrl":"https:\/\/secure.gravatar.com\/avatar\/3effd6bdadfa447f15089c7f7144eaa6?s=96&d=mm&r=g","caption":"Maura Pereira"},"sameAs":["https:\/\/www.correiobraziliense.com.br\/"],"url":"https:\/\/www.correiobraziliense.com.br\/cbradar\/author\/mauramyth\/"}]}},"_links":{"self":[{"href":"https:\/\/www.correiobraziliense.com.br\/cbradar\/wp-json\/wp\/v2\/posts\/234440","targetHints":{"allow":["GET"]}}],"collection":[{"href":"https:\/\/www.correiobraziliense.com.br\/cbradar\/wp-json\/wp\/v2\/posts"}],"about":[{"href":"https:\/\/www.correiobraziliense.com.br\/cbradar\/wp-json\/wp\/v2\/types\/post"}],"author":[{"embeddable":true,"href":"https:\/\/www.correiobraziliense.com.br\/cbradar\/wp-json\/wp\/v2\/users\/8"}],"replies":[{"embeddable":true,"href":"https:\/\/www.correiobraziliense.com.br\/cbradar\/wp-json\/wp\/v2\/comments?post=234440"}],"version-history":[{"count":16,"href":"https:\/\/www.correiobraziliense.com.br\/cbradar\/wp-json\/wp\/v2\/posts\/234440\/revisions"}],"predecessor-version":[{"id":234499,"href":"https:\/\/www.correiobraziliense.com.br\/cbradar\/wp-json\/wp\/v2\/posts\/234440\/revisions\/234499"}],"wp:featuredmedia":[{"embeddable":true,"href":"https:\/\/www.correiobraziliense.com.br\/cbradar\/wp-json\/wp\/v2\/media\/234496"}],"wp:attachment":[{"href":"https:\/\/www.correiobraziliense.com.br\/cbradar\/wp-json\/wp\/v2\/media?parent=234440"}],"wp:term":[{"taxonomy":"category","embeddable":true,"href":"https:\/\/www.correiobraziliense.com.br\/cbradar\/wp-json\/wp\/v2\/categories?post=234440"},{"taxonomy":"post_tag","embeddable":true,"href":"https:\/\/www.correiobraziliense.com.br\/cbradar\/wp-json\/wp\/v2\/tags?post=234440"}],"curies":[{"name":"wp","href":"https:\/\/api.w.org\/{rel}","templated":true}]}}