{"id":234441,"date":"2026-04-30T06:25:00","date_gmt":"2026-04-30T09:25:00","guid":{"rendered":"https:\/\/www.correiobraziliense.com.br\/cbradar\/?p=234441"},"modified":"2026-04-30T01:38:43","modified_gmt":"2026-04-30T04:38:43","slug":"islandia-noruega-suecia-e-finlandia-endurecem-seguranca-nas-fronteiras-e-mudam-regras-para-brasileiros-que-chegam-ao-norte-da-europa","status":"publish","type":"post","link":"https:\/\/www.correiobraziliense.com.br\/cbradar\/islandia-noruega-suecia-e-finlandia-endurecem-seguranca-nas-fronteiras-e-mudam-regras-para-brasileiros-que-chegam-ao-norte-da-europa\/","title":{"rendered":"Isl\u00e2ndia, Noruega, Su\u00e9cia e Finl\u00e2ndia endurecem seguran\u00e7a nas fronteiras e mudam regras para brasileiros que chegam ao Norte da Europa"},"content":{"rendered":"\n<p>Desde <strong>10 de abril de 2026<\/strong>, o tradicional carimbo no passaporte deixou de existir nas fronteiras do <strong>Espa\u00e7o Schengen<\/strong>. <strong>Isl\u00e2ndia<\/strong>, <strong>Noruega<\/strong>, <strong>Su\u00e9cia<\/strong> e <strong>Finl\u00e2ndia<\/strong> agora exigem foto facial e impress\u00f5es digitais de todo turista brasileiro logo no desembarque.<\/p>\n\n\n\n<h2 class=\"wp-block-heading\">O que \u00e9 o EES e por que ele mudou tudo no Norte Europeu?<\/h2>\n\n\n\n<p>O <strong>Sistema de Entrada e Sa\u00edda (EES)<\/strong> \u00e9 um banco de dados automatizado que registra a entrada e a sa\u00edda de cidad\u00e3os de fora do bloco Schengen. Em vez do carimbo manual, cada viajante passa a ter os dados armazenados digitalmente em uma base centralizada da <strong>Uni\u00e3o Europeia<\/strong>.<\/p>\n\n\n\n<p>Segundo a <a href=\"https:\/\/home-affairs.ec.europa.eu\/policies\/schengen\/smart-borders\/entry-exit-system_en\" target=\"_blank\" rel=\"noreferrer noopener\"><strong>Comiss\u00e3o Europeia<\/strong><\/a>, os 4 pa\u00edses n\u00f3rdicos integram o sistema desde a fase gradual iniciada em outubro de 2025. A opera\u00e7\u00e3o plena come\u00e7ou em 10 de abril de 2026, e o registro biom\u00e9trico tem validade de 3 anos a cada novo passaporte.<\/p>\n\n\n<div class=\"wp-block-image\">\n<figure class=\"aligncenter size-full is-resized\"><img decoding=\"async\" width=\"1280\" height=\"720\" src=\"https:\/\/www.correiobraziliense.com.br\/cbradar\/wp-content\/uploads\/2026\/04\/noruega_1777522841699.jpg\" alt=\"\" class=\"wp-image-234507\" style=\"width:1070px;height:auto\" srcset=\"https:\/\/www.correiobraziliense.com.br\/cbradar\/wp-content\/uploads\/2026\/04\/noruega_1777522841699.jpg 1280w, https:\/\/www.correiobraziliense.com.br\/cbradar\/wp-content\/uploads\/2026\/04\/noruega_1777522841699-300x169.jpg 300w, https:\/\/www.correiobraziliense.com.br\/cbradar\/wp-content\/uploads\/2026\/04\/noruega_1777522841699-768x432.jpg 768w, https:\/\/www.correiobraziliense.com.br\/cbradar\/wp-content\/uploads\/2026\/04\/noruega_1777522841699-750x422.jpg 750w, https:\/\/www.correiobraziliense.com.br\/cbradar\/wp-content\/uploads\/2026\/04\/noruega_1777522841699-1140x641.jpg 1140w\" sizes=\"(max-width: 1280px) 100vw, 1280px\" \/><figcaption class=\"wp-element-caption\">Os 4 pa\u00edses do Norte Europeu mais visitados por brasileiros est\u00e3o dentro do EES. \/ Cr\u00e9ditos: depositphotos.com \/ fokkebok<\/figcaption><\/figure><\/div>\n\n\n<h2 class=\"wp-block-heading\">Por que o controle ficou mais r\u00edgido para os turistas?<\/h2>\n\n\n\n<p><strong>O objetivo declarado \u00e9 fechar brechas no controle de perman\u00eancia.<\/strong> Carimbos podiam apagar, ser falsificados ou simplesmente passar despercebidos, e o sistema digital monitora com precis\u00e3o a regra de <strong>90 dias em um per\u00edodo de 180<\/strong>.<\/p>\n\n\n\n<p>Na fase gradual, mais de 45 milh\u00f5es de cadastros foram feitos e cerca de 24 mil pessoas tiveram entrada negada por documentos vencidos, justificativas insuficientes ou alertas de seguran\u00e7a, segundo dados da Comiss\u00e3o Europeia divulgados pela imprensa europeia. O recado \u00e9 claro: improviso na imigra\u00e7\u00e3o n\u00f3rdica deixou de ter espa\u00e7o.<\/p>\n\n\n\n<h2 class=\"wp-block-heading\">Quais pa\u00edses aderiram ao novo sistema?<\/h2>\n\n\n\n<p><strong>Os 4 pa\u00edses do Norte Europeu mais visitados por brasileiros est\u00e3o dentro do EES<\/strong>, embora Noruega, Isl\u00e2ndia e Liechtenstein n\u00e3o perten\u00e7am \u00e0 <strong>Uni\u00e3o Europeia<\/strong>. A ades\u00e3o se d\u00e1 por integrarem o Espa\u00e7o Schengen.<\/p>\n\n\n\n<style>\n  \/* --- CONTAINER BLINDADO (PADR\u00c3O REGISTRADO) --- *\/\n  .clima-grid-final {\n    font-family: -apple-system, BlinkMacSystemFont, \"Segoe UI\", Roboto, Arial, sans-serif !important;\n    width: 100% !important;\n    max-width: 1200px !important;\n    margin: 20px auto !important;\n    display: grid !important;\n    \/* 4 COLUNAS PARA OS 4 PA\u00cdSES *\/\n    grid-template-columns: repeat(4, 1fr) !important; \n    gap: 15px !important;\n    box-sizing: border-box !important;\n  }\n\n  .clima-grid-final * {\n    box-sizing: border-box !important;\n  }\n\n  \/* --- BLINDAGEM --- *\/\n  .clima-grid-final > :not(.card-clima) {\n    display: none !important;\n    width: 0 !important;\n    height: 0 !important;\n    opacity: 0 !important;\n  }\n\n  \/* --- CARD PADR\u00c3O PRETO --- *\/\n  .card-clima {\n    background: #ffffff !important;\n    border: 1px solid #e0e0e0 !important;\n    border-radius: 20px !important;\n    padding: 20px 10px !important;\n    text-align: center !important;\n    display: flex !important;\n    flex-direction: column !important;\n    align-items: center !important;\n    box-shadow: 0 4px 10px rgba(0, 0, 0, 0.05) !important;\n    min-width: 0 !important; \n    transition: transform 0.2s ease !important;\n    overflow: hidden !important;\n    height: 100% !important;\n  }\n\n  .card-clima:hover {\n    transform: translateY(-5px) !important;\n    border-color: #000000 !important;\n  }\n\n  \/* --- CONTE\u00daDO --- *\/\n  .estacao-nome { \n    font-size: 14px !important; \n    font-weight: 800 !important; \n    color: #000000 !important; \n    text-transform: uppercase !important; \n    margin: 0 0 5px 0 !important; \n  }\n  \n  .estacao-meses { \n    font-size: 10px !important; \n    font-weight: 700 !important; \n    color: #444444 !important; \n    text-transform: uppercase !important; \n    margin-bottom: 15px !important; \n    display: block !important;\n  }\n  \n  .temp-valor { \n    font-size: 18px !important; \n    font-weight: 800 !important; \n    color: #000000 !important; \n    line-height: 1.1 !important; \n    margin: 0 !important;\n  }\n  \n  .temp-label { \n    font-size: 9px !important; \n    font-weight: 600 !important; \n    color: #777777 !important; \n    text-transform: uppercase !important; \n    margin-bottom: 15px !important; \n    display: block !important;\n  }\n  \n  .clima-desc { \n    font-size: 12px !important; \n    line-height: 1.4 !important; \n    color: #333333 !important; \n    margin-bottom: 15px !important; \n    flex-grow: 1 !important; \n  }\n\n  .tag-status {\n    background-color: #f5f5f5 !important;\n    border: 1px solid #d0d0d0 !important;\n    color: #000000 !important;\n    padding: 5px 12px !important;\n    border-radius: 20px !important;\n    font-size: 9px !important;\n    font-weight: 800 !important;\n    text-transform: uppercase !important;\n    margin-top: auto !important;\n  }\n\n  \/* --- RESPONSIVIDADE --- *\/\n  @media (max-width: 800px) {\n    .clima-grid-final {\n      grid-template-columns: 1fr !important; \n    }\n    .card-clima {\n      padding: 25px 20px !important;\n    }\n  }\n<\/style>\n\n<div class=\"google-auto-ads-ignore clima-grid-final\">\n  \n  <!-- ISL\u00c2NDIA -->\n  <div class=\"card-clima\">\n    <div class=\"estacao-nome\">\ud83c\uddee\ud83c\uddf8 Isl\u00e2ndia<\/div>\n    <span class=\"estacao-meses\">Reykjav\u00edk<\/span>\n    <div class=\"temp-valor\">Keflav\u00edk (KEF)<\/div>\n    <span class=\"temp-label\">Aeroporto Principal<\/span>\n    <div class=\"clima-desc\">O pa\u00eds possui o sistema <b>EES ativo<\/b> para controle de fronteiras, por\u00e9m o aplicativo <i>Travel to Europe<\/i> ainda <b>n\u00e3o est\u00e1 dispon\u00edvel<\/b>.<\/div>\n    <div class=\"tag-status\">\ud83d\udec2 EES Ativo<\/div>\n  <\/div>\n\n  <!-- NORUEGA -->\n  <div class=\"card-clima\">\n    <div class=\"estacao-nome\">\ud83c\uddf3\ud83c\uddf4 Noruega<\/div>\n    <span class=\"estacao-meses\">Oslo<\/span>\n    <div class=\"temp-valor\">Gardermoen (OSL)<\/div>\n    <span class=\"temp-label\">Aeroporto Principal<\/span>\n    <div class=\"clima-desc\">Com o <b>EES ativo<\/b>, os viajantes que chegam pela capital devem seguir os novos protocolos, sem suporte ao app oficial no momento.<\/div>\n    <div class=\"tag-status\">\ud83d\udec2 EES Ativo<\/div>\n  <\/div>\n\n  <!-- SU\u00c9CIA -->\n  <div class=\"card-clima\">\n    <div class=\"estacao-nome\">\ud83c\uddf8\ud83c\uddea Su\u00e9cia<\/div>\n    <span class=\"estacao-meses\">Estocolmo<\/span>\n    <div class=\"temp-valor\">Arlanda (ARN)<\/div>\n    <span class=\"temp-label\">Aeroporto Principal<\/span>\n    <div class=\"clima-desc\">Destaque na regi\u00e3o: al\u00e9m do <b>EES ativo<\/b>, a Su\u00e9cia j\u00e1 conta com o <b>App Travel to Europe dispon\u00edvel<\/b> para facilitar a entrada.<\/div>\n    <div class=\"tag-status\">\ud83d\udcf1 App Dispon\u00edvel<\/div>\n  <\/div>\n\n  <!-- FINL\u00c2NDIA -->\n  <div class=\"card-clima\">\n    <div class=\"estacao-nome\">\ud83c\uddeb\ud83c\uddee Finl\u00e2ndia<\/div>\n    <span class=\"estacao-meses\">Helsinque<\/span>\n    <div class=\"temp-valor\">Helsinki-Vantaa (HEL)<\/div>\n    <span class=\"temp-label\">Aeroporto Principal<\/span>\n    <div class=\"clima-desc\">A entrada pelo hub de Helsinque exige o registro no <b>EES ativo<\/b>, mas o aplicativo de aux\u00edlio ainda <b>n\u00e3o est\u00e1 dispon\u00edvel<\/b>.<\/div>\n    <div class=\"tag-status\">\ud83d\udec2 EES Ativo<\/div>\n  <\/div>\n\n<\/div>\n\n\n\n<p><em>Informa\u00e7\u00f5es verificadas no <a href=\"https:\/\/travel-europe.europa.eu\/en\/ees\" target=\"_blank\" rel=\"noreferrer noopener\"><strong>portal oficial do EES<\/strong><\/a> da Uni\u00e3o Europeia.<\/em><\/p>\n\n\n\n<h2 class=\"wp-block-heading\">Como funciona o desembarque na pr\u00e1tica?<\/h2>\n\n\n\n<p>O brasileiro segue isento de visto para estadias de at\u00e9 90 dias. A diferen\u00e7a \u00e9 o procedimento na cabine de imigra\u00e7\u00e3o, que ficou mais t\u00e9cnico e leva mais tempo na primeira vez.<\/p>\n\n\n\n<ul class=\"wp-block-list\">\n<li><strong>Apresenta\u00e7\u00e3o do passaporte<\/strong>: o viajante se dirige ao quiosque autom\u00e1tico ou \u00e0 cabine, e o oficial escaneia o documento biom\u00e9trico.<\/li>\n\n\n\n<li><strong>Coleta de foto facial<\/strong>: uma c\u00e2mera registra a imagem do rosto, sem necessidade de retirada de \u00f3culos comuns.<\/li>\n\n\n\n<li><strong>Impress\u00f5es digitais<\/strong>: 4 dedos s\u00e3o lidos por um sensor. Crian\u00e7as com menos de 12 anos est\u00e3o isentas dessa etapa.<\/li>\n\n\n\n<li><strong>Entrevista breve<\/strong>: o agente pode perguntar destino, hospedagem, retorno e meios financeiros, agora de forma eletr\u00f4nica.<\/li>\n\n\n\n<li><strong>Libera\u00e7\u00e3o<\/strong>: o sistema calcula automaticamente o saldo de dias dentro da regra de 90 em 180.<\/li>\n<\/ul>\n\n\n\n<h2 class=\"wp-block-heading\">Quanto tempo a fila pode levar nos aeroportos n\u00f3rdicos?<\/h2>\n\n\n\n<p>O tempo m\u00e9dio de espera subiu nas primeiras semanas. Segundo levantamento do Airports Council International, o processamento ficou at\u00e9 70% mais lento em alguns terminais europeus, com filas de at\u00e9 2 horas em hor\u00e1rios de pico.<\/p>\n\n\n\n<p>A recomenda\u00e7\u00e3o \u00e9 chegar ao aeroporto de origem com folga e, em conex\u00f5es dentro do Schengen, deixar pelo menos 2h30 entre voos. Em <strong>Helsinque<\/strong> e <strong>Estocolmo<\/strong>, o fluxo de turistas brasileiros aumenta no inverno por causa da temporada de aurora boreal, e o impacto no <strong>Aeroporto de Arlanda<\/strong> tende a ser mais vis\u00edvel em janeiro e fevereiro.<\/p>\n\n\n\n<p><strong>Leia tamb\u00e9m: <a href=\"https:\/\/www.correiobraziliense.com.br\/cbradar\/os-movimentos-que-mais-ajudam-quem-passa-o-dia-sentado-a-destravar-o-corpo-e-sentir-menos-peso-nas-costas-ao-longo-da-rotina\/\" target=\"_blank\" rel=\"noreferrer noopener\">Os movimentos que mais ajudam quem passa o dia sentado a destravar o corpo e sentir menos peso nas costas ao longo da rotina.<\/a><\/strong><\/p>\n\n\n\n<h2 class=\"wp-block-heading\">O que \u00e9 o app Travel to Europe e quem pode usar?<\/h2>\n\n\n\n<p>A Uni\u00e3o Europeia lan\u00e7ou o aplicativo <strong>Travel to Europe<\/strong>, dispon\u00edvel nas lojas oficiais, que permite pr\u00e9-cadastrar passaporte, foto e formul\u00e1rio de entrada at\u00e9 72 horas antes da viagem. O app n\u00e3o substitui a verifica\u00e7\u00e3o presencial, mas reduz o tempo de fila.<\/p>\n\n\n\n<p>Por enquanto, entre os 4 pa\u00edses do Norte Europeu, apenas a Su\u00e9cia adotou o aplicativo. Quem desembarcar em <strong>Reykjav\u00edk<\/strong>, Oslo ou Helsinque ainda precisa fazer todo o cadastro presencialmente nos quiosques do aeroporto.<\/p>\n\n\n<div class=\"wp-block-image\">\n<figure class=\"aligncenter size-full is-resized\"><img decoding=\"async\" width=\"1280\" height=\"720\" src=\"https:\/\/www.correiobraziliense.com.br\/cbradar\/wp-content\/uploads\/2026\/04\/Finlandia-_1777522914816.jpg\" alt=\"\" class=\"wp-image-234512\" style=\"width:1082px;height:auto\" srcset=\"https:\/\/www.correiobraziliense.com.br\/cbradar\/wp-content\/uploads\/2026\/04\/Finlandia-_1777522914816.jpg 1280w, https:\/\/www.correiobraziliense.com.br\/cbradar\/wp-content\/uploads\/2026\/04\/Finlandia-_1777522914816-300x169.jpg 300w, https:\/\/www.correiobraziliense.com.br\/cbradar\/wp-content\/uploads\/2026\/04\/Finlandia-_1777522914816-768x432.jpg 768w, https:\/\/www.correiobraziliense.com.br\/cbradar\/wp-content\/uploads\/2026\/04\/Finlandia-_1777522914816-750x422.jpg 750w, https:\/\/www.correiobraziliense.com.br\/cbradar\/wp-content\/uploads\/2026\/04\/Finlandia-_1777522914816-1140x641.jpg 1140w\" sizes=\"(max-width: 1280px) 100vw, 1280px\" \/><figcaption class=\"wp-element-caption\">O Sistema Europeu de Informa\u00e7\u00e3o e Autoriza\u00e7\u00e3o de Viagem (ETIAS) \u00e9 a pr\u00f3xima etapa. \/ Cr\u00e9ditos: depositphotos.com \/ ELINA<\/figcaption><\/figure><\/div>\n\n\n<h2 class=\"wp-block-heading\">E o ETIAS, quando vai come\u00e7ar a valer?<\/h2>\n\n\n\n<p>O <strong>Sistema Europeu de Informa\u00e7\u00e3o e Autoriza\u00e7\u00e3o de Viagem (ETIAS)<\/strong> \u00e9 a pr\u00f3xima etapa. Trata-se de uma autoriza\u00e7\u00e3o eletr\u00f4nica, parecida com o ESTA dos Estados Unidos, que custar\u00e1 <strong>20 euros<\/strong> e ter\u00e1 validade de 3 anos ou at\u00e9 o vencimento do passaporte.<\/p>\n\n\n\n<p>A previs\u00e3o oficial \u00e9 que o ETIAS entre em opera\u00e7\u00e3o no \u00faltimo trimestre de 2026. At\u00e9 l\u00e1, basta o passaporte v\u00e1lido, o seguro viagem com cobertura m\u00ednima de 30 mil euros, comprovante de hospedagem e meios financeiros para entrar em qualquer um dos 4 pa\u00edses n\u00f3rdicos. Quem viaja em 2026 deve acompanhar o an\u00fancio da data exata pela <a href=\"https:\/\/travel-europe.europa.eu\/en\/ees\" target=\"_blank\" rel=\"noreferrer noopener\"><strong>Uni\u00e3o Europeia<\/strong><\/a>.<\/p>\n\n\n\n<h2 class=\"wp-block-heading\">Planeje a viagem com tempo extra na imigra\u00e7\u00e3o<\/h2>\n\n\n\n<p><strong>O Norte Europeu segue acess\u00edvel ao brasileiro, mas a era da chegada rel\u00e2mpago ficou para tr\u00e1s.<\/strong> O EES \u00e9 uma realidade consolidada, e a coleta de biometria \u00e9 obrigat\u00f3ria, sem exce\u00e7\u00f5es para quem deseja explorar fiordes, auroras boreais e cidades de design escandinavo.<\/p>\n\n\n\n<p>Voc\u00ea precisa revisar o planejamento da sua pr\u00f3xima viagem ao Norte Europeu e chegar com folga aos aeroportos para aproveitar a Isl\u00e2ndia, a Noruega, a Su\u00e9cia e a Finl\u00e2ndia sem dor de cabe\u00e7a na fronteira.<\/p>\n","protected":false},"excerpt":{"rendered":"<p>Desde 10 de abril de 2026, o tradicional carimbo no passaporte deixou de existir nas fronteiras do Espa\u00e7o Schengen. Isl\u00e2ndia, Noruega, Su\u00e9cia e Finl\u00e2ndia agora exigem foto facial e impress\u00f5es digitais de todo turista brasileiro logo no desembarque. O que \u00e9 o EES e por que ele mudou tudo no Norte Europeu? O Sistema de [&hellip;]<\/p>\n","protected":false},"author":8,"featured_media":234528,"comment_status":"open","ping_status":"open","sticky":false,"template":"","format":"standard","meta":{"_yoast_wpseo_focuskw":"Isl\u00e2ndia","_yoast_wpseo_title":"","_yoast_wpseo_metadesc":"O que est\u00e1 acontecendo na Isl\u00e2ndia, Noruega, Su\u00e9cia e Finl\u00e2ndia ao refor\u00e7ar fronteiras e alteram o desembarque de brasileiros.","jnews-multi-image_gallery":[],"jnews_single_post":{"format":"standard"},"jnews_primary_category":[],"jnews_social_meta":[],"jnews_override_counter":[],"footnotes":""},"categories":[108,111],"tags":[4251,6970,1261,6634],"class_list":["post-234441","post","type-post","status-publish","format-standard","has-post-thumbnail","hentry","category-cidades","category-turismo","tag-finlandia","tag-islandia","tag-noruega","tag-suecia"],"yoast_head":"<!-- This site is optimized with the Yoast SEO plugin v24.6 - https:\/\/yoast.com\/wordpress\/plugins\/seo\/ -->\n<title>Isl\u00e2ndia, Noruega, Su\u00e9cia e Finl\u00e2ndia endurecem seguran\u00e7a nas fronteiras e mudam regras para brasileiros que chegam ao Norte da Europa - Correio Braziliense - Radar<\/title>\n<meta name=\"description\" content=\"O que est\u00e1 acontecendo na Isl\u00e2ndia, Noruega, Su\u00e9cia e Finl\u00e2ndia ao refor\u00e7ar fronteiras e alteram o desembarque de brasileiros.\" \/>\n<meta name=\"robots\" content=\"index, follow, max-snippet:-1, max-image-preview:large, max-video-preview:-1\" \/>\n<link rel=\"canonical\" href=\"https:\/\/www.correiobraziliense.com.br\/cbradar\/islandia-noruega-suecia-e-finlandia-endurecem-seguranca-nas-fronteiras-e-mudam-regras-para-brasileiros-que-chegam-ao-norte-da-europa\/\" \/>\n<meta property=\"og:locale\" content=\"pt_BR\" \/>\n<meta property=\"og:type\" content=\"article\" \/>\n<meta property=\"og:title\" content=\"Isl\u00e2ndia, Noruega, Su\u00e9cia e Finl\u00e2ndia endurecem seguran\u00e7a nas fronteiras e mudam regras para brasileiros que chegam ao Norte da Europa - Correio Braziliense - Radar\" \/>\n<meta property=\"og:description\" content=\"O que est\u00e1 acontecendo na Isl\u00e2ndia, Noruega, Su\u00e9cia e Finl\u00e2ndia ao refor\u00e7ar fronteiras e alteram o desembarque de brasileiros.\" \/>\n<meta property=\"og:url\" content=\"https:\/\/www.correiobraziliense.com.br\/cbradar\/islandia-noruega-suecia-e-finlandia-endurecem-seguranca-nas-fronteiras-e-mudam-regras-para-brasileiros-que-chegam-ao-norte-da-europa\/\" \/>\n<meta property=\"og:site_name\" content=\"Correio Braziliense - Radar\" \/>\n<meta property=\"article:published_time\" content=\"2026-04-30T09:25:00+00:00\" \/>\n<meta property=\"og:image\" content=\"https:\/\/www.correiobraziliense.com.br\/cbradar\/wp-content\/uploads\/2026\/04\/aaa-2026-04-30T013735.617.png\" \/>\n\t<meta property=\"og:image:width\" content=\"1280\" \/>\n\t<meta property=\"og:image:height\" content=\"720\" \/>\n\t<meta property=\"og:image:type\" content=\"image\/png\" \/>\n<meta name=\"author\" content=\"Maura Pereira\" \/>\n<meta name=\"twitter:card\" content=\"summary_large_image\" \/>\n<meta name=\"twitter:label1\" content=\"Escrito por\" \/>\n\t<meta name=\"twitter:data1\" content=\"Maura Pereira\" \/>\n\t<meta name=\"twitter:label2\" content=\"Est. tempo de leitura\" \/>\n\t<meta name=\"twitter:data2\" content=\"7 minutos\" \/>\n<!-- \/ Yoast SEO plugin. -->","yoast_head_json":{"title":"Isl\u00e2ndia, Noruega, Su\u00e9cia e Finl\u00e2ndia endurecem seguran\u00e7a nas fronteiras e mudam regras para brasileiros que chegam ao Norte da Europa - Correio Braziliense - Radar","description":"O que est\u00e1 acontecendo na Isl\u00e2ndia, Noruega, Su\u00e9cia e Finl\u00e2ndia ao refor\u00e7ar fronteiras e alteram o desembarque de brasileiros.","robots":{"index":"index","follow":"follow","max-snippet":"max-snippet:-1","max-image-preview":"max-image-preview:large","max-video-preview":"max-video-preview:-1"},"canonical":"https:\/\/www.correiobraziliense.com.br\/cbradar\/islandia-noruega-suecia-e-finlandia-endurecem-seguranca-nas-fronteiras-e-mudam-regras-para-brasileiros-que-chegam-ao-norte-da-europa\/","og_locale":"pt_BR","og_type":"article","og_title":"Isl\u00e2ndia, Noruega, Su\u00e9cia e Finl\u00e2ndia endurecem seguran\u00e7a nas fronteiras e mudam regras para brasileiros que chegam ao Norte da Europa - Correio Braziliense - Radar","og_description":"O que est\u00e1 acontecendo na Isl\u00e2ndia, Noruega, Su\u00e9cia e Finl\u00e2ndia ao refor\u00e7ar fronteiras e alteram o desembarque de brasileiros.","og_url":"https:\/\/www.correiobraziliense.com.br\/cbradar\/islandia-noruega-suecia-e-finlandia-endurecem-seguranca-nas-fronteiras-e-mudam-regras-para-brasileiros-que-chegam-ao-norte-da-europa\/","og_site_name":"Correio Braziliense - Radar","article_published_time":"2026-04-30T09:25:00+00:00","og_image":[{"width":1280,"height":720,"url":"https:\/\/www.correiobraziliense.com.br\/cbradar\/wp-content\/uploads\/2026\/04\/aaa-2026-04-30T013735.617.png","type":"image\/png"}],"author":"Maura Pereira","twitter_card":"summary_large_image","twitter_misc":{"Escrito por":"Maura Pereira","Est. tempo de leitura":"7 minutos"},"schema":{"@context":"https:\/\/schema.org","@graph":[{"@type":"WebPage","@id":"https:\/\/www.correiobraziliense.com.br\/cbradar\/islandia-noruega-suecia-e-finlandia-endurecem-seguranca-nas-fronteiras-e-mudam-regras-para-brasileiros-que-chegam-ao-norte-da-europa\/","url":"https:\/\/www.correiobraziliense.com.br\/cbradar\/islandia-noruega-suecia-e-finlandia-endurecem-seguranca-nas-fronteiras-e-mudam-regras-para-brasileiros-que-chegam-ao-norte-da-europa\/","name":"Isl\u00e2ndia, Noruega, Su\u00e9cia e Finl\u00e2ndia endurecem seguran\u00e7a nas fronteiras e mudam regras para brasileiros que chegam ao Norte da Europa - Correio Braziliense - Radar","isPartOf":{"@id":"https:\/\/www.correiobraziliense.com.br\/cbradar\/#website"},"primaryImageOfPage":{"@id":"https:\/\/www.correiobraziliense.com.br\/cbradar\/islandia-noruega-suecia-e-finlandia-endurecem-seguranca-nas-fronteiras-e-mudam-regras-para-brasileiros-que-chegam-ao-norte-da-europa\/#primaryimage"},"image":{"@id":"https:\/\/www.correiobraziliense.com.br\/cbradar\/islandia-noruega-suecia-e-finlandia-endurecem-seguranca-nas-fronteiras-e-mudam-regras-para-brasileiros-que-chegam-ao-norte-da-europa\/#primaryimage"},"thumbnailUrl":"https:\/\/www.correiobraziliense.com.br\/cbradar\/wp-content\/uploads\/2026\/04\/aaa-2026-04-30T013735.617.png","datePublished":"2026-04-30T09:25:00+00:00","author":{"@id":"https:\/\/www.correiobraziliense.com.br\/cbradar\/#\/schema\/person\/4053c651a9bfc785afc6f4cbc9032fd3"},"description":"O que est\u00e1 acontecendo na Isl\u00e2ndia, Noruega, Su\u00e9cia e Finl\u00e2ndia ao refor\u00e7ar fronteiras e alteram o desembarque de brasileiros.","breadcrumb":{"@id":"https:\/\/www.correiobraziliense.com.br\/cbradar\/islandia-noruega-suecia-e-finlandia-endurecem-seguranca-nas-fronteiras-e-mudam-regras-para-brasileiros-que-chegam-ao-norte-da-europa\/#breadcrumb"},"inLanguage":"pt-BR","potentialAction":[{"@type":"ReadAction","target":["https:\/\/www.correiobraziliense.com.br\/cbradar\/islandia-noruega-suecia-e-finlandia-endurecem-seguranca-nas-fronteiras-e-mudam-regras-para-brasileiros-que-chegam-ao-norte-da-europa\/"]}]},{"@type":"ImageObject","inLanguage":"pt-BR","@id":"https:\/\/www.correiobraziliense.com.br\/cbradar\/islandia-noruega-suecia-e-finlandia-endurecem-seguranca-nas-fronteiras-e-mudam-regras-para-brasileiros-que-chegam-ao-norte-da-europa\/#primaryimage","url":"https:\/\/www.correiobraziliense.com.br\/cbradar\/wp-content\/uploads\/2026\/04\/aaa-2026-04-30T013735.617.png","contentUrl":"https:\/\/www.correiobraziliense.com.br\/cbradar\/wp-content\/uploads\/2026\/04\/aaa-2026-04-30T013735.617.png","width":1280,"height":720,"caption":"A Uni\u00e3o Europeia lan\u00e7ou o aplicativo Travel to Europe, dispon\u00edvel nas lojas oficiais. \/ Imagem ilustrativa"},{"@type":"BreadcrumbList","@id":"https:\/\/www.correiobraziliense.com.br\/cbradar\/islandia-noruega-suecia-e-finlandia-endurecem-seguranca-nas-fronteiras-e-mudam-regras-para-brasileiros-que-chegam-ao-norte-da-europa\/#breadcrumb","itemListElement":[{"@type":"ListItem","position":1,"name":"In\u00edcio","item":"https:\/\/www.correiobraziliense.com.br\/cbradar\/"},{"@type":"ListItem","position":2,"name":"Isl\u00e2ndia, Noruega, Su\u00e9cia e Finl\u00e2ndia endurecem seguran\u00e7a nas fronteiras e mudam regras para brasileiros que chegam ao Norte da Europa"}]},{"@type":"WebSite","@id":"https:\/\/www.correiobraziliense.com.br\/cbradar\/#website","url":"https:\/\/www.correiobraziliense.com.br\/cbradar\/","name":"Correio Braziliense - Radar","description":"Acompanhe as \u00faltimas not\u00edcias e fique bem informado sobre tudo o que acontece no Brasil e no mundo.","potentialAction":[{"@type":"SearchAction","target":{"@type":"EntryPoint","urlTemplate":"https:\/\/www.correiobraziliense.com.br\/cbradar\/?s={search_term_string}"},"query-input":{"@type":"PropertyValueSpecification","valueRequired":true,"valueName":"search_term_string"}}],"inLanguage":"pt-BR"},{"@type":"Person","@id":"https:\/\/www.correiobraziliense.com.br\/cbradar\/#\/schema\/person\/4053c651a9bfc785afc6f4cbc9032fd3","name":"Maura Pereira","image":{"@type":"ImageObject","inLanguage":"pt-BR","@id":"https:\/\/www.correiobraziliense.com.br\/cbradar\/#\/schema\/person\/image\/","url":"https:\/\/secure.gravatar.com\/avatar\/3effd6bdadfa447f15089c7f7144eaa6?s=96&d=mm&r=g","contentUrl":"https:\/\/secure.gravatar.com\/avatar\/3effd6bdadfa447f15089c7f7144eaa6?s=96&d=mm&r=g","caption":"Maura Pereira"},"sameAs":["https:\/\/www.correiobraziliense.com.br\/"],"url":"https:\/\/www.correiobraziliense.com.br\/cbradar\/author\/mauramyth\/"}]}},"_links":{"self":[{"href":"https:\/\/www.correiobraziliense.com.br\/cbradar\/wp-json\/wp\/v2\/posts\/234441","targetHints":{"allow":["GET"]}}],"collection":[{"href":"https:\/\/www.correiobraziliense.com.br\/cbradar\/wp-json\/wp\/v2\/posts"}],"about":[{"href":"https:\/\/www.correiobraziliense.com.br\/cbradar\/wp-json\/wp\/v2\/types\/post"}],"author":[{"embeddable":true,"href":"https:\/\/www.correiobraziliense.com.br\/cbradar\/wp-json\/wp\/v2\/users\/8"}],"replies":[{"embeddable":true,"href":"https:\/\/www.correiobraziliense.com.br\/cbradar\/wp-json\/wp\/v2\/comments?post=234441"}],"version-history":[{"count":16,"href":"https:\/\/www.correiobraziliense.com.br\/cbradar\/wp-json\/wp\/v2\/posts\/234441\/revisions"}],"predecessor-version":[{"id":234530,"href":"https:\/\/www.correiobraziliense.com.br\/cbradar\/wp-json\/wp\/v2\/posts\/234441\/revisions\/234530"}],"wp:featuredmedia":[{"embeddable":true,"href":"https:\/\/www.correiobraziliense.com.br\/cbradar\/wp-json\/wp\/v2\/media\/234528"}],"wp:attachment":[{"href":"https:\/\/www.correiobraziliense.com.br\/cbradar\/wp-json\/wp\/v2\/media?parent=234441"}],"wp:term":[{"taxonomy":"category","embeddable":true,"href":"https:\/\/www.correiobraziliense.com.br\/cbradar\/wp-json\/wp\/v2\/categories?post=234441"},{"taxonomy":"post_tag","embeddable":true,"href":"https:\/\/www.correiobraziliense.com.br\/cbradar\/wp-json\/wp\/v2\/tags?post=234441"}],"curies":[{"name":"wp","href":"https:\/\/api.w.org\/{rel}","templated":true}]}}