{"id":234454,"date":"2026-04-30T08:25:00","date_gmt":"2026-04-30T11:25:00","guid":{"rendered":"https:\/\/www.correiobraziliense.com.br\/cbradar\/?p=234454"},"modified":"2026-04-30T01:40:11","modified_gmt":"2026-04-30T04:40:11","slug":"a-capital-nacional-da-maca-a-1-360-metros-de-altitude-tem-900-horas-de-frio-e-ja-registrou-neve-de-10c-que-encanta-brasileiros","status":"publish","type":"post","link":"https:\/\/www.correiobraziliense.com.br\/cbradar\/a-capital-nacional-da-maca-a-1-360-metros-de-altitude-tem-900-horas-de-frio-e-ja-registrou-neve-de-10c-que-encanta-brasileiros\/","title":{"rendered":"A \u201cCapital Nacional da Ma\u00e7\u00e3\u201d, a 1.360 metros de altitude, tem 900 horas de frio e j\u00e1 registrou neve de -10\u00b0C que encanta brasileiros"},"content":{"rendered":"\n<p>No topo da <strong>Serra Catarinense<\/strong>, onde a temperatura j\u00e1 chegou a -10\u00b0C, fica a sede municipal mais alta de <strong>Santa Catarina<\/strong>. <strong>S\u00e3o Joaquim<\/strong> \u00e9 a &#8220;Capital Nacional da Ma\u00e7\u00e3&#8221; e transformou o frio extremo em economia, vinho premiado e neve que rende manchete.<\/p>\n\n\n\n<h2 class=\"wp-block-heading\">Como uma cidade de 25 mil habitantes virou a Capital Nacional da Ma\u00e7\u00e3<\/h2>\n\n\n\n<p>O t\u00edtulo saiu do papel em 3 de janeiro de 2019, quando a <a href=\"https:\/\/estado.sc.gov.br\/noticias\/sao-joaquim-se-torna-a-capital-nacional-da-maca\/\" target=\"_blank\" rel=\"noreferrer noopener\"><strong>Lei Federal 13.790<\/strong><\/a> consagrou S\u00e3o Joaquim como a Capital Nacional da Ma\u00e7\u00e3. A escolha n\u00e3o foi simb\u00f3lica: segundo a Produ\u00e7\u00e3o Agr\u00edcola Municipal de 2024 do <strong>Instituto Brasileiro de Geografia e Estat\u00edstica (IBGE)<\/strong>, o munic\u00edpio colheu 250 mil toneladas da fruta em 9 mil hectares, o equivalente a 25% da produ\u00e7\u00e3o nacional e 53,6% da safra catarinense.<\/p>\n\n\n\n<p>O cultivo come\u00e7ou na d\u00e9cada de 1970, com o Programa de Fruticultura de Clima Temperado, que trouxe tecnologia do <strong>Jap\u00e3o<\/strong> e dos <strong>Estados Unidos<\/strong>. A ma\u00e7\u00e3 Fuji se adaptou t\u00e3o bem ao terroir local que, em 2021, recebeu o selo de Indica\u00e7\u00e3o Geogr\u00e1fica do <strong>Instituto Nacional da Propriedade Industrial (INPI)<\/strong>, na qualidade de Denomina\u00e7\u00e3o de Origem.<\/p>\n\n\n<div class=\"wp-block-image\">\n<figure class=\"aligncenter size-large\"><img decoding=\"async\" width=\"1024\" height=\"576\" src=\"https:\/\/www.correiobraziliense.com.br\/cbradar\/wp-content\/uploads\/2026\/01\/aaa-2026-01-19T192633.589-1024x576.png\" alt=\"A cidade mais fria do Brasil j\u00e1 registrou \u221210 \u00b0C a 1.360 metros de altitude e hoje se destaca pelos vinhos em Santa Catarina\" class=\"wp-image-178285\" srcset=\"https:\/\/www.correiobraziliense.com.br\/cbradar\/wp-content\/uploads\/2026\/01\/aaa-2026-01-19T192633.589-1024x576.png 1024w, https:\/\/www.correiobraziliense.com.br\/cbradar\/wp-content\/uploads\/2026\/01\/aaa-2026-01-19T192633.589-300x169.png 300w, https:\/\/www.correiobraziliense.com.br\/cbradar\/wp-content\/uploads\/2026\/01\/aaa-2026-01-19T192633.589-768x432.png 768w, https:\/\/www.correiobraziliense.com.br\/cbradar\/wp-content\/uploads\/2026\/01\/aaa-2026-01-19T192633.589-750x422.png 750w, https:\/\/www.correiobraziliense.com.br\/cbradar\/wp-content\/uploads\/2026\/01\/aaa-2026-01-19T192633.589-1140x641.png 1140w, https:\/\/www.correiobraziliense.com.br\/cbradar\/wp-content\/uploads\/2026\/01\/aaa-2026-01-19T192633.589.png 1280w\" sizes=\"(max-width: 1024px) 100vw, 1024px\" \/><figcaption class=\"wp-element-caption\">S\u00e3o Joaquim oferece Parque Nacional, Morro da Igreja (1.822m) e eventos como Exponeve para ecoturismo e degusta\u00e7\u00e3o de frutas frescas. \/\/ Cr\u00e9ditos: Wikip\u00e9dia<\/figcaption><\/figure><\/div>\n\n\n<h2 class=\"wp-block-heading\">Por que o frio \u00e9 o ouro econ\u00f4mico do munic\u00edpio<\/h2>\n\n\n\n<p>Segundo a <strong>Empresa de Pesquisa Agropecu\u00e1ria e Extens\u00e3o Rural de Santa Catarina (Epagri)<\/strong>, as macieiras precisam de pelo menos 900 horas de frio por ano abaixo de 7\u00b0C para florescer com qualidade. S\u00e3o Joaquim entrega esse n\u00famero com folga, e isso transformou a cidade em um caso raro no <strong>Brasil<\/strong>.<\/p>\n\n\n\n<p>A ma\u00e7\u00e3 responde por cerca de 70% da economia local, com Produto Interno Bruto (PIB) municipal de R$ 1,2 bilh\u00e3o, sendo R$ 1 bilh\u00e3o ligado \u00e0 fruticultura. Os n\u00fameros s\u00e3o da <a href=\"https:\/\/saojoaquim.sc.gov.br\/sao-joaquim-fomenta-cultura-e-atrai-turistas-na-estacao-mais-fria-do-ano\/\" target=\"_blank\" rel=\"noreferrer noopener\"><strong>Prefeitura de S\u00e3o Joaquim<\/strong><\/a>, que tamb\u00e9m aponta cerca de 2 mil fruticultores ativos, em sua maioria pequenos e m\u00e9dios produtores. A cidade \u00e9 uma das poucas do mundo a reunir quatro produtos com selo de Indica\u00e7\u00e3o Geogr\u00e1fica reconhecidos pelo INPI: ma\u00e7\u00e3 Fuji, vinhos de altitude, mel de melato de bracatinga e queijo artesanal serrano.<\/p>\n\n\n<div class=\"wp-block-image\">\n<figure class=\"aligncenter size-large\"><img decoding=\"async\" width=\"1024\" height=\"576\" src=\"https:\/\/www.correiobraziliense.com.br\/cbradar\/wp-content\/uploads\/2026\/01\/aaa-2026-01-19T191130.624-1024x576.png\" alt=\"A cidade mais fria do Brasil j\u00e1 registrou \u221210 \u00b0C a 1.360 metros de altitude e hoje se destaca pelos vinhos em Santa Catarina\" class=\"wp-image-178282\" srcset=\"https:\/\/www.correiobraziliense.com.br\/cbradar\/wp-content\/uploads\/2026\/01\/aaa-2026-01-19T191130.624-1024x576.png 1024w, https:\/\/www.correiobraziliense.com.br\/cbradar\/wp-content\/uploads\/2026\/01\/aaa-2026-01-19T191130.624-300x169.png 300w, https:\/\/www.correiobraziliense.com.br\/cbradar\/wp-content\/uploads\/2026\/01\/aaa-2026-01-19T191130.624-768x432.png 768w, https:\/\/www.correiobraziliense.com.br\/cbradar\/wp-content\/uploads\/2026\/01\/aaa-2026-01-19T191130.624-750x422.png 750w, https:\/\/www.correiobraziliense.com.br\/cbradar\/wp-content\/uploads\/2026\/01\/aaa-2026-01-19T191130.624-1140x641.png 1140w, https:\/\/www.correiobraziliense.com.br\/cbradar\/wp-content\/uploads\/2026\/01\/aaa-2026-01-19T191130.624.png 1280w\" sizes=\"(max-width: 1024px) 100vw, 1024px\" \/><figcaption class=\"wp-element-caption\">Em S\u00e3o Joaquim, explore vin\u00edcolas charmosas, pra\u00e7a congelada e trilhas leves entre arauc\u00e1rias na acolhedora serra de Santa Catarina. \/\/ Cr\u00e9ditos: Wikip\u00e9dia<\/figcaption><\/figure><\/div>\n\n\n<h2 class=\"wp-block-heading\">O que fazer em S\u00e3o Joaquim al\u00e9m de provar a ma\u00e7\u00e3?<\/h2>\n\n\n\n<p>O turismo na <strong>Serra Catarinense<\/strong> saltou de 60 mil para mais de 200 mil visitantes anuais na \u00faltima d\u00e9cada. A cidade alia natureza, enoturismo e arquitetura serrana em um raio de poucos quil\u00f4metros do centro.<\/p>\n\n\n\n<ul class=\"wp-block-list\">\n<li><strong>Parque Nacional de S\u00e3o Joaquim<\/strong>: unidade de conserva\u00e7\u00e3o federal administrada pelo <strong>Instituto Chico Mendes de Conserva\u00e7\u00e3o da Biodiversidade (ICMBio)<\/strong>, com c\u00e2nions, campos de altitude e trilhas em arauc\u00e1rias.<\/li>\n\n\n\n<li><strong>Complexo dos Vinhedos<\/strong>: corredor ao longo da SC-114 com Villa Francioni, Peric\u00f3, Quinta da Neve e Monte Agudo, entre outras vin\u00edcolas de altitude abertas para degusta\u00e7\u00e3o.<\/li>\n\n\n\n<li><strong>Parque Nacional da Ma\u00e7\u00e3 e do Vinho<\/strong>: 214 mil m\u00b2 a dois quil\u00f4metros do centro, palco da Festa Nacional da Ma\u00e7\u00e3 desde 1954.<\/li>\n\n\n\n<li><strong>Mirante dos Pinheiros<\/strong>: ponto cl\u00e1ssico de p\u00f4r do sol entre montanhas cobertas por arauc\u00e1rias.<\/li>\n\n\n\n<li><strong>Snow Valley<\/strong>: parque ecol\u00f3gico inaugurado nos anos 1970, inspirado em modelos norte-americanos, com trilhas, cascatas e arvorismo a 10 km do centro.<\/li>\n<\/ul>\n\n\n\n<p>O v\u00eddeo \u00e9 do canal<strong> Felipe Tavares \u2022 Mapa de Viajante<\/strong>, que conta com <strong>12 mil inscritos<\/strong>, e detalha um roteiro completo por S\u00e3o Joaquim, Urubici e Bom Jardim da Serra, focando em gastronomia, pontos tur\u00edsticos e dicas de hospedagem.<\/p>\n\n\n\n<figure class=\"wp-block-embed aligncenter is-type-video is-provider-youtube wp-block-embed-youtube wp-embed-aspect-16-9 wp-has-aspect-ratio\"><div class=\"wp-block-embed__wrapper\">\n<div class=\"jeg_video_container jeg_video_content\"><iframe loading=\"lazy\" title=\"ROTEIRO pra S\u00c3O JOAQUIM e outras cidades da Serra Catarinense!\" width=\"500\" height=\"281\" src=\"https:\/\/www.youtube.com\/embed\/cKndY6iUImE?feature=oembed\" frameborder=\"0\" allow=\"accelerometer; autoplay; clipboard-write; encrypted-media; gyroscope; picture-in-picture; web-share\" referrerpolicy=\"strict-origin-when-cross-origin\" allowfullscreen><\/iframe><\/div>\n<\/div><\/figure>\n\n\n\n<p><strong>Leia tamb\u00e9m: <a href=\"https:\/\/www.correiobraziliense.com.br\/cbradar\/os-movimentos-que-mais-ajudam-quem-passa-o-dia-sentado-a-destravar-o-corpo-e-sentir-menos-peso-nas-costas-ao-longo-da-rotina\/\" target=\"_blank\" rel=\"noreferrer noopener\">Os movimentos que mais ajudam quem passa o dia sentado a destravar o corpo e sentir menos peso nas costas ao longo da rotina.<\/a><\/strong><\/p>\n\n\n\n<h2 class=\"wp-block-heading\">Quando ir e o que comer na cidade mais fria do Brasil?<\/h2>\n\n\n\n<p><strong>O clima \u00e9 temperado oce\u00e2nico, com temperatura m\u00e9dia anual de 13,5\u00b0C. <\/strong>O inverno \u00e9 a alta temporada, e a cidade j\u00e1 registrou 103 epis\u00f3dios de neve entre 1980 e 2010. A 25\u00aa <strong>Festa Nacional da Ma\u00e7\u00e3<\/strong> acontece entre 7 e 10 de maio de 2026, marcando o fim da safra.<\/p>\n\n\n\n<style>\n  \/* --- CONTAINER BLINDADO (PADR\u00c3O REGISTRADO) --- *\/\n  .clima-grid-final {\n    font-family: -apple-system, BlinkMacSystemFont, \"Segoe UI\", Roboto, Arial, sans-serif !important;\n    width: 100% !important;\n    max-width: 1200px !important;\n    margin: 20px auto !important;\n    display: grid !important;\n    \/* FOR\u00c7A 4 COLUNAS NO DESKTOP *\/\n    grid-template-columns: repeat(4, 1fr) !important; \n    gap: 15px !important;\n    box-sizing: border-box !important;\n  }\n\n  .clima-grid-final * {\n    box-sizing: border-box !important;\n  }\n\n  \/* --- BLINDAGEM CONTRA ADS E PLUGINS INTRUSOS --- *\/\n  .clima-grid-final > :not(.card-clima) {\n    display: none !important;\n    width: 0 !important;\n    height: 0 !important;\n    opacity: 0 !important;\n  }\n\n  \/* --- CARD PRETO B\u00c1SICO (FUNDO BRANCO) --- *\/\n  .card-clima {\n    background: #ffffff !important;\n    border: 1px solid #e0e0e0 !important;\n    border-radius: 20px !important;\n    padding: 20px 10px !important;\n    text-align: center !important;\n    display: flex !important;\n    flex-direction: column !important;\n    align-items: center !important;\n    box-shadow: 0 4px 10px rgba(0, 0, 0, 0.05) !important;\n    min-width: 0 !important; \n    transition: transform 0.2s ease !important;\n    overflow: hidden !important;\n    height: 100% !important;\n  }\n\n  .card-clima:hover {\n    transform: translateY(-5px) !important;\n    border-color: #000000 !important;\n  }\n\n  \/* --- CONTE\u00daDO --- *\/\n  .estacao-nome { \n    font-size: 14px !important; \n    font-weight: 800 !important; \n    color: #000000 !important; \n    text-transform: uppercase !important; \n    margin: 0 0 5px 0 !important; \n  }\n  \n  .estacao-meses { \n    font-size: 10px !important; \n    font-weight: 700 !important; \n    color: #444444 !important; \n    text-transform: uppercase !important; \n    margin-bottom: 15px !important; \n    display: block !important;\n  }\n  \n  .temp-valor { \n    font-size: 24px !important; \n    font-weight: 800 !important; \n    color: #000000 !important; \n    line-height: 1.1 !important; \n    margin: 0 !important;\n  }\n  \n  .temp-label { \n    font-size: 9px !important; \n    font-weight: 600 !important; \n    color: #777777 !important; \n    text-transform: uppercase !important; \n    margin-bottom: 15px !important; \n    display: block !important;\n  }\n  \n  .clima-desc { \n    font-size: 12px !important; \n    line-height: 1.4 !important; \n    color: #333333 !important; \n    margin-bottom: 15px !important; \n    flex-grow: 1 !important; \n  }\n\n  .tag-status {\n    background-color: #f5f5f5 !important;\n    border: 1px solid #d0d0d0 !important;\n    color: #000000 !important;\n    padding: 5px 12px !important;\n    border-radius: 20px !important;\n    font-size: 9px !important;\n    font-weight: 800 !important;\n    text-transform: uppercase !important;\n    margin-top: auto !important;\n  }\n\n  \/* --- RESPONSIVIDADE --- *\/\n  @media (max-width: 800px) {\n    .clima-grid-final {\n      grid-template-columns: 1fr !important; \n    }\n    .card-clima {\n      padding: 25px 20px !important;\n    }\n  }\n<\/style>\n\n<div class=\"google-auto-ads-ignore clima-grid-final\">\n  \n  <!-- VER\u00c3O -->\n  <div class=\"card-clima\">\n    <div class=\"estacao-nome\">\u2600\ufe0f Ver\u00e3o<\/div>\n    <span class=\"estacao-meses\">Dez &#8211; Fev<\/span>\n    <div class=\"temp-valor\">12-24\u00b0C<\/div>\n    <span class=\"temp-label\">Temperatura<\/span>\n    <div class=\"clima-desc\">\u00c9 tempo de <b>vindima nas vin\u00edcolas<\/b> e aventuras em <b>trilhas<\/b>, aproveitando os dias mais longos apesar da chuva alta.<\/div>\n    <div class=\"tag-status\">\u26c8\ufe0f Chuva Alta<\/div>\n  <\/div>\n\n  <!-- OUTONO -->\n  <div class=\"card-clima\">\n    <div class=\"estacao-nome\">\ud83c\udf42 Outono<\/div>\n    <span class=\"estacao-meses\">Mar &#8211; Mai<\/span>\n    <div class=\"temp-valor\">8-20\u00b0C<\/div>\n    <span class=\"temp-label\">Temperatura<\/span>\n    <div class=\"clima-desc\">A esta\u00e7\u00e3o traz a tradicional <b>colheita da ma\u00e7\u00e3<\/b> e celebra\u00e7\u00f5es na <b>Festa Nacional<\/b>, com clima de transi\u00e7\u00e3o agrad\u00e1vel.<\/div>\n    <div class=\"tag-status\">\ud83c\udf4e Colheita<\/div>\n  <\/div>\n\n  <!-- INVERNO -->\n  <div class=\"card-clima\">\n    <div class=\"estacao-nome\">\ud83e\udde3 Inverno<\/div>\n    <span class=\"estacao-meses\">Jun &#8211; Ago<\/span>\n    <div class=\"temp-valor\">-2-15\u00b0C<\/div>\n    <span class=\"temp-label\">Temperatura<\/span>\n    <div class=\"clima-desc\">O auge do frio serrano com <b>neve e geada<\/b>. A pedida certa \u00e9 relaxar com um <b>fondue<\/b> em frente \u00e0 <b>lareira<\/b>.<\/div>\n    <div class=\"tag-status\">\u2744\ufe0f Neve\/Geada<\/div>\n  <\/div>\n\n  <!-- PRIMAVERA -->\n  <div class=\"card-clima\">\n    <div class=\"estacao-nome\">\ud83c\udf38 Primavera<\/div>\n    <span class=\"estacao-meses\">Set &#8211; Nov<\/span>\n    <div class=\"temp-valor\">6-22\u00b0C<\/div>\n    <span class=\"temp-label\">Temperatura<\/span>\n    <div class=\"clima-desc\">Um espet\u00e1culo visual com a <b>florada das macieiras e cerejeiras<\/b>, colorindo a paisagem com chuvas moderadas.<\/div>\n    <div class=\"tag-status\">\ud83c\udf3f Florada<\/div>\n  <\/div>\n\n<\/div>\n\n\n\n<p><em>Temperaturas aproximadas com base no <a href=\"https:\/\/www.climatempo.com.br\/previsao-do-tempo\/cidade\/383\/saojoaquim-sc\" target=\"_blank\" rel=\"noreferrer noopener\"><strong>Climatempo<\/strong><\/a>. Condi\u00e7\u00f5es podem variar.<\/em><\/p>\n\n\n\n<p>Na mesa, a heran\u00e7a serrana se traduz em frescal, queijo artesanal, mel de bracatinga, trutas e fondues nos restaurantes do centro. As vin\u00edcolas servem r\u00f3tulos de Cabernet Sauvignon, Chardonnay e Pinot Noir, cultivados a mais de 1.300 metros de altitude.<\/p>\n\n\n<div class=\"wp-block-image\">\n<figure class=\"aligncenter size-large\"><img decoding=\"async\" width=\"1024\" height=\"576\" src=\"https:\/\/www.correiobraziliense.com.br\/cbradar\/wp-content\/uploads\/2026\/01\/aaa-2026-01-19T191122.770-1024x576.png\" alt=\"A cidade mais fria do Brasil j\u00e1 registrou \u221210 \u00b0C a 1.360 metros de altitude e hoje se destaca pelos vinhos em Santa Catarina\" class=\"wp-image-178283\" srcset=\"https:\/\/www.correiobraziliense.com.br\/cbradar\/wp-content\/uploads\/2026\/01\/aaa-2026-01-19T191122.770-1024x576.png 1024w, https:\/\/www.correiobraziliense.com.br\/cbradar\/wp-content\/uploads\/2026\/01\/aaa-2026-01-19T191122.770-300x169.png 300w, https:\/\/www.correiobraziliense.com.br\/cbradar\/wp-content\/uploads\/2026\/01\/aaa-2026-01-19T191122.770-768x432.png 768w, https:\/\/www.correiobraziliense.com.br\/cbradar\/wp-content\/uploads\/2026\/01\/aaa-2026-01-19T191122.770-750x422.png 750w, https:\/\/www.correiobraziliense.com.br\/cbradar\/wp-content\/uploads\/2026\/01\/aaa-2026-01-19T191122.770-1140x641.png 1140w, https:\/\/www.correiobraziliense.com.br\/cbradar\/wp-content\/uploads\/2026\/01\/aaa-2026-01-19T191122.770.png 1280w\" sizes=\"(max-width: 1024px) 100vw, 1024px\" \/><figcaption class=\"wp-element-caption\">Viva o encanto gelado de S\u00e3o Joaquim, terra de neve, arauc\u00e1rias e pomares que inspiram paz e aventuras na maior altitude de SC. \/\/ Wikip\u00e9dia<\/figcaption><\/figure><\/div>\n\n\n<h2 class=\"wp-block-heading\">Como chegar a S\u00e3o Joaquim?<\/h2>\n\n\n\n<p>O munic\u00edpio fica a 218 km de <strong>Florian\u00f3polis<\/strong> e a 81 km de <strong>Lages<\/strong>, no planalto serrano. O acesso principal \u00e9 pela BR-282 via Lages ou pela SC-390 vindo da BR-101. De carro, o trajeto desde a capital catarinense leva cerca de 4 horas.<\/p>\n\n\n\n<p>N\u00e3o h\u00e1 aeroporto comercial na cidade. Os mais pr\u00f3ximos s\u00e3o o Aeroporto Herc\u00edlio Luz, em Florian\u00f3polis, e o de <strong>Navegantes<\/strong>, com voos a partir das principais capitais brasileiras.<\/p>\n\n\n\n<h2 class=\"wp-block-heading\">A cidade onde o frio virou riqueza<\/h2>\n\n\n\n<p><strong>S\u00e3o Joaquim guarda em um mesmo endere\u00e7o a sede municipal mais alta de Santa Catarina<\/strong>, pomares que alimentam um quarto do <strong>Brasil<\/strong> e vinhedos que disputam pr\u00eamios internacionais. Frio extremo, neve ocasional e quatro selos de origem fazem dela um caso \u00fanico no pa\u00eds.<\/p>\n\n\n\n<p>Voc\u00ea precisa subir a serra e conhecer S\u00e3o Joaquim, a cidade onde a ma\u00e7\u00e3 cresce mais doce e o vinho fica mais complexo a cada safra.<\/p>\n","protected":false},"excerpt":{"rendered":"<p>No topo da Serra Catarinense, onde a temperatura j\u00e1 chegou a -10\u00b0C, fica a sede municipal mais alta de Santa Catarina. S\u00e3o Joaquim \u00e9 a &#8220;Capital Nacional da Ma\u00e7\u00e3&#8221; e transformou o frio extremo em economia, vinho premiado e neve que rende manchete. Como uma cidade de 25 mil habitantes virou a Capital Nacional da [&hellip;]<\/p>\n","protected":false},"author":8,"featured_media":234526,"comment_status":"open","ping_status":"open","sticky":false,"template":"","format":"standard","meta":{"_yoast_wpseo_focuskw":"Capital Nacional da Ma\u00e7\u00e3","_yoast_wpseo_title":"","_yoast_wpseo_metadesc":"Com 900 horas de frio e 1.360 metros de altitude, a \u201cCapital Nacional da Ma\u00e7\u00e3\u201d surpreende ao registrar neve.","jnews-multi-image_gallery":[],"jnews_single_post":{"format":"standard"},"jnews_primary_category":[],"jnews_social_meta":[],"jnews_override_counter":[],"footnotes":""},"categories":[108,111],"tags":[851,14230],"class_list":["post-234454","post","type-post","status-publish","format-standard","has-post-thumbnail","hentry","category-cidades","category-turismo","tag-santa-catarina","tag-sao-joaquim"],"yoast_head":"<!-- This site is optimized with the Yoast SEO plugin v24.6 - https:\/\/yoast.com\/wordpress\/plugins\/seo\/ -->\n<title>A \u201cCapital Nacional da Ma\u00e7\u00e3\u201d, a 1.360 metros de altitude, tem 900 horas de frio e j\u00e1 registrou neve de -10\u00b0C que encanta brasileiros - Correio Braziliense - Radar<\/title>\n<meta name=\"description\" content=\"Com 900 horas de frio e 1.360 metros de altitude, a \u201cCapital Nacional da Ma\u00e7\u00e3\u201d surpreende ao registrar neve.\" \/>\n<meta name=\"robots\" content=\"index, follow, max-snippet:-1, max-image-preview:large, max-video-preview:-1\" \/>\n<link rel=\"canonical\" href=\"https:\/\/www.correiobraziliense.com.br\/cbradar\/a-capital-nacional-da-maca-a-1-360-metros-de-altitude-tem-900-horas-de-frio-e-ja-registrou-neve-de-10c-que-encanta-brasileiros\/\" \/>\n<meta property=\"og:locale\" content=\"pt_BR\" \/>\n<meta property=\"og:type\" content=\"article\" \/>\n<meta property=\"og:title\" content=\"A \u201cCapital Nacional da Ma\u00e7\u00e3\u201d, a 1.360 metros de altitude, tem 900 horas de frio e j\u00e1 registrou neve de -10\u00b0C que encanta brasileiros - Correio Braziliense - Radar\" \/>\n<meta property=\"og:description\" content=\"Com 900 horas de frio e 1.360 metros de altitude, a \u201cCapital Nacional da Ma\u00e7\u00e3\u201d surpreende ao registrar neve.\" \/>\n<meta property=\"og:url\" content=\"https:\/\/www.correiobraziliense.com.br\/cbradar\/a-capital-nacional-da-maca-a-1-360-metros-de-altitude-tem-900-horas-de-frio-e-ja-registrou-neve-de-10c-que-encanta-brasileiros\/\" \/>\n<meta property=\"og:site_name\" content=\"Correio Braziliense - Radar\" \/>\n<meta property=\"article:published_time\" content=\"2026-04-30T11:25:00+00:00\" \/>\n<meta property=\"og:image\" content=\"https:\/\/www.correiobraziliense.com.br\/cbradar\/wp-content\/uploads\/2026\/04\/aaa-2026-04-30T013522.373.png\" \/>\n\t<meta property=\"og:image:width\" content=\"1280\" \/>\n\t<meta property=\"og:image:height\" content=\"720\" \/>\n\t<meta property=\"og:image:type\" content=\"image\/png\" \/>\n<meta name=\"author\" content=\"Maura Pereira\" \/>\n<meta name=\"twitter:card\" content=\"summary_large_image\" \/>\n<meta name=\"twitter:label1\" content=\"Escrito por\" \/>\n\t<meta name=\"twitter:data1\" content=\"Maura Pereira\" \/>\n\t<meta name=\"twitter:label2\" content=\"Est. tempo de leitura\" \/>\n\t<meta name=\"twitter:data2\" content=\"7 minutos\" \/>\n<!-- \/ Yoast SEO plugin. -->","yoast_head_json":{"title":"A \u201cCapital Nacional da Ma\u00e7\u00e3\u201d, a 1.360 metros de altitude, tem 900 horas de frio e j\u00e1 registrou neve de -10\u00b0C que encanta brasileiros - Correio Braziliense - Radar","description":"Com 900 horas de frio e 1.360 metros de altitude, a \u201cCapital Nacional da Ma\u00e7\u00e3\u201d surpreende ao registrar neve.","robots":{"index":"index","follow":"follow","max-snippet":"max-snippet:-1","max-image-preview":"max-image-preview:large","max-video-preview":"max-video-preview:-1"},"canonical":"https:\/\/www.correiobraziliense.com.br\/cbradar\/a-capital-nacional-da-maca-a-1-360-metros-de-altitude-tem-900-horas-de-frio-e-ja-registrou-neve-de-10c-que-encanta-brasileiros\/","og_locale":"pt_BR","og_type":"article","og_title":"A \u201cCapital Nacional da Ma\u00e7\u00e3\u201d, a 1.360 metros de altitude, tem 900 horas de frio e j\u00e1 registrou neve de -10\u00b0C que encanta brasileiros - Correio Braziliense - Radar","og_description":"Com 900 horas de frio e 1.360 metros de altitude, a \u201cCapital Nacional da Ma\u00e7\u00e3\u201d surpreende ao registrar neve.","og_url":"https:\/\/www.correiobraziliense.com.br\/cbradar\/a-capital-nacional-da-maca-a-1-360-metros-de-altitude-tem-900-horas-de-frio-e-ja-registrou-neve-de-10c-que-encanta-brasileiros\/","og_site_name":"Correio Braziliense - Radar","article_published_time":"2026-04-30T11:25:00+00:00","og_image":[{"width":1280,"height":720,"url":"https:\/\/www.correiobraziliense.com.br\/cbradar\/wp-content\/uploads\/2026\/04\/aaa-2026-04-30T013522.373.png","type":"image\/png"}],"author":"Maura Pereira","twitter_card":"summary_large_image","twitter_misc":{"Escrito por":"Maura Pereira","Est. tempo de leitura":"7 minutos"},"schema":{"@context":"https:\/\/schema.org","@graph":[{"@type":"WebPage","@id":"https:\/\/www.correiobraziliense.com.br\/cbradar\/a-capital-nacional-da-maca-a-1-360-metros-de-altitude-tem-900-horas-de-frio-e-ja-registrou-neve-de-10c-que-encanta-brasileiros\/","url":"https:\/\/www.correiobraziliense.com.br\/cbradar\/a-capital-nacional-da-maca-a-1-360-metros-de-altitude-tem-900-horas-de-frio-e-ja-registrou-neve-de-10c-que-encanta-brasileiros\/","name":"A \u201cCapital Nacional da Ma\u00e7\u00e3\u201d, a 1.360 metros de altitude, tem 900 horas de frio e j\u00e1 registrou neve de -10\u00b0C que encanta brasileiros - Correio Braziliense - Radar","isPartOf":{"@id":"https:\/\/www.correiobraziliense.com.br\/cbradar\/#website"},"primaryImageOfPage":{"@id":"https:\/\/www.correiobraziliense.com.br\/cbradar\/a-capital-nacional-da-maca-a-1-360-metros-de-altitude-tem-900-horas-de-frio-e-ja-registrou-neve-de-10c-que-encanta-brasileiros\/#primaryimage"},"image":{"@id":"https:\/\/www.correiobraziliense.com.br\/cbradar\/a-capital-nacional-da-maca-a-1-360-metros-de-altitude-tem-900-horas-de-frio-e-ja-registrou-neve-de-10c-que-encanta-brasileiros\/#primaryimage"},"thumbnailUrl":"https:\/\/www.correiobraziliense.com.br\/cbradar\/wp-content\/uploads\/2026\/04\/aaa-2026-04-30T013522.373.png","datePublished":"2026-04-30T11:25:00+00:00","author":{"@id":"https:\/\/www.correiobraziliense.com.br\/cbradar\/#\/schema\/person\/4053c651a9bfc785afc6f4cbc9032fd3"},"description":"Com 900 horas de frio e 1.360 metros de altitude, a \u201cCapital Nacional da Ma\u00e7\u00e3\u201d surpreende ao registrar neve.","breadcrumb":{"@id":"https:\/\/www.correiobraziliense.com.br\/cbradar\/a-capital-nacional-da-maca-a-1-360-metros-de-altitude-tem-900-horas-de-frio-e-ja-registrou-neve-de-10c-que-encanta-brasileiros\/#breadcrumb"},"inLanguage":"pt-BR","potentialAction":[{"@type":"ReadAction","target":["https:\/\/www.correiobraziliense.com.br\/cbradar\/a-capital-nacional-da-maca-a-1-360-metros-de-altitude-tem-900-horas-de-frio-e-ja-registrou-neve-de-10c-que-encanta-brasileiros\/"]}]},{"@type":"ImageObject","inLanguage":"pt-BR","@id":"https:\/\/www.correiobraziliense.com.br\/cbradar\/a-capital-nacional-da-maca-a-1-360-metros-de-altitude-tem-900-horas-de-frio-e-ja-registrou-neve-de-10c-que-encanta-brasileiros\/#primaryimage","url":"https:\/\/www.correiobraziliense.com.br\/cbradar\/wp-content\/uploads\/2026\/04\/aaa-2026-04-30T013522.373.png","contentUrl":"https:\/\/www.correiobraziliense.com.br\/cbradar\/wp-content\/uploads\/2026\/04\/aaa-2026-04-30T013522.373.png","width":1280,"height":720,"caption":"O turismo na Serra Catarinense saltou de 60 mil para mais de 200 mil visitantes anuais na \u00faltima d\u00e9cada. \/ Imagem ilustrativa"},{"@type":"BreadcrumbList","@id":"https:\/\/www.correiobraziliense.com.br\/cbradar\/a-capital-nacional-da-maca-a-1-360-metros-de-altitude-tem-900-horas-de-frio-e-ja-registrou-neve-de-10c-que-encanta-brasileiros\/#breadcrumb","itemListElement":[{"@type":"ListItem","position":1,"name":"In\u00edcio","item":"https:\/\/www.correiobraziliense.com.br\/cbradar\/"},{"@type":"ListItem","position":2,"name":"A \u201cCapital Nacional da Ma\u00e7\u00e3\u201d, a 1.360 metros de altitude, tem 900 horas de frio e j\u00e1 registrou neve de -10\u00b0C que encanta brasileiros"}]},{"@type":"WebSite","@id":"https:\/\/www.correiobraziliense.com.br\/cbradar\/#website","url":"https:\/\/www.correiobraziliense.com.br\/cbradar\/","name":"Correio Braziliense - Radar","description":"Acompanhe as \u00faltimas not\u00edcias e fique bem informado sobre tudo o que acontece no Brasil e no mundo.","potentialAction":[{"@type":"SearchAction","target":{"@type":"EntryPoint","urlTemplate":"https:\/\/www.correiobraziliense.com.br\/cbradar\/?s={search_term_string}"},"query-input":{"@type":"PropertyValueSpecification","valueRequired":true,"valueName":"search_term_string"}}],"inLanguage":"pt-BR"},{"@type":"Person","@id":"https:\/\/www.correiobraziliense.com.br\/cbradar\/#\/schema\/person\/4053c651a9bfc785afc6f4cbc9032fd3","name":"Maura Pereira","image":{"@type":"ImageObject","inLanguage":"pt-BR","@id":"https:\/\/www.correiobraziliense.com.br\/cbradar\/#\/schema\/person\/image\/","url":"https:\/\/secure.gravatar.com\/avatar\/3effd6bdadfa447f15089c7f7144eaa6?s=96&d=mm&r=g","contentUrl":"https:\/\/secure.gravatar.com\/avatar\/3effd6bdadfa447f15089c7f7144eaa6?s=96&d=mm&r=g","caption":"Maura Pereira"},"sameAs":["https:\/\/www.correiobraziliense.com.br\/"],"url":"https:\/\/www.correiobraziliense.com.br\/cbradar\/author\/mauramyth\/"}]}},"_links":{"self":[{"href":"https:\/\/www.correiobraziliense.com.br\/cbradar\/wp-json\/wp\/v2\/posts\/234454","targetHints":{"allow":["GET"]}}],"collection":[{"href":"https:\/\/www.correiobraziliense.com.br\/cbradar\/wp-json\/wp\/v2\/posts"}],"about":[{"href":"https:\/\/www.correiobraziliense.com.br\/cbradar\/wp-json\/wp\/v2\/types\/post"}],"author":[{"embeddable":true,"href":"https:\/\/www.correiobraziliense.com.br\/cbradar\/wp-json\/wp\/v2\/users\/8"}],"replies":[{"embeddable":true,"href":"https:\/\/www.correiobraziliense.com.br\/cbradar\/wp-json\/wp\/v2\/comments?post=234454"}],"version-history":[{"count":11,"href":"https:\/\/www.correiobraziliense.com.br\/cbradar\/wp-json\/wp\/v2\/posts\/234454\/revisions"}],"predecessor-version":[{"id":234531,"href":"https:\/\/www.correiobraziliense.com.br\/cbradar\/wp-json\/wp\/v2\/posts\/234454\/revisions\/234531"}],"wp:featuredmedia":[{"embeddable":true,"href":"https:\/\/www.correiobraziliense.com.br\/cbradar\/wp-json\/wp\/v2\/media\/234526"}],"wp:attachment":[{"href":"https:\/\/www.correiobraziliense.com.br\/cbradar\/wp-json\/wp\/v2\/media?parent=234454"}],"wp:term":[{"taxonomy":"category","embeddable":true,"href":"https:\/\/www.correiobraziliense.com.br\/cbradar\/wp-json\/wp\/v2\/categories?post=234454"},{"taxonomy":"post_tag","embeddable":true,"href":"https:\/\/www.correiobraziliense.com.br\/cbradar\/wp-json\/wp\/v2\/tags?post=234454"}],"curies":[{"name":"wp","href":"https:\/\/api.w.org\/{rel}","templated":true}]}}