{"id":234457,"date":"2026-04-30T10:25:00","date_gmt":"2026-04-30T13:25:00","guid":{"rendered":"https:\/\/www.correiobraziliense.com.br\/cbradar\/?p=234457"},"modified":"2026-04-30T10:23:52","modified_gmt":"2026-04-30T13:23:52","slug":"a-unica-cidade-imperial-das-americas-abriga-a-coroa-de-dom-pedro-ii-e-encanta-com-sua-beleza-preservada-a-800-metros-do-rio","status":"publish","type":"post","link":"https:\/\/www.correiobraziliense.com.br\/cbradar\/a-unica-cidade-imperial-das-americas-abriga-a-coroa-de-dom-pedro-ii-e-encanta-com-sua-beleza-preservada-a-800-metros-do-rio\/","title":{"rendered":"A \u00fanica &#8220;Cidade Imperial&#8221; das Am\u00e9ricas abriga a coroa de Dom Pedro II e encanta com sua beleza preservada a 800 metros do Rio"},"content":{"rendered":"\n<p>Fundada por decreto imperial em 1843, <strong>Petr\u00f3polis<\/strong> \u00e9 a segunda cidade planejada do <strong>Brasil<\/strong>. A 68 km da capital fluminense, a &#8220;Cidade Imperial&#8221; ainda guarda os pal\u00e1cios, as ruas e o ritmo da corte que escolheu a serra como ref\u00fagio.<\/p>\n\n\n\n<h2 class=\"wp-block-heading\">Por que Dom Pedro II escolheu a serra fluminense para morar?<\/h2>\n\n\n\n<p>O calor tropical do <strong>Rio de Janeiro<\/strong> era insuport\u00e1vel para a corte e os diplomatas europeus. Em 1830, ainda como imperador, <strong>Dom Pedro I<\/strong> comprou a Fazenda do C\u00f3rrego Seco, mas n\u00e3o chegou a executar o projeto. O filho herdou as terras e, em 16 de mar\u00e7o de 1843, assinou o Decreto Imperial n\u00ba 155 criando a povoa\u00e7\u00e3o de Petr\u00f3polis.<\/p>\n\n\n\n<p>O tra\u00e7ado coube ao engenheiro alem\u00e3o <strong>Julius Friedrich Koeler<\/strong>, que desenhou ruas arborizadas, canais a c\u00e9u aberto e lotes para colonos germ\u00e2nicos. Segundo o <strong>Instituto do Patrim\u00f4nio Hist\u00f3rico e Art\u00edstico Nacional (IPHAN)<\/strong>, Koeler previu casas voltadas para os rios e afastamentos entre constru\u00e7\u00f5es, uma vis\u00e3o urban\u00edstica rara para o s\u00e9culo XIX. O resultado \u00e9 o centro hist\u00f3rico que hoje recebe cerca de 300 mil visitantes anuais s\u00f3 no Museu Imperial.<\/p>\n\n\n<div class=\"wp-block-image\">\n<figure class=\"aligncenter size-large\"><img decoding=\"async\" width=\"1024\" height=\"576\" src=\"https:\/\/www.correiobraziliense.com.br\/cbradar\/wp-content\/uploads\/2025\/02\/Petropolis_1739514066616-1024x576.jpg\" alt=\"Uma &quot;Cidade Imperial&quot; a 68 km do Rio chama aten\u00e7\u00e3o com charme herdado da Europa e paisagens que tiram o f\u00f4lego\" class=\"wp-image-2647\" srcset=\"https:\/\/www.correiobraziliense.com.br\/cbradar\/wp-content\/uploads\/2025\/02\/Petropolis_1739514066616-1024x576.jpg 1024w, https:\/\/www.correiobraziliense.com.br\/cbradar\/wp-content\/uploads\/2025\/02\/Petropolis_1739514066616-300x169.jpg 300w, https:\/\/www.correiobraziliense.com.br\/cbradar\/wp-content\/uploads\/2025\/02\/Petropolis_1739514066616-768x432.jpg 768w, https:\/\/www.correiobraziliense.com.br\/cbradar\/wp-content\/uploads\/2025\/02\/Petropolis_1739514066616-750x422.jpg 750w, https:\/\/www.correiobraziliense.com.br\/cbradar\/wp-content\/uploads\/2025\/02\/Petropolis_1739514066616-1140x641.jpg 1140w, https:\/\/www.correiobraziliense.com.br\/cbradar\/wp-content\/uploads\/2025\/02\/Petropolis_1739514066616.jpg 1280w\" sizes=\"(max-width: 1024px) 100vw, 1024px\" \/><figcaption class=\"wp-element-caption\">Petr\u00f3polis, RJ, \u00e9 conhecida pela arquitetura hist\u00f3rica, clima ameno e natureza exuberante. \/\/ Cr\u00e9ditos: depositphotos.com \/ diegograndi<\/figcaption><\/figure><\/div>\n\n\n<h2 class=\"wp-block-heading\">O que visitar no centro hist\u00f3rico em um final de semana?<\/h2>\n\n\n\n<p>Quase tudo fica a at\u00e9 15 minutos de caminhada entre si. A rota natural come\u00e7a pelo museu e segue pelos pal\u00e1cios, pela catedral neog\u00f3tica e pela cervejaria mais antiga do pa\u00eds.<\/p>\n\n\n\n<ul class=\"wp-block-list\">\n<li><strong>Museu Imperial<\/strong>: o pal\u00e1cio de ver\u00e3o de Dom Pedro II abriga a coroa imperial e o cetro. Visitantes cal\u00e7am pantufas para proteger o piso original. Ingresso a R$ 10 (inteira) e entrada franca \u00e0s quartas-feiras, segundo o <a href=\"https:\/\/museuimperial.museus.gov.br\/\" target=\"_blank\" rel=\"noreferrer noopener\"><strong>Instituto Brasileiro de Museus (Ibram)<\/strong><\/a>.<\/li>\n\n\n\n<li><strong>Pal\u00e1cio de Cristal<\/strong>: presente do Conde d&#8217;Eu \u00e0 <strong>Princesa Isabel<\/strong>, a estrutura de ferro e vidro foi montada em 1884 e hoje sedia eventos culturais.<\/li>\n\n\n\n<li><strong>Catedral de S\u00e3o Pedro de Alc\u00e2ntara<\/strong>: uma das \u00fanicas igrejas neog\u00f3ticas do Brasil, abriga os t\u00famulos de Dom Pedro II, da imperatriz Teresa Cristina e da Princesa Isabel.<\/li>\n\n\n\n<li><strong>Casa de Santos Dumont<\/strong>: chamada de A Encantada, foi erguida em 1918 pelo pai da avia\u00e7\u00e3o e tem escada que s\u00f3 pode ser subida com o p\u00e9 direito.<\/li>\n\n\n\n<li><strong>Cervejaria Bohemia<\/strong>: a primeira cervejaria do <strong>Brasil<\/strong>, fundada em 1853, oferece tour interativo a partir de R$ 39, com mais de 20 ambientes que contam a hist\u00f3ria da cerveja, segundo a <a href=\"https:\/\/www.petropolis.rj.gov.br\/turispetro\/circuitos-cervejeiros\" target=\"_blank\" rel=\"noreferrer noopener\"><strong>Prefeitura de Petr\u00f3polis<\/strong><\/a>.<\/li>\n\n\n\n<li><strong>Pal\u00e1cio Quitandinha<\/strong>: ex-cassino dos anos 1940, abriga o Sesc Cultural e ainda mant\u00e9m a fachada de hotel-cassino da era pr\u00e9-jogo proibido.<\/li>\n<\/ul>\n\n\n\n<h2 class=\"wp-block-heading\">Quando vale subir a serra para a Bauernfest?<\/h2>\n\n\n\n<p>A Festa do Colono Alem\u00e3o \u00e9 a segunda maior celebra\u00e7\u00e3o da cultura germ\u00e2nica do <strong>Brasil<\/strong>, atr\u00e1s apenas da Oktoberfest de <strong>Blumenau<\/strong>. Acontece em junho e julho, com 17 dias de programa\u00e7\u00e3o no Pal\u00e1cio de Cristal e na Rua Alfredo Pach\u00e1.<\/p>\n\n\n\n<p>Em 2025, segundo o <a href=\"https:\/\/web2.petropolis.rj.gov.br\/bauern\/\" target=\"_blank\" rel=\"noreferrer noopener\"><strong>site oficial da Bauernfest<\/strong><\/a>, a 36\u00aa edi\u00e7\u00e3o reuniu cerca de meio milh\u00e3o de pessoas, mais de 5 mil kg de salsich\u00f5es e 135 mil litros de chope e cervejas artesanais consumidos. A festa foi premiada como Melhor Evento do Interior do Estado pela Veja Rio em 2025 e 2026. Quem n\u00e3o pega a Bauernfest pode aproveitar o calend\u00e1rio cervejeiro: a cidade carrega o t\u00edtulo de Capital Estadual da Cerveja, com mais de 20 cervejarias artesanais.<\/p>\n\n\n<div class=\"wp-block-image\">\n<figure class=\"aligncenter size-large\"><img decoding=\"async\" width=\"1024\" height=\"576\" src=\"https:\/\/www.correiobraziliense.com.br\/cbradar\/wp-content\/uploads\/2025\/02\/Petropolis_1739514087219-1024x576.jpg\" alt=\"A cidade brasileira excelente para viver que lembra a Europa e guarda um legado da fam\u00edlia real\" class=\"wp-image-2646\" srcset=\"https:\/\/www.correiobraziliense.com.br\/cbradar\/wp-content\/uploads\/2025\/02\/Petropolis_1739514087219-1024x576.jpg 1024w, https:\/\/www.correiobraziliense.com.br\/cbradar\/wp-content\/uploads\/2025\/02\/Petropolis_1739514087219-300x169.jpg 300w, https:\/\/www.correiobraziliense.com.br\/cbradar\/wp-content\/uploads\/2025\/02\/Petropolis_1739514087219-768x432.jpg 768w, https:\/\/www.correiobraziliense.com.br\/cbradar\/wp-content\/uploads\/2025\/02\/Petropolis_1739514087219-750x422.jpg 750w, https:\/\/www.correiobraziliense.com.br\/cbradar\/wp-content\/uploads\/2025\/02\/Petropolis_1739514087219-1140x641.jpg 1140w, https:\/\/www.correiobraziliense.com.br\/cbradar\/wp-content\/uploads\/2025\/02\/Petropolis_1739514087219.jpg 1280w\" sizes=\"(max-width: 1024px) 100vw, 1024px\" \/><figcaption class=\"wp-element-caption\">Descubra Petr\u00f3polis, ref\u00fagio imperial com pal\u00e1cios, jardins e clima perfeito para relaxar. \/\/ Cr\u00e9ditos: depositphotos.com \/ diegograndi<\/figcaption><\/figure><\/div>\n\n\n<h2 class=\"wp-block-heading\">O que comer em Petr\u00f3polis e Itaipava?<\/h2>\n\n\n\n<p>A heran\u00e7a germ\u00e2nica est\u00e1 em todas as mesas, dos pratos t\u00edpicos da Bauernfest aos restaurantes que funcionam o ano inteiro. <strong>Itaipava<\/strong>, a 20 minutos do centro, virou o polo gastron\u00f4mico do munic\u00edpio.<\/p>\n\n\n\n<ul class=\"wp-block-list\">\n<li><strong>Pernil com chucrute<\/strong>: prato \u00e2ncora das casas alem\u00e3s do centro hist\u00f3rico, servido com batata e p\u00e3o preto.<\/li>\n\n\n\n<li><strong>Fondue<\/strong>: receita obrigat\u00f3ria nas noites frias, oferecida em mais de 50 restaurantes durante o Festival de Fondue, Caldos e Cremes, no inverno.<\/li>\n\n\n\n<li><strong>Choconhaque<\/strong>: chocolate quente com conhaque, vendido nas barraquinhas durante a Bauernfest e em caf\u00e9s do centro.<\/li>\n\n\n\n<li><strong>Cervejas artesanais<\/strong>: o Circuito da Vila Cervejeira re\u00fane Bohemia, Odin, Sampler, Duas Torres e Dr Duranz no entorno do Pal\u00e1cio de Cristal.<\/li>\n\n\n\n<li><strong>Cuca alem\u00e3<\/strong>: bolo recheado com frutas e farofa de canela, herdado das fam\u00edlias colonas e disputado em concurso anual.<\/li>\n<\/ul>\n\n\n\n<p><strong>Leia tamb\u00e9m: <a href=\"https:\/\/www.correiobraziliense.com.br\/cbradar\/os-movimentos-que-mais-ajudam-quem-passa-o-dia-sentado-a-destravar-o-corpo-e-sentir-menos-peso-nas-costas-ao-longo-da-rotina\/\" target=\"_blank\" rel=\"noreferrer noopener\">Os movimentos que mais ajudam quem passa o dia sentado a destravar o corpo e sentir menos peso nas costas ao longo da rotina.<\/a><\/strong><\/p>\n\n\n\n<h2 class=\"wp-block-heading\">Quando ir e como chegar \u00e0 Cidade Imperial?<\/h2>\n\n\n\n<p>A 800 metros de altitude, a serra fluminense fica mais fresca que o litoral o ano inteiro. O inverno seco \u00e9 a alta temporada, perfeita para fondues e festivais.<\/p>\n\n\n\n<style>\n  \/* --- CONTAINER BLINDADO (PADR\u00c3O REGISTRADO) --- *\/\n  .clima-grid-final {\n    font-family: -apple-system, BlinkMacSystemFont, \"Segoe UI\", Roboto, Arial, sans-serif !important;\n    width: 100% !important;\n    max-width: 1200px !important;\n    margin: 20px auto !important;\n    display: grid !important;\n    grid-template-columns: repeat(4, 1fr) !important; \n    gap: 15px !important;\n    box-sizing: border-box !important;\n  }\n\n  .clima-grid-final * {\n    box-sizing: border-box !important;\n  }\n\n  \/* --- BLINDAGEM --- *\/\n  .clima-grid-final > :not(.card-clima) {\n    display: none !important;\n    width: 0 !important;\n    height: 0 !important;\n    opacity: 0 !important;\n  }\n\n  \/* --- CARD PADR\u00c3O --- *\/\n  .card-clima {\n    background: #ffffff !important;\n    border: 1px solid #e0e0e0 !important;\n    border-radius: 20px !important;\n    padding: 20px 10px !important;\n    text-align: center !important;\n    display: flex !important;\n    flex-direction: column !important;\n    align-items: center !important;\n    box-shadow: 0 4px 10px rgba(0, 0, 0, 0.05) !important;\n    min-width: 0 !important; \n    transition: transform 0.2s ease !important;\n    overflow: hidden !important;\n    height: 100% !important;\n  }\n\n  .card-clima:hover {\n    transform: translateY(-5px) !important;\n    border-color: #000000 !important;\n  }\n\n  \/* --- CONTE\u00daDO --- *\/\n  .estacao-nome { \n    font-size: 14px !important; \n    font-weight: 800 !important; \n    color: #000000 !important; \n    text-transform: uppercase !important; \n    margin: 0 0 5px 0 !important; \n  }\n  \n  .estacao-meses { \n    font-size: 10px !important; \n    font-weight: 700 !important; \n    color: #444444 !important; \n    text-transform: uppercase !important; \n    margin-bottom: 15px !important; \n    display: block !important;\n  }\n  \n  .temp-valor { \n    font-size: 24px !important; \n    font-weight: 800 !important; \n    color: #000000 !important; \n    line-height: 1.1 !important; \n    margin: 0 !important;\n  }\n  \n  .temp-label { \n    font-size: 9px !important; \n    font-weight: 600 !important; \n    color: #777777 !important; \n    text-transform: uppercase !important; \n    margin-bottom: 15px !important; \n    display: block !important;\n  }\n  \n  .clima-desc { \n    font-size: 12px !important; \n    line-height: 1.4 !important; \n    color: #333333 !important; \n    margin-bottom: 15px !important; \n    flex-grow: 1 !important; \n  }\n\n  .tag-status {\n    background-color: #f5f5f5 !important;\n    border: 1px solid #d0d0d0 !important;\n    color: #000000 !important;\n    padding: 5px 12px !important;\n    border-radius: 20px !important;\n    font-size: 9px !important;\n    font-weight: 800 !important;\n    text-transform: uppercase !important;\n    margin-top: auto !important;\n  }\n\n  @media (max-width: 800px) {\n    .clima-grid-final {\n      grid-template-columns: 1fr !important; \n    }\n  }\n<\/style>\n\n<div class=\"clima-grid-final\">\n  \n  <!-- VER\u00c3O -->\n  <div class=\"card-clima\">\n    <div class=\"estacao-nome\">\u2600\ufe0f Ver\u00e3o<\/div>\n    <span class=\"estacao-meses\">Dez &#8211; Fev<\/span>\n    <div class=\"temp-valor\">18-28\u00b0C<\/div>\n    <span class=\"temp-label\">Temperatura<\/span>\n    <div class=\"clima-desc\">Devido \u00e0 chuva alta, aproveite <b>trilhas pela manh\u00e3<\/b> e visite <b>museus \u00e0 tarde<\/b>.<\/div>\n    <div class=\"tag-status\">\u26c8\ufe0f Chuva Alta<\/div>\n  <\/div>\n\n  <!-- OUTONO -->\n  <div class=\"card-clima\">\n    <div class=\"estacao-nome\">\ud83c\udf42 Outono<\/div>\n    <span class=\"estacao-meses\">Mar &#8211; Mai<\/span>\n    <div class=\"temp-valor\">14-25\u00b0C<\/div>\n    <span class=\"temp-label\">Temperatura<\/span>\n    <div class=\"clima-desc\">Com chuvas moderadas, \u00e9 o momento ideal para explorar o <b>centro hist\u00f3rico<\/b> e as <b>cervejarias<\/b>.<\/div>\n    <div class=\"tag-status\">\ud83c\udf26\ufe0f Chuva M\u00e9dia<\/div>\n  <\/div>\n\n  <!-- INVERNO -->\n  <div class=\"card-clima\">\n    <div class=\"estacao-nome\">\ud83e\udde3 Inverno<\/div>\n    <span class=\"estacao-meses\">Jun &#8211; Ago<\/span>\n    <div class=\"temp-valor\">8-22\u00b0C<\/div>\n    <span class=\"temp-label\">Temperatura<\/span>\n    <div class=\"clima-desc\">Esta\u00e7\u00e3o seca e fria, perfeita para a <b>Bauernfest<\/b> e o delicioso <b>festival de fondue<\/b>.<\/div>\n    <div class=\"tag-status\">\u2600\ufe0f Chuva Baixa<\/div>\n  <\/div>\n\n  <!-- PRIMAVERA -->\n  <div class=\"card-clima\">\n    <div class=\"estacao-nome\">\ud83c\udf38 Primavera<\/div>\n    <span class=\"estacao-meses\">Set &#8211; Nov<\/span>\n    <div class=\"temp-valor\">13-26\u00b0C<\/div>\n    <span class=\"temp-label\">Temperatura<\/span>\n    <div class=\"clima-desc\">Aproveite o clima ameno para caminhar pelos <b>jardins do Museu Imperial<\/b> e <b>parques<\/b> locais.<\/div>\n    <div class=\"tag-status\">\ud83c\udf3f Natureza<\/div>\n  <\/div>\n\n<\/div>\n\n\n\n<p><em>Temperaturas aproximadas com base no <a href=\"https:\/\/www.climatempo.com.br\/previsao-do-tempo\/cidade\/317\/petropolis-rj\" target=\"_blank\" rel=\"noreferrer noopener\"><strong>Climatempo<\/strong><\/a>. Condi\u00e7\u00f5es podem variar.<\/em><\/p>\n\n\n\n<p>Petr\u00f3polis fica a 68 km do Rio de Janeiro pela BR-040, em cerca de uma hora de carro. Quem prefere transporte p\u00fablico encontra \u00f4nibus diretos no Terminal Novo Rio, com partidas frequentes ao longo do dia. O aeroporto mais pr\u00f3ximo \u00e9 o Gale\u00e3o, a aproximadamente 80 km do centro hist\u00f3rico.<\/p>\n\n\n\n<h2 class=\"wp-block-heading\">Suba a serra e conhe\u00e7a a corte que ainda existe<\/h2>\n\n\n\n<p>Petr\u00f3polis guarda em poucos quil\u00f4metros uma das hist\u00f3rias mais raras do <strong>Brasil<\/strong>: pal\u00e1cios habitados por imperadores, a primeira cervejaria do pa\u00eds, uma catedral neog\u00f3tica e ruas desenhadas por um engenheiro alem\u00e3o antes mesmo de a cidade existir.<\/p>\n\n\n\n<p>Voc\u00ea precisa subir a serra e conhecer Petr\u00f3polis, a \u00fanica cidade onde o <strong>Brasil<\/strong> ainda tem cheiro de corte europeia a uma hora do <strong>Rio<\/strong>.<\/p>\n","protected":false},"excerpt":{"rendered":"<p>Fundada por decreto imperial em 1843, Petr\u00f3polis \u00e9 a segunda cidade planejada do Brasil. A 68 km da capital fluminense, a &#8220;Cidade Imperial&#8221; ainda guarda os pal\u00e1cios, as ruas e o ritmo da corte que escolheu a serra como ref\u00fagio. Por que Dom Pedro II escolheu a serra fluminense para morar? O calor tropical do [&hellip;]<\/p>\n","protected":false},"author":8,"featured_media":189186,"comment_status":"open","ping_status":"open","sticky":false,"template":"","format":"standard","meta":{"_yoast_wpseo_focuskw":"Cidade Imperial","_yoast_wpseo_title":"","_yoast_wpseo_metadesc":"Com a coroa de Dom Pedro II preservada, essa \"Cidade Imperial\" encanta com sua beleza colonial a 800 metros do Rio e atra\u00ed viajantes.","jnews-multi-image_gallery":[],"jnews_single_post":{"format":"standard"},"jnews_primary_category":[],"jnews_social_meta":[],"jnews_override_counter":[],"footnotes":""},"categories":[108],"tags":[680,304],"class_list":["post-234457","post","type-post","status-publish","format-standard","has-post-thumbnail","hentry","category-cidades","tag-petropolis","tag-rio-de-janeiro"],"yoast_head":"<!-- This site is optimized with the Yoast SEO plugin v24.6 - https:\/\/yoast.com\/wordpress\/plugins\/seo\/ -->\n<title>A \u00fanica &quot;Cidade Imperial&quot; das Am\u00e9ricas abriga a coroa de Dom Pedro II e encanta com sua beleza preservada a 800 metros do Rio - Correio Braziliense - Radar<\/title>\n<meta name=\"description\" content=\"Com a coroa de Dom Pedro II preservada, essa &quot;Cidade Imperial&quot; encanta com sua beleza colonial a 800 metros do Rio e atra\u00ed viajantes.\" \/>\n<meta name=\"robots\" content=\"index, follow, max-snippet:-1, max-image-preview:large, max-video-preview:-1\" \/>\n<link rel=\"canonical\" href=\"https:\/\/www.correiobraziliense.com.br\/cbradar\/a-unica-cidade-imperial-das-americas-abriga-a-coroa-de-dom-pedro-ii-e-encanta-com-sua-beleza-preservada-a-800-metros-do-rio\/\" \/>\n<meta property=\"og:locale\" content=\"pt_BR\" \/>\n<meta property=\"og:type\" content=\"article\" \/>\n<meta property=\"og:title\" content=\"A \u00fanica &quot;Cidade Imperial&quot; das Am\u00e9ricas abriga a coroa de Dom Pedro II e encanta com sua beleza preservada a 800 metros do Rio - Correio Braziliense - Radar\" \/>\n<meta property=\"og:description\" content=\"Com a coroa de Dom Pedro II preservada, essa &quot;Cidade Imperial&quot; encanta com sua beleza colonial a 800 metros do Rio e atra\u00ed viajantes.\" \/>\n<meta property=\"og:url\" content=\"https:\/\/www.correiobraziliense.com.br\/cbradar\/a-unica-cidade-imperial-das-americas-abriga-a-coroa-de-dom-pedro-ii-e-encanta-com-sua-beleza-preservada-a-800-metros-do-rio\/\" \/>\n<meta property=\"og:site_name\" content=\"Correio Braziliense - Radar\" \/>\n<meta property=\"article:published_time\" content=\"2026-04-30T13:25:00+00:00\" \/>\n<meta property=\"og:image\" content=\"https:\/\/www.correiobraziliense.com.br\/cbradar\/wp-content\/uploads\/2026\/02\/aaa-2026-02-07T074036.651.png\" \/>\n\t<meta property=\"og:image:width\" content=\"1280\" \/>\n\t<meta property=\"og:image:height\" content=\"720\" \/>\n\t<meta property=\"og:image:type\" content=\"image\/png\" \/>\n<meta name=\"author\" content=\"Maura Pereira\" \/>\n<meta name=\"twitter:card\" content=\"summary_large_image\" \/>\n<meta name=\"twitter:label1\" content=\"Escrito por\" \/>\n\t<meta name=\"twitter:data1\" content=\"Maura Pereira\" \/>\n\t<meta name=\"twitter:label2\" content=\"Est. tempo de leitura\" \/>\n\t<meta name=\"twitter:data2\" content=\"7 minutos\" \/>\n<!-- \/ Yoast SEO plugin. -->","yoast_head_json":{"title":"A \u00fanica \"Cidade Imperial\" das Am\u00e9ricas abriga a coroa de Dom Pedro II e encanta com sua beleza preservada a 800 metros do Rio - Correio Braziliense - Radar","description":"Com a coroa de Dom Pedro II preservada, essa \"Cidade Imperial\" encanta com sua beleza colonial a 800 metros do Rio e atra\u00ed viajantes.","robots":{"index":"index","follow":"follow","max-snippet":"max-snippet:-1","max-image-preview":"max-image-preview:large","max-video-preview":"max-video-preview:-1"},"canonical":"https:\/\/www.correiobraziliense.com.br\/cbradar\/a-unica-cidade-imperial-das-americas-abriga-a-coroa-de-dom-pedro-ii-e-encanta-com-sua-beleza-preservada-a-800-metros-do-rio\/","og_locale":"pt_BR","og_type":"article","og_title":"A \u00fanica \"Cidade Imperial\" das Am\u00e9ricas abriga a coroa de Dom Pedro II e encanta com sua beleza preservada a 800 metros do Rio - Correio Braziliense - Radar","og_description":"Com a coroa de Dom Pedro II preservada, essa \"Cidade Imperial\" encanta com sua beleza colonial a 800 metros do Rio e atra\u00ed viajantes.","og_url":"https:\/\/www.correiobraziliense.com.br\/cbradar\/a-unica-cidade-imperial-das-americas-abriga-a-coroa-de-dom-pedro-ii-e-encanta-com-sua-beleza-preservada-a-800-metros-do-rio\/","og_site_name":"Correio Braziliense - Radar","article_published_time":"2026-04-30T13:25:00+00:00","og_image":[{"width":1280,"height":720,"url":"https:\/\/www.correiobraziliense.com.br\/cbradar\/wp-content\/uploads\/2026\/02\/aaa-2026-02-07T074036.651.png","type":"image\/png"}],"author":"Maura Pereira","twitter_card":"summary_large_image","twitter_misc":{"Escrito por":"Maura Pereira","Est. tempo de leitura":"7 minutos"},"schema":{"@context":"https:\/\/schema.org","@graph":[{"@type":"WebPage","@id":"https:\/\/www.correiobraziliense.com.br\/cbradar\/a-unica-cidade-imperial-das-americas-abriga-a-coroa-de-dom-pedro-ii-e-encanta-com-sua-beleza-preservada-a-800-metros-do-rio\/","url":"https:\/\/www.correiobraziliense.com.br\/cbradar\/a-unica-cidade-imperial-das-americas-abriga-a-coroa-de-dom-pedro-ii-e-encanta-com-sua-beleza-preservada-a-800-metros-do-rio\/","name":"A \u00fanica \"Cidade Imperial\" das Am\u00e9ricas abriga a coroa de Dom Pedro II e encanta com sua beleza preservada a 800 metros do Rio - Correio Braziliense - Radar","isPartOf":{"@id":"https:\/\/www.correiobraziliense.com.br\/cbradar\/#website"},"primaryImageOfPage":{"@id":"https:\/\/www.correiobraziliense.com.br\/cbradar\/a-unica-cidade-imperial-das-americas-abriga-a-coroa-de-dom-pedro-ii-e-encanta-com-sua-beleza-preservada-a-800-metros-do-rio\/#primaryimage"},"image":{"@id":"https:\/\/www.correiobraziliense.com.br\/cbradar\/a-unica-cidade-imperial-das-americas-abriga-a-coroa-de-dom-pedro-ii-e-encanta-com-sua-beleza-preservada-a-800-metros-do-rio\/#primaryimage"},"thumbnailUrl":"https:\/\/www.correiobraziliense.com.br\/cbradar\/wp-content\/uploads\/2026\/02\/aaa-2026-02-07T074036.651.png","datePublished":"2026-04-30T13:25:00+00:00","author":{"@id":"https:\/\/www.correiobraziliense.com.br\/cbradar\/#\/schema\/person\/4053c651a9bfc785afc6f4cbc9032fd3"},"description":"Com a coroa de Dom Pedro II preservada, essa \"Cidade Imperial\" encanta com sua beleza colonial a 800 metros do Rio e atra\u00ed viajantes.","breadcrumb":{"@id":"https:\/\/www.correiobraziliense.com.br\/cbradar\/a-unica-cidade-imperial-das-americas-abriga-a-coroa-de-dom-pedro-ii-e-encanta-com-sua-beleza-preservada-a-800-metros-do-rio\/#breadcrumb"},"inLanguage":"pt-BR","potentialAction":[{"@type":"ReadAction","target":["https:\/\/www.correiobraziliense.com.br\/cbradar\/a-unica-cidade-imperial-das-americas-abriga-a-coroa-de-dom-pedro-ii-e-encanta-com-sua-beleza-preservada-a-800-metros-do-rio\/"]}]},{"@type":"ImageObject","inLanguage":"pt-BR","@id":"https:\/\/www.correiobraziliense.com.br\/cbradar\/a-unica-cidade-imperial-das-americas-abriga-a-coroa-de-dom-pedro-ii-e-encanta-com-sua-beleza-preservada-a-800-metros-do-rio\/#primaryimage","url":"https:\/\/www.correiobraziliense.com.br\/cbradar\/wp-content\/uploads\/2026\/02\/aaa-2026-02-07T074036.651.png","contentUrl":"https:\/\/www.correiobraziliense.com.br\/cbradar\/wp-content\/uploads\/2026\/02\/aaa-2026-02-07T074036.651.png","width":1280,"height":720,"caption":"Suba a serra e permita-se viver dias de realeza neste cen\u00e1rio que conquistou imperadores e continua encantando viajantes de todo o mundo. \/ Imagem Ilustrativa"},{"@type":"BreadcrumbList","@id":"https:\/\/www.correiobraziliense.com.br\/cbradar\/a-unica-cidade-imperial-das-americas-abriga-a-coroa-de-dom-pedro-ii-e-encanta-com-sua-beleza-preservada-a-800-metros-do-rio\/#breadcrumb","itemListElement":[{"@type":"ListItem","position":1,"name":"In\u00edcio","item":"https:\/\/www.correiobraziliense.com.br\/cbradar\/"},{"@type":"ListItem","position":2,"name":"A \u00fanica &#8220;Cidade Imperial&#8221; das Am\u00e9ricas abriga a coroa de Dom Pedro II e encanta com sua beleza preservada a 800 metros do Rio"}]},{"@type":"WebSite","@id":"https:\/\/www.correiobraziliense.com.br\/cbradar\/#website","url":"https:\/\/www.correiobraziliense.com.br\/cbradar\/","name":"Correio Braziliense - Radar","description":"Acompanhe as \u00faltimas not\u00edcias e fique bem informado sobre tudo o que acontece no Brasil e no mundo.","potentialAction":[{"@type":"SearchAction","target":{"@type":"EntryPoint","urlTemplate":"https:\/\/www.correiobraziliense.com.br\/cbradar\/?s={search_term_string}"},"query-input":{"@type":"PropertyValueSpecification","valueRequired":true,"valueName":"search_term_string"}}],"inLanguage":"pt-BR"},{"@type":"Person","@id":"https:\/\/www.correiobraziliense.com.br\/cbradar\/#\/schema\/person\/4053c651a9bfc785afc6f4cbc9032fd3","name":"Maura Pereira","image":{"@type":"ImageObject","inLanguage":"pt-BR","@id":"https:\/\/www.correiobraziliense.com.br\/cbradar\/#\/schema\/person\/image\/","url":"https:\/\/secure.gravatar.com\/avatar\/3effd6bdadfa447f15089c7f7144eaa6?s=96&d=mm&r=g","contentUrl":"https:\/\/secure.gravatar.com\/avatar\/3effd6bdadfa447f15089c7f7144eaa6?s=96&d=mm&r=g","caption":"Maura Pereira"},"sameAs":["https:\/\/www.correiobraziliense.com.br\/"],"url":"https:\/\/www.correiobraziliense.com.br\/cbradar\/author\/mauramyth\/"}]}},"_links":{"self":[{"href":"https:\/\/www.correiobraziliense.com.br\/cbradar\/wp-json\/wp\/v2\/posts\/234457","targetHints":{"allow":["GET"]}}],"collection":[{"href":"https:\/\/www.correiobraziliense.com.br\/cbradar\/wp-json\/wp\/v2\/posts"}],"about":[{"href":"https:\/\/www.correiobraziliense.com.br\/cbradar\/wp-json\/wp\/v2\/types\/post"}],"author":[{"embeddable":true,"href":"https:\/\/www.correiobraziliense.com.br\/cbradar\/wp-json\/wp\/v2\/users\/8"}],"replies":[{"embeddable":true,"href":"https:\/\/www.correiobraziliense.com.br\/cbradar\/wp-json\/wp\/v2\/comments?post=234457"}],"version-history":[{"count":6,"href":"https:\/\/www.correiobraziliense.com.br\/cbradar\/wp-json\/wp\/v2\/posts\/234457\/revisions"}],"predecessor-version":[{"id":234578,"href":"https:\/\/www.correiobraziliense.com.br\/cbradar\/wp-json\/wp\/v2\/posts\/234457\/revisions\/234578"}],"wp:featuredmedia":[{"embeddable":true,"href":"https:\/\/www.correiobraziliense.com.br\/cbradar\/wp-json\/wp\/v2\/media\/189186"}],"wp:attachment":[{"href":"https:\/\/www.correiobraziliense.com.br\/cbradar\/wp-json\/wp\/v2\/media?parent=234457"}],"wp:term":[{"taxonomy":"category","embeddable":true,"href":"https:\/\/www.correiobraziliense.com.br\/cbradar\/wp-json\/wp\/v2\/categories?post=234457"},{"taxonomy":"post_tag","embeddable":true,"href":"https:\/\/www.correiobraziliense.com.br\/cbradar\/wp-json\/wp\/v2\/tags?post=234457"}],"curies":[{"name":"wp","href":"https:\/\/api.w.org\/{rel}","templated":true}]}}