{"id":234463,"date":"2026-05-01T07:05:00","date_gmt":"2026-05-01T10:05:00","guid":{"rendered":"https:\/\/www.correiobraziliense.com.br\/cbradar\/?p=234463"},"modified":"2026-04-30T18:48:29","modified_gmt":"2026-04-30T21:48:29","slug":"quando-a-crianca-nao-aceita-ouvir-nao-o-que-esse-comportamento-pode-estar-dizendo-sobre-limites-frustracao-e-rotina-dentro-de-casa","status":"publish","type":"post","link":"https:\/\/www.correiobraziliense.com.br\/cbradar\/quando-a-crianca-nao-aceita-ouvir-nao-o-que-esse-comportamento-pode-estar-dizendo-sobre-limites-frustracao-e-rotina-dentro-de-casa\/","title":{"rendered":"Quando a crian\u00e7a n\u00e3o aceita ouvir \u201cn\u00e3o\u201d, o que esse comportamento pode estar dizendo sobre limites, frustra\u00e7\u00e3o e rotina dentro de casa"},"content":{"rendered":"\n<p>O comportamento de resist\u00eancia constante diante de uma negativa infantil costuma sinalizar que a estrutura emocional da <strong>crian\u00e7a<\/strong> est\u00e1 em pleno desenvolvimento, exigindo um olhar atento dos cuidadores sobre a rotina. Entender as raz\u00f5es por tr\u00e1s da dificuldade em processar frustra\u00e7\u00f5es \u00e9 o primeiro passo para transformar o ambiente dom\u00e9stico em um espa\u00e7o de <strong>aprendizado e equil\u00edbrio<\/strong>.<\/p>\n\n\n\n<h2 class=\"wp-block-heading\">O que acontece no c\u00e9rebro infantil durante uma crise de frustra\u00e7\u00e3o<\/h2>\n\n\n\n<p>A neuroci\u00eancia explica que o c\u00f3rtex pr\u00e9-frontal, respons\u00e1vel pelo autocontrole, ainda est\u00e1 em forma\u00e7\u00e3o nos primeiros anos de vida, o que torna o <strong>limite emocional<\/strong> algo dif\u00edcil de processar. Quando os pequenos reagem com intensidade, eles est\u00e3o apenas manifestando uma incapacidade biol\u00f3gica de gerenciar a <strong>contrariedade imediata<\/strong> e o desejo n\u00e3o atendido.<\/p>\n\n\n\n<p>Entender essa imaturidade ajuda os pais a manterem a calma, focando na conex\u00e3o antes da corre\u00e7\u00e3o necess\u00e1ria. Validar o sentimento sem ceder \u00e0 vontade da <strong>crian\u00e7a<\/strong> fortalece a autoridade positiva e ensina que as emo\u00e7\u00f5es s\u00e3o passageiras, mas as regras permanecem est\u00e1veis.<\/p>\n\n\n<div class=\"wp-block-image\">\n<figure class=\"aligncenter size-full\"><img decoding=\"async\" width=\"1280\" height=\"720\" src=\"https:\/\/www.correiobraziliense.com.br\/cbradar\/wp-content\/uploads\/2026\/04\/pessoa-dizendo-nao-1.jpg\" alt=\"\" class=\"wp-image-231205\" srcset=\"https:\/\/www.correiobraziliense.com.br\/cbradar\/wp-content\/uploads\/2026\/04\/pessoa-dizendo-nao-1.jpg 1280w, https:\/\/www.correiobraziliense.com.br\/cbradar\/wp-content\/uploads\/2026\/04\/pessoa-dizendo-nao-1-300x169.jpg 300w, https:\/\/www.correiobraziliense.com.br\/cbradar\/wp-content\/uploads\/2026\/04\/pessoa-dizendo-nao-1-768x432.jpg 768w, https:\/\/www.correiobraziliense.com.br\/cbradar\/wp-content\/uploads\/2026\/04\/pessoa-dizendo-nao-1-750x422.jpg 750w, https:\/\/www.correiobraziliense.com.br\/cbradar\/wp-content\/uploads\/2026\/04\/pessoa-dizendo-nao-1-1140x641.jpg 1140w\" sizes=\"(max-width: 1280px) 100vw, 1280px\" \/><figcaption class=\"wp-element-caption\">A clareza nas instru\u00e7\u00f5es permite que a crian\u00e7a construa um mapa mental sobre o que \u00e9 aceit\u00e1vel em diferentes contextos sociais<\/figcaption><\/figure><\/div>\n\n\n<p>Leia tamb\u00e9m: <a href=\"https:\/\/www.correiobraziliense.com.br\/cbradar\/?p=231207\" target=\"_blank\" rel=\"noreferrer noopener\">Crian\u00e7as que convivem com av\u00f3s desenvolvem habilidades importantes que v\u00e3o al\u00e9m da sala de aula<\/a><\/p>\n\n\n\n<h2 class=\"wp-block-heading\">Como estabelecer uma rotina previs\u00edvel para diminuir a resist\u00eancia<\/h2>\n\n\n\n<p>A falta de previsibilidade gera ansiedade, e uma <strong>crian\u00e7a<\/strong> ansiosa tende a lutar com mais for\u00e7a contra as negativas que surgem de forma inesperada durante o dia. Estruturar hor\u00e1rios fixos para alimenta\u00e7\u00e3o, sono e lazer cria um mapa mental que facilita a aceita\u00e7\u00e3o de ordens, pois o <strong>ambiente familiar<\/strong> se torna seguro e l\u00f3gico.<\/p>\n\n\n\n<p>Ao antecipar o que vir\u00e1 a seguir, voc\u00ea reduz o impacto do choque de realidade, permitindo que o <strong>desenvolvimento infantil<\/strong> ocorra sem interrup\u00e7\u00f5es traum\u00e1ticas por comandos repentinos. Criar rituais simples para transi\u00e7\u00f5es de atividades \u00e9 uma estrat\u00e9gia eficiente para evitar embates desnecess\u00e1rios e promover a coopera\u00e7\u00e3o espont\u00e2nea dentro de casa.<\/p>\n\n\n\n<h2 class=\"wp-block-heading\">Sinais de que a falta de limites est\u00e1 afetando o comportamento social<\/h2>\n\n\n\n<p>Quando a <strong>crian\u00e7a<\/strong> apresenta dificuldades persistentes em aceitar regras b\u00e1sicas, isso pode refletir em problemas de socializa\u00e7\u00e3o na escola ou em grupos de conviv\u00eancia. A aus\u00eancia de uma barreira clara em casa impede que o indiv\u00edduo aprenda a respeitar o espa\u00e7o e o <strong>direito do pr\u00f3ximo<\/strong>, gerando isolamento ou conflitos frequentes.<\/p>\n\n\n\n<p>Observar como seu filho interage com outras figuras de autoridade, como professores ou av\u00f3s, oferece pistas valiosas sobre a efic\u00e1cia da sua <strong>comunica\u00e7\u00e3o educativa<\/strong> atual. Ajustar a dosagem de firmeza e afeto \u00e9 essencial para que o pequeno compreenda que o mundo possui normas que garantem a harmonia coletiva.<\/p>\n\n\n<div class=\"wp-block-image\">\n<figure class=\"aligncenter size-full\"><img decoding=\"async\" width=\"1280\" height=\"720\" src=\"https:\/\/www.correiobraziliense.com.br\/cbradar\/wp-content\/uploads\/2026\/04\/magnific_quadro-de-rotina-infantil_2894217290-1.jpeg\" alt=\"\" class=\"wp-image-234467\" srcset=\"https:\/\/www.correiobraziliense.com.br\/cbradar\/wp-content\/uploads\/2026\/04\/magnific_quadro-de-rotina-infantil_2894217290-1.jpeg 1280w, https:\/\/www.correiobraziliense.com.br\/cbradar\/wp-content\/uploads\/2026\/04\/magnific_quadro-de-rotina-infantil_2894217290-1-300x169.jpeg 300w, https:\/\/www.correiobraziliense.com.br\/cbradar\/wp-content\/uploads\/2026\/04\/magnific_quadro-de-rotina-infantil_2894217290-1-768x432.jpeg 768w, https:\/\/www.correiobraziliense.com.br\/cbradar\/wp-content\/uploads\/2026\/04\/magnific_quadro-de-rotina-infantil_2894217290-1-750x422.jpeg 750w, https:\/\/www.correiobraziliense.com.br\/cbradar\/wp-content\/uploads\/2026\/04\/magnific_quadro-de-rotina-infantil_2894217290-1-1140x641.jpeg 1140w\" sizes=\"(max-width: 1280px) 100vw, 1280px\" \/><figcaption class=\"wp-element-caption\">Na tentativa de proteger os filhos de qualquer sofrimento, muitos pais acabam criando uma bolha que impede o exerc\u00edcio da paci\u00eancia e resili\u00eancia.<\/figcaption><\/figure><\/div>\n\n\n<h2 class=\"wp-block-heading\">A import\u00e2ncia de permitir que o filho sinta t\u00e9dio e pequenas perdas<\/h2>\n\n\n\n<p>Na tentativa de proteger os filhos de qualquer sofrimento, muitos pais acabam criando uma bolha que impede o exerc\u00edcio da <strong>paci\u00eancia e resili\u00eancia<\/strong>. Permitir que o pequeno lide com o t\u00e9dio ou com a perda em um jogo \u00e9 um treinamento vital para que ele n\u00e3o se desespere diante de <strong>negativas reais<\/strong> na vida adulta.<\/p>\n\n\n\n<p>Essas microdoses de frustra\u00e7\u00e3o s\u00e3o pedag\u00f3gicas e preparam o terreno para uma personalidade mais flex\u00edvel e capaz de encontrar solu\u00e7\u00f5es criativas para os problemas. Ao incentivar o pensamento cr\u00edtico em vez de entregar tudo pronto, voc\u00ea promove a <strong>independ\u00eancia emocional<\/strong> necess\u00e1ria para que ele navegue com sucesso em diferentes ambientes sociais.<\/p>\n\n\n\n<h2 class=\"wp-block-heading\">Estrat\u00e9gias pr\u00e1ticas para ensinar a lidar com a nega\u00e7\u00e3o<\/h2>\n\n\n\n<p>Em vez de apenas proibir, tente oferecer escolhas limitadas que deem \u00e0 <strong>crian\u00e7a<\/strong> uma sensa\u00e7\u00e3o de autonomia dentro de um cercado de seguran\u00e7a previamente estabelecido. Essa t\u00e9cnica desvia o foco do &#8220;n\u00e3o&#8221; absoluto e engaja o racioc\u00ednio na tomada de decis\u00e3o, reduzindo drasticamente as chances de uma <strong>crise de birra<\/strong> explosiva.<\/p>\n\n\n<div class=\"wp-block-image\">\n<figure class=\"aligncenter size-full\"><img decoding=\"async\" width=\"1280\" height=\"442\" src=\"https:\/\/www.correiobraziliense.com.br\/cbradar\/wp-content\/uploads\/2026\/04\/convertido-27-2.jpg\" alt=\"\" class=\"wp-image-234464\" srcset=\"https:\/\/www.correiobraziliense.com.br\/cbradar\/wp-content\/uploads\/2026\/04\/convertido-27-2.jpg 1280w, https:\/\/www.correiobraziliense.com.br\/cbradar\/wp-content\/uploads\/2026\/04\/convertido-27-2-300x104.jpg 300w, https:\/\/www.correiobraziliense.com.br\/cbradar\/wp-content\/uploads\/2026\/04\/convertido-27-2-768x265.jpg 768w, https:\/\/www.correiobraziliense.com.br\/cbradar\/wp-content\/uploads\/2026\/04\/convertido-27-2-750x259.jpg 750w, https:\/\/www.correiobraziliense.com.br\/cbradar\/wp-content\/uploads\/2026\/04\/convertido-27-2-1140x394.jpg 1140w\" sizes=\"(max-width: 1280px) 100vw, 1280px\" \/><\/figure><\/div>\n\n\n<p>Ponto importante: ser firme n\u00e3o significa ser agressivo, mas sim manter a palavra dada para que a <strong>confian\u00e7a nas regras<\/strong> se estabele\u00e7a naturalmente. Consist\u00eancia \u00e9 o pilar fundamental para que o entendimento sobre limites seja internalizado de forma permanente e saud\u00e1vel.<\/p>\n\n\n\n<h2 class=\"wp-block-heading\">Construindo uma base s\u00f3lida para a maturidade emocional futura<\/h2>\n\n\n\n<p>Educar para o &#8220;n\u00e3o&#8221; \u00e9, na verdade, um ato de amor que prepara o ser humano para compreender que nem todos os seus desejos ser\u00e3o satisfeitos instantaneamente pelo <strong>mundo exterior<\/strong>. O papel dos cuidadores \u00e9 servir como guia nesse processo, oferecendo o suporte necess\u00e1rio enquanto sustentam os <strong>valores fundamentais<\/strong> da fam\u00edlia.<\/p>\n\n\n\n<p>Com o tempo e a pr\u00e1tica constante da escuta ativa, as batalhas di\u00e1rias d\u00e3o lugar a um di\u00e1logo mais fluido e respeitoso entre pais e filhos. Investir na clareza dos limites hoje garante que a <strong>crian\u00e7a<\/strong> se torne um adulto equilibrado, capaz de lidar com os desafios da vida com seguran\u00e7a e estabilidade psicol\u00f3gica.<\/p>\n","protected":false},"excerpt":{"rendered":"<p>O comportamento de resist\u00eancia constante diante de uma negativa infantil costuma sinalizar que a estrutura emocional da crian\u00e7a est\u00e1 em pleno desenvolvimento, exigindo um olhar atento dos cuidadores sobre a rotina. Entender as raz\u00f5es por tr\u00e1s da dificuldade em processar frustra\u00e7\u00f5es \u00e9 o primeiro passo para transformar o ambiente dom\u00e9stico em um espa\u00e7o de aprendizado [&hellip;]<\/p>\n","protected":false},"author":9,"featured_media":234466,"comment_status":"open","ping_status":"open","sticky":false,"template":"","format":"standard","meta":{"_yoast_wpseo_focuskw":"crise de frustra\u00e7\u00e3o","_yoast_wpseo_title":"","_yoast_wpseo_metadesc":"Entenda por que crian\u00e7as n\u00e3o aceitam n\u00e3o, o que isso revela sobre o desenvolvimento e como ensinar limites com equil\u00edbrio e respeito.","jnews-multi-image_gallery":[],"jnews_single_post":{"format":"standard"},"jnews_primary_category":[],"jnews_social_meta":[],"jnews_override_counter":[],"footnotes":""},"categories":[112],"tags":[149,2858,15638,2857],"class_list":["post-234463","post","type-post","status-publish","format-standard","has-post-thumbnail","hentry","category-curiosidades","tag-educacao","tag-filhos","tag-frustracao","tag-pais"],"yoast_head":"<!-- This site is optimized with the Yoast SEO plugin v24.6 - https:\/\/yoast.com\/wordpress\/plugins\/seo\/ -->\n<title>Quando a crian\u00e7a n\u00e3o aceita ouvir \u201cn\u00e3o\u201d, o que esse comportamento pode estar dizendo sobre limites, frustra\u00e7\u00e3o e rotina dentro de casa - Correio Braziliense - Radar<\/title>\n<meta name=\"description\" content=\"Entenda por que crian\u00e7as n\u00e3o aceitam n\u00e3o, o que isso revela sobre o desenvolvimento e como ensinar limites com equil\u00edbrio e respeito.\" \/>\n<meta name=\"robots\" content=\"index, follow, max-snippet:-1, max-image-preview:large, max-video-preview:-1\" \/>\n<link rel=\"canonical\" href=\"https:\/\/www.correiobraziliense.com.br\/cbradar\/quando-a-crianca-nao-aceita-ouvir-nao-o-que-esse-comportamento-pode-estar-dizendo-sobre-limites-frustracao-e-rotina-dentro-de-casa\/\" \/>\n<meta property=\"og:locale\" content=\"pt_BR\" \/>\n<meta property=\"og:type\" content=\"article\" \/>\n<meta property=\"og:title\" content=\"Quando a crian\u00e7a n\u00e3o aceita ouvir \u201cn\u00e3o\u201d, o que esse comportamento pode estar dizendo sobre limites, frustra\u00e7\u00e3o e rotina dentro de casa - Correio Braziliense - Radar\" \/>\n<meta property=\"og:description\" content=\"Entenda por que crian\u00e7as n\u00e3o aceitam n\u00e3o, o que isso revela sobre o desenvolvimento e como ensinar limites com equil\u00edbrio e respeito.\" \/>\n<meta property=\"og:url\" content=\"https:\/\/www.correiobraziliense.com.br\/cbradar\/quando-a-crianca-nao-aceita-ouvir-nao-o-que-esse-comportamento-pode-estar-dizendo-sobre-limites-frustracao-e-rotina-dentro-de-casa\/\" \/>\n<meta property=\"og:site_name\" content=\"Correio Braziliense - Radar\" \/>\n<meta property=\"article:published_time\" content=\"2026-05-01T10:05:00+00:00\" \/>\n<meta property=\"og:image\" content=\"https:\/\/www.correiobraziliense.com.br\/cbradar\/wp-content\/uploads\/2026\/04\/magnific_a-small-brazilian-girl-wi_2894215876-1.jpeg\" \/>\n\t<meta property=\"og:image:width\" content=\"1280\" \/>\n\t<meta property=\"og:image:height\" content=\"720\" \/>\n\t<meta property=\"og:image:type\" content=\"image\/jpeg\" \/>\n<meta name=\"author\" content=\"Daniely Cardoso\" \/>\n<meta name=\"twitter:card\" content=\"summary_large_image\" \/>\n<meta name=\"twitter:label1\" content=\"Escrito por\" \/>\n\t<meta name=\"twitter:data1\" content=\"Daniely Cardoso\" \/>\n\t<meta name=\"twitter:label2\" content=\"Est. tempo de leitura\" \/>\n\t<meta name=\"twitter:data2\" content=\"6 minutos\" \/>\n<!-- \/ Yoast SEO plugin. -->","yoast_head_json":{"title":"Quando a crian\u00e7a n\u00e3o aceita ouvir \u201cn\u00e3o\u201d, o que esse comportamento pode estar dizendo sobre limites, frustra\u00e7\u00e3o e rotina dentro de casa - Correio Braziliense - Radar","description":"Entenda por que crian\u00e7as n\u00e3o aceitam n\u00e3o, o que isso revela sobre o desenvolvimento e como ensinar limites com equil\u00edbrio e respeito.","robots":{"index":"index","follow":"follow","max-snippet":"max-snippet:-1","max-image-preview":"max-image-preview:large","max-video-preview":"max-video-preview:-1"},"canonical":"https:\/\/www.correiobraziliense.com.br\/cbradar\/quando-a-crianca-nao-aceita-ouvir-nao-o-que-esse-comportamento-pode-estar-dizendo-sobre-limites-frustracao-e-rotina-dentro-de-casa\/","og_locale":"pt_BR","og_type":"article","og_title":"Quando a crian\u00e7a n\u00e3o aceita ouvir \u201cn\u00e3o\u201d, o que esse comportamento pode estar dizendo sobre limites, frustra\u00e7\u00e3o e rotina dentro de casa - Correio Braziliense - Radar","og_description":"Entenda por que crian\u00e7as n\u00e3o aceitam n\u00e3o, o que isso revela sobre o desenvolvimento e como ensinar limites com equil\u00edbrio e respeito.","og_url":"https:\/\/www.correiobraziliense.com.br\/cbradar\/quando-a-crianca-nao-aceita-ouvir-nao-o-que-esse-comportamento-pode-estar-dizendo-sobre-limites-frustracao-e-rotina-dentro-de-casa\/","og_site_name":"Correio Braziliense - Radar","article_published_time":"2026-05-01T10:05:00+00:00","og_image":[{"width":1280,"height":720,"url":"https:\/\/www.correiobraziliense.com.br\/cbradar\/wp-content\/uploads\/2026\/04\/magnific_a-small-brazilian-girl-wi_2894215876-1.jpeg","type":"image\/jpeg"}],"author":"Daniely Cardoso","twitter_card":"summary_large_image","twitter_misc":{"Escrito por":"Daniely Cardoso","Est. tempo de leitura":"6 minutos"},"schema":{"@context":"https:\/\/schema.org","@graph":[{"@type":"WebPage","@id":"https:\/\/www.correiobraziliense.com.br\/cbradar\/quando-a-crianca-nao-aceita-ouvir-nao-o-que-esse-comportamento-pode-estar-dizendo-sobre-limites-frustracao-e-rotina-dentro-de-casa\/","url":"https:\/\/www.correiobraziliense.com.br\/cbradar\/quando-a-crianca-nao-aceita-ouvir-nao-o-que-esse-comportamento-pode-estar-dizendo-sobre-limites-frustracao-e-rotina-dentro-de-casa\/","name":"Quando a crian\u00e7a n\u00e3o aceita ouvir \u201cn\u00e3o\u201d, o que esse comportamento pode estar dizendo sobre limites, frustra\u00e7\u00e3o e rotina dentro de casa - Correio Braziliense - Radar","isPartOf":{"@id":"https:\/\/www.correiobraziliense.com.br\/cbradar\/#website"},"primaryImageOfPage":{"@id":"https:\/\/www.correiobraziliense.com.br\/cbradar\/quando-a-crianca-nao-aceita-ouvir-nao-o-que-esse-comportamento-pode-estar-dizendo-sobre-limites-frustracao-e-rotina-dentro-de-casa\/#primaryimage"},"image":{"@id":"https:\/\/www.correiobraziliense.com.br\/cbradar\/quando-a-crianca-nao-aceita-ouvir-nao-o-que-esse-comportamento-pode-estar-dizendo-sobre-limites-frustracao-e-rotina-dentro-de-casa\/#primaryimage"},"thumbnailUrl":"https:\/\/www.correiobraziliense.com.br\/cbradar\/wp-content\/uploads\/2026\/04\/magnific_a-small-brazilian-girl-wi_2894215876-1.jpeg","datePublished":"2026-05-01T10:05:00+00:00","author":{"@id":"https:\/\/www.correiobraziliense.com.br\/cbradar\/#\/schema\/person\/7356666e12ec0ee53f348ee5db227032"},"description":"Entenda por que crian\u00e7as n\u00e3o aceitam n\u00e3o, o que isso revela sobre o desenvolvimento e como ensinar limites com equil\u00edbrio e respeito.","breadcrumb":{"@id":"https:\/\/www.correiobraziliense.com.br\/cbradar\/quando-a-crianca-nao-aceita-ouvir-nao-o-que-esse-comportamento-pode-estar-dizendo-sobre-limites-frustracao-e-rotina-dentro-de-casa\/#breadcrumb"},"inLanguage":"pt-BR","potentialAction":[{"@type":"ReadAction","target":["https:\/\/www.correiobraziliense.com.br\/cbradar\/quando-a-crianca-nao-aceita-ouvir-nao-o-que-esse-comportamento-pode-estar-dizendo-sobre-limites-frustracao-e-rotina-dentro-de-casa\/"]}]},{"@type":"ImageObject","inLanguage":"pt-BR","@id":"https:\/\/www.correiobraziliense.com.br\/cbradar\/quando-a-crianca-nao-aceita-ouvir-nao-o-que-esse-comportamento-pode-estar-dizendo-sobre-limites-frustracao-e-rotina-dentro-de-casa\/#primaryimage","url":"https:\/\/www.correiobraziliense.com.br\/cbradar\/wp-content\/uploads\/2026\/04\/magnific_a-small-brazilian-girl-wi_2894215876-1.jpeg","contentUrl":"https:\/\/www.correiobraziliense.com.br\/cbradar\/wp-content\/uploads\/2026\/04\/magnific_a-small-brazilian-girl-wi_2894215876-1.jpeg","width":1280,"height":720,"caption":"A neuroci\u00eancia explica que o c\u00f3rtex pr\u00e9-frontal, respons\u00e1vel pelo autocontrole, ainda est\u00e1 em forma\u00e7\u00e3o nos primeiros anos de vida"},{"@type":"BreadcrumbList","@id":"https:\/\/www.correiobraziliense.com.br\/cbradar\/quando-a-crianca-nao-aceita-ouvir-nao-o-que-esse-comportamento-pode-estar-dizendo-sobre-limites-frustracao-e-rotina-dentro-de-casa\/#breadcrumb","itemListElement":[{"@type":"ListItem","position":1,"name":"In\u00edcio","item":"https:\/\/www.correiobraziliense.com.br\/cbradar\/"},{"@type":"ListItem","position":2,"name":"Quando a crian\u00e7a n\u00e3o aceita ouvir \u201cn\u00e3o\u201d, o que esse comportamento pode estar dizendo sobre limites, frustra\u00e7\u00e3o e rotina dentro de casa"}]},{"@type":"WebSite","@id":"https:\/\/www.correiobraziliense.com.br\/cbradar\/#website","url":"https:\/\/www.correiobraziliense.com.br\/cbradar\/","name":"Correio Braziliense - Radar","description":"Acompanhe as \u00faltimas not\u00edcias e fique bem informado sobre tudo o que acontece no Brasil e no mundo.","potentialAction":[{"@type":"SearchAction","target":{"@type":"EntryPoint","urlTemplate":"https:\/\/www.correiobraziliense.com.br\/cbradar\/?s={search_term_string}"},"query-input":{"@type":"PropertyValueSpecification","valueRequired":true,"valueName":"search_term_string"}}],"inLanguage":"pt-BR"},{"@type":"Person","@id":"https:\/\/www.correiobraziliense.com.br\/cbradar\/#\/schema\/person\/7356666e12ec0ee53f348ee5db227032","name":"Daniely Cardoso","image":{"@type":"ImageObject","inLanguage":"pt-BR","@id":"https:\/\/www.correiobraziliense.com.br\/cbradar\/#\/schema\/person\/image\/","url":"https:\/\/secure.gravatar.com\/avatar\/4b80ddbd124d1f071b626d52d62e5dff?s=96&d=mm&r=g","contentUrl":"https:\/\/secure.gravatar.com\/avatar\/4b80ddbd124d1f071b626d52d62e5dff?s=96&d=mm&r=g","caption":"Daniely Cardoso"},"description":"Redatora nos portais CB Radar e EM Foco, formada pela Universidade Federal de Goi\u00e1s, em Goi\u00e2nia. Apaixonada por comunica\u00e7\u00e3o, arte, decora\u00e7\u00e3o e tend\u00eancias, atuo na produ\u00e7\u00e3o de conte\u00fados envolventes sobre curiosidades, moda, beleza e paisagismo, sempre com um olhar atento \u00e0s novidades do momento.","sameAs":["https:\/\/www.correiobraziliense.com.br\/cbradar"],"url":"https:\/\/www.correiobraziliense.com.br\/cbradar\/author\/danielymyth\/"}]}},"_links":{"self":[{"href":"https:\/\/www.correiobraziliense.com.br\/cbradar\/wp-json\/wp\/v2\/posts\/234463","targetHints":{"allow":["GET"]}}],"collection":[{"href":"https:\/\/www.correiobraziliense.com.br\/cbradar\/wp-json\/wp\/v2\/posts"}],"about":[{"href":"https:\/\/www.correiobraziliense.com.br\/cbradar\/wp-json\/wp\/v2\/types\/post"}],"author":[{"embeddable":true,"href":"https:\/\/www.correiobraziliense.com.br\/cbradar\/wp-json\/wp\/v2\/users\/9"}],"replies":[{"embeddable":true,"href":"https:\/\/www.correiobraziliense.com.br\/cbradar\/wp-json\/wp\/v2\/comments?post=234463"}],"version-history":[{"count":2,"href":"https:\/\/www.correiobraziliense.com.br\/cbradar\/wp-json\/wp\/v2\/posts\/234463\/revisions"}],"predecessor-version":[{"id":234955,"href":"https:\/\/www.correiobraziliense.com.br\/cbradar\/wp-json\/wp\/v2\/posts\/234463\/revisions\/234955"}],"wp:featuredmedia":[{"embeddable":true,"href":"https:\/\/www.correiobraziliense.com.br\/cbradar\/wp-json\/wp\/v2\/media\/234466"}],"wp:attachment":[{"href":"https:\/\/www.correiobraziliense.com.br\/cbradar\/wp-json\/wp\/v2\/media?parent=234463"}],"wp:term":[{"taxonomy":"category","embeddable":true,"href":"https:\/\/www.correiobraziliense.com.br\/cbradar\/wp-json\/wp\/v2\/categories?post=234463"},{"taxonomy":"post_tag","embeddable":true,"href":"https:\/\/www.correiobraziliense.com.br\/cbradar\/wp-json\/wp\/v2\/tags?post=234463"}],"curies":[{"name":"wp","href":"https:\/\/api.w.org\/{rel}","templated":true}]}}