{"id":234469,"date":"2026-05-01T08:55:00","date_gmt":"2026-05-01T11:55:00","guid":{"rendered":"https:\/\/www.correiobraziliense.com.br\/cbradar\/?p=234469"},"modified":"2026-04-30T19:10:57","modified_gmt":"2026-04-30T22:10:57","slug":"seu-filho-pede-atencao-o-tempo-todo-mas-nem-sempre-o-que-ele-quer-e-mimo-as-vezes-e-direcao-presenca-e-seguranca-emocional","status":"publish","type":"post","link":"https:\/\/www.correiobraziliense.com.br\/cbradar\/seu-filho-pede-atencao-o-tempo-todo-mas-nem-sempre-o-que-ele-quer-e-mimo-as-vezes-e-direcao-presenca-e-seguranca-emocional\/","title":{"rendered":"Seu filho pede aten\u00e7\u00e3o o tempo todo, mas nem sempre o que ele quer \u00e9 mimo, \u00e0s vezes \u00e9 dire\u00e7\u00e3o, presen\u00e7a e seguran\u00e7a emocional"},"content":{"rendered":"\n<p>A busca constante por contato pode esconder necessidades profundas que v\u00e3o muito al\u00e9m do desejo por brinquedos ou entretenimento moment\u00e2neo. Compreender as ra\u00edzes desse comportamento permite que os pais transformem a interdepend\u00eancia em um caminho s\u00f3lido para a autonomia e o equil\u00edbrio dentro de casa.<\/p>\n\n\n\n<h2 class=\"wp-block-heading\">O que a neuroci\u00eancia explica sobre a busca por proximidade constante<\/h2>\n\n\n\n<p>A <strong>necessidade de aten\u00e7\u00e3o<\/strong> \u00e9 um mecanismo biol\u00f3gico de sobreviv\u00eancia que sinaliza ao c\u00e9rebro da crian\u00e7a que ela est\u00e1 protegida e integrada ao grupo. Quando o <strong>v\u00ednculo afetivo<\/strong> \u00e9 fortalecido por meio da presen\u00e7a real, o sistema nervoso regula os n\u00edveis de cortisol, reduzindo epis\u00f3dios de ansiedade e estresse infantil.<\/p>\n\n\n\n<p>Muitas vezes, o pequeno solicita a presen\u00e7a do adulto porque ainda n\u00e3o desenvolveu as ferramentas internas para lidar com o <strong>v\u00ednculo de apego<\/strong> de forma solit\u00e1ria. Oferecer <strong>valida\u00e7\u00e3o emocional<\/strong> nesses momentos \u00e9 o que permite que ele, gradualmente, sinta-se seguro o suficiente para explorar o mundo ao seu redor sem medo.<\/p>\n\n\n<div class=\"wp-block-image\">\n<figure class=\"aligncenter size-full\"><img decoding=\"async\" width=\"1280\" height=\"720\" src=\"https:\/\/www.correiobraziliense.com.br\/cbradar\/wp-content\/uploads\/2026\/04\/magnific_a-small-brazilian-child-w_2894229440-1.jpeg\" alt=\"\" class=\"wp-image-234470\" srcset=\"https:\/\/www.correiobraziliense.com.br\/cbradar\/wp-content\/uploads\/2026\/04\/magnific_a-small-brazilian-child-w_2894229440-1.jpeg 1280w, https:\/\/www.correiobraziliense.com.br\/cbradar\/wp-content\/uploads\/2026\/04\/magnific_a-small-brazilian-child-w_2894229440-1-300x169.jpeg 300w, https:\/\/www.correiobraziliense.com.br\/cbradar\/wp-content\/uploads\/2026\/04\/magnific_a-small-brazilian-child-w_2894229440-1-768x432.jpeg 768w, https:\/\/www.correiobraziliense.com.br\/cbradar\/wp-content\/uploads\/2026\/04\/magnific_a-small-brazilian-child-w_2894229440-1-750x422.jpeg 750w, https:\/\/www.correiobraziliense.com.br\/cbradar\/wp-content\/uploads\/2026\/04\/magnific_a-small-brazilian-child-w_2894229440-1-1140x641.jpeg 1140w\" sizes=\"(max-width: 1280px) 100vw, 1280px\" \/><figcaption class=\"wp-element-caption\">\u00c9 comum confundir a busca por suporte emocional com a falta de limites, mas o primeiro caso trata-se de um pedido de socorro invis\u00edvel<\/figcaption><\/figure><\/div>\n\n\n<p>Leia tamb\u00e9m: <a href=\"https:\/\/www.correiobraziliense.com.br\/cbradar\/?p=231207\" target=\"_blank\" rel=\"noreferrer noopener\">Crian\u00e7as que convivem com av\u00f3s desenvolvem habilidades importantes que v\u00e3o al\u00e9m da sala de aula<\/a><\/p>\n\n\n\n<h2 class=\"wp-block-heading\">Diferen\u00e7a entre comportamento de mimo e necessidade de dire\u00e7\u00e3o<\/h2>\n\n\n\n<p>\u00c9 comum confundir a busca por <strong>suporte emocional<\/strong> com a falta de limites, mas o primeiro caso trata-se de um pedido de socorro invis\u00edvel. Enquanto o mimo busca a satisfa\u00e7\u00e3o de um desejo material, a <strong>presen\u00e7a atenta<\/strong> foca em preencher uma lacuna de orienta\u00e7\u00e3o e seguran\u00e7a sobre como agir em situa\u00e7\u00f5es novas.<\/p>\n\n\n\n<p>Observar o contexto da solicita\u00e7\u00e3o ajuda a identificar se o que falta \u00e9 uma <strong>rotina estruturada<\/strong> ou apenas um momento de conex\u00e3o exclusiva sem telas. Estabelecer <strong>regras claras<\/strong> de conviv\u00eancia ajuda a crian\u00e7a a entender quando \u00e9 o momento de brincar junto e quando o adulto precisa se dedicar a outras tarefas.<\/p>\n\n\n\n<h2 class=\"wp-block-heading\">Como criar um ambiente de seguran\u00e7a emocional para seu filho<\/h2>\n\n\n\n<p>A constru\u00e7\u00e3o da <strong>autoconfian\u00e7a infantil<\/strong> depende diretamente da previsibilidade das rea\u00e7\u00f5es dos pais diante das falhas e descobertas do cotidiano. Um lar onde o erro \u00e9 visto como parte do aprendizado estimula a <strong>coragem moral<\/strong> e diminui a necessidade de aprova\u00e7\u00e3o externa constante para cada pequena a\u00e7\u00e3o realizada.<\/p>\n\n\n<div class=\"wp-block-image\">\n<figure class=\"aligncenter size-full\"><img decoding=\"async\" width=\"1280\" height=\"720\" src=\"https:\/\/www.correiobraziliense.com.br\/cbradar\/wp-content\/uploads\/2026\/04\/crianca-lendo_1777421092818.jpg\" alt=\"\" class=\"wp-image-233848\" srcset=\"https:\/\/www.correiobraziliense.com.br\/cbradar\/wp-content\/uploads\/2026\/04\/crianca-lendo_1777421092818.jpg 1280w, https:\/\/www.correiobraziliense.com.br\/cbradar\/wp-content\/uploads\/2026\/04\/crianca-lendo_1777421092818-300x169.jpg 300w, https:\/\/www.correiobraziliense.com.br\/cbradar\/wp-content\/uploads\/2026\/04\/crianca-lendo_1777421092818-768x432.jpg 768w, https:\/\/www.correiobraziliense.com.br\/cbradar\/wp-content\/uploads\/2026\/04\/crianca-lendo_1777421092818-750x422.jpg 750w, https:\/\/www.correiobraziliense.com.br\/cbradar\/wp-content\/uploads\/2026\/04\/crianca-lendo_1777421092818-1140x641.jpg 1140w\" sizes=\"(max-width: 1280px) 100vw, 1280px\" \/><figcaption class=\"wp-element-caption\">Existem t\u00edtulos espec\u00edficos que possuem o poder magn\u00e9tico de prender a aten\u00e7\u00e3o mesmo das crian\u00e7as &#8211; Cr\u00e9ditos: depositphotos.com \/ Nastyaofly<\/figcaption><\/figure><\/div>\n\n\n<p>Ao investir em <strong>tempo de qualidade<\/strong>, mesmo que por poucos minutos di\u00e1rios, voc\u00ea sinaliza que a crian\u00e7a \u00e9 prioridade e que sua voz tem valor real. Essa base s\u00f3lida de <strong>resili\u00eancia psicol\u00f3gica<\/strong> servir\u00e1 como escudo contra as press\u00f5es sociais que surgir\u00e3o inevitavelmente durante a adolesc\u00eancia e a vida adulta.<\/p>\n\n\n\n<h2 class=\"wp-block-heading\">Estrat\u00e9gias para lidar com a demanda excessiva sem perder a paci\u00eancia<\/h2>\n\n\n\n<p>O gerenciamento das expectativas familiares exige que o adulto mantenha o <strong>equil\u00edbrio emocional<\/strong>, servindo como o \u00e2ncoras durante as tempestades comportamentais dos filhos. Demonstrar <strong>empatia genu\u00edna<\/strong> n\u00e3o significa ceder a todos os pedidos, mas sim reconhecer o sentimento por tr\u00e1s daquela insist\u00eancia persistente que tanto cansa os cuidadores.<\/p>\n\n\n<div class=\"wp-block-image\">\n<figure class=\"aligncenter size-full\"><img decoding=\"async\" width=\"1280\" height=\"487\" src=\"https:\/\/www.correiobraziliense.com.br\/cbradar\/wp-content\/uploads\/2026\/04\/convertido-28-2.jpg\" alt=\"\" class=\"wp-image-234471\" srcset=\"https:\/\/www.correiobraziliense.com.br\/cbradar\/wp-content\/uploads\/2026\/04\/convertido-28-2.jpg 1280w, https:\/\/www.correiobraziliense.com.br\/cbradar\/wp-content\/uploads\/2026\/04\/convertido-28-2-300x114.jpg 300w, https:\/\/www.correiobraziliense.com.br\/cbradar\/wp-content\/uploads\/2026\/04\/convertido-28-2-768x292.jpg 768w, https:\/\/www.correiobraziliense.com.br\/cbradar\/wp-content\/uploads\/2026\/04\/convertido-28-2-750x285.jpg 750w, https:\/\/www.correiobraziliense.com.br\/cbradar\/wp-content\/uploads\/2026\/04\/convertido-28-2-1140x434.jpg 1140w\" sizes=\"(max-width: 1280px) 100vw, 1280px\" \/><\/figure><\/div>\n\n\n<p>Incentivar que o filho encontre solu\u00e7\u00f5es por conta pr\u00f3pria fortalece a <strong>independ\u00eancia cognitiva<\/strong> e reduz a sobrecarga mental dos pais no longo prazo. Manter a <strong>consist\u00eancia educativa<\/strong> \u00e9 a chave para que essas mudan\u00e7as de comportamento se tornem h\u00e1bitos permanentes na din\u00e2mica familiar saud\u00e1vel.<\/p>\n\n\n\n<h2 class=\"wp-block-heading\">O papel da rotina previs\u00edvel na redu\u00e7\u00e3o da ansiedade infantil<\/h2>\n\n\n\n<p>Uma estrutura de hor\u00e1rios bem definida atua como um organizador ps\u00edquico, permitindo que a crian\u00e7a saiba exatamente o que esperar de cada parte do dia. A incerteza sobre o pr\u00f3ximo passo \u00e9 um dos maiores gatilhos para a <strong>busca por seguran\u00e7a<\/strong> excessiva, manifestada em gritos ou choros por aten\u00e7\u00e3o imediata.<\/p>\n\n\n\n<p>Quando os limites s\u00e3o aplicados com <strong>autoridade amorosa<\/strong>, a crian\u00e7a deixa de testar as fronteiras o tempo todo e passa a relaxar em seu papel de aprendiz. Desenvolver essa <strong>intelig\u00eancia emocional<\/strong> compartilhada transforma o clima da casa, permitindo que todos desfrutem de uma conviv\u00eancia baseada no respeito e no carinho.<\/p>\n\n\n\n<h2 class=\"wp-block-heading\">Benef\u00edcios da presen\u00e7a consciente para o desenvolvimento da autonomia<\/h2>\n\n\n\n<p>A verdadeira liberdade nasce de uma base segura onde a crian\u00e7a sabe que pode voltar sempre que se sentir perdida ou cansada. Ao oferecer <strong>suporte psicol\u00f3gico<\/strong> adequado, voc\u00ea est\u00e1, na verdade, dando asas para que seu filho voe mais longe com a certeza de que \u00e9 amado incondicionalmente.<\/p>\n\n\n\n<p>Nutrir essa <strong>conex\u00e3o profunda<\/strong> hoje evita lacunas de car\u00eancia que poderiam se transformar em comportamentos rebeldes ou de risco no futuro pr\u00f3ximo. Valorizar a <strong>sa\u00fade mental<\/strong> da fam\u00edlia \u00e9 o investimento mais rent\u00e1vel que pais e m\u00e3es podem fazer para garantir uma sociedade mais emp\u00e1tica e resiliente.<\/p>\n","protected":false},"excerpt":{"rendered":"<p>A busca constante por contato pode esconder necessidades profundas que v\u00e3o muito al\u00e9m do desejo por brinquedos ou entretenimento moment\u00e2neo. Compreender as ra\u00edzes desse comportamento permite que os pais transformem a interdepend\u00eancia em um caminho s\u00f3lido para a autonomia e o equil\u00edbrio dentro de casa. O que a neuroci\u00eancia explica sobre a busca por proximidade [&hellip;]<\/p>\n","protected":false},"author":9,"featured_media":234959,"comment_status":"open","ping_status":"open","sticky":false,"template":"","format":"standard","meta":{"_yoast_wpseo_focuskw":"filho pedindo aten\u00e7\u00e3o","_yoast_wpseo_title":"","_yoast_wpseo_metadesc":"Entenda por que seu filho pede aten\u00e7\u00e3o o tempo todo, o que isso revela e como agir para fortalecer seguran\u00e7a emocional e autonomia.","jnews-multi-image_gallery":[],"jnews_single_post":{"format":"standard"},"jnews_primary_category":[],"jnews_social_meta":[],"jnews_override_counter":[],"footnotes":""},"categories":[112],"tags":[1574,5039,15712],"class_list":["post-234469","post","type-post","status-publish","format-standard","has-post-thumbnail","hentry","category-curiosidades","tag-filho","tag-neurociencia","tag-seguranca-emocional"],"yoast_head":"<!-- This site is optimized with the Yoast SEO plugin v24.6 - https:\/\/yoast.com\/wordpress\/plugins\/seo\/ -->\n<title>Seu filho pede aten\u00e7\u00e3o o tempo todo, mas nem sempre o que ele quer \u00e9 mimo, \u00e0s vezes \u00e9 dire\u00e7\u00e3o, presen\u00e7a e seguran\u00e7a emocional - Correio Braziliense - Radar<\/title>\n<meta name=\"description\" content=\"Entenda por que seu filho pede aten\u00e7\u00e3o o tempo todo, o que isso revela e como agir para fortalecer seguran\u00e7a emocional e autonomia.\" \/>\n<meta name=\"robots\" content=\"index, follow, max-snippet:-1, max-image-preview:large, max-video-preview:-1\" \/>\n<link rel=\"canonical\" href=\"https:\/\/www.correiobraziliense.com.br\/cbradar\/seu-filho-pede-atencao-o-tempo-todo-mas-nem-sempre-o-que-ele-quer-e-mimo-as-vezes-e-direcao-presenca-e-seguranca-emocional\/\" \/>\n<meta property=\"og:locale\" content=\"pt_BR\" \/>\n<meta property=\"og:type\" content=\"article\" \/>\n<meta property=\"og:title\" content=\"Seu filho pede aten\u00e7\u00e3o o tempo todo, mas nem sempre o que ele quer \u00e9 mimo, \u00e0s vezes \u00e9 dire\u00e7\u00e3o, presen\u00e7a e seguran\u00e7a emocional - Correio Braziliense - Radar\" \/>\n<meta property=\"og:description\" content=\"Entenda por que seu filho pede aten\u00e7\u00e3o o tempo todo, o que isso revela e como agir para fortalecer seguran\u00e7a emocional e autonomia.\" \/>\n<meta property=\"og:url\" content=\"https:\/\/www.correiobraziliense.com.br\/cbradar\/seu-filho-pede-atencao-o-tempo-todo-mas-nem-sempre-o-que-ele-quer-e-mimo-as-vezes-e-direcao-presenca-e-seguranca-emocional\/\" \/>\n<meta property=\"og:site_name\" content=\"Correio Braziliense - Radar\" \/>\n<meta property=\"article:published_time\" content=\"2026-05-01T11:55:00+00:00\" \/>\n<meta property=\"og:image\" content=\"https:\/\/www.correiobraziliense.com.br\/cbradar\/wp-content\/uploads\/2026\/05\/magnific_a-young-child-with-dark-c_2900778989-1.jpeg\" \/>\n\t<meta property=\"og:image:width\" content=\"1280\" \/>\n\t<meta property=\"og:image:height\" content=\"720\" \/>\n\t<meta property=\"og:image:type\" content=\"image\/jpeg\" \/>\n<meta name=\"author\" content=\"Daniely Cardoso\" \/>\n<meta name=\"twitter:card\" content=\"summary_large_image\" \/>\n<meta name=\"twitter:label1\" content=\"Escrito por\" \/>\n\t<meta name=\"twitter:data1\" content=\"Daniely Cardoso\" \/>\n\t<meta name=\"twitter:label2\" content=\"Est. tempo de leitura\" \/>\n\t<meta name=\"twitter:data2\" content=\"5 minutos\" \/>\n<!-- \/ Yoast SEO plugin. -->","yoast_head_json":{"title":"Seu filho pede aten\u00e7\u00e3o o tempo todo, mas nem sempre o que ele quer \u00e9 mimo, \u00e0s vezes \u00e9 dire\u00e7\u00e3o, presen\u00e7a e seguran\u00e7a emocional - Correio Braziliense - Radar","description":"Entenda por que seu filho pede aten\u00e7\u00e3o o tempo todo, o que isso revela e como agir para fortalecer seguran\u00e7a emocional e autonomia.","robots":{"index":"index","follow":"follow","max-snippet":"max-snippet:-1","max-image-preview":"max-image-preview:large","max-video-preview":"max-video-preview:-1"},"canonical":"https:\/\/www.correiobraziliense.com.br\/cbradar\/seu-filho-pede-atencao-o-tempo-todo-mas-nem-sempre-o-que-ele-quer-e-mimo-as-vezes-e-direcao-presenca-e-seguranca-emocional\/","og_locale":"pt_BR","og_type":"article","og_title":"Seu filho pede aten\u00e7\u00e3o o tempo todo, mas nem sempre o que ele quer \u00e9 mimo, \u00e0s vezes \u00e9 dire\u00e7\u00e3o, presen\u00e7a e seguran\u00e7a emocional - Correio Braziliense - Radar","og_description":"Entenda por que seu filho pede aten\u00e7\u00e3o o tempo todo, o que isso revela e como agir para fortalecer seguran\u00e7a emocional e autonomia.","og_url":"https:\/\/www.correiobraziliense.com.br\/cbradar\/seu-filho-pede-atencao-o-tempo-todo-mas-nem-sempre-o-que-ele-quer-e-mimo-as-vezes-e-direcao-presenca-e-seguranca-emocional\/","og_site_name":"Correio Braziliense - Radar","article_published_time":"2026-05-01T11:55:00+00:00","og_image":[{"width":1280,"height":720,"url":"https:\/\/www.correiobraziliense.com.br\/cbradar\/wp-content\/uploads\/2026\/05\/magnific_a-young-child-with-dark-c_2900778989-1.jpeg","type":"image\/jpeg"}],"author":"Daniely Cardoso","twitter_card":"summary_large_image","twitter_misc":{"Escrito por":"Daniely Cardoso","Est. tempo de leitura":"5 minutos"},"schema":{"@context":"https:\/\/schema.org","@graph":[{"@type":"WebPage","@id":"https:\/\/www.correiobraziliense.com.br\/cbradar\/seu-filho-pede-atencao-o-tempo-todo-mas-nem-sempre-o-que-ele-quer-e-mimo-as-vezes-e-direcao-presenca-e-seguranca-emocional\/","url":"https:\/\/www.correiobraziliense.com.br\/cbradar\/seu-filho-pede-atencao-o-tempo-todo-mas-nem-sempre-o-que-ele-quer-e-mimo-as-vezes-e-direcao-presenca-e-seguranca-emocional\/","name":"Seu filho pede aten\u00e7\u00e3o o tempo todo, mas nem sempre o que ele quer \u00e9 mimo, \u00e0s vezes \u00e9 dire\u00e7\u00e3o, presen\u00e7a e seguran\u00e7a emocional - Correio Braziliense - Radar","isPartOf":{"@id":"https:\/\/www.correiobraziliense.com.br\/cbradar\/#website"},"primaryImageOfPage":{"@id":"https:\/\/www.correiobraziliense.com.br\/cbradar\/seu-filho-pede-atencao-o-tempo-todo-mas-nem-sempre-o-que-ele-quer-e-mimo-as-vezes-e-direcao-presenca-e-seguranca-emocional\/#primaryimage"},"image":{"@id":"https:\/\/www.correiobraziliense.com.br\/cbradar\/seu-filho-pede-atencao-o-tempo-todo-mas-nem-sempre-o-que-ele-quer-e-mimo-as-vezes-e-direcao-presenca-e-seguranca-emocional\/#primaryimage"},"thumbnailUrl":"https:\/\/www.correiobraziliense.com.br\/cbradar\/wp-content\/uploads\/2026\/05\/magnific_a-young-child-with-dark-c_2900778989-1.jpeg","datePublished":"2026-05-01T11:55:00+00:00","author":{"@id":"https:\/\/www.correiobraziliense.com.br\/cbradar\/#\/schema\/person\/7356666e12ec0ee53f348ee5db227032"},"description":"Entenda por que seu filho pede aten\u00e7\u00e3o o tempo todo, o que isso revela e como agir para fortalecer seguran\u00e7a emocional e autonomia.","breadcrumb":{"@id":"https:\/\/www.correiobraziliense.com.br\/cbradar\/seu-filho-pede-atencao-o-tempo-todo-mas-nem-sempre-o-que-ele-quer-e-mimo-as-vezes-e-direcao-presenca-e-seguranca-emocional\/#breadcrumb"},"inLanguage":"pt-BR","potentialAction":[{"@type":"ReadAction","target":["https:\/\/www.correiobraziliense.com.br\/cbradar\/seu-filho-pede-atencao-o-tempo-todo-mas-nem-sempre-o-que-ele-quer-e-mimo-as-vezes-e-direcao-presenca-e-seguranca-emocional\/"]}]},{"@type":"ImageObject","inLanguage":"pt-BR","@id":"https:\/\/www.correiobraziliense.com.br\/cbradar\/seu-filho-pede-atencao-o-tempo-todo-mas-nem-sempre-o-que-ele-quer-e-mimo-as-vezes-e-direcao-presenca-e-seguranca-emocional\/#primaryimage","url":"https:\/\/www.correiobraziliense.com.br\/cbradar\/wp-content\/uploads\/2026\/05\/magnific_a-young-child-with-dark-c_2900778989-1.jpeg","contentUrl":"https:\/\/www.correiobraziliense.com.br\/cbradar\/wp-content\/uploads\/2026\/05\/magnific_a-young-child-with-dark-c_2900778989-1.jpeg","width":1280,"height":720,"caption":"A constru\u00e7\u00e3o da autoconfian\u00e7a infantil depende diretamente da previsibilidade das rea\u00e7\u00f5es dos pais diante das falhas e descobertas do cotidiano"},{"@type":"BreadcrumbList","@id":"https:\/\/www.correiobraziliense.com.br\/cbradar\/seu-filho-pede-atencao-o-tempo-todo-mas-nem-sempre-o-que-ele-quer-e-mimo-as-vezes-e-direcao-presenca-e-seguranca-emocional\/#breadcrumb","itemListElement":[{"@type":"ListItem","position":1,"name":"In\u00edcio","item":"https:\/\/www.correiobraziliense.com.br\/cbradar\/"},{"@type":"ListItem","position":2,"name":"Seu filho pede aten\u00e7\u00e3o o tempo todo, mas nem sempre o que ele quer \u00e9 mimo, \u00e0s vezes \u00e9 dire\u00e7\u00e3o, presen\u00e7a e seguran\u00e7a emocional"}]},{"@type":"WebSite","@id":"https:\/\/www.correiobraziliense.com.br\/cbradar\/#website","url":"https:\/\/www.correiobraziliense.com.br\/cbradar\/","name":"Correio Braziliense - Radar","description":"Acompanhe as \u00faltimas not\u00edcias e fique bem informado sobre tudo o que acontece no Brasil e no mundo.","potentialAction":[{"@type":"SearchAction","target":{"@type":"EntryPoint","urlTemplate":"https:\/\/www.correiobraziliense.com.br\/cbradar\/?s={search_term_string}"},"query-input":{"@type":"PropertyValueSpecification","valueRequired":true,"valueName":"search_term_string"}}],"inLanguage":"pt-BR"},{"@type":"Person","@id":"https:\/\/www.correiobraziliense.com.br\/cbradar\/#\/schema\/person\/7356666e12ec0ee53f348ee5db227032","name":"Daniely Cardoso","image":{"@type":"ImageObject","inLanguage":"pt-BR","@id":"https:\/\/www.correiobraziliense.com.br\/cbradar\/#\/schema\/person\/image\/","url":"https:\/\/secure.gravatar.com\/avatar\/4b80ddbd124d1f071b626d52d62e5dff?s=96&d=mm&r=g","contentUrl":"https:\/\/secure.gravatar.com\/avatar\/4b80ddbd124d1f071b626d52d62e5dff?s=96&d=mm&r=g","caption":"Daniely Cardoso"},"description":"Redatora nos portais CB Radar e EM Foco, formada pela Universidade Federal de Goi\u00e1s, em Goi\u00e2nia. Apaixonada por comunica\u00e7\u00e3o, arte, decora\u00e7\u00e3o e tend\u00eancias, atuo na produ\u00e7\u00e3o de conte\u00fados envolventes sobre curiosidades, moda, beleza e paisagismo, sempre com um olhar atento \u00e0s novidades do momento.","sameAs":["https:\/\/www.correiobraziliense.com.br\/cbradar"],"url":"https:\/\/www.correiobraziliense.com.br\/cbradar\/author\/danielymyth\/"}]}},"_links":{"self":[{"href":"https:\/\/www.correiobraziliense.com.br\/cbradar\/wp-json\/wp\/v2\/posts\/234469","targetHints":{"allow":["GET"]}}],"collection":[{"href":"https:\/\/www.correiobraziliense.com.br\/cbradar\/wp-json\/wp\/v2\/posts"}],"about":[{"href":"https:\/\/www.correiobraziliense.com.br\/cbradar\/wp-json\/wp\/v2\/types\/post"}],"author":[{"embeddable":true,"href":"https:\/\/www.correiobraziliense.com.br\/cbradar\/wp-json\/wp\/v2\/users\/9"}],"replies":[{"embeddable":true,"href":"https:\/\/www.correiobraziliense.com.br\/cbradar\/wp-json\/wp\/v2\/comments?post=234469"}],"version-history":[{"count":1,"href":"https:\/\/www.correiobraziliense.com.br\/cbradar\/wp-json\/wp\/v2\/posts\/234469\/revisions"}],"predecessor-version":[{"id":234472,"href":"https:\/\/www.correiobraziliense.com.br\/cbradar\/wp-json\/wp\/v2\/posts\/234469\/revisions\/234472"}],"wp:featuredmedia":[{"embeddable":true,"href":"https:\/\/www.correiobraziliense.com.br\/cbradar\/wp-json\/wp\/v2\/media\/234959"}],"wp:attachment":[{"href":"https:\/\/www.correiobraziliense.com.br\/cbradar\/wp-json\/wp\/v2\/media?parent=234469"}],"wp:term":[{"taxonomy":"category","embeddable":true,"href":"https:\/\/www.correiobraziliense.com.br\/cbradar\/wp-json\/wp\/v2\/categories?post=234469"},{"taxonomy":"post_tag","embeddable":true,"href":"https:\/\/www.correiobraziliense.com.br\/cbradar\/wp-json\/wp\/v2\/tags?post=234469"}],"curies":[{"name":"wp","href":"https:\/\/api.w.org\/{rel}","templated":true}]}}