{"id":234473,"date":"2026-05-01T11:55:00","date_gmt":"2026-05-01T14:55:00","guid":{"rendered":"https:\/\/www.correiobraziliense.com.br\/cbradar\/?p=234473"},"modified":"2026-04-30T19:24:27","modified_gmt":"2026-04-30T22:24:27","slug":"muita-gente-se-acostumou-a-opinar-sobre-tudo-mas-quase-ninguem-foi-ensinado-a-discordar-com-respeito-sem-transformar-conversa-em-confronto","status":"publish","type":"post","link":"https:\/\/www.correiobraziliense.com.br\/cbradar\/muita-gente-se-acostumou-a-opinar-sobre-tudo-mas-quase-ninguem-foi-ensinado-a-discordar-com-respeito-sem-transformar-conversa-em-confronto\/","title":{"rendered":"Muita gente se acostumou a opinar sobre tudo, mas quase ningu\u00e9m foi ensinado a discordar com respeito sem transformar conversa em confronto"},"content":{"rendered":"\n<p>A habilidade de sustentar opini\u00f5es contr\u00e1rias sem romper v\u00ednculos afetivos ou profissionais tornou-se um dos maiores desafios da conviv\u00eancia na era da polariza\u00e7\u00e3o constante. Entender a diferen\u00e7a entre atacar uma ideia e desqualificar uma pessoa \u00e9 a base para transformar discuss\u00f5es infrut\u00edferas em di\u00e1logos que promovem o amadurecimento m\u00fatuo.<\/p>\n\n\n\n<h2 class=\"wp-block-heading\">Por que a diverg\u00eancia de opini\u00f5es costuma gerar rea\u00e7\u00f5es agressivas<\/h2>\n\n\n\n<p>O c\u00e9rebro humano tende a processar a <strong>discord\u00e2ncia intelectual<\/strong> como uma amea\u00e7a direta \u00e0 identidade, acionando mecanismos de defesa que bloqueiam a escuta ativa e a empatia. Quando as <strong>convic\u00e7\u00f5es pessoais<\/strong> s\u00e3o questionadas, a resposta biol\u00f3gica de luta ou fuga muitas vezes substitui o racioc\u00ednio l\u00f3gico, transformando um simples debate em um embate emocional.<\/p>\n\n\n\n<p>Estabelecer um ambiente de <strong>seguran\u00e7a psicol\u00f3gica<\/strong> \u00e9 fundamental para que as partes envolvidas consigam expressar pontos de vista distintos sem medo de repres\u00e1lias ou julgamentos severos. Ao focar na <strong>resolu\u00e7\u00e3o de problemas<\/strong> em vez de buscar a vit\u00f3ria verbal, os interlocutores conseguem manter a calma e a clareza necess\u00e1rias para uma troca de informa\u00e7\u00f5es realmente produtiva.<\/p>\n\n\n<div class=\"wp-block-image\">\n<figure class=\"aligncenter size-full\"><img decoding=\"async\" width=\"1280\" height=\"720\" src=\"https:\/\/www.correiobraziliense.com.br\/cbradar\/wp-content\/uploads\/2026\/05\/magnific_an-elderly-black-woman-wi_2900823199-1.jpeg\" alt=\"\" class=\"wp-image-234966\" srcset=\"https:\/\/www.correiobraziliense.com.br\/cbradar\/wp-content\/uploads\/2026\/05\/magnific_an-elderly-black-woman-wi_2900823199-1.jpeg 1280w, https:\/\/www.correiobraziliense.com.br\/cbradar\/wp-content\/uploads\/2026\/05\/magnific_an-elderly-black-woman-wi_2900823199-1-300x169.jpeg 300w, https:\/\/www.correiobraziliense.com.br\/cbradar\/wp-content\/uploads\/2026\/05\/magnific_an-elderly-black-woman-wi_2900823199-1-768x432.jpeg 768w, https:\/\/www.correiobraziliense.com.br\/cbradar\/wp-content\/uploads\/2026\/05\/magnific_an-elderly-black-woman-wi_2900823199-1-750x422.jpeg 750w, https:\/\/www.correiobraziliense.com.br\/cbradar\/wp-content\/uploads\/2026\/05\/magnific_an-elderly-black-woman-wi_2900823199-1-1140x641.jpeg 1140w\" sizes=\"(max-width: 1280px) 100vw, 1280px\" \/><figcaption class=\"wp-element-caption\">A comunica\u00e7\u00e3o n\u00e3o violenta prop\u00f5e que observemos os fatos de maneira objetiva<\/figcaption><\/figure><\/div>\n\n\n<p>Leia tamb\u00e9m: <a href=\"https:\/\/www.correiobraziliense.com.br\/cbradar\/?p=231207\" target=\"_blank\" rel=\"noreferrer noopener\">Crian\u00e7as que convivem com av\u00f3s desenvolvem habilidades importantes que v\u00e3o al\u00e9m da sala de aula<\/a><\/p>\n\n\n\n<h2 class=\"wp-block-heading\">Estrat\u00e9gias pr\u00e1ticas para manter a civilidade em conversas dif\u00edceis<\/h2>\n\n\n\n<p>Adotar uma postura de <strong>curiosidade genu\u00edna<\/strong> sobre os motivos que levaram o outro a pensar de forma diferente pode desarmar comportamentos defensivos logo no in\u00edcio da intera\u00e7\u00e3o. Em vez de preparar o contra-ataque enquanto a outra pessoa fala, pratique a <strong>valida\u00e7\u00e3o de sentimentos<\/strong>, reconhecendo a import\u00e2ncia do que est\u00e1 sendo dito antes de apresentar sua pr\u00f3pria perspectiva.<\/p>\n\n\n\n<p>A utiliza\u00e7\u00e3o de <strong>frases na primeira pessoa<\/strong> ajuda a assumir a responsabilidade pelas pr\u00f3prias percep\u00e7\u00f5es, evitando que o di\u00e1logo soe como uma acusa\u00e7\u00e3o ou uma verdade absoluta imposta. Demonstrar <strong>respeito intelectual<\/strong> pelas viv\u00eancias alheias cria uma ponte de conex\u00e3o que permite a coexist\u00eancia de realidades diversas dentro de um mesmo espa\u00e7o social ou corporativo.<\/p>\n\n\n\n<h2 class=\"wp-block-heading\">O papel da escuta ativa na constru\u00e7\u00e3o de consensos poss\u00edveis<\/h2>\n\n\n\n<p>A <strong>comunica\u00e7\u00e3o n\u00e3o violenta<\/strong> prop\u00f5e que observemos os fatos de maneira objetiva, identificando as necessidades n\u00e3o atendidas que sustentam uma opini\u00e3o r\u00edgida ou uma fala mais incisiva. Quando paramos de rotular o interlocutor, abrimos caminho para uma <strong>negocia\u00e7\u00e3o colaborativa<\/strong> onde o objetivo principal \u00e9 encontrar um terreno comum, mesmo que m\u00ednimo, para seguir adiante.<\/p>\n\n\n<div class=\"wp-block-image\">\n<figure class=\"aligncenter size-full\"><img decoding=\"async\" width=\"1280\" height=\"720\" src=\"https:\/\/www.correiobraziliense.com.br\/cbradar\/wp-content\/uploads\/2026\/04\/amigos-reunidos.jpg\" alt=\"\" class=\"wp-image-232019\" srcset=\"https:\/\/www.correiobraziliense.com.br\/cbradar\/wp-content\/uploads\/2026\/04\/amigos-reunidos.jpg 1280w, https:\/\/www.correiobraziliense.com.br\/cbradar\/wp-content\/uploads\/2026\/04\/amigos-reunidos-300x169.jpg 300w, https:\/\/www.correiobraziliense.com.br\/cbradar\/wp-content\/uploads\/2026\/04\/amigos-reunidos-768x432.jpg 768w, https:\/\/www.correiobraziliense.com.br\/cbradar\/wp-content\/uploads\/2026\/04\/amigos-reunidos-750x422.jpg 750w, https:\/\/www.correiobraziliense.com.br\/cbradar\/wp-content\/uploads\/2026\/04\/amigos-reunidos-1140x641.jpg 1140w\" sizes=\"(max-width: 1280px) 100vw, 1280px\" \/><figcaption class=\"wp-element-caption\">A utiliza\u00e7\u00e3o de <strong>frases na primeira pessoa<\/strong> ajuda a assumir a responsabilidade pelas pr\u00f3prias percep\u00e7\u00f5es<\/figcaption><\/figure><\/div>\n\n\n<p>Exercitar a <strong>toler\u00e2ncia social<\/strong> exige um esfor\u00e7o consciente para n\u00e3o interromper o fluxo de pensamento do outro, garantindo que todos os pontos sejam expostos com clareza. <em>Ponto de aten\u00e7\u00e3o:<\/em> discordar com eleg\u00e2ncia n\u00e3o significa abrir m\u00e3o dos seus valores, mas sim reconhecer que a <strong>pluralidade de ideias<\/strong> \u00e9 um componente essencial para a evolu\u00e7\u00e3o de qualquer sociedade democr\u00e1tica.<\/p>\n\n\n\n<h2 class=\"wp-block-heading\">Como os limites saud\u00e1veis protegem o di\u00e1logo de agress\u00f5es gratuitas<\/h2>\n\n\n\n<p>Saber o momento exato de encerrar uma discuss\u00e3o que deixou de ser construtiva \u00e9 uma prova de <strong>intelig\u00eancia emocional<\/strong> e autopreserva\u00e7\u00e3o necess\u00e1ria para evitar m\u00e1goas profundas. Definir <strong>fronteiras comportamentais<\/strong> claras impede que a paix\u00e3o pelos argumentos ultrapasse o limite do respeito b\u00e1sico, preservando a integridade f\u00edsica e mental de todos os envolvidos no processo.<\/p>\n\n\n<div class=\"wp-block-image\">\n<figure class=\"aligncenter size-full\"><img decoding=\"async\" width=\"1280\" height=\"487\" src=\"https:\/\/www.correiobraziliense.com.br\/cbradar\/wp-content\/uploads\/2026\/04\/convertido-29-3.jpg\" alt=\"\" class=\"wp-image-234474\" srcset=\"https:\/\/www.correiobraziliense.com.br\/cbradar\/wp-content\/uploads\/2026\/04\/convertido-29-3.jpg 1280w, https:\/\/www.correiobraziliense.com.br\/cbradar\/wp-content\/uploads\/2026\/04\/convertido-29-3-300x114.jpg 300w, https:\/\/www.correiobraziliense.com.br\/cbradar\/wp-content\/uploads\/2026\/04\/convertido-29-3-768x292.jpg 768w, https:\/\/www.correiobraziliense.com.br\/cbradar\/wp-content\/uploads\/2026\/04\/convertido-29-3-750x285.jpg 750w, https:\/\/www.correiobraziliense.com.br\/cbradar\/wp-content\/uploads\/2026\/04\/convertido-29-3-1140x434.jpg 1140w\" sizes=\"(max-width: 1280px) 100vw, 1280px\" \/><\/figure><\/div>\n\n\n<p>Muitas vezes, a <strong>maturidade comunicativa<\/strong> se manifesta na decis\u00e3o de &#8220;concordar em discordar&#8221;, aceitando que nem todos os conflitos possuem uma solu\u00e7\u00e3o imediata ou um vencedor claro. <em>Dica de ouro:<\/em> se o tom de voz subir excessivamente, sugira uma pausa estrat\u00e9gica para que o <strong>equil\u00edbrio racional<\/strong> seja retomado antes que palavras ofensivas sejam proferidas de forma impulsiva.<\/p>\n\n\n\n<h2 class=\"wp-block-heading\">A evolu\u00e7\u00e3o das rela\u00e7\u00f5es humanas atrav\u00e9s do respeito \u00e0s diferen\u00e7as<\/h2>\n\n\n\n<p>O verdadeiro aprendizado ocorre quando permitimos que o <strong>contradit\u00f3rio nos desafie<\/strong> a repensar conceitos que consider\u00e1vamos imut\u00e1veis em nossa trajet\u00f3ria de vida. Desenvolver a <strong>flexibilidade cognitiva<\/strong> \u00e9 o que diferencia l\u00edderes inspiradores de chefes autorit\u00e1rios, permitindo que a inova\u00e7\u00e3o surja do choque respeitoso entre diferentes modos de pensar e agir.<\/p>\n\n\n\n<p>Ao cultivar a <strong>cortesia verbal<\/strong> no cotidiano, contribu\u00edmos para a constru\u00e7\u00e3o de comunidades mais resilientes e preparadas para lidar com os desafios complexos do futuro. Manter a <strong>dignidade no debate<\/strong> \u00e9 o legado mais valioso que podemos deixar, garantindo que o direito de opinar caminhe sempre lado a lado com o dever de respeitar a humanidade alheia.<\/p>\n","protected":false},"excerpt":{"rendered":"<p>A habilidade de sustentar opini\u00f5es contr\u00e1rias sem romper v\u00ednculos afetivos ou profissionais tornou-se um dos maiores desafios da conviv\u00eancia na era da polariza\u00e7\u00e3o constante. Entender a diferen\u00e7a entre atacar uma ideia e desqualificar uma pessoa \u00e9 a base para transformar discuss\u00f5es infrut\u00edferas em di\u00e1logos que promovem o amadurecimento m\u00fatuo. Por que a diverg\u00eancia de opini\u00f5es [&hellip;]<\/p>\n","protected":false},"author":9,"featured_media":234475,"comment_status":"open","ping_status":"open","sticky":false,"template":"","format":"standard","meta":{"_yoast_wpseo_focuskw":"discordar sem brigar","_yoast_wpseo_title":"","_yoast_wpseo_metadesc":"Aprenda como discordar sem brigar, manter o respeito e transformar discuss\u00f5es em di\u00e1logos mais saud\u00e1veis e produtivos no dia a dia.","jnews-multi-image_gallery":[],"jnews_single_post":{"format":"standard"},"jnews_primary_category":[],"jnews_social_meta":[],"jnews_override_counter":[],"footnotes":""},"categories":[112],"tags":[6709,18402,18403],"class_list":["post-234473","post","type-post","status-publish","format-standard","has-post-thumbnail","hentry","category-curiosidades","tag-conflitos","tag-discordar-sem-brigar","tag-opinioes"],"yoast_head":"<!-- This site is optimized with the Yoast SEO plugin v24.6 - https:\/\/yoast.com\/wordpress\/plugins\/seo\/ -->\n<title>Muita gente se acostumou a opinar sobre tudo, mas quase ningu\u00e9m foi ensinado a discordar com respeito sem transformar conversa em confronto - Correio Braziliense - Radar<\/title>\n<meta name=\"description\" content=\"Aprenda como discordar sem brigar, manter o respeito e transformar discuss\u00f5es em di\u00e1logos mais saud\u00e1veis e produtivos no dia a dia.\" \/>\n<meta name=\"robots\" content=\"index, follow, max-snippet:-1, max-image-preview:large, max-video-preview:-1\" \/>\n<link rel=\"canonical\" href=\"https:\/\/www.correiobraziliense.com.br\/cbradar\/muita-gente-se-acostumou-a-opinar-sobre-tudo-mas-quase-ninguem-foi-ensinado-a-discordar-com-respeito-sem-transformar-conversa-em-confronto\/\" \/>\n<meta property=\"og:locale\" content=\"pt_BR\" \/>\n<meta property=\"og:type\" content=\"article\" \/>\n<meta property=\"og:title\" content=\"Muita gente se acostumou a opinar sobre tudo, mas quase ningu\u00e9m foi ensinado a discordar com respeito sem transformar conversa em confronto - Correio Braziliense - Radar\" \/>\n<meta property=\"og:description\" content=\"Aprenda como discordar sem brigar, manter o respeito e transformar discuss\u00f5es em di\u00e1logos mais saud\u00e1veis e produtivos no dia a dia.\" \/>\n<meta property=\"og:url\" content=\"https:\/\/www.correiobraziliense.com.br\/cbradar\/muita-gente-se-acostumou-a-opinar-sobre-tudo-mas-quase-ninguem-foi-ensinado-a-discordar-com-respeito-sem-transformar-conversa-em-confronto\/\" \/>\n<meta property=\"og:site_name\" content=\"Correio Braziliense - Radar\" \/>\n<meta property=\"article:published_time\" content=\"2026-05-01T14:55:00+00:00\" \/>\n<meta property=\"og:image\" content=\"https:\/\/www.correiobraziliense.com.br\/cbradar\/wp-content\/uploads\/2026\/04\/magnific_a-latina-woman-with-dark-_2894259684-1.jpeg\" \/>\n\t<meta property=\"og:image:width\" content=\"1280\" \/>\n\t<meta property=\"og:image:height\" content=\"720\" \/>\n\t<meta property=\"og:image:type\" content=\"image\/jpeg\" \/>\n<meta name=\"author\" content=\"Daniely Cardoso\" \/>\n<meta name=\"twitter:card\" content=\"summary_large_image\" \/>\n<meta name=\"twitter:label1\" content=\"Escrito por\" \/>\n\t<meta name=\"twitter:data1\" content=\"Daniely Cardoso\" \/>\n\t<meta name=\"twitter:label2\" content=\"Est. tempo de leitura\" \/>\n\t<meta name=\"twitter:data2\" content=\"5 minutos\" \/>\n<!-- \/ Yoast SEO plugin. -->","yoast_head_json":{"title":"Muita gente se acostumou a opinar sobre tudo, mas quase ningu\u00e9m foi ensinado a discordar com respeito sem transformar conversa em confronto - Correio Braziliense - Radar","description":"Aprenda como discordar sem brigar, manter o respeito e transformar discuss\u00f5es em di\u00e1logos mais saud\u00e1veis e produtivos no dia a dia.","robots":{"index":"index","follow":"follow","max-snippet":"max-snippet:-1","max-image-preview":"max-image-preview:large","max-video-preview":"max-video-preview:-1"},"canonical":"https:\/\/www.correiobraziliense.com.br\/cbradar\/muita-gente-se-acostumou-a-opinar-sobre-tudo-mas-quase-ninguem-foi-ensinado-a-discordar-com-respeito-sem-transformar-conversa-em-confronto\/","og_locale":"pt_BR","og_type":"article","og_title":"Muita gente se acostumou a opinar sobre tudo, mas quase ningu\u00e9m foi ensinado a discordar com respeito sem transformar conversa em confronto - Correio Braziliense - Radar","og_description":"Aprenda como discordar sem brigar, manter o respeito e transformar discuss\u00f5es em di\u00e1logos mais saud\u00e1veis e produtivos no dia a dia.","og_url":"https:\/\/www.correiobraziliense.com.br\/cbradar\/muita-gente-se-acostumou-a-opinar-sobre-tudo-mas-quase-ninguem-foi-ensinado-a-discordar-com-respeito-sem-transformar-conversa-em-confronto\/","og_site_name":"Correio Braziliense - Radar","article_published_time":"2026-05-01T14:55:00+00:00","og_image":[{"width":1280,"height":720,"url":"https:\/\/www.correiobraziliense.com.br\/cbradar\/wp-content\/uploads\/2026\/04\/magnific_a-latina-woman-with-dark-_2894259684-1.jpeg","type":"image\/jpeg"}],"author":"Daniely Cardoso","twitter_card":"summary_large_image","twitter_misc":{"Escrito por":"Daniely Cardoso","Est. tempo de leitura":"5 minutos"},"schema":{"@context":"https:\/\/schema.org","@graph":[{"@type":"WebPage","@id":"https:\/\/www.correiobraziliense.com.br\/cbradar\/muita-gente-se-acostumou-a-opinar-sobre-tudo-mas-quase-ninguem-foi-ensinado-a-discordar-com-respeito-sem-transformar-conversa-em-confronto\/","url":"https:\/\/www.correiobraziliense.com.br\/cbradar\/muita-gente-se-acostumou-a-opinar-sobre-tudo-mas-quase-ninguem-foi-ensinado-a-discordar-com-respeito-sem-transformar-conversa-em-confronto\/","name":"Muita gente se acostumou a opinar sobre tudo, mas quase ningu\u00e9m foi ensinado a discordar com respeito sem transformar conversa em confronto - Correio Braziliense - Radar","isPartOf":{"@id":"https:\/\/www.correiobraziliense.com.br\/cbradar\/#website"},"primaryImageOfPage":{"@id":"https:\/\/www.correiobraziliense.com.br\/cbradar\/muita-gente-se-acostumou-a-opinar-sobre-tudo-mas-quase-ninguem-foi-ensinado-a-discordar-com-respeito-sem-transformar-conversa-em-confronto\/#primaryimage"},"image":{"@id":"https:\/\/www.correiobraziliense.com.br\/cbradar\/muita-gente-se-acostumou-a-opinar-sobre-tudo-mas-quase-ninguem-foi-ensinado-a-discordar-com-respeito-sem-transformar-conversa-em-confronto\/#primaryimage"},"thumbnailUrl":"https:\/\/www.correiobraziliense.com.br\/cbradar\/wp-content\/uploads\/2026\/04\/magnific_a-latina-woman-with-dark-_2894259684-1.jpeg","datePublished":"2026-05-01T14:55:00+00:00","author":{"@id":"https:\/\/www.correiobraziliense.com.br\/cbradar\/#\/schema\/person\/7356666e12ec0ee53f348ee5db227032"},"description":"Aprenda como discordar sem brigar, manter o respeito e transformar discuss\u00f5es em di\u00e1logos mais saud\u00e1veis e produtivos no dia a dia.","breadcrumb":{"@id":"https:\/\/www.correiobraziliense.com.br\/cbradar\/muita-gente-se-acostumou-a-opinar-sobre-tudo-mas-quase-ninguem-foi-ensinado-a-discordar-com-respeito-sem-transformar-conversa-em-confronto\/#breadcrumb"},"inLanguage":"pt-BR","potentialAction":[{"@type":"ReadAction","target":["https:\/\/www.correiobraziliense.com.br\/cbradar\/muita-gente-se-acostumou-a-opinar-sobre-tudo-mas-quase-ninguem-foi-ensinado-a-discordar-com-respeito-sem-transformar-conversa-em-confronto\/"]}]},{"@type":"ImageObject","inLanguage":"pt-BR","@id":"https:\/\/www.correiobraziliense.com.br\/cbradar\/muita-gente-se-acostumou-a-opinar-sobre-tudo-mas-quase-ninguem-foi-ensinado-a-discordar-com-respeito-sem-transformar-conversa-em-confronto\/#primaryimage","url":"https:\/\/www.correiobraziliense.com.br\/cbradar\/wp-content\/uploads\/2026\/04\/magnific_a-latina-woman-with-dark-_2894259684-1.jpeg","contentUrl":"https:\/\/www.correiobraziliense.com.br\/cbradar\/wp-content\/uploads\/2026\/04\/magnific_a-latina-woman-with-dark-_2894259684-1.jpeg","width":1280,"height":720,"caption":"O c\u00e9rebro humano tende a processar a discord\u00e2ncia intelectual como uma amea\u00e7a direta \u00e0 identidade"},{"@type":"BreadcrumbList","@id":"https:\/\/www.correiobraziliense.com.br\/cbradar\/muita-gente-se-acostumou-a-opinar-sobre-tudo-mas-quase-ninguem-foi-ensinado-a-discordar-com-respeito-sem-transformar-conversa-em-confronto\/#breadcrumb","itemListElement":[{"@type":"ListItem","position":1,"name":"In\u00edcio","item":"https:\/\/www.correiobraziliense.com.br\/cbradar\/"},{"@type":"ListItem","position":2,"name":"Muita gente se acostumou a opinar sobre tudo, mas quase ningu\u00e9m foi ensinado a discordar com respeito sem transformar conversa em confronto"}]},{"@type":"WebSite","@id":"https:\/\/www.correiobraziliense.com.br\/cbradar\/#website","url":"https:\/\/www.correiobraziliense.com.br\/cbradar\/","name":"Correio Braziliense - Radar","description":"Acompanhe as \u00faltimas not\u00edcias e fique bem informado sobre tudo o que acontece no Brasil e no mundo.","potentialAction":[{"@type":"SearchAction","target":{"@type":"EntryPoint","urlTemplate":"https:\/\/www.correiobraziliense.com.br\/cbradar\/?s={search_term_string}"},"query-input":{"@type":"PropertyValueSpecification","valueRequired":true,"valueName":"search_term_string"}}],"inLanguage":"pt-BR"},{"@type":"Person","@id":"https:\/\/www.correiobraziliense.com.br\/cbradar\/#\/schema\/person\/7356666e12ec0ee53f348ee5db227032","name":"Daniely Cardoso","image":{"@type":"ImageObject","inLanguage":"pt-BR","@id":"https:\/\/www.correiobraziliense.com.br\/cbradar\/#\/schema\/person\/image\/","url":"https:\/\/secure.gravatar.com\/avatar\/4b80ddbd124d1f071b626d52d62e5dff?s=96&d=mm&r=g","contentUrl":"https:\/\/secure.gravatar.com\/avatar\/4b80ddbd124d1f071b626d52d62e5dff?s=96&d=mm&r=g","caption":"Daniely Cardoso"},"description":"Redatora nos portais CB Radar e EM Foco, formada pela Universidade Federal de Goi\u00e1s, em Goi\u00e2nia. Apaixonada por comunica\u00e7\u00e3o, arte, decora\u00e7\u00e3o e tend\u00eancias, atuo na produ\u00e7\u00e3o de conte\u00fados envolventes sobre curiosidades, moda, beleza e paisagismo, sempre com um olhar atento \u00e0s novidades do momento.","sameAs":["https:\/\/www.correiobraziliense.com.br\/cbradar"],"url":"https:\/\/www.correiobraziliense.com.br\/cbradar\/author\/danielymyth\/"}]}},"_links":{"self":[{"href":"https:\/\/www.correiobraziliense.com.br\/cbradar\/wp-json\/wp\/v2\/posts\/234473","targetHints":{"allow":["GET"]}}],"collection":[{"href":"https:\/\/www.correiobraziliense.com.br\/cbradar\/wp-json\/wp\/v2\/posts"}],"about":[{"href":"https:\/\/www.correiobraziliense.com.br\/cbradar\/wp-json\/wp\/v2\/types\/post"}],"author":[{"embeddable":true,"href":"https:\/\/www.correiobraziliense.com.br\/cbradar\/wp-json\/wp\/v2\/users\/9"}],"replies":[{"embeddable":true,"href":"https:\/\/www.correiobraziliense.com.br\/cbradar\/wp-json\/wp\/v2\/comments?post=234473"}],"version-history":[{"count":2,"href":"https:\/\/www.correiobraziliense.com.br\/cbradar\/wp-json\/wp\/v2\/posts\/234473\/revisions"}],"predecessor-version":[{"id":234967,"href":"https:\/\/www.correiobraziliense.com.br\/cbradar\/wp-json\/wp\/v2\/posts\/234473\/revisions\/234967"}],"wp:featuredmedia":[{"embeddable":true,"href":"https:\/\/www.correiobraziliense.com.br\/cbradar\/wp-json\/wp\/v2\/media\/234475"}],"wp:attachment":[{"href":"https:\/\/www.correiobraziliense.com.br\/cbradar\/wp-json\/wp\/v2\/media?parent=234473"}],"wp:term":[{"taxonomy":"category","embeddable":true,"href":"https:\/\/www.correiobraziliense.com.br\/cbradar\/wp-json\/wp\/v2\/categories?post=234473"},{"taxonomy":"post_tag","embeddable":true,"href":"https:\/\/www.correiobraziliense.com.br\/cbradar\/wp-json\/wp\/v2\/tags?post=234473"}],"curies":[{"name":"wp","href":"https:\/\/api.w.org\/{rel}","templated":true}]}}