{"id":234477,"date":"2026-05-01T19:45:00","date_gmt":"2026-05-01T22:45:00","guid":{"rendered":"https:\/\/www.correiobraziliense.com.br\/cbradar\/?p=234477"},"modified":"2026-04-30T19:56:10","modified_gmt":"2026-04-30T22:56:10","slug":"viver-em-sociedade-ficou-mais-barulhento-mais-apressado-e-mais-intolerante-e-isso-aparece-ate-nas-pequenas-cenas-do-dia-a-dia","status":"publish","type":"post","link":"https:\/\/www.correiobraziliense.com.br\/cbradar\/viver-em-sociedade-ficou-mais-barulhento-mais-apressado-e-mais-intolerante-e-isso-aparece-ate-nas-pequenas-cenas-do-dia-a-dia\/","title":{"rendered":"Viver em sociedade ficou mais barulhento, mais apressado e mais intolerante, e isso aparece at\u00e9 nas pequenas cenas do dia a dia"},"content":{"rendered":"\n<p>A percep\u00e7\u00e3o de que o cotidiano se tornou um ambiente de hostilidade gratuita e ru\u00eddo excessivo reflete uma mudan\u00e7a profunda nas din\u00e2micas de <strong>intera\u00e7\u00e3o humana<\/strong> moderna. Pequenos gestos de cortesia parecem perder espa\u00e7o para a urg\u00eancia individualista, transformando cenas comuns em fontes de estresse e isolamento emocional.<\/p>\n\n\n\n<h2 class=\"wp-block-heading\">O impacto do imediatismo na paci\u00eancia e na sa\u00fade mental coletiva<\/h2>\n\n\n\n<p>A cultura da resposta instant\u00e2nea moldou uma sociedade que apresenta baixa toler\u00e2ncia \u00e0 <strong>espera e ao sil\u00eancio<\/strong>, elevando os n\u00edveis de ansiedade geral. Essa pressa constante impede a forma\u00e7\u00e3o de conex\u00f5es genu\u00ednas, fazendo com que o <strong>respeito ao pr\u00f3ximo<\/strong> seja frequentemente sacrificado em nome de uma produtividade muitas vezes ilus\u00f3ria.<\/p>\n\n\n\n<p>Quando o ritmo externo ultrapassa a capacidade de processamento interno, as rea\u00e7\u00f5es tendem a ser mais r\u00edspidas e desprovidas de <strong>empatia situacional<\/strong> necess\u00e1ria. Esse fen\u00f4meno \u00e9 vis\u00edvel em locais como <strong>S\u00e3o Paulo<\/strong> ou grandes centros urbanos, onde o fluxo intenso de informa\u00e7\u00f5es e pessoas satura a <strong>percep\u00e7\u00e3o sensorial<\/strong> individual.<\/p>\n\n\n<div class=\"wp-block-image\">\n<figure class=\"aligncenter size-full\"><img decoding=\"async\" width=\"1280\" height=\"720\" src=\"https:\/\/www.correiobraziliense.com.br\/cbradar\/wp-content\/uploads\/2026\/05\/magnific_pessoa-sentada-sozinha-em_2900914048-1.jpeg\" alt=\"\" class=\"wp-image-234993\" srcset=\"https:\/\/www.correiobraziliense.com.br\/cbradar\/wp-content\/uploads\/2026\/05\/magnific_pessoa-sentada-sozinha-em_2900914048-1.jpeg 1280w, https:\/\/www.correiobraziliense.com.br\/cbradar\/wp-content\/uploads\/2026\/05\/magnific_pessoa-sentada-sozinha-em_2900914048-1-300x169.jpeg 300w, https:\/\/www.correiobraziliense.com.br\/cbradar\/wp-content\/uploads\/2026\/05\/magnific_pessoa-sentada-sozinha-em_2900914048-1-768x432.jpeg 768w, https:\/\/www.correiobraziliense.com.br\/cbradar\/wp-content\/uploads\/2026\/05\/magnific_pessoa-sentada-sozinha-em_2900914048-1-750x422.jpeg 750w, https:\/\/www.correiobraziliense.com.br\/cbradar\/wp-content\/uploads\/2026\/05\/magnific_pessoa-sentada-sozinha-em_2900914048-1-1140x641.jpeg 1140w\" sizes=\"(max-width: 1280px) 100vw, 1280px\" \/><figcaption class=\"wp-element-caption\">A polui\u00e7\u00e3o sonora n\u00e3o \u00e9 apenas uma quest\u00e3o ambiental, mas um fator decisivo na constru\u00e7\u00e3o de comportamentos defensivos <\/figcaption><\/figure><\/div>\n\n\n<p>Leia tamb\u00e9m: <a href=\"https:\/\/www.correiobraziliense.com.br\/cbradar\/?p=231207\" target=\"_blank\" rel=\"noreferrer noopener\">Crian\u00e7as que convivem com av\u00f3s desenvolvem habilidades importantes que v\u00e3o al\u00e9m da sala de aula<\/a><\/p>\n\n\n\n<h2 class=\"wp-block-heading\">Como o excesso de ru\u00eddo urbano interfere no equil\u00edbrio emocional<\/h2>\n\n\n\n<p>O barulho constante, seja ele sonoro ou digital, atua como um gatilho para o <strong>estresse cr\u00f4nico<\/strong>, dificultando a manuten\u00e7\u00e3o da calma em momentos de diverg\u00eancia. Ambientes saturados de est\u00edmulos reduzem a nossa <strong>janela de toler\u00e2ncia<\/strong>, tornando discuss\u00f5es banais em conflitos desproporcionais que afetam a harmonia do conv\u00edvio social.<\/p>\n\n\n\n<p>A polui\u00e7\u00e3o sonora n\u00e3o \u00e9 apenas uma quest\u00e3o ambiental, mas um fator decisivo na constru\u00e7\u00e3o de <strong>comportamentos defensivos<\/strong> e irritabilidade latente. Buscar momentos de descompress\u00e3o e sil\u00eancio \u00e9 essencial para restaurar a <strong>clareza mental<\/strong> e permitir que o di\u00e1logo prevale\u00e7a sobre o confronto autom\u00e1tico e desnecess\u00e1rio.<\/p>\n\n\n\n<h2 class=\"wp-block-heading\">A import\u00e2ncia de resgatar a gentileza nas pequenas intera\u00e7\u00f5es di\u00e1rias<\/h2>\n\n\n\n<p>Gestos simples de educa\u00e7\u00e3o funcionam como lubrificantes sociais que diminuem o atrito gerado pela <strong>intoler\u00e2ncia contempor\u00e2nea<\/strong> em espa\u00e7os p\u00fablicos e privados. Praticar a escuta atenta e o reconhecimento do outro valida a exist\u00eancia do pr\u00f3ximo e fortalece a <strong>coes\u00e3o comunit\u00e1ria<\/strong> t\u00e3o desgastada nos \u00faltimos anos.<\/p>\n\n\n<div class=\"wp-block-image\">\n<figure class=\"aligncenter size-full\"><img decoding=\"async\" width=\"1280\" height=\"442\" src=\"https:\/\/www.correiobraziliense.com.br\/cbradar\/wp-content\/uploads\/2026\/04\/convertido-30-3.jpg\" alt=\"\" class=\"wp-image-234480\" srcset=\"https:\/\/www.correiobraziliense.com.br\/cbradar\/wp-content\/uploads\/2026\/04\/convertido-30-3.jpg 1280w, https:\/\/www.correiobraziliense.com.br\/cbradar\/wp-content\/uploads\/2026\/04\/convertido-30-3-300x104.jpg 300w, https:\/\/www.correiobraziliense.com.br\/cbradar\/wp-content\/uploads\/2026\/04\/convertido-30-3-768x265.jpg 768w, https:\/\/www.correiobraziliense.com.br\/cbradar\/wp-content\/uploads\/2026\/04\/convertido-30-3-750x259.jpg 750w, https:\/\/www.correiobraziliense.com.br\/cbradar\/wp-content\/uploads\/2026\/04\/convertido-30-3-1140x394.jpg 1140w\" sizes=\"(max-width: 1280px) 100vw, 1280px\" \/><\/figure><\/div>\n\n\n<p>Adotar uma postura mais colaborativa requer esfor\u00e7o consciente para ignorar provoca\u00e7\u00f5es baratas e priorizar a <strong>paz de esp\u00edrito<\/strong> coletiva. <em>Fato relevante:<\/em> a gentileza tem um efeito bumerangue, onde o bem-estar gerado em quem pratica acaba retornando em forma de <strong>seguran\u00e7a psicol\u00f3gica<\/strong> pessoal.<\/p>\n\n\n\n<h2 class=\"wp-block-heading\">Estrat\u00e9gias para manter a serenidade em ambientes de alta press\u00e3o<\/h2>\n\n\n\n<p>Desenvolver a <strong>intelig\u00eancia emocional<\/strong> permite que o indiv\u00edduo filtre as agress\u00f5es externas sem absorver a negatividade caracter\u00edstica de ambientes apressados e ruidosos. Estabelecer limites claros sobre o que permitimos que afete nosso humor \u00e9 uma forma poderosa de <strong>autopreserva\u00e7\u00e3o ps\u00edquica<\/strong> em tempos de crise de conviv\u00eancia.<\/p>\n\n\n\n<p>A pr\u00e1tica da pausa antes de reagir a uma indelicadeza pode mudar completamente o desfecho de um <strong>conflito potencial<\/strong> em potencial. Ao escolher n\u00e3o participar do ciclo de impaci\u00eancia, voc\u00ea preserva sua <strong>energia vital<\/strong> e serve de exemplo silencioso para que outros tamb\u00e9m busquem uma conduta mais equilibrada.<\/p>\n\n\n<div class=\"wp-block-image\">\n<figure class=\"aligncenter size-full\"><img decoding=\"async\" width=\"1280\" height=\"720\" src=\"https:\/\/www.correiobraziliense.com.br\/cbradar\/wp-content\/uploads\/2026\/03\/Gemini_Generated_Image_hyon4mhyon4mhyon-1.png\" alt=\"\" class=\"wp-image-207397\" srcset=\"https:\/\/www.correiobraziliense.com.br\/cbradar\/wp-content\/uploads\/2026\/03\/Gemini_Generated_Image_hyon4mhyon4mhyon-1.png 1280w, https:\/\/www.correiobraziliense.com.br\/cbradar\/wp-content\/uploads\/2026\/03\/Gemini_Generated_Image_hyon4mhyon4mhyon-1-300x169.png 300w, https:\/\/www.correiobraziliense.com.br\/cbradar\/wp-content\/uploads\/2026\/03\/Gemini_Generated_Image_hyon4mhyon4mhyon-1-768x432.png 768w, https:\/\/www.correiobraziliense.com.br\/cbradar\/wp-content\/uploads\/2026\/03\/Gemini_Generated_Image_hyon4mhyon4mhyon-1-750x422.png 750w, https:\/\/www.correiobraziliense.com.br\/cbradar\/wp-content\/uploads\/2026\/03\/Gemini_Generated_Image_hyon4mhyon4mhyon-1-1140x641.png 1140w\" sizes=\"(max-width: 1280px) 100vw, 1280px\" \/><figcaption class=\"wp-element-caption\">A cena de algu\u00e9m agradecer quando o motorista deixa atravessar a rua \u00e9 um costume bastante comum nas cidades brasileiras<\/figcaption><\/figure><\/div>\n\n\n<h2 class=\"wp-block-heading\">O papel da educa\u00e7\u00e3o emocional na constru\u00e7\u00e3o de um futuro menos hostil<\/h2>\n\n\n\n<p>Investir na forma\u00e7\u00e3o de cidad\u00e3os capazes de lidar com a frustra\u00e7\u00e3o \u00e9 o caminho mais seguro para reduzir os \u00edndices de <strong>agressividade urbana<\/strong>. A escola e a fam\u00edlia desempenham pap\u00e9is cruciais na transmiss\u00e3o de valores que priorizam a <strong>alteridade e a coopera\u00e7\u00e3o<\/strong> sobre a competi\u00e7\u00e3o desenfreada e o ego\u00edsmo.<\/p>\n\n\n\n<p>Ao compreendermos que o barulho e a pressa s\u00e3o sintomas de uma organiza\u00e7\u00e3o social que precisa ser repensada, ganhamos <strong>autonomia comportamental<\/strong>. Transformar a realidade come\u00e7a pela decis\u00e3o individual de ser o ponto de equil\u00edbrio e <strong>serenidade ativa<\/strong> em um mundo que parece ter esquecido o valor da pausa.<\/p>\n","protected":false},"excerpt":{"rendered":"<p>A percep\u00e7\u00e3o de que o cotidiano se tornou um ambiente de hostilidade gratuita e ru\u00eddo excessivo reflete uma mudan\u00e7a profunda nas din\u00e2micas de intera\u00e7\u00e3o humana moderna. Pequenos gestos de cortesia parecem perder espa\u00e7o para a urg\u00eancia individualista, transformando cenas comuns em fontes de estresse e isolamento emocional. O impacto do imediatismo na paci\u00eancia e na [&hellip;]<\/p>\n","protected":false},"author":9,"featured_media":234494,"comment_status":"open","ping_status":"open","sticky":false,"template":"","format":"standard","meta":{"_yoast_wpseo_focuskw":"pessoas impacientes","_yoast_wpseo_title":"","_yoast_wpseo_metadesc":"Entenda por que o dia a dia parece mais hostil, como isso afeta seu comportamento e o que fazer para recuperar a calma e a gentileza.","jnews-multi-image_gallery":[],"jnews_single_post":{"format":"standard"},"jnews_primary_category":[],"jnews_social_meta":[],"jnews_override_counter":[],"footnotes":""},"categories":[112],"tags":[18405,18404,405],"class_list":["post-234477","post","type-post","status-publish","format-standard","has-post-thumbnail","hentry","category-curiosidades","tag-imediatismo","tag-pessoas-agitadas","tag-saude-mental"],"yoast_head":"<!-- This site is optimized with the Yoast SEO plugin v24.6 - https:\/\/yoast.com\/wordpress\/plugins\/seo\/ -->\n<title>Viver em sociedade ficou mais barulhento, mais apressado e mais intolerante, e isso aparece at\u00e9 nas pequenas cenas do dia a dia - Correio Braziliense - Radar<\/title>\n<meta name=\"description\" content=\"Entenda por que o dia a dia parece mais hostil, como isso afeta seu comportamento e o que fazer para recuperar a calma e a gentileza.\" \/>\n<meta name=\"robots\" content=\"index, follow, max-snippet:-1, max-image-preview:large, max-video-preview:-1\" \/>\n<link rel=\"canonical\" href=\"https:\/\/www.correiobraziliense.com.br\/cbradar\/viver-em-sociedade-ficou-mais-barulhento-mais-apressado-e-mais-intolerante-e-isso-aparece-ate-nas-pequenas-cenas-do-dia-a-dia\/\" \/>\n<meta property=\"og:locale\" content=\"pt_BR\" \/>\n<meta property=\"og:type\" content=\"article\" \/>\n<meta property=\"og:title\" content=\"Viver em sociedade ficou mais barulhento, mais apressado e mais intolerante, e isso aparece at\u00e9 nas pequenas cenas do dia a dia - Correio Braziliense - Radar\" \/>\n<meta property=\"og:description\" content=\"Entenda por que o dia a dia parece mais hostil, como isso afeta seu comportamento e o que fazer para recuperar a calma e a gentileza.\" \/>\n<meta property=\"og:url\" content=\"https:\/\/www.correiobraziliense.com.br\/cbradar\/viver-em-sociedade-ficou-mais-barulhento-mais-apressado-e-mais-intolerante-e-isso-aparece-ate-nas-pequenas-cenas-do-dia-a-dia\/\" \/>\n<meta property=\"og:site_name\" content=\"Correio Braziliense - Radar\" \/>\n<meta property=\"article:published_time\" content=\"2026-05-01T22:45:00+00:00\" \/>\n<meta property=\"og:image\" content=\"https:\/\/www.correiobraziliense.com.br\/cbradar\/wp-content\/uploads\/2026\/04\/magnific_brazilian-urban-street-in_2894311440-2.jpeg\" \/>\n\t<meta property=\"og:image:width\" content=\"1280\" \/>\n\t<meta property=\"og:image:height\" content=\"720\" \/>\n\t<meta property=\"og:image:type\" content=\"image\/jpeg\" \/>\n<meta name=\"author\" content=\"Daniely Cardoso\" \/>\n<meta name=\"twitter:card\" content=\"summary_large_image\" \/>\n<meta name=\"twitter:label1\" content=\"Escrito por\" \/>\n\t<meta name=\"twitter:data1\" content=\"Daniely Cardoso\" \/>\n\t<meta name=\"twitter:label2\" content=\"Est. tempo de leitura\" \/>\n\t<meta name=\"twitter:data2\" content=\"5 minutos\" \/>\n<!-- \/ Yoast SEO plugin. -->","yoast_head_json":{"title":"Viver em sociedade ficou mais barulhento, mais apressado e mais intolerante, e isso aparece at\u00e9 nas pequenas cenas do dia a dia - Correio Braziliense - Radar","description":"Entenda por que o dia a dia parece mais hostil, como isso afeta seu comportamento e o que fazer para recuperar a calma e a gentileza.","robots":{"index":"index","follow":"follow","max-snippet":"max-snippet:-1","max-image-preview":"max-image-preview:large","max-video-preview":"max-video-preview:-1"},"canonical":"https:\/\/www.correiobraziliense.com.br\/cbradar\/viver-em-sociedade-ficou-mais-barulhento-mais-apressado-e-mais-intolerante-e-isso-aparece-ate-nas-pequenas-cenas-do-dia-a-dia\/","og_locale":"pt_BR","og_type":"article","og_title":"Viver em sociedade ficou mais barulhento, mais apressado e mais intolerante, e isso aparece at\u00e9 nas pequenas cenas do dia a dia - Correio Braziliense - Radar","og_description":"Entenda por que o dia a dia parece mais hostil, como isso afeta seu comportamento e o que fazer para recuperar a calma e a gentileza.","og_url":"https:\/\/www.correiobraziliense.com.br\/cbradar\/viver-em-sociedade-ficou-mais-barulhento-mais-apressado-e-mais-intolerante-e-isso-aparece-ate-nas-pequenas-cenas-do-dia-a-dia\/","og_site_name":"Correio Braziliense - Radar","article_published_time":"2026-05-01T22:45:00+00:00","og_image":[{"width":1280,"height":720,"url":"https:\/\/www.correiobraziliense.com.br\/cbradar\/wp-content\/uploads\/2026\/04\/magnific_brazilian-urban-street-in_2894311440-2.jpeg","type":"image\/jpeg"}],"author":"Daniely Cardoso","twitter_card":"summary_large_image","twitter_misc":{"Escrito por":"Daniely Cardoso","Est. tempo de leitura":"5 minutos"},"schema":{"@context":"https:\/\/schema.org","@graph":[{"@type":"WebPage","@id":"https:\/\/www.correiobraziliense.com.br\/cbradar\/viver-em-sociedade-ficou-mais-barulhento-mais-apressado-e-mais-intolerante-e-isso-aparece-ate-nas-pequenas-cenas-do-dia-a-dia\/","url":"https:\/\/www.correiobraziliense.com.br\/cbradar\/viver-em-sociedade-ficou-mais-barulhento-mais-apressado-e-mais-intolerante-e-isso-aparece-ate-nas-pequenas-cenas-do-dia-a-dia\/","name":"Viver em sociedade ficou mais barulhento, mais apressado e mais intolerante, e isso aparece at\u00e9 nas pequenas cenas do dia a dia - Correio Braziliense - Radar","isPartOf":{"@id":"https:\/\/www.correiobraziliense.com.br\/cbradar\/#website"},"primaryImageOfPage":{"@id":"https:\/\/www.correiobraziliense.com.br\/cbradar\/viver-em-sociedade-ficou-mais-barulhento-mais-apressado-e-mais-intolerante-e-isso-aparece-ate-nas-pequenas-cenas-do-dia-a-dia\/#primaryimage"},"image":{"@id":"https:\/\/www.correiobraziliense.com.br\/cbradar\/viver-em-sociedade-ficou-mais-barulhento-mais-apressado-e-mais-intolerante-e-isso-aparece-ate-nas-pequenas-cenas-do-dia-a-dia\/#primaryimage"},"thumbnailUrl":"https:\/\/www.correiobraziliense.com.br\/cbradar\/wp-content\/uploads\/2026\/04\/magnific_brazilian-urban-street-in_2894311440-2.jpeg","datePublished":"2026-05-01T22:45:00+00:00","author":{"@id":"https:\/\/www.correiobraziliense.com.br\/cbradar\/#\/schema\/person\/7356666e12ec0ee53f348ee5db227032"},"description":"Entenda por que o dia a dia parece mais hostil, como isso afeta seu comportamento e o que fazer para recuperar a calma e a gentileza.","breadcrumb":{"@id":"https:\/\/www.correiobraziliense.com.br\/cbradar\/viver-em-sociedade-ficou-mais-barulhento-mais-apressado-e-mais-intolerante-e-isso-aparece-ate-nas-pequenas-cenas-do-dia-a-dia\/#breadcrumb"},"inLanguage":"pt-BR","potentialAction":[{"@type":"ReadAction","target":["https:\/\/www.correiobraziliense.com.br\/cbradar\/viver-em-sociedade-ficou-mais-barulhento-mais-apressado-e-mais-intolerante-e-isso-aparece-ate-nas-pequenas-cenas-do-dia-a-dia\/"]}]},{"@type":"ImageObject","inLanguage":"pt-BR","@id":"https:\/\/www.correiobraziliense.com.br\/cbradar\/viver-em-sociedade-ficou-mais-barulhento-mais-apressado-e-mais-intolerante-e-isso-aparece-ate-nas-pequenas-cenas-do-dia-a-dia\/#primaryimage","url":"https:\/\/www.correiobraziliense.com.br\/cbradar\/wp-content\/uploads\/2026\/04\/magnific_brazilian-urban-street-in_2894311440-2.jpeg","contentUrl":"https:\/\/www.correiobraziliense.com.br\/cbradar\/wp-content\/uploads\/2026\/04\/magnific_brazilian-urban-street-in_2894311440-2.jpeg","width":1280,"height":720,"caption":"A cultura da resposta instant\u00e2nea moldou uma sociedade que apresenta baixa toler\u00e2ncia \u00e0 espera e ao sil\u00eancio"},{"@type":"BreadcrumbList","@id":"https:\/\/www.correiobraziliense.com.br\/cbradar\/viver-em-sociedade-ficou-mais-barulhento-mais-apressado-e-mais-intolerante-e-isso-aparece-ate-nas-pequenas-cenas-do-dia-a-dia\/#breadcrumb","itemListElement":[{"@type":"ListItem","position":1,"name":"In\u00edcio","item":"https:\/\/www.correiobraziliense.com.br\/cbradar\/"},{"@type":"ListItem","position":2,"name":"Viver em sociedade ficou mais barulhento, mais apressado e mais intolerante, e isso aparece at\u00e9 nas pequenas cenas do dia a dia"}]},{"@type":"WebSite","@id":"https:\/\/www.correiobraziliense.com.br\/cbradar\/#website","url":"https:\/\/www.correiobraziliense.com.br\/cbradar\/","name":"Correio Braziliense - Radar","description":"Acompanhe as \u00faltimas not\u00edcias e fique bem informado sobre tudo o que acontece no Brasil e no mundo.","potentialAction":[{"@type":"SearchAction","target":{"@type":"EntryPoint","urlTemplate":"https:\/\/www.correiobraziliense.com.br\/cbradar\/?s={search_term_string}"},"query-input":{"@type":"PropertyValueSpecification","valueRequired":true,"valueName":"search_term_string"}}],"inLanguage":"pt-BR"},{"@type":"Person","@id":"https:\/\/www.correiobraziliense.com.br\/cbradar\/#\/schema\/person\/7356666e12ec0ee53f348ee5db227032","name":"Daniely Cardoso","image":{"@type":"ImageObject","inLanguage":"pt-BR","@id":"https:\/\/www.correiobraziliense.com.br\/cbradar\/#\/schema\/person\/image\/","url":"https:\/\/secure.gravatar.com\/avatar\/4b80ddbd124d1f071b626d52d62e5dff?s=96&d=mm&r=g","contentUrl":"https:\/\/secure.gravatar.com\/avatar\/4b80ddbd124d1f071b626d52d62e5dff?s=96&d=mm&r=g","caption":"Daniely Cardoso"},"description":"Redatora nos portais CB Radar e EM Foco, formada pela Universidade Federal de Goi\u00e1s, em Goi\u00e2nia. Apaixonada por comunica\u00e7\u00e3o, arte, decora\u00e7\u00e3o e tend\u00eancias, atuo na produ\u00e7\u00e3o de conte\u00fados envolventes sobre curiosidades, moda, beleza e paisagismo, sempre com um olhar atento \u00e0s novidades do momento.","sameAs":["https:\/\/www.correiobraziliense.com.br\/cbradar"],"url":"https:\/\/www.correiobraziliense.com.br\/cbradar\/author\/danielymyth\/"}]}},"_links":{"self":[{"href":"https:\/\/www.correiobraziliense.com.br\/cbradar\/wp-json\/wp\/v2\/posts\/234477","targetHints":{"allow":["GET"]}}],"collection":[{"href":"https:\/\/www.correiobraziliense.com.br\/cbradar\/wp-json\/wp\/v2\/posts"}],"about":[{"href":"https:\/\/www.correiobraziliense.com.br\/cbradar\/wp-json\/wp\/v2\/types\/post"}],"author":[{"embeddable":true,"href":"https:\/\/www.correiobraziliense.com.br\/cbradar\/wp-json\/wp\/v2\/users\/9"}],"replies":[{"embeddable":true,"href":"https:\/\/www.correiobraziliense.com.br\/cbradar\/wp-json\/wp\/v2\/comments?post=234477"}],"version-history":[{"count":2,"href":"https:\/\/www.correiobraziliense.com.br\/cbradar\/wp-json\/wp\/v2\/posts\/234477\/revisions"}],"predecessor-version":[{"id":234994,"href":"https:\/\/www.correiobraziliense.com.br\/cbradar\/wp-json\/wp\/v2\/posts\/234477\/revisions\/234994"}],"wp:featuredmedia":[{"embeddable":true,"href":"https:\/\/www.correiobraziliense.com.br\/cbradar\/wp-json\/wp\/v2\/media\/234494"}],"wp:attachment":[{"href":"https:\/\/www.correiobraziliense.com.br\/cbradar\/wp-json\/wp\/v2\/media?parent=234477"}],"wp:term":[{"taxonomy":"category","embeddable":true,"href":"https:\/\/www.correiobraziliense.com.br\/cbradar\/wp-json\/wp\/v2\/categories?post=234477"},{"taxonomy":"post_tag","embeddable":true,"href":"https:\/\/www.correiobraziliense.com.br\/cbradar\/wp-json\/wp\/v2\/tags?post=234477"}],"curies":[{"name":"wp","href":"https:\/\/api.w.org\/{rel}","templated":true}]}}