{"id":234518,"date":"2026-05-01T08:15:00","date_gmt":"2026-05-01T11:15:00","guid":{"rendered":"https:\/\/www.correiobraziliense.com.br\/cbradar\/?p=234518"},"modified":"2026-04-30T19:03:33","modified_gmt":"2026-04-30T22:03:33","slug":"sinais-silenciosos-de-que-seu-cachorro-pode-estar-mais-ansioso-estressado-e-emocionalmente-sobrecarregado-dentro-de-casa","status":"publish","type":"post","link":"https:\/\/www.correiobraziliense.com.br\/cbradar\/sinais-silenciosos-de-que-seu-cachorro-pode-estar-mais-ansioso-estressado-e-emocionalmente-sobrecarregado-dentro-de-casa\/","title":{"rendered":"Sinais silenciosos de que seu cachorro pode estar mais ansioso, estressado e emocionalmente sobrecarregado dentro de casa"},"content":{"rendered":"\n<p>A percep\u00e7\u00e3o de que o comportamento canino mudou sutilmente muitas vezes indica que o animal est\u00e1 lidando com uma carga de estresse acumulada. Identificar esses alertas precoces permite que os tutores ajustem a rotina antes que o quadro evolua para problemas de sa\u00fade mais graves ou comportamentos agressivos.<\/p>\n\n\n\n<h2 class=\"wp-block-heading\">Como identificar a lambedura excessiva das patas e o estresse cr\u00f4nico<\/h2>\n\n\n\n<p>Quando um <strong>cachorro ansioso<\/strong> come\u00e7a a lamber as patas de forma compulsiva, ele pode estar buscando uma libera\u00e7\u00e3o de endorfina para aplacar o desconforto interno. Esse comportamento de <strong>autolimitac\u00e3o<\/strong> frequentemente \u00e9 confundido com alergias, mas esconde uma necessidade urgente de estabilidade emocional e previsibilidade no dia a dia.<\/p>\n\n\n\n<p>Observar se o pet interrompe momentos de descanso para realizar essa limpeza obsessiva ajuda a diferenciar um h\u00e1bito natural de um sinal de <strong>sobrecarga psicol\u00f3gica<\/strong>. Manter um di\u00e1rio de atividades auxilia a notar se o comportamento intensifica ap\u00f3s visitas barulhentas ou mudan\u00e7as na disposi\u00e7\u00e3o dos m\u00f3veis da casa.<\/p>\n\n\n<div class=\"wp-block-image\">\n<figure class=\"aligncenter size-full\"><img decoding=\"async\" width=\"1280\" height=\"720\" src=\"https:\/\/www.correiobraziliense.com.br\/cbradar\/wp-content\/uploads\/2026\/05\/cachorro-lambendo-a-pata.jpg\" alt=\"\" class=\"wp-image-234957\" srcset=\"https:\/\/www.correiobraziliense.com.br\/cbradar\/wp-content\/uploads\/2026\/05\/cachorro-lambendo-a-pata.jpg 1280w, https:\/\/www.correiobraziliense.com.br\/cbradar\/wp-content\/uploads\/2026\/05\/cachorro-lambendo-a-pata-300x169.jpg 300w, https:\/\/www.correiobraziliense.com.br\/cbradar\/wp-content\/uploads\/2026\/05\/cachorro-lambendo-a-pata-768x432.jpg 768w, https:\/\/www.correiobraziliense.com.br\/cbradar\/wp-content\/uploads\/2026\/05\/cachorro-lambendo-a-pata-750x422.jpg 750w, https:\/\/www.correiobraziliense.com.br\/cbradar\/wp-content\/uploads\/2026\/05\/cachorro-lambendo-a-pata-1140x641.jpg 1140w\" sizes=\"(max-width: 1280px) 100vw, 1280px\" \/><figcaption class=\"wp-element-caption\">Observar se o pet interrompe momentos de descanso para realizar essa limpeza obsessiva<\/figcaption><\/figure><\/div>\n\n\n<p>Leia tamb\u00e9m: <a href=\"https:\/\/www.correiobraziliense.com.br\/cbradar\/?p=233925\" target=\"_blank\" rel=\"noreferrer noopener\">As 3 ra\u00e7as de c\u00e3es mais calmas para quem quer tranquilidade em casa, segundo especialistas<\/a><\/p>\n\n\n\n<h2 class=\"wp-block-heading\">O bocejo fora de hora e o lamber de l\u00e1bios como sinais de desconforto<\/h2>\n\n\n\n<p>O <strong>estresse canino<\/strong> se manifesta atrav\u00e9s de sinais de apaziguamento, como o bocejo longo e frequente mesmo quando o animal acabou de acordar. Essa \u00e9 uma tentativa instintiva do c\u00e9rebro de <strong>reduzir a tens\u00e3o<\/strong> muscular e comunicar aos outros moradores da casa que o ambiente est\u00e1 se tornando opressor.<\/p>\n\n\n\n<p>Outro alerta importante \u00e9 o movimento r\u00e1pido da l\u00edngua sobre o focinho, conhecido tecnicamente como <em>licking<\/em>, que ocorre em situa\u00e7\u00f5es de <strong>ansiedade de separa\u00e7\u00e3o<\/strong> ou medo. Se voc\u00ea notar que o seu companheiro faz isso ao ser abra\u00e7ado ou quando crian\u00e7as se aproximam, respeite o espa\u00e7o dele para evitar um esgotamento mental.<\/p>\n\n\n\n<h2 class=\"wp-block-heading\">Altera\u00e7\u00f5es no sono e a busca por isolamento em locais incomuns<\/h2>\n\n\n\n<p>Um animal que antes era soci\u00e1vel e agora passa a dormir em cantos escondidos ou debaixo de camas pode estar sofrendo de <strong>depress\u00e3o canina<\/strong> ou exaust\u00e3o sensorial. O sono fragmentado, onde o pet acorda ao menor ru\u00eddo, indica que o estado de <strong>alerta constante<\/strong> est\u00e1 impedindo o descanso reparador necess\u00e1rio para o equil\u00edbrio.<\/p>\n\n\n\n<p>Cachorros que n\u00e3o conseguem atingir o est\u00e1gio profundo do sono tornam-se mais reativos a est\u00edmulos externos, criando um ciclo vicioso de <strong>irritabilidade e medo<\/strong>. Oferecer um ref\u00fagio seguro onde ningu\u00e9m o interrompa \u00e9 uma medida pr\u00e1tica para restaurar a confian\u00e7a do animal no territ\u00f3rio dom\u00e9stico.<\/p>\n\n\n\n<p>Se voc\u00ea gosta de ouvir especialistas, separamos esse v\u00eddeo do canal da <a href=\"https:\/\/www.youtube.com\/@TudoSobreCachorros\" target=\"_blank\" rel=\"noreferrer noopener\">Tudo Sobre Cachorros (Halina Medina)<\/a> falando mais sobre esse tema:<\/p>\n\n\n\n<figure class=\"wp-block-embed is-type-video is-provider-youtube wp-block-embed-youtube wp-embed-aspect-16-9 wp-has-aspect-ratio\"><div class=\"wp-block-embed__wrapper\">\n<div class=\"jeg_video_container jeg_video_content\"><iframe loading=\"lazy\" title=\"Seu c\u00e3o est\u00e1 se lambendo? TUDO sobre a LAMBEDURA DE PATAS: Motivos, Sintomas e Tratamento\" width=\"500\" height=\"281\" src=\"https:\/\/www.youtube.com\/embed\/prdFoAOjlvk?feature=oembed\" frameborder=\"0\" allow=\"accelerometer; autoplay; clipboard-write; encrypted-media; gyroscope; picture-in-picture; web-share\" referrerpolicy=\"strict-origin-when-cross-origin\" allowfullscreen><\/iframe><\/div>\n<\/div><\/figure>\n\n\n\n<h2 class=\"wp-block-heading\">Comportamentos destrutivos e a falta de enriquecimento ambiental adequado<\/h2>\n\n\n\n<p>A destrui\u00e7\u00e3o de objetos pessoais, como chinelos ou sof\u00e1s, costuma ser o \u00e1pice de um <strong>cachorro estressado<\/strong> que n\u00e3o possui canais saud\u00e1veis para gastar energia. Sem uma rotina de <strong>est\u00edmulo mental<\/strong>, o pet utiliza a mastiga\u00e7\u00e3o como uma ferramenta de al\u00edvio para a frustra\u00e7\u00e3o de passar longos per\u00edodos sem intera\u00e7\u00e3o ou desafios.<\/p>\n\n\n\n<ul class=\"wp-block-list\">\n<li>Invista em brinquedos reche\u00e1veis que estimulem o faro e mantenham o foco do animal por mais tempo.<\/li>\n\n\n\n<li>Promova caminhadas em hor\u00e1rios diferentes para apresentar novos odores e texturas ao sistema sensorial.<\/li>\n\n\n\n<li>Utilize t\u00e9cnicas de adestramento positivo para refor\u00e7ar a seguran\u00e7a e a obedi\u00eancia sem gerar press\u00e3o.<\/li>\n\n\n\n<li>Crie momentos de intera\u00e7\u00e3o tranquila, focados apenas em carinho e massagens relaxantes nas orelhas.<\/li>\n<\/ul>\n\n\n\n<p>Proporcionar desafios que imitem comportamentos naturais da esp\u00e9cie reduz drasticamente a <strong>ansiedade generalizada<\/strong> e melhora a qualidade de vida de toda a fam\u00edlia. Observe como a introdu\u00e7\u00e3o de novos elementos l\u00fadicos transforma a postura do animal, tornando-o mais calmo e conectado com os tutores.<\/p>\n\n\n<div class=\"wp-block-image\">\n<figure class=\"aligncenter size-full\"><img decoding=\"async\" width=\"1280\" height=\"720\" src=\"https:\/\/www.correiobraziliense.com.br\/cbradar\/wp-content\/uploads\/2026\/05\/cachorro-2.jpg\" alt=\"\" class=\"wp-image-234538\" srcset=\"https:\/\/www.correiobraziliense.com.br\/cbradar\/wp-content\/uploads\/2026\/05\/cachorro-2.jpg 1280w, https:\/\/www.correiobraziliense.com.br\/cbradar\/wp-content\/uploads\/2026\/05\/cachorro-2-300x169.jpg 300w, https:\/\/www.correiobraziliense.com.br\/cbradar\/wp-content\/uploads\/2026\/05\/cachorro-2-768x432.jpg 768w, https:\/\/www.correiobraziliense.com.br\/cbradar\/wp-content\/uploads\/2026\/05\/cachorro-2-750x422.jpg 750w, https:\/\/www.correiobraziliense.com.br\/cbradar\/wp-content\/uploads\/2026\/05\/cachorro-2-1140x641.jpg 1140w\" sizes=\"(max-width: 1280px) 100vw, 1280px\" \/><figcaption class=\"wp-element-caption\">Estabelecer hor\u00e1rios fixos para alimenta\u00e7\u00e3o e passeios \u00e9 a forma mais eficaz de combater o sofrimento emocional de c\u00e3es <\/figcaption><\/figure><\/div>\n\n\n<h2 class=\"wp-block-heading\">A import\u00e2ncia de manter a previsibilidade para o bem-estar do pet<\/h2>\n\n\n\n<p>Estabelecer hor\u00e1rios fixos para alimenta\u00e7\u00e3o e passeios \u00e9 a forma mais eficaz de combater o <strong>sofrimento emocional<\/strong> de c\u00e3es que vivem em apartamentos ou casas pequenas. A incerteza sobre o pr\u00f3ximo evento do dia gera um estado de <strong>hipervigil\u00e2ncia<\/strong> que desgasta a sa\u00fade f\u00edsica e mental do melhor amigo do homem.<\/p>\n\n\n\n<p>Ao notar esses sinais silenciosos, a interven\u00e7\u00e3o precoce com mudan\u00e7as simples na din\u00e2mica familiar evita que o animal precise recorrer a medidas extremas para ser ouvido. Priorizar a <strong>sa\u00fade emocional canina<\/strong> \u00e9 um ato de respeito que garante uma conviv\u00eancia harmoniosa, silenciosa e repleta de afeto genu\u00edno entre todas as esp\u00e9cies.<\/p>\n","protected":false},"excerpt":{"rendered":"<p>A percep\u00e7\u00e3o de que o comportamento canino mudou sutilmente muitas vezes indica que o animal est\u00e1 lidando com uma carga de estresse acumulada. Identificar esses alertas precoces permite que os tutores ajustem a rotina antes que o quadro evolua para problemas de sa\u00fade mais graves ou comportamentos agressivos. Como identificar a lambedura excessiva das patas [&hellip;]<\/p>\n","protected":false},"author":9,"featured_media":234536,"comment_status":"open","ping_status":"open","sticky":false,"template":"","format":"standard","meta":{"_yoast_wpseo_focuskw":"cachorro ansioso","_yoast_wpseo_title":"","_yoast_wpseo_metadesc":"Mudan\u00e7as no comportamento do cachorro podem indicar estresse, ansiedade e necessidade de ajustes na rotina do pet.","jnews-multi-image_gallery":[],"jnews_single_post":{"format":"standard"},"jnews_primary_category":[],"jnews_social_meta":[],"jnews_override_counter":[],"footnotes":""},"categories":[112],"tags":[18407,18408,18409],"class_list":["post-234518","post","type-post","status-publish","format-standard","has-post-thumbnail","hentry","category-curiosidades","tag-cachorro-ansioso","tag-lambedura","tag-patas"],"yoast_head":"<!-- This site is optimized with the Yoast SEO plugin v24.6 - https:\/\/yoast.com\/wordpress\/plugins\/seo\/ -->\n<title>Sinais silenciosos de que seu cachorro pode estar mais ansioso, estressado e emocionalmente sobrecarregado dentro de casa - Correio Braziliense - Radar<\/title>\n<meta name=\"description\" content=\"Mudan\u00e7as no comportamento do cachorro podem indicar estresse, ansiedade e necessidade de ajustes na rotina do pet.\" \/>\n<meta name=\"robots\" content=\"index, follow, max-snippet:-1, max-image-preview:large, max-video-preview:-1\" \/>\n<link rel=\"canonical\" href=\"https:\/\/www.correiobraziliense.com.br\/cbradar\/sinais-silenciosos-de-que-seu-cachorro-pode-estar-mais-ansioso-estressado-e-emocionalmente-sobrecarregado-dentro-de-casa\/\" \/>\n<meta property=\"og:locale\" content=\"pt_BR\" \/>\n<meta property=\"og:type\" content=\"article\" \/>\n<meta property=\"og:title\" content=\"Sinais silenciosos de que seu cachorro pode estar mais ansioso, estressado e emocionalmente sobrecarregado dentro de casa - Correio Braziliense - Radar\" \/>\n<meta property=\"og:description\" content=\"Mudan\u00e7as no comportamento do cachorro podem indicar estresse, ansiedade e necessidade de ajustes na rotina do pet.\" \/>\n<meta property=\"og:url\" content=\"https:\/\/www.correiobraziliense.com.br\/cbradar\/sinais-silenciosos-de-que-seu-cachorro-pode-estar-mais-ansioso-estressado-e-emocionalmente-sobrecarregado-dentro-de-casa\/\" \/>\n<meta property=\"og:site_name\" content=\"Correio Braziliense - Radar\" \/>\n<meta property=\"article:published_time\" content=\"2026-05-01T11:15:00+00:00\" \/>\n<meta property=\"og:image\" content=\"https:\/\/www.correiobraziliense.com.br\/cbradar\/wp-content\/uploads\/2026\/04\/cachorro-1.jpg\" \/>\n\t<meta property=\"og:image:width\" content=\"1280\" \/>\n\t<meta property=\"og:image:height\" content=\"720\" \/>\n\t<meta property=\"og:image:type\" content=\"image\/jpeg\" \/>\n<meta name=\"author\" content=\"Daniely Cardoso\" \/>\n<meta name=\"twitter:card\" content=\"summary_large_image\" \/>\n<meta name=\"twitter:label1\" content=\"Escrito por\" \/>\n\t<meta name=\"twitter:data1\" content=\"Daniely Cardoso\" \/>\n\t<meta name=\"twitter:label2\" content=\"Est. tempo de leitura\" \/>\n\t<meta name=\"twitter:data2\" content=\"5 minutos\" \/>\n<!-- \/ Yoast SEO plugin. -->","yoast_head_json":{"title":"Sinais silenciosos de que seu cachorro pode estar mais ansioso, estressado e emocionalmente sobrecarregado dentro de casa - Correio Braziliense - Radar","description":"Mudan\u00e7as no comportamento do cachorro podem indicar estresse, ansiedade e necessidade de ajustes na rotina do pet.","robots":{"index":"index","follow":"follow","max-snippet":"max-snippet:-1","max-image-preview":"max-image-preview:large","max-video-preview":"max-video-preview:-1"},"canonical":"https:\/\/www.correiobraziliense.com.br\/cbradar\/sinais-silenciosos-de-que-seu-cachorro-pode-estar-mais-ansioso-estressado-e-emocionalmente-sobrecarregado-dentro-de-casa\/","og_locale":"pt_BR","og_type":"article","og_title":"Sinais silenciosos de que seu cachorro pode estar mais ansioso, estressado e emocionalmente sobrecarregado dentro de casa - Correio Braziliense - Radar","og_description":"Mudan\u00e7as no comportamento do cachorro podem indicar estresse, ansiedade e necessidade de ajustes na rotina do pet.","og_url":"https:\/\/www.correiobraziliense.com.br\/cbradar\/sinais-silenciosos-de-que-seu-cachorro-pode-estar-mais-ansioso-estressado-e-emocionalmente-sobrecarregado-dentro-de-casa\/","og_site_name":"Correio Braziliense - Radar","article_published_time":"2026-05-01T11:15:00+00:00","og_image":[{"width":1280,"height":720,"url":"https:\/\/www.correiobraziliense.com.br\/cbradar\/wp-content\/uploads\/2026\/04\/cachorro-1.jpg","type":"image\/jpeg"}],"author":"Daniely Cardoso","twitter_card":"summary_large_image","twitter_misc":{"Escrito por":"Daniely Cardoso","Est. tempo de leitura":"5 minutos"},"schema":{"@context":"https:\/\/schema.org","@graph":[{"@type":"WebPage","@id":"https:\/\/www.correiobraziliense.com.br\/cbradar\/sinais-silenciosos-de-que-seu-cachorro-pode-estar-mais-ansioso-estressado-e-emocionalmente-sobrecarregado-dentro-de-casa\/","url":"https:\/\/www.correiobraziliense.com.br\/cbradar\/sinais-silenciosos-de-que-seu-cachorro-pode-estar-mais-ansioso-estressado-e-emocionalmente-sobrecarregado-dentro-de-casa\/","name":"Sinais silenciosos de que seu cachorro pode estar mais ansioso, estressado e emocionalmente sobrecarregado dentro de casa - Correio Braziliense - Radar","isPartOf":{"@id":"https:\/\/www.correiobraziliense.com.br\/cbradar\/#website"},"primaryImageOfPage":{"@id":"https:\/\/www.correiobraziliense.com.br\/cbradar\/sinais-silenciosos-de-que-seu-cachorro-pode-estar-mais-ansioso-estressado-e-emocionalmente-sobrecarregado-dentro-de-casa\/#primaryimage"},"image":{"@id":"https:\/\/www.correiobraziliense.com.br\/cbradar\/sinais-silenciosos-de-que-seu-cachorro-pode-estar-mais-ansioso-estressado-e-emocionalmente-sobrecarregado-dentro-de-casa\/#primaryimage"},"thumbnailUrl":"https:\/\/www.correiobraziliense.com.br\/cbradar\/wp-content\/uploads\/2026\/04\/cachorro-1.jpg","datePublished":"2026-05-01T11:15:00+00:00","author":{"@id":"https:\/\/www.correiobraziliense.com.br\/cbradar\/#\/schema\/person\/7356666e12ec0ee53f348ee5db227032"},"description":"Mudan\u00e7as no comportamento do cachorro podem indicar estresse, ansiedade e necessidade de ajustes na rotina do pet.","breadcrumb":{"@id":"https:\/\/www.correiobraziliense.com.br\/cbradar\/sinais-silenciosos-de-que-seu-cachorro-pode-estar-mais-ansioso-estressado-e-emocionalmente-sobrecarregado-dentro-de-casa\/#breadcrumb"},"inLanguage":"pt-BR","potentialAction":[{"@type":"ReadAction","target":["https:\/\/www.correiobraziliense.com.br\/cbradar\/sinais-silenciosos-de-que-seu-cachorro-pode-estar-mais-ansioso-estressado-e-emocionalmente-sobrecarregado-dentro-de-casa\/"]}]},{"@type":"ImageObject","inLanguage":"pt-BR","@id":"https:\/\/www.correiobraziliense.com.br\/cbradar\/sinais-silenciosos-de-que-seu-cachorro-pode-estar-mais-ansioso-estressado-e-emocionalmente-sobrecarregado-dentro-de-casa\/#primaryimage","url":"https:\/\/www.correiobraziliense.com.br\/cbradar\/wp-content\/uploads\/2026\/04\/cachorro-1.jpg","contentUrl":"https:\/\/www.correiobraziliense.com.br\/cbradar\/wp-content\/uploads\/2026\/04\/cachorro-1.jpg","width":1280,"height":720,"caption":"Quando um cachorro ansioso come\u00e7a a lamber as patas de forma compulsiva, ele pode estar buscando uma libera\u00e7\u00e3o de endorfina"},{"@type":"BreadcrumbList","@id":"https:\/\/www.correiobraziliense.com.br\/cbradar\/sinais-silenciosos-de-que-seu-cachorro-pode-estar-mais-ansioso-estressado-e-emocionalmente-sobrecarregado-dentro-de-casa\/#breadcrumb","itemListElement":[{"@type":"ListItem","position":1,"name":"In\u00edcio","item":"https:\/\/www.correiobraziliense.com.br\/cbradar\/"},{"@type":"ListItem","position":2,"name":"Sinais silenciosos de que seu cachorro pode estar mais ansioso, estressado e emocionalmente sobrecarregado dentro de casa"}]},{"@type":"WebSite","@id":"https:\/\/www.correiobraziliense.com.br\/cbradar\/#website","url":"https:\/\/www.correiobraziliense.com.br\/cbradar\/","name":"Correio Braziliense - Radar","description":"Acompanhe as \u00faltimas not\u00edcias e fique bem informado sobre tudo o que acontece no Brasil e no mundo.","potentialAction":[{"@type":"SearchAction","target":{"@type":"EntryPoint","urlTemplate":"https:\/\/www.correiobraziliense.com.br\/cbradar\/?s={search_term_string}"},"query-input":{"@type":"PropertyValueSpecification","valueRequired":true,"valueName":"search_term_string"}}],"inLanguage":"pt-BR"},{"@type":"Person","@id":"https:\/\/www.correiobraziliense.com.br\/cbradar\/#\/schema\/person\/7356666e12ec0ee53f348ee5db227032","name":"Daniely Cardoso","image":{"@type":"ImageObject","inLanguage":"pt-BR","@id":"https:\/\/www.correiobraziliense.com.br\/cbradar\/#\/schema\/person\/image\/","url":"https:\/\/secure.gravatar.com\/avatar\/4b80ddbd124d1f071b626d52d62e5dff?s=96&d=mm&r=g","contentUrl":"https:\/\/secure.gravatar.com\/avatar\/4b80ddbd124d1f071b626d52d62e5dff?s=96&d=mm&r=g","caption":"Daniely Cardoso"},"description":"Redatora nos portais CB Radar e EM Foco, formada pela Universidade Federal de Goi\u00e1s, em Goi\u00e2nia. Apaixonada por comunica\u00e7\u00e3o, arte, decora\u00e7\u00e3o e tend\u00eancias, atuo na produ\u00e7\u00e3o de conte\u00fados envolventes sobre curiosidades, moda, beleza e paisagismo, sempre com um olhar atento \u00e0s novidades do momento.","sameAs":["https:\/\/www.correiobraziliense.com.br\/cbradar"],"url":"https:\/\/www.correiobraziliense.com.br\/cbradar\/author\/danielymyth\/"}]}},"_links":{"self":[{"href":"https:\/\/www.correiobraziliense.com.br\/cbradar\/wp-json\/wp\/v2\/posts\/234518","targetHints":{"allow":["GET"]}}],"collection":[{"href":"https:\/\/www.correiobraziliense.com.br\/cbradar\/wp-json\/wp\/v2\/posts"}],"about":[{"href":"https:\/\/www.correiobraziliense.com.br\/cbradar\/wp-json\/wp\/v2\/types\/post"}],"author":[{"embeddable":true,"href":"https:\/\/www.correiobraziliense.com.br\/cbradar\/wp-json\/wp\/v2\/users\/9"}],"replies":[{"embeddable":true,"href":"https:\/\/www.correiobraziliense.com.br\/cbradar\/wp-json\/wp\/v2\/comments?post=234518"}],"version-history":[{"count":4,"href":"https:\/\/www.correiobraziliense.com.br\/cbradar\/wp-json\/wp\/v2\/posts\/234518\/revisions"}],"predecessor-version":[{"id":234958,"href":"https:\/\/www.correiobraziliense.com.br\/cbradar\/wp-json\/wp\/v2\/posts\/234518\/revisions\/234958"}],"wp:featuredmedia":[{"embeddable":true,"href":"https:\/\/www.correiobraziliense.com.br\/cbradar\/wp-json\/wp\/v2\/media\/234536"}],"wp:attachment":[{"href":"https:\/\/www.correiobraziliense.com.br\/cbradar\/wp-json\/wp\/v2\/media?parent=234518"}],"wp:term":[{"taxonomy":"category","embeddable":true,"href":"https:\/\/www.correiobraziliense.com.br\/cbradar\/wp-json\/wp\/v2\/categories?post=234518"},{"taxonomy":"post_tag","embeddable":true,"href":"https:\/\/www.correiobraziliense.com.br\/cbradar\/wp-json\/wp\/v2\/tags?post=234518"}],"curies":[{"name":"wp","href":"https:\/\/api.w.org\/{rel}","templated":true}]}}