{"id":234558,"date":"2026-05-01T08:05:00","date_gmt":"2026-05-01T11:05:00","guid":{"rendered":"https:\/\/www.correiobraziliense.com.br\/cbradar\/?p=234558"},"modified":"2026-04-30T18:49:03","modified_gmt":"2026-04-30T21:49:03","slug":"4-cortes-de-cabelo-elegantes-modernos-e-superfaceis-de-manter-que-valorizam-o-rosto-dao-mais-leveza-ao-visual-e-combinam-com-qualquer-idade","status":"publish","type":"post","link":"https:\/\/www.correiobraziliense.com.br\/cbradar\/4-cortes-de-cabelo-elegantes-modernos-e-superfaceis-de-manter-que-valorizam-o-rosto-dao-mais-leveza-ao-visual-e-combinam-com-qualquer-idade\/","title":{"rendered":"4 cortes de cabelo elegantes, modernos e superf\u00e1ceis de manter que valorizam o rosto, d\u00e3o mais leveza ao visual e combinam com qualquer idade"},"content":{"rendered":"\n<p>A escolha de um novo visual envolve o equil\u00edbrio perfeito entre a est\u00e9tica refinada e a funcionalidade necess\u00e1ria para a rotina agitada da mulher contempor\u00e2nea. Muitas buscam op\u00e7\u00f5es que ofere\u00e7am rejuvenescimento imediato e praticidade na finaliza\u00e7\u00e3o, garantindo uma apar\u00eancia impec\u00e1vel em qualquer ambiente social ou profissional.<\/p>\n\n\n\n<h2 class=\"wp-block-heading\">Corte Bob Franc\u00eas traz sofistica\u00e7\u00e3o e moldura para as ma\u00e7\u00e3s do rosto<\/h2>\n\n\n\n<p>O <strong>Bob Franc\u00eas<\/strong> destaca-se como uma varia\u00e7\u00e3o curta e extremamente charmosa que termina geralmente na altura da mand\u00edbula, acompanhado ou n\u00e3o de uma franja leve. Essa estrutura \u00e9 ideal para quem deseja <strong>valorizar os tra\u00e7os faciais<\/strong> com um toque de modernidade europeia que nunca sai de moda.<\/p>\n\n\n\n<p>Para manter o aspecto saud\u00e1vel dos fios, o uso de um leave-in de alta qualidade, como os da <strong>L&#8217;Or\u00e9al<\/strong>, ajuda a controlar o volume natural. Esse estilo adapta-se bem tanto a cabelos lisos quanto ondulados, exigindo apenas uma secagem r\u00e1pida para que a <strong>eleg\u00e2ncia feminina<\/strong> seja ressaltada sem esfor\u00e7o.<\/p>\n\n\n<div class=\"wp-block-image\">\n<figure class=\"aligncenter size-full\"><img decoding=\"async\" width=\"1280\" height=\"720\" src=\"https:\/\/www.correiobraziliense.com.br\/cbradar\/wp-content\/uploads\/2026\/04\/corte-de-cabelo.jpg\" alt=\"\" class=\"wp-image-229994\" srcset=\"https:\/\/www.correiobraziliense.com.br\/cbradar\/wp-content\/uploads\/2026\/04\/corte-de-cabelo.jpg 1280w, https:\/\/www.correiobraziliense.com.br\/cbradar\/wp-content\/uploads\/2026\/04\/corte-de-cabelo-300x169.jpg 300w, https:\/\/www.correiobraziliense.com.br\/cbradar\/wp-content\/uploads\/2026\/04\/corte-de-cabelo-768x432.jpg 768w, https:\/\/www.correiobraziliense.com.br\/cbradar\/wp-content\/uploads\/2026\/04\/corte-de-cabelo-750x422.jpg 750w, https:\/\/www.correiobraziliense.com.br\/cbradar\/wp-content\/uploads\/2026\/04\/corte-de-cabelo-1140x641.jpg 1140w\" sizes=\"(max-width: 1280px) 100vw, 1280px\" \/><figcaption class=\"wp-element-caption\">O Long Bob continua sendo o favorito absoluto por sua capacidade de se adaptar a diferentes texturas de fios e formatos de rosto<\/figcaption><\/figure><\/div>\n\n\n<p>Leia tamb\u00e9m: <a href=\"https:\/\/www.correiobraziliense.com.br\/cbradar\/4-cortes-de-cabelo-curto-que-ajudam-a-dar-mais-corpo-aos-fios-ralos-e-sem-volume\/\" target=\"_blank\" rel=\"noreferrer noopener\">4 cortes de cabelo curto que ajudam a dar mais corpo aos fios ralos e sem volume<\/a><\/p>\n\n\n\n<h2 class=\"wp-block-heading\">Long Bob em camadas oferece movimento e versatilidade para fios m\u00e9dios<\/h2>\n\n\n\n<p>O <strong>Long Bob<\/strong> continua sendo o favorito nos sal\u00f5es de <strong>Paris<\/strong> e <strong>Nova Iorque<\/strong> por sua capacidade de alongar a silhueta e oferecer diversas op\u00e7\u00f5es de penteados. Ao adicionar camadas suaves, o corte ganha uma <strong>leveza visual<\/strong> que retira o peso excessivo das pontas, facilitando a estiliza\u00e7\u00e3o di\u00e1ria em casa.<\/p>\n\n\n\n<p><em>Ponto de aten\u00e7\u00e3o<\/em>: Evite cortes retos demais se o objetivo for um visual din\u00e2mico, pois as camadas ajudam a distribuir o volume de forma harm\u00f4nica. Ao escolher esse comprimento, a mulher garante uma <strong>transi\u00e7\u00e3o suave<\/strong> entre o cl\u00e1ssico e o moderno, adaptando-se perfeitamente a reuni\u00f5es de trabalho ou eventos informais.<\/p>\n\n\n\n<h2 class=\"wp-block-heading\">Corte Pixie repicado garante frescor e destaque para o olhar<\/h2>\n\n\n\n<p>O <strong>Pixie repicado<\/strong> \u00e9 a escolha definitiva para quem n\u00e3o abre m\u00e3o da praticidade total e quer evidenciar a for\u00e7a da pr\u00f3pria personalidade. Por ser um corte bem curto, ele elimina o tempo gasto com escovas demoradas, exigindo apenas uma pomada modeladora para definir a <strong>textura dos fios<\/strong> com rapidez.<\/p>\n\n\n\n<p>Nomes como <strong>Anne Hathaway<\/strong> j\u00e1 provaram que o curto pode ser extremamente feminino e sensual quando bem executado por um visagista experiente. A manuten\u00e7\u00e3o peri\u00f3dica a cada seis semanas \u00e9 o segredo para manter o <strong>design moderno<\/strong> impec\u00e1vel, garantindo que o visual permane\u00e7a n\u00edtido e com o acabamento profissional desejado.<\/p>\n\n\n\n<figure class=\"wp-block-embed is-type-rich is-provider-pinterest wp-block-embed-pinterest\"><div class=\"wp-block-embed__wrapper\">\n<iframe loading=\"lazy\" title=\"Trendy Asymmetrical Pixie Haircuts 2026: Fresh Views &amp; Modern Edgy Styles\" src=\"https:\/\/assets.pinterest.com\/ext\/embed.html?id=4503668374078681&#038;src=oembed\" height=\"901\" width=\"450\" frameborder=\"0\" scrolling=\"no\" ><\/iframe>\n<\/div><\/figure>\n\n\n\n<h2 class=\"wp-block-heading\">Shaggy Hair promove um estilo despojado com toque retr\u00f4 atualizado<\/h2>\n\n\n\n<p>Inspirado na est\u00e9tica dos anos 70, o <strong>Shaggy Hair<\/strong> utiliza m\u00faltiplas camadas e pontas desconectadas para criar um volume estrat\u00e9gico no topo da cabe\u00e7a. Esse corte \u00e9 excelente para quem possui cabelos finos e busca uma <strong>sensa\u00e7\u00e3o de densidade<\/strong>, mantendo um ar jovial e descontra\u00eddo que harmoniza com diversas idades.<\/p>\n\n\n\n<ul class=\"wp-block-list\">\n<li>Favorece a <strong>secagem natural<\/strong> dos fios ao ar livre sem perder a forma definida.<\/li>\n\n\n\n<li>Disfar\u00e7a linhas de express\u00e3o atrav\u00e9s de franjas laterais ou do tipo <strong>Curtain Bangs<\/strong>.<\/li>\n\n\n\n<li>Reduz a necessidade de ferramentas t\u00e9rmicas frequentes, preservando a <strong>sa\u00fade capilar<\/strong>.<\/li>\n\n\n\n<li>Combina com acess\u00f3rios variados que elevam o status da produ\u00e7\u00e3o final.<\/li>\n<\/ul>\n\n\n\n<p>Interessante notar que marcas de luxo como <strong>Chanel<\/strong> frequentemente utilizam essa pegada desconstru\u00edda em seus desfiles para transmitir uma imagem de <strong>luxo despretensioso<\/strong>. O foco aqui \u00e9 a liberdade de movimento, permitindo que o cabelo acompanhe o ritmo da usu\u00e1ria com total fluidez e naturalidade.<\/p>\n\n\n<div class=\"wp-block-image\">\n<figure class=\"aligncenter size-full\"><img decoding=\"async\" width=\"1280\" height=\"720\" src=\"https:\/\/www.correiobraziliense.com.br\/cbradar\/wp-content\/uploads\/2026\/04\/corte-de-cabelo-2.jpg\" alt=\"\" class=\"wp-image-234559\" srcset=\"https:\/\/www.correiobraziliense.com.br\/cbradar\/wp-content\/uploads\/2026\/04\/corte-de-cabelo-2.jpg 1280w, https:\/\/www.correiobraziliense.com.br\/cbradar\/wp-content\/uploads\/2026\/04\/corte-de-cabelo-2-300x169.jpg 300w, https:\/\/www.correiobraziliense.com.br\/cbradar\/wp-content\/uploads\/2026\/04\/corte-de-cabelo-2-768x432.jpg 768w, https:\/\/www.correiobraziliense.com.br\/cbradar\/wp-content\/uploads\/2026\/04\/corte-de-cabelo-2-750x422.jpg 750w, https:\/\/www.correiobraziliense.com.br\/cbradar\/wp-content\/uploads\/2026\/04\/corte-de-cabelo-2-1140x641.jpg 1140w\" sizes=\"(max-width: 1280px) 100vw, 1280px\" \/><figcaption class=\"wp-element-caption\">Inspirado na est\u00e9tica dos anos 70, o Shaggy Hair utiliza m\u00faltiplas camadas e pontas desconectadas para criar um volume estrat\u00e9gico <\/figcaption><\/figure><\/div>\n\n\n<h2 class=\"wp-block-heading\">Escolher o corte ideal transforma a autoconfian\u00e7a e simplifica a rotina feminina<\/h2>\n\n\n\n<p>A decis\u00e3o por um desses estilos deve levar em conta n\u00e3o apenas a tend\u00eancia passageira, mas como o formato escolhido interage com a <strong>estrutura \u00f3ssea<\/strong> e o tipo de fio. Um bom corte de cabelo funciona como um acess\u00f3rio permanente que ilumina a face e comunica <strong>autocuidado e vigor<\/strong> logo no primeiro contato visual.<\/p>\n\n\n\n<p>Investir em um visual de f\u00e1cil manuten\u00e7\u00e3o permite que o tempo seja otimizado, sobrando mais espa\u00e7o para outras prioridades sem sacrificar a <strong>est\u00e9tica refinada<\/strong>. Ao alinhar o desejo de mudan\u00e7a com essas op\u00e7\u00f5es vers\u00e1teis, voc\u00ea conquista um visual que atravessa temporadas com a mesma for\u00e7a e <strong>impacto positivo<\/strong> na imagem pessoal.<\/p>\n","protected":false},"excerpt":{"rendered":"<p>A escolha de um novo visual envolve o equil\u00edbrio perfeito entre a est\u00e9tica refinada e a funcionalidade necess\u00e1ria para a rotina agitada da mulher contempor\u00e2nea. Muitas buscam op\u00e7\u00f5es que ofere\u00e7am rejuvenescimento imediato e praticidade na finaliza\u00e7\u00e3o, garantindo uma apar\u00eancia impec\u00e1vel em qualquer ambiente social ou profissional. Corte Bob Franc\u00eas traz sofistica\u00e7\u00e3o e moldura para as [&hellip;]<\/p>\n","protected":false},"author":9,"featured_media":212294,"comment_status":"open","ping_status":"open","sticky":false,"template":"","format":"standard","meta":{"_yoast_wpseo_focuskw":"cortes de cabelo elegantes","_yoast_wpseo_title":"","_yoast_wpseo_metadesc":"Cortes modernos ajudam a rejuvenescer valorizar o rosto e facilitar a rotina com estilos pr\u00e1ticos e elegantes para o dia a dia.","jnews-multi-image_gallery":[],"jnews_single_post":{"format":"standard"},"jnews_primary_category":[],"jnews_social_meta":[],"jnews_override_counter":[],"footnotes":""},"categories":[124],"tags":[3155,1029,12927],"class_list":["post-234558","post","type-post","status-publish","format-standard","has-post-thumbnail","hentry","category-beleza","tag-cabelos","tag-moda","tag-visual"],"yoast_head":"<!-- This site is optimized with the Yoast SEO plugin v24.6 - https:\/\/yoast.com\/wordpress\/plugins\/seo\/ -->\n<title>4 cortes de cabelo elegantes, modernos e superf\u00e1ceis de manter que valorizam o rosto, d\u00e3o mais leveza ao visual e combinam com qualquer idade - Correio Braziliense - Radar<\/title>\n<meta name=\"description\" content=\"Cortes modernos ajudam a rejuvenescer valorizar o rosto e facilitar a rotina com estilos pr\u00e1ticos e elegantes para o dia a dia.\" \/>\n<meta name=\"robots\" content=\"index, follow, max-snippet:-1, max-image-preview:large, max-video-preview:-1\" \/>\n<link rel=\"canonical\" href=\"https:\/\/www.correiobraziliense.com.br\/cbradar\/4-cortes-de-cabelo-elegantes-modernos-e-superfaceis-de-manter-que-valorizam-o-rosto-dao-mais-leveza-ao-visual-e-combinam-com-qualquer-idade\/\" \/>\n<meta property=\"og:locale\" content=\"pt_BR\" \/>\n<meta property=\"og:type\" content=\"article\" \/>\n<meta property=\"og:title\" content=\"4 cortes de cabelo elegantes, modernos e superf\u00e1ceis de manter que valorizam o rosto, d\u00e3o mais leveza ao visual e combinam com qualquer idade - Correio Braziliense - Radar\" \/>\n<meta property=\"og:description\" content=\"Cortes modernos ajudam a rejuvenescer valorizar o rosto e facilitar a rotina com estilos pr\u00e1ticos e elegantes para o dia a dia.\" \/>\n<meta property=\"og:url\" content=\"https:\/\/www.correiobraziliense.com.br\/cbradar\/4-cortes-de-cabelo-elegantes-modernos-e-superfaceis-de-manter-que-valorizam-o-rosto-dao-mais-leveza-ao-visual-e-combinam-com-qualquer-idade\/\" \/>\n<meta property=\"og:site_name\" content=\"Correio Braziliense - Radar\" \/>\n<meta property=\"article:published_time\" content=\"2026-05-01T11:05:00+00:00\" \/>\n<meta property=\"og:image\" content=\"https:\/\/www.correiobraziliense.com.br\/cbradar\/wp-content\/uploads\/2026\/03\/Gemini_Generated_Image_1abjzw1abjzw1abj-1.png\" \/>\n\t<meta property=\"og:image:width\" content=\"1280\" \/>\n\t<meta property=\"og:image:height\" content=\"720\" \/>\n\t<meta property=\"og:image:type\" content=\"image\/png\" \/>\n<meta name=\"author\" content=\"Daniely Cardoso\" \/>\n<meta name=\"twitter:card\" content=\"summary_large_image\" \/>\n<meta name=\"twitter:label1\" content=\"Escrito por\" \/>\n\t<meta name=\"twitter:data1\" content=\"Daniely Cardoso\" \/>\n\t<meta name=\"twitter:label2\" content=\"Est. tempo de leitura\" \/>\n\t<meta name=\"twitter:data2\" content=\"5 minutos\" \/>\n<!-- \/ Yoast SEO plugin. -->","yoast_head_json":{"title":"4 cortes de cabelo elegantes, modernos e superf\u00e1ceis de manter que valorizam o rosto, d\u00e3o mais leveza ao visual e combinam com qualquer idade - Correio Braziliense - Radar","description":"Cortes modernos ajudam a rejuvenescer valorizar o rosto e facilitar a rotina com estilos pr\u00e1ticos e elegantes para o dia a dia.","robots":{"index":"index","follow":"follow","max-snippet":"max-snippet:-1","max-image-preview":"max-image-preview:large","max-video-preview":"max-video-preview:-1"},"canonical":"https:\/\/www.correiobraziliense.com.br\/cbradar\/4-cortes-de-cabelo-elegantes-modernos-e-superfaceis-de-manter-que-valorizam-o-rosto-dao-mais-leveza-ao-visual-e-combinam-com-qualquer-idade\/","og_locale":"pt_BR","og_type":"article","og_title":"4 cortes de cabelo elegantes, modernos e superf\u00e1ceis de manter que valorizam o rosto, d\u00e3o mais leveza ao visual e combinam com qualquer idade - Correio Braziliense - Radar","og_description":"Cortes modernos ajudam a rejuvenescer valorizar o rosto e facilitar a rotina com estilos pr\u00e1ticos e elegantes para o dia a dia.","og_url":"https:\/\/www.correiobraziliense.com.br\/cbradar\/4-cortes-de-cabelo-elegantes-modernos-e-superfaceis-de-manter-que-valorizam-o-rosto-dao-mais-leveza-ao-visual-e-combinam-com-qualquer-idade\/","og_site_name":"Correio Braziliense - Radar","article_published_time":"2026-05-01T11:05:00+00:00","og_image":[{"width":1280,"height":720,"url":"https:\/\/www.correiobraziliense.com.br\/cbradar\/wp-content\/uploads\/2026\/03\/Gemini_Generated_Image_1abjzw1abjzw1abj-1.png","type":"image\/png"}],"author":"Daniely Cardoso","twitter_card":"summary_large_image","twitter_misc":{"Escrito por":"Daniely Cardoso","Est. tempo de leitura":"5 minutos"},"schema":{"@context":"https:\/\/schema.org","@graph":[{"@type":"WebPage","@id":"https:\/\/www.correiobraziliense.com.br\/cbradar\/4-cortes-de-cabelo-elegantes-modernos-e-superfaceis-de-manter-que-valorizam-o-rosto-dao-mais-leveza-ao-visual-e-combinam-com-qualquer-idade\/","url":"https:\/\/www.correiobraziliense.com.br\/cbradar\/4-cortes-de-cabelo-elegantes-modernos-e-superfaceis-de-manter-que-valorizam-o-rosto-dao-mais-leveza-ao-visual-e-combinam-com-qualquer-idade\/","name":"4 cortes de cabelo elegantes, modernos e superf\u00e1ceis de manter que valorizam o rosto, d\u00e3o mais leveza ao visual e combinam com qualquer idade - Correio Braziliense - Radar","isPartOf":{"@id":"https:\/\/www.correiobraziliense.com.br\/cbradar\/#website"},"primaryImageOfPage":{"@id":"https:\/\/www.correiobraziliense.com.br\/cbradar\/4-cortes-de-cabelo-elegantes-modernos-e-superfaceis-de-manter-que-valorizam-o-rosto-dao-mais-leveza-ao-visual-e-combinam-com-qualquer-idade\/#primaryimage"},"image":{"@id":"https:\/\/www.correiobraziliense.com.br\/cbradar\/4-cortes-de-cabelo-elegantes-modernos-e-superfaceis-de-manter-que-valorizam-o-rosto-dao-mais-leveza-ao-visual-e-combinam-com-qualquer-idade\/#primaryimage"},"thumbnailUrl":"https:\/\/www.correiobraziliense.com.br\/cbradar\/wp-content\/uploads\/2026\/03\/Gemini_Generated_Image_1abjzw1abjzw1abj-1.png","datePublished":"2026-05-01T11:05:00+00:00","author":{"@id":"https:\/\/www.correiobraziliense.com.br\/cbradar\/#\/schema\/person\/7356666e12ec0ee53f348ee5db227032"},"description":"Cortes modernos ajudam a rejuvenescer valorizar o rosto e facilitar a rotina com estilos pr\u00e1ticos e elegantes para o dia a dia.","breadcrumb":{"@id":"https:\/\/www.correiobraziliense.com.br\/cbradar\/4-cortes-de-cabelo-elegantes-modernos-e-superfaceis-de-manter-que-valorizam-o-rosto-dao-mais-leveza-ao-visual-e-combinam-com-qualquer-idade\/#breadcrumb"},"inLanguage":"pt-BR","potentialAction":[{"@type":"ReadAction","target":["https:\/\/www.correiobraziliense.com.br\/cbradar\/4-cortes-de-cabelo-elegantes-modernos-e-superfaceis-de-manter-que-valorizam-o-rosto-dao-mais-leveza-ao-visual-e-combinam-com-qualquer-idade\/"]}]},{"@type":"ImageObject","inLanguage":"pt-BR","@id":"https:\/\/www.correiobraziliense.com.br\/cbradar\/4-cortes-de-cabelo-elegantes-modernos-e-superfaceis-de-manter-que-valorizam-o-rosto-dao-mais-leveza-ao-visual-e-combinam-com-qualquer-idade\/#primaryimage","url":"https:\/\/www.correiobraziliense.com.br\/cbradar\/wp-content\/uploads\/2026\/03\/Gemini_Generated_Image_1abjzw1abjzw1abj-1.png","contentUrl":"https:\/\/www.correiobraziliense.com.br\/cbradar\/wp-content\/uploads\/2026\/03\/Gemini_Generated_Image_1abjzw1abjzw1abj-1.png","width":1280,"height":720,"caption":"O corte long bob com franja lateral \u00e9 uma vers\u00e3o mais alongada do bob cl\u00e1ssico, com os fios na altura dos ombros ou um pouco abaixo"},{"@type":"BreadcrumbList","@id":"https:\/\/www.correiobraziliense.com.br\/cbradar\/4-cortes-de-cabelo-elegantes-modernos-e-superfaceis-de-manter-que-valorizam-o-rosto-dao-mais-leveza-ao-visual-e-combinam-com-qualquer-idade\/#breadcrumb","itemListElement":[{"@type":"ListItem","position":1,"name":"In\u00edcio","item":"https:\/\/www.correiobraziliense.com.br\/cbradar\/"},{"@type":"ListItem","position":2,"name":"4 cortes de cabelo elegantes, modernos e superf\u00e1ceis de manter que valorizam o rosto, d\u00e3o mais leveza ao visual e combinam com qualquer idade"}]},{"@type":"WebSite","@id":"https:\/\/www.correiobraziliense.com.br\/cbradar\/#website","url":"https:\/\/www.correiobraziliense.com.br\/cbradar\/","name":"Correio Braziliense - Radar","description":"Acompanhe as \u00faltimas not\u00edcias e fique bem informado sobre tudo o que acontece no Brasil e no mundo.","potentialAction":[{"@type":"SearchAction","target":{"@type":"EntryPoint","urlTemplate":"https:\/\/www.correiobraziliense.com.br\/cbradar\/?s={search_term_string}"},"query-input":{"@type":"PropertyValueSpecification","valueRequired":true,"valueName":"search_term_string"}}],"inLanguage":"pt-BR"},{"@type":"Person","@id":"https:\/\/www.correiobraziliense.com.br\/cbradar\/#\/schema\/person\/7356666e12ec0ee53f348ee5db227032","name":"Daniely Cardoso","image":{"@type":"ImageObject","inLanguage":"pt-BR","@id":"https:\/\/www.correiobraziliense.com.br\/cbradar\/#\/schema\/person\/image\/","url":"https:\/\/secure.gravatar.com\/avatar\/4b80ddbd124d1f071b626d52d62e5dff?s=96&d=mm&r=g","contentUrl":"https:\/\/secure.gravatar.com\/avatar\/4b80ddbd124d1f071b626d52d62e5dff?s=96&d=mm&r=g","caption":"Daniely Cardoso"},"description":"Redatora nos portais CB Radar e EM Foco, formada pela Universidade Federal de Goi\u00e1s, em Goi\u00e2nia. Apaixonada por comunica\u00e7\u00e3o, arte, decora\u00e7\u00e3o e tend\u00eancias, atuo na produ\u00e7\u00e3o de conte\u00fados envolventes sobre curiosidades, moda, beleza e paisagismo, sempre com um olhar atento \u00e0s novidades do momento.","sameAs":["https:\/\/www.correiobraziliense.com.br\/cbradar"],"url":"https:\/\/www.correiobraziliense.com.br\/cbradar\/author\/danielymyth\/"}]}},"_links":{"self":[{"href":"https:\/\/www.correiobraziliense.com.br\/cbradar\/wp-json\/wp\/v2\/posts\/234558","targetHints":{"allow":["GET"]}}],"collection":[{"href":"https:\/\/www.correiobraziliense.com.br\/cbradar\/wp-json\/wp\/v2\/posts"}],"about":[{"href":"https:\/\/www.correiobraziliense.com.br\/cbradar\/wp-json\/wp\/v2\/types\/post"}],"author":[{"embeddable":true,"href":"https:\/\/www.correiobraziliense.com.br\/cbradar\/wp-json\/wp\/v2\/users\/9"}],"replies":[{"embeddable":true,"href":"https:\/\/www.correiobraziliense.com.br\/cbradar\/wp-json\/wp\/v2\/comments?post=234558"}],"version-history":[{"count":1,"href":"https:\/\/www.correiobraziliense.com.br\/cbradar\/wp-json\/wp\/v2\/posts\/234558\/revisions"}],"predecessor-version":[{"id":234560,"href":"https:\/\/www.correiobraziliense.com.br\/cbradar\/wp-json\/wp\/v2\/posts\/234558\/revisions\/234560"}],"wp:featuredmedia":[{"embeddable":true,"href":"https:\/\/www.correiobraziliense.com.br\/cbradar\/wp-json\/wp\/v2\/media\/212294"}],"wp:attachment":[{"href":"https:\/\/www.correiobraziliense.com.br\/cbradar\/wp-json\/wp\/v2\/media?parent=234558"}],"wp:term":[{"taxonomy":"category","embeddable":true,"href":"https:\/\/www.correiobraziliense.com.br\/cbradar\/wp-json\/wp\/v2\/categories?post=234558"},{"taxonomy":"post_tag","embeddable":true,"href":"https:\/\/www.correiobraziliense.com.br\/cbradar\/wp-json\/wp\/v2\/tags?post=234558"}],"curies":[{"name":"wp","href":"https:\/\/api.w.org\/{rel}","templated":true}]}}