{"id":234561,"date":"2026-05-01T09:25:00","date_gmt":"2026-05-01T12:25:00","guid":{"rendered":"https:\/\/www.correiobraziliense.com.br\/cbradar\/?p=234561"},"modified":"2026-04-30T19:17:35","modified_gmt":"2026-04-30T22:17:35","slug":"4-cortes-de-cabelo-sofisticados-e-atemporais-que-deixam-os-fios-com-aparencia-mais-bonita-ajudam-a-rejuvenescer-o-visual-e-funcionam-bem-em-qualquer-idade","status":"publish","type":"post","link":"https:\/\/www.correiobraziliense.com.br\/cbradar\/4-cortes-de-cabelo-sofisticados-e-atemporais-que-deixam-os-fios-com-aparencia-mais-bonita-ajudam-a-rejuvenescer-o-visual-e-funcionam-bem-em-qualquer-idade\/","title":{"rendered":"4 cortes de cabelo sofisticados e atemporais que deixam os fios com apar\u00eancia mais bonita, ajudam a rejuvenescer o visual e funcionam bem em qualquer idade"},"content":{"rendered":"\n<p>A escolha de um novo estilo capilar pode transformar completamente a percep\u00e7\u00e3o da imagem pessoal, oferecendo frescor e eleg\u00e2ncia imediata. Muitas mulheres buscam op\u00e7\u00f5es que unam a praticidade do dia a dia com um design que valorize a estrutura \u00f3ssea e a sa\u00fade da fibra capilar.<\/p>\n\n\n\n<h2 class=\"wp-block-heading\">Como o corte reto com pontas levemente desfiadas promove densidade visual<\/h2>\n\n\n\n<p>O <strong>Blunt Cut<\/strong> m\u00e9dio \u00e9 uma das op\u00e7\u00f5es mais refinadas para quem deseja transmitir uma imagem de autoridade e cuidado est\u00e9tico superior. Ao manter a base alinhada com <strong>pontas desfiadas<\/strong> apenas na camada interna, o cabelo ganha uma apar\u00eancia de maior volume e peso, ideal para fios que sofrem com o afinamento natural ao longo dos anos.<\/p>\n\n\n\n<p>Essa estrutura evita que o visual pare\u00e7a pesado ou est\u00e1tico, permitindo um balan\u00e7o natural que reflete a luz de maneira mais uniforme. Investir em finalizadores de marcas como <strong>K\u00e9rastase<\/strong> ou <strong>Wella<\/strong> garante que esse alinhamento permane\u00e7a impec\u00e1vel, protegendo a integridade das pontas contra agress\u00f5es externas e polui\u00e7\u00e3o urbana.<\/p>\n\n\n<div class=\"wp-block-image\">\n<figure class=\"aligncenter size-full\"><img decoding=\"async\" width=\"1280\" height=\"720\" src=\"https:\/\/www.correiobraziliense.com.br\/cbradar\/wp-content\/uploads\/2026\/04\/corte-de-cabelo-3.jpg\" alt=\"\" class=\"wp-image-234562\" srcset=\"https:\/\/www.correiobraziliense.com.br\/cbradar\/wp-content\/uploads\/2026\/04\/corte-de-cabelo-3.jpg 1280w, https:\/\/www.correiobraziliense.com.br\/cbradar\/wp-content\/uploads\/2026\/04\/corte-de-cabelo-3-300x169.jpg 300w, https:\/\/www.correiobraziliense.com.br\/cbradar\/wp-content\/uploads\/2026\/04\/corte-de-cabelo-3-768x432.jpg 768w, https:\/\/www.correiobraziliense.com.br\/cbradar\/wp-content\/uploads\/2026\/04\/corte-de-cabelo-3-750x422.jpg 750w, https:\/\/www.correiobraziliense.com.br\/cbradar\/wp-content\/uploads\/2026\/04\/corte-de-cabelo-3-1140x641.jpg 1140w\" sizes=\"(max-width: 1280px) 100vw, 1280px\" \/><figcaption class=\"wp-element-caption\">O Blunt Cut m\u00e9dio \u00e9 uma das op\u00e7\u00f5es mais refinadas para quem deseja transmitir uma imagem de autoridade e cuidado est\u00e9tico superior<\/figcaption><\/figure><\/div>\n\n\n<p>Leia tamb\u00e9m: <a href=\"https:\/\/www.correiobraziliense.com.br\/cbradar\/4-cortes-de-cabelo-curto-que-ajudam-a-dar-mais-corpo-aos-fios-ralos-e-sem-volume\/\" target=\"_blank\" rel=\"noreferrer noopener\">4 cortes de cabelo curto que ajudam a dar mais corpo aos fios ralos e sem volume<\/a><\/p>\n\n\n\n<h2 class=\"wp-block-heading\">Vantagens do corte em camadas invis\u00edveis para dar leveza sem perder comprimento<\/h2>\n\n\n\n<p>As <strong>Ghost Layers<\/strong> s\u00e3o a solu\u00e7\u00e3o perfeita para quem n\u00e3o abre m\u00e3o do cabelo longo, mas sente necessidade de remover o aspecto cansado do semblante. Essa t\u00e9cnica consiste em criar camadas sutis que n\u00e3o s\u00e3o vis\u00edveis a olho nu, mas que conferem uma <strong>leveza estrutural<\/strong> e movimento din\u00e2mico a cada passo, rejuvenescendo a silhueta feminina de forma estrat\u00e9gica.<\/p>\n\n\n\n<p>O foco aqui \u00e9 garantir que o cabelo tenha uma fluidez que suavize as linhas de express\u00e3o ao redor dos olhos e mand\u00edbula. <em>Dica de mestre:<\/em> utilize um bom protetor t\u00e9rmico da <strong>L&#8217;Or\u00e9al<\/strong> antes de secar os fios, pois o calor controlado ajuda a destacar o movimento dessas camadas internas, mantendo o brilho acetinado e a suavidade ao toque por muito mais tempo.<\/p>\n\n\n\n<figure class=\"wp-block-embed is-type-rich is-provider-pinterest wp-block-embed-pinterest\"><div class=\"wp-block-embed__wrapper\">\n<iframe loading=\"lazy\" title=\" \" src=\"https:\/\/assets.pinterest.com\/ext\/embed.html?id=143130094402241799&#038;src=oembed\" height=\"863\" width=\"450\" frameborder=\"0\" scrolling=\"no\" ><\/iframe>\n<\/div><\/figure>\n\n\n\n<h2 class=\"wp-block-heading\">Como o Chanel de bico moderno alonga a silhueta e define o rosto<\/h2>\n\n\n\n<p>O cl\u00e1ssico <strong>Chanel de bico<\/strong>, com a parte frontal levemente mais longa que a nuca, cria uma linha diagonal que alonga visualmente o pesco\u00e7o e afina o rosto. Este design atemporal \u00e9 amplamente adotado em centros de moda como <strong>Paris<\/strong> e <strong>Nova Iorque<\/strong> por oferecer um perfil arquitet\u00f4nico que nunca sai de moda e combina com diversas texturas de fios.<\/p>\n\n\n\n<p>Para mulheres que buscam uma mudan\u00e7a marcante por\u00e9m segura, essa varia\u00e7\u00e3o oferece uma moldura que destaca a postura e a <strong>eleg\u00e2ncia natural<\/strong> em qualquer ambiente. <em>Aten\u00e7\u00e3o:<\/em> mantenha a manuten\u00e7\u00e3o do corte a cada dois meses para que a angula\u00e7\u00e3o frontal n\u00e3o perca a defini\u00e7\u00e3o, garantindo que o efeito de &#8220;lifting&#8221; visual permane\u00e7a ativo e valorizado.<\/p>\n\n\n\n<figure class=\"wp-block-embed is-type-rich is-provider-pinterest wp-block-embed-pinterest\"><div class=\"wp-block-embed__wrapper\">\n<iframe loading=\"lazy\" title=\"Finaliza\u00e7\u00e3o cl\u00e1ssica no cabelo curto \u2728 eu amo assim com as pontinhas pra dentro. Usei o Dyson pra dar todo esse movimento! Gostaram? \ud83e\udd0d #shorthair #cabelocurto #hairstyle\" src=\"https:\/\/assets.pinterest.com\/ext\/embed.html?id=406872147608072283&#038;src=oembed\" height=\"899\" width=\"450\" frameborder=\"0\" scrolling=\"no\" ><\/iframe>\n<\/div><\/figure>\n\n\n\n<h2 class=\"wp-block-heading\">Efeito das franjas laterais alongadas na harmoniza\u00e7\u00e3o dos tra\u00e7os faciais<\/h2>\n\n\n\n<p>A <strong>franja lateral<\/strong> na altura das ma\u00e7\u00e3s do rosto funciona como um acess\u00f3rio permanente que suaviza tra\u00e7os mais r\u00edgidos e traz um ar de jovialidade despretensiosa. Diferente das franjas retas, a vers\u00e3o alongada permite uma transi\u00e7\u00e3o suave para o restante do comprimento, facilitando o uso do cabelo preso com <strong>mechas frontais<\/strong> soltas que emolduram a face.<\/p>\n\n\n\n<ul class=\"wp-block-list\">\n<li>Reduz a apar\u00eancia de testa alta e suaviza o \u00e2ngulo do queixo.<\/li>\n\n\n\n<li>Permite versatilidade no uso di\u00e1rio, podendo ser presa facilmente se necess\u00e1rio.<\/li>\n\n\n\n<li>Valoriza a colora\u00e7\u00e3o em t\u00e9cnicas como <strong>Balayage<\/strong> ou luzes suaves.<\/li>\n\n\n\n<li>Adapta-se tanto a cabelos extremamente lisos quanto aos levemente ondulados.<\/li>\n<\/ul>\n\n\n\n<p>Ao adotar esse detalhe, voc\u00ea ganha uma ferramenta poderosa de <strong>visagismo aplicado<\/strong> que transforma um corte simples em algo personalizado e sofisticado. Explore o uso de sprays de brilho da <strong>Bra\u00e9<\/strong> para finalizar a franja, garantindo que ela tenha um acabamento profissional que resiste \u00e0 umidade e mant\u00e9m o desenho por todo o dia.<\/p>\n\n\n<div class=\"wp-block-image\">\n<figure class=\"aligncenter size-full\"><img decoding=\"async\" width=\"1280\" height=\"720\" src=\"https:\/\/www.correiobraziliense.com.br\/cbradar\/wp-content\/uploads\/2026\/03\/cabelo-.jpg\" alt=\"\" class=\"wp-image-214426\" srcset=\"https:\/\/www.correiobraziliense.com.br\/cbradar\/wp-content\/uploads\/2026\/03\/cabelo-.jpg 1280w, https:\/\/www.correiobraziliense.com.br\/cbradar\/wp-content\/uploads\/2026\/03\/cabelo--300x169.jpg 300w, https:\/\/www.correiobraziliense.com.br\/cbradar\/wp-content\/uploads\/2026\/03\/cabelo--768x432.jpg 768w, https:\/\/www.correiobraziliense.com.br\/cbradar\/wp-content\/uploads\/2026\/03\/cabelo--750x422.jpg 750w, https:\/\/www.correiobraziliense.com.br\/cbradar\/wp-content\/uploads\/2026\/03\/cabelo--1140x641.jpg 1140w\" sizes=\"(max-width: 1280px) 100vw, 1280px\" \/><figcaption class=\"wp-element-caption\">Em cabelos muito finos, o desfiado frontal pode ser combinado com uma leve escova\u00e7\u00e3o<\/figcaption><\/figure><\/div>\n\n\n<h2 class=\"wp-block-heading\">Escolher o design capilar correto transforma a percep\u00e7\u00e3o de autocuidado e vigor<\/h2>\n\n\n\n<p>Investir em um corte que respeite a <strong>natureza dos fios<\/strong> e a identidade pessoal \u00e9 o segredo para uma rotina de beleza que simplifica a vida e eleva a autoestima. Quando o cabelo est\u00e1 em harmonia com os desejos da mulher, a necessidade de estiliza\u00e7\u00e3o excessiva diminui, preservando a <strong>sa\u00fade capilar<\/strong> e mantendo o brilho natural por per\u00edodos prolongados.<\/p>\n\n\n\n<p>Consultar um profissional qualificado no <strong>Brasil<\/strong> para adaptar estas tend\u00eancias ao seu tipo de rosto garante que o resultado final seja \u00fanico e realmente funcional. Priorizar a sofistica\u00e7\u00e3o atemporal sobre modismos passageiros permite que voc\u00ea transite por diferentes fases da vida com a confian\u00e7a de quem carrega um visual <strong>sempre atual e vibrante<\/strong>.<\/p>\n","protected":false},"excerpt":{"rendered":"<p>A escolha de um novo estilo capilar pode transformar completamente a percep\u00e7\u00e3o da imagem pessoal, oferecendo frescor e eleg\u00e2ncia imediata. Muitas mulheres buscam op\u00e7\u00f5es que unam a praticidade do dia a dia com um design que valorize a estrutura \u00f3ssea e a sa\u00fade da fibra capilar. Como o corte reto com pontas levemente desfiadas promove [&hellip;]<\/p>\n","protected":false},"author":9,"featured_media":234960,"comment_status":"open","ping_status":"open","sticky":false,"template":"","format":"standard","meta":{"_yoast_wpseo_focuskw":"cabelo sofisticados","_yoast_wpseo_title":"","_yoast_wpseo_metadesc":"Cortes modernos valorizam o rosto d\u00e3o movimento aos fios e ajudam a manter um visual elegante pr\u00e1tico e f\u00e1cil de cuidar no dia a dia.","jnews-multi-image_gallery":[],"jnews_single_post":{"format":"standard"},"jnews_primary_category":[],"jnews_social_meta":[],"jnews_override_counter":[],"footnotes":""},"categories":[124],"tags":[18416,3678,18417],"class_list":["post-234561","post","type-post","status-publish","format-standard","has-post-thumbnail","hentry","category-beleza","tag-cabelo-sofisticados","tag-corte-de-cabelo","tag-tendencia-de-corte-de-cabelo"],"yoast_head":"<!-- This site is optimized with the Yoast SEO plugin v24.6 - https:\/\/yoast.com\/wordpress\/plugins\/seo\/ -->\n<title>4 cortes de cabelo sofisticados e atemporais que deixam os fios com apar\u00eancia mais bonita, ajudam a rejuvenescer o visual e funcionam bem em qualquer idade - Correio Braziliense - Radar<\/title>\n<meta name=\"description\" content=\"Cortes modernos valorizam o rosto d\u00e3o movimento aos fios e ajudam a manter um visual elegante pr\u00e1tico e f\u00e1cil de cuidar no dia a dia.\" \/>\n<meta name=\"robots\" content=\"index, follow, max-snippet:-1, max-image-preview:large, max-video-preview:-1\" \/>\n<link rel=\"canonical\" href=\"https:\/\/www.correiobraziliense.com.br\/cbradar\/4-cortes-de-cabelo-sofisticados-e-atemporais-que-deixam-os-fios-com-aparencia-mais-bonita-ajudam-a-rejuvenescer-o-visual-e-funcionam-bem-em-qualquer-idade\/\" \/>\n<meta property=\"og:locale\" content=\"pt_BR\" \/>\n<meta property=\"og:type\" content=\"article\" \/>\n<meta property=\"og:title\" content=\"4 cortes de cabelo sofisticados e atemporais que deixam os fios com apar\u00eancia mais bonita, ajudam a rejuvenescer o visual e funcionam bem em qualquer idade - Correio Braziliense - Radar\" \/>\n<meta property=\"og:description\" content=\"Cortes modernos valorizam o rosto d\u00e3o movimento aos fios e ajudam a manter um visual elegante pr\u00e1tico e f\u00e1cil de cuidar no dia a dia.\" \/>\n<meta property=\"og:url\" content=\"https:\/\/www.correiobraziliense.com.br\/cbradar\/4-cortes-de-cabelo-sofisticados-e-atemporais-que-deixam-os-fios-com-aparencia-mais-bonita-ajudam-a-rejuvenescer-o-visual-e-funcionam-bem-em-qualquer-idade\/\" \/>\n<meta property=\"og:site_name\" content=\"Correio Braziliense - Radar\" \/>\n<meta property=\"article:published_time\" content=\"2026-05-01T12:25:00+00:00\" \/>\n<meta property=\"og:image\" content=\"https:\/\/www.correiobraziliense.com.br\/cbradar\/wp-content\/uploads\/2026\/05\/corte-de-cabelo-4.jpg\" \/>\n\t<meta property=\"og:image:width\" content=\"1280\" \/>\n\t<meta property=\"og:image:height\" content=\"720\" \/>\n\t<meta property=\"og:image:type\" content=\"image\/jpeg\" \/>\n<meta name=\"author\" content=\"Daniely Cardoso\" \/>\n<meta name=\"twitter:card\" content=\"summary_large_image\" \/>\n<meta name=\"twitter:label1\" content=\"Escrito por\" \/>\n\t<meta name=\"twitter:data1\" content=\"Daniely Cardoso\" \/>\n\t<meta name=\"twitter:label2\" content=\"Est. tempo de leitura\" \/>\n\t<meta name=\"twitter:data2\" content=\"5 minutos\" \/>\n<!-- \/ Yoast SEO plugin. -->","yoast_head_json":{"title":"4 cortes de cabelo sofisticados e atemporais que deixam os fios com apar\u00eancia mais bonita, ajudam a rejuvenescer o visual e funcionam bem em qualquer idade - Correio Braziliense - Radar","description":"Cortes modernos valorizam o rosto d\u00e3o movimento aos fios e ajudam a manter um visual elegante pr\u00e1tico e f\u00e1cil de cuidar no dia a dia.","robots":{"index":"index","follow":"follow","max-snippet":"max-snippet:-1","max-image-preview":"max-image-preview:large","max-video-preview":"max-video-preview:-1"},"canonical":"https:\/\/www.correiobraziliense.com.br\/cbradar\/4-cortes-de-cabelo-sofisticados-e-atemporais-que-deixam-os-fios-com-aparencia-mais-bonita-ajudam-a-rejuvenescer-o-visual-e-funcionam-bem-em-qualquer-idade\/","og_locale":"pt_BR","og_type":"article","og_title":"4 cortes de cabelo sofisticados e atemporais que deixam os fios com apar\u00eancia mais bonita, ajudam a rejuvenescer o visual e funcionam bem em qualquer idade - Correio Braziliense - Radar","og_description":"Cortes modernos valorizam o rosto d\u00e3o movimento aos fios e ajudam a manter um visual elegante pr\u00e1tico e f\u00e1cil de cuidar no dia a dia.","og_url":"https:\/\/www.correiobraziliense.com.br\/cbradar\/4-cortes-de-cabelo-sofisticados-e-atemporais-que-deixam-os-fios-com-aparencia-mais-bonita-ajudam-a-rejuvenescer-o-visual-e-funcionam-bem-em-qualquer-idade\/","og_site_name":"Correio Braziliense - Radar","article_published_time":"2026-05-01T12:25:00+00:00","og_image":[{"width":1280,"height":720,"url":"https:\/\/www.correiobraziliense.com.br\/cbradar\/wp-content\/uploads\/2026\/05\/corte-de-cabelo-4.jpg","type":"image\/jpeg"}],"author":"Daniely Cardoso","twitter_card":"summary_large_image","twitter_misc":{"Escrito por":"Daniely Cardoso","Est. tempo de leitura":"5 minutos"},"schema":{"@context":"https:\/\/schema.org","@graph":[{"@type":"WebPage","@id":"https:\/\/www.correiobraziliense.com.br\/cbradar\/4-cortes-de-cabelo-sofisticados-e-atemporais-que-deixam-os-fios-com-aparencia-mais-bonita-ajudam-a-rejuvenescer-o-visual-e-funcionam-bem-em-qualquer-idade\/","url":"https:\/\/www.correiobraziliense.com.br\/cbradar\/4-cortes-de-cabelo-sofisticados-e-atemporais-que-deixam-os-fios-com-aparencia-mais-bonita-ajudam-a-rejuvenescer-o-visual-e-funcionam-bem-em-qualquer-idade\/","name":"4 cortes de cabelo sofisticados e atemporais que deixam os fios com apar\u00eancia mais bonita, ajudam a rejuvenescer o visual e funcionam bem em qualquer idade - Correio Braziliense - Radar","isPartOf":{"@id":"https:\/\/www.correiobraziliense.com.br\/cbradar\/#website"},"primaryImageOfPage":{"@id":"https:\/\/www.correiobraziliense.com.br\/cbradar\/4-cortes-de-cabelo-sofisticados-e-atemporais-que-deixam-os-fios-com-aparencia-mais-bonita-ajudam-a-rejuvenescer-o-visual-e-funcionam-bem-em-qualquer-idade\/#primaryimage"},"image":{"@id":"https:\/\/www.correiobraziliense.com.br\/cbradar\/4-cortes-de-cabelo-sofisticados-e-atemporais-que-deixam-os-fios-com-aparencia-mais-bonita-ajudam-a-rejuvenescer-o-visual-e-funcionam-bem-em-qualquer-idade\/#primaryimage"},"thumbnailUrl":"https:\/\/www.correiobraziliense.com.br\/cbradar\/wp-content\/uploads\/2026\/05\/corte-de-cabelo-4.jpg","datePublished":"2026-05-01T12:25:00+00:00","author":{"@id":"https:\/\/www.correiobraziliense.com.br\/cbradar\/#\/schema\/person\/7356666e12ec0ee53f348ee5db227032"},"description":"Cortes modernos valorizam o rosto d\u00e3o movimento aos fios e ajudam a manter um visual elegante pr\u00e1tico e f\u00e1cil de cuidar no dia a dia.","breadcrumb":{"@id":"https:\/\/www.correiobraziliense.com.br\/cbradar\/4-cortes-de-cabelo-sofisticados-e-atemporais-que-deixam-os-fios-com-aparencia-mais-bonita-ajudam-a-rejuvenescer-o-visual-e-funcionam-bem-em-qualquer-idade\/#breadcrumb"},"inLanguage":"pt-BR","potentialAction":[{"@type":"ReadAction","target":["https:\/\/www.correiobraziliense.com.br\/cbradar\/4-cortes-de-cabelo-sofisticados-e-atemporais-que-deixam-os-fios-com-aparencia-mais-bonita-ajudam-a-rejuvenescer-o-visual-e-funcionam-bem-em-qualquer-idade\/"]}]},{"@type":"ImageObject","inLanguage":"pt-BR","@id":"https:\/\/www.correiobraziliense.com.br\/cbradar\/4-cortes-de-cabelo-sofisticados-e-atemporais-que-deixam-os-fios-com-aparencia-mais-bonita-ajudam-a-rejuvenescer-o-visual-e-funcionam-bem-em-qualquer-idade\/#primaryimage","url":"https:\/\/www.correiobraziliense.com.br\/cbradar\/wp-content\/uploads\/2026\/05\/corte-de-cabelo-4.jpg","contentUrl":"https:\/\/www.correiobraziliense.com.br\/cbradar\/wp-content\/uploads\/2026\/05\/corte-de-cabelo-4.jpg","width":1280,"height":720,"caption":"Essa estrutura evita que o visual pare\u00e7a pesado ou est\u00e1tico, permitindo um balan\u00e7o natural que reflete a luz de maneira mais uniforme"},{"@type":"BreadcrumbList","@id":"https:\/\/www.correiobraziliense.com.br\/cbradar\/4-cortes-de-cabelo-sofisticados-e-atemporais-que-deixam-os-fios-com-aparencia-mais-bonita-ajudam-a-rejuvenescer-o-visual-e-funcionam-bem-em-qualquer-idade\/#breadcrumb","itemListElement":[{"@type":"ListItem","position":1,"name":"In\u00edcio","item":"https:\/\/www.correiobraziliense.com.br\/cbradar\/"},{"@type":"ListItem","position":2,"name":"4 cortes de cabelo sofisticados e atemporais que deixam os fios com apar\u00eancia mais bonita, ajudam a rejuvenescer o visual e funcionam bem em qualquer idade"}]},{"@type":"WebSite","@id":"https:\/\/www.correiobraziliense.com.br\/cbradar\/#website","url":"https:\/\/www.correiobraziliense.com.br\/cbradar\/","name":"Correio Braziliense - Radar","description":"Acompanhe as \u00faltimas not\u00edcias e fique bem informado sobre tudo o que acontece no Brasil e no mundo.","potentialAction":[{"@type":"SearchAction","target":{"@type":"EntryPoint","urlTemplate":"https:\/\/www.correiobraziliense.com.br\/cbradar\/?s={search_term_string}"},"query-input":{"@type":"PropertyValueSpecification","valueRequired":true,"valueName":"search_term_string"}}],"inLanguage":"pt-BR"},{"@type":"Person","@id":"https:\/\/www.correiobraziliense.com.br\/cbradar\/#\/schema\/person\/7356666e12ec0ee53f348ee5db227032","name":"Daniely Cardoso","image":{"@type":"ImageObject","inLanguage":"pt-BR","@id":"https:\/\/www.correiobraziliense.com.br\/cbradar\/#\/schema\/person\/image\/","url":"https:\/\/secure.gravatar.com\/avatar\/4b80ddbd124d1f071b626d52d62e5dff?s=96&d=mm&r=g","contentUrl":"https:\/\/secure.gravatar.com\/avatar\/4b80ddbd124d1f071b626d52d62e5dff?s=96&d=mm&r=g","caption":"Daniely Cardoso"},"description":"Redatora nos portais CB Radar e EM Foco, formada pela Universidade Federal de Goi\u00e1s, em Goi\u00e2nia. Apaixonada por comunica\u00e7\u00e3o, arte, decora\u00e7\u00e3o e tend\u00eancias, atuo na produ\u00e7\u00e3o de conte\u00fados envolventes sobre curiosidades, moda, beleza e paisagismo, sempre com um olhar atento \u00e0s novidades do momento.","sameAs":["https:\/\/www.correiobraziliense.com.br\/cbradar"],"url":"https:\/\/www.correiobraziliense.com.br\/cbradar\/author\/danielymyth\/"}]}},"_links":{"self":[{"href":"https:\/\/www.correiobraziliense.com.br\/cbradar\/wp-json\/wp\/v2\/posts\/234561","targetHints":{"allow":["GET"]}}],"collection":[{"href":"https:\/\/www.correiobraziliense.com.br\/cbradar\/wp-json\/wp\/v2\/posts"}],"about":[{"href":"https:\/\/www.correiobraziliense.com.br\/cbradar\/wp-json\/wp\/v2\/types\/post"}],"author":[{"embeddable":true,"href":"https:\/\/www.correiobraziliense.com.br\/cbradar\/wp-json\/wp\/v2\/users\/9"}],"replies":[{"embeddable":true,"href":"https:\/\/www.correiobraziliense.com.br\/cbradar\/wp-json\/wp\/v2\/comments?post=234561"}],"version-history":[{"count":1,"href":"https:\/\/www.correiobraziliense.com.br\/cbradar\/wp-json\/wp\/v2\/posts\/234561\/revisions"}],"predecessor-version":[{"id":234563,"href":"https:\/\/www.correiobraziliense.com.br\/cbradar\/wp-json\/wp\/v2\/posts\/234561\/revisions\/234563"}],"wp:featuredmedia":[{"embeddable":true,"href":"https:\/\/www.correiobraziliense.com.br\/cbradar\/wp-json\/wp\/v2\/media\/234960"}],"wp:attachment":[{"href":"https:\/\/www.correiobraziliense.com.br\/cbradar\/wp-json\/wp\/v2\/media?parent=234561"}],"wp:term":[{"taxonomy":"category","embeddable":true,"href":"https:\/\/www.correiobraziliense.com.br\/cbradar\/wp-json\/wp\/v2\/categories?post=234561"},{"taxonomy":"post_tag","embeddable":true,"href":"https:\/\/www.correiobraziliense.com.br\/cbradar\/wp-json\/wp\/v2\/tags?post=234561"}],"curies":[{"name":"wp","href":"https:\/\/api.w.org\/{rel}","templated":true}]}}