{"id":234564,"date":"2026-05-01T10:05:00","date_gmt":"2026-05-01T13:05:00","guid":{"rendered":"https:\/\/www.correiobraziliense.com.br\/cbradar\/?p=234564"},"modified":"2026-04-30T19:20:33","modified_gmt":"2026-04-30T22:20:33","slug":"4-perfumes-femininos-sofisticados-marcantes-e-nada-obvios-que-deixam-uma-impressao-elegante-duram-bem-na-pele-e-elevam-qualquer-producao","status":"publish","type":"post","link":"https:\/\/www.correiobraziliense.com.br\/cbradar\/4-perfumes-femininos-sofisticados-marcantes-e-nada-obvios-que-deixam-uma-impressao-elegante-duram-bem-na-pele-e-elevam-qualquer-producao\/","title":{"rendered":"4 perfumes femininos sofisticados, marcantes e nada \u00f3bvios que deixam uma impress\u00e3o elegante, duram bem na pele e elevam qualquer produ\u00e7\u00e3o"},"content":{"rendered":"\n<p>A escolha de uma fragr\u00e2ncia exclusiva \u00e9 capaz de transformar a percep\u00e7\u00e3o da imagem pessoal, oferecendo uma assinatura olfativa que combina com momentos de destaque e sofistica\u00e7\u00e3o. Muitas mulheres buscam op\u00e7\u00f5es na perfumaria nacional que entreguem a mesma complexidade e fixa\u00e7\u00e3o de marcas importadas famosas.<\/p>\n\n\n\n<h2 class=\"wp-block-heading\">Fragr\u00e2ncias nacionais com desempenho de perfumaria internacional<\/h2>\n\n\n\n<p>O mercado de <strong>perfumes sofisticados<\/strong> no <strong>Brasil<\/strong> atingiu um patamar onde a qualidade das mat\u00e9rias-primas permite uma evolu\u00e7\u00e3o olfativa rica e duradoura na pele. O <strong>Botic\u00e1rio<\/strong> investe em tecnologias exclusivas de extra\u00e7\u00e3o que garantem notas de topo e cora\u00e7\u00e3o muito pr\u00f3ximas aos padr\u00f5es encontrados na <strong>Fran\u00e7a<\/strong>.<\/p>\n\n\n\n<p>Apostar em uma <strong>assinatura olfativa<\/strong> brasileira significa valorizar cria\u00e7\u00f5es que consideram o clima tropical e a diversidade de ocasi\u00f5es do nosso cotidiano moderno. Essas escolhas demonstram que \u00e9 poss\u00edvel exalar luxo e refinamento utilizando produtos acess\u00edveis que possuem um design de embalagem digno de colecionador.<\/p>\n\n\n<div class=\"wp-block-image\">\n<figure class=\"aligncenter size-full\"><img decoding=\"async\" width=\"1280\" height=\"720\" src=\"https:\/\/www.correiobraziliense.com.br\/cbradar\/wp-content\/uploads\/2026\/03\/Gemini_Generated_Image_beukfqbeukfqbeuk-1.png\" alt=\"\" class=\"wp-image-212585\" srcset=\"https:\/\/www.correiobraziliense.com.br\/cbradar\/wp-content\/uploads\/2026\/03\/Gemini_Generated_Image_beukfqbeukfqbeuk-1.png 1280w, https:\/\/www.correiobraziliense.com.br\/cbradar\/wp-content\/uploads\/2026\/03\/Gemini_Generated_Image_beukfqbeukfqbeuk-1-300x169.png 300w, https:\/\/www.correiobraziliense.com.br\/cbradar\/wp-content\/uploads\/2026\/03\/Gemini_Generated_Image_beukfqbeukfqbeuk-1-768x432.png 768w, https:\/\/www.correiobraziliense.com.br\/cbradar\/wp-content\/uploads\/2026\/03\/Gemini_Generated_Image_beukfqbeukfqbeuk-1-750x422.png 750w, https:\/\/www.correiobraziliense.com.br\/cbradar\/wp-content\/uploads\/2026\/03\/Gemini_Generated_Image_beukfqbeukfqbeuk-1-1140x641.png 1140w\" sizes=\"(max-width: 1280px) 100vw, 1280px\" \/><figcaption class=\"wp-element-caption\">Em meio a tantos cl\u00e1ssicos e lan\u00e7amentos que continuam em alta em 2026<\/figcaption><\/figure><\/div>\n\n\n<p>Leia tamb\u00e9m: <a href=\"https:\/\/www.correiobraziliense.com.br\/cbradar\/4-cortes-de-cabelo-curto-que-ajudam-a-dar-mais-corpo-aos-fios-ralos-e-sem-volume\/\" target=\"_blank\" rel=\"noreferrer noopener\">4 cortes de cabelo curto que ajudam a dar mais corpo aos fios ralos e sem volume<\/a><\/p>\n\n\n\n<h2 class=\"wp-block-heading\">Coffee Addictive e a sedu\u00e7\u00e3o do caf\u00e9 ar\u00e1bica<\/h2>\n\n\n\n<p>A linha <strong>Coffee<\/strong> \u00e9 reconhecida por utilizar a tecnologia de infus\u00e3o de gr\u00e3os nobres, resultando em um <strong>perfume marcante<\/strong> que equilibra do\u00e7ura e intensidade de forma magistral. O <strong>Coffee Addictive<\/strong> destaca-se por sua composi\u00e7\u00e3o que foge do tradicional gourmand, apresentando um rastro envolvente que domina o ambiente com suavidade.<\/p>\n\n\n\n<p>Para quem deseja uma <strong>fragr\u00e2ncia noturna<\/strong> que resista a eventos longos, essa op\u00e7\u00e3o entrega notas de baunilha e \u00e2mbar que fixam por mais de oito horas. <em>Ponto de aten\u00e7\u00e3o<\/em>: evite aplicar em excesso durante o dia, pois a proje\u00e7\u00e3o dessa joia do <strong>Botic\u00e1rio<\/strong> \u00e9 alta e feita para ser notada.<\/p>\n\n\n\n<figure class=\"wp-block-embed is-type-rich is-provider-pinterest wp-block-embed-pinterest\"><div class=\"wp-block-embed__wrapper\">\n<iframe loading=\"lazy\" title=\"Shopee Brasil | Ofertas incr\u00edveis. Melhores pre\u00e7os do mercado\" src=\"https:\/\/assets.pinterest.com\/ext\/embed.html?id=608267493465066852&#038;src=oembed\" height=\"686\" width=\"450\" frameborder=\"0\" scrolling=\"no\" ><\/iframe>\n<\/div><\/figure>\n\n\n\n<h2 class=\"wp-block-heading\">Elys\u00e9e Succ\u00e8s e o segredo da rosa negra<\/h2>\n\n\n\n<p>A fam\u00edlia <strong>Elys\u00e9e<\/strong> representa o topo da sofistica\u00e7\u00e3o da marca, utilizando o processo de <em>enfleurage<\/em> para extrair a ess\u00eancia mais pura das flores raras. O <strong>Elys\u00e9e Succ\u00e8s<\/strong> traz a combina\u00e7\u00e3o audaciosa da <strong>Rosa Negra da Turquia<\/strong> com o oud, criando um aroma seco, elegante e extremamente contempor\u00e2neo.<\/p>\n\n\n\n<p>Essa escolha \u00e9 ideal para lideran\u00e7as que buscam um <strong>perfume para o trabalho<\/strong> que comunique seriedade e bom gosto sem parecer datado ou excessivamente rom\u00e2ntico. O frasco em formato de joia reflete a proposta de exclusividade, sendo um item indispens\u00e1vel para mulheres que apreciam a alta perfumaria com toques orientais.<\/p>\n\n\n\n<h2 class=\"wp-block-heading\">Lily Le Parfum como auge da sofistica\u00e7\u00e3o floral<\/h2>\n\n\n\n<p>A transi\u00e7\u00e3o do tradicional <strong>Lily<\/strong> para a vers\u00e3o <strong>Le Parfum<\/strong> trouxe uma concentra\u00e7\u00e3o de \u00f3leos essenciais muito superior, garantindo uma <strong>exala\u00e7\u00e3o luxuosa<\/strong> e cont\u00ednua. A extra\u00e7\u00e3o artesanal do l\u00edrio garante uma pureza que remete aos jardins mais exclusivos da <strong>Europa<\/strong>, mantendo uma aura de frescor e limpeza absoluta.<\/p>\n\n\n\n<p>Ao utilizar esse <strong>extrato de perfume<\/strong>, a mulher garante uma presen\u00e7a luminosa que harmoniza com trajes formais e ocasi\u00f5es especiais que pedem um toque de classe. <em>Dica de uso<\/em>: aplique em pontos de pulsa\u00e7\u00e3o como nuca e atr\u00e1s das orelhas para que o calor do corpo ajude a difundir as notas florais gradualmente.<\/p>\n\n\n<div class=\"wp-block-image\">\n<figure class=\"aligncenter size-full\"><img decoding=\"async\" width=\"1280\" height=\"720\" src=\"https:\/\/www.correiobraziliense.com.br\/cbradar\/wp-content\/uploads\/2026\/04\/perfume.jpg\" alt=\"\" class=\"wp-image-233385\" srcset=\"https:\/\/www.correiobraziliense.com.br\/cbradar\/wp-content\/uploads\/2026\/04\/perfume.jpg 1280w, https:\/\/www.correiobraziliense.com.br\/cbradar\/wp-content\/uploads\/2026\/04\/perfume-300x169.jpg 300w, https:\/\/www.correiobraziliense.com.br\/cbradar\/wp-content\/uploads\/2026\/04\/perfume-768x432.jpg 768w, https:\/\/www.correiobraziliense.com.br\/cbradar\/wp-content\/uploads\/2026\/04\/perfume-750x422.jpg 750w, https:\/\/www.correiobraziliense.com.br\/cbradar\/wp-content\/uploads\/2026\/04\/perfume-1140x641.jpg 1140w\" sizes=\"(max-width: 1280px) 100vw, 1280px\" \/><figcaption class=\"wp-element-caption\">O Lily \u00e9 mundialmente reconhecido por utilizar a t\u00e9cnica milenar do enfleurage, um processo artesanal que extrai o \u00f3leo essencial<\/figcaption><\/figure><\/div>\n\n\n<h2 class=\"wp-block-heading\">Vantagens de investir em perfumes que saem do tradicional<\/h2>\n\n\n\n<p>Sair do senso comum olfativo permite que voc\u00ea seja lembrada por uma caracter\u00edstica \u00fanica, evitando fragr\u00e2ncias saturadas que muitas pessoas j\u00e1 utilizam simultaneamente. Os <strong>perfumes fora do \u00f3bvio<\/strong> criam uma identidade pr\u00f3pria, fazendo com que o seu rastro seja uma extens\u00e3o direta da sua personalidade e estilo de vida.<\/p>\n\n\n\n<ul class=\"wp-block-list\">\n<li>Desenvolvem uma <strong>mem\u00f3ria olfativa<\/strong> positiva em colegas, amigos e parceiros de forma sutil.<\/li>\n\n\n\n<li>Oferecem <strong>melhor custo-benef\u00edcio<\/strong> quando comparados aos importados com as mesmas pir\u00e2mides olfativas.<\/li>\n\n\n\n<li>Garantem <strong>exclusividade sensorial<\/strong> em eventos sociais onde o padr\u00e3o costuma ser o mesmo.<\/li>\n\n\n\n<li>Possuem <strong>ingredientes sustent\u00e1veis<\/strong> e processos de fabrica\u00e7\u00e3o que respeitam o meio ambiente nacional.<\/li>\n<\/ul>\n\n\n\n<p>Explorar essas nuances ajuda a descobrir qual fam\u00edlia olfativa melhor se adapta \u00e0 sua qu\u00edmica corporal, proporcionando um conforto di\u00e1rio inigual\u00e1vel. Conectar sua ess\u00eancia a um <strong>perfume de nicho<\/strong> nacional \u00e9 uma estrat\u00e9gia inteligente de imagem que une economia, patriotismo e extremo refinamento est\u00e9tico.<\/p>\n\n\n\n<p>Se voc\u00ea gosta de dicas, separamos esse v\u00eddeo do canal da <a href=\"https:\/\/www.youtube.com\/@thaisnakatu\" target=\"_blank\" rel=\"noreferrer noopener\">Use comigo Com Tha\u00eds Nakatu<\/a> mostrando mais sobre esse perfume:<\/p>\n\n\n\n<figure class=\"wp-block-embed is-type-video is-provider-youtube wp-block-embed-youtube wp-embed-aspect-16-9 wp-has-aspect-ratio\"><div class=\"wp-block-embed__wrapper\">\n<div class=\"jeg_video_container jeg_video_content\"><iframe loading=\"lazy\" title=\"Elys\u00e9e Succ\u00e8s - Lan\u00e7amento O Botic\u00e1rio\" width=\"500\" height=\"281\" src=\"https:\/\/www.youtube.com\/embed\/VYg0ZoMqmkk?feature=oembed\" frameborder=\"0\" allow=\"accelerometer; autoplay; clipboard-write; encrypted-media; gyroscope; picture-in-picture; web-share\" referrerpolicy=\"strict-origin-when-cross-origin\" allowfullscreen><\/iframe><\/div>\n<\/div><\/figure>\n\n\n\n<h2 class=\"wp-block-heading\">Escolha a fragr\u00e2ncia que melhor reflete sua identidade atual<\/h2>\n\n\n\n<p>A perfumaria \u00e9 uma ferramenta poderosa de <strong>comunica\u00e7\u00e3o n\u00e3o verbal<\/strong> que deve ser utilizada estrategicamente para refor\u00e7ar sua presen\u00e7a em qualquer local. Ao optar por um dos t\u00edtulos citados do <strong>Botic\u00e1rio<\/strong>, voc\u00ea eleva o padr\u00e3o do seu autocuidado, garantindo que sua marca seja sentida antes mesmo da sua fala.<\/p>\n\n\n\n<p>Manter a curiosidade por novos aromas permite uma renova\u00e7\u00e3o constante da sua <strong>est\u00e9tica olfativa<\/strong>, acompanhando as mudan\u00e7as de fase da vida com total harmonia. Priorizar a qualidade e a fixa\u00e7\u00e3o assegura que o investimento se transforme em elogios e em uma sensa\u00e7\u00e3o permanente de bem-estar, luxo e sofistica\u00e7\u00e3o inabal\u00e1vel.<\/p>\n","protected":false},"excerpt":{"rendered":"<p>A escolha de uma fragr\u00e2ncia exclusiva \u00e9 capaz de transformar a percep\u00e7\u00e3o da imagem pessoal, oferecendo uma assinatura olfativa que combina com momentos de destaque e sofistica\u00e7\u00e3o. Muitas mulheres buscam op\u00e7\u00f5es na perfumaria nacional que entreguem a mesma complexidade e fixa\u00e7\u00e3o de marcas importadas famosas. Fragr\u00e2ncias nacionais com desempenho de perfumaria internacional O mercado de [&hellip;]<\/p>\n","protected":false},"author":9,"featured_media":234962,"comment_status":"open","ping_status":"open","sticky":false,"template":"","format":"standard","meta":{"_yoast_wpseo_focuskw":"perfumes femininos sofisticados","_yoast_wpseo_title":"","_yoast_wpseo_metadesc":"Perfumes nacionais oferecem fixa\u00e7\u00e3o marcante sofistica\u00e7\u00e3o e identidade \u00fanica com fragr\u00e2ncias que elevam sua presen\u00e7a no dia a dia.","jnews-multi-image_gallery":[],"jnews_single_post":{"format":"standard"},"jnews_primary_category":[],"jnews_social_meta":[],"jnews_override_counter":[],"footnotes":""},"categories":[124],"tags":[18419,747,18418],"class_list":["post-234564","post","type-post","status-publish","format-standard","has-post-thumbnail","hentry","category-beleza","tag-fragrancias-nacionais","tag-perfumes","tag-perfumes-femininos-sofisticados"],"yoast_head":"<!-- This site is optimized with the Yoast SEO plugin v24.6 - https:\/\/yoast.com\/wordpress\/plugins\/seo\/ -->\n<title>4 perfumes femininos sofisticados, marcantes e nada \u00f3bvios que deixam uma impress\u00e3o elegante, duram bem na pele e elevam qualquer produ\u00e7\u00e3o - Correio Braziliense - Radar<\/title>\n<meta name=\"description\" content=\"Perfumes nacionais oferecem fixa\u00e7\u00e3o marcante sofistica\u00e7\u00e3o e identidade \u00fanica com fragr\u00e2ncias que elevam sua presen\u00e7a no dia a dia.\" \/>\n<meta name=\"robots\" content=\"index, follow, max-snippet:-1, max-image-preview:large, max-video-preview:-1\" \/>\n<link rel=\"canonical\" href=\"https:\/\/www.correiobraziliense.com.br\/cbradar\/4-perfumes-femininos-sofisticados-marcantes-e-nada-obvios-que-deixam-uma-impressao-elegante-duram-bem-na-pele-e-elevam-qualquer-producao\/\" \/>\n<meta property=\"og:locale\" content=\"pt_BR\" \/>\n<meta property=\"og:type\" content=\"article\" \/>\n<meta property=\"og:title\" content=\"4 perfumes femininos sofisticados, marcantes e nada \u00f3bvios que deixam uma impress\u00e3o elegante, duram bem na pele e elevam qualquer produ\u00e7\u00e3o - Correio Braziliense - Radar\" \/>\n<meta property=\"og:description\" content=\"Perfumes nacionais oferecem fixa\u00e7\u00e3o marcante sofistica\u00e7\u00e3o e identidade \u00fanica com fragr\u00e2ncias que elevam sua presen\u00e7a no dia a dia.\" \/>\n<meta property=\"og:url\" content=\"https:\/\/www.correiobraziliense.com.br\/cbradar\/4-perfumes-femininos-sofisticados-marcantes-e-nada-obvios-que-deixam-uma-impressao-elegante-duram-bem-na-pele-e-elevam-qualquer-producao\/\" \/>\n<meta property=\"og:site_name\" content=\"Correio Braziliense - Radar\" \/>\n<meta property=\"article:published_time\" content=\"2026-05-01T13:05:00+00:00\" \/>\n<meta property=\"og:image\" content=\"https:\/\/www.correiobraziliense.com.br\/cbradar\/wp-content\/uploads\/2026\/05\/perfume-1.jpg\" \/>\n\t<meta property=\"og:image:width\" content=\"1280\" \/>\n\t<meta property=\"og:image:height\" content=\"720\" \/>\n\t<meta property=\"og:image:type\" content=\"image\/jpeg\" \/>\n<meta name=\"author\" content=\"Daniely Cardoso\" \/>\n<meta name=\"twitter:card\" content=\"summary_large_image\" \/>\n<meta name=\"twitter:label1\" content=\"Escrito por\" \/>\n\t<meta name=\"twitter:data1\" content=\"Daniely Cardoso\" \/>\n\t<meta name=\"twitter:label2\" content=\"Est. tempo de leitura\" \/>\n\t<meta name=\"twitter:data2\" content=\"5 minutos\" \/>\n<!-- \/ Yoast SEO plugin. -->","yoast_head_json":{"title":"4 perfumes femininos sofisticados, marcantes e nada \u00f3bvios que deixam uma impress\u00e3o elegante, duram bem na pele e elevam qualquer produ\u00e7\u00e3o - Correio Braziliense - Radar","description":"Perfumes nacionais oferecem fixa\u00e7\u00e3o marcante sofistica\u00e7\u00e3o e identidade \u00fanica com fragr\u00e2ncias que elevam sua presen\u00e7a no dia a dia.","robots":{"index":"index","follow":"follow","max-snippet":"max-snippet:-1","max-image-preview":"max-image-preview:large","max-video-preview":"max-video-preview:-1"},"canonical":"https:\/\/www.correiobraziliense.com.br\/cbradar\/4-perfumes-femininos-sofisticados-marcantes-e-nada-obvios-que-deixam-uma-impressao-elegante-duram-bem-na-pele-e-elevam-qualquer-producao\/","og_locale":"pt_BR","og_type":"article","og_title":"4 perfumes femininos sofisticados, marcantes e nada \u00f3bvios que deixam uma impress\u00e3o elegante, duram bem na pele e elevam qualquer produ\u00e7\u00e3o - Correio Braziliense - Radar","og_description":"Perfumes nacionais oferecem fixa\u00e7\u00e3o marcante sofistica\u00e7\u00e3o e identidade \u00fanica com fragr\u00e2ncias que elevam sua presen\u00e7a no dia a dia.","og_url":"https:\/\/www.correiobraziliense.com.br\/cbradar\/4-perfumes-femininos-sofisticados-marcantes-e-nada-obvios-que-deixam-uma-impressao-elegante-duram-bem-na-pele-e-elevam-qualquer-producao\/","og_site_name":"Correio Braziliense - Radar","article_published_time":"2026-05-01T13:05:00+00:00","og_image":[{"width":1280,"height":720,"url":"https:\/\/www.correiobraziliense.com.br\/cbradar\/wp-content\/uploads\/2026\/05\/perfume-1.jpg","type":"image\/jpeg"}],"author":"Daniely Cardoso","twitter_card":"summary_large_image","twitter_misc":{"Escrito por":"Daniely Cardoso","Est. tempo de leitura":"5 minutos"},"schema":{"@context":"https:\/\/schema.org","@graph":[{"@type":"WebPage","@id":"https:\/\/www.correiobraziliense.com.br\/cbradar\/4-perfumes-femininos-sofisticados-marcantes-e-nada-obvios-que-deixam-uma-impressao-elegante-duram-bem-na-pele-e-elevam-qualquer-producao\/","url":"https:\/\/www.correiobraziliense.com.br\/cbradar\/4-perfumes-femininos-sofisticados-marcantes-e-nada-obvios-que-deixam-uma-impressao-elegante-duram-bem-na-pele-e-elevam-qualquer-producao\/","name":"4 perfumes femininos sofisticados, marcantes e nada \u00f3bvios que deixam uma impress\u00e3o elegante, duram bem na pele e elevam qualquer produ\u00e7\u00e3o - Correio Braziliense - Radar","isPartOf":{"@id":"https:\/\/www.correiobraziliense.com.br\/cbradar\/#website"},"primaryImageOfPage":{"@id":"https:\/\/www.correiobraziliense.com.br\/cbradar\/4-perfumes-femininos-sofisticados-marcantes-e-nada-obvios-que-deixam-uma-impressao-elegante-duram-bem-na-pele-e-elevam-qualquer-producao\/#primaryimage"},"image":{"@id":"https:\/\/www.correiobraziliense.com.br\/cbradar\/4-perfumes-femininos-sofisticados-marcantes-e-nada-obvios-que-deixam-uma-impressao-elegante-duram-bem-na-pele-e-elevam-qualquer-producao\/#primaryimage"},"thumbnailUrl":"https:\/\/www.correiobraziliense.com.br\/cbradar\/wp-content\/uploads\/2026\/05\/perfume-1.jpg","datePublished":"2026-05-01T13:05:00+00:00","author":{"@id":"https:\/\/www.correiobraziliense.com.br\/cbradar\/#\/schema\/person\/7356666e12ec0ee53f348ee5db227032"},"description":"Perfumes nacionais oferecem fixa\u00e7\u00e3o marcante sofistica\u00e7\u00e3o e identidade \u00fanica com fragr\u00e2ncias que elevam sua presen\u00e7a no dia a dia.","breadcrumb":{"@id":"https:\/\/www.correiobraziliense.com.br\/cbradar\/4-perfumes-femininos-sofisticados-marcantes-e-nada-obvios-que-deixam-uma-impressao-elegante-duram-bem-na-pele-e-elevam-qualquer-producao\/#breadcrumb"},"inLanguage":"pt-BR","potentialAction":[{"@type":"ReadAction","target":["https:\/\/www.correiobraziliense.com.br\/cbradar\/4-perfumes-femininos-sofisticados-marcantes-e-nada-obvios-que-deixam-uma-impressao-elegante-duram-bem-na-pele-e-elevam-qualquer-producao\/"]}]},{"@type":"ImageObject","inLanguage":"pt-BR","@id":"https:\/\/www.correiobraziliense.com.br\/cbradar\/4-perfumes-femininos-sofisticados-marcantes-e-nada-obvios-que-deixam-uma-impressao-elegante-duram-bem-na-pele-e-elevam-qualquer-producao\/#primaryimage","url":"https:\/\/www.correiobraziliense.com.br\/cbradar\/wp-content\/uploads\/2026\/05\/perfume-1.jpg","contentUrl":"https:\/\/www.correiobraziliense.com.br\/cbradar\/wp-content\/uploads\/2026\/05\/perfume-1.jpg","width":1280,"height":720,"caption":"O mercado de perfumes sofisticados no Brasil atingiu um patamar onde a qualidade das mat\u00e9rias-primas permite uma evolu\u00e7\u00e3o"},{"@type":"BreadcrumbList","@id":"https:\/\/www.correiobraziliense.com.br\/cbradar\/4-perfumes-femininos-sofisticados-marcantes-e-nada-obvios-que-deixam-uma-impressao-elegante-duram-bem-na-pele-e-elevam-qualquer-producao\/#breadcrumb","itemListElement":[{"@type":"ListItem","position":1,"name":"In\u00edcio","item":"https:\/\/www.correiobraziliense.com.br\/cbradar\/"},{"@type":"ListItem","position":2,"name":"4 perfumes femininos sofisticados, marcantes e nada \u00f3bvios que deixam uma impress\u00e3o elegante, duram bem na pele e elevam qualquer produ\u00e7\u00e3o"}]},{"@type":"WebSite","@id":"https:\/\/www.correiobraziliense.com.br\/cbradar\/#website","url":"https:\/\/www.correiobraziliense.com.br\/cbradar\/","name":"Correio Braziliense - Radar","description":"Acompanhe as \u00faltimas not\u00edcias e fique bem informado sobre tudo o que acontece no Brasil e no mundo.","potentialAction":[{"@type":"SearchAction","target":{"@type":"EntryPoint","urlTemplate":"https:\/\/www.correiobraziliense.com.br\/cbradar\/?s={search_term_string}"},"query-input":{"@type":"PropertyValueSpecification","valueRequired":true,"valueName":"search_term_string"}}],"inLanguage":"pt-BR"},{"@type":"Person","@id":"https:\/\/www.correiobraziliense.com.br\/cbradar\/#\/schema\/person\/7356666e12ec0ee53f348ee5db227032","name":"Daniely Cardoso","image":{"@type":"ImageObject","inLanguage":"pt-BR","@id":"https:\/\/www.correiobraziliense.com.br\/cbradar\/#\/schema\/person\/image\/","url":"https:\/\/secure.gravatar.com\/avatar\/4b80ddbd124d1f071b626d52d62e5dff?s=96&d=mm&r=g","contentUrl":"https:\/\/secure.gravatar.com\/avatar\/4b80ddbd124d1f071b626d52d62e5dff?s=96&d=mm&r=g","caption":"Daniely Cardoso"},"description":"Redatora nos portais CB Radar e EM Foco, formada pela Universidade Federal de Goi\u00e1s, em Goi\u00e2nia. Apaixonada por comunica\u00e7\u00e3o, arte, decora\u00e7\u00e3o e tend\u00eancias, atuo na produ\u00e7\u00e3o de conte\u00fados envolventes sobre curiosidades, moda, beleza e paisagismo, sempre com um olhar atento \u00e0s novidades do momento.","sameAs":["https:\/\/www.correiobraziliense.com.br\/cbradar"],"url":"https:\/\/www.correiobraziliense.com.br\/cbradar\/author\/danielymyth\/"}]}},"_links":{"self":[{"href":"https:\/\/www.correiobraziliense.com.br\/cbradar\/wp-json\/wp\/v2\/posts\/234564","targetHints":{"allow":["GET"]}}],"collection":[{"href":"https:\/\/www.correiobraziliense.com.br\/cbradar\/wp-json\/wp\/v2\/posts"}],"about":[{"href":"https:\/\/www.correiobraziliense.com.br\/cbradar\/wp-json\/wp\/v2\/types\/post"}],"author":[{"embeddable":true,"href":"https:\/\/www.correiobraziliense.com.br\/cbradar\/wp-json\/wp\/v2\/users\/9"}],"replies":[{"embeddable":true,"href":"https:\/\/www.correiobraziliense.com.br\/cbradar\/wp-json\/wp\/v2\/comments?post=234564"}],"version-history":[{"count":1,"href":"https:\/\/www.correiobraziliense.com.br\/cbradar\/wp-json\/wp\/v2\/posts\/234564\/revisions"}],"predecessor-version":[{"id":234565,"href":"https:\/\/www.correiobraziliense.com.br\/cbradar\/wp-json\/wp\/v2\/posts\/234564\/revisions\/234565"}],"wp:featuredmedia":[{"embeddable":true,"href":"https:\/\/www.correiobraziliense.com.br\/cbradar\/wp-json\/wp\/v2\/media\/234962"}],"wp:attachment":[{"href":"https:\/\/www.correiobraziliense.com.br\/cbradar\/wp-json\/wp\/v2\/media?parent=234564"}],"wp:term":[{"taxonomy":"category","embeddable":true,"href":"https:\/\/www.correiobraziliense.com.br\/cbradar\/wp-json\/wp\/v2\/categories?post=234564"},{"taxonomy":"post_tag","embeddable":true,"href":"https:\/\/www.correiobraziliense.com.br\/cbradar\/wp-json\/wp\/v2\/tags?post=234564"}],"curies":[{"name":"wp","href":"https:\/\/api.w.org\/{rel}","templated":true}]}}