{"id":234566,"date":"2026-05-01T13:05:00","date_gmt":"2026-05-01T16:05:00","guid":{"rendered":"https:\/\/www.correiobraziliense.com.br\/cbradar\/?p=234566"},"modified":"2026-04-30T19:30:13","modified_gmt":"2026-04-30T22:30:13","slug":"4-perfumes-da-granado-com-notas-florais-elegantes-e-refinadas-que-deixam-uma-impressao-chique-delicada-e-muito-mais-sofisticada-no-dia-a-dia","status":"publish","type":"post","link":"https:\/\/www.correiobraziliense.com.br\/cbradar\/4-perfumes-da-granado-com-notas-florais-elegantes-e-refinadas-que-deixam-uma-impressao-chique-delicada-e-muito-mais-sofisticada-no-dia-a-dia\/","title":{"rendered":"4 perfumes da Granado com notas florais elegantes e refinadas que deixam uma impress\u00e3o chique, delicada e muito mais sofisticada no dia a dia"},"content":{"rendered":"\n<p>A escolha de uma fragr\u00e2ncia que equilibra frescor e intensidade define a percep\u00e7\u00e3o de eleg\u00e2ncia em qualquer ambiente social ou profissional. As composi\u00e7\u00f5es que exploram p\u00e9talas raras e extra\u00e7\u00f5es cl\u00e1ssicas oferecem uma aura de exclusividade que transforma a rotina em uma experi\u00eancia sensorial luxuosa.<\/p>\n\n\n\n<h2 class=\"wp-block-heading\">Como escolher fragr\u00e2ncias florais que transmitem sofistica\u00e7\u00e3o e eleg\u00e2ncia<\/h2>\n\n\n\n<p>A busca por <strong>perfumes da Granado<\/strong> com perfil floral exige aten\u00e7\u00e3o \u00e0 pir\u00e2mide olfativa, priorizando ingredientes que evocam jardins bot\u00e2nicos e t\u00e9cnicas tradicionais de perfumaria. Optar por notas de <strong>Rosa Damascena<\/strong> ou <strong>\u00cdris<\/strong> garante uma fixa\u00e7\u00e3o que evolui de forma delicada na pele ao longo das horas.<\/p>\n\n\n\n<p>A sofistica\u00e7\u00e3o surge quando o aroma n\u00e3o domina o espa\u00e7o, mas cria uma assinatura discreta e muito <strong>refinada<\/strong> para quem est\u00e1 pr\u00f3ximo. Escolher vers\u00f5es que utilizam o processo de macera\u00e7\u00e3o permite que as nuances das flores se tornem mais ricas, resultando em uma proje\u00e7\u00e3o equilibrada e extremamente atraente.<\/p>\n\n\n<div class=\"wp-block-image\">\n<figure class=\"aligncenter size-full\"><img decoding=\"async\" width=\"1280\" height=\"720\" src=\"https:\/\/www.correiobraziliense.com.br\/cbradar\/wp-content\/uploads\/2026\/04\/perfumes-de-alta-fixacao-intensa.jpg\" alt=\"\" class=\"wp-image-220160\" srcset=\"https:\/\/www.correiobraziliense.com.br\/cbradar\/wp-content\/uploads\/2026\/04\/perfumes-de-alta-fixacao-intensa.jpg 1280w, https:\/\/www.correiobraziliense.com.br\/cbradar\/wp-content\/uploads\/2026\/04\/perfumes-de-alta-fixacao-intensa-300x169.jpg 300w, https:\/\/www.correiobraziliense.com.br\/cbradar\/wp-content\/uploads\/2026\/04\/perfumes-de-alta-fixacao-intensa-768x432.jpg 768w, https:\/\/www.correiobraziliense.com.br\/cbradar\/wp-content\/uploads\/2026\/04\/perfumes-de-alta-fixacao-intensa-750x422.jpg 750w, https:\/\/www.correiobraziliense.com.br\/cbradar\/wp-content\/uploads\/2026\/04\/perfumes-de-alta-fixacao-intensa-1140x641.jpg 1140w\" sizes=\"(max-width: 1280px) 100vw, 1280px\" \/><figcaption class=\"wp-element-caption\">Entender que a fixa\u00e7\u00e3o prolongada tamb\u00e9m depende do estado de hidrata\u00e7\u00e3o da pele <\/figcaption><\/figure><\/div>\n\n\n<p>Leia tamb\u00e9m: <a href=\"https:\/\/www.correiobraziliense.com.br\/cbradar\/4-cortes-de-cabelo-curto-que-ajudam-a-dar-mais-corpo-aos-fios-ralos-e-sem-volume\/\" target=\"_blank\" rel=\"noreferrer noopener\">4 cortes de cabelo curto que ajudam a dar mais corpo aos fios ralos e sem volume<\/a><\/p>\n\n\n\n<h2 class=\"wp-block-heading\">\u00c9poque Tropical e a versatilidade das flores brancas no cotidiano<\/h2>\n\n\n\n<p>O <strong>\u00c9poque Tropical<\/strong> destaca-se como uma das cria\u00e7\u00f5es mais celebradas da <strong>Granado<\/strong> por unir a vivacidade das notas c\u00edtricas ao corpo floral cl\u00e1ssico. A presen\u00e7a da <strong>Magn\u00f3lia<\/strong> nesta composi\u00e7\u00e3o oferece uma dualidade interessante, sendo perfeita para manh\u00e3s de trabalho ou eventos ao ar livre que exigem um toque de classe.<\/p>\n\n\n\n<p>Sua estrutura olfativa permite que a usu\u00e1ria mantenha uma sensa\u00e7\u00e3o de frescor sem perder o ar de <strong>mulher decidida<\/strong> e elegante que as notas amadeiradas de fundo proporcionam. Investir nesta fragr\u00e2ncia \u00e9 garantir um acess\u00f3rio invis\u00edvel que complementa desde o linho at\u00e9 sedas finas com total harmonia visual.<\/p>\n\n\n\n<h2 class=\"wp-block-heading\">Jardim Real e o luxo das notas imperiais em um frasco<\/h2>\n\n\n\n<p>Inspirado na exuber\u00e2ncia da <strong>Corte Brasileira<\/strong>, o perfume <strong>Jardim Real<\/strong> \u00e9 uma verdadeira homenagem \u00e0 hist\u00f3ria com uma roupagem moderna e muito <strong>chic<\/strong>. O protagonismo da <strong>Flor de Laranjeira<\/strong> misturado ao <strong>Jasmim<\/strong> cria uma trilha perfumada que remete \u00e0 nobreza e ao bom gosto atemporal.<\/p>\n\n\n\n<p>Esta op\u00e7\u00e3o \u00e9 ideal para quem deseja uma impress\u00e3o <strong>sofisticada<\/strong> em jantares ou ocasi\u00f5es especiais, onde o detalhe faz toda a diferen\u00e7a na composi\u00e7\u00e3o final. A profundidade das notas de base assegura que a ess\u00eancia floral permane\u00e7a n\u00edtida, transmitindo uma imagem de confian\u00e7a e cuidado pessoal elevado.<\/p>\n\n\n\n<figure class=\"wp-block-embed is-type-rich is-provider-pinterest wp-block-embed-pinterest\"><div class=\"wp-block-embed__wrapper\">\n<iframe loading=\"lazy\" title=\"Granado\" src=\"https:\/\/assets.pinterest.com\/ext\/embed.html?id=26599454045730777&#038;src=oembed\" height=\"699\" width=\"450\" frameborder=\"0\" scrolling=\"no\" ><\/iframe>\n<\/div><\/figure>\n\n\n\n<h2 class=\"wp-block-heading\">Caracter\u00edsticas das ess\u00eancias florais que garantem maior durabilidade<\/h2>\n\n\n\n<p>A qualidade das mat\u00e9rias-primas utilizadas pela <strong>Granado<\/strong> em sua linha <strong>Vintage<\/strong> assegura que as notas florais n\u00e3o evaporam rapidamente ap\u00f3s a aplica\u00e7\u00e3o. Entender a concentra\u00e7\u00e3o de cada item ajuda a decidir qual volumetria \u00e9 necess\u00e1ria para manter a <strong>impress\u00e3o chique<\/strong> durante toda a jornada di\u00e1ria.<\/p>\n\n\n\n<ul class=\"wp-block-list\">\n<li>Aplique a fragr\u00e2ncia em pontos de pulsa\u00e7\u00e3o como pesco\u00e7o e punhos para otimizar a difus\u00e3o.<\/li>\n\n\n\n<li>Mantenha a pele hidratada para que as mol\u00e9culas do <strong>perfume floral<\/strong> se fixem por mais tempo.<\/li>\n\n\n\n<li>Evite esfregar a pele ap\u00f3s borrifar, preservando a integridade das <strong>notas de sa\u00edda<\/strong>.<\/li>\n\n\n\n<li>Armazene os frascos longe da luz e umidade para conservar a pureza dos \u00f3leos essenciais.<\/li>\n\n\n\n<li>Combine o uso com sabonetes da mesma linha para criar uma camada olfativa mais profunda.<\/li>\n<\/ul>\n\n\n\n<p>Pequenos gestos na rotina de autocuidado potencializam a experi\u00eancia de usar um <strong>produto nacional de luxo<\/strong>, transformando o ato de se perfumar em um ritual de bem-estar. Experimentar diferentes intensidades de acordo com a temperatura ambiente ajuda a descobrir qual flor melhor se adapta \u00e0 sua qu\u00edmica corporal.<\/p>\n\n\n\n<h2 class=\"wp-block-heading\">O segredo do Rosa Damascena para uma assinatura olfativa inesquec\u00edvel<\/h2>\n\n\n\n<p>A fragr\u00e2ncia <strong>Rosa Damascena<\/strong> da <strong>Granado<\/strong> representa o \u00e1pice da feminilidade moderna, fugindo do \u00f3bvio ao apresentar uma rosa fresca e levemente frutada. Este <strong>perfume elegante<\/strong> \u00e9 a escolha certa para quem busca uma identidade \u00fanica, que foge das tend\u00eancias passageiras e aposta no cl\u00e1ssico reinterpretado.<\/p>\n\n\n\n<p>Sua leveza permite que ele seja usado em camadas, funcionando bem como uma base para outras ess\u00eancias ou brilhando solit\u00e1rio em sua <strong>delicadeza refinada<\/strong>. Ter este item no acervo pessoal \u00e9 o caminho mais curto para garantir que sua presen\u00e7a seja lembrada pela suavidade e pelo extremo bom gosto.<\/p>\n\n\n\n<p>Se voc\u00ea gosta de dicas, separamos esse v\u00eddeo do canal da <a href=\"https:\/\/www.youtube.com\/@cdnariz\" target=\"_blank\" rel=\"noreferrer noopener\">Cada Nariz, Uma Senten\u00e7a! Perfume-se com Sandra<\/a> falando mais sobre o Rosa Damascena:<\/p>\n\n\n\n<figure class=\"wp-block-embed is-type-video is-provider-youtube wp-block-embed-youtube wp-embed-aspect-16-9 wp-has-aspect-ratio\"><div class=\"wp-block-embed__wrapper\">\n<div class=\"jeg_video_container jeg_video_content\"><iframe loading=\"lazy\" title=\"Col\u00f4nia Rosa Damascena - Granado (Resenha)\" width=\"500\" height=\"281\" src=\"https:\/\/www.youtube.com\/embed\/3YTioEHX2Fc?feature=oembed\" frameborder=\"0\" allow=\"accelerometer; autoplay; clipboard-write; encrypted-media; gyroscope; picture-in-picture; web-share\" referrerpolicy=\"strict-origin-when-cross-origin\" allowfullscreen><\/iframe><\/div>\n<\/div><\/figure>\n\n\n\n<h2 class=\"wp-block-heading\">Infus\u00e3o Bot\u00e2nica e o frescor das flores silvestres na pele<\/h2>\n\n\n\n<p>Para fechar a lista com maestria, o <strong>Infus\u00e3o Bot\u00e2nica<\/strong> traz a proposta de um jardim \u00famido e revigorante que se traduz em uma <strong>impress\u00e3o chique<\/strong> imediata. A mistura inusitada de ervas com p\u00e9talas transparentes resulta em um aroma que acalma os sentidos e comunica uma sofistica\u00e7\u00e3o org\u00e2nica e consciente.<\/p>\n\n\n\n<p>Este perfil \u00e9 muito buscado por quem prefere uma <strong>fragr\u00e2ncia exclusiva<\/strong> que remeta \u00e0 natureza de forma art\u00edstica e bem executada por perfumistas renomados. Ao escolher um destes quatro exemplares, voc\u00ea eleva o padr\u00e3o do seu dia a dia e consolida uma imagem pessoal marcada pela eleg\u00e2ncia e pelo refinamento cont\u00ednuo.<\/p>\n","protected":false},"excerpt":{"rendered":"<p>A escolha de uma fragr\u00e2ncia que equilibra frescor e intensidade define a percep\u00e7\u00e3o de eleg\u00e2ncia em qualquer ambiente social ou profissional. As composi\u00e7\u00f5es que exploram p\u00e9talas raras e extra\u00e7\u00f5es cl\u00e1ssicas oferecem uma aura de exclusividade que transforma a rotina em uma experi\u00eancia sensorial luxuosa. Como escolher fragr\u00e2ncias florais que transmitem sofistica\u00e7\u00e3o e eleg\u00e2ncia A busca [&hellip;]<\/p>\n","protected":false},"author":9,"featured_media":234971,"comment_status":"open","ping_status":"open","sticky":false,"template":"","format":"standard","meta":{"_yoast_wpseo_focuskw":"perfumes da granado","_yoast_wpseo_title":"","_yoast_wpseo_metadesc":"Veja como fragr\u00e2ncias florais podem elevar sua eleg\u00e2ncia com escolhas sutis e marcantes para o dia a dia.","jnews-multi-image_gallery":[],"jnews_single_post":{"format":"standard"},"jnews_primary_category":[],"jnews_social_meta":[],"jnews_override_counter":[],"footnotes":""},"categories":[124],"tags":[16126,18420],"class_list":["post-234566","post","type-post","status-publish","format-standard","has-post-thumbnail","hentry","category-beleza","tag-granado","tag-perfumes-da-granado"],"yoast_head":"<!-- This site is optimized with the Yoast SEO plugin v24.6 - https:\/\/yoast.com\/wordpress\/plugins\/seo\/ -->\n<title>4 perfumes da Granado com notas florais elegantes e refinadas que deixam uma impress\u00e3o chique, delicada e muito mais sofisticada no dia a dia - Correio Braziliense - Radar<\/title>\n<meta name=\"description\" content=\"Veja como fragr\u00e2ncias florais podem elevar sua eleg\u00e2ncia com escolhas sutis e marcantes para o dia a dia.\" \/>\n<meta name=\"robots\" content=\"index, follow, max-snippet:-1, max-image-preview:large, max-video-preview:-1\" \/>\n<link rel=\"canonical\" href=\"https:\/\/www.correiobraziliense.com.br\/cbradar\/4-perfumes-da-granado-com-notas-florais-elegantes-e-refinadas-que-deixam-uma-impressao-chique-delicada-e-muito-mais-sofisticada-no-dia-a-dia\/\" \/>\n<meta property=\"og:locale\" content=\"pt_BR\" \/>\n<meta property=\"og:type\" content=\"article\" \/>\n<meta property=\"og:title\" content=\"4 perfumes da Granado com notas florais elegantes e refinadas que deixam uma impress\u00e3o chique, delicada e muito mais sofisticada no dia a dia - Correio Braziliense - Radar\" \/>\n<meta property=\"og:description\" content=\"Veja como fragr\u00e2ncias florais podem elevar sua eleg\u00e2ncia com escolhas sutis e marcantes para o dia a dia.\" \/>\n<meta property=\"og:url\" content=\"https:\/\/www.correiobraziliense.com.br\/cbradar\/4-perfumes-da-granado-com-notas-florais-elegantes-e-refinadas-que-deixam-uma-impressao-chique-delicada-e-muito-mais-sofisticada-no-dia-a-dia\/\" \/>\n<meta property=\"og:site_name\" content=\"Correio Braziliense - Radar\" \/>\n<meta property=\"article:published_time\" content=\"2026-05-01T16:05:00+00:00\" \/>\n<meta property=\"og:image\" content=\"https:\/\/www.correiobraziliense.com.br\/cbradar\/wp-content\/uploads\/2026\/05\/magnific_elegante-frasco-de-perfum_2900841719-1.jpeg\" \/>\n\t<meta property=\"og:image:width\" content=\"1280\" \/>\n\t<meta property=\"og:image:height\" content=\"720\" \/>\n\t<meta property=\"og:image:type\" content=\"image\/jpeg\" \/>\n<meta name=\"author\" content=\"Daniely Cardoso\" \/>\n<meta name=\"twitter:card\" content=\"summary_large_image\" \/>\n<meta name=\"twitter:label1\" content=\"Escrito por\" \/>\n\t<meta name=\"twitter:data1\" content=\"Daniely Cardoso\" \/>\n\t<meta name=\"twitter:label2\" content=\"Est. tempo de leitura\" \/>\n\t<meta name=\"twitter:data2\" content=\"5 minutos\" \/>\n<!-- \/ Yoast SEO plugin. -->","yoast_head_json":{"title":"4 perfumes da Granado com notas florais elegantes e refinadas que deixam uma impress\u00e3o chique, delicada e muito mais sofisticada no dia a dia - Correio Braziliense - Radar","description":"Veja como fragr\u00e2ncias florais podem elevar sua eleg\u00e2ncia com escolhas sutis e marcantes para o dia a dia.","robots":{"index":"index","follow":"follow","max-snippet":"max-snippet:-1","max-image-preview":"max-image-preview:large","max-video-preview":"max-video-preview:-1"},"canonical":"https:\/\/www.correiobraziliense.com.br\/cbradar\/4-perfumes-da-granado-com-notas-florais-elegantes-e-refinadas-que-deixam-uma-impressao-chique-delicada-e-muito-mais-sofisticada-no-dia-a-dia\/","og_locale":"pt_BR","og_type":"article","og_title":"4 perfumes da Granado com notas florais elegantes e refinadas que deixam uma impress\u00e3o chique, delicada e muito mais sofisticada no dia a dia - Correio Braziliense - Radar","og_description":"Veja como fragr\u00e2ncias florais podem elevar sua eleg\u00e2ncia com escolhas sutis e marcantes para o dia a dia.","og_url":"https:\/\/www.correiobraziliense.com.br\/cbradar\/4-perfumes-da-granado-com-notas-florais-elegantes-e-refinadas-que-deixam-uma-impressao-chique-delicada-e-muito-mais-sofisticada-no-dia-a-dia\/","og_site_name":"Correio Braziliense - Radar","article_published_time":"2026-05-01T16:05:00+00:00","og_image":[{"width":1280,"height":720,"url":"https:\/\/www.correiobraziliense.com.br\/cbradar\/wp-content\/uploads\/2026\/05\/magnific_elegante-frasco-de-perfum_2900841719-1.jpeg","type":"image\/jpeg"}],"author":"Daniely Cardoso","twitter_card":"summary_large_image","twitter_misc":{"Escrito por":"Daniely Cardoso","Est. tempo de leitura":"5 minutos"},"schema":{"@context":"https:\/\/schema.org","@graph":[{"@type":"WebPage","@id":"https:\/\/www.correiobraziliense.com.br\/cbradar\/4-perfumes-da-granado-com-notas-florais-elegantes-e-refinadas-que-deixam-uma-impressao-chique-delicada-e-muito-mais-sofisticada-no-dia-a-dia\/","url":"https:\/\/www.correiobraziliense.com.br\/cbradar\/4-perfumes-da-granado-com-notas-florais-elegantes-e-refinadas-que-deixam-uma-impressao-chique-delicada-e-muito-mais-sofisticada-no-dia-a-dia\/","name":"4 perfumes da Granado com notas florais elegantes e refinadas que deixam uma impress\u00e3o chique, delicada e muito mais sofisticada no dia a dia - Correio Braziliense - Radar","isPartOf":{"@id":"https:\/\/www.correiobraziliense.com.br\/cbradar\/#website"},"primaryImageOfPage":{"@id":"https:\/\/www.correiobraziliense.com.br\/cbradar\/4-perfumes-da-granado-com-notas-florais-elegantes-e-refinadas-que-deixam-uma-impressao-chique-delicada-e-muito-mais-sofisticada-no-dia-a-dia\/#primaryimage"},"image":{"@id":"https:\/\/www.correiobraziliense.com.br\/cbradar\/4-perfumes-da-granado-com-notas-florais-elegantes-e-refinadas-que-deixam-uma-impressao-chique-delicada-e-muito-mais-sofisticada-no-dia-a-dia\/#primaryimage"},"thumbnailUrl":"https:\/\/www.correiobraziliense.com.br\/cbradar\/wp-content\/uploads\/2026\/05\/magnific_elegante-frasco-de-perfum_2900841719-1.jpeg","datePublished":"2026-05-01T16:05:00+00:00","author":{"@id":"https:\/\/www.correiobraziliense.com.br\/cbradar\/#\/schema\/person\/7356666e12ec0ee53f348ee5db227032"},"description":"Veja como fragr\u00e2ncias florais podem elevar sua eleg\u00e2ncia com escolhas sutis e marcantes para o dia a dia.","breadcrumb":{"@id":"https:\/\/www.correiobraziliense.com.br\/cbradar\/4-perfumes-da-granado-com-notas-florais-elegantes-e-refinadas-que-deixam-uma-impressao-chique-delicada-e-muito-mais-sofisticada-no-dia-a-dia\/#breadcrumb"},"inLanguage":"pt-BR","potentialAction":[{"@type":"ReadAction","target":["https:\/\/www.correiobraziliense.com.br\/cbradar\/4-perfumes-da-granado-com-notas-florais-elegantes-e-refinadas-que-deixam-uma-impressao-chique-delicada-e-muito-mais-sofisticada-no-dia-a-dia\/"]}]},{"@type":"ImageObject","inLanguage":"pt-BR","@id":"https:\/\/www.correiobraziliense.com.br\/cbradar\/4-perfumes-da-granado-com-notas-florais-elegantes-e-refinadas-que-deixam-uma-impressao-chique-delicada-e-muito-mais-sofisticada-no-dia-a-dia\/#primaryimage","url":"https:\/\/www.correiobraziliense.com.br\/cbradar\/wp-content\/uploads\/2026\/05\/magnific_elegante-frasco-de-perfum_2900841719-1.jpeg","contentUrl":"https:\/\/www.correiobraziliense.com.br\/cbradar\/wp-content\/uploads\/2026\/05\/magnific_elegante-frasco-de-perfum_2900841719-1.jpeg","width":1280,"height":720,"caption":"A busca por perfumes da Granado com perfil floral exige aten\u00e7\u00e3o \u00e0 pir\u00e2mide olfativa"},{"@type":"BreadcrumbList","@id":"https:\/\/www.correiobraziliense.com.br\/cbradar\/4-perfumes-da-granado-com-notas-florais-elegantes-e-refinadas-que-deixam-uma-impressao-chique-delicada-e-muito-mais-sofisticada-no-dia-a-dia\/#breadcrumb","itemListElement":[{"@type":"ListItem","position":1,"name":"In\u00edcio","item":"https:\/\/www.correiobraziliense.com.br\/cbradar\/"},{"@type":"ListItem","position":2,"name":"4 perfumes da Granado com notas florais elegantes e refinadas que deixam uma impress\u00e3o chique, delicada e muito mais sofisticada no dia a dia"}]},{"@type":"WebSite","@id":"https:\/\/www.correiobraziliense.com.br\/cbradar\/#website","url":"https:\/\/www.correiobraziliense.com.br\/cbradar\/","name":"Correio Braziliense - Radar","description":"Acompanhe as \u00faltimas not\u00edcias e fique bem informado sobre tudo o que acontece no Brasil e no mundo.","potentialAction":[{"@type":"SearchAction","target":{"@type":"EntryPoint","urlTemplate":"https:\/\/www.correiobraziliense.com.br\/cbradar\/?s={search_term_string}"},"query-input":{"@type":"PropertyValueSpecification","valueRequired":true,"valueName":"search_term_string"}}],"inLanguage":"pt-BR"},{"@type":"Person","@id":"https:\/\/www.correiobraziliense.com.br\/cbradar\/#\/schema\/person\/7356666e12ec0ee53f348ee5db227032","name":"Daniely Cardoso","image":{"@type":"ImageObject","inLanguage":"pt-BR","@id":"https:\/\/www.correiobraziliense.com.br\/cbradar\/#\/schema\/person\/image\/","url":"https:\/\/secure.gravatar.com\/avatar\/4b80ddbd124d1f071b626d52d62e5dff?s=96&d=mm&r=g","contentUrl":"https:\/\/secure.gravatar.com\/avatar\/4b80ddbd124d1f071b626d52d62e5dff?s=96&d=mm&r=g","caption":"Daniely Cardoso"},"description":"Redatora nos portais CB Radar e EM Foco, formada pela Universidade Federal de Goi\u00e1s, em Goi\u00e2nia. Apaixonada por comunica\u00e7\u00e3o, arte, decora\u00e7\u00e3o e tend\u00eancias, atuo na produ\u00e7\u00e3o de conte\u00fados envolventes sobre curiosidades, moda, beleza e paisagismo, sempre com um olhar atento \u00e0s novidades do momento.","sameAs":["https:\/\/www.correiobraziliense.com.br\/cbradar"],"url":"https:\/\/www.correiobraziliense.com.br\/cbradar\/author\/danielymyth\/"}]}},"_links":{"self":[{"href":"https:\/\/www.correiobraziliense.com.br\/cbradar\/wp-json\/wp\/v2\/posts\/234566","targetHints":{"allow":["GET"]}}],"collection":[{"href":"https:\/\/www.correiobraziliense.com.br\/cbradar\/wp-json\/wp\/v2\/posts"}],"about":[{"href":"https:\/\/www.correiobraziliense.com.br\/cbradar\/wp-json\/wp\/v2\/types\/post"}],"author":[{"embeddable":true,"href":"https:\/\/www.correiobraziliense.com.br\/cbradar\/wp-json\/wp\/v2\/users\/9"}],"replies":[{"embeddable":true,"href":"https:\/\/www.correiobraziliense.com.br\/cbradar\/wp-json\/wp\/v2\/comments?post=234566"}],"version-history":[{"count":1,"href":"https:\/\/www.correiobraziliense.com.br\/cbradar\/wp-json\/wp\/v2\/posts\/234566\/revisions"}],"predecessor-version":[{"id":234569,"href":"https:\/\/www.correiobraziliense.com.br\/cbradar\/wp-json\/wp\/v2\/posts\/234566\/revisions\/234569"}],"wp:featuredmedia":[{"embeddable":true,"href":"https:\/\/www.correiobraziliense.com.br\/cbradar\/wp-json\/wp\/v2\/media\/234971"}],"wp:attachment":[{"href":"https:\/\/www.correiobraziliense.com.br\/cbradar\/wp-json\/wp\/v2\/media?parent=234566"}],"wp:term":[{"taxonomy":"category","embeddable":true,"href":"https:\/\/www.correiobraziliense.com.br\/cbradar\/wp-json\/wp\/v2\/categories?post=234566"},{"taxonomy":"post_tag","embeddable":true,"href":"https:\/\/www.correiobraziliense.com.br\/cbradar\/wp-json\/wp\/v2\/tags?post=234566"}],"curies":[{"name":"wp","href":"https:\/\/api.w.org\/{rel}","templated":true}]}}