{"id":234576,"date":"2026-05-01T13:25:00","date_gmt":"2026-05-01T16:25:00","guid":{"rendered":"https:\/\/www.correiobraziliense.com.br\/cbradar\/?p=234576"},"modified":"2026-04-30T22:36:39","modified_gmt":"2026-05-01T01:36:39","slug":"adeus-a-cortina-no-banheiro-a-nova-tendencia-e-o-painel-de-vidro-canelado-e-ele-entrega-privacidade-sem-escurecer-o-ambiente","status":"publish","type":"post","link":"https:\/\/www.correiobraziliense.com.br\/cbradar\/adeus-a-cortina-no-banheiro-a-nova-tendencia-e-o-painel-de-vidro-canelado-e-ele-entrega-privacidade-sem-escurecer-o-ambiente\/","title":{"rendered":"Adeus \u00e0 cortina no banheiro: a nova tend\u00eancia \u00e9 o painel de vidro canelado e ele entrega privacidade sem escurecer o ambiente"},"content":{"rendered":"\n<p>Por que o <strong>vidro canelado<\/strong> est\u00e1 mudando a cara dos banheiros brasileiros? A resposta \u00e9 simples: ele elimina de vez o visual pesado da cortina de pl\u00e1stico, traz um toque retr\u00f4 sofisticado e ainda resolve o drama de quem quer privacidade sem abrir m\u00e3o da luz natural.<\/p>\n\n\n\n<h2 class=\"wp-block-heading\">Por que o vidro canelado virou febre nos banheiros?<\/h2>\n\n\n\n<p>A cortina de sobrepor perdeu espa\u00e7o porque acumula mofo, exige troca constante e quebra a harmonia do ambiente. O painel de <strong>vidro canelado<\/strong> entrou como alternativa definitiva, entregando um design limpo e contempor\u00e2neo.<\/p>\n\n\n\n<p>Arquitetos notaram que a textura canelada virou um trunfo est\u00e9tico. O material remete ao charme dos anos 1940, mas se adapta perfeitamente a projetos <strong>minimalistas<\/strong> e industriais. A troca \u00e9 r\u00e1pida e o impacto visual, imediato.<\/p>\n\n\n<div class=\"wp-block-image\">\n<figure class=\"aligncenter size-full\"><img decoding=\"async\" width=\"1280\" height=\"720\" src=\"https:\/\/www.correiobraziliense.com.br\/cbradar\/wp-content\/uploads\/2026\/04\/IMAGEM_720p_1777554512823.jpg\" alt=\"O vidro canelado como substituto moderno da cortina de banheiro\" class=\"wp-image-234584\" srcset=\"https:\/\/www.correiobraziliense.com.br\/cbradar\/wp-content\/uploads\/2026\/04\/IMAGEM_720p_1777554512823.jpg 1280w, https:\/\/www.correiobraziliense.com.br\/cbradar\/wp-content\/uploads\/2026\/04\/IMAGEM_720p_1777554512823-300x169.jpg 300w, https:\/\/www.correiobraziliense.com.br\/cbradar\/wp-content\/uploads\/2026\/04\/IMAGEM_720p_1777554512823-768x432.jpg 768w, https:\/\/www.correiobraziliense.com.br\/cbradar\/wp-content\/uploads\/2026\/04\/IMAGEM_720p_1777554512823-750x422.jpg 750w, https:\/\/www.correiobraziliense.com.br\/cbradar\/wp-content\/uploads\/2026\/04\/IMAGEM_720p_1777554512823-1140x641.jpg 1140w\" sizes=\"(max-width: 1280px) 100vw, 1280px\" \/><figcaption class=\"wp-element-caption\">O vidro canelado como substituto moderno da cortina de banheiro<\/figcaption><\/figure><\/div>\n\n\n<h2 class=\"wp-block-heading\">Como o vidro canelado garante privacidade sem bloquear a luz?<\/h2>\n\n\n\n<p>O segredo est\u00e1 nas ranhuras verticais da superf\u00edcie. Elas distorcem a silhueta de quem est\u00e1 dentro do box, borrando os contornos sem jamais criar uma barreira opaca. A luz atravessa o painel com suavidade, mantendo o banheiro claro.<\/p>\n\n\n\n<p>Diferente do vidro jateado ou do box fosco, a vers\u00e3o canelada preserva a sensa\u00e7\u00e3o de amplitude. O <strong>vidro canelado<\/strong> atua como um difusor natural, espalhando a luz artificial ou solar sem projetar sombras duras nas paredes.<\/p>\n\n\n\n<p>Leia tamb\u00e9m: <a href=\"https:\/\/www.correiobraziliense.com.br\/cbradar\/a-psicologia-aponta-que-adultos-que-evitam-conflitos-nao-sao-mais-maduros-mas-aprenderam-na-infancia-que-expressar-emocoes-gerava-punicao\/\" target=\"_blank\" rel=\"noreferrer noopener\">A psicologia aponta que adultos que evitam conflitos n\u00e3o s\u00e3o mais maduros, mas aprenderam na inf\u00e2ncia que expressar emo\u00e7\u00f5es gerava puni\u00e7\u00e3o<\/a><\/p>\n\n\n\n<h2 class=\"wp-block-heading\">Quais os tipos de vidro canelado ideais para o box?<\/h2>\n\n\n\n<p>As vidra\u00e7arias oferecem algumas varia\u00e7\u00f5es para quem busca personaliza\u00e7\u00e3o. Confira os modelos que mais aparecem nos projetos residenciais:<\/p>\n\n\n\n<ul class=\"wp-block-list\">\n<li><strong>Mini Boreal transparente:<\/strong> caneluras finas, alta passagem de luz e excelente privacidade para o dia a dia.<\/li>\n\n\n\n<li><strong>Canelado fum\u00ea ou bronze:<\/strong> tonalidade escura que eleva a discri\u00e7\u00e3o sem pesar o ambiente.<\/li>\n\n\n\n<li><strong>Canelado jateado:<\/strong> combina a textura canelada com opacidade, indicado para quem quer bloqueio visual refor\u00e7ado.<\/li>\n<\/ul>\n\n\n\n<p>O <strong>vidro canelado<\/strong> tamb\u00e9m pode ser temperado, o que multiplica a resist\u00eancia a impactos e choques t\u00e9rmicos, um diferencial de seguran\u00e7a para o banho quente.<\/p>\n\n\n\n<h2 class=\"wp-block-heading\">Quanto custa instalar um box de vidro canelado?<\/h2>\n\n\n\n<p>O investimento inicial assusta um pouco, mas a durabilidade compensa. O metro quadrado do material gira em torno de <strong>R$ 90 a R$ 100<\/strong>, valor que pode subir conforme a espessura e o tipo de ferragem escolhida.<\/p>\n\n\n\n<p>A instala\u00e7\u00e3o completa de um box frontal com porta de correr, incluindo perfis e m\u00e3o de obra, costuma ficar entre <strong>R$ 900 e R$ 1.500<\/strong>. Boxes de canto, que exigem mais recortes, variam de <strong>R$ 1.200 a R$ 2.000<\/strong>. O custo se dilui quando voc\u00ea lembra que o painel n\u00e3o mancha, n\u00e3o mofa e dura anos.<\/p>\n\n\n<div class=\"wp-block-image\">\n<figure class=\"aligncenter size-full\"><img decoding=\"async\" width=\"1280\" height=\"720\" src=\"https:\/\/www.correiobraziliense.com.br\/cbradar\/wp-content\/uploads\/2026\/04\/IMAGEM_720p_1777554533506.jpg\" alt=\"O vidro canelado como substituto moderno da cortina de banheiro\" class=\"wp-image-234585\" srcset=\"https:\/\/www.correiobraziliense.com.br\/cbradar\/wp-content\/uploads\/2026\/04\/IMAGEM_720p_1777554533506.jpg 1280w, https:\/\/www.correiobraziliense.com.br\/cbradar\/wp-content\/uploads\/2026\/04\/IMAGEM_720p_1777554533506-300x169.jpg 300w, https:\/\/www.correiobraziliense.com.br\/cbradar\/wp-content\/uploads\/2026\/04\/IMAGEM_720p_1777554533506-768x432.jpg 768w, https:\/\/www.correiobraziliense.com.br\/cbradar\/wp-content\/uploads\/2026\/04\/IMAGEM_720p_1777554533506-750x422.jpg 750w, https:\/\/www.correiobraziliense.com.br\/cbradar\/wp-content\/uploads\/2026\/04\/IMAGEM_720p_1777554533506-1140x641.jpg 1140w\" sizes=\"(max-width: 1280px) 100vw, 1280px\" \/><figcaption class=\"wp-element-caption\">O vidro canelado como substituto moderno da cortina de banheiro<\/figcaption><\/figure><\/div>\n\n\n<h2 class=\"wp-block-heading\">Como limpar o vidro canelado sem deixar marcas?<\/h2>\n\n\n\n<p>Manter o brilho \u00e9 mais simples do que parece. Um pano \u00famido com <strong>\u00e1gua e \u00e1lcool<\/strong> resolve a rotina di\u00e1ria. Para manchas de sab\u00e3o mais resistentes, use esponja macia e sab\u00e3o neutro, enxaguando em seguida.<\/p>\n\n\n\n<p>Evite produtos abrasivos e esponjas \u00e1speras. As caneluras n\u00e3o acumulam sujeira com facilidade, e a limpeza frequente impede que res\u00edduos de calc\u00e1rio se fixem nos sulcos.<\/p>\n","protected":false},"excerpt":{"rendered":"<p>Por que o vidro canelado est\u00e1 mudando a cara dos banheiros brasileiros? A resposta \u00e9 simples: ele elimina de vez o visual pesado da cortina de pl\u00e1stico, traz um toque retr\u00f4 sofisticado e ainda resolve o drama de quem quer privacidade sem abrir m\u00e3o da luz natural. Por que o vidro canelado virou febre nos [&hellip;]<\/p>\n","protected":false},"author":11,"featured_media":235095,"comment_status":"open","ping_status":"open","sticky":false,"template":"","format":"standard","meta":{"_yoast_wpseo_focuskw":"vidro canelado","_yoast_wpseo_title":"","_yoast_wpseo_metadesc":"A cortina ficou no passado? O vidro canelado d\u00e1 privacidade total sem escurecer o box. Veja por que essa troca virou febre em 2026.","jnews-multi-image_gallery":[],"jnews_single_post":{"format":"standard"},"jnews_primary_category":[],"jnews_social_meta":[],"jnews_override_counter":[],"footnotes":""},"categories":[143],"tags":[4985,539,1897,18335],"class_list":["post-234576","post","type-post","status-publish","format-standard","has-post-thumbnail","hentry","category-casa-e-decoracao","tag-banheiro","tag-privacidade","tag-tendencia","tag-vidro-canelado"],"yoast_head":"<!-- This site is optimized with the Yoast SEO plugin v24.6 - https:\/\/yoast.com\/wordpress\/plugins\/seo\/ -->\n<title>Adeus \u00e0 cortina no banheiro: a nova tend\u00eancia \u00e9 o painel de vidro canelado e ele entrega privacidade sem escurecer o ambiente - Correio Braziliense - Radar<\/title>\n<meta name=\"description\" content=\"A cortina ficou no passado? O vidro canelado d\u00e1 privacidade total sem escurecer o box. Veja por que essa troca virou febre em 2026.\" \/>\n<meta name=\"robots\" content=\"index, follow, max-snippet:-1, max-image-preview:large, max-video-preview:-1\" \/>\n<link rel=\"canonical\" href=\"https:\/\/www.correiobraziliense.com.br\/cbradar\/adeus-a-cortina-no-banheiro-a-nova-tendencia-e-o-painel-de-vidro-canelado-e-ele-entrega-privacidade-sem-escurecer-o-ambiente\/\" \/>\n<meta property=\"og:locale\" content=\"pt_BR\" \/>\n<meta property=\"og:type\" content=\"article\" \/>\n<meta property=\"og:title\" content=\"Adeus \u00e0 cortina no banheiro: a nova tend\u00eancia \u00e9 o painel de vidro canelado e ele entrega privacidade sem escurecer o ambiente - Correio Braziliense - Radar\" \/>\n<meta property=\"og:description\" content=\"A cortina ficou no passado? O vidro canelado d\u00e1 privacidade total sem escurecer o box. Veja por que essa troca virou febre em 2026.\" \/>\n<meta property=\"og:url\" content=\"https:\/\/www.correiobraziliense.com.br\/cbradar\/adeus-a-cortina-no-banheiro-a-nova-tendencia-e-o-painel-de-vidro-canelado-e-ele-entrega-privacidade-sem-escurecer-o-ambiente\/\" \/>\n<meta property=\"og:site_name\" content=\"Correio Braziliense - Radar\" \/>\n<meta property=\"article:published_time\" content=\"2026-05-01T16:25:00+00:00\" \/>\n<meta property=\"og:image\" content=\"https:\/\/www.correiobraziliense.com.br\/cbradar\/wp-content\/uploads\/2026\/05\/IMAGEM_720p_1777599374847.jpg\" \/>\n\t<meta property=\"og:image:width\" content=\"1280\" \/>\n\t<meta property=\"og:image:height\" content=\"720\" \/>\n\t<meta property=\"og:image:type\" content=\"image\/jpeg\" \/>\n<meta name=\"author\" content=\"Paulo Custodio\" \/>\n<meta name=\"twitter:card\" content=\"summary_large_image\" \/>\n<meta name=\"twitter:label1\" content=\"Escrito por\" \/>\n\t<meta name=\"twitter:data1\" content=\"Paulo Custodio\" \/>\n\t<meta name=\"twitter:label2\" content=\"Est. tempo de leitura\" \/>\n\t<meta name=\"twitter:data2\" content=\"4 minutos\" \/>\n<!-- \/ Yoast SEO plugin. -->","yoast_head_json":{"title":"Adeus \u00e0 cortina no banheiro: a nova tend\u00eancia \u00e9 o painel de vidro canelado e ele entrega privacidade sem escurecer o ambiente - Correio Braziliense - Radar","description":"A cortina ficou no passado? O vidro canelado d\u00e1 privacidade total sem escurecer o box. Veja por que essa troca virou febre em 2026.","robots":{"index":"index","follow":"follow","max-snippet":"max-snippet:-1","max-image-preview":"max-image-preview:large","max-video-preview":"max-video-preview:-1"},"canonical":"https:\/\/www.correiobraziliense.com.br\/cbradar\/adeus-a-cortina-no-banheiro-a-nova-tendencia-e-o-painel-de-vidro-canelado-e-ele-entrega-privacidade-sem-escurecer-o-ambiente\/","og_locale":"pt_BR","og_type":"article","og_title":"Adeus \u00e0 cortina no banheiro: a nova tend\u00eancia \u00e9 o painel de vidro canelado e ele entrega privacidade sem escurecer o ambiente - Correio Braziliense - Radar","og_description":"A cortina ficou no passado? O vidro canelado d\u00e1 privacidade total sem escurecer o box. Veja por que essa troca virou febre em 2026.","og_url":"https:\/\/www.correiobraziliense.com.br\/cbradar\/adeus-a-cortina-no-banheiro-a-nova-tendencia-e-o-painel-de-vidro-canelado-e-ele-entrega-privacidade-sem-escurecer-o-ambiente\/","og_site_name":"Correio Braziliense - Radar","article_published_time":"2026-05-01T16:25:00+00:00","og_image":[{"width":1280,"height":720,"url":"https:\/\/www.correiobraziliense.com.br\/cbradar\/wp-content\/uploads\/2026\/05\/IMAGEM_720p_1777599374847.jpg","type":"image\/jpeg"}],"author":"Paulo Custodio","twitter_card":"summary_large_image","twitter_misc":{"Escrito por":"Paulo Custodio","Est. tempo de leitura":"4 minutos"},"schema":{"@context":"https:\/\/schema.org","@graph":[{"@type":"WebPage","@id":"https:\/\/www.correiobraziliense.com.br\/cbradar\/adeus-a-cortina-no-banheiro-a-nova-tendencia-e-o-painel-de-vidro-canelado-e-ele-entrega-privacidade-sem-escurecer-o-ambiente\/","url":"https:\/\/www.correiobraziliense.com.br\/cbradar\/adeus-a-cortina-no-banheiro-a-nova-tendencia-e-o-painel-de-vidro-canelado-e-ele-entrega-privacidade-sem-escurecer-o-ambiente\/","name":"Adeus \u00e0 cortina no banheiro: a nova tend\u00eancia \u00e9 o painel de vidro canelado e ele entrega privacidade sem escurecer o ambiente - Correio Braziliense - Radar","isPartOf":{"@id":"https:\/\/www.correiobraziliense.com.br\/cbradar\/#website"},"primaryImageOfPage":{"@id":"https:\/\/www.correiobraziliense.com.br\/cbradar\/adeus-a-cortina-no-banheiro-a-nova-tendencia-e-o-painel-de-vidro-canelado-e-ele-entrega-privacidade-sem-escurecer-o-ambiente\/#primaryimage"},"image":{"@id":"https:\/\/www.correiobraziliense.com.br\/cbradar\/adeus-a-cortina-no-banheiro-a-nova-tendencia-e-o-painel-de-vidro-canelado-e-ele-entrega-privacidade-sem-escurecer-o-ambiente\/#primaryimage"},"thumbnailUrl":"https:\/\/www.correiobraziliense.com.br\/cbradar\/wp-content\/uploads\/2026\/05\/IMAGEM_720p_1777599374847.jpg","datePublished":"2026-05-01T16:25:00+00:00","author":{"@id":"https:\/\/www.correiobraziliense.com.br\/cbradar\/#\/schema\/person\/4cec7857301a9a1a2ef249893cd908d3"},"description":"A cortina ficou no passado? O vidro canelado d\u00e1 privacidade total sem escurecer o box. Veja por que essa troca virou febre em 2026.","breadcrumb":{"@id":"https:\/\/www.correiobraziliense.com.br\/cbradar\/adeus-a-cortina-no-banheiro-a-nova-tendencia-e-o-painel-de-vidro-canelado-e-ele-entrega-privacidade-sem-escurecer-o-ambiente\/#breadcrumb"},"inLanguage":"pt-BR","potentialAction":[{"@type":"ReadAction","target":["https:\/\/www.correiobraziliense.com.br\/cbradar\/adeus-a-cortina-no-banheiro-a-nova-tendencia-e-o-painel-de-vidro-canelado-e-ele-entrega-privacidade-sem-escurecer-o-ambiente\/"]}]},{"@type":"ImageObject","inLanguage":"pt-BR","@id":"https:\/\/www.correiobraziliense.com.br\/cbradar\/adeus-a-cortina-no-banheiro-a-nova-tendencia-e-o-painel-de-vidro-canelado-e-ele-entrega-privacidade-sem-escurecer-o-ambiente\/#primaryimage","url":"https:\/\/www.correiobraziliense.com.br\/cbradar\/wp-content\/uploads\/2026\/05\/IMAGEM_720p_1777599374847.jpg","contentUrl":"https:\/\/www.correiobraziliense.com.br\/cbradar\/wp-content\/uploads\/2026\/05\/IMAGEM_720p_1777599374847.jpg","width":1280,"height":720,"caption":"O vidro canelado como substituto moderno da cortina de banheiro"},{"@type":"BreadcrumbList","@id":"https:\/\/www.correiobraziliense.com.br\/cbradar\/adeus-a-cortina-no-banheiro-a-nova-tendencia-e-o-painel-de-vidro-canelado-e-ele-entrega-privacidade-sem-escurecer-o-ambiente\/#breadcrumb","itemListElement":[{"@type":"ListItem","position":1,"name":"In\u00edcio","item":"https:\/\/www.correiobraziliense.com.br\/cbradar\/"},{"@type":"ListItem","position":2,"name":"Adeus \u00e0 cortina no banheiro: a nova tend\u00eancia \u00e9 o painel de vidro canelado e ele entrega privacidade sem escurecer o ambiente"}]},{"@type":"WebSite","@id":"https:\/\/www.correiobraziliense.com.br\/cbradar\/#website","url":"https:\/\/www.correiobraziliense.com.br\/cbradar\/","name":"Correio Braziliense - Radar","description":"Acompanhe as \u00faltimas not\u00edcias e fique bem informado sobre tudo o que acontece no Brasil e no mundo.","potentialAction":[{"@type":"SearchAction","target":{"@type":"EntryPoint","urlTemplate":"https:\/\/www.correiobraziliense.com.br\/cbradar\/?s={search_term_string}"},"query-input":{"@type":"PropertyValueSpecification","valueRequired":true,"valueName":"search_term_string"}}],"inLanguage":"pt-BR"},{"@type":"Person","@id":"https:\/\/www.correiobraziliense.com.br\/cbradar\/#\/schema\/person\/4cec7857301a9a1a2ef249893cd908d3","name":"Paulo Custodio","image":{"@type":"ImageObject","inLanguage":"pt-BR","@id":"https:\/\/www.correiobraziliense.com.br\/cbradar\/#\/schema\/person\/image\/","url":"https:\/\/secure.gravatar.com\/avatar\/bcd67168d1534e8fcf4f45c726a87cea?s=96&d=mm&r=g","contentUrl":"https:\/\/secure.gravatar.com\/avatar\/bcd67168d1534e8fcf4f45c726a87cea?s=96&d=mm&r=g","caption":"Paulo Custodio"},"sameAs":["https:\/\/www.correiobraziliense.com.br\/cbradar"],"url":"https:\/\/www.correiobraziliense.com.br\/cbradar\/author\/paulomyth\/"}]}},"_links":{"self":[{"href":"https:\/\/www.correiobraziliense.com.br\/cbradar\/wp-json\/wp\/v2\/posts\/234576","targetHints":{"allow":["GET"]}}],"collection":[{"href":"https:\/\/www.correiobraziliense.com.br\/cbradar\/wp-json\/wp\/v2\/posts"}],"about":[{"href":"https:\/\/www.correiobraziliense.com.br\/cbradar\/wp-json\/wp\/v2\/types\/post"}],"author":[{"embeddable":true,"href":"https:\/\/www.correiobraziliense.com.br\/cbradar\/wp-json\/wp\/v2\/users\/11"}],"replies":[{"embeddable":true,"href":"https:\/\/www.correiobraziliense.com.br\/cbradar\/wp-json\/wp\/v2\/comments?post=234576"}],"version-history":[{"count":1,"href":"https:\/\/www.correiobraziliense.com.br\/cbradar\/wp-json\/wp\/v2\/posts\/234576\/revisions"}],"predecessor-version":[{"id":234586,"href":"https:\/\/www.correiobraziliense.com.br\/cbradar\/wp-json\/wp\/v2\/posts\/234576\/revisions\/234586"}],"wp:featuredmedia":[{"embeddable":true,"href":"https:\/\/www.correiobraziliense.com.br\/cbradar\/wp-json\/wp\/v2\/media\/235095"}],"wp:attachment":[{"href":"https:\/\/www.correiobraziliense.com.br\/cbradar\/wp-json\/wp\/v2\/media?parent=234576"}],"wp:term":[{"taxonomy":"category","embeddable":true,"href":"https:\/\/www.correiobraziliense.com.br\/cbradar\/wp-json\/wp\/v2\/categories?post=234576"},{"taxonomy":"post_tag","embeddable":true,"href":"https:\/\/www.correiobraziliense.com.br\/cbradar\/wp-json\/wp\/v2\/tags?post=234576"}],"curies":[{"name":"wp","href":"https:\/\/api.w.org\/{rel}","templated":true}]}}