{"id":234579,"date":"2026-04-30T11:45:00","date_gmt":"2026-04-30T14:45:00","guid":{"rendered":"https:\/\/www.correiobraziliense.com.br\/cbradar\/?p=234579"},"modified":"2026-04-30T10:26:54","modified_gmt":"2026-04-30T13:26:54","slug":"a-cidade-jardim-paranaense-e-o-unico-lugar-no-brasil-com-26-m%c2%b2-de-area-verde-por-habitante-e-nota-quase-perfeita-em-saneamento","status":"publish","type":"post","link":"https:\/\/www.correiobraziliense.com.br\/cbradar\/a-cidade-jardim-paranaense-e-o-unico-lugar-no-brasil-com-26-m%c2%b2-de-area-verde-por-habitante-e-nota-quase-perfeita-em-saneamento\/","title":{"rendered":"A &#8220;Cidade Jardim&#8221; paranaense \u00e9 o \u00fanico lugar no Brasil com 26 m\u00b2 de \u00e1rea verde por habitante e nota quase perfeita em saneamento"},"content":{"rendered":"\n<p>Em <strong>Maring\u00e1<\/strong>, no noroeste do <strong>Paran\u00e1<\/strong>, as avenidas largas e os canteiros arborizados nasceram no papel antes da primeira casa. O tra\u00e7ado da &#8220;Cidade Jardim&#8221; foi feito em <strong>S\u00e3o Paulo<\/strong>, em <strong>1945<\/strong>, por algu\u00e9m que jamais visitou o terreno.<\/p>\n\n\n\n<h2 class=\"wp-block-heading\">Como uma cidade pode ter sido planejada \u00e0 dist\u00e2ncia?<\/h2>\n\n\n\n<p>O urbanista paulista <strong>Jorge de Macedo Vieira<\/strong> recebeu da <strong>Companhia de Terras Norte do Paran\u00e1<\/strong> apenas fotos a\u00e9reas e rascunhos topogr\u00e1ficos enviados por engenheiros da colonizadora. A partir desses documentos, projetou uma cidade inspirada nos conceitos de <strong>cidade-jardim<\/strong> de Ebenezer Howard, com avenidas largas, tr\u00eas grandes reservas de mata nativa e zonas funcionais bem separadas.<\/p>\n\n\n\n<p>Macedo Vieira nunca viu Maring\u00e1 pessoalmente. O ante-projeto foi entregue em 1945, e a cidade foi fundada oficialmente em <strong>10 de maio de 1947<\/strong>, segundo o acervo do <a href=\"https:\/\/www.maringahistorica.com.br\/index.php\/2012\/07\/jorge-de-macedo-vieira.html\" target=\"_blank\" rel=\"noreferrer noopener\"><strong>Maring\u00e1 Hist\u00f3rica<\/strong><\/a>. O detalhe explica boa parte do que o morador sente hoje ao caminhar pelo centro: ruas retas, copas que se encontram sobre os canteiros e sil\u00eancio improv\u00e1vel para uma cidade de mais de 400 mil habitantes.<\/p>\n\n\n<div class=\"wp-block-image\">\n<figure class=\"aligncenter size-large\"><img decoding=\"async\" width=\"1024\" height=\"576\" src=\"https:\/\/www.correiobraziliense.com.br\/cbradar\/wp-content\/uploads\/2025\/06\/maringa-parana_1749615198902-1024x576.jpg\" alt=\"Onde a vida realmente funciona e a cidade verde a 425 km de Curitiba se torna um novo para\u00edso para quem busca qualidade e organiza\u00e7\u00e3o\" class=\"wp-image-51399\" srcset=\"https:\/\/www.correiobraziliense.com.br\/cbradar\/wp-content\/uploads\/2025\/06\/maringa-parana_1749615198902-1024x576.jpg 1024w, https:\/\/www.correiobraziliense.com.br\/cbradar\/wp-content\/uploads\/2025\/06\/maringa-parana_1749615198902-300x169.jpg 300w, https:\/\/www.correiobraziliense.com.br\/cbradar\/wp-content\/uploads\/2025\/06\/maringa-parana_1749615198902-768x432.jpg 768w, https:\/\/www.correiobraziliense.com.br\/cbradar\/wp-content\/uploads\/2025\/06\/maringa-parana_1749615198902-750x422.jpg 750w, https:\/\/www.correiobraziliense.com.br\/cbradar\/wp-content\/uploads\/2025\/06\/maringa-parana_1749615198902-1140x641.jpg 1140w, https:\/\/www.correiobraziliense.com.br\/cbradar\/wp-content\/uploads\/2025\/06\/maringa-parana_1749615198902.jpg 1280w\" sizes=\"(max-width: 1024px) 100vw, 1024px\" \/><figcaption class=\"wp-element-caption\">Maring\u00e1 \u00e9 destaque nacional em educa\u00e7\u00e3o, saneamento, mobilidade urbana e seguran\u00e7a p\u00fablica. \/\/ Cr\u00e9ditos: depositphotos.com \/ Rdziura<\/figcaption><\/figure><\/div>\n\n\n<h2 class=\"wp-block-heading\">O que sustenta o t\u00edtulo de melhor cidade para se viver?<\/h2>\n\n\n\n<p>Maring\u00e1 liderou em 2023 o <strong>\u00cdndice de Desafios da Gest\u00e3o Municipal (IDGM)<\/strong>, da consultoria Macroplan, entre as 100 maiores cidades brasileiras. <a href=\"https:\/\/www.parana.pr.gov.br\/aen\/Noticia\/Maringa-e-eleita-melhor-cidade-para-se-viver-no-Pais-e-Curitiba-e-Cascavel-estao-no-top\" target=\"_blank\" rel=\"noreferrer noopener\"><strong>Segundo a Ag\u00eancia Estadual de Not\u00edcias do Paran\u00e1<\/strong><\/a>, a cidade obteve m\u00e9dia 0,765 no ranking, ocupando o primeiro lugar em sete indicadores.<\/p>\n\n\n\n<p>O destaque maior veio do saneamento, com nota 0,978 \u2014 praticamente perfeita. A cidade lidera em atendimento de \u00e1gua, atendimento e tratamento de esgoto, coleta de lixo, mortalidade infantil e cobertura da educa\u00e7\u00e3o b\u00e1sica. O <strong>IDH de 0,808<\/strong> coloca o munic\u00edpio entre os 25 melhores do pa\u00eds.<\/p>\n\n\n\n<p>O v\u00eddeo \u00e9 do canal <strong>Felipe Tavares \u2022 Mapa de Viajante<\/strong>, que conta com<strong> 12 mil inscritos<\/strong>, e detalha um roteiro completo por S\u00e3o Joaquim, Urubici e Bom Jardim da Serra, focando em gastronomia, pontos tur\u00edsticos e dicas de hospedagem.<\/p>\n\n\n\n<figure class=\"wp-block-embed aligncenter is-type-video is-provider-youtube wp-block-embed-youtube wp-embed-aspect-16-9 wp-has-aspect-ratio\"><div class=\"wp-block-embed__wrapper\">\n<div class=\"jeg_video_container jeg_video_content\"><iframe loading=\"lazy\" title=\"MARING\u00c1 (Paran\u00e1). A Melhor Cidade do Brasil?\" width=\"500\" height=\"281\" src=\"https:\/\/www.youtube.com\/embed\/TH1bYEQcHuY?feature=oembed\" frameborder=\"0\" allow=\"accelerometer; autoplay; clipboard-write; encrypted-media; gyroscope; picture-in-picture; web-share\" referrerpolicy=\"strict-origin-when-cross-origin\" allowfullscreen><\/iframe><\/div>\n<\/div><\/figure>\n\n\n\n<h2 class=\"wp-block-heading\">Por que o verde faz parte do cotidiano do morador?<\/h2>\n\n\n\n<p>O plano original reservou tr\u00eas grandes \u00e1reas de mata dentro do per\u00edmetro urbano, e essas reservas seguem ali. N\u00e3o s\u00e3o parques de fim de semana, s\u00e3o parte do trajeto di\u00e1rio.<\/p>\n\n\n\n<ul class=\"wp-block-list\">\n<li><strong>Parque do Ing\u00e1<\/strong>: 47,3 hectares de mata preservada na regi\u00e3o central, com lago, pista de caminhada de 3 km e o Jardim Japon\u00eas inaugurado em 1978 para receber o ent\u00e3o pr\u00edncipe Akihito.<\/li>\n\n\n\n<li><strong>Parque do Jap\u00e3o<\/strong>: 100 mil m\u00b2 em homenagem \u00e0 imigra\u00e7\u00e3o japonesa, com lago de carpas, casa de ch\u00e1 e centro cultural mantido pela <a href=\"https:\/\/maringacultura.maringa.pr.gov.br\/espaco\/42\/\" target=\"_blank\" rel=\"noreferrer noopener\"><strong>Secretaria de Cultura municipal<\/strong><\/a>.<\/li>\n\n\n\n<li><strong>Bosque das Grev\u00edleas<\/strong>: reserva urbana com trilhas, escolhida por moradores para corridas matinais e piqueniques em fim de semana.<\/li>\n\n\n\n<li><strong>Horto Florestal<\/strong>: \u00e1rea de educa\u00e7\u00e3o ambiental que abriga viveiros de mudas usadas no plantio de novas avenidas.<\/li>\n<\/ul>\n\n\n\n<p>Maring\u00e1 mant\u00e9m cerca de 26 m\u00b2 de \u00e1rea verde por habitante, distribu\u00eddos em 17 reservas urbanas, segundo dados consolidados pelo plano diretor. \u00c9 um n\u00famero raro entre cidades do mesmo porte.<\/p>\n\n\n\n<h2 class=\"wp-block-heading\">O s\u00edmbolo que aponta para o c\u00e9u<\/h2>\n\n\n\n<p>Em qualquer canto da cidade, o cone branco da <strong>Catedral Bas\u00edlica Menor Nossa Senhora da Gl\u00f3ria<\/strong> aparece no horizonte. S\u00e3o <strong>114 metros de altura<\/strong>, mais 10 metros de cruz no topo, totalizando 124 metros \u2014 uma das igrejas mais altas do mundo.<\/p>\n\n\n\n<p>Projetada pelo arquiteto <strong>Jos\u00e9 Augusto Bellucci<\/strong> e constru\u00edda entre 1959 e 1972, a obra tem formato c\u00f4nico inspirado nos sat\u00e9lites Sputnik. A pedra fundamental \u00e9 um peda\u00e7o de m\u00e1rmore retirado das escava\u00e7\u00f5es da Bas\u00edlica de S\u00e3o Pedro, no Vaticano, aben\u00e7oado pelo Papa Pio XII. Mais detalhes est\u00e3o na p\u00e1gina oficial de <a href=\"http:\/\/www3.maringa.pr.gov.br\/turismo\/?cod=atrativos-turisticos%2F1\" target=\"_blank\" rel=\"noreferrer noopener\"><strong>Turismo de Maring\u00e1<\/strong><\/a>.<\/p>\n\n\n\n<h2 class=\"wp-block-heading\">Como funciona a vida universit\u00e1ria e econ\u00f4mica?<\/h2>\n\n\n\n<p>A <a href=\"https:\/\/www.uem.br\/\" target=\"_blank\" rel=\"noreferrer noopener\"><strong>Universidade Estadual de Maring\u00e1 (UEM)<\/strong><\/a> mant\u00e9m mais de 20 mil alunos matriculados na gradua\u00e7\u00e3o e na p\u00f3s-gradua\u00e7\u00e3o. O campus sede tem cerca de 1,24 milh\u00e3o de m\u00b2 e abriga hospital universit\u00e1rio, museus e laborat\u00f3rios de pesquisa.<\/p>\n\n\n\n<p>O setor de servi\u00e7os responde por mais de 76% da economia local, segundo dados consolidados pela prefeitura. Ind\u00fastrias do agroneg\u00f3cio, t\u00eaxtil e aliment\u00edcio convivem com cinco shoppings e um com\u00e9rcio atacadista que atrai compradores de outros estados. A combina\u00e7\u00e3o cria oportunidades qualificadas e mant\u00e9m o ritmo da cidade constante o ano inteiro.<\/p>\n\n\n<div class=\"wp-block-image\">\n<figure class=\"aligncenter size-large\"><img decoding=\"async\" width=\"1024\" height=\"576\" src=\"https:\/\/www.correiobraziliense.com.br\/cbradar\/wp-content\/uploads\/2025\/06\/Maringa_1751264488400-1024x576.jpg\" alt=\"Com 98,6% de ruas arborizadas e saneamento nota m\u00e1xima, essa cidade do Paran\u00e1 esta conquistando brasileiros que desejam viver bem\" class=\"wp-image-61844\" srcset=\"https:\/\/www.correiobraziliense.com.br\/cbradar\/wp-content\/uploads\/2025\/06\/Maringa_1751264488400-1024x576.jpg 1024w, https:\/\/www.correiobraziliense.com.br\/cbradar\/wp-content\/uploads\/2025\/06\/Maringa_1751264488400-300x169.jpg 300w, https:\/\/www.correiobraziliense.com.br\/cbradar\/wp-content\/uploads\/2025\/06\/Maringa_1751264488400-768x432.jpg 768w, https:\/\/www.correiobraziliense.com.br\/cbradar\/wp-content\/uploads\/2025\/06\/Maringa_1751264488400-750x422.jpg 750w, https:\/\/www.correiobraziliense.com.br\/cbradar\/wp-content\/uploads\/2025\/06\/Maringa_1751264488400-1140x641.jpg 1140w, https:\/\/www.correiobraziliense.com.br\/cbradar\/wp-content\/uploads\/2025\/06\/Maringa_1751264488400.jpg 1280w\" sizes=\"(max-width: 1024px) 100vw, 1024px\" \/><figcaption class=\"wp-element-caption\">Maring\u00e1 recebe eventos culturais e agroindustriais importantes, combinando crescimento e sustentabilidade. \/\/ Cr\u00e9ditos: depositphotos.com \/ icasavechia<\/figcaption><\/figure><\/div>\n\n\n<p><strong>Leia tamb\u00e9m: <a href=\"https:\/\/www.correiobraziliense.com.br\/cbradar\/os-movimentos-que-mais-ajudam-quem-passa-o-dia-sentado-a-destravar-o-corpo-e-sentir-menos-peso-nas-costas-ao-longo-da-rotina\/\" target=\"_blank\" rel=\"noreferrer noopener\">Os movimentos que mais ajudam quem passa o dia sentado a destravar o corpo e sentir menos peso nas costas ao longo da rotina.<\/a><\/strong><\/p>\n\n\n\n<h2 class=\"wp-block-heading\">Quando o clima favorece a vida ao ar livre?<\/h2>\n\n\n\n<p><strong>O clima tropical com inverno seco facilita o uso dos parques durante quase todo o ano. <\/strong>Geadas s\u00e3o raras, mas poss\u00edveis em julho.<\/p>\n\n\n\n<style>\n  \/* --- CONTAINER BLINDADO (PADR\u00c3O REGISTRADO) --- *\/\n  .clima-grid-final {\n    font-family: -apple-system, BlinkMacSystemFont, \"Segoe UI\", Roboto, Arial, sans-serif !important;\n    width: 100% !important;\n    max-width: 1200px !important;\n    margin: 20px auto !important;\n    display: grid !important;\n    \/* FOR\u00c7A 4 COLUNAS NO DESKTOP *\/\n    grid-template-columns: repeat(4, 1fr) !important; \n    gap: 15px !important;\n    box-sizing: border-box !important;\n  }\n\n  .clima-grid-final * {\n    box-sizing: border-box !important;\n  }\n\n  \/* --- BLINDAGEM CONTRA ADS E PLUGINS INTRUSOS --- *\/\n  .clima-grid-final > :not(.card-clima) {\n    display: none !important;\n    width: 0 !important;\n    height: 0 !important;\n    opacity: 0 !important;\n  }\n\n  \/* --- CARD PADR\u00c3O (FUNDO BRANCO) --- *\/\n  .card-clima {\n    background: #ffffff !important;\n    border: 1px solid #e0e0e0 !important;\n    border-radius: 20px !important;\n    padding: 20px 10px !important;\n    text-align: center !important;\n    display: flex !important;\n    flex-direction: column !important;\n    align-items: center !important;\n    box-shadow: 0 4px 10px rgba(0, 0, 0, 0.05) !important;\n    min-width: 0 !important; \n    transition: transform 0.2s ease !important;\n    overflow: hidden !important;\n    height: 100% !important;\n  }\n\n  .card-clima:hover {\n    transform: translateY(-5px) !important;\n    border-color: #000000 !important;\n  }\n\n  \/* --- CONTE\u00daDO --- *\/\n  .estacao-nome { \n    font-size: 14px !important; \n    font-weight: 800 !important; \n    color: #000000 !important; \n    text-transform: uppercase !important; \n    margin: 0 0 5px 0 !important; \n  }\n  \n  .estacao-meses { \n    font-size: 10px !important; \n    font-weight: 700 !important; \n    color: #444444 !important; \n    text-transform: uppercase !important; \n    margin-bottom: 15px !important; \n    display: block !important;\n  }\n  \n  .temp-valor { \n    font-size: 24px !important; \n    font-weight: 800 !important; \n    color: #000000 !important; \n    line-height: 1.1 !important; \n    margin: 0 !important;\n  }\n  \n  .temp-label { \n    font-size: 9px !important; \n    font-weight: 600 !important; \n    color: #777777 !important; \n    text-transform: uppercase !important; \n    margin-bottom: 15px !important; \n    display: block !important;\n  }\n  \n  .clima-desc { \n    font-size: 12px !important; \n    line-height: 1.4 !important; \n    color: #333333 !important; \n    margin-bottom: 15px !important; \n    flex-grow: 1 !important; \n  }\n\n  .tag-status {\n    background-color: #f5f5f5 !important;\n    border: 1px solid #d0d0d0 !important;\n    color: #000000 !important;\n    padding: 5px 12px !important;\n    border-radius: 20px !important;\n    font-size: 9px !important;\n    font-weight: 800 !important;\n    text-transform: uppercase !important;\n    margin-top: auto !important;\n  }\n\n  \/* --- RESPONSIVIDADE --- *\/\n  @media (max-width: 800px) {\n    .clima-grid-final {\n      grid-template-columns: 1fr !important; \n    }\n    .card-clima {\n      padding: 25px 20px !important;\n    }\n  }\n<\/style>\n\n<div class=\"google-auto-ads-ignore clima-grid-final\">\n  \n  <!-- VER\u00c3O -->\n  <div class=\"card-clima\">\n    <div class=\"estacao-nome\">\u2600\ufe0f Ver\u00e3o<\/div>\n    <span class=\"estacao-meses\">Dez &#8211; Fev<\/span>\n    <div class=\"temp-valor\">20-30\u00b0C<\/div>\n    <span class=\"temp-label\">Temperatura<\/span>\n    <div class=\"clima-desc\">Aproveite para realizar <b>caminhadas no Ing\u00e1 pela manh\u00e3<\/b>, garantindo o passeio antes das chuvas t\u00edpicas da esta\u00e7\u00e3o.<\/div>\n    <div class=\"tag-status\">\u26c8\ufe0f Chuva Alta<\/div>\n  <\/div>\n\n  <!-- OUTONO -->\n  <div class=\"card-clima\">\n    <div class=\"estacao-nome\">\ud83c\udf42 Outono<\/div>\n    <span class=\"estacao-meses\">Mar &#8211; Mai<\/span>\n    <div class=\"temp-valor\">17-27\u00b0C<\/div>\n    <span class=\"temp-label\">Temperatura<\/span>\n    <div class=\"clima-desc\">O clima ameno \u00e9 perfeito para relaxantes <b>piqueniques no Parque do Jap\u00e3o<\/b> e contemplar a natureza.<\/div>\n    <div class=\"tag-status\">\ud83c\udf26\ufe0f Chuva M\u00e9dia<\/div>\n  <\/div>\n\n  <!-- INVERNO -->\n  <div class=\"card-clima\">\n    <div class=\"estacao-nome\">\ud83e\udde3 Inverno<\/div>\n    <span class=\"estacao-meses\">Jun &#8211; Ago<\/span>\n    <div class=\"temp-valor\">12-23\u00b0C<\/div>\n    <span class=\"temp-label\">Temperatura<\/span>\n    <div class=\"clima-desc\">Com o tempo mais seco, a pedida ideal \u00e9 a pr\u00e1tica de <b>corrida e ciclismo nas avenidas<\/b> arborizadas.<\/div>\n    <div class=\"tag-status\">\u2600\ufe0f Chuva Baixa<\/div>\n  <\/div>\n\n  <!-- PRIMAVERA -->\n  <div class=\"card-clima\">\n    <div class=\"estacao-nome\">\ud83c\udf38 Primavera<\/div>\n    <span class=\"estacao-meses\">Set &#8211; Nov<\/span>\n    <div class=\"temp-valor\">17-28\u00b0C<\/div>\n    <span class=\"temp-label\">Temperatura<\/span>\n    <div class=\"clima-desc\">Esta\u00e7\u00e3o de cores vibrantes, excelente para prestigiar diversos <b>eventos culturais ao ar livre<\/b> pela cidade.<\/div>\n    <div class=\"tag-status\">\ud83c\udfa8 Cultura<\/div>\n  <\/div>\n\n<\/div>\n\n\n\n<p><em>Temperaturas aproximadas com base no <a href=\"https:\/\/www.climatempo.com.br\/previsao-do-tempo\/cidade\/278\/maringa-pr\" target=\"_blank\" rel=\"noreferrer noopener\"><strong>Climatempo<\/strong><\/a>. Condi\u00e7\u00f5es podem variar.<\/em><\/p>\n\n\n\n<h2 class=\"wp-block-heading\">Como chegar \u00e0 Cidade Can\u00e7\u00e3o?<\/h2>\n\n\n\n<p>Maring\u00e1 fica a cerca de 430 km de <strong>Curitiba<\/strong> pela <strong>BR-376<\/strong>, com viagem m\u00e9dia de 5h30 de carro. O <strong>Aeroporto Regional de Maring\u00e1 S\u00edlvio Name J\u00fanior<\/strong> recebe voos di\u00e1rios de Guarulhos, Congonhas e Bras\u00edlia. \u00d4nibus interestaduais conectam a cidade ao norte do Paran\u00e1, oeste de S\u00e3o Paulo e Mato Grosso do Sul.<\/p>\n\n\n\n<h2 class=\"wp-block-heading\">A cidade que cresceu sem perder o ritmo<\/h2>\n\n\n\n<p><strong>O tra\u00e7ado de 1945 ainda funciona porque foi pensado para o morador, n\u00e3o para o autom\u00f3vel.<\/strong> Quem caminha pelo centro percebe que o sil\u00eancio sob as \u00e1rvores \u00e9 uma escolha urban\u00edstica, n\u00e3o acaso.<\/p>\n\n\n\n<p>Voc\u00ea precisa conhecer Maring\u00e1 e entender como uma cidade desenhada \u00e0 dist\u00e2ncia virou o lugar mais bem avaliado do Brasil para se viver.<\/p>\n","protected":false},"excerpt":{"rendered":"<p>Em Maring\u00e1, no noroeste do Paran\u00e1, as avenidas largas e os canteiros arborizados nasceram no papel antes da primeira casa. O tra\u00e7ado da &#8220;Cidade Jardim&#8221; foi feito em S\u00e3o Paulo, em 1945, por algu\u00e9m que jamais visitou o terreno. Como uma cidade pode ter sido planejada \u00e0 dist\u00e2ncia? O urbanista paulista Jorge de Macedo Vieira [&hellip;]<\/p>\n","protected":false},"author":8,"featured_media":27097,"comment_status":"open","ping_status":"open","sticky":false,"template":"","format":"standard","meta":{"_yoast_wpseo_focuskw":"Cidade Jardim","_yoast_wpseo_title":"","_yoast_wpseo_metadesc":"Com 26 m\u00b2 de \u00e1rea verde por habitante, a \u201cCidade Jardim\u201d do Paran\u00e1 impressiona com saneamento quase perfeito.","jnews-multi-image_gallery":[],"jnews_single_post":{"format":"standard"},"jnews_primary_category":[],"jnews_social_meta":[],"jnews_override_counter":[],"footnotes":""},"categories":[1],"tags":[3719,664],"class_list":["post-234579","post","type-post","status-publish","format-standard","has-post-thumbnail","hentry","category-uncategorized","tag-maringa","tag-parana"],"yoast_head":"<!-- This site is optimized with the Yoast SEO plugin v24.6 - https:\/\/yoast.com\/wordpress\/plugins\/seo\/ -->\n<title>A &quot;Cidade Jardim&quot; paranaense \u00e9 o \u00fanico lugar no Brasil com 26 m\u00b2 de \u00e1rea verde por habitante e nota quase perfeita em saneamento - Correio Braziliense - Radar<\/title>\n<meta name=\"description\" content=\"Com 26 m\u00b2 de \u00e1rea verde por habitante, a \u201cCidade Jardim\u201d do Paran\u00e1 impressiona com saneamento quase perfeito.\" \/>\n<meta name=\"robots\" content=\"index, follow, max-snippet:-1, max-image-preview:large, max-video-preview:-1\" \/>\n<link rel=\"canonical\" href=\"https:\/\/www.correiobraziliense.com.br\/cbradar\/a-cidade-jardim-paranaense-e-o-unico-lugar-no-brasil-com-26-m\u00b2-de-area-verde-por-habitante-e-nota-quase-perfeita-em-saneamento\/\" \/>\n<meta property=\"og:locale\" content=\"pt_BR\" \/>\n<meta property=\"og:type\" content=\"article\" \/>\n<meta property=\"og:title\" content=\"A &quot;Cidade Jardim&quot; paranaense \u00e9 o \u00fanico lugar no Brasil com 26 m\u00b2 de \u00e1rea verde por habitante e nota quase perfeita em saneamento - Correio Braziliense - Radar\" \/>\n<meta property=\"og:description\" content=\"Com 26 m\u00b2 de \u00e1rea verde por habitante, a \u201cCidade Jardim\u201d do Paran\u00e1 impressiona com saneamento quase perfeito.\" \/>\n<meta property=\"og:url\" content=\"https:\/\/www.correiobraziliense.com.br\/cbradar\/a-cidade-jardim-paranaense-e-o-unico-lugar-no-brasil-com-26-m\u00b2-de-area-verde-por-habitante-e-nota-quase-perfeita-em-saneamento\/\" \/>\n<meta property=\"og:site_name\" content=\"Correio Braziliense - Radar\" \/>\n<meta property=\"article:published_time\" content=\"2026-04-30T14:45:00+00:00\" \/>\n<meta property=\"og:image\" content=\"https:\/\/www.correiobraziliense.com.br\/cbradar\/wp-content\/uploads\/2025\/04\/Edicoes-2-1.png\" \/>\n\t<meta property=\"og:image:width\" content=\"1280\" \/>\n\t<meta property=\"og:image:height\" content=\"720\" \/>\n\t<meta property=\"og:image:type\" content=\"image\/png\" \/>\n<meta name=\"author\" content=\"Maura Pereira\" \/>\n<meta name=\"twitter:card\" content=\"summary_large_image\" \/>\n<meta name=\"twitter:label1\" content=\"Escrito por\" \/>\n\t<meta name=\"twitter:data1\" content=\"Maura Pereira\" \/>\n\t<meta name=\"twitter:label2\" content=\"Est. tempo de leitura\" \/>\n\t<meta name=\"twitter:data2\" content=\"7 minutos\" \/>\n<!-- \/ Yoast SEO plugin. -->","yoast_head_json":{"title":"A \"Cidade Jardim\" paranaense \u00e9 o \u00fanico lugar no Brasil com 26 m\u00b2 de \u00e1rea verde por habitante e nota quase perfeita em saneamento - Correio Braziliense - Radar","description":"Com 26 m\u00b2 de \u00e1rea verde por habitante, a \u201cCidade Jardim\u201d do Paran\u00e1 impressiona com saneamento quase perfeito.","robots":{"index":"index","follow":"follow","max-snippet":"max-snippet:-1","max-image-preview":"max-image-preview:large","max-video-preview":"max-video-preview:-1"},"canonical":"https:\/\/www.correiobraziliense.com.br\/cbradar\/a-cidade-jardim-paranaense-e-o-unico-lugar-no-brasil-com-26-m\u00b2-de-area-verde-por-habitante-e-nota-quase-perfeita-em-saneamento\/","og_locale":"pt_BR","og_type":"article","og_title":"A \"Cidade Jardim\" paranaense \u00e9 o \u00fanico lugar no Brasil com 26 m\u00b2 de \u00e1rea verde por habitante e nota quase perfeita em saneamento - Correio Braziliense - Radar","og_description":"Com 26 m\u00b2 de \u00e1rea verde por habitante, a \u201cCidade Jardim\u201d do Paran\u00e1 impressiona com saneamento quase perfeito.","og_url":"https:\/\/www.correiobraziliense.com.br\/cbradar\/a-cidade-jardim-paranaense-e-o-unico-lugar-no-brasil-com-26-m\u00b2-de-area-verde-por-habitante-e-nota-quase-perfeita-em-saneamento\/","og_site_name":"Correio Braziliense - Radar","article_published_time":"2026-04-30T14:45:00+00:00","og_image":[{"width":1280,"height":720,"url":"https:\/\/www.correiobraziliense.com.br\/cbradar\/wp-content\/uploads\/2025\/04\/Edicoes-2-1.png","type":"image\/png"}],"author":"Maura Pereira","twitter_card":"summary_large_image","twitter_misc":{"Escrito por":"Maura Pereira","Est. tempo de leitura":"7 minutos"},"schema":{"@context":"https:\/\/schema.org","@graph":[{"@type":"WebPage","@id":"https:\/\/www.correiobraziliense.com.br\/cbradar\/a-cidade-jardim-paranaense-e-o-unico-lugar-no-brasil-com-26-m%c2%b2-de-area-verde-por-habitante-e-nota-quase-perfeita-em-saneamento\/","url":"https:\/\/www.correiobraziliense.com.br\/cbradar\/a-cidade-jardim-paranaense-e-o-unico-lugar-no-brasil-com-26-m%c2%b2-de-area-verde-por-habitante-e-nota-quase-perfeita-em-saneamento\/","name":"A \"Cidade Jardim\" paranaense \u00e9 o \u00fanico lugar no Brasil com 26 m\u00b2 de \u00e1rea verde por habitante e nota quase perfeita em saneamento - Correio Braziliense - Radar","isPartOf":{"@id":"https:\/\/www.correiobraziliense.com.br\/cbradar\/#website"},"primaryImageOfPage":{"@id":"https:\/\/www.correiobraziliense.com.br\/cbradar\/a-cidade-jardim-paranaense-e-o-unico-lugar-no-brasil-com-26-m%c2%b2-de-area-verde-por-habitante-e-nota-quase-perfeita-em-saneamento\/#primaryimage"},"image":{"@id":"https:\/\/www.correiobraziliense.com.br\/cbradar\/a-cidade-jardim-paranaense-e-o-unico-lugar-no-brasil-com-26-m%c2%b2-de-area-verde-por-habitante-e-nota-quase-perfeita-em-saneamento\/#primaryimage"},"thumbnailUrl":"https:\/\/www.correiobraziliense.com.br\/cbradar\/wp-content\/uploads\/2025\/04\/Edicoes-2-1.png","datePublished":"2026-04-30T14:45:00+00:00","author":{"@id":"https:\/\/www.correiobraziliense.com.br\/cbradar\/#\/schema\/person\/4053c651a9bfc785afc6f4cbc9032fd3"},"description":"Com 26 m\u00b2 de \u00e1rea verde por habitante, a \u201cCidade Jardim\u201d do Paran\u00e1 impressiona com saneamento quase perfeito.","breadcrumb":{"@id":"https:\/\/www.correiobraziliense.com.br\/cbradar\/a-cidade-jardim-paranaense-e-o-unico-lugar-no-brasil-com-26-m%c2%b2-de-area-verde-por-habitante-e-nota-quase-perfeita-em-saneamento\/#breadcrumb"},"inLanguage":"pt-BR","potentialAction":[{"@type":"ReadAction","target":["https:\/\/www.correiobraziliense.com.br\/cbradar\/a-cidade-jardim-paranaense-e-o-unico-lugar-no-brasil-com-26-m%c2%b2-de-area-verde-por-habitante-e-nota-quase-perfeita-em-saneamento\/"]}]},{"@type":"ImageObject","inLanguage":"pt-BR","@id":"https:\/\/www.correiobraziliense.com.br\/cbradar\/a-cidade-jardim-paranaense-e-o-unico-lugar-no-brasil-com-26-m%c2%b2-de-area-verde-por-habitante-e-nota-quase-perfeita-em-saneamento\/#primaryimage","url":"https:\/\/www.correiobraziliense.com.br\/cbradar\/wp-content\/uploads\/2025\/04\/Edicoes-2-1.png","contentUrl":"https:\/\/www.correiobraziliense.com.br\/cbradar\/wp-content\/uploads\/2025\/04\/Edicoes-2-1.png","width":1280,"height":720,"caption":"Encante-se por Maring\u00e1, rodeada de \u00e1reas verdes e cultura diversa, onde qualidade de vida \u00e9 prioridade. \/ Reprodu\u00e7\u00e3o: Wikip\u00e9dia"},{"@type":"BreadcrumbList","@id":"https:\/\/www.correiobraziliense.com.br\/cbradar\/a-cidade-jardim-paranaense-e-o-unico-lugar-no-brasil-com-26-m%c2%b2-de-area-verde-por-habitante-e-nota-quase-perfeita-em-saneamento\/#breadcrumb","itemListElement":[{"@type":"ListItem","position":1,"name":"In\u00edcio","item":"https:\/\/www.correiobraziliense.com.br\/cbradar\/"},{"@type":"ListItem","position":2,"name":"A &#8220;Cidade Jardim&#8221; paranaense \u00e9 o \u00fanico lugar no Brasil com 26 m\u00b2 de \u00e1rea verde por habitante e nota quase perfeita em saneamento"}]},{"@type":"WebSite","@id":"https:\/\/www.correiobraziliense.com.br\/cbradar\/#website","url":"https:\/\/www.correiobraziliense.com.br\/cbradar\/","name":"Correio Braziliense - Radar","description":"Acompanhe as \u00faltimas not\u00edcias e fique bem informado sobre tudo o que acontece no Brasil e no mundo.","potentialAction":[{"@type":"SearchAction","target":{"@type":"EntryPoint","urlTemplate":"https:\/\/www.correiobraziliense.com.br\/cbradar\/?s={search_term_string}"},"query-input":{"@type":"PropertyValueSpecification","valueRequired":true,"valueName":"search_term_string"}}],"inLanguage":"pt-BR"},{"@type":"Person","@id":"https:\/\/www.correiobraziliense.com.br\/cbradar\/#\/schema\/person\/4053c651a9bfc785afc6f4cbc9032fd3","name":"Maura Pereira","image":{"@type":"ImageObject","inLanguage":"pt-BR","@id":"https:\/\/www.correiobraziliense.com.br\/cbradar\/#\/schema\/person\/image\/","url":"https:\/\/secure.gravatar.com\/avatar\/3effd6bdadfa447f15089c7f7144eaa6?s=96&d=mm&r=g","contentUrl":"https:\/\/secure.gravatar.com\/avatar\/3effd6bdadfa447f15089c7f7144eaa6?s=96&d=mm&r=g","caption":"Maura Pereira"},"sameAs":["https:\/\/www.correiobraziliense.com.br\/"],"url":"https:\/\/www.correiobraziliense.com.br\/cbradar\/author\/mauramyth\/"}]}},"_links":{"self":[{"href":"https:\/\/www.correiobraziliense.com.br\/cbradar\/wp-json\/wp\/v2\/posts\/234579","targetHints":{"allow":["GET"]}}],"collection":[{"href":"https:\/\/www.correiobraziliense.com.br\/cbradar\/wp-json\/wp\/v2\/posts"}],"about":[{"href":"https:\/\/www.correiobraziliense.com.br\/cbradar\/wp-json\/wp\/v2\/types\/post"}],"author":[{"embeddable":true,"href":"https:\/\/www.correiobraziliense.com.br\/cbradar\/wp-json\/wp\/v2\/users\/8"}],"replies":[{"embeddable":true,"href":"https:\/\/www.correiobraziliense.com.br\/cbradar\/wp-json\/wp\/v2\/comments?post=234579"}],"version-history":[{"count":12,"href":"https:\/\/www.correiobraziliense.com.br\/cbradar\/wp-json\/wp\/v2\/posts\/234579\/revisions"}],"predecessor-version":[{"id":234611,"href":"https:\/\/www.correiobraziliense.com.br\/cbradar\/wp-json\/wp\/v2\/posts\/234579\/revisions\/234611"}],"wp:featuredmedia":[{"embeddable":true,"href":"https:\/\/www.correiobraziliense.com.br\/cbradar\/wp-json\/wp\/v2\/media\/27097"}],"wp:attachment":[{"href":"https:\/\/www.correiobraziliense.com.br\/cbradar\/wp-json\/wp\/v2\/media?parent=234579"}],"wp:term":[{"taxonomy":"category","embeddable":true,"href":"https:\/\/www.correiobraziliense.com.br\/cbradar\/wp-json\/wp\/v2\/categories?post=234579"},{"taxonomy":"post_tag","embeddable":true,"href":"https:\/\/www.correiobraziliense.com.br\/cbradar\/wp-json\/wp\/v2\/tags?post=234579"}],"curies":[{"name":"wp","href":"https:\/\/api.w.org\/{rel}","templated":true}]}}