{"id":234580,"date":"2026-05-01T16:55:00","date_gmt":"2026-05-01T19:55:00","guid":{"rendered":"https:\/\/www.correiobraziliense.com.br\/cbradar\/?p=234580"},"modified":"2026-04-30T22:34:14","modified_gmt":"2026-05-01T01:34:14","slug":"adeus-ao-armario-aereo-tradicional-a-nova-tendencia-e-a-cozinha-com-prateleiras-planejadas-e-ela-deixa-o-espaco-mais-leve-e-funcional","status":"publish","type":"post","link":"https:\/\/www.correiobraziliense.com.br\/cbradar\/adeus-ao-armario-aereo-tradicional-a-nova-tendencia-e-a-cozinha-com-prateleiras-planejadas-e-ela-deixa-o-espaco-mais-leve-e-funcional\/","title":{"rendered":"Adeus ao arm\u00e1rio a\u00e9reo tradicional: a nova tend\u00eancia \u00e9 a cozinha com prateleiras planejadas e ela deixa o espa\u00e7o mais leve e funcional"},"content":{"rendered":"\n<p>Por que a <strong>cozinha sem a\u00e9reo com prateleiras leve<\/strong> virou regra constante entre projetistas de interiores? O velho costume de entulhar as paredes com pesadas caixas fechadas bloqueia a luz natural. Substituir essas portas opacas por pain\u00e9is abertos garante amplitude imediata e extrema praticidade di\u00e1ria.<\/p>\n\n\n\n<h2 class=\"wp-block-heading\">Como a aus\u00eancia de portas amplia a sensa\u00e7\u00e3o de espa\u00e7o livre?<\/h2>\n\n\n\n<p>O c\u00e9rebro humano interpreta a profundidade de um c\u00f4modo com base nas barreiras visuais que encontra na altura dos olhos. Quando voc\u00ea remove enormes blocos de marcenaria pesada da sua parede, o campo de vis\u00e3o se expande automaticamente at\u00e9 o limite f\u00edsico do revestimento cer\u00e2mico.<\/p>\n\n\n\n<p>Essa famosa t\u00e9cnica da <a href=\"https:\/\/pt.wikipedia.org\/wiki\/Arquitetura_de_interiores\" target=\"_blank\" rel=\"noreferrer noopener\">arquitetura<\/a> contempor\u00e2nea funciona perfeitamente bem em apartamentos compactos. A luz natural agora rebate com facilidade nas paredes livres e ilumina cantos escuros que antes ficavam totalmente cobertos por longas sombras indesejadas, reduzindo a necessidade de l\u00e2mpadas artificiais.<\/p>\n\n\n<div class=\"wp-block-image\">\n<figure class=\"aligncenter size-full\"><img decoding=\"async\" width=\"1280\" height=\"720\" src=\"https:\/\/www.correiobraziliense.com.br\/cbradar\/wp-content\/uploads\/2026\/04\/IMAGEM_720p_1777554745974.jpg\" alt=\"Os benef\u00edcios est\u00e9ticos e pr\u00e1ticos de abolir os arm\u00e1rios\" class=\"wp-image-234588\" srcset=\"https:\/\/www.correiobraziliense.com.br\/cbradar\/wp-content\/uploads\/2026\/04\/IMAGEM_720p_1777554745974.jpg 1280w, https:\/\/www.correiobraziliense.com.br\/cbradar\/wp-content\/uploads\/2026\/04\/IMAGEM_720p_1777554745974-300x169.jpg 300w, https:\/\/www.correiobraziliense.com.br\/cbradar\/wp-content\/uploads\/2026\/04\/IMAGEM_720p_1777554745974-768x432.jpg 768w, https:\/\/www.correiobraziliense.com.br\/cbradar\/wp-content\/uploads\/2026\/04\/IMAGEM_720p_1777554745974-750x422.jpg 750w, https:\/\/www.correiobraziliense.com.br\/cbradar\/wp-content\/uploads\/2026\/04\/IMAGEM_720p_1777554745974-1140x641.jpg 1140w\" sizes=\"(max-width: 1280px) 100vw, 1280px\" \/><figcaption class=\"wp-element-caption\">Os benef\u00edcios est\u00e9ticos e pr\u00e1ticos de abolir os arm\u00e1rios<\/figcaption><\/figure><\/div>\n\n\n<h2 class=\"wp-block-heading\">Onde guardar os pesados utens\u00edlios sem os enormes m\u00f3dulos superiores?<\/h2>\n\n\n\n<p>A inteligente transi\u00e7\u00e3o para um modelo totalmente aberto exige uma redistribui\u00e7\u00e3o l\u00f3gica dos seus itens culin\u00e1rios. As cl\u00e1ssicas panelas de ferro, os grandes potes de vidro maci\u00e7o e os eletrodom\u00e9sticos robustos devem migrar definitivamente para os enormes gavet\u00f5es da sua bancada inferior.<\/p>\n\n\n\n<p>Esse formato de armazenamento garante que o acesso di\u00e1rio seja muito mais ergon\u00f4mico, r\u00e1pido e seguro para os moradores. <\/p>\n\n\n\n<p>Leia tamb\u00e9m: <a href=\"https:\/\/www.correiobraziliense.com.br\/cbradar\/a-psicologia-aponta-que-adultos-que-evitam-conflitos-nao-sao-mais-maduros-mas-aprenderam-na-infancia-que-expressar-emocoes-gerava-punicao\/\" target=\"_blank\" rel=\"noreferrer noopener\">A psicologia aponta que adultos que evitam conflitos n\u00e3o s\u00e3o mais maduros, mas aprenderam na inf\u00e2ncia que expressar emo\u00e7\u00f5es gerava puni\u00e7\u00e3o<\/a><\/p>\n\n\n\n<h2 class=\"wp-block-heading\">Quais s\u00e3o os melhores materiais para suportar o peso das lou\u00e7as?<\/h2>\n\n\n\n<p>A escolha cuidadosa da mat\u00e9ria-prima define a longa durabilidade da sua montagem e evita que a fina estrutura envergue com o passar do tempo. \u00c9 extremamente necess\u00e1rio equilibrar o peso brutal suportado pelas grandes cantoneiras met\u00e1licas com a exata espessura da prateleira.<\/p>\n\n\n\n<p>Para evitar dores de cabe\u00e7a futuras com grandes rachaduras, listamos as superf\u00edcies mais recomendadas pelos modernos marceneiros de alto padr\u00e3o:<\/p>\n\n\n\n<ul class=\"wp-block-list\">\n<li><strong>MDF Naval:<\/strong> Oferece excelente resist\u00eancia contra a constante umidade, sendo absolutamente ideal para \u00e1reas pr\u00f3ximas \u00e0 pia e ao fog\u00e3o industrial.<\/li>\n\n\n\n<li><strong>Madeira Maci\u00e7a:<\/strong> O cl\u00e1ssico <strong>Pinus<\/strong> tratado e o imponente <strong>Carvalho<\/strong> suportam cargas muito elevadas e conferem um belo aspecto r\u00fastico.<\/li>\n\n\n\n<li><strong>A\u00e7o Inox:<\/strong> Traz um forte ar industrial imbat\u00edvel para o c\u00f4modo e facilita imensamente a r\u00e1pida limpeza da espessa gordura di\u00e1ria.<\/li>\n<\/ul>\n\n\n\n<h2 class=\"wp-block-heading\">Como manter a perfeita organiza\u00e7\u00e3o visual sem esconder os variados objetos?<\/h2>\n\n\n\n<p>Deixar todos os utens\u00edlios culin\u00e1rios altamente expostos exige um bom n\u00edvel de exigente curadoria pessoal. Voc\u00ea definitivamente n\u00e3o precisa exibir todas as suas velhas embalagens pl\u00e1sticas desgastadas. O grande segredo \u00e9 apenas selecionar as pe\u00e7as verdadeiramente bonitas e bem conservadas.<\/p>\n\n\n\n<h3 class=\"wp-block-heading\">O brilhante uso das cores a seu favor<\/h3>\n\n\n\n<p>Agrupar os temperos ex\u00f3ticos e os pequenos mantimentos por escalas de semelhante tonalidade cria um lindo padr\u00e3o harmonioso que o olho humano rapidamente traduz como limpeza. Intercale as limpas lou\u00e7as brancas com pequenas plantas pendentes para quebrar a frieza met\u00e1lica.<\/p>\n\n\n<div class=\"wp-block-image\">\n<figure class=\"aligncenter size-full\"><img decoding=\"async\" width=\"1280\" height=\"720\" src=\"https:\/\/www.correiobraziliense.com.br\/cbradar\/wp-content\/uploads\/2026\/04\/IMAGEM_720p_1777554800937.jpg\" alt=\"Os benef\u00edcios est\u00e9ticos e pr\u00e1ticos de abolir os arm\u00e1rios\" class=\"wp-image-234589\" srcset=\"https:\/\/www.correiobraziliense.com.br\/cbradar\/wp-content\/uploads\/2026\/04\/IMAGEM_720p_1777554800937.jpg 1280w, https:\/\/www.correiobraziliense.com.br\/cbradar\/wp-content\/uploads\/2026\/04\/IMAGEM_720p_1777554800937-300x169.jpg 300w, https:\/\/www.correiobraziliense.com.br\/cbradar\/wp-content\/uploads\/2026\/04\/IMAGEM_720p_1777554800937-768x432.jpg 768w, https:\/\/www.correiobraziliense.com.br\/cbradar\/wp-content\/uploads\/2026\/04\/IMAGEM_720p_1777554800937-750x422.jpg 750w, https:\/\/www.correiobraziliense.com.br\/cbradar\/wp-content\/uploads\/2026\/04\/IMAGEM_720p_1777554800937-1140x641.jpg 1140w\" sizes=\"(max-width: 1280px) 100vw, 1280px\" \/><figcaption class=\"wp-element-caption\">Os benef\u00edcios est\u00e9ticos e pr\u00e1ticos de abolir os arm\u00e1rios<\/figcaption><\/figure><\/div>\n\n\n<h2 class=\"wp-block-heading\">O que fazer com o enorme depurador de ar no novo formato limpo?<\/h2>\n\n\n\n<p>Eliminar as pesadas caixas superiores levanta uma grande d\u00favida sobre o r\u00edgido controle da intensa fuma\u00e7a. As velhas coifas tradicionais costumavam ficar totalmente escondidas dentro da profunda marcenaria, mas agora elas precisam assumir um grande papel de total destaque na elegante parede.<\/p>\n\n\n\n<p>O atual mercado oferece lind\u00edssimos modelos cil\u00edndricos e tubulares que funcionam perfeitamente como belas esculturas met\u00e1licas. A fina tubula\u00e7\u00e3o de exaust\u00e3o pode ficar totalmente exposta, agregando um charmoso estilo urbano nova-iorquino que valoriza imensamente a nova est\u00e9tica do seu moderno lar.<\/p>\n\n\n\n<h2 class=\"wp-block-heading\">Qual \u00e9 a grande economia financeira na hora da r\u00e1pida montagem?<\/h2>\n\n\n\n<p>A r\u00e1pida instala\u00e7\u00e3o de longas t\u00e1buas suspensas custa uma pequena fra\u00e7\u00e3o do alto valor cobrado pelas cl\u00e1ssicas marcenarias completas. Como voc\u00ea elimina a cara fabrica\u00e7\u00e3o de finas gavetas embutidas, complexas dobradi\u00e7as com amortecimento e pesadas portas espelhadas, o seu or\u00e7amento cai drasticamente.<\/p>\n\n\n\n<p>A sua nova <strong>cozinha sem a\u00e9reo com prateleiras leve<\/strong> n\u00e3o acumula perigosos insetos escondidos nas velhas frestas escuras. Ao longo dos anos, a r\u00e1pida higieniza\u00e7\u00e3o di\u00e1ria tamb\u00e9m se torna muito mais \u00e1gil, provando que a fina simplicidade estrutural \u00e9 o verdadeiro luxo.<\/p>\n","protected":false},"excerpt":{"rendered":"<p>Por que a cozinha sem a\u00e9reo com prateleiras leve virou regra constante entre projetistas de interiores? O velho costume de entulhar as paredes com pesadas caixas fechadas bloqueia a luz natural. Substituir essas portas opacas por pain\u00e9is abertos garante amplitude imediata e extrema praticidade di\u00e1ria. Como a aus\u00eancia de portas amplia a sensa\u00e7\u00e3o de espa\u00e7o [&hellip;]<\/p>\n","protected":false},"author":11,"featured_media":235092,"comment_status":"open","ping_status":"open","sticky":false,"template":"","format":"standard","meta":{"_yoast_wpseo_focuskw":"cozinha sem a\u00e9reo com prateleiras leve","_yoast_wpseo_title":"","_yoast_wpseo_metadesc":"Otimizar o ambiente onde voc\u00ea prepara as refei\u00e7\u00f5es exige bom gosto. Avalie como abolir as portas pesadas transforma totalmente o visual do seu c\u00f4modo.","jnews-multi-image_gallery":[],"jnews_single_post":{"format":"standard"},"jnews_primary_category":[],"jnews_social_meta":[],"jnews_override_counter":[],"footnotes":""},"categories":[143],"tags":[549,687,917,12821],"class_list":["post-234580","post","type-post","status-publish","format-standard","has-post-thumbnail","hentry","category-casa-e-decoracao","tag-arquitetura","tag-cozinha","tag-decoracao","tag-prateleiras"],"yoast_head":"<!-- This site is optimized with the Yoast SEO plugin v24.6 - https:\/\/yoast.com\/wordpress\/plugins\/seo\/ -->\n<title>Adeus ao arm\u00e1rio a\u00e9reo tradicional: a nova tend\u00eancia \u00e9 a cozinha com prateleiras planejadas e ela deixa o espa\u00e7o mais leve e funcional - Correio Braziliense - Radar<\/title>\n<meta name=\"description\" content=\"Otimizar o ambiente onde voc\u00ea prepara as refei\u00e7\u00f5es exige bom gosto. Avalie como abolir as portas pesadas transforma totalmente o visual do seu c\u00f4modo.\" \/>\n<meta name=\"robots\" content=\"index, follow, max-snippet:-1, max-image-preview:large, max-video-preview:-1\" \/>\n<link rel=\"canonical\" href=\"https:\/\/www.correiobraziliense.com.br\/cbradar\/adeus-ao-armario-aereo-tradicional-a-nova-tendencia-e-a-cozinha-com-prateleiras-planejadas-e-ela-deixa-o-espaco-mais-leve-e-funcional\/\" \/>\n<meta property=\"og:locale\" content=\"pt_BR\" \/>\n<meta property=\"og:type\" content=\"article\" \/>\n<meta property=\"og:title\" content=\"Adeus ao arm\u00e1rio a\u00e9reo tradicional: a nova tend\u00eancia \u00e9 a cozinha com prateleiras planejadas e ela deixa o espa\u00e7o mais leve e funcional - Correio Braziliense - Radar\" \/>\n<meta property=\"og:description\" content=\"Otimizar o ambiente onde voc\u00ea prepara as refei\u00e7\u00f5es exige bom gosto. Avalie como abolir as portas pesadas transforma totalmente o visual do seu c\u00f4modo.\" \/>\n<meta property=\"og:url\" content=\"https:\/\/www.correiobraziliense.com.br\/cbradar\/adeus-ao-armario-aereo-tradicional-a-nova-tendencia-e-a-cozinha-com-prateleiras-planejadas-e-ela-deixa-o-espaco-mais-leve-e-funcional\/\" \/>\n<meta property=\"og:site_name\" content=\"Correio Braziliense - Radar\" \/>\n<meta property=\"article:published_time\" content=\"2026-05-01T19:55:00+00:00\" \/>\n<meta property=\"og:image\" content=\"https:\/\/www.correiobraziliense.com.br\/cbradar\/wp-content\/uploads\/2026\/05\/IMAGEM_720p_1777599236054.jpg\" \/>\n\t<meta property=\"og:image:width\" content=\"1280\" \/>\n\t<meta property=\"og:image:height\" content=\"720\" \/>\n\t<meta property=\"og:image:type\" content=\"image\/jpeg\" \/>\n<meta name=\"author\" content=\"Paulo Custodio\" \/>\n<meta name=\"twitter:card\" content=\"summary_large_image\" \/>\n<meta name=\"twitter:label1\" content=\"Escrito por\" \/>\n\t<meta name=\"twitter:data1\" content=\"Paulo Custodio\" \/>\n\t<meta name=\"twitter:label2\" content=\"Est. tempo de leitura\" \/>\n\t<meta name=\"twitter:data2\" content=\"5 minutos\" \/>\n<!-- \/ Yoast SEO plugin. -->","yoast_head_json":{"title":"Adeus ao arm\u00e1rio a\u00e9reo tradicional: a nova tend\u00eancia \u00e9 a cozinha com prateleiras planejadas e ela deixa o espa\u00e7o mais leve e funcional - Correio Braziliense - Radar","description":"Otimizar o ambiente onde voc\u00ea prepara as refei\u00e7\u00f5es exige bom gosto. Avalie como abolir as portas pesadas transforma totalmente o visual do seu c\u00f4modo.","robots":{"index":"index","follow":"follow","max-snippet":"max-snippet:-1","max-image-preview":"max-image-preview:large","max-video-preview":"max-video-preview:-1"},"canonical":"https:\/\/www.correiobraziliense.com.br\/cbradar\/adeus-ao-armario-aereo-tradicional-a-nova-tendencia-e-a-cozinha-com-prateleiras-planejadas-e-ela-deixa-o-espaco-mais-leve-e-funcional\/","og_locale":"pt_BR","og_type":"article","og_title":"Adeus ao arm\u00e1rio a\u00e9reo tradicional: a nova tend\u00eancia \u00e9 a cozinha com prateleiras planejadas e ela deixa o espa\u00e7o mais leve e funcional - Correio Braziliense - Radar","og_description":"Otimizar o ambiente onde voc\u00ea prepara as refei\u00e7\u00f5es exige bom gosto. Avalie como abolir as portas pesadas transforma totalmente o visual do seu c\u00f4modo.","og_url":"https:\/\/www.correiobraziliense.com.br\/cbradar\/adeus-ao-armario-aereo-tradicional-a-nova-tendencia-e-a-cozinha-com-prateleiras-planejadas-e-ela-deixa-o-espaco-mais-leve-e-funcional\/","og_site_name":"Correio Braziliense - Radar","article_published_time":"2026-05-01T19:55:00+00:00","og_image":[{"width":1280,"height":720,"url":"https:\/\/www.correiobraziliense.com.br\/cbradar\/wp-content\/uploads\/2026\/05\/IMAGEM_720p_1777599236054.jpg","type":"image\/jpeg"}],"author":"Paulo Custodio","twitter_card":"summary_large_image","twitter_misc":{"Escrito por":"Paulo Custodio","Est. tempo de leitura":"5 minutos"},"schema":{"@context":"https:\/\/schema.org","@graph":[{"@type":"WebPage","@id":"https:\/\/www.correiobraziliense.com.br\/cbradar\/adeus-ao-armario-aereo-tradicional-a-nova-tendencia-e-a-cozinha-com-prateleiras-planejadas-e-ela-deixa-o-espaco-mais-leve-e-funcional\/","url":"https:\/\/www.correiobraziliense.com.br\/cbradar\/adeus-ao-armario-aereo-tradicional-a-nova-tendencia-e-a-cozinha-com-prateleiras-planejadas-e-ela-deixa-o-espaco-mais-leve-e-funcional\/","name":"Adeus ao arm\u00e1rio a\u00e9reo tradicional: a nova tend\u00eancia \u00e9 a cozinha com prateleiras planejadas e ela deixa o espa\u00e7o mais leve e funcional - Correio Braziliense - Radar","isPartOf":{"@id":"https:\/\/www.correiobraziliense.com.br\/cbradar\/#website"},"primaryImageOfPage":{"@id":"https:\/\/www.correiobraziliense.com.br\/cbradar\/adeus-ao-armario-aereo-tradicional-a-nova-tendencia-e-a-cozinha-com-prateleiras-planejadas-e-ela-deixa-o-espaco-mais-leve-e-funcional\/#primaryimage"},"image":{"@id":"https:\/\/www.correiobraziliense.com.br\/cbradar\/adeus-ao-armario-aereo-tradicional-a-nova-tendencia-e-a-cozinha-com-prateleiras-planejadas-e-ela-deixa-o-espaco-mais-leve-e-funcional\/#primaryimage"},"thumbnailUrl":"https:\/\/www.correiobraziliense.com.br\/cbradar\/wp-content\/uploads\/2026\/05\/IMAGEM_720p_1777599236054.jpg","datePublished":"2026-05-01T19:55:00+00:00","author":{"@id":"https:\/\/www.correiobraziliense.com.br\/cbradar\/#\/schema\/person\/4cec7857301a9a1a2ef249893cd908d3"},"description":"Otimizar o ambiente onde voc\u00ea prepara as refei\u00e7\u00f5es exige bom gosto. Avalie como abolir as portas pesadas transforma totalmente o visual do seu c\u00f4modo.","breadcrumb":{"@id":"https:\/\/www.correiobraziliense.com.br\/cbradar\/adeus-ao-armario-aereo-tradicional-a-nova-tendencia-e-a-cozinha-com-prateleiras-planejadas-e-ela-deixa-o-espaco-mais-leve-e-funcional\/#breadcrumb"},"inLanguage":"pt-BR","potentialAction":[{"@type":"ReadAction","target":["https:\/\/www.correiobraziliense.com.br\/cbradar\/adeus-ao-armario-aereo-tradicional-a-nova-tendencia-e-a-cozinha-com-prateleiras-planejadas-e-ela-deixa-o-espaco-mais-leve-e-funcional\/"]}]},{"@type":"ImageObject","inLanguage":"pt-BR","@id":"https:\/\/www.correiobraziliense.com.br\/cbradar\/adeus-ao-armario-aereo-tradicional-a-nova-tendencia-e-a-cozinha-com-prateleiras-planejadas-e-ela-deixa-o-espaco-mais-leve-e-funcional\/#primaryimage","url":"https:\/\/www.correiobraziliense.com.br\/cbradar\/wp-content\/uploads\/2026\/05\/IMAGEM_720p_1777599236054.jpg","contentUrl":"https:\/\/www.correiobraziliense.com.br\/cbradar\/wp-content\/uploads\/2026\/05\/IMAGEM_720p_1777599236054.jpg","width":1280,"height":720,"caption":"Os benef\u00edcios est\u00e9ticos e pr\u00e1ticos de abolir os arm\u00e1rios"},{"@type":"BreadcrumbList","@id":"https:\/\/www.correiobraziliense.com.br\/cbradar\/adeus-ao-armario-aereo-tradicional-a-nova-tendencia-e-a-cozinha-com-prateleiras-planejadas-e-ela-deixa-o-espaco-mais-leve-e-funcional\/#breadcrumb","itemListElement":[{"@type":"ListItem","position":1,"name":"In\u00edcio","item":"https:\/\/www.correiobraziliense.com.br\/cbradar\/"},{"@type":"ListItem","position":2,"name":"Adeus ao arm\u00e1rio a\u00e9reo tradicional: a nova tend\u00eancia \u00e9 a cozinha com prateleiras planejadas e ela deixa o espa\u00e7o mais leve e funcional"}]},{"@type":"WebSite","@id":"https:\/\/www.correiobraziliense.com.br\/cbradar\/#website","url":"https:\/\/www.correiobraziliense.com.br\/cbradar\/","name":"Correio Braziliense - Radar","description":"Acompanhe as \u00faltimas not\u00edcias e fique bem informado sobre tudo o que acontece no Brasil e no mundo.","potentialAction":[{"@type":"SearchAction","target":{"@type":"EntryPoint","urlTemplate":"https:\/\/www.correiobraziliense.com.br\/cbradar\/?s={search_term_string}"},"query-input":{"@type":"PropertyValueSpecification","valueRequired":true,"valueName":"search_term_string"}}],"inLanguage":"pt-BR"},{"@type":"Person","@id":"https:\/\/www.correiobraziliense.com.br\/cbradar\/#\/schema\/person\/4cec7857301a9a1a2ef249893cd908d3","name":"Paulo Custodio","image":{"@type":"ImageObject","inLanguage":"pt-BR","@id":"https:\/\/www.correiobraziliense.com.br\/cbradar\/#\/schema\/person\/image\/","url":"https:\/\/secure.gravatar.com\/avatar\/bcd67168d1534e8fcf4f45c726a87cea?s=96&d=mm&r=g","contentUrl":"https:\/\/secure.gravatar.com\/avatar\/bcd67168d1534e8fcf4f45c726a87cea?s=96&d=mm&r=g","caption":"Paulo Custodio"},"sameAs":["https:\/\/www.correiobraziliense.com.br\/cbradar"],"url":"https:\/\/www.correiobraziliense.com.br\/cbradar\/author\/paulomyth\/"}]}},"_links":{"self":[{"href":"https:\/\/www.correiobraziliense.com.br\/cbradar\/wp-json\/wp\/v2\/posts\/234580","targetHints":{"allow":["GET"]}}],"collection":[{"href":"https:\/\/www.correiobraziliense.com.br\/cbradar\/wp-json\/wp\/v2\/posts"}],"about":[{"href":"https:\/\/www.correiobraziliense.com.br\/cbradar\/wp-json\/wp\/v2\/types\/post"}],"author":[{"embeddable":true,"href":"https:\/\/www.correiobraziliense.com.br\/cbradar\/wp-json\/wp\/v2\/users\/11"}],"replies":[{"embeddable":true,"href":"https:\/\/www.correiobraziliense.com.br\/cbradar\/wp-json\/wp\/v2\/comments?post=234580"}],"version-history":[{"count":1,"href":"https:\/\/www.correiobraziliense.com.br\/cbradar\/wp-json\/wp\/v2\/posts\/234580\/revisions"}],"predecessor-version":[{"id":234590,"href":"https:\/\/www.correiobraziliense.com.br\/cbradar\/wp-json\/wp\/v2\/posts\/234580\/revisions\/234590"}],"wp:featuredmedia":[{"embeddable":true,"href":"https:\/\/www.correiobraziliense.com.br\/cbradar\/wp-json\/wp\/v2\/media\/235092"}],"wp:attachment":[{"href":"https:\/\/www.correiobraziliense.com.br\/cbradar\/wp-json\/wp\/v2\/media?parent=234580"}],"wp:term":[{"taxonomy":"category","embeddable":true,"href":"https:\/\/www.correiobraziliense.com.br\/cbradar\/wp-json\/wp\/v2\/categories?post=234580"},{"taxonomy":"post_tag","embeddable":true,"href":"https:\/\/www.correiobraziliense.com.br\/cbradar\/wp-json\/wp\/v2\/tags?post=234580"}],"curies":[{"name":"wp","href":"https:\/\/api.w.org\/{rel}","templated":true}]}}