{"id":234582,"date":"2026-04-30T12:45:00","date_gmt":"2026-04-30T15:45:00","guid":{"rendered":"https:\/\/www.correiobraziliense.com.br\/cbradar\/?p=234582"},"modified":"2026-04-30T10:36:17","modified_gmt":"2026-04-30T13:36:17","slug":"uma-cidade-que-nasceu-da-rivalidade-entre-duas-vilas-hoje-se-tornou-um-dos-maiores-polos-educacionais-de-sao-paulo","status":"publish","type":"post","link":"https:\/\/www.correiobraziliense.com.br\/cbradar\/uma-cidade-que-nasceu-da-rivalidade-entre-duas-vilas-hoje-se-tornou-um-dos-maiores-polos-educacionais-de-sao-paulo\/","title":{"rendered":"Uma cidade que nasceu da rivalidade entre duas vilas hoje se tornou um dos maiores polos educacionais de S\u00e3o Paulo"},"content":{"rendered":"\n<p>No oeste de <strong>S\u00e3o Paulo<\/strong>, a 558 km da capital, <strong>Presidente Prudente<\/strong> come\u00e7ou cortada ao meio por trilhos de trem. Duas vilas, dois fundadores rivais, duas c\u00e2maras municipais funcionando ao mesmo tempo em 1923.<\/p>\n\n\n\n<h2 class=\"wp-block-heading\">O que sustenta o t\u00edtulo de polo educacional do oeste paulista?<\/h2>\n\n\n\n<p>A cidade ocupa a 25\u00aa posi\u00e7\u00e3o entre os munic\u00edpios brasileiros com melhor <strong>\u00cdndice de Desenvolvimento Humano (IDH)<\/strong>, com nota 0,806, segundo o <strong>Programa das Na\u00e7\u00f5es Unidas para o Desenvolvimento (PNUD)<\/strong>. <a href=\"https:\/\/www.presidenteprudente.sp.gov.br\/site\/noticia\/24552\" target=\"_blank\" rel=\"noreferrer noopener\"><strong>Conforme a Prefeitura de Presidente Prudente<\/strong><\/a>, o \u00edndice de Educa\u00e7\u00e3o coloca o munic\u00edpio em 12\u00ba lugar nacional.<\/p>\n\n\n\n<p>A presen\u00e7a da <strong>Universidade Estadual Paulista (UNESP)<\/strong>, da <strong>Universidade do Oeste Paulista (UNOESTE)<\/strong> e do <strong>Instituto Federal de S\u00e3o Paulo<\/strong> atrai estudantes de toda a regi\u00e3o centro-oeste do pa\u00eds. O ambiente universit\u00e1rio movimenta o com\u00e9rcio, mant\u00e9m o aluguel competitivo e sustenta o t\u00edtulo de capital regional para 56 munic\u00edpios vizinhos.<\/p>\n\n\n<div class=\"wp-block-image\">\n<figure class=\"aligncenter size-large\"><img decoding=\"async\" width=\"1024\" height=\"576\" src=\"https:\/\/www.correiobraziliense.com.br\/cbradar\/wp-content\/uploads\/2025\/05\/Edicoes-45-1024x576.png\" alt=\"Onde o tr\u00e2nsito n\u00e3o passa de 20 minutos e a qualidade de alto padr\u00e3o de sa\u00fade conquista novos moradores do extremo oeste de S\u00e3o Paulo\" class=\"wp-image-45116\" srcset=\"https:\/\/www.correiobraziliense.com.br\/cbradar\/wp-content\/uploads\/2025\/05\/Edicoes-45-1024x576.png 1024w, https:\/\/www.correiobraziliense.com.br\/cbradar\/wp-content\/uploads\/2025\/05\/Edicoes-45-300x169.png 300w, https:\/\/www.correiobraziliense.com.br\/cbradar\/wp-content\/uploads\/2025\/05\/Edicoes-45-768x432.png 768w, https:\/\/www.correiobraziliense.com.br\/cbradar\/wp-content\/uploads\/2025\/05\/Edicoes-45-750x422.png 750w, https:\/\/www.correiobraziliense.com.br\/cbradar\/wp-content\/uploads\/2025\/05\/Edicoes-45-1140x641.png 1140w, https:\/\/www.correiobraziliense.com.br\/cbradar\/wp-content\/uploads\/2025\/05\/Edicoes-45.png 1280w\" sizes=\"(max-width: 1024px) 100vw, 1024px\" \/><figcaption class=\"wp-element-caption\">Moderna e acolhedora, Presidente Prudente mostra que \u00e9 poss\u00edvel viver bem sem abrir m\u00e3o da tranquilidade. \/\/ Reprodu\u00e7\u00e3o: Wikip\u00e9dia<\/figcaption><\/figure><\/div>\n\n\n<h2 class=\"wp-block-heading\">O parque que virou sala de estar dos prudentinos<\/h2>\n\n\n\n<p>O <strong>Parque do Povo<\/strong> nasceu de um problema. Era um fundo de vale alagadi\u00e7o onde a cidade n\u00e3o conseguia avan\u00e7ar. Em 1982, virou inaugura\u00e7\u00e3o festiva e mudou a paisagem urbana.<\/p>\n\n\n\n<ul class=\"wp-block-list\">\n<li><strong>Pista de caminhada de 6 km<\/strong>: percorre toda a extens\u00e3o do parque, das avenidas Manoel Goulart \u00e0 Brasil, com 380 mil m\u00b2 de \u00e1rea verde.<\/li>\n\n\n\n<li><strong>Complexo esportivo<\/strong>: piscinas, pista de skate, quadras poliesportivas, campo de futebol society e academia ao ar livre da terceira idade.<\/li>\n\n\n\n<li><strong>Rota gastron\u00f4mica<\/strong>: bares, bistr\u00f4s e restaurantes margeiam o parque pelas avenidas 11 de Maio e 14 de Setembro.<\/li>\n\n\n\n<li><strong>Eventos abertos<\/strong>: shows, feiras de artesanato e o Rally dos Sert\u00f5es usam o gramado central como palco.<\/li>\n<\/ul>\n\n\n\n<p>O parque tornou a regi\u00e3o uma das mais valorizadas da cidade. Pr\u00e9dios de alto padr\u00e3o se concentram no entorno, e o que era \u00e1rea desvalorizada virou o ponto onde os prudentinos marcam encontro depois do trabalho.<\/p>\n\n\n\n<p><strong>Viver no interior paulista oferece infraestrutura completa. <\/strong>O v\u00eddeo \u00e9 do canal <strong>Cidades do Interior, com 20 mil inscritos<\/strong>, detalhando a economia e lazer de Presidente Prudente. Cidades do Interior \u00e9 refer\u00eancia em munic\u00edpios.<\/p>\n\n\n\n<figure class=\"wp-block-embed aligncenter is-type-video is-provider-youtube wp-block-embed-youtube wp-embed-aspect-16-9 wp-has-aspect-ratio\"><div class=\"wp-block-embed__wrapper\">\n<div class=\"jeg_video_container jeg_video_content\"><iframe loading=\"lazy\" title=\"VALE A PENA MORAR EM PRESIDENTE PRUDENTE - SP? | DESCUBRA como \u00e9 morar na CAPITAL DO OESTE PAULISTA!\" width=\"500\" height=\"281\" src=\"https:\/\/www.youtube.com\/embed\/iumXwZ3wRnY?feature=oembed\" frameborder=\"0\" allow=\"accelerometer; autoplay; clipboard-write; encrypted-media; gyroscope; picture-in-picture; web-share\" referrerpolicy=\"strict-origin-when-cross-origin\" allowfullscreen><\/iframe><\/div>\n<\/div><\/figure>\n\n\n\n<h2 class=\"wp-block-heading\">Por que o cotidiano flui mais devagar?<\/h2>\n\n\n\n<p>Quem se muda para Presidente Prudente costuma notar primeiro o tr\u00e2nsito. As avenidas largas absorvem o fluxo sem o aperto t\u00edpico de cidades m\u00e9dias paulistas. O <a href=\"https:\/\/cidades.ibge.gov.br\/brasil\/sp\/presidente-prudente\/\" target=\"_blank\" rel=\"noreferrer noopener\"><strong>IBGE<\/strong><\/a> contabiliza taxa de urbaniza\u00e7\u00e3o superior a 97%.<\/p>\n\n\n\n<p>O custo de vida \u00e9 menor que o da capital paulista, com alugu\u00e9is acess\u00edveis e oferta abundante de servi\u00e7os. A cidade \u00e9 considerada uma das mais seguras do interior paulista entre os munic\u00edpios de porte m\u00e9dio. Hospital Regional, Hospital do C\u00e2ncer e a rede privada formam um polo de sa\u00fade que atende toda a regi\u00e3o oeste.<\/p>\n\n\n\n<h2 class=\"wp-block-heading\">Como duas vilas viraram uma s\u00f3 cidade?<\/h2>\n\n\n\n<p>Em 14 de setembro de 1917, o <strong>Coronel Francisco de Paula Goulart<\/strong> abriu a primeira clareira na margem do C\u00f3rrego do Veado, fundando a <strong>Vila Goulart<\/strong>. Dois anos depois, o <strong>Coronel Jos\u00e9 Soares Marcondes<\/strong> chegou do outro lado dos trilhos da Estrada de Ferro Sorocabana e ergueu a <strong>Vila Marcondes<\/strong>.<\/p>\n\n\n\n<p>A rivalidade entre os dois grupos pol\u00edticos chegou a tal ponto que, em parte de 1923, a cidade teve duas C\u00e2maras Municipais funcionando simultaneamente, situa\u00e7\u00e3o resolvida apenas pelo Tribunal de Justi\u00e7a. <a href=\"https:\/\/camarapprudente.sp.gov.br\/noticia\/9656\/Estaca-1.807_-Goulart_-Fairbanks_-Dona-Bella-e-a-fundacao-de-Prudente.html\" target=\"_blank\" rel=\"noreferrer noopener\"><strong>Segundo registros da C\u00e2mara Municipal<\/strong><\/a>, a primeira C\u00e2mara unificada foi instalada em 27 de agosto daquele ano. O nome veio da esta\u00e7\u00e3o ferrovi\u00e1ria, batizada em homenagem a <strong>Prudente de Morais<\/strong>, primeiro presidente civil do Brasil.<\/p>\n\n\n\n<h2 class=\"wp-block-heading\">Onde a hist\u00f3ria se preserva no centro<\/h2>\n\n\n\n<p>O <strong>Centro Cultural Matarazzo<\/strong> ocupa a antiga sede das Ind\u00fastrias Reunidas F\u00e1bricas Matarazzo, criado em 2007. Hoje abriga a Secretaria Municipal de Cultura, com exposi\u00e7\u00f5es, teatro e biblioteca. Detalhes est\u00e3o no portal de <a href=\"https:\/\/turismopp.sp.gov.br\/presidente-prudente\/\" target=\"_blank\" rel=\"noreferrer noopener\"><strong>Turismo de Presidente Prudente<\/strong><\/a>.<\/p>\n\n\n\n<p>A <strong>Catedral de S\u00e3o Sebasti\u00e3o<\/strong> guarda outra curiosidade da funda\u00e7\u00e3o. O padroeiro foi escolhido por <strong>Izabel Dias Goulart<\/strong>, a Dona Bella, esposa do coronel fundador, que era devota do santo. A devo\u00e7\u00e3o virou feriado municipal em 20 de janeiro.<\/p>\n\n\n\n<p><strong>Leia tamb\u00e9m: <a href=\"https:\/\/www.correiobraziliense.com.br\/cbradar\/os-movimentos-que-mais-ajudam-quem-passa-o-dia-sentado-a-destravar-o-corpo-e-sentir-menos-peso-nas-costas-ao-longo-da-rotina\/\" target=\"_blank\" rel=\"noreferrer noopener\">Os movimentos que mais ajudam quem passa o dia sentado a destravar o corpo e sentir menos peso nas costas ao longo da rotina.<\/a><\/strong><\/p>\n\n\n<div class=\"wp-block-image\">\n<figure class=\"aligncenter size-large\"><img decoding=\"async\" width=\"1024\" height=\"576\" src=\"https:\/\/www.correiobraziliense.com.br\/cbradar\/wp-content\/uploads\/2025\/05\/Edicoes-46-1024x576.png\" alt=\"Um lugar onde viver bem n\u00e3o \u00e9 promessa, \u00e9 realidade comprovada\" class=\"wp-image-45115\" srcset=\"https:\/\/www.correiobraziliense.com.br\/cbradar\/wp-content\/uploads\/2025\/05\/Edicoes-46-1024x576.png 1024w, https:\/\/www.correiobraziliense.com.br\/cbradar\/wp-content\/uploads\/2025\/05\/Edicoes-46-300x169.png 300w, https:\/\/www.correiobraziliense.com.br\/cbradar\/wp-content\/uploads\/2025\/05\/Edicoes-46-768x432.png 768w, https:\/\/www.correiobraziliense.com.br\/cbradar\/wp-content\/uploads\/2025\/05\/Edicoes-46-750x422.png 750w, https:\/\/www.correiobraziliense.com.br\/cbradar\/wp-content\/uploads\/2025\/05\/Edicoes-46-1140x641.png 1140w, https:\/\/www.correiobraziliense.com.br\/cbradar\/wp-content\/uploads\/2025\/05\/Edicoes-46.png 1280w\" sizes=\"(max-width: 1024px) 100vw, 1024px\" \/><figcaption class=\"wp-element-caption\">Com infraestrutura s\u00f3lida e destaque em educa\u00e7\u00e3o e sa\u00fade, Presidente Prudente cresce de forma sustent\u00e1vel. \/\/ Reprodu\u00e7\u00e3o: Wikip\u00e9dia<\/figcaption><\/figure><\/div>\n\n\n<h2 class=\"wp-block-heading\">Quando o clima favorece a vida ao ar livre?<\/h2>\n\n\n\n<p>O clima tropical com inverno seco mant\u00e9m o Parque do Povo cheio quase o ano todo. Ver\u00f5es quentes podem passar dos 35\u00b0C, e o inverno raramente desce dos 10\u00b0C.<\/p>\n\n\n\n<style>\n  \/* --- CONTAINER BLINDADO (PADR\u00c3O REGISTRADO) --- *\/\n  .clima-grid-final {\n    font-family: -apple-system, BlinkMacSystemFont, \"Segoe UI\", Roboto, Arial, sans-serif !important;\n    width: 100% !important;\n    max-width: 1200px !important;\n    margin: 20px auto !important;\n    display: grid !important;\n    \/* FOR\u00c7A 4 COLUNAS NO DESKTOP PARA AS 4 ESTA\u00c7\u00d5ES *\/\n    grid-template-columns: repeat(4, 1fr) !important; \n    gap: 15px !important;\n    box-sizing: border-box !important;\n  }\n\n  .clima-grid-final * {\n    box-sizing: border-box !important;\n  }\n\n  \/* --- BLINDAGEM CONTRA ADS E PLUGINS INTRUSOS --- *\/\n  .clima-grid-final > :not(.card-clima) {\n    display: none !important;\n    width: 0 !important;\n    height: 0 !important;\n    opacity: 0 !important;\n  }\n\n  \/* --- CARD PADR\u00c3O (FUNDO BRANCO) --- *\/\n  .card-clima {\n    background: #ffffff !important;\n    border: 1px solid #e0e0e0 !important;\n    border-radius: 20px !important;\n    padding: 20px 10px !important;\n    text-align: center !important;\n    display: flex !important;\n    flex-direction: column !important;\n    align-items: center !important;\n    box-shadow: 0 4px 10px rgba(0, 0, 0, 0.05) !important;\n    min-width: 0 !important; \n    transition: transform 0.2s ease !important;\n    overflow: hidden !important;\n    height: 100% !important;\n  }\n\n  .card-clima:hover {\n    transform: translateY(-5px) !important;\n    border-color: #000000 !important;\n  }\n\n  \/* --- CONTE\u00daDO --- *\/\n  .estacao-nome { \n    font-size: 14px !important; \n    font-weight: 800 !important; \n    color: #000000 !important; \n    text-transform: uppercase !important; \n    margin: 0 0 5px 0 !important; \n  }\n  \n  .estacao-meses { \n    font-size: 10px !important; \n    font-weight: 700 !important; \n    color: #444444 !important; \n    text-transform: uppercase !important; \n    margin-bottom: 15px !important; \n    display: block !important;\n  }\n  \n  .temp-valor { \n    font-size: 24px !important; \n    font-weight: 800 !important; \n    color: #000000 !important; \n    line-height: 1.1 !important; \n    margin: 0 !important;\n  }\n  \n  .temp-label { \n    font-size: 9px !important; \n    font-weight: 600 !important; \n    color: #777777 !important; \n    text-transform: uppercase !important; \n    margin-bottom: 15px !important; \n    display: block !important;\n  }\n  \n  .clima-desc { \n    font-size: 12px !important; \n    line-height: 1.4 !important; \n    color: #333333 !important; \n    margin-bottom: 15px !important; \n    flex-grow: 1 !important; \n  }\n\n  .tag-status {\n    background-color: #f5f5f5 !important;\n    border: 1px solid #d0d0d0 !important;\n    color: #000000 !important;\n    padding: 5px 12px !important;\n    border-radius: 20px !important;\n    font-size: 9px !important;\n    font-weight: 800 !important;\n    text-transform: uppercase !important;\n    margin-top: auto !important;\n  }\n\n  \/* --- RESPONSIVIDADE --- *\/\n  @media (max-width: 800px) {\n    .clima-grid-final {\n      grid-template-columns: 1fr !important; \n    }\n    .card-clima {\n      padding: 25px 20px !important;\n    }\n  }\n<\/style>\n\n<div class=\"google-auto-ads-ignore clima-grid-final\">\n  \n  <!-- VER\u00c3O -->\n  <div class=\"card-clima\">\n    <div class=\"estacao-nome\">\u2600\ufe0f Ver\u00e3o<\/div>\n    <span class=\"estacao-meses\">Dez &#8211; Fev<\/span>\n    <div class=\"temp-valor\">22-32\u00b0C<\/div>\n    <span class=\"temp-label\">Temperatura<\/span>\n    <div class=\"clima-desc\">Ideal para realizar <b>caminhadas no Parque do Povo ao amanhecer<\/b>, aproveitando o frescor antes das chuvas frequentes da esta\u00e7\u00e3o.<\/div>\n    <div class=\"tag-status\">\u26c8\ufe0f Chuva Alta<\/div>\n  <\/div>\n\n  <!-- OUTONO -->\n  <div class=\"card-clima\">\n    <div class=\"estacao-nome\">\ud83c\udf42 Outono<\/div>\n    <span class=\"estacao-meses\">Mar &#8211; Mai<\/span>\n    <div class=\"temp-valor\">18-29\u00b0C<\/div>\n    <span class=\"temp-label\">Temperatura<\/span>\n    <div class=\"clima-desc\">Com chuvas moderadas, o clima se torna perfeito para <b>passeios pelo Centro Cultural Matarazzo<\/b> e atividades de lazer.<\/div>\n    <div class=\"tag-status\">\ud83c\udf26\ufe0f Chuva M\u00e9dia<\/div>\n  <\/div>\n\n  <!-- INVERNO -->\n  <div class=\"card-clima\">\n    <div class=\"estacao-nome\">\ud83e\udde3 Inverno<\/div>\n    <span class=\"estacao-meses\">Jun &#8211; Ago<\/span>\n    <div class=\"temp-valor\">13-26\u00b0C<\/div>\n    <span class=\"temp-label\">Temperatura<\/span>\n    <div class=\"clima-desc\">O tempo seco e o c\u00e9u limpo convidam \u00e0 pr\u00e1tica de <b>corrida e ciclismo nas avenidas largas<\/b> da cidade.<\/div>\n    <div class=\"tag-status\">\u2600\ufe0f Chuva Baixa<\/div>\n  <\/div>\n\n  <!-- PRIMAVERA -->\n  <div class=\"card-clima\">\n    <div class=\"estacao-nome\">\ud83c\udf38 Primavera<\/div>\n    <span class=\"estacao-meses\">Set &#8211; Nov<\/span>\n    <div class=\"temp-valor\">18-30\u00b0C<\/div>\n    <span class=\"temp-label\">Temperatura<\/span>\n    <div class=\"clima-desc\">A esta\u00e7\u00e3o marca o retorno do calor e \u00e9 excelente para prestigiar <b>feiras e shows ao ar livre<\/b> com a fam\u00edlia.<\/div>\n    <div class=\"tag-status\">\ud83c\udfa1 Eventos<\/div>\n  <\/div>\n\n<\/div>\n\n\n\n<p><em>Temperaturas aproximadas com base no <a href=\"https:\/\/www.climatempo.com.br\/previsao-do-tempo\/cidade\/524\/presidenteprudente-sp\" target=\"_blank\" rel=\"noreferrer noopener\"><strong>Climatempo<\/strong><\/a>. Condi\u00e7\u00f5es podem variar.<\/em><\/p>\n\n\n\n<h2 class=\"wp-block-heading\">Como chegar \u00e0 capital do oeste paulista?<\/h2>\n\n\n\n<p>Presidente Prudente fica a 558 km de <strong>S\u00e3o Paulo<\/strong> pela <strong>Rodovia Raposo Tavares (SP-270)<\/strong>, com viagem m\u00e9dia de 7 horas de carro. O <strong>Aeroporto Estadual Adhemar de Barros<\/strong> recebe voos di\u00e1rios de Guarulhos e Campinas. \u00d4nibus interestaduais conectam a cidade a Curitiba, Cuiab\u00e1 e Foz do Igua\u00e7u.<\/p>\n\n\n\n<h2 class=\"wp-block-heading\">A capital que cresceu sem perder o ritmo<\/h2>\n\n\n\n<p><strong>Presidente Prudente combina o que poucas cidades de porte m\u00e9dio conseguem entregar: <\/strong>educa\u00e7\u00e3o reconhecida nacionalmente, custo de vida equilibrado e um parque que virou extens\u00e3o da casa do morador. O ar do oeste paulista ainda carrega o sil\u00eancio do interior.<\/p>\n\n\n\n<p>Voc\u00ea precisa conhecer Presidente Prudente e entender por que a cidade que nasceu de uma rivalidade virou um dos lugares mais bem avaliados do Brasil em qualidade de vida.<\/p>\n","protected":false},"excerpt":{"rendered":"<p>No oeste de S\u00e3o Paulo, a 558 km da capital, Presidente Prudente come\u00e7ou cortada ao meio por trilhos de trem. Duas vilas, dois fundadores rivais, duas c\u00e2maras municipais funcionando ao mesmo tempo em 1923. O que sustenta o t\u00edtulo de polo educacional do oeste paulista? A cidade ocupa a 25\u00aa posi\u00e7\u00e3o entre os munic\u00edpios brasileiros [&hellip;]<\/p>\n","protected":false},"author":8,"featured_media":217390,"comment_status":"open","ping_status":"open","sticky":false,"template":"","format":"standard","meta":{"_yoast_wpseo_focuskw":"S\u00e3o Paulo","_yoast_wpseo_title":"","_yoast_wpseo_metadesc":"O que come\u00e7ou como disputa entre duas vilas hoje sustenta um dos maiores centros educacionais de S\u00e3o Paulo.","jnews-multi-image_gallery":[],"jnews_single_post":{"format":"standard"},"jnews_primary_category":[],"jnews_social_meta":[],"jnews_override_counter":[],"footnotes":""},"categories":[1],"tags":[5643,278],"class_list":["post-234582","post","type-post","status-publish","format-standard","has-post-thumbnail","hentry","category-uncategorized","tag-presidente-prudente","tag-sao-paulo"],"yoast_head":"<!-- This site is optimized with the Yoast SEO plugin v24.6 - https:\/\/yoast.com\/wordpress\/plugins\/seo\/ -->\n<title>Uma cidade que nasceu da rivalidade entre duas vilas hoje se tornou um dos maiores polos educacionais de S\u00e3o Paulo - Correio Braziliense - Radar<\/title>\n<meta name=\"description\" content=\"O que come\u00e7ou como disputa entre duas vilas hoje sustenta um dos maiores centros educacionais de S\u00e3o Paulo.\" \/>\n<meta name=\"robots\" content=\"index, follow, max-snippet:-1, max-image-preview:large, max-video-preview:-1\" \/>\n<link rel=\"canonical\" href=\"https:\/\/www.correiobraziliense.com.br\/cbradar\/uma-cidade-que-nasceu-da-rivalidade-entre-duas-vilas-hoje-se-tornou-um-dos-maiores-polos-educacionais-de-sao-paulo\/\" \/>\n<meta property=\"og:locale\" content=\"pt_BR\" \/>\n<meta property=\"og:type\" content=\"article\" \/>\n<meta property=\"og:title\" content=\"Uma cidade que nasceu da rivalidade entre duas vilas hoje se tornou um dos maiores polos educacionais de S\u00e3o Paulo - Correio Braziliense - Radar\" \/>\n<meta property=\"og:description\" content=\"O que come\u00e7ou como disputa entre duas vilas hoje sustenta um dos maiores centros educacionais de S\u00e3o Paulo.\" \/>\n<meta property=\"og:url\" content=\"https:\/\/www.correiobraziliense.com.br\/cbradar\/uma-cidade-que-nasceu-da-rivalidade-entre-duas-vilas-hoje-se-tornou-um-dos-maiores-polos-educacionais-de-sao-paulo\/\" \/>\n<meta property=\"og:site_name\" content=\"Correio Braziliense - Radar\" \/>\n<meta property=\"article:published_time\" content=\"2026-04-30T15:45:00+00:00\" \/>\n<meta property=\"og:image\" content=\"https:\/\/www.correiobraziliense.com.br\/cbradar\/wp-content\/uploads\/2026\/03\/aaa-2026-03-31T005800.803.png\" \/>\n\t<meta property=\"og:image:width\" content=\"1280\" \/>\n\t<meta property=\"og:image:height\" content=\"720\" \/>\n\t<meta property=\"og:image:type\" content=\"image\/png\" \/>\n<meta name=\"author\" content=\"Maura Pereira\" \/>\n<meta name=\"twitter:card\" content=\"summary_large_image\" \/>\n<meta name=\"twitter:label1\" content=\"Escrito por\" \/>\n\t<meta name=\"twitter:data1\" content=\"Maura Pereira\" \/>\n\t<meta name=\"twitter:label2\" content=\"Est. tempo de leitura\" \/>\n\t<meta name=\"twitter:data2\" content=\"7 minutos\" \/>\n<!-- \/ Yoast SEO plugin. -->","yoast_head_json":{"title":"Uma cidade que nasceu da rivalidade entre duas vilas hoje se tornou um dos maiores polos educacionais de S\u00e3o Paulo - Correio Braziliense - Radar","description":"O que come\u00e7ou como disputa entre duas vilas hoje sustenta um dos maiores centros educacionais de S\u00e3o Paulo.","robots":{"index":"index","follow":"follow","max-snippet":"max-snippet:-1","max-image-preview":"max-image-preview:large","max-video-preview":"max-video-preview:-1"},"canonical":"https:\/\/www.correiobraziliense.com.br\/cbradar\/uma-cidade-que-nasceu-da-rivalidade-entre-duas-vilas-hoje-se-tornou-um-dos-maiores-polos-educacionais-de-sao-paulo\/","og_locale":"pt_BR","og_type":"article","og_title":"Uma cidade que nasceu da rivalidade entre duas vilas hoje se tornou um dos maiores polos educacionais de S\u00e3o Paulo - Correio Braziliense - Radar","og_description":"O que come\u00e7ou como disputa entre duas vilas hoje sustenta um dos maiores centros educacionais de S\u00e3o Paulo.","og_url":"https:\/\/www.correiobraziliense.com.br\/cbradar\/uma-cidade-que-nasceu-da-rivalidade-entre-duas-vilas-hoje-se-tornou-um-dos-maiores-polos-educacionais-de-sao-paulo\/","og_site_name":"Correio Braziliense - Radar","article_published_time":"2026-04-30T15:45:00+00:00","og_image":[{"width":1280,"height":720,"url":"https:\/\/www.correiobraziliense.com.br\/cbradar\/wp-content\/uploads\/2026\/03\/aaa-2026-03-31T005800.803.png","type":"image\/png"}],"author":"Maura Pereira","twitter_card":"summary_large_image","twitter_misc":{"Escrito por":"Maura Pereira","Est. tempo de leitura":"7 minutos"},"schema":{"@context":"https:\/\/schema.org","@graph":[{"@type":"WebPage","@id":"https:\/\/www.correiobraziliense.com.br\/cbradar\/uma-cidade-que-nasceu-da-rivalidade-entre-duas-vilas-hoje-se-tornou-um-dos-maiores-polos-educacionais-de-sao-paulo\/","url":"https:\/\/www.correiobraziliense.com.br\/cbradar\/uma-cidade-que-nasceu-da-rivalidade-entre-duas-vilas-hoje-se-tornou-um-dos-maiores-polos-educacionais-de-sao-paulo\/","name":"Uma cidade que nasceu da rivalidade entre duas vilas hoje se tornou um dos maiores polos educacionais de S\u00e3o Paulo - Correio Braziliense - Radar","isPartOf":{"@id":"https:\/\/www.correiobraziliense.com.br\/cbradar\/#website"},"primaryImageOfPage":{"@id":"https:\/\/www.correiobraziliense.com.br\/cbradar\/uma-cidade-que-nasceu-da-rivalidade-entre-duas-vilas-hoje-se-tornou-um-dos-maiores-polos-educacionais-de-sao-paulo\/#primaryimage"},"image":{"@id":"https:\/\/www.correiobraziliense.com.br\/cbradar\/uma-cidade-que-nasceu-da-rivalidade-entre-duas-vilas-hoje-se-tornou-um-dos-maiores-polos-educacionais-de-sao-paulo\/#primaryimage"},"thumbnailUrl":"https:\/\/www.correiobraziliense.com.br\/cbradar\/wp-content\/uploads\/2026\/03\/aaa-2026-03-31T005800.803.png","datePublished":"2026-04-30T15:45:00+00:00","author":{"@id":"https:\/\/www.correiobraziliense.com.br\/cbradar\/#\/schema\/person\/4053c651a9bfc785afc6f4cbc9032fd3"},"description":"O que come\u00e7ou como disputa entre duas vilas hoje sustenta um dos maiores centros educacionais de S\u00e3o Paulo.","breadcrumb":{"@id":"https:\/\/www.correiobraziliense.com.br\/cbradar\/uma-cidade-que-nasceu-da-rivalidade-entre-duas-vilas-hoje-se-tornou-um-dos-maiores-polos-educacionais-de-sao-paulo\/#breadcrumb"},"inLanguage":"pt-BR","potentialAction":[{"@type":"ReadAction","target":["https:\/\/www.correiobraziliense.com.br\/cbradar\/uma-cidade-que-nasceu-da-rivalidade-entre-duas-vilas-hoje-se-tornou-um-dos-maiores-polos-educacionais-de-sao-paulo\/"]}]},{"@type":"ImageObject","inLanguage":"pt-BR","@id":"https:\/\/www.correiobraziliense.com.br\/cbradar\/uma-cidade-que-nasceu-da-rivalidade-entre-duas-vilas-hoje-se-tornou-um-dos-maiores-polos-educacionais-de-sao-paulo\/#primaryimage","url":"https:\/\/www.correiobraziliense.com.br\/cbradar\/wp-content\/uploads\/2026\/03\/aaa-2026-03-31T005800.803.png","contentUrl":"https:\/\/www.correiobraziliense.com.br\/cbradar\/wp-content\/uploads\/2026\/03\/aaa-2026-03-31T005800.803.png","width":1280,"height":720,"caption":"Presidente Prudente oferece tr\u00e2nsito curto, universidades de refer\u00eancia e um parque de 460 mil m\u00b2 no cora\u00e7\u00e3o da cidade. \/ Imagem ilustrativa"},{"@type":"BreadcrumbList","@id":"https:\/\/www.correiobraziliense.com.br\/cbradar\/uma-cidade-que-nasceu-da-rivalidade-entre-duas-vilas-hoje-se-tornou-um-dos-maiores-polos-educacionais-de-sao-paulo\/#breadcrumb","itemListElement":[{"@type":"ListItem","position":1,"name":"In\u00edcio","item":"https:\/\/www.correiobraziliense.com.br\/cbradar\/"},{"@type":"ListItem","position":2,"name":"Uma cidade que nasceu da rivalidade entre duas vilas hoje se tornou um dos maiores polos educacionais de S\u00e3o Paulo"}]},{"@type":"WebSite","@id":"https:\/\/www.correiobraziliense.com.br\/cbradar\/#website","url":"https:\/\/www.correiobraziliense.com.br\/cbradar\/","name":"Correio Braziliense - Radar","description":"Acompanhe as \u00faltimas not\u00edcias e fique bem informado sobre tudo o que acontece no Brasil e no mundo.","potentialAction":[{"@type":"SearchAction","target":{"@type":"EntryPoint","urlTemplate":"https:\/\/www.correiobraziliense.com.br\/cbradar\/?s={search_term_string}"},"query-input":{"@type":"PropertyValueSpecification","valueRequired":true,"valueName":"search_term_string"}}],"inLanguage":"pt-BR"},{"@type":"Person","@id":"https:\/\/www.correiobraziliense.com.br\/cbradar\/#\/schema\/person\/4053c651a9bfc785afc6f4cbc9032fd3","name":"Maura Pereira","image":{"@type":"ImageObject","inLanguage":"pt-BR","@id":"https:\/\/www.correiobraziliense.com.br\/cbradar\/#\/schema\/person\/image\/","url":"https:\/\/secure.gravatar.com\/avatar\/3effd6bdadfa447f15089c7f7144eaa6?s=96&d=mm&r=g","contentUrl":"https:\/\/secure.gravatar.com\/avatar\/3effd6bdadfa447f15089c7f7144eaa6?s=96&d=mm&r=g","caption":"Maura Pereira"},"sameAs":["https:\/\/www.correiobraziliense.com.br\/"],"url":"https:\/\/www.correiobraziliense.com.br\/cbradar\/author\/mauramyth\/"}]}},"_links":{"self":[{"href":"https:\/\/www.correiobraziliense.com.br\/cbradar\/wp-json\/wp\/v2\/posts\/234582","targetHints":{"allow":["GET"]}}],"collection":[{"href":"https:\/\/www.correiobraziliense.com.br\/cbradar\/wp-json\/wp\/v2\/posts"}],"about":[{"href":"https:\/\/www.correiobraziliense.com.br\/cbradar\/wp-json\/wp\/v2\/types\/post"}],"author":[{"embeddable":true,"href":"https:\/\/www.correiobraziliense.com.br\/cbradar\/wp-json\/wp\/v2\/users\/8"}],"replies":[{"embeddable":true,"href":"https:\/\/www.correiobraziliense.com.br\/cbradar\/wp-json\/wp\/v2\/comments?post=234582"}],"version-history":[{"count":10,"href":"https:\/\/www.correiobraziliense.com.br\/cbradar\/wp-json\/wp\/v2\/posts\/234582\/revisions"}],"predecessor-version":[{"id":234629,"href":"https:\/\/www.correiobraziliense.com.br\/cbradar\/wp-json\/wp\/v2\/posts\/234582\/revisions\/234629"}],"wp:featuredmedia":[{"embeddable":true,"href":"https:\/\/www.correiobraziliense.com.br\/cbradar\/wp-json\/wp\/v2\/media\/217390"}],"wp:attachment":[{"href":"https:\/\/www.correiobraziliense.com.br\/cbradar\/wp-json\/wp\/v2\/media?parent=234582"}],"wp:term":[{"taxonomy":"category","embeddable":true,"href":"https:\/\/www.correiobraziliense.com.br\/cbradar\/wp-json\/wp\/v2\/categories?post=234582"},{"taxonomy":"post_tag","embeddable":true,"href":"https:\/\/www.correiobraziliense.com.br\/cbradar\/wp-json\/wp\/v2\/tags?post=234582"}],"curies":[{"name":"wp","href":"https:\/\/api.w.org\/{rel}","templated":true}]}}