{"id":234583,"date":"2026-04-30T15:25:00","date_gmt":"2026-04-30T18:25:00","guid":{"rendered":"https:\/\/www.correiobraziliense.com.br\/cbradar\/?p=234583"},"modified":"2026-04-30T10:43:13","modified_gmt":"2026-04-30T13:43:13","slug":"a-terra-dos-canions-a-1-031-metros-com-paredoes-de-720-metros-que-encantam-com-sua-imensidao-no-sul","status":"publish","type":"post","link":"https:\/\/www.correiobraziliense.com.br\/cbradar\/a-terra-dos-canions-a-1-031-metros-com-paredoes-de-720-metros-que-encantam-com-sua-imensidao-no-sul\/","title":{"rendered":"A terra dos c\u00e2nions a 1.031 metros com pared\u00f5es de 720 metros que encantam com sua imensid\u00e3o no Sul"},"content":{"rendered":"\n<p>Em <strong>Cambar\u00e1 do Sul<\/strong>, na fronteira com <strong>Santa Catarina<\/strong>, a serra termina de forma abrupta. Os campos de altitude param e d\u00e3o lugar a fendas de 720 m de profundidade, que renderam \u00e0 cidade o apelido de Terra dos C\u00e2nions.<\/p>\n\n\n\n<h2 class=\"wp-block-heading\">Por que a cidade \u00e9 chamada de Terra dos C\u00e2nions?<\/h2>\n\n\n\n<p>O nome do principal atrativo, o <strong>C\u00e2nion Itaimbezinho<\/strong>, vem do tupi-guarani e une &#8220;ita&#8221; (pedra) e &#8220;aimb\u00e9&#8221; (afiada), uma refer\u00eancia direta \u00e0s paredes verticais que parecem cortadas a fac\u00e3o. A imagem \u00e9 literal quando se observa o pared\u00e3o pela primeira vez.<\/p>\n\n\n\n<p>A cidade integra o <a href=\"https:\/\/canionsdosul.org\/\" target=\"_blank\" rel=\"noreferrer noopener\"><strong>Geoparque Mundial da UNESCO Caminhos dos C\u00e2nions do Sul<\/strong><\/a>, reconhecido em 2022 e formado por sete munic\u00edpios entre <strong>Rio Grande do Sul<\/strong> e <strong>Santa Catarina<\/strong>. O territ\u00f3rio tem 2.830 km\u00b2 e abriga a maior concentra\u00e7\u00e3o de c\u00e2nions da <strong>Am\u00e9rica Latina<\/strong>, com escarpas que atingem mais de 1.100 m.<\/p>\n\n\n<div class=\"wp-block-image\">\n<figure class=\"aligncenter size-large\"><img decoding=\"async\" width=\"1024\" height=\"576\" src=\"https:\/\/www.correiobraziliense.com.br\/cbradar\/wp-content\/uploads\/2025\/12\/Cambara-do-Sul-_1764985913457-1024x576.jpg\" alt=\"Uma cidade do Rio Grande do Sul cercada por c\u00e2nions gigantes virou destino tur\u00edstico e guarda uma igreja no alto da serra\" class=\"wp-image-150897\" srcset=\"https:\/\/www.correiobraziliense.com.br\/cbradar\/wp-content\/uploads\/2025\/12\/Cambara-do-Sul-_1764985913457-1024x576.jpg 1024w, https:\/\/www.correiobraziliense.com.br\/cbradar\/wp-content\/uploads\/2025\/12\/Cambara-do-Sul-_1764985913457-300x169.jpg 300w, https:\/\/www.correiobraziliense.com.br\/cbradar\/wp-content\/uploads\/2025\/12\/Cambara-do-Sul-_1764985913457-768x432.jpg 768w, https:\/\/www.correiobraziliense.com.br\/cbradar\/wp-content\/uploads\/2025\/12\/Cambara-do-Sul-_1764985913457-750x422.jpg 750w, https:\/\/www.correiobraziliense.com.br\/cbradar\/wp-content\/uploads\/2025\/12\/Cambara-do-Sul-_1764985913457-1140x641.jpg 1140w, https:\/\/www.correiobraziliense.com.br\/cbradar\/wp-content\/uploads\/2025\/12\/Cambara-do-Sul-_1764985913457.jpg 1280w\" sizes=\"(max-width: 1024px) 100vw, 1024px\" \/><figcaption class=\"wp-element-caption\">Os c\u00e2nions de Cambar\u00e1 do Sul ganharam destaque recente com novo manejo nos parques Aparados da Serra e Serra Geral e aumento da procura por turismo de trilhas e natureza extrema.\u200b \/\/ Cr\u00e9ditos: depositphotos.com \/ lltrarbach<\/figcaption><\/figure><\/div>\n\n\n<h2 class=\"wp-block-heading\">O Itaimbezinho e o Fortaleza, os gigantes da serra<\/h2>\n\n\n\n<p>Os dois c\u00e2nions mais visitados est\u00e3o dentro de parques nacionais administrados pelo <a href=\"https:\/\/www1.icmbio.gov.br\/parnaaparadosdaserra\/guia-do-visitante.html\" target=\"_blank\" rel=\"noreferrer noopener\"><strong>Instituto Chico Mendes de Conserva\u00e7\u00e3o da Biodiversidade (ICMBio)<\/strong><\/a>. As trilhas de borda s\u00e3o leves e d\u00e3o acesso a mirantes monumentais.<\/p>\n\n\n\n<ul class=\"wp-block-list\">\n<li><strong>C\u00e2nion Itaimbezinho<\/strong>: 5,8 km de extens\u00e3o e at\u00e9 720 m de profundidade, no <strong>Parque Nacional Aparados da Serra<\/strong>, a 18 km do centro.<\/li>\n\n\n\n<li><strong>C\u00e2nion Fortaleza<\/strong>: 7,5 km de extens\u00e3o e 1.157 m de altitude, com mirante que avista o litoral e a cidade de <strong>Torres<\/strong> em dias claros.<\/li>\n\n\n\n<li><strong>Cachoeira do Tigre Preto<\/strong>: queda de cerca de 250 m que despenca pelo pared\u00e3o do Fortaleza, na trilha da Borda Sul.<\/li>\n\n\n\n<li><strong>Pedra do Segredo<\/strong>: bloco de 30 toneladas equilibrado em uma base de 50 cm, parada obrigat\u00f3ria na trilha do Fortaleza.<\/li>\n<\/ul>\n\n\n\n<p>O interior mineiro guarda hist\u00f3rias e riquezas \u00fanicas. O v\u00eddeo \u00e9 do canal<strong> Cidades do Interior<\/strong>, com <strong>20 mil inscritos<\/strong>, e detalha a economia, o turismo e o desenvolvimento de Patos de Minas. Cidades do Interior \u00e9 refer\u00eancia em munic\u00edpios.<\/p>\n\n\n\n<figure class=\"wp-block-embed aligncenter is-type-video is-provider-youtube wp-block-embed-youtube wp-embed-aspect-16-9 wp-has-aspect-ratio\"><div class=\"wp-block-embed__wrapper\">\n<div class=\"jeg_video_container jeg_video_content\"><iframe loading=\"lazy\" title=\"AL\u00c9M DOS C\u00c2NIONS de CAMBAR\u00c1 DO SUL [DOCUMENT\u00c1RIO]\" width=\"500\" height=\"281\" src=\"https:\/\/www.youtube.com\/embed\/gN7b9MsENEQ?feature=oembed\" frameborder=\"0\" allow=\"accelerometer; autoplay; clipboard-write; encrypted-media; gyroscope; picture-in-picture; web-share\" referrerpolicy=\"strict-origin-when-cross-origin\" allowfullscreen><\/iframe><\/div>\n<\/div><\/figure>\n\n\n\n<h2 class=\"wp-block-heading\">Quais trilhas escolher dentro dos parques?<\/h2>\n\n\n\n<p>O ingresso \u00fanico cobre os dois parques e vale por at\u00e9 tr\u00eas visitas em sete dias, segundo a <a href=\"https:\/\/canionsverdes.com.br\/\"><strong>Urbia C\u00e2nions Verdes<\/strong><\/a>, concession\u00e1ria respons\u00e1vel pela visita\u00e7\u00e3o. Cada trilha oferece um \u00e2ngulo diferente da paisagem.<\/p>\n\n\n\n<p>A <strong>Trilha do V\u00e9rtice<\/strong>, no Itaimbezinho, tem 1,5 km e \u00e9 acess\u00edvel, com vista para as cascatas V\u00e9u de Noiva e Andorinhas. J\u00e1 a <strong>Trilha do Cotovelo<\/strong> percorre 6 km na borda do c\u00e2nion e leva ao mirante mais cl\u00e1ssico. Para os preparados, a <strong>Trilha do Rio do Boi<\/strong> exige guia credenciado, parte de <strong>Praia Grande<\/strong> em Santa Catarina e atravessa o leito do rio dentro do c\u00e2nion por cerca de 7 horas.<\/p>\n\n\n\n<h2 class=\"wp-block-heading\">Sabores da serra: pinh\u00e3o, galeto e mel de arauc\u00e1ria<\/h2>\n\n\n\n<p>Cambar\u00e1 \u00e9 a Capital do Mel de Florada Nativa e tem na apicultura uma das atividades mais tradicionais. A gastronomia mistura heran\u00e7a italiana, ra\u00edzes campeiras e ingredientes do alto da serra.<\/p>\n\n\n\n<ul class=\"wp-block-list\">\n<li><strong>Entrevero de pinh\u00e3o<\/strong>: prato campeiro com carne de porco, lingui\u00e7a, pinh\u00e3o e legumes, servido em panela de ferro.<\/li>\n\n\n\n<li><strong>Galeto al primo canto<\/strong>: frango pequeno assado no espeto, heran\u00e7a da imigra\u00e7\u00e3o italiana, normalmente acompanhado de polenta e capeletti.<\/li>\n\n\n\n<li><strong>Truta da serra<\/strong>: pescada em criadouros locais e servida grelhada ou ao molho de alcaparras, comum nos restaurantes pr\u00f3ximos aos rios.<\/li>\n\n\n\n<li><strong>Mel de florada nativa<\/strong>: produzido com flores da Mata Atl\u00e2ntica e da floresta de arauc\u00e1rias, vendido direto nos api\u00e1rios do interior.<\/li>\n<\/ul>\n\n\n\n<p><strong>Leia tamb\u00e9m: <a href=\"https:\/\/www.correiobraziliense.com.br\/cbradar\/os-movimentos-que-mais-ajudam-quem-passa-o-dia-sentado-a-destravar-o-corpo-e-sentir-menos-peso-nas-costas-ao-longo-da-rotina\/\" target=\"_blank\" rel=\"noreferrer noopener\">Os movimentos que mais ajudam quem passa o dia sentado a destravar o corpo e sentir menos peso nas costas ao longo da rotina.<\/a><\/strong><\/p>\n\n\n<div class=\"wp-block-image\">\n<figure class=\"aligncenter size-large\"><img decoding=\"async\" width=\"1024\" height=\"576\" src=\"https:\/\/www.correiobraziliense.com.br\/cbradar\/wp-content\/uploads\/2025\/12\/Cambara-do-Sul-_1764985338487-1024x576.jpg\" alt=\"O para\u00edso pouco conhecido do RS que guarda um dos maiores c\u00e2nions da Am\u00e9rica Latina\" class=\"wp-image-150885\" srcset=\"https:\/\/www.correiobraziliense.com.br\/cbradar\/wp-content\/uploads\/2025\/12\/Cambara-do-Sul-_1764985338487-1024x576.jpg 1024w, https:\/\/www.correiobraziliense.com.br\/cbradar\/wp-content\/uploads\/2025\/12\/Cambara-do-Sul-_1764985338487-300x169.jpg 300w, https:\/\/www.correiobraziliense.com.br\/cbradar\/wp-content\/uploads\/2025\/12\/Cambara-do-Sul-_1764985338487-768x432.jpg 768w, https:\/\/www.correiobraziliense.com.br\/cbradar\/wp-content\/uploads\/2025\/12\/Cambara-do-Sul-_1764985338487-750x422.jpg 750w, https:\/\/www.correiobraziliense.com.br\/cbradar\/wp-content\/uploads\/2025\/12\/Cambara-do-Sul-_1764985338487-1140x641.jpg 1140w, https:\/\/www.correiobraziliense.com.br\/cbradar\/wp-content\/uploads\/2025\/12\/Cambara-do-Sul-_1764985338487.jpg 1280w\" sizes=\"(max-width: 1024px) 100vw, 1024px\" \/><figcaption class=\"wp-element-caption\">Cambar\u00e1 do Sul inspira com pared\u00f5es vertiginosos, pores do sol dram\u00e1ticos e c\u00e9u estrelado que renovam a alma em para\u00edso selvagem e isolado dos c\u00e2nions brasileiros. \/\/ Cr\u00e9ditos: depositphotos.com \/ lltrarbach<\/figcaption><\/figure><\/div>\n\n\n<h2 class=\"wp-block-heading\">Quando o frio \u00e9 uma atra\u00e7\u00e3o e quando d\u00e1 para curtir o sol?<\/h2>\n\n\n\n<p>A 1.031 m de altitude, Cambar\u00e1 \u00e9 uma das cidades mais frias do <strong>Brasil<\/strong> e teve registro de neve em maio de 2025, com 2,4\u00b0C medidos pelo <strong>Instituto Nacional de Meteorologia (Inmet)<\/strong>. O ver\u00e3o \u00e9 ameno e ideal para trilhas longas.<\/p>\n\n\n\n<style>\n  \/* --- CONTAINER BLINDADO (PADR\u00c3O REGISTRADO) --- *\/\n  .clima-grid-final {\n    font-family: -apple-system, BlinkMacSystemFont, \"Segoe UI\", Roboto, Arial, sans-serif !important;\n    width: 100% !important;\n    max-width: 1200px !important;\n    margin: 20px auto !important;\n    display: grid !important;\n    \/* FOR\u00c7A 4 COLUNAS NO DESKTOP PARA AS 4 ESTA\u00c7\u00d5ES *\/\n    grid-template-columns: repeat(4, 1fr) !important; \n    gap: 15px !important;\n    box-sizing: border-box !important;\n  }\n\n  .clima-grid-final * {\n    box-sizing: border-box !important;\n  }\n\n  \/* --- BLINDAGEM CONTRA ADS E PLUGINS INTRUSOS --- *\/\n  .clima-grid-final > :not(.card-clima) {\n    display: none !important;\n    width: 0 !important;\n    height: 0 !important;\n    opacity: 0 !important;\n  }\n\n  \/* --- CARD PADR\u00c3O (FUNDO BRANCO) --- *\/\n  .card-clima {\n    background: #ffffff !important;\n    border: 1px solid #e0e0e0 !important;\n    border-radius: 20px !important;\n    padding: 20px 10px !important;\n    text-align: center !important;\n    display: flex !important;\n    flex-direction: column !important;\n    align-items: center !important;\n    box-shadow: 0 4px 10px rgba(0, 0, 0, 0.05) !important;\n    min-width: 0 !important; \n    transition: transform 0.2s ease !important;\n    overflow: hidden !important;\n    height: 100% !important;\n  }\n\n  .card-clima:hover {\n    transform: translateY(-5px) !important;\n    border-color: #000000 !important;\n  }\n\n  \/* --- CONTE\u00daDO --- *\/\n  .estacao-nome { \n    font-size: 14px !important; \n    font-weight: 800 !important; \n    color: #000000 !important; \n    text-transform: uppercase !important; \n    margin: 0 0 5px 0 !important; \n  }\n  \n  .estacao-meses { \n    font-size: 10px !important; \n    font-weight: 700 !important; \n    color: #444444 !important; \n    text-transform: uppercase !important; \n    margin-bottom: 15px !important; \n    display: block !important;\n  }\n  \n  .temp-valor { \n    font-size: 24px !important; \n    font-weight: 800 !important; \n    color: #000000 !important; \n    line-height: 1.1 !important; \n    margin: 0 !important;\n  }\n  \n  .temp-label { \n    font-size: 9px !important; \n    font-weight: 600 !important; \n    color: #777777 !important; \n    text-transform: uppercase !important; \n    margin-bottom: 15px !important; \n    display: block !important;\n  }\n  \n  .clima-desc { \n    font-size: 12px !important; \n    line-height: 1.4 !important; \n    color: #333333 !important; \n    margin-bottom: 15px !important; \n    flex-grow: 1 !important; \n  }\n\n  .tag-status {\n    background-color: #f5f5f5 !important;\n    border: 1px solid #d0d0d0 !important;\n    color: #000000 !important;\n    padding: 5px 12px !important;\n    border-radius: 20px !important;\n    font-size: 9px !important;\n    font-weight: 800 !important;\n    text-transform: uppercase !important;\n    margin-top: auto !important;\n  }\n\n  \/* --- RESPONSIVIDADE --- *\/\n  @media (max-width: 800px) {\n    .clima-grid-final {\n      grid-template-columns: 1fr !important; \n    }\n    .card-clima {\n      padding: 25px 20px !important;\n    }\n  }\n<\/style>\n\n<div class=\"google-auto-ads-ignore clima-grid-final\">\n  \n  <!-- VER\u00c3O -->\n  <div class=\"card-clima\">\n    <div class=\"estacao-nome\">\u2600\ufe0f Ver\u00e3o<\/div>\n    <span class=\"estacao-meses\">Dez &#8211; Fev<\/span>\n    <div class=\"temp-valor\">14-26\u00b0C<\/div>\n    <span class=\"temp-label\">Temperatura<\/span>\n    <div class=\"clima-desc\">\u00c9 a \u00e9poca perfeita para desbravar a <b>Trilha do Rio do Boi<\/b> e se refrescar nas <b>cachoeiras<\/b> da regi\u00e3o sob chuva alta.<\/div>\n    <div class=\"tag-status\">\u26c8\ufe0f Chuva Alta<\/div>\n  <\/div>\n\n  <!-- OUTONO -->\n  <div class=\"card-clima\">\n    <div class=\"estacao-nome\">\ud83c\udf42 Outono<\/div>\n    <span class=\"estacao-meses\">Mar &#8211; Mai<\/span>\n    <div class=\"temp-valor\">10-22\u00b0C<\/div>\n    <span class=\"temp-label\">Temperatura<\/span>\n    <div class=\"clima-desc\">O clima ameno favorece a visibilidade nos <b>mirantes<\/b> e a realiza\u00e7\u00e3o de um <b>tour rural<\/b> educativo pelos api\u00e1rios locais.<\/div>\n    <div class=\"tag-status\">\ud83c\udf26\ufe0f Chuva M\u00e9dia<\/div>\n  <\/div>\n\n  <!-- INVERNO -->\n  <div class=\"card-clima\">\n    <div class=\"estacao-nome\">\ud83e\udde3 Inverno<\/div>\n    <span class=\"estacao-meses\">Jun &#8211; Ago<\/span>\n    <div class=\"temp-valor\">2-15\u00b0C<\/div>\n    <span class=\"temp-label\">Temperatura<\/span>\n    <div class=\"clima-desc\">Prepare-se para o frio intenso com a <b>ca\u00e7a \u00e0 geada<\/b> e a real <b>possibilidade de neve<\/b> nos dias de tempo seco.<\/div>\n    <div class=\"tag-status\">\u2744\ufe0f Clima Seco<\/div>\n  <\/div>\n\n  <!-- PRIMAVERA -->\n  <div class=\"card-clima\">\n    <div class=\"estacao-nome\">\ud83c\udf38 Primavera<\/div>\n    <span class=\"estacao-meses\">Set &#8211; Nov<\/span>\n    <div class=\"temp-valor\">9-22\u00b0C<\/div>\n    <span class=\"temp-label\">Temperatura<\/span>\n    <div class=\"clima-desc\">Ideal para <b>cavalgadas<\/b> e a <b>contempla\u00e7\u00e3o dos c\u00e2nions<\/b>, quando a vegeta\u00e7\u00e3o floresce e as chuvas s\u00e3o moderadas.<\/div>\n    <div class=\"tag-status\">\ud83d\udc0e Aventura<\/div>\n  <\/div>\n\n<\/div>\n\n\n\n<p><em>Temperaturas aproximadas com base no <a href=\"https:\/\/www.climatempo.com.br\/previsao-do-tempo\/cidade\/1381\/cambaradosul-rs\" target=\"_blank\" rel=\"noreferrer noopener\"><strong>Climatempo<\/strong><\/a>. Condi\u00e7\u00f5es podem variar.<\/em><\/p>\n\n\n\n<h2 class=\"wp-block-heading\">Como chegar a Cambar\u00e1 do Sul saindo de Porto Alegre?<\/h2>\n\n\n\n<p>A cidade fica a 185 km da capital <strong>Porto Alegre<\/strong>, com cerca de 3 horas de viagem pela <strong>BR-116<\/strong> e <strong>RS-020<\/strong>. H\u00e1 \u00f4nibus di\u00e1rios partindo da rodovi\u00e1ria da capital, e o aeroporto mais pr\u00f3ximo \u00e9 o <strong>Salgado Filho<\/strong>. Quem vem do litoral catarinense pode subir a serra por <strong>Praia Grande<\/strong>, em estrada panor\u00e2mica que cruza o Geoparque.<\/p>\n\n\n\n<h2 class=\"wp-block-heading\">Suba a serra e veja onde o Brasil termina em pared\u00e3o<\/h2>\n\n\n\n<p>A Terra dos C\u00e2nions guarda paisagens que parecem fora do mapa brasileiro: arauc\u00e1rias, geadas, fendas vulc\u00e2nicas e sil\u00eancio de altitude. Poucos lugares no pa\u00eds oferecem essa combina\u00e7\u00e3o t\u00e3o completa entre natureza preservada, cultura campeira e gastronomia de serra.<\/p>\n\n\n\n<p>Voc\u00ea precisa conhecer Cambar\u00e1 do Sul e sentir a vertigem de olhar para baixo do alto de um pared\u00e3o de 720 metros que ficou assim por milh\u00f5es de anos.<\/p>\n","protected":false},"excerpt":{"rendered":"<p>Em Cambar\u00e1 do Sul, na fronteira com Santa Catarina, a serra termina de forma abrupta. Os campos de altitude param e d\u00e3o lugar a fendas de 720 m de profundidade, que renderam \u00e0 cidade o apelido de Terra dos C\u00e2nions. Por que a cidade \u00e9 chamada de Terra dos C\u00e2nions? O nome do principal atrativo, [&hellip;]<\/p>\n","protected":false},"author":8,"featured_media":169455,"comment_status":"open","ping_status":"open","sticky":false,"template":"","format":"standard","meta":{"_yoast_wpseo_focuskw":"terra dos c\u00e2nions","_yoast_wpseo_title":"","_yoast_wpseo_metadesc":"A terra dos c\u00e2nions no Sul do Brasil combina altitude elevada e pared\u00f5es de 720 metros que encantam visitantes.","jnews-multi-image_gallery":[],"jnews_single_post":{"format":"standard"},"jnews_primary_category":[],"jnews_social_meta":[],"jnews_override_counter":[],"footnotes":""},"categories":[1],"tags":[12359,851],"class_list":["post-234583","post","type-post","status-publish","format-standard","has-post-thumbnail","hentry","category-uncategorized","tag-cambara-do-sul","tag-santa-catarina"],"yoast_head":"<!-- This site is optimized with the Yoast SEO plugin v24.6 - https:\/\/yoast.com\/wordpress\/plugins\/seo\/ -->\n<title>A terra dos c\u00e2nions a 1.031 metros com pared\u00f5es de 720 metros que encantam com sua imensid\u00e3o no Sul - Correio Braziliense - Radar<\/title>\n<meta name=\"description\" content=\"A terra dos c\u00e2nions no Sul do Brasil combina altitude elevada e pared\u00f5es de 720 metros que encantam visitantes.\" \/>\n<meta name=\"robots\" content=\"index, follow, max-snippet:-1, max-image-preview:large, max-video-preview:-1\" \/>\n<link rel=\"canonical\" href=\"https:\/\/www.correiobraziliense.com.br\/cbradar\/a-terra-dos-canions-a-1-031-metros-com-paredoes-de-720-metros-que-encantam-com-sua-imensidao-no-sul\/\" \/>\n<meta property=\"og:locale\" content=\"pt_BR\" \/>\n<meta property=\"og:type\" content=\"article\" \/>\n<meta property=\"og:title\" content=\"A terra dos c\u00e2nions a 1.031 metros com pared\u00f5es de 720 metros que encantam com sua imensid\u00e3o no Sul - Correio Braziliense - Radar\" \/>\n<meta property=\"og:description\" content=\"A terra dos c\u00e2nions no Sul do Brasil combina altitude elevada e pared\u00f5es de 720 metros que encantam visitantes.\" \/>\n<meta property=\"og:url\" content=\"https:\/\/www.correiobraziliense.com.br\/cbradar\/a-terra-dos-canions-a-1-031-metros-com-paredoes-de-720-metros-que-encantam-com-sua-imensidao-no-sul\/\" \/>\n<meta property=\"og:site_name\" content=\"Correio Braziliense - Radar\" \/>\n<meta property=\"article:published_time\" content=\"2026-04-30T18:25:00+00:00\" \/>\n<meta property=\"og:image\" content=\"https:\/\/www.correiobraziliense.com.br\/cbradar\/wp-content\/uploads\/2026\/01\/Design-sem-nome-14.png\" \/>\n\t<meta property=\"og:image:width\" content=\"1280\" \/>\n\t<meta property=\"og:image:height\" content=\"720\" \/>\n\t<meta property=\"og:image:type\" content=\"image\/png\" \/>\n<meta name=\"author\" content=\"Maura Pereira\" \/>\n<meta name=\"twitter:card\" content=\"summary_large_image\" \/>\n<meta name=\"twitter:label1\" content=\"Escrito por\" \/>\n\t<meta name=\"twitter:data1\" content=\"Maura Pereira\" \/>\n\t<meta name=\"twitter:label2\" content=\"Est. tempo de leitura\" \/>\n\t<meta name=\"twitter:data2\" content=\"6 minutos\" \/>\n<!-- \/ Yoast SEO plugin. -->","yoast_head_json":{"title":"A terra dos c\u00e2nions a 1.031 metros com pared\u00f5es de 720 metros que encantam com sua imensid\u00e3o no Sul - Correio Braziliense - Radar","description":"A terra dos c\u00e2nions no Sul do Brasil combina altitude elevada e pared\u00f5es de 720 metros que encantam visitantes.","robots":{"index":"index","follow":"follow","max-snippet":"max-snippet:-1","max-image-preview":"max-image-preview:large","max-video-preview":"max-video-preview:-1"},"canonical":"https:\/\/www.correiobraziliense.com.br\/cbradar\/a-terra-dos-canions-a-1-031-metros-com-paredoes-de-720-metros-que-encantam-com-sua-imensidao-no-sul\/","og_locale":"pt_BR","og_type":"article","og_title":"A terra dos c\u00e2nions a 1.031 metros com pared\u00f5es de 720 metros que encantam com sua imensid\u00e3o no Sul - Correio Braziliense - Radar","og_description":"A terra dos c\u00e2nions no Sul do Brasil combina altitude elevada e pared\u00f5es de 720 metros que encantam visitantes.","og_url":"https:\/\/www.correiobraziliense.com.br\/cbradar\/a-terra-dos-canions-a-1-031-metros-com-paredoes-de-720-metros-que-encantam-com-sua-imensidao-no-sul\/","og_site_name":"Correio Braziliense - Radar","article_published_time":"2026-04-30T18:25:00+00:00","og_image":[{"width":1280,"height":720,"url":"https:\/\/www.correiobraziliense.com.br\/cbradar\/wp-content\/uploads\/2026\/01\/Design-sem-nome-14.png","type":"image\/png"}],"author":"Maura Pereira","twitter_card":"summary_large_image","twitter_misc":{"Escrito por":"Maura Pereira","Est. tempo de leitura":"6 minutos"},"schema":{"@context":"https:\/\/schema.org","@graph":[{"@type":"WebPage","@id":"https:\/\/www.correiobraziliense.com.br\/cbradar\/a-terra-dos-canions-a-1-031-metros-com-paredoes-de-720-metros-que-encantam-com-sua-imensidao-no-sul\/","url":"https:\/\/www.correiobraziliense.com.br\/cbradar\/a-terra-dos-canions-a-1-031-metros-com-paredoes-de-720-metros-que-encantam-com-sua-imensidao-no-sul\/","name":"A terra dos c\u00e2nions a 1.031 metros com pared\u00f5es de 720 metros que encantam com sua imensid\u00e3o no Sul - Correio Braziliense - Radar","isPartOf":{"@id":"https:\/\/www.correiobraziliense.com.br\/cbradar\/#website"},"primaryImageOfPage":{"@id":"https:\/\/www.correiobraziliense.com.br\/cbradar\/a-terra-dos-canions-a-1-031-metros-com-paredoes-de-720-metros-que-encantam-com-sua-imensidao-no-sul\/#primaryimage"},"image":{"@id":"https:\/\/www.correiobraziliense.com.br\/cbradar\/a-terra-dos-canions-a-1-031-metros-com-paredoes-de-720-metros-que-encantam-com-sua-imensidao-no-sul\/#primaryimage"},"thumbnailUrl":"https:\/\/www.correiobraziliense.com.br\/cbradar\/wp-content\/uploads\/2026\/01\/Design-sem-nome-14.png","datePublished":"2026-04-30T18:25:00+00:00","author":{"@id":"https:\/\/www.correiobraziliense.com.br\/cbradar\/#\/schema\/person\/4053c651a9bfc785afc6f4cbc9032fd3"},"description":"A terra dos c\u00e2nions no Sul do Brasil combina altitude elevada e pared\u00f5es de 720 metros que encantam visitantes.","breadcrumb":{"@id":"https:\/\/www.correiobraziliense.com.br\/cbradar\/a-terra-dos-canions-a-1-031-metros-com-paredoes-de-720-metros-que-encantam-com-sua-imensidao-no-sul\/#breadcrumb"},"inLanguage":"pt-BR","potentialAction":[{"@type":"ReadAction","target":["https:\/\/www.correiobraziliense.com.br\/cbradar\/a-terra-dos-canions-a-1-031-metros-com-paredoes-de-720-metros-que-encantam-com-sua-imensidao-no-sul\/"]}]},{"@type":"ImageObject","inLanguage":"pt-BR","@id":"https:\/\/www.correiobraziliense.com.br\/cbradar\/a-terra-dos-canions-a-1-031-metros-com-paredoes-de-720-metros-que-encantam-com-sua-imensidao-no-sul\/#primaryimage","url":"https:\/\/www.correiobraziliense.com.br\/cbradar\/wp-content\/uploads\/2026\/01\/Design-sem-nome-14.png","contentUrl":"https:\/\/www.correiobraziliense.com.br\/cbradar\/wp-content\/uploads\/2026\/01\/Design-sem-nome-14.png","width":1280,"height":720,"caption":"Cambar\u00e1 do Sul, RS, abriga Parques Nacionais Aparados da Serra e Serra Geral com c\u00e2nions Itaimbezinho e Fortaleza. \/ Imagem ilustrativa"},{"@type":"BreadcrumbList","@id":"https:\/\/www.correiobraziliense.com.br\/cbradar\/a-terra-dos-canions-a-1-031-metros-com-paredoes-de-720-metros-que-encantam-com-sua-imensidao-no-sul\/#breadcrumb","itemListElement":[{"@type":"ListItem","position":1,"name":"In\u00edcio","item":"https:\/\/www.correiobraziliense.com.br\/cbradar\/"},{"@type":"ListItem","position":2,"name":"A terra dos c\u00e2nions a 1.031 metros com pared\u00f5es de 720 metros que encantam com sua imensid\u00e3o no Sul"}]},{"@type":"WebSite","@id":"https:\/\/www.correiobraziliense.com.br\/cbradar\/#website","url":"https:\/\/www.correiobraziliense.com.br\/cbradar\/","name":"Correio Braziliense - Radar","description":"Acompanhe as \u00faltimas not\u00edcias e fique bem informado sobre tudo o que acontece no Brasil e no mundo.","potentialAction":[{"@type":"SearchAction","target":{"@type":"EntryPoint","urlTemplate":"https:\/\/www.correiobraziliense.com.br\/cbradar\/?s={search_term_string}"},"query-input":{"@type":"PropertyValueSpecification","valueRequired":true,"valueName":"search_term_string"}}],"inLanguage":"pt-BR"},{"@type":"Person","@id":"https:\/\/www.correiobraziliense.com.br\/cbradar\/#\/schema\/person\/4053c651a9bfc785afc6f4cbc9032fd3","name":"Maura Pereira","image":{"@type":"ImageObject","inLanguage":"pt-BR","@id":"https:\/\/www.correiobraziliense.com.br\/cbradar\/#\/schema\/person\/image\/","url":"https:\/\/secure.gravatar.com\/avatar\/3effd6bdadfa447f15089c7f7144eaa6?s=96&d=mm&r=g","contentUrl":"https:\/\/secure.gravatar.com\/avatar\/3effd6bdadfa447f15089c7f7144eaa6?s=96&d=mm&r=g","caption":"Maura Pereira"},"sameAs":["https:\/\/www.correiobraziliense.com.br\/"],"url":"https:\/\/www.correiobraziliense.com.br\/cbradar\/author\/mauramyth\/"}]}},"_links":{"self":[{"href":"https:\/\/www.correiobraziliense.com.br\/cbradar\/wp-json\/wp\/v2\/posts\/234583","targetHints":{"allow":["GET"]}}],"collection":[{"href":"https:\/\/www.correiobraziliense.com.br\/cbradar\/wp-json\/wp\/v2\/posts"}],"about":[{"href":"https:\/\/www.correiobraziliense.com.br\/cbradar\/wp-json\/wp\/v2\/types\/post"}],"author":[{"embeddable":true,"href":"https:\/\/www.correiobraziliense.com.br\/cbradar\/wp-json\/wp\/v2\/users\/8"}],"replies":[{"embeddable":true,"href":"https:\/\/www.correiobraziliense.com.br\/cbradar\/wp-json\/wp\/v2\/comments?post=234583"}],"version-history":[{"count":7,"href":"https:\/\/www.correiobraziliense.com.br\/cbradar\/wp-json\/wp\/v2\/posts\/234583\/revisions"}],"predecessor-version":[{"id":234640,"href":"https:\/\/www.correiobraziliense.com.br\/cbradar\/wp-json\/wp\/v2\/posts\/234583\/revisions\/234640"}],"wp:featuredmedia":[{"embeddable":true,"href":"https:\/\/www.correiobraziliense.com.br\/cbradar\/wp-json\/wp\/v2\/media\/169455"}],"wp:attachment":[{"href":"https:\/\/www.correiobraziliense.com.br\/cbradar\/wp-json\/wp\/v2\/media?parent=234583"}],"wp:term":[{"taxonomy":"category","embeddable":true,"href":"https:\/\/www.correiobraziliense.com.br\/cbradar\/wp-json\/wp\/v2\/categories?post=234583"},{"taxonomy":"post_tag","embeddable":true,"href":"https:\/\/www.correiobraziliense.com.br\/cbradar\/wp-json\/wp\/v2\/tags?post=234583"}],"curies":[{"name":"wp","href":"https:\/\/api.w.org\/{rel}","templated":true}]}}