{"id":234597,"date":"2026-05-01T22:55:00","date_gmt":"2026-05-02T01:55:00","guid":{"rendered":"https:\/\/www.correiobraziliense.com.br\/cbradar\/?p=234597"},"modified":"2026-04-30T22:33:56","modified_gmt":"2026-05-01T01:33:56","slug":"uma-planta-pendente-que-vai-bem-em-apartamento-exige-pouca-agua-e-ajuda-a-decorar-a-sala-qual-e-e-por-que-virou-queridinha","status":"publish","type":"post","link":"https:\/\/www.correiobraziliense.com.br\/cbradar\/uma-planta-pendente-que-vai-bem-em-apartamento-exige-pouca-agua-e-ajuda-a-decorar-a-sala-qual-e-e-por-que-virou-queridinha\/","title":{"rendered":"Uma planta pendente que vai bem em apartamento: exige pouca \u00e1gua e ajuda a decorar a sala, qual \u00e9 e por que virou queridinha"},"content":{"rendered":"\n<p>Qual a <strong>planta pendente ideal<\/strong> para quem vive em apartamento, tem pouco tempo e odeia ver planta morrer? A <strong>jiboia<\/strong> (Epipremnum aureum) se tornou a queridinha por um motivo simples: ela \u00e9 resistente, exige regas espor\u00e1dicas e transforma a sala em um ref\u00fagio verde sem esfor\u00e7o.<\/p>\n\n\n\n<h2 class=\"wp-block-heading\">O que torna a jiboia a planta pendente perfeita para apartamentos?<\/h2>\n\n\n\n<p>A <strong>jiboia<\/strong> n\u00e3o \u00e9 \u00e0 toa uma das esp\u00e9cies mais recomendadas para iniciantes. Origin\u00e1ria de florestas tropicais, ela evoluiu para sobreviver sob o dossel de \u00e1rvores maiores, o que explica sua enorme capacidade de se adaptar a ambientes internos com <strong>luz indireta<\/strong> ou pouca claridade.<\/p>\n\n\n\n<p>Em apartamentos, seu crescimento em cascata se destaca em vasos suspensos, prateleiras altas ou at\u00e9 mesmo conduzida ao longo de uma parede. A adaptabilidade \u00e9 tamanha que a jiboia tamb\u00e9m pode ser cultivada <strong>apenas na \u00e1gua<\/strong>, eliminando de vez a sujeira da terra.<\/p>\n\n\n<div class=\"wp-block-image\">\n<figure class=\"aligncenter size-full\"><img decoding=\"async\" width=\"1280\" height=\"720\" src=\"https:\/\/www.correiobraziliense.com.br\/cbradar\/wp-content\/uploads\/2026\/04\/IMAGEM_720p_1777555459711.jpg\" alt=\"A jiboia como a planta pendente ideal para apartamentos\" class=\"wp-image-234608\" srcset=\"https:\/\/www.correiobraziliense.com.br\/cbradar\/wp-content\/uploads\/2026\/04\/IMAGEM_720p_1777555459711.jpg 1280w, https:\/\/www.correiobraziliense.com.br\/cbradar\/wp-content\/uploads\/2026\/04\/IMAGEM_720p_1777555459711-300x169.jpg 300w, https:\/\/www.correiobraziliense.com.br\/cbradar\/wp-content\/uploads\/2026\/04\/IMAGEM_720p_1777555459711-768x432.jpg 768w, https:\/\/www.correiobraziliense.com.br\/cbradar\/wp-content\/uploads\/2026\/04\/IMAGEM_720p_1777555459711-750x422.jpg 750w, https:\/\/www.correiobraziliense.com.br\/cbradar\/wp-content\/uploads\/2026\/04\/IMAGEM_720p_1777555459711-1140x641.jpg 1140w\" sizes=\"(max-width: 1280px) 100vw, 1280px\" \/><figcaption class=\"wp-element-caption\">A jiboia como a planta pendente ideal para apartamentos<\/figcaption><\/figure><\/div>\n\n\n<h2 class=\"wp-block-heading\">A rega espa\u00e7ada \u00e9 realmente uma vantagem para quem esquece de cuidar?<\/h2>\n\n\n\n<p>A regra de ouro da jiboia \u00e9 clara: menos \u00e1gua, mais sa\u00fade. O excesso de umidade \u00e9 o principal vil\u00e3o, pois pode apodrecer as ra\u00edzes. O ideal \u00e9 esperar o substrato secar completamente entre uma rega e outra, o que costuma levar de <strong>7 a 10 dias<\/strong> em ambientes internos.<\/p>\n\n\n\n<p>No inverno ou em locais com ar condicionado, o intervalo pode se estender ainda mais, chegando a <strong>15 dias<\/strong>. Se as folhas come\u00e7arem a enrolar levemente ou perder o brilho, \u00e9 um sinal sutil de que a planta pede \u00e1gua, mas sem drama. Essa <strong>toler\u00e2ncia \u00e0 seca<\/strong> faz dela a escolha perfeita para quem viaja ou tem rotina corrida.<\/p>\n\n\n\n<h2 class=\"wp-block-heading\">Como usar a jiboia na decora\u00e7\u00e3o da sala?<\/h2>\n\n\n\n<p>A versatilidade est\u00e9tica da jiboia \u00e9 o que a consagra na decora\u00e7\u00e3o de interiores. Suas folhas em formato de cora\u00e7\u00e3o, que podem ser totalmente verdes ou matizadas com tons de <strong>amarelo e creme<\/strong>, funcionam em qualquer estilo de ambiente, do boho ao minimalista.<\/p>\n\n\n\n<p>Para tirar o melhor proveito decorativo, considere estas possibilidades:<\/p>\n\n\n\n<ul class=\"wp-block-list\">\n<li><strong>Vaso suspenso de macram\u00ea:<\/strong> pe\u00e7a-chave do estilo artesanal, permite que os ramos caiam livremente no centro da sala ou pr\u00f3ximos \u00e0 janela.<\/li>\n\n\n\n<li><strong>Prateleira alta ou estante:<\/strong> as folhas se derramam sobre os objetos, criando um efeito de moldura viva e suavizando linhas retas.<\/li>\n\n\n\n<li><strong>Jardim vertical de jiboias:<\/strong> combine diferentes variedades (verde, jade, neon) em nichos ou quadros vivos para um impacto visual exuberante.<\/li>\n<\/ul>\n\n\n\n<p>O <strong>efeito cascata<\/strong> da jiboia chama o olhar e torna qualquer canto da sala mais acolhedor, mesmo em espa\u00e7os compactos.<\/p>\n\n\n\n<p>Leia tamb\u00e9m: <a href=\"https:\/\/www.correiobraziliense.com.br\/cbradar\/a-psicologia-aponta-que-adultos-que-evitam-conflitos-nao-sao-mais-maduros-mas-aprenderam-na-infancia-que-expressar-emocoes-gerava-punicao\/\" target=\"_blank\" rel=\"noreferrer noopener\">A psicologia aponta que adultos que evitam conflitos n\u00e3o s\u00e3o mais maduros, mas aprenderam na inf\u00e2ncia que expressar emo\u00e7\u00f5es gerava puni\u00e7\u00e3o<\/a><\/p>\n\n\n\n<h2 class=\"wp-block-heading\">A jiboia ajuda a purificar o ar do apartamento?<\/h2>\n\n\n\n<p>Al\u00e9m da beleza, a jiboia tem um benef\u00edcio funcional que interessa a qualquer morador de grandes cidades. A planta \u00e9 reconhecida por sua capacidade de <strong>filtrar poluentes<\/strong> como formalde\u00eddo, xileno e benzeno, subst\u00e2ncias comuns em m\u00f3veis, tintas e produtos de limpeza.<\/p>\n\n\n\n<p>A <strong>NASA<\/strong>, em seu c\u00e9lebre estudo sobre plantas purificadoras de ar, identificou a jiboia como uma das esp\u00e9cies mais eficientes na remo\u00e7\u00e3o de toxinas em ambientes fechados. Isso significa que, enquanto embeleza a sala, ela tamb\u00e9m contribui discretamente para um ar mais limpo dentro de casa.<\/p>\n\n\n<div class=\"wp-block-image\">\n<figure class=\"aligncenter size-full\"><img decoding=\"async\" width=\"1280\" height=\"720\" src=\"https:\/\/www.correiobraziliense.com.br\/cbradar\/wp-content\/uploads\/2026\/04\/IMAGEM_720p_1777555455777.jpg\" alt=\"A jiboia como a planta pendente ideal para apartamentos\" class=\"wp-image-234609\" srcset=\"https:\/\/www.correiobraziliense.com.br\/cbradar\/wp-content\/uploads\/2026\/04\/IMAGEM_720p_1777555455777.jpg 1280w, https:\/\/www.correiobraziliense.com.br\/cbradar\/wp-content\/uploads\/2026\/04\/IMAGEM_720p_1777555455777-300x169.jpg 300w, https:\/\/www.correiobraziliense.com.br\/cbradar\/wp-content\/uploads\/2026\/04\/IMAGEM_720p_1777555455777-768x432.jpg 768w, https:\/\/www.correiobraziliense.com.br\/cbradar\/wp-content\/uploads\/2026\/04\/IMAGEM_720p_1777555455777-750x422.jpg 750w, https:\/\/www.correiobraziliense.com.br\/cbradar\/wp-content\/uploads\/2026\/04\/IMAGEM_720p_1777555455777-1140x641.jpg 1140w\" sizes=\"(max-width: 1280px) 100vw, 1280px\" \/><figcaption class=\"wp-element-caption\">A jiboia como a planta pendente ideal para apartamentos<\/figcaption><\/figure><\/div>\n\n\n<h2 class=\"wp-block-heading\">Quais cuidados simples mant\u00eam a jiboia saud\u00e1vel por anos?<\/h2>\n\n\n\n<p>A manuten\u00e7\u00e3o descomplicada \u00e9 o que garante a longevidade da planta. A <strong>jiboia<\/strong> pede apenas um local com luz indireta farta, longe do sol direto, que pode queimar suas folhas. Uma limpeza ocasional com pano \u00famido remove a poeira e mant\u00e9m o brilho natural.<\/p>\n\n\n\n<p>A aduba\u00e7\u00e3o entra como um mimo extra, n\u00e3o como obriga\u00e7\u00e3o. Um <strong>adubo l\u00edquido balanceado<\/strong> a cada dois meses, dilu\u00eddo na \u00e1gua da rega, j\u00e1 estimula um crescimento vigoroso e folhas mais exuberantes. Ignorar a aduba\u00e7\u00e3o n\u00e3o matar\u00e1 a planta, apenas reduzir\u00e1 a velocidade de expans\u00e3o.<\/p>\n","protected":false},"excerpt":{"rendered":"<p>Qual a planta pendente ideal para quem vive em apartamento, tem pouco tempo e odeia ver planta morrer? A jiboia (Epipremnum aureum) se tornou a queridinha por um motivo simples: ela \u00e9 resistente, exige regas espor\u00e1dicas e transforma a sala em um ref\u00fagio verde sem esfor\u00e7o. O que torna a jiboia a planta pendente perfeita [&hellip;]<\/p>\n","protected":false},"author":11,"featured_media":235090,"comment_status":"open","ping_status":"open","sticky":false,"template":"","format":"standard","meta":{"_yoast_wpseo_focuskw":"planta pendente ideal","_yoast_wpseo_title":"","_yoast_wpseo_metadesc":"Quer uma planta pendente que sobrevive em apartamento mesmo com pouca \u00e1gua e sem luz direta? A jiboia \u00e9 a escolha certeira para decorar sem dor de cabe\u00e7a.","jnews-multi-image_gallery":[],"jnews_single_post":{"format":"standard"},"jnews_primary_category":[],"jnews_social_meta":[],"jnews_override_counter":[],"footnotes":""},"categories":[143],"tags":[4467,917,10378,18422],"class_list":["post-234597","post","type-post","status-publish","format-standard","has-post-thumbnail","hentry","category-casa-e-decoracao","tag-apartamento","tag-decoracao","tag-jiboia","tag-pouca-agua"],"yoast_head":"<!-- This site is optimized with the Yoast SEO plugin v24.6 - https:\/\/yoast.com\/wordpress\/plugins\/seo\/ -->\n<title>Uma planta pendente que vai bem em apartamento: exige pouca \u00e1gua e ajuda a decorar a sala, qual \u00e9 e por que virou queridinha - Correio Braziliense - Radar<\/title>\n<meta name=\"description\" content=\"Quer uma planta pendente que sobrevive em apartamento mesmo com pouca \u00e1gua e sem luz direta? A jiboia \u00e9 a escolha certeira para decorar sem dor de cabe\u00e7a.\" \/>\n<meta name=\"robots\" content=\"index, follow, max-snippet:-1, max-image-preview:large, max-video-preview:-1\" \/>\n<link rel=\"canonical\" href=\"https:\/\/www.correiobraziliense.com.br\/cbradar\/uma-planta-pendente-que-vai-bem-em-apartamento-exige-pouca-agua-e-ajuda-a-decorar-a-sala-qual-e-e-por-que-virou-queridinha\/\" \/>\n<meta property=\"og:locale\" content=\"pt_BR\" \/>\n<meta property=\"og:type\" content=\"article\" \/>\n<meta property=\"og:title\" content=\"Uma planta pendente que vai bem em apartamento: exige pouca \u00e1gua e ajuda a decorar a sala, qual \u00e9 e por que virou queridinha - Correio Braziliense - Radar\" \/>\n<meta property=\"og:description\" content=\"Quer uma planta pendente que sobrevive em apartamento mesmo com pouca \u00e1gua e sem luz direta? A jiboia \u00e9 a escolha certeira para decorar sem dor de cabe\u00e7a.\" \/>\n<meta property=\"og:url\" content=\"https:\/\/www.correiobraziliense.com.br\/cbradar\/uma-planta-pendente-que-vai-bem-em-apartamento-exige-pouca-agua-e-ajuda-a-decorar-a-sala-qual-e-e-por-que-virou-queridinha\/\" \/>\n<meta property=\"og:site_name\" content=\"Correio Braziliense - Radar\" \/>\n<meta property=\"article:published_time\" content=\"2026-05-02T01:55:00+00:00\" \/>\n<meta property=\"og:image\" content=\"https:\/\/www.correiobraziliense.com.br\/cbradar\/wp-content\/uploads\/2026\/05\/IMAGEM_720p_1777599194230.jpg\" \/>\n\t<meta property=\"og:image:width\" content=\"1280\" \/>\n\t<meta property=\"og:image:height\" content=\"720\" \/>\n\t<meta property=\"og:image:type\" content=\"image\/jpeg\" \/>\n<meta name=\"author\" content=\"Paulo Custodio\" \/>\n<meta name=\"twitter:card\" content=\"summary_large_image\" \/>\n<meta name=\"twitter:label1\" content=\"Escrito por\" \/>\n\t<meta name=\"twitter:data1\" content=\"Paulo Custodio\" \/>\n\t<meta name=\"twitter:label2\" content=\"Est. tempo de leitura\" \/>\n\t<meta name=\"twitter:data2\" content=\"5 minutos\" \/>\n<!-- \/ Yoast SEO plugin. -->","yoast_head_json":{"title":"Uma planta pendente que vai bem em apartamento: exige pouca \u00e1gua e ajuda a decorar a sala, qual \u00e9 e por que virou queridinha - Correio Braziliense - Radar","description":"Quer uma planta pendente que sobrevive em apartamento mesmo com pouca \u00e1gua e sem luz direta? A jiboia \u00e9 a escolha certeira para decorar sem dor de cabe\u00e7a.","robots":{"index":"index","follow":"follow","max-snippet":"max-snippet:-1","max-image-preview":"max-image-preview:large","max-video-preview":"max-video-preview:-1"},"canonical":"https:\/\/www.correiobraziliense.com.br\/cbradar\/uma-planta-pendente-que-vai-bem-em-apartamento-exige-pouca-agua-e-ajuda-a-decorar-a-sala-qual-e-e-por-que-virou-queridinha\/","og_locale":"pt_BR","og_type":"article","og_title":"Uma planta pendente que vai bem em apartamento: exige pouca \u00e1gua e ajuda a decorar a sala, qual \u00e9 e por que virou queridinha - Correio Braziliense - Radar","og_description":"Quer uma planta pendente que sobrevive em apartamento mesmo com pouca \u00e1gua e sem luz direta? A jiboia \u00e9 a escolha certeira para decorar sem dor de cabe\u00e7a.","og_url":"https:\/\/www.correiobraziliense.com.br\/cbradar\/uma-planta-pendente-que-vai-bem-em-apartamento-exige-pouca-agua-e-ajuda-a-decorar-a-sala-qual-e-e-por-que-virou-queridinha\/","og_site_name":"Correio Braziliense - Radar","article_published_time":"2026-05-02T01:55:00+00:00","og_image":[{"width":1280,"height":720,"url":"https:\/\/www.correiobraziliense.com.br\/cbradar\/wp-content\/uploads\/2026\/05\/IMAGEM_720p_1777599194230.jpg","type":"image\/jpeg"}],"author":"Paulo Custodio","twitter_card":"summary_large_image","twitter_misc":{"Escrito por":"Paulo Custodio","Est. tempo de leitura":"5 minutos"},"schema":{"@context":"https:\/\/schema.org","@graph":[{"@type":"WebPage","@id":"https:\/\/www.correiobraziliense.com.br\/cbradar\/uma-planta-pendente-que-vai-bem-em-apartamento-exige-pouca-agua-e-ajuda-a-decorar-a-sala-qual-e-e-por-que-virou-queridinha\/","url":"https:\/\/www.correiobraziliense.com.br\/cbradar\/uma-planta-pendente-que-vai-bem-em-apartamento-exige-pouca-agua-e-ajuda-a-decorar-a-sala-qual-e-e-por-que-virou-queridinha\/","name":"Uma planta pendente que vai bem em apartamento: exige pouca \u00e1gua e ajuda a decorar a sala, qual \u00e9 e por que virou queridinha - Correio Braziliense - Radar","isPartOf":{"@id":"https:\/\/www.correiobraziliense.com.br\/cbradar\/#website"},"primaryImageOfPage":{"@id":"https:\/\/www.correiobraziliense.com.br\/cbradar\/uma-planta-pendente-que-vai-bem-em-apartamento-exige-pouca-agua-e-ajuda-a-decorar-a-sala-qual-e-e-por-que-virou-queridinha\/#primaryimage"},"image":{"@id":"https:\/\/www.correiobraziliense.com.br\/cbradar\/uma-planta-pendente-que-vai-bem-em-apartamento-exige-pouca-agua-e-ajuda-a-decorar-a-sala-qual-e-e-por-que-virou-queridinha\/#primaryimage"},"thumbnailUrl":"https:\/\/www.correiobraziliense.com.br\/cbradar\/wp-content\/uploads\/2026\/05\/IMAGEM_720p_1777599194230.jpg","datePublished":"2026-05-02T01:55:00+00:00","author":{"@id":"https:\/\/www.correiobraziliense.com.br\/cbradar\/#\/schema\/person\/4cec7857301a9a1a2ef249893cd908d3"},"description":"Quer uma planta pendente que sobrevive em apartamento mesmo com pouca \u00e1gua e sem luz direta? A jiboia \u00e9 a escolha certeira para decorar sem dor de cabe\u00e7a.","breadcrumb":{"@id":"https:\/\/www.correiobraziliense.com.br\/cbradar\/uma-planta-pendente-que-vai-bem-em-apartamento-exige-pouca-agua-e-ajuda-a-decorar-a-sala-qual-e-e-por-que-virou-queridinha\/#breadcrumb"},"inLanguage":"pt-BR","potentialAction":[{"@type":"ReadAction","target":["https:\/\/www.correiobraziliense.com.br\/cbradar\/uma-planta-pendente-que-vai-bem-em-apartamento-exige-pouca-agua-e-ajuda-a-decorar-a-sala-qual-e-e-por-que-virou-queridinha\/"]}]},{"@type":"ImageObject","inLanguage":"pt-BR","@id":"https:\/\/www.correiobraziliense.com.br\/cbradar\/uma-planta-pendente-que-vai-bem-em-apartamento-exige-pouca-agua-e-ajuda-a-decorar-a-sala-qual-e-e-por-que-virou-queridinha\/#primaryimage","url":"https:\/\/www.correiobraziliense.com.br\/cbradar\/wp-content\/uploads\/2026\/05\/IMAGEM_720p_1777599194230.jpg","contentUrl":"https:\/\/www.correiobraziliense.com.br\/cbradar\/wp-content\/uploads\/2026\/05\/IMAGEM_720p_1777599194230.jpg","width":1280,"height":720,"caption":"A jiboia como a planta pendente ideal para apartamentos"},{"@type":"BreadcrumbList","@id":"https:\/\/www.correiobraziliense.com.br\/cbradar\/uma-planta-pendente-que-vai-bem-em-apartamento-exige-pouca-agua-e-ajuda-a-decorar-a-sala-qual-e-e-por-que-virou-queridinha\/#breadcrumb","itemListElement":[{"@type":"ListItem","position":1,"name":"In\u00edcio","item":"https:\/\/www.correiobraziliense.com.br\/cbradar\/"},{"@type":"ListItem","position":2,"name":"Uma planta pendente que vai bem em apartamento: exige pouca \u00e1gua e ajuda a decorar a sala, qual \u00e9 e por que virou queridinha"}]},{"@type":"WebSite","@id":"https:\/\/www.correiobraziliense.com.br\/cbradar\/#website","url":"https:\/\/www.correiobraziliense.com.br\/cbradar\/","name":"Correio Braziliense - Radar","description":"Acompanhe as \u00faltimas not\u00edcias e fique bem informado sobre tudo o que acontece no Brasil e no mundo.","potentialAction":[{"@type":"SearchAction","target":{"@type":"EntryPoint","urlTemplate":"https:\/\/www.correiobraziliense.com.br\/cbradar\/?s={search_term_string}"},"query-input":{"@type":"PropertyValueSpecification","valueRequired":true,"valueName":"search_term_string"}}],"inLanguage":"pt-BR"},{"@type":"Person","@id":"https:\/\/www.correiobraziliense.com.br\/cbradar\/#\/schema\/person\/4cec7857301a9a1a2ef249893cd908d3","name":"Paulo Custodio","image":{"@type":"ImageObject","inLanguage":"pt-BR","@id":"https:\/\/www.correiobraziliense.com.br\/cbradar\/#\/schema\/person\/image\/","url":"https:\/\/secure.gravatar.com\/avatar\/bcd67168d1534e8fcf4f45c726a87cea?s=96&d=mm&r=g","contentUrl":"https:\/\/secure.gravatar.com\/avatar\/bcd67168d1534e8fcf4f45c726a87cea?s=96&d=mm&r=g","caption":"Paulo Custodio"},"sameAs":["https:\/\/www.correiobraziliense.com.br\/cbradar"],"url":"https:\/\/www.correiobraziliense.com.br\/cbradar\/author\/paulomyth\/"}]}},"_links":{"self":[{"href":"https:\/\/www.correiobraziliense.com.br\/cbradar\/wp-json\/wp\/v2\/posts\/234597","targetHints":{"allow":["GET"]}}],"collection":[{"href":"https:\/\/www.correiobraziliense.com.br\/cbradar\/wp-json\/wp\/v2\/posts"}],"about":[{"href":"https:\/\/www.correiobraziliense.com.br\/cbradar\/wp-json\/wp\/v2\/types\/post"}],"author":[{"embeddable":true,"href":"https:\/\/www.correiobraziliense.com.br\/cbradar\/wp-json\/wp\/v2\/users\/11"}],"replies":[{"embeddable":true,"href":"https:\/\/www.correiobraziliense.com.br\/cbradar\/wp-json\/wp\/v2\/comments?post=234597"}],"version-history":[{"count":1,"href":"https:\/\/www.correiobraziliense.com.br\/cbradar\/wp-json\/wp\/v2\/posts\/234597\/revisions"}],"predecessor-version":[{"id":234610,"href":"https:\/\/www.correiobraziliense.com.br\/cbradar\/wp-json\/wp\/v2\/posts\/234597\/revisions\/234610"}],"wp:featuredmedia":[{"embeddable":true,"href":"https:\/\/www.correiobraziliense.com.br\/cbradar\/wp-json\/wp\/v2\/media\/235090"}],"wp:attachment":[{"href":"https:\/\/www.correiobraziliense.com.br\/cbradar\/wp-json\/wp\/v2\/media?parent=234597"}],"wp:term":[{"taxonomy":"category","embeddable":true,"href":"https:\/\/www.correiobraziliense.com.br\/cbradar\/wp-json\/wp\/v2\/categories?post=234597"},{"taxonomy":"post_tag","embeddable":true,"href":"https:\/\/www.correiobraziliense.com.br\/cbradar\/wp-json\/wp\/v2\/tags?post=234597"}],"curies":[{"name":"wp","href":"https:\/\/api.w.org\/{rel}","templated":true}]}}