{"id":234612,"date":"2026-05-01T02:00:00","date_gmt":"2026-05-01T05:00:00","guid":{"rendered":"https:\/\/www.correiobraziliense.com.br\/cbradar\/?p=234612"},"modified":"2026-04-30T10:40:27","modified_gmt":"2026-04-30T13:40:27","slug":"a-psicologia-diz-que-a-parte-mais-dificil-de-cuidar-de-um-pai-doente-nao-e-a-rotina-e-perceber-que-voce-nunca-desliga-de-verdade","status":"publish","type":"post","link":"https:\/\/www.correiobraziliense.com.br\/cbradar\/a-psicologia-diz-que-a-parte-mais-dificil-de-cuidar-de-um-pai-doente-nao-e-a-rotina-e-perceber-que-voce-nunca-desliga-de-verdade\/","title":{"rendered":"A psicologia diz que a parte mais dif\u00edcil de cuidar de um pai doente n\u00e3o \u00e9 a rotina, \u00e9 perceber que voc\u00ea nunca desliga de verdade"},"content":{"rendered":"\n<p>Cuidar de um progenitor enfermo exige muito mais do que apenas gerenciar medicamentos ou consultas m\u00e9dicas di\u00e1rias. O maior desgaste psicol\u00f3gico reside na sensa\u00e7\u00e3o de alerta constante, impedindo que o cuidador consiga descansar verdadeiramente a mente. Entender esse fardo invis\u00edvel ajuda a buscar estrat\u00e9gias que preservem a sa\u00fade mental de quem oferece suporte.<\/p>\n\n\n\n<h2 class=\"wp-block-heading\">Por que o estado de alerta constante afeta tanto a sa\u00fade do cuidador?<\/h2>\n\n\n\n<p>O c\u00e9rebro de quem cuida permanece em um ciclo de vigil\u00e2ncia ininterrupta, monitorando cada som ou movimento suspeito. Esse fen\u00f4meno gera um estresse cr\u00f4nico que desgasta o sistema nervoso, impedindo o relaxamento profundo necess\u00e1rio para a recupera\u00e7\u00e3o f\u00edsica. A sensa\u00e7\u00e3o de que algo ruim pode acontecer a qualquer momento mant\u00e9m os n\u00edveis de adrenalina perigosamente elevados.<\/p>\n\n\n\n<p>A exaust\u00e3o emocional ultrapassa o cansa\u00e7o do trabalho manual quando a mente nunca desliga durante as tarefas cotidianas. Essa carga mental acumulada interfere diretamente no humor, na paci\u00eancia e at\u00e9 na capacidade de tomar decis\u00f5es r\u00e1pidas em emerg\u00eancias. Priorizar momentos de desconex\u00e3o total torna-se uma <strong>medida de sobreviv\u00eancia essencial<\/strong> para manter o equil\u00edbrio emocional durante esse processo.<\/p>\n\n\n\n<figure class=\"wp-block-image size-full\"><img decoding=\"async\" width=\"1280\" height=\"720\" src=\"https:\/\/www.correiobraziliense.com.br\/cbradar\/wp-content\/uploads\/2026\/05\/Gemini_Generated_Image_8o096g8o096g8o09-1-1.png\" alt=\"A psicologia diz que a parte mais dif\u00edcil de cuidar de um pai doente n\u00e3o \u00e9 a rotina, \u00e9 perceber que voc\u00ea nunca desliga de verdade\" class=\"wp-image-234634\" srcset=\"https:\/\/www.correiobraziliense.com.br\/cbradar\/wp-content\/uploads\/2026\/05\/Gemini_Generated_Image_8o096g8o096g8o09-1-1.png 1280w, https:\/\/www.correiobraziliense.com.br\/cbradar\/wp-content\/uploads\/2026\/05\/Gemini_Generated_Image_8o096g8o096g8o09-1-1-300x169.png 300w, https:\/\/www.correiobraziliense.com.br\/cbradar\/wp-content\/uploads\/2026\/05\/Gemini_Generated_Image_8o096g8o096g8o09-1-1-768x432.png 768w, https:\/\/www.correiobraziliense.com.br\/cbradar\/wp-content\/uploads\/2026\/05\/Gemini_Generated_Image_8o096g8o096g8o09-1-1-750x422.png 750w, https:\/\/www.correiobraziliense.com.br\/cbradar\/wp-content\/uploads\/2026\/05\/Gemini_Generated_Image_8o096g8o096g8o09-1-1-1140x641.png 1140w\" sizes=\"(max-width: 1280px) 100vw, 1280px\" \/><figcaption class=\"wp-element-caption\">Quando cuidar de quem voc\u00ea ama come\u00e7a a consumir sua pr\u00f3pria energia emocional<\/figcaption><\/figure>\n\n\n\n<h2 class=\"wp-block-heading\">Como equilibrar a vida pessoal sem sentir a culpa do abandono emocional?<\/h2>\n\n\n\n<p>Muitos cuidadores sentem que desfrutar de momentos de lazer \u00e9 uma forma de neglig\u00eancia com o pai que est\u00e1 sofrendo. Essa culpa paralisa a pessoa, fazendo com que ela abandone seus pr\u00f3prios sonhos e necessidades b\u00e1sicas de bem-estar. \u00c9 fundamental compreender que estar bem consigo mesmo \u00e9 o requisito principal para oferecer um cuidado de alta qualidade.<\/p>\n\n\n\n<p>Estabelecer limites claros entre o papel de filho e o papel de cuidador t\u00e9cnico ajuda a aliviar a press\u00e3o interna constante. Delegar tarefas simples a outros familiares ou profissionais de sa\u00fade permite que o cuidador recupere sua identidade individual gradualmente. A manuten\u00e7\u00e3o de uma rede de apoio s\u00f3lida evita o isolamento social e protege contra o desenvolvimento de depress\u00e3o.<\/p>\n\n\n\n<h2 class=\"wp-block-heading\">Quais atitudes pr\u00e1ticas ajudam a aliviar a carga mental no dia a dia?<\/h2>\n\n\n\n<p>Organizar a rotina de cuidados de forma estruturada reduz a incerteza e o medo de esquecer obriga\u00e7\u00f5es vitais para o enfermo. O uso de ferramentas digitais ou agendas f\u00edsicas permite que a mente se liberte do peso de armazenar todos os detalhes t\u00e9cnicos. Pequenas pausas programadas durante o dia s\u00e3o fundamentais para restaurar a clareza mental e a disposi\u00e7\u00e3o.<\/p>\n\n\n\n<p>Para gerenciar melhor o estresse e manter o vigor psicol\u00f3gico, considere implementar as seguintes a\u00e7\u00f5es estrat\u00e9gicas:<\/p>\n\n\n\n<ul class=\"wp-block-list\">\n<li>Praticar t\u00e9cnicas de respira\u00e7\u00e3o guiada para acalmar o sistema nervoso central.<\/li>\n\n\n\n<li>Manter uma rotina de sono regular para evitar a fadiga cognitiva severa.<\/li>\n\n\n\n<li>Participar de grupos de apoio para compartilhar experi\u00eancias com outros cuidadores.<\/li>\n\n\n\n<li>Reservar ao menos vinte minutos di\u00e1rios para uma atividade puramente pessoal.<\/li>\n<\/ul>\n\n\n\n<h2 class=\"wp-block-heading\">De que forma a invers\u00e3o de pap\u00e9is impacta a mente dos filhos adultos?<\/h2>\n\n\n\n<p>Ver o her\u00f3i da inf\u00e2ncia em uma posi\u00e7\u00e3o de vulnerabilidade extrema gera um luto antecipado muito dif\u00edcil de processar sozinho. Essa invers\u00e3o de pap\u00e9is exige uma adapta\u00e7\u00e3o psicol\u00f3gica r\u00e1pida que nem todos est\u00e3o preparados para enfrentar no cotidiano. O filho precisa aprender a acolher a fragilidade dos pais enquanto lida com suas pr\u00f3prias frustra\u00e7\u00f5es e medos.<\/p>\n\n\n\n<p>A aceita\u00e7\u00e3o da nova realidade \u00e9 um processo lento que requer autocompaix\u00e3o e muita paci\u00eancia com os pr\u00f3prios limites humanos. Ignorar a dor emocional apenas intensifica o sofrimento e pode levar \u00e0 <strong>s\u00edndrome de burnout do cuidador<\/strong> em pouco tempo. Buscar aux\u00edlio profissional especializado em gerontologia ajuda a navegar por essas \u00e1guas turbulentas com maior seguran\u00e7a e equil\u00edbrio.<\/p>\n\n\n\n<figure class=\"wp-block-image size-full\"><img decoding=\"async\" width=\"1280\" height=\"720\" src=\"https:\/\/www.correiobraziliense.com.br\/cbradar\/wp-content\/uploads\/2026\/05\/Gemini_Generated_Image_57ynk457ynk457yn-1-1.png\" alt=\"A psicologia diz que a parte mais dif\u00edcil de cuidar de um pai doente n\u00e3o \u00e9 a rotina, \u00e9 perceber que voc\u00ea nunca desliga de verdade\" class=\"wp-image-234631\" srcset=\"https:\/\/www.correiobraziliense.com.br\/cbradar\/wp-content\/uploads\/2026\/05\/Gemini_Generated_Image_57ynk457ynk457yn-1-1.png 1280w, https:\/\/www.correiobraziliense.com.br\/cbradar\/wp-content\/uploads\/2026\/05\/Gemini_Generated_Image_57ynk457ynk457yn-1-1-300x169.png 300w, https:\/\/www.correiobraziliense.com.br\/cbradar\/wp-content\/uploads\/2026\/05\/Gemini_Generated_Image_57ynk457ynk457yn-1-1-768x432.png 768w, https:\/\/www.correiobraziliense.com.br\/cbradar\/wp-content\/uploads\/2026\/05\/Gemini_Generated_Image_57ynk457ynk457yn-1-1-750x422.png 750w, https:\/\/www.correiobraziliense.com.br\/cbradar\/wp-content\/uploads\/2026\/05\/Gemini_Generated_Image_57ynk457ynk457yn-1-1-1140x641.png 1140w\" sizes=\"(max-width: 1280px) 100vw, 1280px\" \/><figcaption class=\"wp-element-caption\">Quando cuidar de quem voc\u00ea ama come\u00e7a a consumir sua pr\u00f3pria energia emocional<\/figcaption><\/figure>\n\n\n\n<h2 class=\"wp-block-heading\">O que a ci\u00eancia diz sobre os efeitos do estresse prolongado no cuidador?<\/h2>\n\n\n\n<p>A ci\u00eancia moderna alerta que o impacto do estresse do cuidador pode ser t\u00e3o severo quanto a pr\u00f3pria doen\u00e7a do paciente. \u00c9 vital que as pol\u00edticas de sa\u00fade p\u00fablica incluam suporte psicol\u00f3gico direto para as <strong><a href=\"https:\/\/www.correiobraziliense.com.br\/cbradar\/familias-modernas-tem-mais-acesso-do-que-nunca-a-pesquisas-sobre-tempo-de-tela-atencao-e-saude-mental-infantil-mas-vivem-mais-conflitos-dentro-de-casa-por-causa-do-celular-e-do-tablet-e-o-ponto-cen\/\" target=\"_blank\" rel=\"noreferrer noopener\">fam\u00edlias <\/a><\/strong>que enfrentam doen\u00e7as cr\u00f4nicas ou degenerativas. O reconhecimento dessa demanda invis\u00edvel \u00e9 o primeiro passo para garantir que o cuidado seja humanizado e sustent\u00e1vel.<\/p>\n\n\n\n<p>Segundo a <strong>National Institute on Aging<\/strong>, \u00e9 imperativo que o cuidador fa\u00e7a check-ups regulares para monitorar sua pr\u00f3pria sa\u00fade f\u00edsica e mental constantemente. Ignorar sinais de fadiga extrema pode comprometer a seguran\u00e7a do idoso e a integridade de quem presta o aux\u00edlio. Obtenha orienta\u00e7\u00f5es detalhadas sobre como gerenciar o <a href=\"https:\/\/www.nia.nih.gov\/health\/caregiving\/taking-care-yourself-tips-caregivers\" target=\"_blank\" rel=\"noreferrer noopener\">estresse do cuidador<\/a> diretamente no portal oficial do \u00f3rg\u00e3o de sa\u00fade.<\/p>\n","protected":false},"excerpt":{"rendered":"<p>Cuidar de um progenitor enfermo exige muito mais do que apenas gerenciar medicamentos ou consultas m\u00e9dicas di\u00e1rias. O maior desgaste psicol\u00f3gico reside na sensa\u00e7\u00e3o de alerta constante, impedindo que o cuidador consiga descansar verdadeiramente a mente. Entender esse fardo invis\u00edvel ajuda a buscar estrat\u00e9gias que preservem a sa\u00fade mental de quem oferece suporte. Por que [&hellip;]<\/p>\n","protected":false},"author":21,"featured_media":234628,"comment_status":"open","ping_status":"open","sticky":false,"template":"","format":"standard","meta":{"_yoast_wpseo_focuskw":"estresse mental do cuidador familiar","_yoast_wpseo_title":"","_yoast_wpseo_metadesc":"Cuidar de um pai doente esgota mais pela mente do que pelo corpo. O alerta constante corr\u00f3i o equil\u00edbrio emocional e afeta decis\u00f5es di\u00e1rias.","jnews-multi-image_gallery":[],"jnews_single_post":{"format":"standard"},"jnews_primary_category":[],"jnews_social_meta":[],"jnews_override_counter":[],"footnotes":""},"categories":[112],"tags":[206,8463,404,405],"class_list":["post-234612","post","type-post","status-publish","format-standard","has-post-thumbnail","hentry","category-curiosidades","tag-familia","tag-pai","tag-psicologia","tag-saude-mental"],"yoast_head":"<!-- This site is optimized with the Yoast SEO plugin v24.6 - https:\/\/yoast.com\/wordpress\/plugins\/seo\/ -->\n<title>A psicologia diz que a parte mais dif\u00edcil de cuidar de um pai doente n\u00e3o \u00e9 a rotina, \u00e9 perceber que voc\u00ea nunca desliga de verdade - Correio Braziliense - Radar<\/title>\n<meta name=\"description\" content=\"Cuidar de um pai doente esgota mais pela mente do que pelo corpo. O alerta constante corr\u00f3i o equil\u00edbrio emocional e afeta decis\u00f5es di\u00e1rias.\" \/>\n<meta name=\"robots\" content=\"index, follow, max-snippet:-1, max-image-preview:large, max-video-preview:-1\" \/>\n<link rel=\"canonical\" href=\"https:\/\/www.correiobraziliense.com.br\/cbradar\/a-psicologia-diz-que-a-parte-mais-dificil-de-cuidar-de-um-pai-doente-nao-e-a-rotina-e-perceber-que-voce-nunca-desliga-de-verdade\/\" \/>\n<meta property=\"og:locale\" content=\"pt_BR\" \/>\n<meta property=\"og:type\" content=\"article\" \/>\n<meta property=\"og:title\" content=\"A psicologia diz que a parte mais dif\u00edcil de cuidar de um pai doente n\u00e3o \u00e9 a rotina, \u00e9 perceber que voc\u00ea nunca desliga de verdade - Correio Braziliense - Radar\" \/>\n<meta property=\"og:description\" content=\"Cuidar de um pai doente esgota mais pela mente do que pelo corpo. O alerta constante corr\u00f3i o equil\u00edbrio emocional e afeta decis\u00f5es di\u00e1rias.\" \/>\n<meta property=\"og:url\" content=\"https:\/\/www.correiobraziliense.com.br\/cbradar\/a-psicologia-diz-que-a-parte-mais-dificil-de-cuidar-de-um-pai-doente-nao-e-a-rotina-e-perceber-que-voce-nunca-desliga-de-verdade\/\" \/>\n<meta property=\"og:site_name\" content=\"Correio Braziliense - Radar\" \/>\n<meta property=\"article:published_time\" content=\"2026-05-01T05:00:00+00:00\" \/>\n<meta property=\"og:image\" content=\"https:\/\/www.correiobraziliense.com.br\/cbradar\/wp-content\/uploads\/2026\/04\/Gemini_Generated_Image_dv2ph8dv2ph8dv2p-1-1.png\" \/>\n\t<meta property=\"og:image:width\" content=\"1280\" \/>\n\t<meta property=\"og:image:height\" content=\"720\" \/>\n\t<meta property=\"og:image:type\" content=\"image\/png\" \/>\n<meta name=\"author\" content=\"Patrick Silva\" \/>\n<meta name=\"twitter:card\" content=\"summary_large_image\" \/>\n<meta name=\"twitter:label1\" content=\"Escrito por\" \/>\n\t<meta name=\"twitter:data1\" content=\"Patrick Silva\" \/>\n\t<meta name=\"twitter:label2\" content=\"Est. tempo de leitura\" \/>\n\t<meta name=\"twitter:data2\" content=\"5 minutos\" \/>\n<!-- \/ Yoast SEO plugin. -->","yoast_head_json":{"title":"A psicologia diz que a parte mais dif\u00edcil de cuidar de um pai doente n\u00e3o \u00e9 a rotina, \u00e9 perceber que voc\u00ea nunca desliga de verdade - Correio Braziliense - Radar","description":"Cuidar de um pai doente esgota mais pela mente do que pelo corpo. O alerta constante corr\u00f3i o equil\u00edbrio emocional e afeta decis\u00f5es di\u00e1rias.","robots":{"index":"index","follow":"follow","max-snippet":"max-snippet:-1","max-image-preview":"max-image-preview:large","max-video-preview":"max-video-preview:-1"},"canonical":"https:\/\/www.correiobraziliense.com.br\/cbradar\/a-psicologia-diz-que-a-parte-mais-dificil-de-cuidar-de-um-pai-doente-nao-e-a-rotina-e-perceber-que-voce-nunca-desliga-de-verdade\/","og_locale":"pt_BR","og_type":"article","og_title":"A psicologia diz que a parte mais dif\u00edcil de cuidar de um pai doente n\u00e3o \u00e9 a rotina, \u00e9 perceber que voc\u00ea nunca desliga de verdade - Correio Braziliense - Radar","og_description":"Cuidar de um pai doente esgota mais pela mente do que pelo corpo. O alerta constante corr\u00f3i o equil\u00edbrio emocional e afeta decis\u00f5es di\u00e1rias.","og_url":"https:\/\/www.correiobraziliense.com.br\/cbradar\/a-psicologia-diz-que-a-parte-mais-dificil-de-cuidar-de-um-pai-doente-nao-e-a-rotina-e-perceber-que-voce-nunca-desliga-de-verdade\/","og_site_name":"Correio Braziliense - Radar","article_published_time":"2026-05-01T05:00:00+00:00","og_image":[{"width":1280,"height":720,"url":"https:\/\/www.correiobraziliense.com.br\/cbradar\/wp-content\/uploads\/2026\/04\/Gemini_Generated_Image_dv2ph8dv2ph8dv2p-1-1.png","type":"image\/png"}],"author":"Patrick Silva","twitter_card":"summary_large_image","twitter_misc":{"Escrito por":"Patrick Silva","Est. tempo de leitura":"5 minutos"},"schema":{"@context":"https:\/\/schema.org","@graph":[{"@type":"WebPage","@id":"https:\/\/www.correiobraziliense.com.br\/cbradar\/a-psicologia-diz-que-a-parte-mais-dificil-de-cuidar-de-um-pai-doente-nao-e-a-rotina-e-perceber-que-voce-nunca-desliga-de-verdade\/","url":"https:\/\/www.correiobraziliense.com.br\/cbradar\/a-psicologia-diz-que-a-parte-mais-dificil-de-cuidar-de-um-pai-doente-nao-e-a-rotina-e-perceber-que-voce-nunca-desliga-de-verdade\/","name":"A psicologia diz que a parte mais dif\u00edcil de cuidar de um pai doente n\u00e3o \u00e9 a rotina, \u00e9 perceber que voc\u00ea nunca desliga de verdade - Correio Braziliense - Radar","isPartOf":{"@id":"https:\/\/www.correiobraziliense.com.br\/cbradar\/#website"},"primaryImageOfPage":{"@id":"https:\/\/www.correiobraziliense.com.br\/cbradar\/a-psicologia-diz-que-a-parte-mais-dificil-de-cuidar-de-um-pai-doente-nao-e-a-rotina-e-perceber-que-voce-nunca-desliga-de-verdade\/#primaryimage"},"image":{"@id":"https:\/\/www.correiobraziliense.com.br\/cbradar\/a-psicologia-diz-que-a-parte-mais-dificil-de-cuidar-de-um-pai-doente-nao-e-a-rotina-e-perceber-que-voce-nunca-desliga-de-verdade\/#primaryimage"},"thumbnailUrl":"https:\/\/www.correiobraziliense.com.br\/cbradar\/wp-content\/uploads\/2026\/04\/Gemini_Generated_Image_dv2ph8dv2ph8dv2p-1-1.png","datePublished":"2026-05-01T05:00:00+00:00","author":{"@id":"https:\/\/www.correiobraziliense.com.br\/cbradar\/#\/schema\/person\/5440b72be9c7eb74f446c846479dc4da"},"description":"Cuidar de um pai doente esgota mais pela mente do que pelo corpo. O alerta constante corr\u00f3i o equil\u00edbrio emocional e afeta decis\u00f5es di\u00e1rias.","breadcrumb":{"@id":"https:\/\/www.correiobraziliense.com.br\/cbradar\/a-psicologia-diz-que-a-parte-mais-dificil-de-cuidar-de-um-pai-doente-nao-e-a-rotina-e-perceber-que-voce-nunca-desliga-de-verdade\/#breadcrumb"},"inLanguage":"pt-BR","potentialAction":[{"@type":"ReadAction","target":["https:\/\/www.correiobraziliense.com.br\/cbradar\/a-psicologia-diz-que-a-parte-mais-dificil-de-cuidar-de-um-pai-doente-nao-e-a-rotina-e-perceber-que-voce-nunca-desliga-de-verdade\/"]}]},{"@type":"ImageObject","inLanguage":"pt-BR","@id":"https:\/\/www.correiobraziliense.com.br\/cbradar\/a-psicologia-diz-que-a-parte-mais-dificil-de-cuidar-de-um-pai-doente-nao-e-a-rotina-e-perceber-que-voce-nunca-desliga-de-verdade\/#primaryimage","url":"https:\/\/www.correiobraziliense.com.br\/cbradar\/wp-content\/uploads\/2026\/04\/Gemini_Generated_Image_dv2ph8dv2ph8dv2p-1-1.png","contentUrl":"https:\/\/www.correiobraziliense.com.br\/cbradar\/wp-content\/uploads\/2026\/04\/Gemini_Generated_Image_dv2ph8dv2ph8dv2p-1-1.png","width":1280,"height":720,"caption":"Quando cuidar de quem voc\u00ea ama come\u00e7a a consumir sua pr\u00f3pria energia emocional"},{"@type":"BreadcrumbList","@id":"https:\/\/www.correiobraziliense.com.br\/cbradar\/a-psicologia-diz-que-a-parte-mais-dificil-de-cuidar-de-um-pai-doente-nao-e-a-rotina-e-perceber-que-voce-nunca-desliga-de-verdade\/#breadcrumb","itemListElement":[{"@type":"ListItem","position":1,"name":"In\u00edcio","item":"https:\/\/www.correiobraziliense.com.br\/cbradar\/"},{"@type":"ListItem","position":2,"name":"A psicologia diz que a parte mais dif\u00edcil de cuidar de um pai doente n\u00e3o \u00e9 a rotina, \u00e9 perceber que voc\u00ea nunca desliga de verdade"}]},{"@type":"WebSite","@id":"https:\/\/www.correiobraziliense.com.br\/cbradar\/#website","url":"https:\/\/www.correiobraziliense.com.br\/cbradar\/","name":"Correio Braziliense - Radar","description":"Acompanhe as \u00faltimas not\u00edcias e fique bem informado sobre tudo o que acontece no Brasil e no mundo.","potentialAction":[{"@type":"SearchAction","target":{"@type":"EntryPoint","urlTemplate":"https:\/\/www.correiobraziliense.com.br\/cbradar\/?s={search_term_string}"},"query-input":{"@type":"PropertyValueSpecification","valueRequired":true,"valueName":"search_term_string"}}],"inLanguage":"pt-BR"},{"@type":"Person","@id":"https:\/\/www.correiobraziliense.com.br\/cbradar\/#\/schema\/person\/5440b72be9c7eb74f446c846479dc4da","name":"Patrick Silva","image":{"@type":"ImageObject","inLanguage":"pt-BR","@id":"https:\/\/www.correiobraziliense.com.br\/cbradar\/#\/schema\/person\/image\/","url":"https:\/\/secure.gravatar.com\/avatar\/944109df296fc087785c9715fd5f80b2?s=96&d=mm&r=g","contentUrl":"https:\/\/secure.gravatar.com\/avatar\/944109df296fc087785c9715fd5f80b2?s=96&d=mm&r=g","caption":"Patrick Silva"},"sameAs":["https:\/\/www.correiobraziliense.com.br\/cbradar\/"],"url":"https:\/\/www.correiobraziliense.com.br\/cbradar\/author\/patrick-silva\/"}]}},"_links":{"self":[{"href":"https:\/\/www.correiobraziliense.com.br\/cbradar\/wp-json\/wp\/v2\/posts\/234612","targetHints":{"allow":["GET"]}}],"collection":[{"href":"https:\/\/www.correiobraziliense.com.br\/cbradar\/wp-json\/wp\/v2\/posts"}],"about":[{"href":"https:\/\/www.correiobraziliense.com.br\/cbradar\/wp-json\/wp\/v2\/types\/post"}],"author":[{"embeddable":true,"href":"https:\/\/www.correiobraziliense.com.br\/cbradar\/wp-json\/wp\/v2\/users\/21"}],"replies":[{"embeddable":true,"href":"https:\/\/www.correiobraziliense.com.br\/cbradar\/wp-json\/wp\/v2\/comments?post=234612"}],"version-history":[{"count":3,"href":"https:\/\/www.correiobraziliense.com.br\/cbradar\/wp-json\/wp\/v2\/posts\/234612\/revisions"}],"predecessor-version":[{"id":234636,"href":"https:\/\/www.correiobraziliense.com.br\/cbradar\/wp-json\/wp\/v2\/posts\/234612\/revisions\/234636"}],"wp:featuredmedia":[{"embeddable":true,"href":"https:\/\/www.correiobraziliense.com.br\/cbradar\/wp-json\/wp\/v2\/media\/234628"}],"wp:attachment":[{"href":"https:\/\/www.correiobraziliense.com.br\/cbradar\/wp-json\/wp\/v2\/media?parent=234612"}],"wp:term":[{"taxonomy":"category","embeddable":true,"href":"https:\/\/www.correiobraziliense.com.br\/cbradar\/wp-json\/wp\/v2\/categories?post=234612"},{"taxonomy":"post_tag","embeddable":true,"href":"https:\/\/www.correiobraziliense.com.br\/cbradar\/wp-json\/wp\/v2\/tags?post=234612"}],"curies":[{"name":"wp","href":"https:\/\/api.w.org\/{rel}","templated":true}]}}