{"id":234646,"date":"2026-04-30T19:15:00","date_gmt":"2026-04-30T22:15:00","guid":{"rendered":"https:\/\/www.correiobraziliense.com.br\/cbradar\/?p=234646"},"modified":"2026-04-30T16:43:46","modified_gmt":"2026-04-30T19:43:46","slug":"um-paraiso-brasileiro-reune-uma-maravilha-da-natureza-e-a-2a-maior-hidreletrica-do-mundo-em-um-so-lugar","status":"publish","type":"post","link":"https:\/\/www.correiobraziliense.com.br\/cbradar\/um-paraiso-brasileiro-reune-uma-maravilha-da-natureza-e-a-2a-maior-hidreletrica-do-mundo-em-um-so-lugar\/","title":{"rendered":"Um para\u00edso brasileiro re\u00fane uma Maravilha da Natureza e a 2\u00aa maior hidrel\u00e9trica do mundo em um s\u00f3 lugar"},"content":{"rendered":"\n<p>Em <strong>Foz do Igua\u00e7u<\/strong>, no extremo oeste do <strong>Paran\u00e1<\/strong>, dois colossos dividem o mesmo horizonte: as cerca de 275 quedas das <strong>Cataratas<\/strong> e os 196 metros de altura da barragem de <strong>Itaipu<\/strong>, na fronteira com <strong>Argentina<\/strong> e <strong>Paraguai<\/strong>.<\/p>\n\n\n\n<h2 class=\"wp-block-heading\">Por que as Cataratas s\u00e3o uma Maravilha do Mundo?<\/h2>\n\n\n\n<p>O t\u00edtulo oficial veio em 11 de novembro de 2011, quando as quedas foram eleitas uma das <strong>Sete Maravilhas Mundiais da Natureza<\/strong> em vota\u00e7\u00e3o internacional. Antes disso, em 1986, a <strong>UNESCO<\/strong> j\u00e1 havia reconhecido o <strong>Parque Nacional do Igua\u00e7u<\/strong> como Patrim\u00f4nio Mundial Natural.<\/p>\n\n\n\n<p>A unidade foi criada em 10 de janeiro de 1939, pelo ent\u00e3o presidente <strong>Get\u00falio Vargas<\/strong>, e protege uma das maiores reservas de Mata Atl\u00e2ntica preservada do <strong>Brasil<\/strong>. Em 2025, o <a href=\"https:\/\/cataratasdoiguacu.com.br\/\" target=\"_blank\" rel=\"noreferrer noopener\"><strong>Parque Nacional do Igua\u00e7u<\/strong><\/a> recebeu mais de 2 milh\u00f5es de visitantes, recorde hist\u00f3rico da unidade.<\/p>\n\n\n<div class=\"wp-block-image\">\n<figure class=\"aligncenter size-large\"><img decoding=\"async\" width=\"1024\" height=\"576\" src=\"https:\/\/www.correiobraziliense.com.br\/cbradar\/wp-content\/uploads\/2025\/02\/Foz-do-Iguacu-brasil_1739513244430-1024x576.jpg\" alt=\"Eleita uma das 7 Maravilhas do Mundo, o para\u00edso fica na fronteira do Brasil e impressiona pela for\u00e7a das \u00e1guas\" class=\"wp-image-2636\" srcset=\"https:\/\/www.correiobraziliense.com.br\/cbradar\/wp-content\/uploads\/2025\/02\/Foz-do-Iguacu-brasil_1739513244430-1024x576.jpg 1024w, https:\/\/www.correiobraziliense.com.br\/cbradar\/wp-content\/uploads\/2025\/02\/Foz-do-Iguacu-brasil_1739513244430-300x169.jpg 300w, https:\/\/www.correiobraziliense.com.br\/cbradar\/wp-content\/uploads\/2025\/02\/Foz-do-Iguacu-brasil_1739513244430-768x432.jpg 768w, https:\/\/www.correiobraziliense.com.br\/cbradar\/wp-content\/uploads\/2025\/02\/Foz-do-Iguacu-brasil_1739513244430-750x422.jpg 750w, https:\/\/www.correiobraziliense.com.br\/cbradar\/wp-content\/uploads\/2025\/02\/Foz-do-Iguacu-brasil_1739513244430-1140x641.jpg 1140w, https:\/\/www.correiobraziliense.com.br\/cbradar\/wp-content\/uploads\/2025\/02\/Foz-do-Iguacu-brasil_1739513244430.jpg 1280w\" sizes=\"(max-width: 1024px) 100vw, 1024px\" \/><figcaption class=\"wp-element-caption\">Foz do Igua\u00e7u segue entre os destinos mais visitados do Brasil, unindo ecoturismo e desenvolvimento sustent\u00e1vel. \/\/ Cr\u00e9ditos: depositphotos.com \/ shinylion<\/figcaption><\/figure><\/div>\n\n\n<h2 class=\"wp-block-heading\">O lado brasileiro e o argentino: como aproveitar os dois?<\/h2>\n\n\n\n<p><strong>Os dois parques mostram a mesma maravilha por \u00e2ngulos opostos.<\/strong> O lado brasileiro entrega a vista panor\u00e2mica e o argentino leva o visitante at\u00e9 a borda das quedas pelas passarelas da Garganta do Diabo.<\/p>\n\n\n\n<ul class=\"wp-block-list\">\n<li><strong>Trilha das Cataratas<\/strong>: 1,2 km no lado brasileiro com mirantes, passarela final e elevador panor\u00e2mico, fim de tarde rendendo as melhores fotos.<\/li>\n\n\n\n<li><strong>Garganta do Diabo<\/strong>: queda mais imponente do conjunto, com cerca de 80 m de altura, observada de cima pelo lado argentino.<\/li>\n\n\n\n<li><strong>Macuco Safari<\/strong>: passeio de bote que entra no leito do rio e leva os visitantes para baixo das quedas.<\/li>\n\n\n\n<li><strong>Amanhecer nas Cataratas<\/strong>: experi\u00eancia exclusiva no lado brasileiro \u00e0s ter\u00e7as, quintas e s\u00e1bados, com caf\u00e9 da manh\u00e3 no Restaurante Porto Canoas.<\/li>\n<\/ul>\n\n\n\n<h2 class=\"wp-block-heading\">Itaipu, o outro gigante de \u00e1gua da fronteira<\/h2>\n\n\n\n<p>Com 196 metros no ponto mais alto, equivalente a um pr\u00e9dio de 65 andares, a <a href=\"https:\/\/turismoitaipu.com.br\/\" target=\"_blank\" rel=\"noreferrer noopener\"><strong>Itaipu Binacional<\/strong><\/a> foi durante 21 anos a maior hidrel\u00e9trica do mundo. Hoje ocupa a segunda posi\u00e7\u00e3o em pot\u00eancia instalada, atr\u00e1s da chinesa Tr\u00eas Gargantas, e segue l\u00edder mundial em gera\u00e7\u00e3o acumulada de energia limpa.<\/p>\n\n\n\n<p>O <strong>Itaipu Panor\u00e2mica<\/strong> percorre a \u00e1rea externa em \u00f4nibus de dois andares, passa pela avenida dos condutos for\u00e7ados e leva ao Mirante Central. Para uma experi\u00eancia mais t\u00e9cnica, o <strong>Itaipu Especial<\/strong> entra na sala de comando e desce de elevador at\u00e9 a cota 92, onde se ouve o rugido das turbinas. O <strong>Itaipu Iluminada<\/strong>, \u00e0s sextas e s\u00e1bados, transforma a barragem em espet\u00e1culo de luz e som.<\/p>\n\n\n\n<p>Planejar uma viagem para a tr\u00edplice fronteira exige roteiros estrat\u00e9gicos. O v\u00eddeo \u00e9 do canal <strong>Fabi Cassol | Minha Praia Viajar<\/strong>, com <strong>263 mil inscritos<\/strong>, detalhando passeios e custos em Foz do Igua\u00e7u. <strong>Fabi Cassol<\/strong> \u00e9 autoridade.<\/p>\n\n\n\n<figure class=\"wp-block-embed aligncenter is-type-video is-provider-youtube wp-block-embed-youtube wp-embed-aspect-16-9 wp-has-aspect-ratio\"><div class=\"wp-block-embed__wrapper\">\n<div class=\"jeg_video_container jeg_video_content\"><iframe loading=\"lazy\" title=\"FOZ DO IGUA\u00c7U 2025: ROTEIRO COMPLETO COM PRE\u00c7OS | O QUE FAZER | COMO ECONOMIZAR | MELHORES PASSEIOS\" width=\"500\" height=\"281\" src=\"https:\/\/www.youtube.com\/embed\/6btA-rZxdfM?feature=oembed\" frameborder=\"0\" allow=\"accelerometer; autoplay; clipboard-write; encrypted-media; gyroscope; picture-in-picture; web-share\" referrerpolicy=\"strict-origin-when-cross-origin\" allowfullscreen><\/iframe><\/div>\n<\/div><\/figure>\n\n\n\n<h2 class=\"wp-block-heading\">Quais atra\u00e7\u00f5es culturais valem al\u00e9m das \u00e1guas?<\/h2>\n\n\n\n<p>Cidade de fronteira, Foz re\u00fane mesquitas, templos e mirantes que mostram outra face do destino. As dist\u00e2ncias entre os pontos s\u00e3o curtas, todas dentro de um raio de 20 km do centro.<\/p>\n\n\n\n<ul class=\"wp-block-list\">\n<li><strong>Marco das Tr\u00eas Fronteiras<\/strong>: obelisco no encontro dos rios Igua\u00e7u e Paran\u00e1, com vista para os tr\u00eas pa\u00edses e apresenta\u00e7\u00f5es culturais ao entardecer.<\/li>\n\n\n\n<li><strong>Parque das Aves<\/strong>: santu\u00e1rio com mais de 1.300 aves de cerca de 150 esp\u00e9cies, vizinho \u00e0 entrada do Parque Nacional.<\/li>\n\n\n\n<li><strong>Templo Budista Chen Tien<\/strong>: constru\u00eddo em 1996 pela comunidade chinesa local, com 120 est\u00e1tuas e Buda de 7 metros.<\/li>\n\n\n\n<li><strong>Mesquita Omar Ibn Al-Khattab<\/strong>: uma das maiores do <strong>Brasil<\/strong>, s\u00edmbolo da forte presen\u00e7a \u00e1rabe na cidade.<\/li>\n\n\n\n<li><strong>Yup Star<\/strong>: roda-gigante de 88 m pr\u00f3xima ao Marco, vista de 360\u00b0 da tr\u00edplice fronteira.<\/li>\n<\/ul>\n\n\n\n<h2 class=\"wp-block-heading\">Onde a mistura cultural vira sabor na cidade<\/h2>\n\n\n\n<p>Foz come como vive: misturando bandeiras. O card\u00e1pio de um \u00fanico dia pode passar por esfiha \u00e1rabe, parrilla argentina e churrasco ga\u00facho.<\/p>\n\n\n\n<ul class=\"wp-block-list\">\n<li><strong>Esfiha e quibe<\/strong>: heran\u00e7as da forte comunidade libanesa, servidas em padarias e restaurantes do centro.<\/li>\n\n\n\n<li><strong>Parrilla argentina<\/strong>: cortes finos como bife de chorizo e provoleta, f\u00e1ceis de encontrar com travessia para <strong>Puerto Iguaz\u00fa<\/strong>.<\/li>\n\n\n\n<li><strong>Sopa paraguaia<\/strong>: bolo salgado de fub\u00e1 com queijo e cebola, prato t\u00edpico do vizinho que ganhou as mesas locais.<\/li>\n\n\n\n<li><strong>Surubi e dourado<\/strong>: peixes do rio Paran\u00e1 servidos grelhados nos restaurantes da orla.<\/li>\n<\/ul>\n\n\n\n<p><strong>Leia tamb\u00e9m: <a href=\"https:\/\/www.correiobraziliense.com.br\/cbradar\/os-movimentos-que-mais-ajudam-quem-passa-o-dia-sentado-a-destravar-o-corpo-e-sentir-menos-peso-nas-costas-ao-longo-da-rotina\/\" target=\"_blank\" rel=\"noreferrer noopener\">Os movimentos que mais ajudam quem passa o dia sentado a destravar o corpo e sentir menos peso nas costas ao longo da rotina.<\/a><\/strong><\/p>\n\n\n\n<figure class=\"wp-block-image aligncenter size-large\"><img decoding=\"async\" width=\"1024\" height=\"576\" src=\"https:\/\/www.correiobraziliense.com.br\/cbradar\/wp-content\/uploads\/2025\/04\/brasil-paraguai_1743646621272-1024x576.jpg\" alt=\"A cidade do Brasil que surpreende turistas por guardar uma das maravilhas naturais do planeta\" class=\"wp-image-18699\" srcset=\"https:\/\/www.correiobraziliense.com.br\/cbradar\/wp-content\/uploads\/2025\/04\/brasil-paraguai_1743646621272-1024x576.jpg 1024w, https:\/\/www.correiobraziliense.com.br\/cbradar\/wp-content\/uploads\/2025\/04\/brasil-paraguai_1743646621272-300x169.jpg 300w, https:\/\/www.correiobraziliense.com.br\/cbradar\/wp-content\/uploads\/2025\/04\/brasil-paraguai_1743646621272-768x432.jpg 768w, https:\/\/www.correiobraziliense.com.br\/cbradar\/wp-content\/uploads\/2025\/04\/brasil-paraguai_1743646621272-750x422.jpg 750w, https:\/\/www.correiobraziliense.com.br\/cbradar\/wp-content\/uploads\/2025\/04\/brasil-paraguai_1743646621272-1140x641.jpg 1140w, https:\/\/www.correiobraziliense.com.br\/cbradar\/wp-content\/uploads\/2025\/04\/brasil-paraguai_1743646621272.jpg 1280w\" sizes=\"(max-width: 1024px) 100vw, 1024px\" \/><figcaption class=\"wp-element-caption\">Foz do Igua\u00e7u \u00e9 onde a for\u00e7a da natureza encontra o melhor da hospitalidade brasileira.\n \/\/ Cr\u00e9ditos: depositphotos.com \/ contato@caciomurilo.com.br<\/figcaption><\/figure>\n\n\n\n<h2 class=\"wp-block-heading\">Quando ir: clima, vaz\u00e3o e melhor temporada<\/h2>\n\n\n\n<p>O clima subtropical garante visita\u00e7\u00e3o o ano inteiro, com chuvas distribu\u00eddas e calor forte no ver\u00e3o. O volume das quedas muda de cara conforme a esta\u00e7\u00e3o.<\/p>\n\n\n\n<style>\n  \/* --- CONTAINER BLINDADO (PADR\u00c3O REGISTRADO) --- *\/\n  .clima-grid-final {\n    font-family: -apple-system, BlinkMacSystemFont, \"Segoe UI\", Roboto, Arial, sans-serif !important;\n    width: 100% !important;\n    max-width: 1200px !important;\n    margin: 20px auto !important;\n    display: grid !important;\n    \/* FOR\u00c7A 4 COLUNAS NO DESKTOP PARA AS 4 ESTA\u00c7\u00d5ES *\/\n    grid-template-columns: repeat(4, 1fr) !important; \n    gap: 15px !important;\n    box-sizing: border-box !important;\n  }\n\n  .clima-grid-final * {\n    box-sizing: border-box !important;\n  }\n\n  \/* --- BLINDAGEM CONTRA ADS E PLUGINS INTRUSOS --- *\/\n  .clima-grid-final > :not(.card-clima) {\n    display: none !important;\n    width: 0 !important;\n    height: 0 !important;\n    opacity: 0 !important;\n  }\n\n  \/* --- CARD PADR\u00c3O (FUNDO BRANCO) --- *\/\n  .card-clima {\n    background: #ffffff !important;\n    border: 1px solid #e0e0e0 !important;\n    border-radius: 20px !important;\n    padding: 20px 10px !important;\n    text-align: center !important;\n    display: flex !important;\n    flex-direction: column !important;\n    align-items: center !important;\n    box-shadow: 0 4px 10px rgba(0, 0, 0, 0.05) !important;\n    min-width: 0 !important; \n    transition: transform 0.2s ease !important;\n    overflow: hidden !important;\n    height: 100% !important;\n  }\n\n  .card-clima:hover {\n    transform: translateY(-5px) !important;\n    border-color: #000000 !important;\n  }\n\n  \/* --- CONTE\u00daDO --- *\/\n  .estacao-nome { \n    font-size: 14px !important; \n    font-weight: 800 !important; \n    color: #000000 !important; \n    text-transform: uppercase !important; \n    margin: 0 0 5px 0 !important; \n  }\n  \n  .estacao-meses { \n    font-size: 10px !important; \n    font-weight: 700 !important; \n    color: #444444 !important; \n    text-transform: uppercase !important; \n    margin-bottom: 15px !important; \n    display: block !important;\n  }\n  \n  .temp-valor { \n    font-size: 24px !important; \n    font-weight: 800 !important; \n    color: #000000 !important; \n    line-height: 1.1 !important; \n    margin: 0 !important;\n  }\n  \n  .temp-label { \n    font-size: 9px !important; \n    font-weight: 600 !important; \n    color: #777777 !important; \n    text-transform: uppercase !important; \n    margin-bottom: 15px !important; \n    display: block !important;\n  }\n  \n  .clima-desc { \n    font-size: 12px !important; \n    line-height: 1.4 !important; \n    color: #333333 !important; \n    margin-bottom: 15px !important; \n    flex-grow: 1 !important; \n  }\n\n  .tag-status {\n    background-color: #f5f5f5 !important;\n    border: 1px solid #d0d0d0 !important;\n    color: #000000 !important;\n    padding: 5px 12px !important;\n    border-radius: 20px !important;\n    font-size: 9px !important;\n    font-weight: 800 !important;\n    text-transform: uppercase !important;\n    margin-top: auto !important;\n  }\n\n  \/* --- RESPONSIVIDADE --- *\/\n  @media (max-width: 800px) {\n    .clima-grid-final {\n      grid-template-columns: 1fr !important; \n    }\n    .card-clima {\n      padding: 25px 20px !important;\n    }\n  }\n<\/style>\n\n<div class=\"google-auto-ads-ignore clima-grid-final\">\n  \n  <!-- VER\u00c3O -->\n  <div class=\"card-clima\">\n    <div class=\"estacao-nome\">\u2600\ufe0f Ver\u00e3o<\/div>\n    <span class=\"estacao-meses\">Dez &#8211; Fev<\/span>\n    <div class=\"temp-valor\">22-33\u00b0C<\/div>\n    <span class=\"temp-label\">Temperatura<\/span>\n    <div class=\"clima-desc\">Prepare-se para o calor intenso e a <b>vaz\u00e3o m\u00e1xima das Cataratas<\/b>, impulsionada pelo per\u00edodo de chuvas altas.<\/div>\n    <div class=\"tag-status\">\ud83c\udf0a Cataratas Cheias<\/div>\n  <\/div>\n\n  <!-- OUTONO -->\n  <div class=\"card-clima\">\n    <div class=\"estacao-nome\">\ud83c\udf42 Outono<\/div>\n    <span class=\"estacao-meses\">Mar &#8211; Mai<\/span>\n    <div class=\"temp-valor\">17-28\u00b0C<\/div>\n    <span class=\"temp-label\">Temperatura<\/span>\n    <div class=\"clima-desc\">\u00c9 o momento ideal para explorar as <b>trilhas e Itaipu sem multid\u00e3o<\/b>, aproveitando temperaturas mais amenas.<\/div>\n    <div class=\"tag-status\">\ud83d\udcf8 Tranquilidade<\/div>\n  <\/div>\n\n  <!-- INVERNO -->\n  <div class=\"card-clima\">\n    <div class=\"estacao-nome\">\ud83e\udde3 Inverno<\/div>\n    <span class=\"estacao-meses\">Jun &#8211; Ago<\/span>\n    <div class=\"temp-valor\">10-22\u00b0C<\/div>\n    <span class=\"temp-label\">Temperatura<\/span>\n    <div class=\"clima-desc\">A esta\u00e7\u00e3o oferece <b>dias secos e fotografia mais n\u00edtida<\/b> das quedas d&#8217;\u00e1gua, com clima fresco e pouca chuva.<\/div>\n    <div class=\"tag-status\">\u2744\ufe0f C\u00e9u Limpo<\/div>\n  <\/div>\n\n  <!-- PRIMAVERA -->\n  <div class=\"card-clima\">\n    <div class=\"estacao-nome\">\ud83c\udf38 Primavera<\/div>\n    <span class=\"estacao-meses\">Set &#8211; Nov<\/span>\n    <div class=\"temp-valor\">15-29\u00b0C<\/div>\n    <span class=\"temp-label\">Temperatura<\/span>\n    <div class=\"clima-desc\">Per\u00edodo vibrante para visitar o <b>Parque das Aves e o Marco das Tr\u00eas Fronteiras<\/b> enquanto a natureza floresce.<\/div>\n    <div class=\"tag-status\">\ud83e\udd9c Natureza<\/div>\n  <\/div>\n\n<\/div>\n\n\n\n<p><em>Temperaturas aproximadas com base no <a href=\"https:\/\/www.climatempo.com.br\/previsao-do-tempo\/cidade\/272\/fozdoiguacu-pr\" target=\"_blank\" rel=\"noreferrer noopener\"><strong>Climatempo<\/strong><\/a>. Condi\u00e7\u00f5es podem variar.<\/em><\/p>\n\n\n\n<h2 class=\"wp-block-heading\">Como chegar a Foz do Igua\u00e7u?<\/h2>\n\n\n\n<p>O <strong>Aeroporto Internacional Cataratas<\/strong> fica a 15 km do centro e a poucos minutos do Parque Nacional, com voos diretos das principais capitais. Quem vai de carro chega de <strong>Curitiba<\/strong> pela <strong>BR-277<\/strong>, em cerca de 637 km. <strong>Ciudad del Este<\/strong> est\u00e1 a 7 km pela Ponte da Amizade e <strong>Puerto Iguaz\u00fa<\/strong> a 18 km pela Ponte Tancredo Neves.<\/p>\n\n\n\n<h2 class=\"wp-block-heading\">Sinta de perto a tr\u00edplice fronteira<\/h2>\n\n\n\n<p>Foz do Igua\u00e7u re\u00fane em pouqu\u00edssimos quil\u00f4metros uma das maiores maravilhas da natureza, uma das maiores obras de engenharia do planeta e uma mistura cultural dif\u00edcil de achar em outro lugar do <strong>Brasil<\/strong>. \u00c9 o tipo de destino em que cada dia entrega uma paisagem completamente diferente.<\/p>\n\n\n\n<p>Voc\u00ea precisa conhecer Foz do Igua\u00e7u e sentir o respingo das Cataratas no rosto enquanto a Garganta do Diabo ruge a poucos metros de dist\u00e2ncia.<\/p>\n","protected":false},"excerpt":{"rendered":"<p>Em Foz do Igua\u00e7u, no extremo oeste do Paran\u00e1, dois colossos dividem o mesmo horizonte: as cerca de 275 quedas das Cataratas e os 196 metros de altura da barragem de Itaipu, na fronteira com Argentina e Paraguai. Por que as Cataratas s\u00e3o uma Maravilha do Mundo? O t\u00edtulo oficial veio em 11 de novembro [&hellip;]<\/p>\n","protected":false},"author":8,"featured_media":63823,"comment_status":"open","ping_status":"open","sticky":false,"template":"","format":"standard","meta":{"_yoast_wpseo_focuskw":"Maravilha Natural","_yoast_wpseo_title":"","_yoast_wpseo_metadesc":"Entre natureza e engenharia, esse para\u00edso combina uma Maravilha Natural com a 2\u00aa maior hidrel\u00e9trica do mundo.","jnews-multi-image_gallery":[],"jnews_single_post":{"format":"standard"},"jnews_primary_category":[],"jnews_social_meta":[],"jnews_override_counter":[],"footnotes":""},"categories":[1],"tags":[679,664],"class_list":["post-234646","post","type-post","status-publish","format-standard","has-post-thumbnail","hentry","category-uncategorized","tag-foz-do-iguacu","tag-parana"],"yoast_head":"<!-- This site is optimized with the Yoast SEO plugin v24.6 - https:\/\/yoast.com\/wordpress\/plugins\/seo\/ -->\n<title>Um para\u00edso brasileiro re\u00fane uma Maravilha da Natureza e a 2\u00aa maior hidrel\u00e9trica do mundo em um s\u00f3 lugar - Correio Braziliense - Radar<\/title>\n<meta name=\"description\" content=\"Entre natureza e engenharia, esse para\u00edso combina uma Maravilha Natural com a 2\u00aa maior hidrel\u00e9trica do mundo.\" \/>\n<meta name=\"robots\" content=\"index, follow, max-snippet:-1, max-image-preview:large, max-video-preview:-1\" \/>\n<link rel=\"canonical\" href=\"https:\/\/www.correiobraziliense.com.br\/cbradar\/um-paraiso-brasileiro-reune-uma-maravilha-da-natureza-e-a-2a-maior-hidreletrica-do-mundo-em-um-so-lugar\/\" \/>\n<meta property=\"og:locale\" content=\"pt_BR\" \/>\n<meta property=\"og:type\" content=\"article\" \/>\n<meta property=\"og:title\" content=\"Um para\u00edso brasileiro re\u00fane uma Maravilha da Natureza e a 2\u00aa maior hidrel\u00e9trica do mundo em um s\u00f3 lugar - Correio Braziliense - Radar\" \/>\n<meta property=\"og:description\" content=\"Entre natureza e engenharia, esse para\u00edso combina uma Maravilha Natural com a 2\u00aa maior hidrel\u00e9trica do mundo.\" \/>\n<meta property=\"og:url\" content=\"https:\/\/www.correiobraziliense.com.br\/cbradar\/um-paraiso-brasileiro-reune-uma-maravilha-da-natureza-e-a-2a-maior-hidreletrica-do-mundo-em-um-so-lugar\/\" \/>\n<meta property=\"og:site_name\" content=\"Correio Braziliense - Radar\" \/>\n<meta property=\"article:published_time\" content=\"2026-04-30T22:15:00+00:00\" \/>\n<meta property=\"og:image\" content=\"https:\/\/www.correiobraziliense.com.br\/cbradar\/wp-content\/uploads\/2025\/07\/foz-do-iguacu_1751513214009.jpg\" \/>\n\t<meta property=\"og:image:width\" content=\"1280\" \/>\n\t<meta property=\"og:image:height\" content=\"720\" \/>\n\t<meta property=\"og:image:type\" content=\"image\/jpeg\" \/>\n<meta name=\"author\" content=\"Maura Pereira\" \/>\n<meta name=\"twitter:card\" content=\"summary_large_image\" \/>\n<meta name=\"twitter:label1\" content=\"Escrito por\" \/>\n\t<meta name=\"twitter:data1\" content=\"Maura Pereira\" \/>\n\t<meta name=\"twitter:label2\" content=\"Est. tempo de leitura\" \/>\n\t<meta name=\"twitter:data2\" content=\"7 minutos\" \/>\n<!-- \/ Yoast SEO plugin. -->","yoast_head_json":{"title":"Um para\u00edso brasileiro re\u00fane uma Maravilha da Natureza e a 2\u00aa maior hidrel\u00e9trica do mundo em um s\u00f3 lugar - Correio Braziliense - Radar","description":"Entre natureza e engenharia, esse para\u00edso combina uma Maravilha Natural com a 2\u00aa maior hidrel\u00e9trica do mundo.","robots":{"index":"index","follow":"follow","max-snippet":"max-snippet:-1","max-image-preview":"max-image-preview:large","max-video-preview":"max-video-preview:-1"},"canonical":"https:\/\/www.correiobraziliense.com.br\/cbradar\/um-paraiso-brasileiro-reune-uma-maravilha-da-natureza-e-a-2a-maior-hidreletrica-do-mundo-em-um-so-lugar\/","og_locale":"pt_BR","og_type":"article","og_title":"Um para\u00edso brasileiro re\u00fane uma Maravilha da Natureza e a 2\u00aa maior hidrel\u00e9trica do mundo em um s\u00f3 lugar - Correio Braziliense - Radar","og_description":"Entre natureza e engenharia, esse para\u00edso combina uma Maravilha Natural com a 2\u00aa maior hidrel\u00e9trica do mundo.","og_url":"https:\/\/www.correiobraziliense.com.br\/cbradar\/um-paraiso-brasileiro-reune-uma-maravilha-da-natureza-e-a-2a-maior-hidreletrica-do-mundo-em-um-so-lugar\/","og_site_name":"Correio Braziliense - Radar","article_published_time":"2026-04-30T22:15:00+00:00","og_image":[{"width":1280,"height":720,"url":"https:\/\/www.correiobraziliense.com.br\/cbradar\/wp-content\/uploads\/2025\/07\/foz-do-iguacu_1751513214009.jpg","type":"image\/jpeg"}],"author":"Maura Pereira","twitter_card":"summary_large_image","twitter_misc":{"Escrito por":"Maura Pereira","Est. tempo de leitura":"7 minutos"},"schema":{"@context":"https:\/\/schema.org","@graph":[{"@type":"WebPage","@id":"https:\/\/www.correiobraziliense.com.br\/cbradar\/um-paraiso-brasileiro-reune-uma-maravilha-da-natureza-e-a-2a-maior-hidreletrica-do-mundo-em-um-so-lugar\/","url":"https:\/\/www.correiobraziliense.com.br\/cbradar\/um-paraiso-brasileiro-reune-uma-maravilha-da-natureza-e-a-2a-maior-hidreletrica-do-mundo-em-um-so-lugar\/","name":"Um para\u00edso brasileiro re\u00fane uma Maravilha da Natureza e a 2\u00aa maior hidrel\u00e9trica do mundo em um s\u00f3 lugar - Correio Braziliense - Radar","isPartOf":{"@id":"https:\/\/www.correiobraziliense.com.br\/cbradar\/#website"},"primaryImageOfPage":{"@id":"https:\/\/www.correiobraziliense.com.br\/cbradar\/um-paraiso-brasileiro-reune-uma-maravilha-da-natureza-e-a-2a-maior-hidreletrica-do-mundo-em-um-so-lugar\/#primaryimage"},"image":{"@id":"https:\/\/www.correiobraziliense.com.br\/cbradar\/um-paraiso-brasileiro-reune-uma-maravilha-da-natureza-e-a-2a-maior-hidreletrica-do-mundo-em-um-so-lugar\/#primaryimage"},"thumbnailUrl":"https:\/\/www.correiobraziliense.com.br\/cbradar\/wp-content\/uploads\/2025\/07\/foz-do-iguacu_1751513214009.jpg","datePublished":"2026-04-30T22:15:00+00:00","author":{"@id":"https:\/\/www.correiobraziliense.com.br\/cbradar\/#\/schema\/person\/4053c651a9bfc785afc6f4cbc9032fd3"},"description":"Entre natureza e engenharia, esse para\u00edso combina uma Maravilha Natural com a 2\u00aa maior hidrel\u00e9trica do mundo.","breadcrumb":{"@id":"https:\/\/www.correiobraziliense.com.br\/cbradar\/um-paraiso-brasileiro-reune-uma-maravilha-da-natureza-e-a-2a-maior-hidreletrica-do-mundo-em-um-so-lugar\/#breadcrumb"},"inLanguage":"pt-BR","potentialAction":[{"@type":"ReadAction","target":["https:\/\/www.correiobraziliense.com.br\/cbradar\/um-paraiso-brasileiro-reune-uma-maravilha-da-natureza-e-a-2a-maior-hidreletrica-do-mundo-em-um-so-lugar\/"]}]},{"@type":"ImageObject","inLanguage":"pt-BR","@id":"https:\/\/www.correiobraziliense.com.br\/cbradar\/um-paraiso-brasileiro-reune-uma-maravilha-da-natureza-e-a-2a-maior-hidreletrica-do-mundo-em-um-so-lugar\/#primaryimage","url":"https:\/\/www.correiobraziliense.com.br\/cbradar\/wp-content\/uploads\/2025\/07\/foz-do-iguacu_1751513214009.jpg","contentUrl":"https:\/\/www.correiobraziliense.com.br\/cbradar\/wp-content\/uploads\/2025\/07\/foz-do-iguacu_1751513214009.jpg","width":1280,"height":720,"caption":"Foz do Igua\u00e7u, no Paran\u00e1, \u00e9 famosa pelas Cataratas e por sua import\u00e2ncia tur\u00edstica e energ\u00e9tica no Brasil. \/\/ Cr\u00e9ditos: depositphotos.com \/ ivo@theeditors.nl"},{"@type":"BreadcrumbList","@id":"https:\/\/www.correiobraziliense.com.br\/cbradar\/um-paraiso-brasileiro-reune-uma-maravilha-da-natureza-e-a-2a-maior-hidreletrica-do-mundo-em-um-so-lugar\/#breadcrumb","itemListElement":[{"@type":"ListItem","position":1,"name":"In\u00edcio","item":"https:\/\/www.correiobraziliense.com.br\/cbradar\/"},{"@type":"ListItem","position":2,"name":"Um para\u00edso brasileiro re\u00fane uma Maravilha da Natureza e a 2\u00aa maior hidrel\u00e9trica do mundo em um s\u00f3 lugar"}]},{"@type":"WebSite","@id":"https:\/\/www.correiobraziliense.com.br\/cbradar\/#website","url":"https:\/\/www.correiobraziliense.com.br\/cbradar\/","name":"Correio Braziliense - Radar","description":"Acompanhe as \u00faltimas not\u00edcias e fique bem informado sobre tudo o que acontece no Brasil e no mundo.","potentialAction":[{"@type":"SearchAction","target":{"@type":"EntryPoint","urlTemplate":"https:\/\/www.correiobraziliense.com.br\/cbradar\/?s={search_term_string}"},"query-input":{"@type":"PropertyValueSpecification","valueRequired":true,"valueName":"search_term_string"}}],"inLanguage":"pt-BR"},{"@type":"Person","@id":"https:\/\/www.correiobraziliense.com.br\/cbradar\/#\/schema\/person\/4053c651a9bfc785afc6f4cbc9032fd3","name":"Maura Pereira","image":{"@type":"ImageObject","inLanguage":"pt-BR","@id":"https:\/\/www.correiobraziliense.com.br\/cbradar\/#\/schema\/person\/image\/","url":"https:\/\/secure.gravatar.com\/avatar\/3effd6bdadfa447f15089c7f7144eaa6?s=96&d=mm&r=g","contentUrl":"https:\/\/secure.gravatar.com\/avatar\/3effd6bdadfa447f15089c7f7144eaa6?s=96&d=mm&r=g","caption":"Maura Pereira"},"sameAs":["https:\/\/www.correiobraziliense.com.br\/"],"url":"https:\/\/www.correiobraziliense.com.br\/cbradar\/author\/mauramyth\/"}]}},"_links":{"self":[{"href":"https:\/\/www.correiobraziliense.com.br\/cbradar\/wp-json\/wp\/v2\/posts\/234646","targetHints":{"allow":["GET"]}}],"collection":[{"href":"https:\/\/www.correiobraziliense.com.br\/cbradar\/wp-json\/wp\/v2\/posts"}],"about":[{"href":"https:\/\/www.correiobraziliense.com.br\/cbradar\/wp-json\/wp\/v2\/types\/post"}],"author":[{"embeddable":true,"href":"https:\/\/www.correiobraziliense.com.br\/cbradar\/wp-json\/wp\/v2\/users\/8"}],"replies":[{"embeddable":true,"href":"https:\/\/www.correiobraziliense.com.br\/cbradar\/wp-json\/wp\/v2\/comments?post=234646"}],"version-history":[{"count":9,"href":"https:\/\/www.correiobraziliense.com.br\/cbradar\/wp-json\/wp\/v2\/posts\/234646\/revisions"}],"predecessor-version":[{"id":234903,"href":"https:\/\/www.correiobraziliense.com.br\/cbradar\/wp-json\/wp\/v2\/posts\/234646\/revisions\/234903"}],"wp:featuredmedia":[{"embeddable":true,"href":"https:\/\/www.correiobraziliense.com.br\/cbradar\/wp-json\/wp\/v2\/media\/63823"}],"wp:attachment":[{"href":"https:\/\/www.correiobraziliense.com.br\/cbradar\/wp-json\/wp\/v2\/media?parent=234646"}],"wp:term":[{"taxonomy":"category","embeddable":true,"href":"https:\/\/www.correiobraziliense.com.br\/cbradar\/wp-json\/wp\/v2\/categories?post=234646"},{"taxonomy":"post_tag","embeddable":true,"href":"https:\/\/www.correiobraziliense.com.br\/cbradar\/wp-json\/wp\/v2\/tags?post=234646"}],"curies":[{"name":"wp","href":"https:\/\/api.w.org\/{rel}","templated":true}]}}